{"id":3367674,"date":"2022-08-23T22:44:36","date_gmt":"2022-08-23T21:44:36","guid":{"rendered":"https:\/\/kapitalis.com\/tunisie\/?p=3367674"},"modified":"2022-08-23T22:44:38","modified_gmt":"2022-08-23T21:44:38","slug":"parant-reaffirme-a-jerandi-la-disponibilite-de-la-france-a-soutenir-les-reformes-economiques-tunisiennes","status":"publish","type":"post","link":"https:\/\/kapitalis.com\/tunisie\/2022\/08\/23\/parant-reaffirme-a-jerandi-la-disponibilite-de-la-france-a-soutenir-les-reformes-economiques-tunisiennes\/","title":{"rendered":"Parant r\u00e9affirme \u00e0 Jerandi \u00abla disponibilit\u00e9 de la France \u00e0 soutenir les r\u00e9formes \u00e9conomiques tunisiennes\u00bb"},"content":{"rendered":"\n<p><em><strong>Dans un communiqu\u00e9 publi\u00e9, ce mardi 23 ao\u00fbt 2022, l&rsquo;ambassade de France est revenue sur la rencontre organis\u00e9e, ce jour, entre l&rsquo;ambassadeur Andr\u00e9 Parant et le ministre tunisien des Affaires \u00e9trang\u00e8res, de la Migration et des Tunisiens \u00e0 l&rsquo;\u00e9tranger Othman Jerandi.<\/strong><\/em><\/p>\n\n\n\n<!--more-->\n\n\n\n<p>Tout en \u00e9voquant une entretien fructueux , l&rsquo;ambassade a indiqu\u00e9 que la rencontre a permis d&rsquo;aborder diff\u00e9rents sujets, notamment la coop\u00e9ration bilat\u00e9rale franco-tunisienne ainsi que la pr\u00e9paration du Sommet de la Francophonie pr\u00e9vu les 19 et 20 novembre \u00e0 Djerba.<\/p>\n\n\n\n<p>La m\u00eame source a \u00e9galement indiqu\u00e9 que l&rsquo;ambassadeur a soulign\u00e9 la n\u00e9cessit\u00e9 d\u2019un dialogue inclusif dans le processus institutionnel, tout en r\u00e9affirmant la disponibilit\u00e9 de la France \u00e0 soutenir les r\u00e9formes \u00e9conomiques tunisiennes ainsi que son appui \u00e0 la Tunisie face aux cons\u00e9quences de la guerre en Ukraine.<\/p>\n\n\n\n<p class=\"has-text-align-right\"><strong>Y. N.<\/strong><\/p>\n\n\n\n<figure class=\"wp-block-embed is-type-wp-embed is-provider-kapitalis wp-block-embed-kapitalis\"><div class=\"wp-block-embed__wrapper\">\n<blockquote class=\"wp-embedded-content\" data-secret=\"gExOwrr5lV\"><a href=\"https:\/\/kapitalis.com\/tunisie\/2022\/08\/23\/tunisie-le-sommet-de-la-francophonie-au-coeur-dune-rencontre-entre-andre-parant-et-othman-jerandi\/\">Tunisie : Le Sommet de la Francophonie au c\u0153ur d&rsquo;une rencontre entre Andr\u00e9 Parant et Othman Jerandi<\/a><\/blockquote><iframe loading=\"lazy\" class=\"wp-embedded-content\" sandbox=\"allow-scripts\" security=\"restricted\" style=\"position: absolute; clip: rect(1px, 1px, 1px, 1px);\" title=\"\u00ab\u00a0Tunisie : Le Sommet de la Francophonie au c\u0153ur d&rsquo;une rencontre entre Andr\u00e9 Parant et Othman Jerandi\u00a0\u00bb &#8212; Kapitalis\" src=\"https:\/\/kapitalis.com\/tunisie\/2022\/08\/23\/tunisie-le-sommet-de-la-francophonie-au-coeur-dune-rencontre-entre-andre-parant-et-othman-jerandi\/embed\/#?secret=FlBkSjXhqu#?secret=gExOwrr5lV\" data-secret=\"gExOwrr5lV\" width=\"600\" height=\"338\" frameborder=\"0\" marginwidth=\"0\" marginheight=\"0\" scrolling=\"no\"><\/iframe>\n<\/div><\/figure>\n","protected":false},"excerpt":{"rendered":"<p>Parant r\u00e9affirme \u00e0 Jerandi \u00abla disponibilit\u00e9 de la France \u00e0 soutenir les r\u00e9formes \u00e9conomiques tunisiennes\u00bb<\/p>\n","protected":false},"author":6,"featured_media":3368584,"comment_status":"open","ping_status":"open","sticky":false,"template":"","format":"standard","meta":{"footnotes":""},"categories":[997,2433],"tags":[66,1704,81251,395,84906,102258,62643],"class_list":["post-3367674","post","type-post","status-publish","format-standard","has-post-thumbnail","hentry","category-politique","category-tunisie","tag-ambassade","tag-ambassadeur","tag-andre-parant","tag-france","tag-jerandi","tag-sommet-francophonie","tag-tunisie"],"yoast_head":"<!-- This site is optimized with the Yoast SEO plugin v26.6 - https:\/\/yoast.com\/wordpress\/plugins\/seo\/ -->\n<title>Parant r\u00e9affirme \u00e0 Jerandi \u00abla disponibilit\u00e9 de la France \u00e0 soutenir les r\u00e9formes \u00e9conomiques tunisiennes\u00bb - Kapitalis<\/title>\n<meta name=\"description\" content=\"Dans un communiqu\u00e9 publi\u00e9, ce mardi 23 ao\u00fbt 2022, l&#039;ambassade de France est revenue sur la rencontre organis\u00e9e, ce jour, entre l&#039;ambassadeur Andr\u00e9 Parant et le ministre tunisien des Affaires \u00e9trang\u00e8res, de la Migration et des Tunisiens \u00e0 l&#039;\u00e9tranger Othman Jerandi.\" \/>\n<meta name=\"robots\" content=\"index, follow, max-snippet:-1, max-image-preview:large, max-video-preview:-1\" \/>\n<link rel=\"canonical\" href=\"https:\/\/kapitalis.com\/tunisie\/2022\/08\/23\/parant-reaffirme-a-jerandi-la-disponibilite-de-la-france-a-soutenir-les-reformes-economiques-tunisiennes\/\" \/>\n<meta property=\"og:locale\" content=\"fr_FR\" \/>\n<meta property=\"og:type\" content=\"article\" \/>\n<meta property=\"og:title\" content=\"Parant r\u00e9affirme \u00e0 Jerandi \u00abla disponibilit\u00e9 de la France \u00e0 soutenir les r\u00e9formes \u00e9conomiques tunisiennes\u00bb - Kapitalis\" \/>\n<meta property=\"og:description\" content=\"Dans un communiqu\u00e9 publi\u00e9, ce mardi 23 ao\u00fbt 2022, l&#039;ambassade de France est revenue sur la rencontre organis\u00e9e, ce jour, entre l&#039;ambassadeur Andr\u00e9 Parant et le ministre tunisien des Affaires \u00e9trang\u00e8res, de la Migration et des Tunisiens \u00e0 l&#039;\u00e9tranger Othman Jerandi.\" \/>\n<meta property=\"og:url\" content=\"https:\/\/kapitalis.com\/tunisie\/2022\/08\/23\/parant-reaffirme-a-jerandi-la-disponibilite-de-la-france-a-soutenir-les-reformes-economiques-tunisiennes\/\" \/>\n<meta property=\"og:site_name\" content=\"Kapitalis\" \/>\n<meta property=\"article:publisher\" content=\"https:\/\/www.facebook.com\/KapitalisInfo\/\" \/>\n<meta property=\"article:published_time\" content=\"2022-08-23T21:44:36+00:00\" \/>\n<meta property=\"article:modified_time\" content=\"2022-08-23T21:44:38+00:00\" \/>\n<meta property=\"og:image\" content=\"https:\/\/kapitalis.com\/tunisie\/wp-content\/uploads\/2022\/08\/Parant-Jerandi-ambassade-France.jpg\" \/>\n\t<meta property=\"og:image:width\" content=\"1200\" \/>\n\t<meta property=\"og:image:height\" content=\"630\" \/>\n\t<meta property=\"og:image:type\" content=\"image\/jpeg\" \/>\n<meta name=\"author\" content=\"Yusra NY\" \/>\n<meta name=\"twitter:card\" content=\"summary_large_image\" \/>\n<meta name=\"twitter:creator\" content=\"@KapitalisInfo\" \/>\n<meta name=\"twitter:site\" content=\"@KapitalisInfo\" \/>\n<meta name=\"twitter:label1\" content=\"\u00c9crit par\" \/>\n\t<meta name=\"twitter:data1\" content=\"Yusra NY\" \/>\n\t<meta name=\"twitter:label2\" content=\"Dur\u00e9e de lecture estim\u00e9e\" \/>\n\t<meta name=\"twitter:data2\" content=\"1 minute\" \/>\n<script type=\"application\/ld+json\" class=\"yoast-schema-graph\">{\"@context\":\"https:\/\/schema.org\",\"@graph\":[{\"@type\":\"Article\",\"@id\":\"https:\/\/kapitalis.com\/tunisie\/2022\/08\/23\/parant-reaffirme-a-jerandi-la-disponibilite-de-la-france-a-soutenir-les-reformes-economiques-tunisiennes\/#article\",\"isPartOf\":{\"@id\":\"https:\/\/kapitalis.com\/tunisie\/2022\/08\/23\/parant-reaffirme-a-jerandi-la-disponibilite-de-la-france-a-soutenir-les-reformes-economiques-tunisiennes\/\"},\"author\":{\"name\":\"Yusra NY\",\"@id\":\"https:\/\/kapitalis.com\/tunisie\/#\/schema\/person\/74bbde0154d49d790a92aaeac5bc01d5\"},\"headline\":\"Parant r\u00e9affirme \u00e0 Jerandi \u00abla disponibilit\u00e9 de la France \u00e0 soutenir les r\u00e9formes \u00e9conomiques tunisiennes\u00bb\",\"datePublished\":\"2022-08-23T21:44:36+00:00\",\"dateModified\":\"2022-08-23T21:44:38+00:00\",\"mainEntityOfPage\":{\"@id\":\"https:\/\/kapitalis.com\/tunisie\/2022\/08\/23\/parant-reaffirme-a-jerandi-la-disponibilite-de-la-france-a-soutenir-les-reformes-economiques-tunisiennes\/\"},\"wordCount\":157,\"commentCount\":0,\"publisher\":{\"@id\":\"https:\/\/kapitalis.com\/tunisie\/#organization\"},\"image\":{\"@id\":\"https:\/\/kapitalis.com\/tunisie\/2022\/08\/23\/parant-reaffirme-a-jerandi-la-disponibilite-de-la-france-a-soutenir-les-reformes-economiques-tunisiennes\/#primaryimage\"},\"thumbnailUrl\":\"https:\/\/kapitalis.com\/tunisie\/wp-content\/uploads\/2022\/08\/Parant-Jerandi-ambassade-France.jpg\",\"keywords\":[\"ambassade\",\"ambassadeur\",\"Andr\u00e9 Parant\",\"France\",\"Jerandi\",\"Sommet Francophonie\",\"Tunisie\"],\"articleSection\":[\"POLITIQUE\",\"Tunisie\"],\"inLanguage\":\"fr-FR\",\"potentialAction\":[{\"@type\":\"CommentAction\",\"name\":\"Comment\",\"target\":[\"https:\/\/kapitalis.com\/tunisie\/2022\/08\/23\/parant-reaffirme-a-jerandi-la-disponibilite-de-la-france-a-soutenir-les-reformes-economiques-tunisiennes\/#respond\"]}]},{\"@type\":\"WebPage\",\"@id\":\"https:\/\/kapitalis.com\/tunisie\/2022\/08\/23\/parant-reaffirme-a-jerandi-la-disponibilite-de-la-france-a-soutenir-les-reformes-economiques-tunisiennes\/\",\"url\":\"https:\/\/kapitalis.com\/tunisie\/2022\/08\/23\/parant-reaffirme-a-jerandi-la-disponibilite-de-la-france-a-soutenir-les-reformes-economiques-tunisiennes\/\",\"name\":\"Parant r\u00e9affirme \u00e0 Jerandi \u00abla disponibilit\u00e9 de la France \u00e0 soutenir les r\u00e9formes \u00e9conomiques tunisiennes\u00bb - Kapitalis\",\"isPartOf\":{\"@id\":\"https:\/\/kapitalis.com\/tunisie\/#website\"},\"primaryImageOfPage\":{\"@id\":\"https:\/\/kapitalis.com\/tunisie\/2022\/08\/23\/parant-reaffirme-a-jerandi-la-disponibilite-de-la-france-a-soutenir-les-reformes-economiques-tunisiennes\/#primaryimage\"},\"image\":{\"@id\":\"https:\/\/kapitalis.com\/tunisie\/2022\/08\/23\/parant-reaffirme-a-jerandi-la-disponibilite-de-la-france-a-soutenir-les-reformes-economiques-tunisiennes\/#primaryimage\"},\"thumbnailUrl\":\"https:\/\/kapitalis.com\/tunisie\/wp-content\/uploads\/2022\/08\/Parant-Jerandi-ambassade-France.jpg\",\"datePublished\":\"2022-08-23T21:44:36+00:00\",\"dateModified\":\"2022-08-23T21:44:38+00:00\",\"description\":\"Dans un communiqu\u00e9 publi\u00e9, ce mardi 23 ao\u00fbt 2022, l'ambassade de France est revenue sur la rencontre organis\u00e9e, ce jour, entre l'ambassadeur Andr\u00e9 Parant et le ministre tunisien des Affaires \u00e9trang\u00e8res, de la Migration et des Tunisiens \u00e0 l'\u00e9tranger Othman Jerandi.\",\"breadcrumb\":{\"@id\":\"https:\/\/kapitalis.com\/tunisie\/2022\/08\/23\/parant-reaffirme-a-jerandi-la-disponibilite-de-la-france-a-soutenir-les-reformes-economiques-tunisiennes\/#breadcrumb\"},\"inLanguage\":\"fr-FR\",\"potentialAction\":[{\"@type\":\"ReadAction\",\"target\":[\"https:\/\/kapitalis.com\/tunisie\/2022\/08\/23\/parant-reaffirme-a-jerandi-la-disponibilite-de-la-france-a-soutenir-les-reformes-economiques-tunisiennes\/\"]}]},{\"@type\":\"ImageObject\",\"inLanguage\":\"fr-FR\",\"@id\":\"https:\/\/kapitalis.com\/tunisie\/2022\/08\/23\/parant-reaffirme-a-jerandi-la-disponibilite-de-la-france-a-soutenir-les-reformes-economiques-tunisiennes\/#primaryimage\",\"url\":\"https:\/\/kapitalis.com\/tunisie\/wp-content\/uploads\/2022\/08\/Parant-Jerandi-ambassade-France.jpg\",\"contentUrl\":\"https:\/\/kapitalis.com\/tunisie\/wp-content\/uploads\/2022\/08\/Parant-Jerandi-ambassade-France.jpg\",\"width\":1200,\"height\":630},{\"@type\":\"BreadcrumbList\",\"@id\":\"https:\/\/kapitalis.com\/tunisie\/2022\/08\/23\/parant-reaffirme-a-jerandi-la-disponibilite-de-la-france-a-soutenir-les-reformes-economiques-tunisiennes\/#breadcrumb\",\"itemListElement\":[{\"@type\":\"ListItem\",\"position\":1,\"name\":\"Accueil\",\"item\":\"https:\/\/kapitalis.com\/tunisie\/\"},{\"@type\":\"ListItem\",\"position\":2,\"name\":\"Parant r\u00e9affirme \u00e0 Jerandi \u00abla disponibilit\u00e9 de la France \u00e0 soutenir les r\u00e9formes \u00e9conomiques tunisiennes\u00bb\"}]},{\"@type\":\"WebSite\",\"@id\":\"https:\/\/kapitalis.com\/tunisie\/#website\",\"url\":\"https:\/\/kapitalis.com\/tunisie\/\",\"name\":\"Kapitalis\",\"description\":\"L&#039;actualit\u00e9 en Tunisie et dans le monde\",\"publisher\":{\"@id\":\"https:\/\/kapitalis.com\/tunisie\/#organization\"},\"potentialAction\":[{\"@type\":\"SearchAction\",\"target\":{\"@type\":\"EntryPoint\",\"urlTemplate\":\"https:\/\/kapitalis.com\/tunisie\/?s={search_term_string}\"},\"query-input\":{\"@type\":\"PropertyValueSpecification\",\"valueRequired\":true,\"valueName\":\"search_term_string\"}}],\"inLanguage\":\"fr-FR\"},{\"@type\":\"Organization\",\"@id\":\"https:\/\/kapitalis.com\/tunisie\/#organization\",\"name\":\"Kapitalis\",\"url\":\"https:\/\/kapitalis.com\/tunisie\/\",\"logo\":{\"@type\":\"ImageObject\",\"inLanguage\":\"fr-FR\",\"@id\":\"https:\/\/kapitalis.com\/tunisie\/#\/schema\/logo\/image\/\",\"url\":\"https:\/\/kapitalis.com\/tunisie\/wp-content\/uploads\/2022\/05\/Kapitalis-big-size.png\",\"contentUrl\":\"https:\/\/kapitalis.com\/tunisie\/wp-content\/uploads\/2022\/05\/Kapitalis-big-size.png\",\"width\":5000,\"height\":1500,\"caption\":\"Kapitalis\"},\"image\":{\"@id\":\"https:\/\/kapitalis.com\/tunisie\/#\/schema\/logo\/image\/\"},\"sameAs\":[\"https:\/\/www.facebook.com\/KapitalisInfo\/\",\"https:\/\/x.com\/KapitalisInfo\",\"https:\/\/www.youtube.com\/channel\/UC-yDYrHyfFBWWZaOw3FPg9Q\"]},{\"@type\":\"Person\",\"@id\":\"https:\/\/kapitalis.com\/tunisie\/#\/schema\/person\/74bbde0154d49d790a92aaeac5bc01d5\",\"name\":\"Yusra NY\",\"url\":\"https:\/\/kapitalis.com\/tunisie\/author\/yuza_adam\/\"}]}<\/script>\n<!-- \/ Yoast SEO plugin. -->","yoast_head_json":{"title":"Parant r\u00e9affirme \u00e0 Jerandi \u00abla disponibilit\u00e9 de la France \u00e0 soutenir les r\u00e9formes \u00e9conomiques tunisiennes\u00bb - Kapitalis","description":"Dans un communiqu\u00e9 publi\u00e9, ce mardi 23 ao\u00fbt 2022, l'ambassade de France est revenue sur la rencontre organis\u00e9e, ce jour, entre l'ambassadeur Andr\u00e9 Parant et le ministre tunisien des Affaires \u00e9trang\u00e8res, de la Migration et des Tunisiens \u00e0 l'\u00e9tranger Othman Jerandi.","robots":{"index":"index","follow":"follow","max-snippet":"max-snippet:-1","max-image-preview":"max-image-preview:large","max-video-preview":"max-video-preview:-1"},"canonical":"https:\/\/kapitalis.com\/tunisie\/2022\/08\/23\/parant-reaffirme-a-jerandi-la-disponibilite-de-la-france-a-soutenir-les-reformes-economiques-tunisiennes\/","og_locale":"fr_FR","og_type":"article","og_title":"Parant r\u00e9affirme \u00e0 Jerandi \u00abla disponibilit\u00e9 de la France \u00e0 soutenir les r\u00e9formes \u00e9conomiques tunisiennes\u00bb - Kapitalis","og_description":"Dans un communiqu\u00e9 publi\u00e9, ce mardi 23 ao\u00fbt 2022, l'ambassade de France est revenue sur la rencontre organis\u00e9e, ce jour, entre l'ambassadeur Andr\u00e9 Parant et le ministre tunisien des Affaires \u00e9trang\u00e8res, de la Migration et des Tunisiens \u00e0 l'\u00e9tranger Othman Jerandi.","og_url":"https:\/\/kapitalis.com\/tunisie\/2022\/08\/23\/parant-reaffirme-a-jerandi-la-disponibilite-de-la-france-a-soutenir-les-reformes-economiques-tunisiennes\/","og_site_name":"Kapitalis","article_publisher":"https:\/\/www.facebook.com\/KapitalisInfo\/","article_published_time":"2022-08-23T21:44:36+00:00","article_modified_time":"2022-08-23T21:44:38+00:00","og_image":[{"width":1200,"height":630,"url":"https:\/\/kapitalis.com\/tunisie\/wp-content\/uploads\/2022\/08\/Parant-Jerandi-ambassade-France.jpg","type":"image\/jpeg"}],"author":"Yusra NY","twitter_card":"summary_large_image","twitter_creator":"@KapitalisInfo","twitter_site":"@KapitalisInfo","twitter_misc":{"\u00c9crit par":"Yusra NY","Dur\u00e9e de lecture estim\u00e9e":"1 minute"},"schema":{"@context":"https:\/\/schema.org","@graph":[{"@type":"Article","@id":"https:\/\/kapitalis.com\/tunisie\/2022\/08\/23\/parant-reaffirme-a-jerandi-la-disponibilite-de-la-france-a-soutenir-les-reformes-economiques-tunisiennes\/#article","isPartOf":{"@id":"https:\/\/kapitalis.com\/tunisie\/2022\/08\/23\/parant-reaffirme-a-jerandi-la-disponibilite-de-la-france-a-soutenir-les-reformes-economiques-tunisiennes\/"},"author":{"name":"Yusra NY","@id":"https:\/\/kapitalis.com\/tunisie\/#\/schema\/person\/74bbde0154d49d790a92aaeac5bc01d5"},"headline":"Parant r\u00e9affirme \u00e0 Jerandi \u00abla disponibilit\u00e9 de la France \u00e0 soutenir les r\u00e9formes \u00e9conomiques tunisiennes\u00bb","datePublished":"2022-08-23T21:44:36+00:00","dateModified":"2022-08-23T21:44:38+00:00","mainEntityOfPage":{"@id":"https:\/\/kapitalis.com\/tunisie\/2022\/08\/23\/parant-reaffirme-a-jerandi-la-disponibilite-de-la-france-a-soutenir-les-reformes-economiques-tunisiennes\/"},"wordCount":157,"commentCount":0,"publisher":{"@id":"https:\/\/kapitalis.com\/tunisie\/#organization"},"image":{"@id":"https:\/\/kapitalis.com\/tunisie\/2022\/08\/23\/parant-reaffirme-a-jerandi-la-disponibilite-de-la-france-a-soutenir-les-reformes-economiques-tunisiennes\/#primaryimage"},"thumbnailUrl":"https:\/\/kapitalis.com\/tunisie\/wp-content\/uploads\/2022\/08\/Parant-Jerandi-ambassade-France.jpg","keywords":["ambassade","ambassadeur","Andr\u00e9 Parant","France","Jerandi","Sommet Francophonie","Tunisie"],"articleSection":["POLITIQUE","Tunisie"],"inLanguage":"fr-FR","potentialAction":[{"@type":"CommentAction","name":"Comment","target":["https:\/\/kapitalis.com\/tunisie\/2022\/08\/23\/parant-reaffirme-a-jerandi-la-disponibilite-de-la-france-a-soutenir-les-reformes-economiques-tunisiennes\/#respond"]}]},{"@type":"WebPage","@id":"https:\/\/kapitalis.com\/tunisie\/2022\/08\/23\/parant-reaffirme-a-jerandi-la-disponibilite-de-la-france-a-soutenir-les-reformes-economiques-tunisiennes\/","url":"https:\/\/kapitalis.com\/tunisie\/2022\/08\/23\/parant-reaffirme-a-jerandi-la-disponibilite-de-la-france-a-soutenir-les-reformes-economiques-tunisiennes\/","name":"Parant r\u00e9affirme \u00e0 Jerandi \u00abla disponibilit\u00e9 de la France \u00e0 soutenir les r\u00e9formes \u00e9conomiques tunisiennes\u00bb - Kapitalis","isPartOf":{"@id":"https:\/\/kapitalis.com\/tunisie\/#website"},"primaryImageOfPage":{"@id":"https:\/\/kapitalis.com\/tunisie\/2022\/08\/23\/parant-reaffirme-a-jerandi-la-disponibilite-de-la-france-a-soutenir-les-reformes-economiques-tunisiennes\/#primaryimage"},"image":{"@id":"https:\/\/kapitalis.com\/tunisie\/2022\/08\/23\/parant-reaffirme-a-jerandi-la-disponibilite-de-la-france-a-soutenir-les-reformes-economiques-tunisiennes\/#primaryimage"},"thumbnailUrl":"https:\/\/kapitalis.com\/tunisie\/wp-content\/uploads\/2022\/08\/Parant-Jerandi-ambassade-France.jpg","datePublished":"2022-08-23T21:44:36+00:00","dateModified":"2022-08-23T21:44:38+00:00","description":"Dans un communiqu\u00e9 publi\u00e9, ce mardi 23 ao\u00fbt 2022, l'ambassade de France est revenue sur la rencontre organis\u00e9e, ce jour, entre l'ambassadeur Andr\u00e9 Parant et le ministre tunisien des Affaires \u00e9trang\u00e8res, de la Migration et des Tunisiens \u00e0 l'\u00e9tranger Othman Jerandi.","breadcrumb":{"@id":"https:\/\/kapitalis.com\/tunisie\/2022\/08\/23\/parant-reaffirme-a-jerandi-la-disponibilite-de-la-france-a-soutenir-les-reformes-economiques-tunisiennes\/#breadcrumb"},"inLanguage":"fr-FR","potentialAction":[{"@type":"ReadAction","target":["https:\/\/kapitalis.com\/tunisie\/2022\/08\/23\/parant-reaffirme-a-jerandi-la-disponibilite-de-la-france-a-soutenir-les-reformes-economiques-tunisiennes\/"]}]},{"@type":"ImageObject","inLanguage":"fr-FR","@id":"https:\/\/kapitalis.com\/tunisie\/2022\/08\/23\/parant-reaffirme-a-jerandi-la-disponibilite-de-la-france-a-soutenir-les-reformes-economiques-tunisiennes\/#primaryimage","url":"https:\/\/kapitalis.com\/tunisie\/wp-content\/uploads\/2022\/08\/Parant-Jerandi-ambassade-France.jpg","contentUrl":"https:\/\/kapitalis.com\/tunisie\/wp-content\/uploads\/2022\/08\/Parant-Jerandi-ambassade-France.jpg","width":1200,"height":630},{"@type":"BreadcrumbList","@id":"https:\/\/kapitalis.com\/tunisie\/2022\/08\/23\/parant-reaffirme-a-jerandi-la-disponibilite-de-la-france-a-soutenir-les-reformes-economiques-tunisiennes\/#breadcrumb","itemListElement":[{"@type":"ListItem","position":1,"name":"Accueil","item":"https:\/\/kapitalis.com\/tunisie\/"},{"@type":"ListItem","position":2,"name":"Parant r\u00e9affirme \u00e0 Jerandi \u00abla disponibilit\u00e9 de la France \u00e0 soutenir les r\u00e9formes \u00e9conomiques tunisiennes\u00bb"}]},{"@type":"WebSite","@id":"https:\/\/kapitalis.com\/tunisie\/#website","url":"https:\/\/kapitalis.com\/tunisie\/","name":"Kapitalis","description":"L&#039;actualit\u00e9 en Tunisie et dans le monde","publisher":{"@id":"https:\/\/kapitalis.com\/tunisie\/#organization"},"potentialAction":[{"@type":"SearchAction","target":{"@type":"EntryPoint","urlTemplate":"https:\/\/kapitalis.com\/tunisie\/?s={search_term_string}"},"query-input":{"@type":"PropertyValueSpecification","valueRequired":true,"valueName":"search_term_string"}}],"inLanguage":"fr-FR"},{"@type":"Organization","@id":"https:\/\/kapitalis.com\/tunisie\/#organization","name":"Kapitalis","url":"https:\/\/kapitalis.com\/tunisie\/","logo":{"@type":"ImageObject","inLanguage":"fr-FR","@id":"https:\/\/kapitalis.com\/tunisie\/#\/schema\/logo\/image\/","url":"https:\/\/kapitalis.com\/tunisie\/wp-content\/uploads\/2022\/05\/Kapitalis-big-size.png","contentUrl":"https:\/\/kapitalis.com\/tunisie\/wp-content\/uploads\/2022\/05\/Kapitalis-big-size.png","width":5000,"height":1500,"caption":"Kapitalis"},"image":{"@id":"https:\/\/kapitalis.com\/tunisie\/#\/schema\/logo\/image\/"},"sameAs":["https:\/\/www.facebook.com\/KapitalisInfo\/","https:\/\/x.com\/KapitalisInfo","https:\/\/www.youtube.com\/channel\/UC-yDYrHyfFBWWZaOw3FPg9Q"]},{"@type":"Person","@id":"https:\/\/kapitalis.com\/tunisie\/#\/schema\/person\/74bbde0154d49d790a92aaeac5bc01d5","name":"Yusra NY","url":"https:\/\/kapitalis.com\/tunisie\/author\/yuza_adam\/"}]}},"_links":{"self":[{"href":"https:\/\/kapitalis.com\/tunisie\/wp-json\/wp\/v2\/posts\/3367674","targetHints":{"allow":["GET"]}}],"collection":[{"href":"https:\/\/kapitalis.com\/tunisie\/wp-json\/wp\/v2\/posts"}],"about":[{"href":"https:\/\/kapitalis.com\/tunisie\/wp-json\/wp\/v2\/types\/post"}],"author":[{"embeddable":true,"href":"https:\/\/kapitalis.com\/tunisie\/wp-json\/wp\/v2\/users\/6"}],"replies":[{"embeddable":true,"href":"https:\/\/kapitalis.com\/tunisie\/wp-json\/wp\/v2\/comments?post=3367674"}],"version-history":[{"count":0,"href":"https:\/\/kapitalis.com\/tunisie\/wp-json\/wp\/v2\/posts\/3367674\/revisions"}],"wp:featuredmedia":[{"embeddable":true,"href":"https:\/\/kapitalis.com\/tunisie\/wp-json\/wp\/v2\/media\/3368584"}],"wp:attachment":[{"href":"https:\/\/kapitalis.com\/tunisie\/wp-json\/wp\/v2\/media?parent=3367674"}],"wp:term":[{"taxonomy":"category","embeddable":true,"href":"https:\/\/kapitalis.com\/tunisie\/wp-json\/wp\/v2\/categories?post=3367674"},{"taxonomy":"post_tag","embeddable":true,"href":"https:\/\/kapitalis.com\/tunisie\/wp-json\/wp\/v2\/tags?post=3367674"}],"curies":[{"name":"wp","href":"https:\/\/api.w.org\/{rel}","templated":true}]}}