{"id":336907,"date":"2021-02-19T08:27:58","date_gmt":"2021-02-19T07:27:58","guid":{"rendered":"http:\/\/kapitalis.com\/tunisie\/?p=336907"},"modified":"2021-02-19T08:28:01","modified_gmt":"2021-02-19T07:28:01","slug":"composition-du-nouveau-bureau-executif-tabc-cap-bon","status":"publish","type":"post","link":"https:\/\/kapitalis.com\/tunisie\/2021\/02\/19\/composition-du-nouveau-bureau-executif-tabc-cap-bon\/","title":{"rendered":"Composition du nouveau bureau ex\u00e9cutif TABC Cap-Bon"},"content":{"rendered":"\n<figure class=\"wp-block-image size-large\"><img decoding=\"async\" src=\"http:\/\/kapitalis.com\/tunisie\/wp-content\/uploads\/2021\/02\/TABC-Cap-Bon.jpg\" alt=\"\" class=\"wp-image-336908\"\/><\/figure>\n\n\n\n<p><strong><em>Le Tunisia-Africa Business Council (TABC) a annonc\u00e9, dans un communiqu\u00e9 diffus\u00e9 hier, jeudi 18 f\u00e9vrier 2021, la composition de son nouveau bureau ex\u00e9cutif TABC Cap-Bon.<\/em><\/strong><\/p>\n\n\n\n<!--more-->\n\n\n\n<p>Dans le cadre du d\u00e9veloppement de l\u2019activit\u00e9 de l\u2019organisation dans la r\u00e9gion du Cap-Bon pour \u00eatre plus proche de ses membres, <em>\u00able nouveau bureau TABC aura pour mission de capitaliser sur les acquis de l\u2019organisation et son networking sur le continent, pour offrir le meilleur accompagnement aux entreprises de la r\u00e9gion dans la d\u00e9marche de prospection des march\u00e9s africains\u00bb<\/em>, lit-on dans le communiqu\u00e9.<\/p>\n\n\n\n<p><em>\u00abLe Cap Bon dot\u00e9 d\u2019un tissu \u00e9conomique vari\u00e9 et dynamique, occupant une place importante au niveau de la production nationale, avec le premier p\u00f4le touristique et artisanat, une agriculture abondante et une industrie agroalimentaire performante, un tissu industriel caract\u00e9ris\u00e9 par une grande diversit\u00e9 couvrant l\u2019ensemble des secteurs et plusieurs p\u00f4les de services (sant\u00e9, \u00e9ducation, IT, financiers, etc.)\u00bb,<\/em> ajoute le communiqu\u00e9, en soulignant les missions du nouveau bureau TABC, qui aura <em>\u00abun r\u00f4le majeur pour d\u00e9velopper l\u2019exportation des entreprises de la r\u00e9gion, accompagner l\u2019internationalisation, booster les secteurs cl\u00e9s, soutenir les jeunes promoteurs dans un march\u00e9 Africain en plein essor.\u00bb<\/em><\/p>\n\n\n\n<p>Le ex\u00e9cutif TABC Cap-Bon se compose comme suit :<br>1- Pr\u00e9sident : Sadok Laribi<br>2- Vice-pr\u00e9sident : Mohamed Anis Aissa<br>3- Secr\u00e9taire G\u00e9n\u00e9rale : Wahiba Ben Ali<br>4- Vice-pr\u00e9sident charg\u00e9 du p\u00f4le industrie : Mohamed Amine Abid<br>5- Vice-pr\u00e9sidente charg\u00e9e des relations avec la soci\u00e9t\u00e9 civile : Kamilia Ferjani<br>6- Tr\u00e9sorier et responsable communication : Jawher Denguir<br>7- Veille et intelligence \u00e9conomique : Iyadh Ridene<br>8- Responsable p\u00f4le IT et FINTECH : Achraf Khelil<br>9- Responsable p\u00f4le service : Riadh Rouia<br>10- Responsable p\u00f4le IMEE : Walid benamor<br>11- Responsable p\u00f4le textile et confection : Houssem Khemir<br>12- Responsable p\u00f4le Mat\u00e9riaux de Construction : Mohamed Rafik Essid<br>13- Responsable p\u00f4le Artisanat : Fehri Ladhib<br>14- P\u00f4le BTP : Sofiene Saadallah<br>15- P\u00f4le Energie : Kacem Berkhais<br>16- P\u00f4le commerce internationale : Jassem Kabaoui<br>17- Responsable p\u00f4le Education et formation : Sami Trabelsi<\/p>\n","protected":false},"excerpt":{"rendered":"<p>Le Tunisia-Africa Business Council (TABC) a annonc\u00e9, dans un communiqu\u00e9 diffus\u00e9 hier, jeudi 18 f\u00e9vrier 2021, la composition de son nouveau bureau ex\u00e9cutif TABC Cap-Bon.<\/p>\n","protected":false},"author":8,"featured_media":336908,"comment_status":"open","ping_status":"open","sticky":false,"template":"","format":"standard","meta":{"footnotes":""},"categories":[995,2433],"tags":[87624,87631,87630,87629,87628,87626,87625,875,8123,87627],"class_list":["post-336907","post","type-post","status-publish","format-standard","has-post-thumbnail","hentry","category-economie","category-tunisie","tag-cap-bon-2","tag-iyadh-ridene","tag-jawher-denguir","tag-kamilia-ferjani","tag-mohamed-amine-abid","tag-mohamed-anis-aissa","tag-sadok-laribi","tag-tabc","tag-tunisia-africa-business-council","tag-wahiba-ben-ali"],"yoast_head":"<!-- This site is optimized with the Yoast SEO plugin v26.6 - https:\/\/yoast.com\/wordpress\/plugins\/seo\/ -->\n<title>Composition du nouveau bureau ex\u00e9cutif TABC Cap-Bon - Kapitalis<\/title>\n<meta name=\"robots\" content=\"index, follow, max-snippet:-1, max-image-preview:large, max-video-preview:-1\" \/>\n<link rel=\"canonical\" href=\"https:\/\/kapitalis.com\/tunisie\/2021\/02\/19\/composition-du-nouveau-bureau-executif-tabc-cap-bon\/\" \/>\n<meta property=\"og:locale\" content=\"fr_FR\" \/>\n<meta property=\"og:type\" content=\"article\" \/>\n<meta property=\"og:title\" content=\"Composition du nouveau bureau ex\u00e9cutif TABC Cap-Bon - Kapitalis\" \/>\n<meta property=\"og:description\" content=\"Le Tunisia-Africa Business Council (TABC) a annonc\u00e9, dans un communiqu\u00e9 diffus\u00e9 hier, jeudi 18 f\u00e9vrier 2021, la composition de son nouveau bureau ex\u00e9cutif TABC Cap-Bon.\" \/>\n<meta property=\"og:url\" content=\"https:\/\/kapitalis.com\/tunisie\/2021\/02\/19\/composition-du-nouveau-bureau-executif-tabc-cap-bon\/\" \/>\n<meta property=\"og:site_name\" content=\"Kapitalis\" \/>\n<meta property=\"article:publisher\" content=\"https:\/\/www.facebook.com\/KapitalisInfo\/\" \/>\n<meta property=\"article:published_time\" content=\"2021-02-19T07:27:58+00:00\" \/>\n<meta property=\"article:modified_time\" content=\"2021-02-19T07:28:01+00:00\" \/>\n<meta property=\"og:image\" content=\"https:\/\/kapitalis.com\/tunisie\/wp-content\/uploads\/2022\/05\/kapitalis-logo-fb.png\" \/>\n\t<meta property=\"og:image:width\" content=\"1200\" \/>\n\t<meta property=\"og:image:height\" content=\"630\" \/>\n\t<meta property=\"og:image:type\" content=\"image\/png\" \/>\n<meta name=\"author\" content=\"webmaster kapitalis\" \/>\n<meta name=\"twitter:card\" content=\"summary_large_image\" \/>\n<meta name=\"twitter:creator\" content=\"@KapitalisInfo\" \/>\n<meta name=\"twitter:site\" content=\"@KapitalisInfo\" \/>\n<meta name=\"twitter:label1\" content=\"\u00c9crit par\" \/>\n\t<meta name=\"twitter:data1\" content=\"webmaster kapitalis\" \/>\n\t<meta name=\"twitter:label2\" content=\"Dur\u00e9e de lecture estim\u00e9e\" \/>\n\t<meta name=\"twitter:data2\" content=\"2 minutes\" \/>\n<script type=\"application\/ld+json\" class=\"yoast-schema-graph\">{\"@context\":\"https:\/\/schema.org\",\"@graph\":[{\"@type\":\"Article\",\"@id\":\"https:\/\/kapitalis.com\/tunisie\/2021\/02\/19\/composition-du-nouveau-bureau-executif-tabc-cap-bon\/#article\",\"isPartOf\":{\"@id\":\"https:\/\/kapitalis.com\/tunisie\/2021\/02\/19\/composition-du-nouveau-bureau-executif-tabc-cap-bon\/\"},\"author\":{\"name\":\"webmaster kapitalis\",\"@id\":\"https:\/\/kapitalis.com\/tunisie\/#\/schema\/person\/d71f33a9ca44f7bad4698210b480c8e9\"},\"headline\":\"Composition du nouveau bureau ex\u00e9cutif TABC Cap-Bon\",\"datePublished\":\"2021-02-19T07:27:58+00:00\",\"dateModified\":\"2021-02-19T07:28:01+00:00\",\"mainEntityOfPage\":{\"@id\":\"https:\/\/kapitalis.com\/tunisie\/2021\/02\/19\/composition-du-nouveau-bureau-executif-tabc-cap-bon\/\"},\"wordCount\":360,\"commentCount\":0,\"publisher\":{\"@id\":\"https:\/\/kapitalis.com\/tunisie\/#organization\"},\"image\":{\"@id\":\"https:\/\/kapitalis.com\/tunisie\/2021\/02\/19\/composition-du-nouveau-bureau-executif-tabc-cap-bon\/#primaryimage\"},\"thumbnailUrl\":\"\",\"keywords\":[\"Cap-Bon\",\"Iyadh Ridene\",\"Jawher Denguir\",\"Kamilia Ferjani\",\"Mohamed Amine Abid\",\"Mohamed Anis Aissa\",\"Sadok Laribi\",\"TABC\",\"Tunisia-Africa Business Council\",\"Wahiba Ben Ali\"],\"articleSection\":[\"ECONOMIE\",\"Tunisie\"],\"inLanguage\":\"fr-FR\",\"potentialAction\":[{\"@type\":\"CommentAction\",\"name\":\"Comment\",\"target\":[\"https:\/\/kapitalis.com\/tunisie\/2021\/02\/19\/composition-du-nouveau-bureau-executif-tabc-cap-bon\/#respond\"]}]},{\"@type\":\"WebPage\",\"@id\":\"https:\/\/kapitalis.com\/tunisie\/2021\/02\/19\/composition-du-nouveau-bureau-executif-tabc-cap-bon\/\",\"url\":\"https:\/\/kapitalis.com\/tunisie\/2021\/02\/19\/composition-du-nouveau-bureau-executif-tabc-cap-bon\/\",\"name\":\"Composition du nouveau bureau ex\u00e9cutif TABC Cap-Bon - Kapitalis\",\"isPartOf\":{\"@id\":\"https:\/\/kapitalis.com\/tunisie\/#website\"},\"primaryImageOfPage\":{\"@id\":\"https:\/\/kapitalis.com\/tunisie\/2021\/02\/19\/composition-du-nouveau-bureau-executif-tabc-cap-bon\/#primaryimage\"},\"image\":{\"@id\":\"https:\/\/kapitalis.com\/tunisie\/2021\/02\/19\/composition-du-nouveau-bureau-executif-tabc-cap-bon\/#primaryimage\"},\"thumbnailUrl\":\"\",\"datePublished\":\"2021-02-19T07:27:58+00:00\",\"dateModified\":\"2021-02-19T07:28:01+00:00\",\"breadcrumb\":{\"@id\":\"https:\/\/kapitalis.com\/tunisie\/2021\/02\/19\/composition-du-nouveau-bureau-executif-tabc-cap-bon\/#breadcrumb\"},\"inLanguage\":\"fr-FR\",\"potentialAction\":[{\"@type\":\"ReadAction\",\"target\":[\"https:\/\/kapitalis.com\/tunisie\/2021\/02\/19\/composition-du-nouveau-bureau-executif-tabc-cap-bon\/\"]}]},{\"@type\":\"ImageObject\",\"inLanguage\":\"fr-FR\",\"@id\":\"https:\/\/kapitalis.com\/tunisie\/2021\/02\/19\/composition-du-nouveau-bureau-executif-tabc-cap-bon\/#primaryimage\",\"url\":\"\",\"contentUrl\":\"\"},{\"@type\":\"BreadcrumbList\",\"@id\":\"https:\/\/kapitalis.com\/tunisie\/2021\/02\/19\/composition-du-nouveau-bureau-executif-tabc-cap-bon\/#breadcrumb\",\"itemListElement\":[{\"@type\":\"ListItem\",\"position\":1,\"name\":\"Accueil\",\"item\":\"https:\/\/kapitalis.com\/tunisie\/\"},{\"@type\":\"ListItem\",\"position\":2,\"name\":\"Composition du nouveau bureau ex\u00e9cutif TABC Cap-Bon\"}]},{\"@type\":\"WebSite\",\"@id\":\"https:\/\/kapitalis.com\/tunisie\/#website\",\"url\":\"https:\/\/kapitalis.com\/tunisie\/\",\"name\":\"Kapitalis\",\"description\":\"L&#039;actualit\u00e9 en Tunisie et dans le monde\",\"publisher\":{\"@id\":\"https:\/\/kapitalis.com\/tunisie\/#organization\"},\"potentialAction\":[{\"@type\":\"SearchAction\",\"target\":{\"@type\":\"EntryPoint\",\"urlTemplate\":\"https:\/\/kapitalis.com\/tunisie\/?s={search_term_string}\"},\"query-input\":{\"@type\":\"PropertyValueSpecification\",\"valueRequired\":true,\"valueName\":\"search_term_string\"}}],\"inLanguage\":\"fr-FR\"},{\"@type\":\"Organization\",\"@id\":\"https:\/\/kapitalis.com\/tunisie\/#organization\",\"name\":\"Kapitalis\",\"url\":\"https:\/\/kapitalis.com\/tunisie\/\",\"logo\":{\"@type\":\"ImageObject\",\"inLanguage\":\"fr-FR\",\"@id\":\"https:\/\/kapitalis.com\/tunisie\/#\/schema\/logo\/image\/\",\"url\":\"https:\/\/kapitalis.com\/tunisie\/wp-content\/uploads\/2022\/05\/Kapitalis-big-size.png\",\"contentUrl\":\"https:\/\/kapitalis.com\/tunisie\/wp-content\/uploads\/2022\/05\/Kapitalis-big-size.png\",\"width\":5000,\"height\":1500,\"caption\":\"Kapitalis\"},\"image\":{\"@id\":\"https:\/\/kapitalis.com\/tunisie\/#\/schema\/logo\/image\/\"},\"sameAs\":[\"https:\/\/www.facebook.com\/KapitalisInfo\/\",\"https:\/\/x.com\/KapitalisInfo\",\"https:\/\/www.youtube.com\/channel\/UC-yDYrHyfFBWWZaOw3FPg9Q\"]},{\"@type\":\"Person\",\"@id\":\"https:\/\/kapitalis.com\/tunisie\/#\/schema\/person\/d71f33a9ca44f7bad4698210b480c8e9\",\"name\":\"webmaster kapitalis\",\"url\":\"https:\/\/kapitalis.com\/tunisie\/author\/webmaster-kapitalis\/\"}]}<\/script>\n<!-- \/ Yoast SEO plugin. -->","yoast_head_json":{"title":"Composition du nouveau bureau ex\u00e9cutif TABC Cap-Bon - Kapitalis","robots":{"index":"index","follow":"follow","max-snippet":"max-snippet:-1","max-image-preview":"max-image-preview:large","max-video-preview":"max-video-preview:-1"},"canonical":"https:\/\/kapitalis.com\/tunisie\/2021\/02\/19\/composition-du-nouveau-bureau-executif-tabc-cap-bon\/","og_locale":"fr_FR","og_type":"article","og_title":"Composition du nouveau bureau ex\u00e9cutif TABC Cap-Bon - Kapitalis","og_description":"Le Tunisia-Africa Business Council (TABC) a annonc\u00e9, dans un communiqu\u00e9 diffus\u00e9 hier, jeudi 18 f\u00e9vrier 2021, la composition de son nouveau bureau ex\u00e9cutif TABC Cap-Bon.","og_url":"https:\/\/kapitalis.com\/tunisie\/2021\/02\/19\/composition-du-nouveau-bureau-executif-tabc-cap-bon\/","og_site_name":"Kapitalis","article_publisher":"https:\/\/www.facebook.com\/KapitalisInfo\/","article_published_time":"2021-02-19T07:27:58+00:00","article_modified_time":"2021-02-19T07:28:01+00:00","og_image":[{"width":1200,"height":630,"url":"https:\/\/kapitalis.com\/tunisie\/wp-content\/uploads\/2022\/05\/kapitalis-logo-fb.png","type":"image\/png"}],"author":"webmaster kapitalis","twitter_card":"summary_large_image","twitter_creator":"@KapitalisInfo","twitter_site":"@KapitalisInfo","twitter_misc":{"\u00c9crit par":"webmaster kapitalis","Dur\u00e9e de lecture estim\u00e9e":"2 minutes"},"schema":{"@context":"https:\/\/schema.org","@graph":[{"@type":"Article","@id":"https:\/\/kapitalis.com\/tunisie\/2021\/02\/19\/composition-du-nouveau-bureau-executif-tabc-cap-bon\/#article","isPartOf":{"@id":"https:\/\/kapitalis.com\/tunisie\/2021\/02\/19\/composition-du-nouveau-bureau-executif-tabc-cap-bon\/"},"author":{"name":"webmaster kapitalis","@id":"https:\/\/kapitalis.com\/tunisie\/#\/schema\/person\/d71f33a9ca44f7bad4698210b480c8e9"},"headline":"Composition du nouveau bureau ex\u00e9cutif TABC Cap-Bon","datePublished":"2021-02-19T07:27:58+00:00","dateModified":"2021-02-19T07:28:01+00:00","mainEntityOfPage":{"@id":"https:\/\/kapitalis.com\/tunisie\/2021\/02\/19\/composition-du-nouveau-bureau-executif-tabc-cap-bon\/"},"wordCount":360,"commentCount":0,"publisher":{"@id":"https:\/\/kapitalis.com\/tunisie\/#organization"},"image":{"@id":"https:\/\/kapitalis.com\/tunisie\/2021\/02\/19\/composition-du-nouveau-bureau-executif-tabc-cap-bon\/#primaryimage"},"thumbnailUrl":"","keywords":["Cap-Bon","Iyadh Ridene","Jawher Denguir","Kamilia Ferjani","Mohamed Amine Abid","Mohamed Anis Aissa","Sadok Laribi","TABC","Tunisia-Africa Business Council","Wahiba Ben Ali"],"articleSection":["ECONOMIE","Tunisie"],"inLanguage":"fr-FR","potentialAction":[{"@type":"CommentAction","name":"Comment","target":["https:\/\/kapitalis.com\/tunisie\/2021\/02\/19\/composition-du-nouveau-bureau-executif-tabc-cap-bon\/#respond"]}]},{"@type":"WebPage","@id":"https:\/\/kapitalis.com\/tunisie\/2021\/02\/19\/composition-du-nouveau-bureau-executif-tabc-cap-bon\/","url":"https:\/\/kapitalis.com\/tunisie\/2021\/02\/19\/composition-du-nouveau-bureau-executif-tabc-cap-bon\/","name":"Composition du nouveau bureau ex\u00e9cutif TABC Cap-Bon - Kapitalis","isPartOf":{"@id":"https:\/\/kapitalis.com\/tunisie\/#website"},"primaryImageOfPage":{"@id":"https:\/\/kapitalis.com\/tunisie\/2021\/02\/19\/composition-du-nouveau-bureau-executif-tabc-cap-bon\/#primaryimage"},"image":{"@id":"https:\/\/kapitalis.com\/tunisie\/2021\/02\/19\/composition-du-nouveau-bureau-executif-tabc-cap-bon\/#primaryimage"},"thumbnailUrl":"","datePublished":"2021-02-19T07:27:58+00:00","dateModified":"2021-02-19T07:28:01+00:00","breadcrumb":{"@id":"https:\/\/kapitalis.com\/tunisie\/2021\/02\/19\/composition-du-nouveau-bureau-executif-tabc-cap-bon\/#breadcrumb"},"inLanguage":"fr-FR","potentialAction":[{"@type":"ReadAction","target":["https:\/\/kapitalis.com\/tunisie\/2021\/02\/19\/composition-du-nouveau-bureau-executif-tabc-cap-bon\/"]}]},{"@type":"ImageObject","inLanguage":"fr-FR","@id":"https:\/\/kapitalis.com\/tunisie\/2021\/02\/19\/composition-du-nouveau-bureau-executif-tabc-cap-bon\/#primaryimage","url":"","contentUrl":""},{"@type":"BreadcrumbList","@id":"https:\/\/kapitalis.com\/tunisie\/2021\/02\/19\/composition-du-nouveau-bureau-executif-tabc-cap-bon\/#breadcrumb","itemListElement":[{"@type":"ListItem","position":1,"name":"Accueil","item":"https:\/\/kapitalis.com\/tunisie\/"},{"@type":"ListItem","position":2,"name":"Composition du nouveau bureau ex\u00e9cutif TABC Cap-Bon"}]},{"@type":"WebSite","@id":"https:\/\/kapitalis.com\/tunisie\/#website","url":"https:\/\/kapitalis.com\/tunisie\/","name":"Kapitalis","description":"L&#039;actualit\u00e9 en Tunisie et dans le monde","publisher":{"@id":"https:\/\/kapitalis.com\/tunisie\/#organization"},"potentialAction":[{"@type":"SearchAction","target":{"@type":"EntryPoint","urlTemplate":"https:\/\/kapitalis.com\/tunisie\/?s={search_term_string}"},"query-input":{"@type":"PropertyValueSpecification","valueRequired":true,"valueName":"search_term_string"}}],"inLanguage":"fr-FR"},{"@type":"Organization","@id":"https:\/\/kapitalis.com\/tunisie\/#organization","name":"Kapitalis","url":"https:\/\/kapitalis.com\/tunisie\/","logo":{"@type":"ImageObject","inLanguage":"fr-FR","@id":"https:\/\/kapitalis.com\/tunisie\/#\/schema\/logo\/image\/","url":"https:\/\/kapitalis.com\/tunisie\/wp-content\/uploads\/2022\/05\/Kapitalis-big-size.png","contentUrl":"https:\/\/kapitalis.com\/tunisie\/wp-content\/uploads\/2022\/05\/Kapitalis-big-size.png","width":5000,"height":1500,"caption":"Kapitalis"},"image":{"@id":"https:\/\/kapitalis.com\/tunisie\/#\/schema\/logo\/image\/"},"sameAs":["https:\/\/www.facebook.com\/KapitalisInfo\/","https:\/\/x.com\/KapitalisInfo","https:\/\/www.youtube.com\/channel\/UC-yDYrHyfFBWWZaOw3FPg9Q"]},{"@type":"Person","@id":"https:\/\/kapitalis.com\/tunisie\/#\/schema\/person\/d71f33a9ca44f7bad4698210b480c8e9","name":"webmaster kapitalis","url":"https:\/\/kapitalis.com\/tunisie\/author\/webmaster-kapitalis\/"}]}},"_links":{"self":[{"href":"https:\/\/kapitalis.com\/tunisie\/wp-json\/wp\/v2\/posts\/336907","targetHints":{"allow":["GET"]}}],"collection":[{"href":"https:\/\/kapitalis.com\/tunisie\/wp-json\/wp\/v2\/posts"}],"about":[{"href":"https:\/\/kapitalis.com\/tunisie\/wp-json\/wp\/v2\/types\/post"}],"author":[{"embeddable":true,"href":"https:\/\/kapitalis.com\/tunisie\/wp-json\/wp\/v2\/users\/8"}],"replies":[{"embeddable":true,"href":"https:\/\/kapitalis.com\/tunisie\/wp-json\/wp\/v2\/comments?post=336907"}],"version-history":[{"count":0,"href":"https:\/\/kapitalis.com\/tunisie\/wp-json\/wp\/v2\/posts\/336907\/revisions"}],"wp:featuredmedia":[{"embeddable":true,"href":"https:\/\/kapitalis.com\/tunisie\/wp-json\/wp\/v2\/media\/336908"}],"wp:attachment":[{"href":"https:\/\/kapitalis.com\/tunisie\/wp-json\/wp\/v2\/media?parent=336907"}],"wp:term":[{"taxonomy":"category","embeddable":true,"href":"https:\/\/kapitalis.com\/tunisie\/wp-json\/wp\/v2\/categories?post=336907"},{"taxonomy":"post_tag","embeddable":true,"href":"https:\/\/kapitalis.com\/tunisie\/wp-json\/wp\/v2\/tags?post=336907"}],"curies":[{"name":"wp","href":"https:\/\/api.w.org\/{rel}","templated":true}]}}