{"id":336948,"date":"2021-02-19T13:31:50","date_gmt":"2021-02-19T12:31:50","guid":{"rendered":"http:\/\/kapitalis.com\/tunisie\/?p=336948"},"modified":"2021-02-19T13:31:52","modified_gmt":"2021-02-19T12:31:52","slug":"souha-antit-expose-au-centre-preface-une-boulimie-de-couleurs-et-de-lumieres","status":"publish","type":"post","link":"https:\/\/kapitalis.com\/tunisie\/2021\/02\/19\/souha-antit-expose-au-centre-preface-une-boulimie-de-couleurs-et-de-lumieres\/","title":{"rendered":"Souha Antit expose au centre Pr\u00e9face : une boulimie de couleurs et de lumi\u00e8res"},"content":{"rendered":"\n<figure class=\"wp-block-image size-large\"><img decoding=\"async\" src=\"http:\/\/kapitalis.com\/tunisie\/wp-content\/uploads\/2021\/02\/Chroma-tic-Souha-Antit.jpg\" alt=\"\" class=\"wp-image-336949\"\/><\/figure>\n\n\n\n<p><strong><em>Le centre culturel Pr\u00e9face \u00e0 Sousse annonce le vernissage de l\u2019exposition intitul\u00e9e \u2018\u2018Chroma-Tic\u2019\u2019 de la jeune artiste Souha Antit, et ce demain, samedi 20 f\u00e9vrier 2021, \u00e0 partir de 16 heures. L\u2019exposition sera ouverte au public jusqu\u2019au 20 mars.<\/em><\/strong><\/p>\n\n\n\n<!--more-->\n\n\n\n<p>Dans sa premi\u00e8re exposition personnelle, joliment intitul\u00e9e <em>\u2018\u2018Chroma-Tic\u2019\u2019<\/em>, Souha Antit d\u00e9voile son univers pictural richement color\u00e9, un style qu\u2019elle a adopt\u00e9 depuis quelques ann\u00e9es et qui se distingue par une vivacit\u00e9 chromatique et une richesse de motifs et de th\u00e8mes, allant des portraits de femmes et des sc\u00e8nes de la vie quotidienne. Pour elle, la femme incarne la joie, la douceur et la beaut\u00e9. Elle incarne, tout simplement, la vie dans son \u00e9clat de lumi\u00e8res et de couleurs.<\/p>\n\n\n\n<p>Souha Antit, originaire de Tunis, est \u00e2g\u00e9e de 24 ans. \u00c9tudiante en m\u00e9decine dentaire et artiste peintre autodidacte, elle s\u2019est passionn\u00e9e pour la peinture depuis son plus jeune \u00e2ge. Elle s\u2019est initi\u00e9e \u00e0 la peinture acrylique d\u00e8s 13 ans et de 2016 \u00e0 2020, elle a particip\u00e9 \u00e0 6 expositions collectives en Tunisie. Pendant cette p\u00e9riode, elle a confront\u00e9 son exp\u00e9rience avec celles des autres artistes de sa g\u00e9n\u00e9ration et, ce faisant, acquis une plus grande ma\u00eetrise de ses techniques et affin\u00e9 son style port\u00e9 par une boulimie de couleurs et de lumi\u00e8res toute m\u00e9diterran\u00e9enne.<\/p>\n","protected":false},"excerpt":{"rendered":"<p>Le centre culturel Pr\u00e9face \u00e0 Sousse annonce le vernissage de l\u2019exposition intitul\u00e9e \u2018\u2018Chroma-Tic\u2019\u2019 de la jeune artiste Souha Antit, et ce demain, samedi 20 f\u00e9vrier 2021, \u00e0 partir de 16 heures. L\u2019exposition sera ouverte au public jusqu\u2019au 20 mars.<\/p>\n","protected":false},"author":8,"featured_media":336949,"comment_status":"open","ping_status":"open","sticky":false,"template":"","format":"standard","meta":{"footnotes":""},"categories":[994,2433],"tags":[84202,87647,854],"class_list":["post-336948","post","type-post","status-publish","format-standard","has-post-thumbnail","hentry","category-culture","category-tunisie","tag-centre-culturel-preface","tag-souha-antit","tag-sousse"],"yoast_head":"<!-- This site is optimized with the Yoast SEO plugin v26.6 - https:\/\/yoast.com\/wordpress\/plugins\/seo\/ -->\n<title>Souha Antit expose au centre Pr\u00e9face : une boulimie de couleurs et de lumi\u00e8res - Kapitalis<\/title>\n<meta name=\"robots\" content=\"index, follow, max-snippet:-1, max-image-preview:large, max-video-preview:-1\" \/>\n<link rel=\"canonical\" href=\"https:\/\/kapitalis.com\/tunisie\/2021\/02\/19\/souha-antit-expose-au-centre-preface-une-boulimie-de-couleurs-et-de-lumieres\/\" \/>\n<meta property=\"og:locale\" content=\"fr_FR\" \/>\n<meta property=\"og:type\" content=\"article\" \/>\n<meta property=\"og:title\" content=\"Souha Antit expose au centre Pr\u00e9face : une boulimie de couleurs et de lumi\u00e8res - Kapitalis\" \/>\n<meta property=\"og:description\" content=\"Le centre culturel Pr\u00e9face \u00e0 Sousse annonce le vernissage de l\u2019exposition intitul\u00e9e \u2018\u2018Chroma-Tic\u2019\u2019 de la jeune artiste Souha Antit, et ce demain, samedi 20 f\u00e9vrier 2021, \u00e0 partir de 16 heures. L\u2019exposition sera ouverte au public jusqu\u2019au 20 mars.\" \/>\n<meta property=\"og:url\" content=\"https:\/\/kapitalis.com\/tunisie\/2021\/02\/19\/souha-antit-expose-au-centre-preface-une-boulimie-de-couleurs-et-de-lumieres\/\" \/>\n<meta property=\"og:site_name\" content=\"Kapitalis\" \/>\n<meta property=\"article:publisher\" content=\"https:\/\/www.facebook.com\/KapitalisInfo\/\" \/>\n<meta property=\"article:published_time\" content=\"2021-02-19T12:31:50+00:00\" \/>\n<meta property=\"article:modified_time\" content=\"2021-02-19T12:31:52+00:00\" \/>\n<meta property=\"og:image\" content=\"https:\/\/kapitalis.com\/tunisie\/wp-content\/uploads\/2022\/05\/kapitalis-logo-fb.png\" \/>\n\t<meta property=\"og:image:width\" content=\"1200\" \/>\n\t<meta property=\"og:image:height\" content=\"630\" \/>\n\t<meta property=\"og:image:type\" content=\"image\/png\" \/>\n<meta name=\"author\" content=\"webmaster kapitalis\" \/>\n<meta name=\"twitter:card\" content=\"summary_large_image\" \/>\n<meta name=\"twitter:creator\" content=\"@KapitalisInfo\" \/>\n<meta name=\"twitter:site\" content=\"@KapitalisInfo\" \/>\n<meta name=\"twitter:label1\" content=\"\u00c9crit par\" \/>\n\t<meta name=\"twitter:data1\" content=\"webmaster kapitalis\" \/>\n\t<meta name=\"twitter:label2\" content=\"Dur\u00e9e de lecture estim\u00e9e\" \/>\n\t<meta name=\"twitter:data2\" content=\"1 minute\" \/>\n<script type=\"application\/ld+json\" class=\"yoast-schema-graph\">{\"@context\":\"https:\/\/schema.org\",\"@graph\":[{\"@type\":\"Article\",\"@id\":\"https:\/\/kapitalis.com\/tunisie\/2021\/02\/19\/souha-antit-expose-au-centre-preface-une-boulimie-de-couleurs-et-de-lumieres\/#article\",\"isPartOf\":{\"@id\":\"https:\/\/kapitalis.com\/tunisie\/2021\/02\/19\/souha-antit-expose-au-centre-preface-une-boulimie-de-couleurs-et-de-lumieres\/\"},\"author\":{\"name\":\"webmaster kapitalis\",\"@id\":\"https:\/\/kapitalis.com\/tunisie\/#\/schema\/person\/d71f33a9ca44f7bad4698210b480c8e9\"},\"headline\":\"Souha Antit expose au centre Pr\u00e9face : une boulimie de couleurs et de lumi\u00e8res\",\"datePublished\":\"2021-02-19T12:31:50+00:00\",\"dateModified\":\"2021-02-19T12:31:52+00:00\",\"mainEntityOfPage\":{\"@id\":\"https:\/\/kapitalis.com\/tunisie\/2021\/02\/19\/souha-antit-expose-au-centre-preface-une-boulimie-de-couleurs-et-de-lumieres\/\"},\"wordCount\":242,\"commentCount\":0,\"publisher\":{\"@id\":\"https:\/\/kapitalis.com\/tunisie\/#organization\"},\"image\":{\"@id\":\"https:\/\/kapitalis.com\/tunisie\/2021\/02\/19\/souha-antit-expose-au-centre-preface-une-boulimie-de-couleurs-et-de-lumieres\/#primaryimage\"},\"thumbnailUrl\":\"\",\"keywords\":[\"Centre culturel Pr\u00e9face\",\"Souha Antit\",\"Sousse\"],\"articleSection\":[\"CULTURE\",\"Tunisie\"],\"inLanguage\":\"fr-FR\",\"potentialAction\":[{\"@type\":\"CommentAction\",\"name\":\"Comment\",\"target\":[\"https:\/\/kapitalis.com\/tunisie\/2021\/02\/19\/souha-antit-expose-au-centre-preface-une-boulimie-de-couleurs-et-de-lumieres\/#respond\"]}]},{\"@type\":\"WebPage\",\"@id\":\"https:\/\/kapitalis.com\/tunisie\/2021\/02\/19\/souha-antit-expose-au-centre-preface-une-boulimie-de-couleurs-et-de-lumieres\/\",\"url\":\"https:\/\/kapitalis.com\/tunisie\/2021\/02\/19\/souha-antit-expose-au-centre-preface-une-boulimie-de-couleurs-et-de-lumieres\/\",\"name\":\"Souha Antit expose au centre Pr\u00e9face : une boulimie de couleurs et de lumi\u00e8res - Kapitalis\",\"isPartOf\":{\"@id\":\"https:\/\/kapitalis.com\/tunisie\/#website\"},\"primaryImageOfPage\":{\"@id\":\"https:\/\/kapitalis.com\/tunisie\/2021\/02\/19\/souha-antit-expose-au-centre-preface-une-boulimie-de-couleurs-et-de-lumieres\/#primaryimage\"},\"image\":{\"@id\":\"https:\/\/kapitalis.com\/tunisie\/2021\/02\/19\/souha-antit-expose-au-centre-preface-une-boulimie-de-couleurs-et-de-lumieres\/#primaryimage\"},\"thumbnailUrl\":\"\",\"datePublished\":\"2021-02-19T12:31:50+00:00\",\"dateModified\":\"2021-02-19T12:31:52+00:00\",\"breadcrumb\":{\"@id\":\"https:\/\/kapitalis.com\/tunisie\/2021\/02\/19\/souha-antit-expose-au-centre-preface-une-boulimie-de-couleurs-et-de-lumieres\/#breadcrumb\"},\"inLanguage\":\"fr-FR\",\"potentialAction\":[{\"@type\":\"ReadAction\",\"target\":[\"https:\/\/kapitalis.com\/tunisie\/2021\/02\/19\/souha-antit-expose-au-centre-preface-une-boulimie-de-couleurs-et-de-lumieres\/\"]}]},{\"@type\":\"ImageObject\",\"inLanguage\":\"fr-FR\",\"@id\":\"https:\/\/kapitalis.com\/tunisie\/2021\/02\/19\/souha-antit-expose-au-centre-preface-une-boulimie-de-couleurs-et-de-lumieres\/#primaryimage\",\"url\":\"\",\"contentUrl\":\"\"},{\"@type\":\"BreadcrumbList\",\"@id\":\"https:\/\/kapitalis.com\/tunisie\/2021\/02\/19\/souha-antit-expose-au-centre-preface-une-boulimie-de-couleurs-et-de-lumieres\/#breadcrumb\",\"itemListElement\":[{\"@type\":\"ListItem\",\"position\":1,\"name\":\"Accueil\",\"item\":\"https:\/\/kapitalis.com\/tunisie\/\"},{\"@type\":\"ListItem\",\"position\":2,\"name\":\"Souha Antit expose au centre Pr\u00e9face : une boulimie de couleurs et de lumi\u00e8res\"}]},{\"@type\":\"WebSite\",\"@id\":\"https:\/\/kapitalis.com\/tunisie\/#website\",\"url\":\"https:\/\/kapitalis.com\/tunisie\/\",\"name\":\"Kapitalis\",\"description\":\"L&#039;actualit\u00e9 en Tunisie et dans le monde\",\"publisher\":{\"@id\":\"https:\/\/kapitalis.com\/tunisie\/#organization\"},\"potentialAction\":[{\"@type\":\"SearchAction\",\"target\":{\"@type\":\"EntryPoint\",\"urlTemplate\":\"https:\/\/kapitalis.com\/tunisie\/?s={search_term_string}\"},\"query-input\":{\"@type\":\"PropertyValueSpecification\",\"valueRequired\":true,\"valueName\":\"search_term_string\"}}],\"inLanguage\":\"fr-FR\"},{\"@type\":\"Organization\",\"@id\":\"https:\/\/kapitalis.com\/tunisie\/#organization\",\"name\":\"Kapitalis\",\"url\":\"https:\/\/kapitalis.com\/tunisie\/\",\"logo\":{\"@type\":\"ImageObject\",\"inLanguage\":\"fr-FR\",\"@id\":\"https:\/\/kapitalis.com\/tunisie\/#\/schema\/logo\/image\/\",\"url\":\"https:\/\/kapitalis.com\/tunisie\/wp-content\/uploads\/2022\/05\/Kapitalis-big-size.png\",\"contentUrl\":\"https:\/\/kapitalis.com\/tunisie\/wp-content\/uploads\/2022\/05\/Kapitalis-big-size.png\",\"width\":5000,\"height\":1500,\"caption\":\"Kapitalis\"},\"image\":{\"@id\":\"https:\/\/kapitalis.com\/tunisie\/#\/schema\/logo\/image\/\"},\"sameAs\":[\"https:\/\/www.facebook.com\/KapitalisInfo\/\",\"https:\/\/x.com\/KapitalisInfo\",\"https:\/\/www.youtube.com\/channel\/UC-yDYrHyfFBWWZaOw3FPg9Q\"]},{\"@type\":\"Person\",\"@id\":\"https:\/\/kapitalis.com\/tunisie\/#\/schema\/person\/d71f33a9ca44f7bad4698210b480c8e9\",\"name\":\"webmaster kapitalis\",\"url\":\"https:\/\/kapitalis.com\/tunisie\/author\/webmaster-kapitalis\/\"}]}<\/script>\n<!-- \/ Yoast SEO plugin. -->","yoast_head_json":{"title":"Souha Antit expose au centre Pr\u00e9face : une boulimie de couleurs et de lumi\u00e8res - Kapitalis","robots":{"index":"index","follow":"follow","max-snippet":"max-snippet:-1","max-image-preview":"max-image-preview:large","max-video-preview":"max-video-preview:-1"},"canonical":"https:\/\/kapitalis.com\/tunisie\/2021\/02\/19\/souha-antit-expose-au-centre-preface-une-boulimie-de-couleurs-et-de-lumieres\/","og_locale":"fr_FR","og_type":"article","og_title":"Souha Antit expose au centre Pr\u00e9face : une boulimie de couleurs et de lumi\u00e8res - Kapitalis","og_description":"Le centre culturel Pr\u00e9face \u00e0 Sousse annonce le vernissage de l\u2019exposition intitul\u00e9e \u2018\u2018Chroma-Tic\u2019\u2019 de la jeune artiste Souha Antit, et ce demain, samedi 20 f\u00e9vrier 2021, \u00e0 partir de 16 heures. L\u2019exposition sera ouverte au public jusqu\u2019au 20 mars.","og_url":"https:\/\/kapitalis.com\/tunisie\/2021\/02\/19\/souha-antit-expose-au-centre-preface-une-boulimie-de-couleurs-et-de-lumieres\/","og_site_name":"Kapitalis","article_publisher":"https:\/\/www.facebook.com\/KapitalisInfo\/","article_published_time":"2021-02-19T12:31:50+00:00","article_modified_time":"2021-02-19T12:31:52+00:00","og_image":[{"width":1200,"height":630,"url":"https:\/\/kapitalis.com\/tunisie\/wp-content\/uploads\/2022\/05\/kapitalis-logo-fb.png","type":"image\/png"}],"author":"webmaster kapitalis","twitter_card":"summary_large_image","twitter_creator":"@KapitalisInfo","twitter_site":"@KapitalisInfo","twitter_misc":{"\u00c9crit par":"webmaster kapitalis","Dur\u00e9e de lecture estim\u00e9e":"1 minute"},"schema":{"@context":"https:\/\/schema.org","@graph":[{"@type":"Article","@id":"https:\/\/kapitalis.com\/tunisie\/2021\/02\/19\/souha-antit-expose-au-centre-preface-une-boulimie-de-couleurs-et-de-lumieres\/#article","isPartOf":{"@id":"https:\/\/kapitalis.com\/tunisie\/2021\/02\/19\/souha-antit-expose-au-centre-preface-une-boulimie-de-couleurs-et-de-lumieres\/"},"author":{"name":"webmaster kapitalis","@id":"https:\/\/kapitalis.com\/tunisie\/#\/schema\/person\/d71f33a9ca44f7bad4698210b480c8e9"},"headline":"Souha Antit expose au centre Pr\u00e9face : une boulimie de couleurs et de lumi\u00e8res","datePublished":"2021-02-19T12:31:50+00:00","dateModified":"2021-02-19T12:31:52+00:00","mainEntityOfPage":{"@id":"https:\/\/kapitalis.com\/tunisie\/2021\/02\/19\/souha-antit-expose-au-centre-preface-une-boulimie-de-couleurs-et-de-lumieres\/"},"wordCount":242,"commentCount":0,"publisher":{"@id":"https:\/\/kapitalis.com\/tunisie\/#organization"},"image":{"@id":"https:\/\/kapitalis.com\/tunisie\/2021\/02\/19\/souha-antit-expose-au-centre-preface-une-boulimie-de-couleurs-et-de-lumieres\/#primaryimage"},"thumbnailUrl":"","keywords":["Centre culturel Pr\u00e9face","Souha Antit","Sousse"],"articleSection":["CULTURE","Tunisie"],"inLanguage":"fr-FR","potentialAction":[{"@type":"CommentAction","name":"Comment","target":["https:\/\/kapitalis.com\/tunisie\/2021\/02\/19\/souha-antit-expose-au-centre-preface-une-boulimie-de-couleurs-et-de-lumieres\/#respond"]}]},{"@type":"WebPage","@id":"https:\/\/kapitalis.com\/tunisie\/2021\/02\/19\/souha-antit-expose-au-centre-preface-une-boulimie-de-couleurs-et-de-lumieres\/","url":"https:\/\/kapitalis.com\/tunisie\/2021\/02\/19\/souha-antit-expose-au-centre-preface-une-boulimie-de-couleurs-et-de-lumieres\/","name":"Souha Antit expose au centre Pr\u00e9face : une boulimie de couleurs et de lumi\u00e8res - Kapitalis","isPartOf":{"@id":"https:\/\/kapitalis.com\/tunisie\/#website"},"primaryImageOfPage":{"@id":"https:\/\/kapitalis.com\/tunisie\/2021\/02\/19\/souha-antit-expose-au-centre-preface-une-boulimie-de-couleurs-et-de-lumieres\/#primaryimage"},"image":{"@id":"https:\/\/kapitalis.com\/tunisie\/2021\/02\/19\/souha-antit-expose-au-centre-preface-une-boulimie-de-couleurs-et-de-lumieres\/#primaryimage"},"thumbnailUrl":"","datePublished":"2021-02-19T12:31:50+00:00","dateModified":"2021-02-19T12:31:52+00:00","breadcrumb":{"@id":"https:\/\/kapitalis.com\/tunisie\/2021\/02\/19\/souha-antit-expose-au-centre-preface-une-boulimie-de-couleurs-et-de-lumieres\/#breadcrumb"},"inLanguage":"fr-FR","potentialAction":[{"@type":"ReadAction","target":["https:\/\/kapitalis.com\/tunisie\/2021\/02\/19\/souha-antit-expose-au-centre-preface-une-boulimie-de-couleurs-et-de-lumieres\/"]}]},{"@type":"ImageObject","inLanguage":"fr-FR","@id":"https:\/\/kapitalis.com\/tunisie\/2021\/02\/19\/souha-antit-expose-au-centre-preface-une-boulimie-de-couleurs-et-de-lumieres\/#primaryimage","url":"","contentUrl":""},{"@type":"BreadcrumbList","@id":"https:\/\/kapitalis.com\/tunisie\/2021\/02\/19\/souha-antit-expose-au-centre-preface-une-boulimie-de-couleurs-et-de-lumieres\/#breadcrumb","itemListElement":[{"@type":"ListItem","position":1,"name":"Accueil","item":"https:\/\/kapitalis.com\/tunisie\/"},{"@type":"ListItem","position":2,"name":"Souha Antit expose au centre Pr\u00e9face : une boulimie de couleurs et de lumi\u00e8res"}]},{"@type":"WebSite","@id":"https:\/\/kapitalis.com\/tunisie\/#website","url":"https:\/\/kapitalis.com\/tunisie\/","name":"Kapitalis","description":"L&#039;actualit\u00e9 en Tunisie et dans le monde","publisher":{"@id":"https:\/\/kapitalis.com\/tunisie\/#organization"},"potentialAction":[{"@type":"SearchAction","target":{"@type":"EntryPoint","urlTemplate":"https:\/\/kapitalis.com\/tunisie\/?s={search_term_string}"},"query-input":{"@type":"PropertyValueSpecification","valueRequired":true,"valueName":"search_term_string"}}],"inLanguage":"fr-FR"},{"@type":"Organization","@id":"https:\/\/kapitalis.com\/tunisie\/#organization","name":"Kapitalis","url":"https:\/\/kapitalis.com\/tunisie\/","logo":{"@type":"ImageObject","inLanguage":"fr-FR","@id":"https:\/\/kapitalis.com\/tunisie\/#\/schema\/logo\/image\/","url":"https:\/\/kapitalis.com\/tunisie\/wp-content\/uploads\/2022\/05\/Kapitalis-big-size.png","contentUrl":"https:\/\/kapitalis.com\/tunisie\/wp-content\/uploads\/2022\/05\/Kapitalis-big-size.png","width":5000,"height":1500,"caption":"Kapitalis"},"image":{"@id":"https:\/\/kapitalis.com\/tunisie\/#\/schema\/logo\/image\/"},"sameAs":["https:\/\/www.facebook.com\/KapitalisInfo\/","https:\/\/x.com\/KapitalisInfo","https:\/\/www.youtube.com\/channel\/UC-yDYrHyfFBWWZaOw3FPg9Q"]},{"@type":"Person","@id":"https:\/\/kapitalis.com\/tunisie\/#\/schema\/person\/d71f33a9ca44f7bad4698210b480c8e9","name":"webmaster kapitalis","url":"https:\/\/kapitalis.com\/tunisie\/author\/webmaster-kapitalis\/"}]}},"_links":{"self":[{"href":"https:\/\/kapitalis.com\/tunisie\/wp-json\/wp\/v2\/posts\/336948","targetHints":{"allow":["GET"]}}],"collection":[{"href":"https:\/\/kapitalis.com\/tunisie\/wp-json\/wp\/v2\/posts"}],"about":[{"href":"https:\/\/kapitalis.com\/tunisie\/wp-json\/wp\/v2\/types\/post"}],"author":[{"embeddable":true,"href":"https:\/\/kapitalis.com\/tunisie\/wp-json\/wp\/v2\/users\/8"}],"replies":[{"embeddable":true,"href":"https:\/\/kapitalis.com\/tunisie\/wp-json\/wp\/v2\/comments?post=336948"}],"version-history":[{"count":0,"href":"https:\/\/kapitalis.com\/tunisie\/wp-json\/wp\/v2\/posts\/336948\/revisions"}],"wp:featuredmedia":[{"embeddable":true,"href":"https:\/\/kapitalis.com\/tunisie\/wp-json\/wp\/v2\/media\/336949"}],"wp:attachment":[{"href":"https:\/\/kapitalis.com\/tunisie\/wp-json\/wp\/v2\/media?parent=336948"}],"wp:term":[{"taxonomy":"category","embeddable":true,"href":"https:\/\/kapitalis.com\/tunisie\/wp-json\/wp\/v2\/categories?post=336948"},{"taxonomy":"post_tag","embeddable":true,"href":"https:\/\/kapitalis.com\/tunisie\/wp-json\/wp\/v2\/tags?post=336948"}],"curies":[{"name":"wp","href":"https:\/\/api.w.org\/{rel}","templated":true}]}}