{"id":337240,"date":"2021-02-22T10:18:56","date_gmt":"2021-02-22T09:18:56","guid":{"rendered":"http:\/\/kapitalis.com\/tunisie\/?p=337240"},"modified":"2021-02-24T09:19:06","modified_gmt":"2021-02-24T08:19:06","slug":"critique-pour-sa-communication-politique-mustapha-ben-ahmed-craque","status":"publish","type":"post","link":"https:\/\/kapitalis.com\/tunisie\/2021\/02\/22\/critique-pour-sa-communication-politique-mustapha-ben-ahmed-craque\/","title":{"rendered":"Critiqu\u00e9 pour sa communication politique, Mustapha Ben Ahmed \u00abcraque\u00bb"},"content":{"rendered":"\n<figure class=\"wp-block-image size-large\"><img decoding=\"async\" src=\"http:\/\/kapitalis.com\/tunisie\/wp-content\/uploads\/2021\/02\/mustapha-ben-ahmed-mehdi-ghazzai.jpg\" alt=\"\" class=\"wp-image-337255\"\/><\/figure>\n\n\n\n<p><strong><em>Critiqu\u00e9 par Mehdi Ghazzai, analyste du discours politique, pour la strat\u00e9gie de communication qu&rsquo;il a adopt\u00e9e lors de son passage \u00e0 l&rsquo;\u00e9mission \u201cWahch ch\u00e9cha\u201d, sur Attesia TV, le d\u00e9put\u00e9 et chef du bloc parlementaire de Tahya Tounes, Mustapha Ben Ahmed, a \u00e9t\u00e9 totalement d\u00e9stabilis\u00e9\u2026<\/em><\/strong><\/p>\n\n\n\n<!--more-->\n\n\n\n<p>Comme chaque semaine, Mehdi Ghazzai a fait son apparition, dimanche 21 f\u00e9vrier 2021, sur le plateau apr\u00e8s pr\u00e8s d&rsquo;une heure trente de d\u00e9bat entre l&rsquo;animateur, Samir El-Wafi et ses 4 invit\u00e9s, dont Mustapha Ben Ahmed.<\/p>\n\n\n\n<p>\u00ab<em>La communication politique de M. Ben Ahmed a \u00e9t\u00e9 faible, voire inexistante. Honn\u00eatement, je n&rsquo;ai pas trouv\u00e9 de mati\u00e8re \u00e0 analyser<\/em> [dans ses propos]<em>. Il n&rsquo;y a pas de messages politiques claires, ni de public vis\u00e9, ni de lexique choisi <\/em>[&#8230;]<em> On peut m\u00eame se demander quel est l&rsquo;objectif de son apparition m\u00e9diatique aujourd&rsquo;hui. <em>Il a parl\u00e9 comme un analyste ou un chroniqueur, pas un politicien de premier rang<\/em>\u00bb<\/em>, souligne Mehdi Ghazzai.<\/p>\n\n\n\n<p>\u00ab<em>Son discours purement narratif peut plaire au Saf saf <\/em>[un c\u00e9l\u00e8bre caf\u00e9 \u00e0 la banlieue de Tunis, ndlr] <em>par exemple, mais pas dans une \u00e9mission TV de prime time suivie par des millions de t\u00e9l\u00e9spectateurs<\/em>\u00bb, ajoute-t-il non sans ironie.<\/p>\n\n\n\n<p>Le jeune analyste ne se doutait probablement pas qu&rsquo;il allait \u00e9veiller une facette, jusque-l\u00e0 cach\u00e9e, dans la personnalit\u00e9 du d\u00e9put\u00e9&#8230;<\/p>\n\n\n\n<p>En effet, ce dernier n&rsquo;a, tout bonnement, pas accept\u00e9 les critiques de M. Ghazzai, et n&rsquo;ayant vraisemblablement rien \u00e0 dire de pertinent pour se d\u00e9fendre, il a demand\u00e9 pr\u00e8s d&rsquo;une dizaine de fois \u00e0 l&rsquo;animateur, devant la cam\u00e9ra, de censurer toute cette partie de l&rsquo;\u00e9mission. Oui rien que \u00e7a. Un politicien cens\u00e9 appartenir \u00e0 un parti d\u00e9mocrate et moderniste souhaite ouvertement faire taire une personne pour avoir&#8230; exprim\u00e9 une opinion.<\/p>\n\n\n\n<p>En parall\u00e8le, il n&rsquo;a pas arr\u00eat\u00e9 de pleurnicher, pendant pr\u00e8s de 20 minutes, et d&rsquo;attaquer personnellement Mehdi Ghazzai, assurant, entre autres, que ce dernier n&rsquo;avait aucune comp\u00e9tence lui permettant d&rsquo;analyser ses propos et qu&rsquo;il \u00e9tait \u00ab<em>charg\u00e9 d&rsquo;une mission<\/em>\u00bb&#8230; tout en affirmant qu&rsquo;il ne le connaissait pas du tout avant cet \u00e9pisode. Cherchez l&rsquo;erreur !<\/p>\n\n\n\n<p>Mustapha Ben Ahmed, 67 ans, s&rsquo;est-il senti humili\u00e9 par des critiques aussi s\u00e9v\u00e8res (et en grande partie pertinentes) d&rsquo;un jeune qui a l&rsquo;\u00e2ge de son fils ? C&rsquo;est possible. Il a, d&rsquo;ailleurs dit : \u00ab<em>Moi je suis de l&rsquo;ancienne \u00e9cole. Je n&rsquo;accepte pas \u00e7a<\/em>\u00bb<em>.<\/em> Mais au final, il s&rsquo;est humili\u00e9 lui-m\u00eame \u00e0 travers sa r\u00e9action totalement disproportionn\u00e9e. Il a m\u00eame confirm\u00e9 les remarques de Ghazzai, en se comportant comme s&rsquo;il \u00e9tait dans un caf\u00e9.<\/p>\n\n\n\n<p>Quoi qu&rsquo;il en soit, sa r\u00e9action a \u00e9t\u00e9 tr\u00e8s r\u00e9v\u00e9latrice de tout un \u00e9tat d&rsquo;esprit chez nos politiciens, et en particulier ceux de cette \u00ab<em>ancienne \u00e9cole<\/em>\u00bb justement. Celle notamment de l&rsquo;ancien dictateur, Habib Bourguiba. <\/p>\n\n\n\n<p>Ils ont beau pr\u00e9tendre \u00eatre d\u00e9mocrates et progressistes, ils demeurent incapables d&rsquo;accepter l&rsquo;un des droits les plus basiques et fondamentaux en d\u00e9mocratie : la libert\u00e9 d&rsquo;expression. <\/p>\n\n\n\n<p><a href=\"https:\/\/www.youtube.com\/watch?v=cluWTmEp3Ik&amp;ab_channel=AttessiaTV\"><strong>Lien<\/strong><\/a> de l&rsquo;\u00e9mission.<\/p>\n\n\n\n<p class=\"has-text-align-right\"><strong>Cherif Ben Youn\u00e8s<\/strong><\/p>\n","protected":false},"excerpt":{"rendered":"<p>Critiqu\u00e9 par Mehdi Ghazzai, analyste du discours politique, pour la strat\u00e9gie de communication qu&rsquo;il a adopt\u00e9e lors de son passage \u00e0 l&rsquo;\u00e9mission \u201cWahch ch\u00e9cha\u201d, sur Attesia TV, le d\u00e9put\u00e9 et chef du bloc parlementaire de Tahya Tounes, Mustapha Ben Ahmed, a \u00e9t\u00e9 totalement d\u00e9stabilis\u00e9\u2026<\/p>\n","protected":false},"author":24,"featured_media":337255,"comment_status":"open","ping_status":"open","sticky":false,"template":"","format":"standard","meta":{"footnotes":""},"categories":[996,997,2433],"tags":[87716,10375,808,54991,87717],"class_list":["post-337240","post","type-post","status-publish","format-standard","has-post-thumbnail","hentry","category-media","category-politique","category-tunisie","tag-mehdi-ghazzai","tag-mustapha-ben-ahmed","tag-samir-el-wafi","tag-tahya-tounes","tag-wahch-checha-2"],"yoast_head":"<!-- This site is optimized with the Yoast SEO plugin v26.6 - https:\/\/yoast.com\/wordpress\/plugins\/seo\/ -->\n<title>Critiqu\u00e9 pour sa communication politique, Mustapha Ben Ahmed \u00abcraque\u00bb - Kapitalis<\/title>\n<meta name=\"robots\" content=\"index, follow, max-snippet:-1, max-image-preview:large, max-video-preview:-1\" \/>\n<link rel=\"canonical\" href=\"https:\/\/kapitalis.com\/tunisie\/2021\/02\/22\/critique-pour-sa-communication-politique-mustapha-ben-ahmed-craque\/\" \/>\n<meta property=\"og:locale\" content=\"fr_FR\" \/>\n<meta property=\"og:type\" content=\"article\" \/>\n<meta property=\"og:title\" content=\"Critiqu\u00e9 pour sa communication politique, Mustapha Ben Ahmed \u00abcraque\u00bb - Kapitalis\" \/>\n<meta property=\"og:description\" content=\"Critiqu\u00e9 par Mehdi Ghazzai, analyste du discours politique, pour la strat\u00e9gie de communication qu&rsquo;il a adopt\u00e9e lors de son passage \u00e0 l&rsquo;\u00e9mission \u201cWahch ch\u00e9cha\u201d, sur Attesia TV, le d\u00e9put\u00e9 et chef du bloc parlementaire de Tahya Tounes, Mustapha Ben Ahmed, a \u00e9t\u00e9 totalement d\u00e9stabilis\u00e9\u2026\" \/>\n<meta property=\"og:url\" content=\"https:\/\/kapitalis.com\/tunisie\/2021\/02\/22\/critique-pour-sa-communication-politique-mustapha-ben-ahmed-craque\/\" \/>\n<meta property=\"og:site_name\" content=\"Kapitalis\" \/>\n<meta property=\"article:publisher\" content=\"https:\/\/www.facebook.com\/KapitalisInfo\/\" \/>\n<meta property=\"article:published_time\" content=\"2021-02-22T09:18:56+00:00\" \/>\n<meta property=\"article:modified_time\" content=\"2021-02-24T08:19:06+00:00\" \/>\n<meta property=\"og:image\" content=\"https:\/\/kapitalis.com\/tunisie\/wp-content\/uploads\/2022\/05\/kapitalis-logo-fb.png\" \/>\n\t<meta property=\"og:image:width\" content=\"1200\" \/>\n\t<meta property=\"og:image:height\" content=\"630\" \/>\n\t<meta property=\"og:image:type\" content=\"image\/png\" \/>\n<meta name=\"author\" content=\"Cherif Benyounes\" \/>\n<meta name=\"twitter:card\" content=\"summary_large_image\" \/>\n<meta name=\"twitter:creator\" content=\"@KapitalisInfo\" \/>\n<meta name=\"twitter:site\" content=\"@KapitalisInfo\" \/>\n<meta name=\"twitter:label1\" content=\"\u00c9crit par\" \/>\n\t<meta name=\"twitter:data1\" content=\"Cherif Benyounes\" \/>\n\t<meta name=\"twitter:label2\" content=\"Dur\u00e9e de lecture estim\u00e9e\" \/>\n\t<meta name=\"twitter:data2\" content=\"3 minutes\" \/>\n<script type=\"application\/ld+json\" class=\"yoast-schema-graph\">{\"@context\":\"https:\/\/schema.org\",\"@graph\":[{\"@type\":\"Article\",\"@id\":\"https:\/\/kapitalis.com\/tunisie\/2021\/02\/22\/critique-pour-sa-communication-politique-mustapha-ben-ahmed-craque\/#article\",\"isPartOf\":{\"@id\":\"https:\/\/kapitalis.com\/tunisie\/2021\/02\/22\/critique-pour-sa-communication-politique-mustapha-ben-ahmed-craque\/\"},\"author\":{\"name\":\"Cherif Benyounes\",\"@id\":\"https:\/\/kapitalis.com\/tunisie\/#\/schema\/person\/b35b8d631961131107263178aeb8019e\"},\"headline\":\"Critiqu\u00e9 pour sa communication politique, Mustapha Ben Ahmed \u00abcraque\u00bb\",\"datePublished\":\"2021-02-22T09:18:56+00:00\",\"dateModified\":\"2021-02-24T08:19:06+00:00\",\"mainEntityOfPage\":{\"@id\":\"https:\/\/kapitalis.com\/tunisie\/2021\/02\/22\/critique-pour-sa-communication-politique-mustapha-ben-ahmed-craque\/\"},\"wordCount\":512,\"commentCount\":2,\"publisher\":{\"@id\":\"https:\/\/kapitalis.com\/tunisie\/#organization\"},\"image\":{\"@id\":\"https:\/\/kapitalis.com\/tunisie\/2021\/02\/22\/critique-pour-sa-communication-politique-mustapha-ben-ahmed-craque\/#primaryimage\"},\"thumbnailUrl\":\"\",\"keywords\":[\"Mehdi ghazzai\",\"Mustapha Ben Ahmed\",\"Samir El-Wafi\",\"Tahya Tounes\",\"wahch ch\u00e9cha\"],\"articleSection\":[\"MEDIA\",\"POLITIQUE\",\"Tunisie\"],\"inLanguage\":\"fr-FR\",\"potentialAction\":[{\"@type\":\"CommentAction\",\"name\":\"Comment\",\"target\":[\"https:\/\/kapitalis.com\/tunisie\/2021\/02\/22\/critique-pour-sa-communication-politique-mustapha-ben-ahmed-craque\/#respond\"]}]},{\"@type\":\"WebPage\",\"@id\":\"https:\/\/kapitalis.com\/tunisie\/2021\/02\/22\/critique-pour-sa-communication-politique-mustapha-ben-ahmed-craque\/\",\"url\":\"https:\/\/kapitalis.com\/tunisie\/2021\/02\/22\/critique-pour-sa-communication-politique-mustapha-ben-ahmed-craque\/\",\"name\":\"Critiqu\u00e9 pour sa communication politique, Mustapha Ben Ahmed \u00abcraque\u00bb - Kapitalis\",\"isPartOf\":{\"@id\":\"https:\/\/kapitalis.com\/tunisie\/#website\"},\"primaryImageOfPage\":{\"@id\":\"https:\/\/kapitalis.com\/tunisie\/2021\/02\/22\/critique-pour-sa-communication-politique-mustapha-ben-ahmed-craque\/#primaryimage\"},\"image\":{\"@id\":\"https:\/\/kapitalis.com\/tunisie\/2021\/02\/22\/critique-pour-sa-communication-politique-mustapha-ben-ahmed-craque\/#primaryimage\"},\"thumbnailUrl\":\"\",\"datePublished\":\"2021-02-22T09:18:56+00:00\",\"dateModified\":\"2021-02-24T08:19:06+00:00\",\"breadcrumb\":{\"@id\":\"https:\/\/kapitalis.com\/tunisie\/2021\/02\/22\/critique-pour-sa-communication-politique-mustapha-ben-ahmed-craque\/#breadcrumb\"},\"inLanguage\":\"fr-FR\",\"potentialAction\":[{\"@type\":\"ReadAction\",\"target\":[\"https:\/\/kapitalis.com\/tunisie\/2021\/02\/22\/critique-pour-sa-communication-politique-mustapha-ben-ahmed-craque\/\"]}]},{\"@type\":\"ImageObject\",\"inLanguage\":\"fr-FR\",\"@id\":\"https:\/\/kapitalis.com\/tunisie\/2021\/02\/22\/critique-pour-sa-communication-politique-mustapha-ben-ahmed-craque\/#primaryimage\",\"url\":\"\",\"contentUrl\":\"\"},{\"@type\":\"BreadcrumbList\",\"@id\":\"https:\/\/kapitalis.com\/tunisie\/2021\/02\/22\/critique-pour-sa-communication-politique-mustapha-ben-ahmed-craque\/#breadcrumb\",\"itemListElement\":[{\"@type\":\"ListItem\",\"position\":1,\"name\":\"Accueil\",\"item\":\"https:\/\/kapitalis.com\/tunisie\/\"},{\"@type\":\"ListItem\",\"position\":2,\"name\":\"Critiqu\u00e9 pour sa communication politique, Mustapha Ben Ahmed \u00abcraque\u00bb\"}]},{\"@type\":\"WebSite\",\"@id\":\"https:\/\/kapitalis.com\/tunisie\/#website\",\"url\":\"https:\/\/kapitalis.com\/tunisie\/\",\"name\":\"Kapitalis\",\"description\":\"L&#039;actualit\u00e9 en Tunisie et dans le monde\",\"publisher\":{\"@id\":\"https:\/\/kapitalis.com\/tunisie\/#organization\"},\"potentialAction\":[{\"@type\":\"SearchAction\",\"target\":{\"@type\":\"EntryPoint\",\"urlTemplate\":\"https:\/\/kapitalis.com\/tunisie\/?s={search_term_string}\"},\"query-input\":{\"@type\":\"PropertyValueSpecification\",\"valueRequired\":true,\"valueName\":\"search_term_string\"}}],\"inLanguage\":\"fr-FR\"},{\"@type\":\"Organization\",\"@id\":\"https:\/\/kapitalis.com\/tunisie\/#organization\",\"name\":\"Kapitalis\",\"url\":\"https:\/\/kapitalis.com\/tunisie\/\",\"logo\":{\"@type\":\"ImageObject\",\"inLanguage\":\"fr-FR\",\"@id\":\"https:\/\/kapitalis.com\/tunisie\/#\/schema\/logo\/image\/\",\"url\":\"https:\/\/kapitalis.com\/tunisie\/wp-content\/uploads\/2022\/05\/Kapitalis-big-size.png\",\"contentUrl\":\"https:\/\/kapitalis.com\/tunisie\/wp-content\/uploads\/2022\/05\/Kapitalis-big-size.png\",\"width\":5000,\"height\":1500,\"caption\":\"Kapitalis\"},\"image\":{\"@id\":\"https:\/\/kapitalis.com\/tunisie\/#\/schema\/logo\/image\/\"},\"sameAs\":[\"https:\/\/www.facebook.com\/KapitalisInfo\/\",\"https:\/\/x.com\/KapitalisInfo\",\"https:\/\/www.youtube.com\/channel\/UC-yDYrHyfFBWWZaOw3FPg9Q\"]},{\"@type\":\"Person\",\"@id\":\"https:\/\/kapitalis.com\/tunisie\/#\/schema\/person\/b35b8d631961131107263178aeb8019e\",\"name\":\"Cherif Benyounes\",\"url\":\"https:\/\/kapitalis.com\/tunisie\/author\/cherif\/\"}]}<\/script>\n<!-- \/ Yoast SEO plugin. -->","yoast_head_json":{"title":"Critiqu\u00e9 pour sa communication politique, Mustapha Ben Ahmed \u00abcraque\u00bb - Kapitalis","robots":{"index":"index","follow":"follow","max-snippet":"max-snippet:-1","max-image-preview":"max-image-preview:large","max-video-preview":"max-video-preview:-1"},"canonical":"https:\/\/kapitalis.com\/tunisie\/2021\/02\/22\/critique-pour-sa-communication-politique-mustapha-ben-ahmed-craque\/","og_locale":"fr_FR","og_type":"article","og_title":"Critiqu\u00e9 pour sa communication politique, Mustapha Ben Ahmed \u00abcraque\u00bb - Kapitalis","og_description":"Critiqu\u00e9 par Mehdi Ghazzai, analyste du discours politique, pour la strat\u00e9gie de communication qu&rsquo;il a adopt\u00e9e lors de son passage \u00e0 l&rsquo;\u00e9mission \u201cWahch ch\u00e9cha\u201d, sur Attesia TV, le d\u00e9put\u00e9 et chef du bloc parlementaire de Tahya Tounes, Mustapha Ben Ahmed, a \u00e9t\u00e9 totalement d\u00e9stabilis\u00e9\u2026","og_url":"https:\/\/kapitalis.com\/tunisie\/2021\/02\/22\/critique-pour-sa-communication-politique-mustapha-ben-ahmed-craque\/","og_site_name":"Kapitalis","article_publisher":"https:\/\/www.facebook.com\/KapitalisInfo\/","article_published_time":"2021-02-22T09:18:56+00:00","article_modified_time":"2021-02-24T08:19:06+00:00","og_image":[{"width":1200,"height":630,"url":"https:\/\/kapitalis.com\/tunisie\/wp-content\/uploads\/2022\/05\/kapitalis-logo-fb.png","type":"image\/png"}],"author":"Cherif Benyounes","twitter_card":"summary_large_image","twitter_creator":"@KapitalisInfo","twitter_site":"@KapitalisInfo","twitter_misc":{"\u00c9crit par":"Cherif Benyounes","Dur\u00e9e de lecture estim\u00e9e":"3 minutes"},"schema":{"@context":"https:\/\/schema.org","@graph":[{"@type":"Article","@id":"https:\/\/kapitalis.com\/tunisie\/2021\/02\/22\/critique-pour-sa-communication-politique-mustapha-ben-ahmed-craque\/#article","isPartOf":{"@id":"https:\/\/kapitalis.com\/tunisie\/2021\/02\/22\/critique-pour-sa-communication-politique-mustapha-ben-ahmed-craque\/"},"author":{"name":"Cherif Benyounes","@id":"https:\/\/kapitalis.com\/tunisie\/#\/schema\/person\/b35b8d631961131107263178aeb8019e"},"headline":"Critiqu\u00e9 pour sa communication politique, Mustapha Ben Ahmed \u00abcraque\u00bb","datePublished":"2021-02-22T09:18:56+00:00","dateModified":"2021-02-24T08:19:06+00:00","mainEntityOfPage":{"@id":"https:\/\/kapitalis.com\/tunisie\/2021\/02\/22\/critique-pour-sa-communication-politique-mustapha-ben-ahmed-craque\/"},"wordCount":512,"commentCount":2,"publisher":{"@id":"https:\/\/kapitalis.com\/tunisie\/#organization"},"image":{"@id":"https:\/\/kapitalis.com\/tunisie\/2021\/02\/22\/critique-pour-sa-communication-politique-mustapha-ben-ahmed-craque\/#primaryimage"},"thumbnailUrl":"","keywords":["Mehdi ghazzai","Mustapha Ben Ahmed","Samir El-Wafi","Tahya Tounes","wahch ch\u00e9cha"],"articleSection":["MEDIA","POLITIQUE","Tunisie"],"inLanguage":"fr-FR","potentialAction":[{"@type":"CommentAction","name":"Comment","target":["https:\/\/kapitalis.com\/tunisie\/2021\/02\/22\/critique-pour-sa-communication-politique-mustapha-ben-ahmed-craque\/#respond"]}]},{"@type":"WebPage","@id":"https:\/\/kapitalis.com\/tunisie\/2021\/02\/22\/critique-pour-sa-communication-politique-mustapha-ben-ahmed-craque\/","url":"https:\/\/kapitalis.com\/tunisie\/2021\/02\/22\/critique-pour-sa-communication-politique-mustapha-ben-ahmed-craque\/","name":"Critiqu\u00e9 pour sa communication politique, Mustapha Ben Ahmed \u00abcraque\u00bb - Kapitalis","isPartOf":{"@id":"https:\/\/kapitalis.com\/tunisie\/#website"},"primaryImageOfPage":{"@id":"https:\/\/kapitalis.com\/tunisie\/2021\/02\/22\/critique-pour-sa-communication-politique-mustapha-ben-ahmed-craque\/#primaryimage"},"image":{"@id":"https:\/\/kapitalis.com\/tunisie\/2021\/02\/22\/critique-pour-sa-communication-politique-mustapha-ben-ahmed-craque\/#primaryimage"},"thumbnailUrl":"","datePublished":"2021-02-22T09:18:56+00:00","dateModified":"2021-02-24T08:19:06+00:00","breadcrumb":{"@id":"https:\/\/kapitalis.com\/tunisie\/2021\/02\/22\/critique-pour-sa-communication-politique-mustapha-ben-ahmed-craque\/#breadcrumb"},"inLanguage":"fr-FR","potentialAction":[{"@type":"ReadAction","target":["https:\/\/kapitalis.com\/tunisie\/2021\/02\/22\/critique-pour-sa-communication-politique-mustapha-ben-ahmed-craque\/"]}]},{"@type":"ImageObject","inLanguage":"fr-FR","@id":"https:\/\/kapitalis.com\/tunisie\/2021\/02\/22\/critique-pour-sa-communication-politique-mustapha-ben-ahmed-craque\/#primaryimage","url":"","contentUrl":""},{"@type":"BreadcrumbList","@id":"https:\/\/kapitalis.com\/tunisie\/2021\/02\/22\/critique-pour-sa-communication-politique-mustapha-ben-ahmed-craque\/#breadcrumb","itemListElement":[{"@type":"ListItem","position":1,"name":"Accueil","item":"https:\/\/kapitalis.com\/tunisie\/"},{"@type":"ListItem","position":2,"name":"Critiqu\u00e9 pour sa communication politique, Mustapha Ben Ahmed \u00abcraque\u00bb"}]},{"@type":"WebSite","@id":"https:\/\/kapitalis.com\/tunisie\/#website","url":"https:\/\/kapitalis.com\/tunisie\/","name":"Kapitalis","description":"L&#039;actualit\u00e9 en Tunisie et dans le monde","publisher":{"@id":"https:\/\/kapitalis.com\/tunisie\/#organization"},"potentialAction":[{"@type":"SearchAction","target":{"@type":"EntryPoint","urlTemplate":"https:\/\/kapitalis.com\/tunisie\/?s={search_term_string}"},"query-input":{"@type":"PropertyValueSpecification","valueRequired":true,"valueName":"search_term_string"}}],"inLanguage":"fr-FR"},{"@type":"Organization","@id":"https:\/\/kapitalis.com\/tunisie\/#organization","name":"Kapitalis","url":"https:\/\/kapitalis.com\/tunisie\/","logo":{"@type":"ImageObject","inLanguage":"fr-FR","@id":"https:\/\/kapitalis.com\/tunisie\/#\/schema\/logo\/image\/","url":"https:\/\/kapitalis.com\/tunisie\/wp-content\/uploads\/2022\/05\/Kapitalis-big-size.png","contentUrl":"https:\/\/kapitalis.com\/tunisie\/wp-content\/uploads\/2022\/05\/Kapitalis-big-size.png","width":5000,"height":1500,"caption":"Kapitalis"},"image":{"@id":"https:\/\/kapitalis.com\/tunisie\/#\/schema\/logo\/image\/"},"sameAs":["https:\/\/www.facebook.com\/KapitalisInfo\/","https:\/\/x.com\/KapitalisInfo","https:\/\/www.youtube.com\/channel\/UC-yDYrHyfFBWWZaOw3FPg9Q"]},{"@type":"Person","@id":"https:\/\/kapitalis.com\/tunisie\/#\/schema\/person\/b35b8d631961131107263178aeb8019e","name":"Cherif Benyounes","url":"https:\/\/kapitalis.com\/tunisie\/author\/cherif\/"}]}},"_links":{"self":[{"href":"https:\/\/kapitalis.com\/tunisie\/wp-json\/wp\/v2\/posts\/337240","targetHints":{"allow":["GET"]}}],"collection":[{"href":"https:\/\/kapitalis.com\/tunisie\/wp-json\/wp\/v2\/posts"}],"about":[{"href":"https:\/\/kapitalis.com\/tunisie\/wp-json\/wp\/v2\/types\/post"}],"author":[{"embeddable":true,"href":"https:\/\/kapitalis.com\/tunisie\/wp-json\/wp\/v2\/users\/24"}],"replies":[{"embeddable":true,"href":"https:\/\/kapitalis.com\/tunisie\/wp-json\/wp\/v2\/comments?post=337240"}],"version-history":[{"count":0,"href":"https:\/\/kapitalis.com\/tunisie\/wp-json\/wp\/v2\/posts\/337240\/revisions"}],"wp:featuredmedia":[{"embeddable":true,"href":"https:\/\/kapitalis.com\/tunisie\/wp-json\/wp\/v2\/media\/337255"}],"wp:attachment":[{"href":"https:\/\/kapitalis.com\/tunisie\/wp-json\/wp\/v2\/media?parent=337240"}],"wp:term":[{"taxonomy":"category","embeddable":true,"href":"https:\/\/kapitalis.com\/tunisie\/wp-json\/wp\/v2\/categories?post=337240"},{"taxonomy":"post_tag","embeddable":true,"href":"https:\/\/kapitalis.com\/tunisie\/wp-json\/wp\/v2\/tags?post=337240"}],"curies":[{"name":"wp","href":"https:\/\/api.w.org\/{rel}","templated":true}]}}