{"id":337265,"date":"2021-02-22T11:04:29","date_gmt":"2021-02-22T10:04:29","guid":{"rendered":"http:\/\/kapitalis.com\/tunisie\/?p=337265"},"modified":"2021-02-22T11:09:08","modified_gmt":"2021-02-22T10:09:08","slug":"avance-financiere-demande-a-tunisair-par-lugtt-les-explications-de-sami-tahri","status":"publish","type":"post","link":"https:\/\/kapitalis.com\/tunisie\/2021\/02\/22\/avance-financiere-demande-a-tunisair-par-lugtt-les-explications-de-sami-tahri\/","title":{"rendered":"Avance financi\u00e8re demand\u00e9e \u00e0 Tunisair par l&rsquo;UGTT : Les explications de Sami Tahri"},"content":{"rendered":"\n<figure class=\"wp-block-image size-large\"><img decoding=\"async\" src=\"http:\/\/kapitalis.com\/tunisie\/wp-content\/uploads\/2019\/10\/Sami-Tahri.jpg\" alt=\"\" class=\"wp-image-246222\"\/><\/figure>\n\n\n\n<p><strong><em>Le secr\u00e9taire g\u00e9n\u00e9ral adjoint de l&rsquo;Union g\u00e9n\u00e9rale tunisienne du travail (UGTT), Sami Tahri, a comment\u00e9, ce matin du lundi, 22 f\u00e9vrier 2021, la lettre envoy\u00e9e par la centrale syndicale \u00e0 Tunisair, pour demander une avance financi\u00e8re de l\u2019adh\u00e9sion des agents. Un document diffus\u00e9 hier sur les r\u00e9seaux sociaux par Olfa Hamdi, qui vient d&rsquo;\u00eatre limog\u00e9e aujourd&rsquo;hui de son poste de PDG de la compagnie a\u00e9rienne nationale.<\/em><\/strong><\/p>\n\n\n\n<!--more-->\n\n\n\n<p>Dans une d\u00e9claration accord\u00e9e \u00e0 Mosa\u00efque FM, Tahri a exprim\u00e9 son \u00e9tonnement du comportement de l&rsquo;ancienne PDG de Tunisair, estimant que \u00e7a a \u00e9t\u00e9 \u00ab<em>un coup envers les relations entre les deux institutions<\/em>\u00bb.<\/p>\n\n\n\n<p>Tahri a, par ailleurs, affirm\u00e9 que le document en question n&rsquo;\u00e9tait pas confidentiel et qu&rsquo;il est annuellement envoy\u00e9 \u00e0 toutes les institutions.<\/p>\n\n\n\n<p>Il a, d&rsquo;autre part, soulign\u00e9 que le nombre d\u2019employ\u00e9s de Tunisair est de 8.000 et que l\u2019engagement annuel est de 36 dinars, ce qui signifie que l&rsquo;adh\u00e9sion des agents est de 288.000 dinars par an, \u00ab<em>contrairement aux d\u00e9clarations de Hamdi qui avait affirm\u00e9 que la centrale syndicale r\u00e9clamait des millions de dinars \u00e0 Tunisair<\/em>\u00bb.<\/p>\n\n\n\n<p>Rappelons que la PDG a critiqu\u00e9 cette demande qu&rsquo;elle a re\u00e7ue du secr\u00e9taire g\u00e9n\u00e9ral de l&rsquo;UGTT, Noureddine Taboubi, d\u00e8s la prise de ses fonctions, malgr\u00e9 les \u00e9normes difficult\u00e9s financi\u00e8res de la compagnie a\u00e9rienne.<\/p>\n\n\n\n<p>Elle s&rsquo;est \u00e9galement demand\u00e9 si Taboubi ne s&rsquo;en \u00e9tait pas, par la suite, pris \u00e0 elle en raison de son refus de lui accorder cette avance.<\/p>\n\n\n\n<p class=\"has-text-align-right\"><strong>C. B. Y.<\/strong><\/p>\n","protected":false},"excerpt":{"rendered":"<p>Le secr\u00e9taire g\u00e9n\u00e9ral adjoint de l&rsquo;Union g\u00e9n\u00e9rale tunisienne du travail (UGTT), Sami Tahri, a comment\u00e9, ce matin du lundi, 22 f\u00e9vrier 2021, la lettre envoy\u00e9e par la centrale syndicale \u00e0 Tunisair, pour demander une avance financi\u00e8re de l\u2019adh\u00e9sion des agents. Un document diffus\u00e9 hier sur les r\u00e9seaux sociaux par Olfa Hamdi, qui vient d&rsquo;\u00eatre limog\u00e9e&#8230;<\/p>\n","protected":false},"author":24,"featured_media":0,"comment_status":"open","ping_status":"open","sticky":false,"template":"","format":"standard","meta":{"footnotes":""},"categories":[995,2433],"tags":[21897,86243,11862,1501,936],"class_list":["post-337265","post","type-post","status-publish","format-standard","hentry","category-economie","category-tunisie","tag-noureddine-taboubi","tag-olfa-hamdi","tag-sami-tahri","tag-tunisair","tag-ugtt"],"yoast_head":"<!-- This site is optimized with the Yoast SEO plugin v26.6 - https:\/\/yoast.com\/wordpress\/plugins\/seo\/ -->\n<title>Avance financi\u00e8re demand\u00e9e \u00e0 Tunisair par l&#039;UGTT : Les explications de Sami Tahri - Kapitalis<\/title>\n<meta name=\"robots\" content=\"index, follow, max-snippet:-1, max-image-preview:large, max-video-preview:-1\" \/>\n<link rel=\"canonical\" href=\"https:\/\/kapitalis.com\/tunisie\/2021\/02\/22\/avance-financiere-demande-a-tunisair-par-lugtt-les-explications-de-sami-tahri\/\" \/>\n<meta property=\"og:locale\" content=\"fr_FR\" \/>\n<meta property=\"og:type\" content=\"article\" \/>\n<meta property=\"og:title\" content=\"Avance financi\u00e8re demand\u00e9e \u00e0 Tunisair par l&#039;UGTT : Les explications de Sami Tahri - Kapitalis\" \/>\n<meta property=\"og:description\" content=\"Le secr\u00e9taire g\u00e9n\u00e9ral adjoint de l&rsquo;Union g\u00e9n\u00e9rale tunisienne du travail (UGTT), Sami Tahri, a comment\u00e9, ce matin du lundi, 22 f\u00e9vrier 2021, la lettre envoy\u00e9e par la centrale syndicale \u00e0 Tunisair, pour demander une avance financi\u00e8re de l\u2019adh\u00e9sion des agents. Un document diffus\u00e9 hier sur les r\u00e9seaux sociaux par Olfa Hamdi, qui vient d&rsquo;\u00eatre limog\u00e9e...\" \/>\n<meta property=\"og:url\" content=\"https:\/\/kapitalis.com\/tunisie\/2021\/02\/22\/avance-financiere-demande-a-tunisair-par-lugtt-les-explications-de-sami-tahri\/\" \/>\n<meta property=\"og:site_name\" content=\"Kapitalis\" \/>\n<meta property=\"article:publisher\" content=\"https:\/\/www.facebook.com\/KapitalisInfo\/\" \/>\n<meta property=\"article:published_time\" content=\"2021-02-22T10:04:29+00:00\" \/>\n<meta property=\"article:modified_time\" content=\"2021-02-22T10:09:08+00:00\" \/>\n<meta property=\"og:image\" content=\"http:\/\/kapitalis.com\/tunisie\/wp-content\/uploads\/2019\/10\/Sami-Tahri.jpg\" \/>\n<meta name=\"author\" content=\"Cherif Benyounes\" \/>\n<meta name=\"twitter:card\" content=\"summary_large_image\" \/>\n<meta name=\"twitter:creator\" content=\"@KapitalisInfo\" \/>\n<meta name=\"twitter:site\" content=\"@KapitalisInfo\" \/>\n<meta name=\"twitter:label1\" content=\"\u00c9crit par\" \/>\n\t<meta name=\"twitter:data1\" content=\"Cherif Benyounes\" \/>\n\t<meta name=\"twitter:label2\" content=\"Dur\u00e9e de lecture estim\u00e9e\" \/>\n\t<meta name=\"twitter:data2\" content=\"1 minute\" \/>\n<script type=\"application\/ld+json\" class=\"yoast-schema-graph\">{\"@context\":\"https:\/\/schema.org\",\"@graph\":[{\"@type\":\"Article\",\"@id\":\"https:\/\/kapitalis.com\/tunisie\/2021\/02\/22\/avance-financiere-demande-a-tunisair-par-lugtt-les-explications-de-sami-tahri\/#article\",\"isPartOf\":{\"@id\":\"https:\/\/kapitalis.com\/tunisie\/2021\/02\/22\/avance-financiere-demande-a-tunisair-par-lugtt-les-explications-de-sami-tahri\/\"},\"author\":{\"name\":\"Cherif Benyounes\",\"@id\":\"https:\/\/kapitalis.com\/tunisie\/#\/schema\/person\/b35b8d631961131107263178aeb8019e\"},\"headline\":\"Avance financi\u00e8re demand\u00e9e \u00e0 Tunisair par l&rsquo;UGTT : Les explications de Sami Tahri\",\"datePublished\":\"2021-02-22T10:04:29+00:00\",\"dateModified\":\"2021-02-22T10:09:08+00:00\",\"mainEntityOfPage\":{\"@id\":\"https:\/\/kapitalis.com\/tunisie\/2021\/02\/22\/avance-financiere-demande-a-tunisair-par-lugtt-les-explications-de-sami-tahri\/\"},\"wordCount\":272,\"commentCount\":6,\"publisher\":{\"@id\":\"https:\/\/kapitalis.com\/tunisie\/#organization\"},\"image\":{\"@id\":\"https:\/\/kapitalis.com\/tunisie\/2021\/02\/22\/avance-financiere-demande-a-tunisair-par-lugtt-les-explications-de-sami-tahri\/#primaryimage\"},\"thumbnailUrl\":\"http:\/\/kapitalis.com\/tunisie\/wp-content\/uploads\/2019\/10\/Sami-Tahri.jpg\",\"keywords\":[\"Noureddine Taboubi\",\"olfa hamdi\",\"Sami Tahri\",\"Tunisair\",\"UGTT\"],\"articleSection\":[\"ECONOMIE\",\"Tunisie\"],\"inLanguage\":\"fr-FR\",\"potentialAction\":[{\"@type\":\"CommentAction\",\"name\":\"Comment\",\"target\":[\"https:\/\/kapitalis.com\/tunisie\/2021\/02\/22\/avance-financiere-demande-a-tunisair-par-lugtt-les-explications-de-sami-tahri\/#respond\"]}]},{\"@type\":\"WebPage\",\"@id\":\"https:\/\/kapitalis.com\/tunisie\/2021\/02\/22\/avance-financiere-demande-a-tunisair-par-lugtt-les-explications-de-sami-tahri\/\",\"url\":\"https:\/\/kapitalis.com\/tunisie\/2021\/02\/22\/avance-financiere-demande-a-tunisair-par-lugtt-les-explications-de-sami-tahri\/\",\"name\":\"Avance financi\u00e8re demand\u00e9e \u00e0 Tunisair par l'UGTT : Les explications de Sami Tahri - Kapitalis\",\"isPartOf\":{\"@id\":\"https:\/\/kapitalis.com\/tunisie\/#website\"},\"primaryImageOfPage\":{\"@id\":\"https:\/\/kapitalis.com\/tunisie\/2021\/02\/22\/avance-financiere-demande-a-tunisair-par-lugtt-les-explications-de-sami-tahri\/#primaryimage\"},\"image\":{\"@id\":\"https:\/\/kapitalis.com\/tunisie\/2021\/02\/22\/avance-financiere-demande-a-tunisair-par-lugtt-les-explications-de-sami-tahri\/#primaryimage\"},\"thumbnailUrl\":\"http:\/\/kapitalis.com\/tunisie\/wp-content\/uploads\/2019\/10\/Sami-Tahri.jpg\",\"datePublished\":\"2021-02-22T10:04:29+00:00\",\"dateModified\":\"2021-02-22T10:09:08+00:00\",\"breadcrumb\":{\"@id\":\"https:\/\/kapitalis.com\/tunisie\/2021\/02\/22\/avance-financiere-demande-a-tunisair-par-lugtt-les-explications-de-sami-tahri\/#breadcrumb\"},\"inLanguage\":\"fr-FR\",\"potentialAction\":[{\"@type\":\"ReadAction\",\"target\":[\"https:\/\/kapitalis.com\/tunisie\/2021\/02\/22\/avance-financiere-demande-a-tunisair-par-lugtt-les-explications-de-sami-tahri\/\"]}]},{\"@type\":\"ImageObject\",\"inLanguage\":\"fr-FR\",\"@id\":\"https:\/\/kapitalis.com\/tunisie\/2021\/02\/22\/avance-financiere-demande-a-tunisair-par-lugtt-les-explications-de-sami-tahri\/#primaryimage\",\"url\":\"\",\"contentUrl\":\"\"},{\"@type\":\"BreadcrumbList\",\"@id\":\"https:\/\/kapitalis.com\/tunisie\/2021\/02\/22\/avance-financiere-demande-a-tunisair-par-lugtt-les-explications-de-sami-tahri\/#breadcrumb\",\"itemListElement\":[{\"@type\":\"ListItem\",\"position\":1,\"name\":\"Accueil\",\"item\":\"https:\/\/kapitalis.com\/tunisie\/\"},{\"@type\":\"ListItem\",\"position\":2,\"name\":\"Avance financi\u00e8re demand\u00e9e \u00e0 Tunisair par l&rsquo;UGTT : Les explications de Sami Tahri\"}]},{\"@type\":\"WebSite\",\"@id\":\"https:\/\/kapitalis.com\/tunisie\/#website\",\"url\":\"https:\/\/kapitalis.com\/tunisie\/\",\"name\":\"Kapitalis\",\"description\":\"L&#039;actualit\u00e9 en Tunisie et dans le monde\",\"publisher\":{\"@id\":\"https:\/\/kapitalis.com\/tunisie\/#organization\"},\"potentialAction\":[{\"@type\":\"SearchAction\",\"target\":{\"@type\":\"EntryPoint\",\"urlTemplate\":\"https:\/\/kapitalis.com\/tunisie\/?s={search_term_string}\"},\"query-input\":{\"@type\":\"PropertyValueSpecification\",\"valueRequired\":true,\"valueName\":\"search_term_string\"}}],\"inLanguage\":\"fr-FR\"},{\"@type\":\"Organization\",\"@id\":\"https:\/\/kapitalis.com\/tunisie\/#organization\",\"name\":\"Kapitalis\",\"url\":\"https:\/\/kapitalis.com\/tunisie\/\",\"logo\":{\"@type\":\"ImageObject\",\"inLanguage\":\"fr-FR\",\"@id\":\"https:\/\/kapitalis.com\/tunisie\/#\/schema\/logo\/image\/\",\"url\":\"https:\/\/kapitalis.com\/tunisie\/wp-content\/uploads\/2022\/05\/Kapitalis-big-size.png\",\"contentUrl\":\"https:\/\/kapitalis.com\/tunisie\/wp-content\/uploads\/2022\/05\/Kapitalis-big-size.png\",\"width\":5000,\"height\":1500,\"caption\":\"Kapitalis\"},\"image\":{\"@id\":\"https:\/\/kapitalis.com\/tunisie\/#\/schema\/logo\/image\/\"},\"sameAs\":[\"https:\/\/www.facebook.com\/KapitalisInfo\/\",\"https:\/\/x.com\/KapitalisInfo\",\"https:\/\/www.youtube.com\/channel\/UC-yDYrHyfFBWWZaOw3FPg9Q\"]},{\"@type\":\"Person\",\"@id\":\"https:\/\/kapitalis.com\/tunisie\/#\/schema\/person\/b35b8d631961131107263178aeb8019e\",\"name\":\"Cherif Benyounes\",\"url\":\"https:\/\/kapitalis.com\/tunisie\/author\/cherif\/\"}]}<\/script>\n<!-- \/ Yoast SEO plugin. -->","yoast_head_json":{"title":"Avance financi\u00e8re demand\u00e9e \u00e0 Tunisair par l'UGTT : Les explications de Sami Tahri - Kapitalis","robots":{"index":"index","follow":"follow","max-snippet":"max-snippet:-1","max-image-preview":"max-image-preview:large","max-video-preview":"max-video-preview:-1"},"canonical":"https:\/\/kapitalis.com\/tunisie\/2021\/02\/22\/avance-financiere-demande-a-tunisair-par-lugtt-les-explications-de-sami-tahri\/","og_locale":"fr_FR","og_type":"article","og_title":"Avance financi\u00e8re demand\u00e9e \u00e0 Tunisair par l'UGTT : Les explications de Sami Tahri - Kapitalis","og_description":"Le secr\u00e9taire g\u00e9n\u00e9ral adjoint de l&rsquo;Union g\u00e9n\u00e9rale tunisienne du travail (UGTT), Sami Tahri, a comment\u00e9, ce matin du lundi, 22 f\u00e9vrier 2021, la lettre envoy\u00e9e par la centrale syndicale \u00e0 Tunisair, pour demander une avance financi\u00e8re de l\u2019adh\u00e9sion des agents. Un document diffus\u00e9 hier sur les r\u00e9seaux sociaux par Olfa Hamdi, qui vient d&rsquo;\u00eatre limog\u00e9e...","og_url":"https:\/\/kapitalis.com\/tunisie\/2021\/02\/22\/avance-financiere-demande-a-tunisair-par-lugtt-les-explications-de-sami-tahri\/","og_site_name":"Kapitalis","article_publisher":"https:\/\/www.facebook.com\/KapitalisInfo\/","article_published_time":"2021-02-22T10:04:29+00:00","article_modified_time":"2021-02-22T10:09:08+00:00","og_image":[{"url":"http:\/\/kapitalis.com\/tunisie\/wp-content\/uploads\/2019\/10\/Sami-Tahri.jpg","type":"","width":"","height":""}],"author":"Cherif Benyounes","twitter_card":"summary_large_image","twitter_creator":"@KapitalisInfo","twitter_site":"@KapitalisInfo","twitter_misc":{"\u00c9crit par":"Cherif Benyounes","Dur\u00e9e de lecture estim\u00e9e":"1 minute"},"schema":{"@context":"https:\/\/schema.org","@graph":[{"@type":"Article","@id":"https:\/\/kapitalis.com\/tunisie\/2021\/02\/22\/avance-financiere-demande-a-tunisair-par-lugtt-les-explications-de-sami-tahri\/#article","isPartOf":{"@id":"https:\/\/kapitalis.com\/tunisie\/2021\/02\/22\/avance-financiere-demande-a-tunisair-par-lugtt-les-explications-de-sami-tahri\/"},"author":{"name":"Cherif Benyounes","@id":"https:\/\/kapitalis.com\/tunisie\/#\/schema\/person\/b35b8d631961131107263178aeb8019e"},"headline":"Avance financi\u00e8re demand\u00e9e \u00e0 Tunisair par l&rsquo;UGTT : Les explications de Sami Tahri","datePublished":"2021-02-22T10:04:29+00:00","dateModified":"2021-02-22T10:09:08+00:00","mainEntityOfPage":{"@id":"https:\/\/kapitalis.com\/tunisie\/2021\/02\/22\/avance-financiere-demande-a-tunisair-par-lugtt-les-explications-de-sami-tahri\/"},"wordCount":272,"commentCount":6,"publisher":{"@id":"https:\/\/kapitalis.com\/tunisie\/#organization"},"image":{"@id":"https:\/\/kapitalis.com\/tunisie\/2021\/02\/22\/avance-financiere-demande-a-tunisair-par-lugtt-les-explications-de-sami-tahri\/#primaryimage"},"thumbnailUrl":"http:\/\/kapitalis.com\/tunisie\/wp-content\/uploads\/2019\/10\/Sami-Tahri.jpg","keywords":["Noureddine Taboubi","olfa hamdi","Sami Tahri","Tunisair","UGTT"],"articleSection":["ECONOMIE","Tunisie"],"inLanguage":"fr-FR","potentialAction":[{"@type":"CommentAction","name":"Comment","target":["https:\/\/kapitalis.com\/tunisie\/2021\/02\/22\/avance-financiere-demande-a-tunisair-par-lugtt-les-explications-de-sami-tahri\/#respond"]}]},{"@type":"WebPage","@id":"https:\/\/kapitalis.com\/tunisie\/2021\/02\/22\/avance-financiere-demande-a-tunisair-par-lugtt-les-explications-de-sami-tahri\/","url":"https:\/\/kapitalis.com\/tunisie\/2021\/02\/22\/avance-financiere-demande-a-tunisair-par-lugtt-les-explications-de-sami-tahri\/","name":"Avance financi\u00e8re demand\u00e9e \u00e0 Tunisair par l'UGTT : Les explications de Sami Tahri - Kapitalis","isPartOf":{"@id":"https:\/\/kapitalis.com\/tunisie\/#website"},"primaryImageOfPage":{"@id":"https:\/\/kapitalis.com\/tunisie\/2021\/02\/22\/avance-financiere-demande-a-tunisair-par-lugtt-les-explications-de-sami-tahri\/#primaryimage"},"image":{"@id":"https:\/\/kapitalis.com\/tunisie\/2021\/02\/22\/avance-financiere-demande-a-tunisair-par-lugtt-les-explications-de-sami-tahri\/#primaryimage"},"thumbnailUrl":"http:\/\/kapitalis.com\/tunisie\/wp-content\/uploads\/2019\/10\/Sami-Tahri.jpg","datePublished":"2021-02-22T10:04:29+00:00","dateModified":"2021-02-22T10:09:08+00:00","breadcrumb":{"@id":"https:\/\/kapitalis.com\/tunisie\/2021\/02\/22\/avance-financiere-demande-a-tunisair-par-lugtt-les-explications-de-sami-tahri\/#breadcrumb"},"inLanguage":"fr-FR","potentialAction":[{"@type":"ReadAction","target":["https:\/\/kapitalis.com\/tunisie\/2021\/02\/22\/avance-financiere-demande-a-tunisair-par-lugtt-les-explications-de-sami-tahri\/"]}]},{"@type":"ImageObject","inLanguage":"fr-FR","@id":"https:\/\/kapitalis.com\/tunisie\/2021\/02\/22\/avance-financiere-demande-a-tunisair-par-lugtt-les-explications-de-sami-tahri\/#primaryimage","url":"","contentUrl":""},{"@type":"BreadcrumbList","@id":"https:\/\/kapitalis.com\/tunisie\/2021\/02\/22\/avance-financiere-demande-a-tunisair-par-lugtt-les-explications-de-sami-tahri\/#breadcrumb","itemListElement":[{"@type":"ListItem","position":1,"name":"Accueil","item":"https:\/\/kapitalis.com\/tunisie\/"},{"@type":"ListItem","position":2,"name":"Avance financi\u00e8re demand\u00e9e \u00e0 Tunisair par l&rsquo;UGTT : Les explications de Sami Tahri"}]},{"@type":"WebSite","@id":"https:\/\/kapitalis.com\/tunisie\/#website","url":"https:\/\/kapitalis.com\/tunisie\/","name":"Kapitalis","description":"L&#039;actualit\u00e9 en Tunisie et dans le monde","publisher":{"@id":"https:\/\/kapitalis.com\/tunisie\/#organization"},"potentialAction":[{"@type":"SearchAction","target":{"@type":"EntryPoint","urlTemplate":"https:\/\/kapitalis.com\/tunisie\/?s={search_term_string}"},"query-input":{"@type":"PropertyValueSpecification","valueRequired":true,"valueName":"search_term_string"}}],"inLanguage":"fr-FR"},{"@type":"Organization","@id":"https:\/\/kapitalis.com\/tunisie\/#organization","name":"Kapitalis","url":"https:\/\/kapitalis.com\/tunisie\/","logo":{"@type":"ImageObject","inLanguage":"fr-FR","@id":"https:\/\/kapitalis.com\/tunisie\/#\/schema\/logo\/image\/","url":"https:\/\/kapitalis.com\/tunisie\/wp-content\/uploads\/2022\/05\/Kapitalis-big-size.png","contentUrl":"https:\/\/kapitalis.com\/tunisie\/wp-content\/uploads\/2022\/05\/Kapitalis-big-size.png","width":5000,"height":1500,"caption":"Kapitalis"},"image":{"@id":"https:\/\/kapitalis.com\/tunisie\/#\/schema\/logo\/image\/"},"sameAs":["https:\/\/www.facebook.com\/KapitalisInfo\/","https:\/\/x.com\/KapitalisInfo","https:\/\/www.youtube.com\/channel\/UC-yDYrHyfFBWWZaOw3FPg9Q"]},{"@type":"Person","@id":"https:\/\/kapitalis.com\/tunisie\/#\/schema\/person\/b35b8d631961131107263178aeb8019e","name":"Cherif Benyounes","url":"https:\/\/kapitalis.com\/tunisie\/author\/cherif\/"}]}},"_links":{"self":[{"href":"https:\/\/kapitalis.com\/tunisie\/wp-json\/wp\/v2\/posts\/337265","targetHints":{"allow":["GET"]}}],"collection":[{"href":"https:\/\/kapitalis.com\/tunisie\/wp-json\/wp\/v2\/posts"}],"about":[{"href":"https:\/\/kapitalis.com\/tunisie\/wp-json\/wp\/v2\/types\/post"}],"author":[{"embeddable":true,"href":"https:\/\/kapitalis.com\/tunisie\/wp-json\/wp\/v2\/users\/24"}],"replies":[{"embeddable":true,"href":"https:\/\/kapitalis.com\/tunisie\/wp-json\/wp\/v2\/comments?post=337265"}],"version-history":[{"count":0,"href":"https:\/\/kapitalis.com\/tunisie\/wp-json\/wp\/v2\/posts\/337265\/revisions"}],"wp:attachment":[{"href":"https:\/\/kapitalis.com\/tunisie\/wp-json\/wp\/v2\/media?parent=337265"}],"wp:term":[{"taxonomy":"category","embeddable":true,"href":"https:\/\/kapitalis.com\/tunisie\/wp-json\/wp\/v2\/categories?post=337265"},{"taxonomy":"post_tag","embeddable":true,"href":"https:\/\/kapitalis.com\/tunisie\/wp-json\/wp\/v2\/tags?post=337265"}],"curies":[{"name":"wp","href":"https:\/\/api.w.org\/{rel}","templated":true}]}}