{"id":337333,"date":"2021-02-22T15:37:55","date_gmt":"2021-02-22T14:37:55","guid":{"rendered":"http:\/\/kapitalis.com\/tunisie\/?p=337333"},"modified":"2021-02-22T23:27:05","modified_gmt":"2021-02-22T22:27:05","slug":"olfa-hamdi-le-gouvernement-a-tente-de-marreter-mais-heureusement-quon-ma-alertee-et-je-ne-suis-pas-tombee-dans-le-piege","status":"publish","type":"post","link":"https:\/\/kapitalis.com\/tunisie\/2021\/02\/22\/olfa-hamdi-le-gouvernement-a-tente-de-marreter-mais-heureusement-quon-ma-alertee-et-je-ne-suis-pas-tombee-dans-le-piege\/","title":{"rendered":"Olfa Hamdi : \u00abLe gouvernement a tent\u00e9 de m&rsquo;arr\u00eater, mais heureusement qu&rsquo;on m&rsquo;a alert\u00e9e et je ne suis pas tomb\u00e9e dans le pi\u00e8ge!\u00bb"},"content":{"rendered":"\n<figure class=\"wp-block-image size-large\"><img decoding=\"async\" src=\"http:\/\/kapitalis.com\/tunisie\/wp-content\/uploads\/2021\/02\/Olfa-Hamdi.jpg\" alt=\"\" class=\"wp-image-337347\"\/><\/figure>\n\n\n\n<p><strong><em>Quelques heures apr\u00e8s son limogeage de son poste de Pdg de Tunisair annonc\u00e9 ce matin, lundi 22 f\u00e9vrier 2021, Olfa Hamdi a publi\u00e9 un statut sur son compte Facebook, o\u00f9 elle a notamment \u00e9crit : \u00abLe gouvernement a tent\u00e9 de m&rsquo;arr\u00eater, mais heureusement que les gens honorables de la compagnie et des s\u00e9curitaires m&rsquo;ont alert\u00e9e par t\u00e9l\u00e9phone et je ne suis pas tomb\u00e9e dans le pi\u00e8ge\u00bb\u2026<\/em><\/strong><\/p>\n\n\n\n<!--more-->\n\n\n\n<p>Dans son statut, Olfa Hamdi dit aussi qu&rsquo;elle s&rsquo;appr\u00eatait \u00e0 annoncer \u00ab<em>le plan de sauvetage de la Gazelle\u00bb,<\/em> lors de la conf\u00e9rence de presse qu&rsquo;elle allait donner ce matin, dit-elle, en ajoutant qu&rsquo;elle allait \u00e9galement r\u00e9pondre aux interrogations et aux questions relatives \u00e0 son parcours \u00ab<em>en toute transparence\u00bb<\/em>. On veut bien la croire&#8230;<\/p>\n\n\n\n<p>Olfa Hamdi a par ailleurs accus\u00e9 le gouvernement, notamment le ministre des finances de refuser Tunisair, et ce pour laisser le champ libre \u00e0 la compagnie Nouvel air:  <em>\u00abIl a refus\u00e9 le principe de sauvetage sous pr\u00e9texte que l\u2019Etat est le partenaire de Nouvel air. Il y a l\u00e0, atteinte \u00e0 un symbole, \u00e0 une des bases de la souverainet\u00e9 nationale\u00bb<\/em> a-t-elle encore \u00e9crit.<\/p>\n\n\n\n<p><em>\u00abA 7h lorsque j&rsquo;\u00e9tais en route vers le si\u00e8ge de Tunisair, j&rsquo;ai appel\u00e9 le ministre du Transport Moez Chakchouk pour l&rsquo;interroger sur la rumeur relative \u00e0 mon limogeage et il m&rsquo;a r\u00e9pondu que j&rsquo;\u00e9tais toujours Pdg de Tunisair et que je dois poursuivre mes fonctions\u00bb<\/em>, a-t-elle \u00e9crit en ajoutant : <em>\u00abEntre temps, le gouvernement a essay\u00e9 de me kidnapper, mais je ne suis pas tomb\u00e9e dans le pi\u00e8ge gr\u00e2ce aux employ\u00e9s honorables de Tunisair et aux s\u00e9curitaires qui m&rsquo;ont alert\u00e9e<\/em>\u00bb.<\/p>\n\n\n\n<p>La Pdg limog\u00e9e s&rsquo;est \u00e9galement adress\u00e9e aux journalistes qu&rsquo;elle avait invit\u00e9s \u00e0 sa conf\u00e9rence, qui n&rsquo;a finalement pas eu lieu, en pr\u00e9sentant ses excuses pour les d\u00e9sagr\u00e9ments caus\u00e9s, avant de conclure, en s&rsquo;adressant, cette fois au ministre : <em>\u00abLa transparence est un grande partie de la responsabilit\u00e9 et cela s&rsquo;inscrit aussi dans la constitution. J&rsquo;apporterai t\u00f4t ou tard des \u00e9claircissements \u00e0 l\u2019opinion publique\u00bb<\/em>.<\/p>\n\n\n\n<p>Mme Hamdi qui a lanc\u00e9 des accusations tr\u00e8s graves doit les assumer, sachant que le gouvernement tunisien n&rsquo;a cependant pas l&rsquo;habitude d&rsquo;arr\u00eater les hauts responsables apr\u00e8s leur limogeage, \u00e0 moins..<\/p>\n\n\n\n<p class=\"has-text-align-right\"><strong>Y. N.<\/strong><\/p>\n\n\n\n<figure class=\"wp-block-embed is-type-wp-embed is-provider-kapitalis wp-block-embed-kapitalis\"><div class=\"wp-block-embed__wrapper\">\n<blockquote class=\"wp-embedded-content\" data-secret=\"OJxPf5FxrS\"><a href=\"https:\/\/kapitalis.com\/tunisie\/2021\/02\/22\/olfa-hamdi-ne-peut-plus-continuer-a-diriger-tunisair\/\">Olfa Hamdi ne peut plus continuer \u00e0 diriger Tunisair<\/a><\/blockquote><iframe loading=\"lazy\" class=\"wp-embedded-content\" sandbox=\"allow-scripts\" security=\"restricted\" style=\"position: absolute; clip: rect(1px, 1px, 1px, 1px);\" title=\"\u00ab\u00a0Olfa Hamdi ne peut plus continuer \u00e0 diriger Tunisair\u00a0\u00bb &#8212; Kapitalis\" src=\"https:\/\/kapitalis.com\/tunisie\/2021\/02\/22\/olfa-hamdi-ne-peut-plus-continuer-a-diriger-tunisair\/embed\/#?secret=8ltn1A9kEB#?secret=OJxPf5FxrS\" data-secret=\"OJxPf5FxrS\" width=\"600\" height=\"338\" frameborder=\"0\" marginwidth=\"0\" marginheight=\"0\" scrolling=\"no\"><\/iframe>\n<\/div><\/figure>\n\n\n\n<figure class=\"wp-block-embed is-type-wp-embed is-provider-kapitalis wp-block-embed-kapitalis\"><div class=\"wp-block-embed__wrapper\">\n<blockquote class=\"wp-embedded-content\" data-secret=\"0oPnktlLSR\"><a href=\"https:\/\/kapitalis.com\/tunisie\/2021\/02\/22\/officiel-olfa-hamdi-limogee\/\">Officiel : Olfa Hamdi limog\u00e9e<\/a><\/blockquote><iframe loading=\"lazy\" class=\"wp-embedded-content\" sandbox=\"allow-scripts\" security=\"restricted\" style=\"position: absolute; clip: rect(1px, 1px, 1px, 1px);\" title=\"\u00ab\u00a0Officiel : Olfa Hamdi limog\u00e9e\u00a0\u00bb &#8212; Kapitalis\" src=\"https:\/\/kapitalis.com\/tunisie\/2021\/02\/22\/officiel-olfa-hamdi-limogee\/embed\/#?secret=tRmcabASTV#?secret=0oPnktlLSR\" data-secret=\"0oPnktlLSR\" width=\"600\" height=\"338\" frameborder=\"0\" marginwidth=\"0\" marginheight=\"0\" scrolling=\"no\"><\/iframe>\n<\/div><\/figure>\n","protected":false},"excerpt":{"rendered":"<p>Quelques heures apr\u00e8s son limogeage de son poste de Pdg de Tunisair annonc\u00e9 ce matin, lundi 22 f\u00e9vrier 2021, Olfa Hamdi a publi\u00e9 un statut sur son compte Facebook, o\u00f9 elle a notamment \u00e9crit : \u00abLe gouvernement a tent\u00e9 de m&rsquo;arr\u00eater, mais heureusement que les gens honorables de la compagnie et des s\u00e9curitaires m&rsquo;ont alert\u00e9e&#8230;<\/p>\n","protected":false},"author":6,"featured_media":337347,"comment_status":"open","ping_status":"open","sticky":false,"template":"","format":"standard","meta":{"footnotes":""},"categories":[998,2433],"tags":[87646,418,1847,86243,1501,62643],"class_list":["post-337333","post","type-post","status-publish","format-standard","has-post-thumbnail","hentry","category-societe","category-tunisie","tag-chakchouk","tag-gouvernement","tag-limogeage","tag-olfa-hamdi","tag-tunisair","tag-tunisie"],"yoast_head":"<!-- This site is optimized with the Yoast SEO plugin v26.6 - https:\/\/yoast.com\/wordpress\/plugins\/seo\/ -->\n<title>Olfa Hamdi : \u00abLe gouvernement a tent\u00e9 de m&#039;arr\u00eater, mais heureusement qu&#039;on m&#039;a alert\u00e9e et je ne suis pas tomb\u00e9e dans le pi\u00e8ge!\u00bb - Kapitalis<\/title>\n<meta name=\"robots\" content=\"index, follow, max-snippet:-1, max-image-preview:large, max-video-preview:-1\" \/>\n<link rel=\"canonical\" href=\"https:\/\/kapitalis.com\/tunisie\/2021\/02\/22\/olfa-hamdi-le-gouvernement-a-tente-de-marreter-mais-heureusement-quon-ma-alertee-et-je-ne-suis-pas-tombee-dans-le-piege\/\" \/>\n<meta property=\"og:locale\" content=\"fr_FR\" \/>\n<meta property=\"og:type\" content=\"article\" \/>\n<meta property=\"og:title\" content=\"Olfa Hamdi : \u00abLe gouvernement a tent\u00e9 de m&#039;arr\u00eater, mais heureusement qu&#039;on m&#039;a alert\u00e9e et je ne suis pas tomb\u00e9e dans le pi\u00e8ge!\u00bb - Kapitalis\" \/>\n<meta property=\"og:description\" content=\"Quelques heures apr\u00e8s son limogeage de son poste de Pdg de Tunisair annonc\u00e9 ce matin, lundi 22 f\u00e9vrier 2021, Olfa Hamdi a publi\u00e9 un statut sur son compte Facebook, o\u00f9 elle a notamment \u00e9crit : \u00abLe gouvernement a tent\u00e9 de m&rsquo;arr\u00eater, mais heureusement que les gens honorables de la compagnie et des s\u00e9curitaires m&rsquo;ont alert\u00e9e...\" \/>\n<meta property=\"og:url\" content=\"https:\/\/kapitalis.com\/tunisie\/2021\/02\/22\/olfa-hamdi-le-gouvernement-a-tente-de-marreter-mais-heureusement-quon-ma-alertee-et-je-ne-suis-pas-tombee-dans-le-piege\/\" \/>\n<meta property=\"og:site_name\" content=\"Kapitalis\" \/>\n<meta property=\"article:publisher\" content=\"https:\/\/www.facebook.com\/KapitalisInfo\/\" \/>\n<meta property=\"article:published_time\" content=\"2021-02-22T14:37:55+00:00\" \/>\n<meta property=\"article:modified_time\" content=\"2021-02-22T22:27:05+00:00\" \/>\n<meta property=\"og:image\" content=\"https:\/\/kapitalis.com\/tunisie\/wp-content\/uploads\/2022\/05\/kapitalis-logo-fb.png\" \/>\n\t<meta property=\"og:image:width\" content=\"1200\" \/>\n\t<meta property=\"og:image:height\" content=\"630\" \/>\n\t<meta property=\"og:image:type\" content=\"image\/png\" \/>\n<meta name=\"author\" content=\"Yusra NY\" \/>\n<meta name=\"twitter:card\" content=\"summary_large_image\" \/>\n<meta name=\"twitter:creator\" content=\"@KapitalisInfo\" \/>\n<meta name=\"twitter:site\" content=\"@KapitalisInfo\" \/>\n<meta name=\"twitter:label1\" content=\"\u00c9crit par\" \/>\n\t<meta name=\"twitter:data1\" content=\"Yusra NY\" \/>\n\t<meta name=\"twitter:label2\" content=\"Dur\u00e9e de lecture estim\u00e9e\" \/>\n\t<meta name=\"twitter:data2\" content=\"2 minutes\" \/>\n<script type=\"application\/ld+json\" class=\"yoast-schema-graph\">{\"@context\":\"https:\/\/schema.org\",\"@graph\":[{\"@type\":\"Article\",\"@id\":\"https:\/\/kapitalis.com\/tunisie\/2021\/02\/22\/olfa-hamdi-le-gouvernement-a-tente-de-marreter-mais-heureusement-quon-ma-alertee-et-je-ne-suis-pas-tombee-dans-le-piege\/#article\",\"isPartOf\":{\"@id\":\"https:\/\/kapitalis.com\/tunisie\/2021\/02\/22\/olfa-hamdi-le-gouvernement-a-tente-de-marreter-mais-heureusement-quon-ma-alertee-et-je-ne-suis-pas-tombee-dans-le-piege\/\"},\"author\":{\"name\":\"Yusra NY\",\"@id\":\"https:\/\/kapitalis.com\/tunisie\/#\/schema\/person\/74bbde0154d49d790a92aaeac5bc01d5\"},\"headline\":\"Olfa Hamdi : \u00abLe gouvernement a tent\u00e9 de m&rsquo;arr\u00eater, mais heureusement qu&rsquo;on m&rsquo;a alert\u00e9e et je ne suis pas tomb\u00e9e dans le pi\u00e8ge!\u00bb\",\"datePublished\":\"2021-02-22T14:37:55+00:00\",\"dateModified\":\"2021-02-22T22:27:05+00:00\",\"mainEntityOfPage\":{\"@id\":\"https:\/\/kapitalis.com\/tunisie\/2021\/02\/22\/olfa-hamdi-le-gouvernement-a-tente-de-marreter-mais-heureusement-quon-ma-alertee-et-je-ne-suis-pas-tombee-dans-le-piege\/\"},\"wordCount\":417,\"commentCount\":13,\"publisher\":{\"@id\":\"https:\/\/kapitalis.com\/tunisie\/#organization\"},\"image\":{\"@id\":\"https:\/\/kapitalis.com\/tunisie\/2021\/02\/22\/olfa-hamdi-le-gouvernement-a-tente-de-marreter-mais-heureusement-quon-ma-alertee-et-je-ne-suis-pas-tombee-dans-le-piege\/#primaryimage\"},\"thumbnailUrl\":\"\",\"keywords\":[\"Chakchouk\",\"gouvernement\",\"limogeage\",\"olfa hamdi\",\"Tunisair\",\"Tunisie\"],\"articleSection\":[\"SOCIETE\",\"Tunisie\"],\"inLanguage\":\"fr-FR\",\"potentialAction\":[{\"@type\":\"CommentAction\",\"name\":\"Comment\",\"target\":[\"https:\/\/kapitalis.com\/tunisie\/2021\/02\/22\/olfa-hamdi-le-gouvernement-a-tente-de-marreter-mais-heureusement-quon-ma-alertee-et-je-ne-suis-pas-tombee-dans-le-piege\/#respond\"]}]},{\"@type\":\"WebPage\",\"@id\":\"https:\/\/kapitalis.com\/tunisie\/2021\/02\/22\/olfa-hamdi-le-gouvernement-a-tente-de-marreter-mais-heureusement-quon-ma-alertee-et-je-ne-suis-pas-tombee-dans-le-piege\/\",\"url\":\"https:\/\/kapitalis.com\/tunisie\/2021\/02\/22\/olfa-hamdi-le-gouvernement-a-tente-de-marreter-mais-heureusement-quon-ma-alertee-et-je-ne-suis-pas-tombee-dans-le-piege\/\",\"name\":\"Olfa Hamdi : \u00abLe gouvernement a tent\u00e9 de m'arr\u00eater, mais heureusement qu'on m'a alert\u00e9e et je ne suis pas tomb\u00e9e dans le pi\u00e8ge!\u00bb - Kapitalis\",\"isPartOf\":{\"@id\":\"https:\/\/kapitalis.com\/tunisie\/#website\"},\"primaryImageOfPage\":{\"@id\":\"https:\/\/kapitalis.com\/tunisie\/2021\/02\/22\/olfa-hamdi-le-gouvernement-a-tente-de-marreter-mais-heureusement-quon-ma-alertee-et-je-ne-suis-pas-tombee-dans-le-piege\/#primaryimage\"},\"image\":{\"@id\":\"https:\/\/kapitalis.com\/tunisie\/2021\/02\/22\/olfa-hamdi-le-gouvernement-a-tente-de-marreter-mais-heureusement-quon-ma-alertee-et-je-ne-suis-pas-tombee-dans-le-piege\/#primaryimage\"},\"thumbnailUrl\":\"\",\"datePublished\":\"2021-02-22T14:37:55+00:00\",\"dateModified\":\"2021-02-22T22:27:05+00:00\",\"breadcrumb\":{\"@id\":\"https:\/\/kapitalis.com\/tunisie\/2021\/02\/22\/olfa-hamdi-le-gouvernement-a-tente-de-marreter-mais-heureusement-quon-ma-alertee-et-je-ne-suis-pas-tombee-dans-le-piege\/#breadcrumb\"},\"inLanguage\":\"fr-FR\",\"potentialAction\":[{\"@type\":\"ReadAction\",\"target\":[\"https:\/\/kapitalis.com\/tunisie\/2021\/02\/22\/olfa-hamdi-le-gouvernement-a-tente-de-marreter-mais-heureusement-quon-ma-alertee-et-je-ne-suis-pas-tombee-dans-le-piege\/\"]}]},{\"@type\":\"ImageObject\",\"inLanguage\":\"fr-FR\",\"@id\":\"https:\/\/kapitalis.com\/tunisie\/2021\/02\/22\/olfa-hamdi-le-gouvernement-a-tente-de-marreter-mais-heureusement-quon-ma-alertee-et-je-ne-suis-pas-tombee-dans-le-piege\/#primaryimage\",\"url\":\"\",\"contentUrl\":\"\"},{\"@type\":\"BreadcrumbList\",\"@id\":\"https:\/\/kapitalis.com\/tunisie\/2021\/02\/22\/olfa-hamdi-le-gouvernement-a-tente-de-marreter-mais-heureusement-quon-ma-alertee-et-je-ne-suis-pas-tombee-dans-le-piege\/#breadcrumb\",\"itemListElement\":[{\"@type\":\"ListItem\",\"position\":1,\"name\":\"Accueil\",\"item\":\"https:\/\/kapitalis.com\/tunisie\/\"},{\"@type\":\"ListItem\",\"position\":2,\"name\":\"Olfa Hamdi : \u00abLe gouvernement a tent\u00e9 de m&rsquo;arr\u00eater, mais heureusement qu&rsquo;on m&rsquo;a alert\u00e9e et je ne suis pas tomb\u00e9e dans le pi\u00e8ge!\u00bb\"}]},{\"@type\":\"WebSite\",\"@id\":\"https:\/\/kapitalis.com\/tunisie\/#website\",\"url\":\"https:\/\/kapitalis.com\/tunisie\/\",\"name\":\"Kapitalis\",\"description\":\"L&#039;actualit\u00e9 en Tunisie et dans le monde\",\"publisher\":{\"@id\":\"https:\/\/kapitalis.com\/tunisie\/#organization\"},\"potentialAction\":[{\"@type\":\"SearchAction\",\"target\":{\"@type\":\"EntryPoint\",\"urlTemplate\":\"https:\/\/kapitalis.com\/tunisie\/?s={search_term_string}\"},\"query-input\":{\"@type\":\"PropertyValueSpecification\",\"valueRequired\":true,\"valueName\":\"search_term_string\"}}],\"inLanguage\":\"fr-FR\"},{\"@type\":\"Organization\",\"@id\":\"https:\/\/kapitalis.com\/tunisie\/#organization\",\"name\":\"Kapitalis\",\"url\":\"https:\/\/kapitalis.com\/tunisie\/\",\"logo\":{\"@type\":\"ImageObject\",\"inLanguage\":\"fr-FR\",\"@id\":\"https:\/\/kapitalis.com\/tunisie\/#\/schema\/logo\/image\/\",\"url\":\"https:\/\/kapitalis.com\/tunisie\/wp-content\/uploads\/2022\/05\/Kapitalis-big-size.png\",\"contentUrl\":\"https:\/\/kapitalis.com\/tunisie\/wp-content\/uploads\/2022\/05\/Kapitalis-big-size.png\",\"width\":5000,\"height\":1500,\"caption\":\"Kapitalis\"},\"image\":{\"@id\":\"https:\/\/kapitalis.com\/tunisie\/#\/schema\/logo\/image\/\"},\"sameAs\":[\"https:\/\/www.facebook.com\/KapitalisInfo\/\",\"https:\/\/x.com\/KapitalisInfo\",\"https:\/\/www.youtube.com\/channel\/UC-yDYrHyfFBWWZaOw3FPg9Q\"]},{\"@type\":\"Person\",\"@id\":\"https:\/\/kapitalis.com\/tunisie\/#\/schema\/person\/74bbde0154d49d790a92aaeac5bc01d5\",\"name\":\"Yusra NY\",\"url\":\"https:\/\/kapitalis.com\/tunisie\/author\/yuza_adam\/\"}]}<\/script>\n<!-- \/ Yoast SEO plugin. -->","yoast_head_json":{"title":"Olfa Hamdi : \u00abLe gouvernement a tent\u00e9 de m'arr\u00eater, mais heureusement qu'on m'a alert\u00e9e et je ne suis pas tomb\u00e9e dans le pi\u00e8ge!\u00bb - Kapitalis","robots":{"index":"index","follow":"follow","max-snippet":"max-snippet:-1","max-image-preview":"max-image-preview:large","max-video-preview":"max-video-preview:-1"},"canonical":"https:\/\/kapitalis.com\/tunisie\/2021\/02\/22\/olfa-hamdi-le-gouvernement-a-tente-de-marreter-mais-heureusement-quon-ma-alertee-et-je-ne-suis-pas-tombee-dans-le-piege\/","og_locale":"fr_FR","og_type":"article","og_title":"Olfa Hamdi : \u00abLe gouvernement a tent\u00e9 de m'arr\u00eater, mais heureusement qu'on m'a alert\u00e9e et je ne suis pas tomb\u00e9e dans le pi\u00e8ge!\u00bb - Kapitalis","og_description":"Quelques heures apr\u00e8s son limogeage de son poste de Pdg de Tunisair annonc\u00e9 ce matin, lundi 22 f\u00e9vrier 2021, Olfa Hamdi a publi\u00e9 un statut sur son compte Facebook, o\u00f9 elle a notamment \u00e9crit : \u00abLe gouvernement a tent\u00e9 de m&rsquo;arr\u00eater, mais heureusement que les gens honorables de la compagnie et des s\u00e9curitaires m&rsquo;ont alert\u00e9e...","og_url":"https:\/\/kapitalis.com\/tunisie\/2021\/02\/22\/olfa-hamdi-le-gouvernement-a-tente-de-marreter-mais-heureusement-quon-ma-alertee-et-je-ne-suis-pas-tombee-dans-le-piege\/","og_site_name":"Kapitalis","article_publisher":"https:\/\/www.facebook.com\/KapitalisInfo\/","article_published_time":"2021-02-22T14:37:55+00:00","article_modified_time":"2021-02-22T22:27:05+00:00","og_image":[{"width":1200,"height":630,"url":"https:\/\/kapitalis.com\/tunisie\/wp-content\/uploads\/2022\/05\/kapitalis-logo-fb.png","type":"image\/png"}],"author":"Yusra NY","twitter_card":"summary_large_image","twitter_creator":"@KapitalisInfo","twitter_site":"@KapitalisInfo","twitter_misc":{"\u00c9crit par":"Yusra NY","Dur\u00e9e de lecture estim\u00e9e":"2 minutes"},"schema":{"@context":"https:\/\/schema.org","@graph":[{"@type":"Article","@id":"https:\/\/kapitalis.com\/tunisie\/2021\/02\/22\/olfa-hamdi-le-gouvernement-a-tente-de-marreter-mais-heureusement-quon-ma-alertee-et-je-ne-suis-pas-tombee-dans-le-piege\/#article","isPartOf":{"@id":"https:\/\/kapitalis.com\/tunisie\/2021\/02\/22\/olfa-hamdi-le-gouvernement-a-tente-de-marreter-mais-heureusement-quon-ma-alertee-et-je-ne-suis-pas-tombee-dans-le-piege\/"},"author":{"name":"Yusra NY","@id":"https:\/\/kapitalis.com\/tunisie\/#\/schema\/person\/74bbde0154d49d790a92aaeac5bc01d5"},"headline":"Olfa Hamdi : \u00abLe gouvernement a tent\u00e9 de m&rsquo;arr\u00eater, mais heureusement qu&rsquo;on m&rsquo;a alert\u00e9e et je ne suis pas tomb\u00e9e dans le pi\u00e8ge!\u00bb","datePublished":"2021-02-22T14:37:55+00:00","dateModified":"2021-02-22T22:27:05+00:00","mainEntityOfPage":{"@id":"https:\/\/kapitalis.com\/tunisie\/2021\/02\/22\/olfa-hamdi-le-gouvernement-a-tente-de-marreter-mais-heureusement-quon-ma-alertee-et-je-ne-suis-pas-tombee-dans-le-piege\/"},"wordCount":417,"commentCount":13,"publisher":{"@id":"https:\/\/kapitalis.com\/tunisie\/#organization"},"image":{"@id":"https:\/\/kapitalis.com\/tunisie\/2021\/02\/22\/olfa-hamdi-le-gouvernement-a-tente-de-marreter-mais-heureusement-quon-ma-alertee-et-je-ne-suis-pas-tombee-dans-le-piege\/#primaryimage"},"thumbnailUrl":"","keywords":["Chakchouk","gouvernement","limogeage","olfa hamdi","Tunisair","Tunisie"],"articleSection":["SOCIETE","Tunisie"],"inLanguage":"fr-FR","potentialAction":[{"@type":"CommentAction","name":"Comment","target":["https:\/\/kapitalis.com\/tunisie\/2021\/02\/22\/olfa-hamdi-le-gouvernement-a-tente-de-marreter-mais-heureusement-quon-ma-alertee-et-je-ne-suis-pas-tombee-dans-le-piege\/#respond"]}]},{"@type":"WebPage","@id":"https:\/\/kapitalis.com\/tunisie\/2021\/02\/22\/olfa-hamdi-le-gouvernement-a-tente-de-marreter-mais-heureusement-quon-ma-alertee-et-je-ne-suis-pas-tombee-dans-le-piege\/","url":"https:\/\/kapitalis.com\/tunisie\/2021\/02\/22\/olfa-hamdi-le-gouvernement-a-tente-de-marreter-mais-heureusement-quon-ma-alertee-et-je-ne-suis-pas-tombee-dans-le-piege\/","name":"Olfa Hamdi : \u00abLe gouvernement a tent\u00e9 de m'arr\u00eater, mais heureusement qu'on m'a alert\u00e9e et je ne suis pas tomb\u00e9e dans le pi\u00e8ge!\u00bb - Kapitalis","isPartOf":{"@id":"https:\/\/kapitalis.com\/tunisie\/#website"},"primaryImageOfPage":{"@id":"https:\/\/kapitalis.com\/tunisie\/2021\/02\/22\/olfa-hamdi-le-gouvernement-a-tente-de-marreter-mais-heureusement-quon-ma-alertee-et-je-ne-suis-pas-tombee-dans-le-piege\/#primaryimage"},"image":{"@id":"https:\/\/kapitalis.com\/tunisie\/2021\/02\/22\/olfa-hamdi-le-gouvernement-a-tente-de-marreter-mais-heureusement-quon-ma-alertee-et-je-ne-suis-pas-tombee-dans-le-piege\/#primaryimage"},"thumbnailUrl":"","datePublished":"2021-02-22T14:37:55+00:00","dateModified":"2021-02-22T22:27:05+00:00","breadcrumb":{"@id":"https:\/\/kapitalis.com\/tunisie\/2021\/02\/22\/olfa-hamdi-le-gouvernement-a-tente-de-marreter-mais-heureusement-quon-ma-alertee-et-je-ne-suis-pas-tombee-dans-le-piege\/#breadcrumb"},"inLanguage":"fr-FR","potentialAction":[{"@type":"ReadAction","target":["https:\/\/kapitalis.com\/tunisie\/2021\/02\/22\/olfa-hamdi-le-gouvernement-a-tente-de-marreter-mais-heureusement-quon-ma-alertee-et-je-ne-suis-pas-tombee-dans-le-piege\/"]}]},{"@type":"ImageObject","inLanguage":"fr-FR","@id":"https:\/\/kapitalis.com\/tunisie\/2021\/02\/22\/olfa-hamdi-le-gouvernement-a-tente-de-marreter-mais-heureusement-quon-ma-alertee-et-je-ne-suis-pas-tombee-dans-le-piege\/#primaryimage","url":"","contentUrl":""},{"@type":"BreadcrumbList","@id":"https:\/\/kapitalis.com\/tunisie\/2021\/02\/22\/olfa-hamdi-le-gouvernement-a-tente-de-marreter-mais-heureusement-quon-ma-alertee-et-je-ne-suis-pas-tombee-dans-le-piege\/#breadcrumb","itemListElement":[{"@type":"ListItem","position":1,"name":"Accueil","item":"https:\/\/kapitalis.com\/tunisie\/"},{"@type":"ListItem","position":2,"name":"Olfa Hamdi : \u00abLe gouvernement a tent\u00e9 de m&rsquo;arr\u00eater, mais heureusement qu&rsquo;on m&rsquo;a alert\u00e9e et je ne suis pas tomb\u00e9e dans le pi\u00e8ge!\u00bb"}]},{"@type":"WebSite","@id":"https:\/\/kapitalis.com\/tunisie\/#website","url":"https:\/\/kapitalis.com\/tunisie\/","name":"Kapitalis","description":"L&#039;actualit\u00e9 en Tunisie et dans le monde","publisher":{"@id":"https:\/\/kapitalis.com\/tunisie\/#organization"},"potentialAction":[{"@type":"SearchAction","target":{"@type":"EntryPoint","urlTemplate":"https:\/\/kapitalis.com\/tunisie\/?s={search_term_string}"},"query-input":{"@type":"PropertyValueSpecification","valueRequired":true,"valueName":"search_term_string"}}],"inLanguage":"fr-FR"},{"@type":"Organization","@id":"https:\/\/kapitalis.com\/tunisie\/#organization","name":"Kapitalis","url":"https:\/\/kapitalis.com\/tunisie\/","logo":{"@type":"ImageObject","inLanguage":"fr-FR","@id":"https:\/\/kapitalis.com\/tunisie\/#\/schema\/logo\/image\/","url":"https:\/\/kapitalis.com\/tunisie\/wp-content\/uploads\/2022\/05\/Kapitalis-big-size.png","contentUrl":"https:\/\/kapitalis.com\/tunisie\/wp-content\/uploads\/2022\/05\/Kapitalis-big-size.png","width":5000,"height":1500,"caption":"Kapitalis"},"image":{"@id":"https:\/\/kapitalis.com\/tunisie\/#\/schema\/logo\/image\/"},"sameAs":["https:\/\/www.facebook.com\/KapitalisInfo\/","https:\/\/x.com\/KapitalisInfo","https:\/\/www.youtube.com\/channel\/UC-yDYrHyfFBWWZaOw3FPg9Q"]},{"@type":"Person","@id":"https:\/\/kapitalis.com\/tunisie\/#\/schema\/person\/74bbde0154d49d790a92aaeac5bc01d5","name":"Yusra NY","url":"https:\/\/kapitalis.com\/tunisie\/author\/yuza_adam\/"}]}},"_links":{"self":[{"href":"https:\/\/kapitalis.com\/tunisie\/wp-json\/wp\/v2\/posts\/337333","targetHints":{"allow":["GET"]}}],"collection":[{"href":"https:\/\/kapitalis.com\/tunisie\/wp-json\/wp\/v2\/posts"}],"about":[{"href":"https:\/\/kapitalis.com\/tunisie\/wp-json\/wp\/v2\/types\/post"}],"author":[{"embeddable":true,"href":"https:\/\/kapitalis.com\/tunisie\/wp-json\/wp\/v2\/users\/6"}],"replies":[{"embeddable":true,"href":"https:\/\/kapitalis.com\/tunisie\/wp-json\/wp\/v2\/comments?post=337333"}],"version-history":[{"count":0,"href":"https:\/\/kapitalis.com\/tunisie\/wp-json\/wp\/v2\/posts\/337333\/revisions"}],"wp:featuredmedia":[{"embeddable":true,"href":"https:\/\/kapitalis.com\/tunisie\/wp-json\/wp\/v2\/media\/337347"}],"wp:attachment":[{"href":"https:\/\/kapitalis.com\/tunisie\/wp-json\/wp\/v2\/media?parent=337333"}],"wp:term":[{"taxonomy":"category","embeddable":true,"href":"https:\/\/kapitalis.com\/tunisie\/wp-json\/wp\/v2\/categories?post=337333"},{"taxonomy":"post_tag","embeddable":true,"href":"https:\/\/kapitalis.com\/tunisie\/wp-json\/wp\/v2\/tags?post=337333"}],"curies":[{"name":"wp","href":"https:\/\/api.w.org\/{rel}","templated":true}]}}