{"id":337399,"date":"2021-02-23T09:42:16","date_gmt":"2021-02-23T08:42:16","guid":{"rendered":"http:\/\/kapitalis.com\/tunisie\/?p=337399"},"modified":"2021-02-23T09:43:10","modified_gmt":"2021-02-23T08:43:10","slug":"vient-de-paraitre-le-pont-de-la-discorde-essai-politique-de-salah-el-gharbi","status":"publish","type":"post","link":"https:\/\/kapitalis.com\/tunisie\/2021\/02\/23\/vient-de-paraitre-le-pont-de-la-discorde-essai-politique-de-salah-el-gharbi\/","title":{"rendered":"Vient de para\u00eetre : \u2018\u2018Le pont de la discorde\u2019\u2019, essai politique de Salah El Gharbi"},"content":{"rendered":"\n<figure class=\"wp-block-image size-large\"><img decoding=\"async\" src=\"http:\/\/kapitalis.com\/tunisie\/wp-content\/uploads\/2021\/02\/Salah-El-Gharbi-Le-Pont-de-la-discorde.jpg\" alt=\"\" class=\"wp-image-337401\"\/><\/figure>\n\n\n\n<p><strong><em>Universitaire, romancier et analyste politique dont Kapitalis a publi\u00e9, au cours des derni\u00e8res ann\u00e9es, de nombreux articles d\u2019analyse de la situation en Tunisie, Salah El Gharbi vient de publier un ouvrage intitul\u00e9 \u2018\u2018Le pont de la discorde\u00a0: Essai sur la rh\u00e9torique politique de la transition d\u00e9mocratique\u2019\u2019 (\u00e9ditions Arabesques, Tunis, 2021).<\/em><\/strong><\/p>\n\n\n\n<!--more-->\n\n\n\n<p>Aussit\u00f4t le r\u00e9gime autoritaire de l\u2019ancien pr\u00e9sident Zine El-Abidine Ben Ali tomb\u00e9, le 14 janvier 2011, le champ politique en Tunisie est pris d\u2019assaut par tous ceux qui, la veille, \u00e9taient r\u00e9duits au silence ou animaient une opposition h\u00e9t\u00e9roclite et, souvent, divis\u00e9e et inefficace. Autant dire que cet \u00e9v\u00e9nement in\u00e9dit et m\u00eame inattendu et inesp\u00e9r\u00e9, en a surpris beaucoup, en Tunisie et parmi ses partenaires \u00e9trangers, qui croyaient que le r\u00e9gime en place \u00e0 Tunis \u00e9tait encore solide sur ses bases, notamment \u00e9conomiques et sociales, malgr\u00e9 le verrouillage du champ politique. \u00a0<\/p>\n\n\n\n<p><em>\u00abD\u00e8s lors, fissur\u00e9e, la digue finit par sauter et la parole, autrefois, hypoth\u00e9qu\u00e9e et prisonni\u00e8re, se d\u00e9cha\u00eene, houleuse, pour submerger tout l\u2019espace public. D\u00e9barrass\u00e9 de toute autorit\u00e9 tut\u00e9laire, le discours politique est, d\u00e9sormais, impr\u00e9visible et transgressif, n\u2019ob\u00e9issant, a priori, \u00e0 aucun protocole particulier\u00bb<\/em>, lit-on dans la pr\u00e9sentation de l\u2019ouvrage.<\/p>\n\n\n\n<p>Toutefois, avec le temps,\u00a0le nouveau discours politique qui s\u2019\u00e9rige sur les d\u00e9combres de la parole calcifi\u00e9e de <em>\u2018\u2018l\u2019ancien monde\u2019\u2019<\/em>, se ritualise. Ainsi, \u00e0 l\u2019image du <em>\u2018\u2018Destour\u2019\u2019,<\/em> avec son <em>\u2018\u2018\u00e9pop\u00e9e bourguibienne\u2019\u2019 <\/em>et son r\u00e9cit sur la lutte pour l\u2019ind\u00e9pendance, la nouvelle classe politique, en manque de l\u00e9gitimit\u00e9, se presse de tisser ses propres l\u00e9gendes et d\u2019imposer sa propre rh\u00e9torique. Et c\u2019est ce nouveau discours que Salah El Gharbi\u00a0cherche \u00e0 d\u00e9crypter, en essayant d\u2019en d\u00e9monter le fonctionnement et d\u2019en d\u00e9celer les soubassements id\u00e9ologiques.<\/p>\n\n\n\n<p>En partant de certains vocables comme<em> \u00abazlams\u00bb<\/em> (caciques de l\u2019ancien r\u00e9gime), <em>\u00abd\u00e9mocratie\u00bb, \u00abmilitant\u00bb<\/em>\u2026 ou de certaines expressions, d\u00e9sormais lexicalis\u00e9es, telles\u00a0<em>\u00abpolice r\u00e9publicaine\u00bb, \u00abr\u00e9gions marginalis\u00e9es\u00bb<\/em>,\u00a0<em>\u00abUGTT, sanctuaire des patriotes\u00bb<\/em>\u2026, l\u2019auteur soumet au crible d\u2019une analyse, sans parti-pris et sans concessions, les dessous de la nouvelle parole politique.<\/p>\n\n\n\n<p>Ainsi, dans cette approche critique, l\u2019auteur de cet ouvrage met le doigt, aussi bien sur\u00a0les turpitudes de <em>\u00abl\u2019ancien r\u00e9gime\u00bb<\/em> que sur les \u00e9garements d\u2019un personnel politique au pouvoir depuis 2011, \u00e0 la fois, immature, arrogant et cupide.<\/p>\n\n\n\n<p>Salah El Gharbi est l\u2019auteur de plusieurs ouvrages, notamment \u2018\u2018<em>Perditions<\/em>\u2019\u2019, (\u00e9d. Sahar, 2004), couronn\u00e9 du Prix Comar du premier roman, \u2018\u2018<em>Et quand mes nuits se souviennent<\/em>\u2019\u2019 (\u00e9d. MC Editions 2007), prix sp\u00e9cial du jury-Comar, mais aussi, \u2018\u2018<em>L\u2019analyse m\u00e9thodique du texte th\u00e9\u00e2tral<\/em>\u2019\u2019 (Centre de publications universitaires, 2008) et \u2018\u2018<em>La Cause palestinienne, cette mal\u00e9diction arabe\u2019\u2019 (\u00e9d. <\/em>L\u2019Harmattan2017)<em>.<\/em><\/p>\n","protected":false},"excerpt":{"rendered":"<p>Universitaire, romancier et analyste politique dont Kapitalis a publi\u00e9, au cours des derni\u00e8res ann\u00e9es, de nombreux articles d\u2019analyse de la situation en Tunisie, Salah El Gharbi vient de publier un ouvrage intitul\u00e9 \u2018\u2018Le pont de la discorde\u00a0: Essai sur la rh\u00e9torique politique de la transition d\u00e9mocratique\u2019\u2019 (\u00e9ditions Arabesques, Tunis, 2021).<\/p>\n","protected":false},"author":8,"featured_media":337401,"comment_status":"open","ping_status":"open","sticky":false,"template":"","format":"standard","meta":{"footnotes":""},"categories":[994,997,2433],"tags":[87743,87741,81010,87742,87740,80856],"class_list":["post-337399","post","type-post","status-publish","format-standard","has-post-thumbnail","hentry","category-culture","category-politique","category-tunisie","tag-discours-politique","tag-le-pont-de-la-discorde","tag-police-republicaine","tag-regions-marginalisees","tag-salah-el-gharbi","tag-zine-el-abidine-ben-ali-2"],"yoast_head":"<!-- This site is optimized with the Yoast SEO plugin v26.6 - https:\/\/yoast.com\/wordpress\/plugins\/seo\/ -->\n<title>Vient de para\u00eetre : \u2018\u2018Le pont de la discorde\u2019\u2019, essai politique de Salah El Gharbi - Kapitalis<\/title>\n<meta name=\"robots\" content=\"index, follow, max-snippet:-1, max-image-preview:large, max-video-preview:-1\" \/>\n<link rel=\"canonical\" href=\"https:\/\/kapitalis.com\/tunisie\/2021\/02\/23\/vient-de-paraitre-le-pont-de-la-discorde-essai-politique-de-salah-el-gharbi\/\" \/>\n<meta property=\"og:locale\" content=\"fr_FR\" \/>\n<meta property=\"og:type\" content=\"article\" \/>\n<meta property=\"og:title\" content=\"Vient de para\u00eetre : \u2018\u2018Le pont de la discorde\u2019\u2019, essai politique de Salah El Gharbi - Kapitalis\" \/>\n<meta property=\"og:description\" content=\"Universitaire, romancier et analyste politique dont Kapitalis a publi\u00e9, au cours des derni\u00e8res ann\u00e9es, de nombreux articles d\u2019analyse de la situation en Tunisie, Salah El Gharbi vient de publier un ouvrage intitul\u00e9 \u2018\u2018Le pont de la discorde\u00a0: Essai sur la rh\u00e9torique politique de la transition d\u00e9mocratique\u2019\u2019 (\u00e9ditions Arabesques, Tunis, 2021).\" \/>\n<meta property=\"og:url\" content=\"https:\/\/kapitalis.com\/tunisie\/2021\/02\/23\/vient-de-paraitre-le-pont-de-la-discorde-essai-politique-de-salah-el-gharbi\/\" \/>\n<meta property=\"og:site_name\" content=\"Kapitalis\" \/>\n<meta property=\"article:publisher\" content=\"https:\/\/www.facebook.com\/KapitalisInfo\/\" \/>\n<meta property=\"article:published_time\" content=\"2021-02-23T08:42:16+00:00\" \/>\n<meta property=\"article:modified_time\" content=\"2021-02-23T08:43:10+00:00\" \/>\n<meta property=\"og:image\" content=\"https:\/\/kapitalis.com\/tunisie\/wp-content\/uploads\/2022\/05\/kapitalis-logo-fb.png\" \/>\n\t<meta property=\"og:image:width\" content=\"1200\" \/>\n\t<meta property=\"og:image:height\" content=\"630\" \/>\n\t<meta property=\"og:image:type\" content=\"image\/png\" \/>\n<meta name=\"author\" content=\"webmaster kapitalis\" \/>\n<meta name=\"twitter:card\" content=\"summary_large_image\" \/>\n<meta name=\"twitter:creator\" content=\"@KapitalisInfo\" \/>\n<meta name=\"twitter:site\" content=\"@KapitalisInfo\" \/>\n<meta name=\"twitter:label1\" content=\"\u00c9crit par\" \/>\n\t<meta name=\"twitter:data1\" content=\"webmaster kapitalis\" \/>\n\t<meta name=\"twitter:label2\" content=\"Dur\u00e9e de lecture estim\u00e9e\" \/>\n\t<meta name=\"twitter:data2\" content=\"2 minutes\" \/>\n<script type=\"application\/ld+json\" class=\"yoast-schema-graph\">{\"@context\":\"https:\/\/schema.org\",\"@graph\":[{\"@type\":\"Article\",\"@id\":\"https:\/\/kapitalis.com\/tunisie\/2021\/02\/23\/vient-de-paraitre-le-pont-de-la-discorde-essai-politique-de-salah-el-gharbi\/#article\",\"isPartOf\":{\"@id\":\"https:\/\/kapitalis.com\/tunisie\/2021\/02\/23\/vient-de-paraitre-le-pont-de-la-discorde-essai-politique-de-salah-el-gharbi\/\"},\"author\":{\"name\":\"webmaster kapitalis\",\"@id\":\"https:\/\/kapitalis.com\/tunisie\/#\/schema\/person\/d71f33a9ca44f7bad4698210b480c8e9\"},\"headline\":\"Vient de para\u00eetre : \u2018\u2018Le pont de la discorde\u2019\u2019, essai politique de Salah El Gharbi\",\"datePublished\":\"2021-02-23T08:42:16+00:00\",\"dateModified\":\"2021-02-23T08:43:10+00:00\",\"mainEntityOfPage\":{\"@id\":\"https:\/\/kapitalis.com\/tunisie\/2021\/02\/23\/vient-de-paraitre-le-pont-de-la-discorde-essai-politique-de-salah-el-gharbi\/\"},\"wordCount\":491,\"commentCount\":0,\"publisher\":{\"@id\":\"https:\/\/kapitalis.com\/tunisie\/#organization\"},\"image\":{\"@id\":\"https:\/\/kapitalis.com\/tunisie\/2021\/02\/23\/vient-de-paraitre-le-pont-de-la-discorde-essai-politique-de-salah-el-gharbi\/#primaryimage\"},\"thumbnailUrl\":\"\",\"keywords\":[\"discours politique\",\"Le pont de la discorde\",\"police r\u00e9publicaine\",\"r\u00e9gions marginalis\u00e9es\",\"Salah El Gharbi\",\"Zine El-Abidine Ben Ali\"],\"articleSection\":[\"CULTURE\",\"POLITIQUE\",\"Tunisie\"],\"inLanguage\":\"fr-FR\",\"potentialAction\":[{\"@type\":\"CommentAction\",\"name\":\"Comment\",\"target\":[\"https:\/\/kapitalis.com\/tunisie\/2021\/02\/23\/vient-de-paraitre-le-pont-de-la-discorde-essai-politique-de-salah-el-gharbi\/#respond\"]}]},{\"@type\":\"WebPage\",\"@id\":\"https:\/\/kapitalis.com\/tunisie\/2021\/02\/23\/vient-de-paraitre-le-pont-de-la-discorde-essai-politique-de-salah-el-gharbi\/\",\"url\":\"https:\/\/kapitalis.com\/tunisie\/2021\/02\/23\/vient-de-paraitre-le-pont-de-la-discorde-essai-politique-de-salah-el-gharbi\/\",\"name\":\"Vient de para\u00eetre : \u2018\u2018Le pont de la discorde\u2019\u2019, essai politique de Salah El Gharbi - Kapitalis\",\"isPartOf\":{\"@id\":\"https:\/\/kapitalis.com\/tunisie\/#website\"},\"primaryImageOfPage\":{\"@id\":\"https:\/\/kapitalis.com\/tunisie\/2021\/02\/23\/vient-de-paraitre-le-pont-de-la-discorde-essai-politique-de-salah-el-gharbi\/#primaryimage\"},\"image\":{\"@id\":\"https:\/\/kapitalis.com\/tunisie\/2021\/02\/23\/vient-de-paraitre-le-pont-de-la-discorde-essai-politique-de-salah-el-gharbi\/#primaryimage\"},\"thumbnailUrl\":\"\",\"datePublished\":\"2021-02-23T08:42:16+00:00\",\"dateModified\":\"2021-02-23T08:43:10+00:00\",\"breadcrumb\":{\"@id\":\"https:\/\/kapitalis.com\/tunisie\/2021\/02\/23\/vient-de-paraitre-le-pont-de-la-discorde-essai-politique-de-salah-el-gharbi\/#breadcrumb\"},\"inLanguage\":\"fr-FR\",\"potentialAction\":[{\"@type\":\"ReadAction\",\"target\":[\"https:\/\/kapitalis.com\/tunisie\/2021\/02\/23\/vient-de-paraitre-le-pont-de-la-discorde-essai-politique-de-salah-el-gharbi\/\"]}]},{\"@type\":\"ImageObject\",\"inLanguage\":\"fr-FR\",\"@id\":\"https:\/\/kapitalis.com\/tunisie\/2021\/02\/23\/vient-de-paraitre-le-pont-de-la-discorde-essai-politique-de-salah-el-gharbi\/#primaryimage\",\"url\":\"\",\"contentUrl\":\"\"},{\"@type\":\"BreadcrumbList\",\"@id\":\"https:\/\/kapitalis.com\/tunisie\/2021\/02\/23\/vient-de-paraitre-le-pont-de-la-discorde-essai-politique-de-salah-el-gharbi\/#breadcrumb\",\"itemListElement\":[{\"@type\":\"ListItem\",\"position\":1,\"name\":\"Accueil\",\"item\":\"https:\/\/kapitalis.com\/tunisie\/\"},{\"@type\":\"ListItem\",\"position\":2,\"name\":\"Vient de para\u00eetre : \u2018\u2018Le pont de la discorde\u2019\u2019, essai politique de Salah El Gharbi\"}]},{\"@type\":\"WebSite\",\"@id\":\"https:\/\/kapitalis.com\/tunisie\/#website\",\"url\":\"https:\/\/kapitalis.com\/tunisie\/\",\"name\":\"Kapitalis\",\"description\":\"L&#039;actualit\u00e9 en Tunisie et dans le monde\",\"publisher\":{\"@id\":\"https:\/\/kapitalis.com\/tunisie\/#organization\"},\"potentialAction\":[{\"@type\":\"SearchAction\",\"target\":{\"@type\":\"EntryPoint\",\"urlTemplate\":\"https:\/\/kapitalis.com\/tunisie\/?s={search_term_string}\"},\"query-input\":{\"@type\":\"PropertyValueSpecification\",\"valueRequired\":true,\"valueName\":\"search_term_string\"}}],\"inLanguage\":\"fr-FR\"},{\"@type\":\"Organization\",\"@id\":\"https:\/\/kapitalis.com\/tunisie\/#organization\",\"name\":\"Kapitalis\",\"url\":\"https:\/\/kapitalis.com\/tunisie\/\",\"logo\":{\"@type\":\"ImageObject\",\"inLanguage\":\"fr-FR\",\"@id\":\"https:\/\/kapitalis.com\/tunisie\/#\/schema\/logo\/image\/\",\"url\":\"https:\/\/kapitalis.com\/tunisie\/wp-content\/uploads\/2022\/05\/Kapitalis-big-size.png\",\"contentUrl\":\"https:\/\/kapitalis.com\/tunisie\/wp-content\/uploads\/2022\/05\/Kapitalis-big-size.png\",\"width\":5000,\"height\":1500,\"caption\":\"Kapitalis\"},\"image\":{\"@id\":\"https:\/\/kapitalis.com\/tunisie\/#\/schema\/logo\/image\/\"},\"sameAs\":[\"https:\/\/www.facebook.com\/KapitalisInfo\/\",\"https:\/\/x.com\/KapitalisInfo\",\"https:\/\/www.youtube.com\/channel\/UC-yDYrHyfFBWWZaOw3FPg9Q\"]},{\"@type\":\"Person\",\"@id\":\"https:\/\/kapitalis.com\/tunisie\/#\/schema\/person\/d71f33a9ca44f7bad4698210b480c8e9\",\"name\":\"webmaster kapitalis\",\"url\":\"https:\/\/kapitalis.com\/tunisie\/author\/webmaster-kapitalis\/\"}]}<\/script>\n<!-- \/ Yoast SEO plugin. -->","yoast_head_json":{"title":"Vient de para\u00eetre : \u2018\u2018Le pont de la discorde\u2019\u2019, essai politique de Salah El Gharbi - Kapitalis","robots":{"index":"index","follow":"follow","max-snippet":"max-snippet:-1","max-image-preview":"max-image-preview:large","max-video-preview":"max-video-preview:-1"},"canonical":"https:\/\/kapitalis.com\/tunisie\/2021\/02\/23\/vient-de-paraitre-le-pont-de-la-discorde-essai-politique-de-salah-el-gharbi\/","og_locale":"fr_FR","og_type":"article","og_title":"Vient de para\u00eetre : \u2018\u2018Le pont de la discorde\u2019\u2019, essai politique de Salah El Gharbi - Kapitalis","og_description":"Universitaire, romancier et analyste politique dont Kapitalis a publi\u00e9, au cours des derni\u00e8res ann\u00e9es, de nombreux articles d\u2019analyse de la situation en Tunisie, Salah El Gharbi vient de publier un ouvrage intitul\u00e9 \u2018\u2018Le pont de la discorde\u00a0: Essai sur la rh\u00e9torique politique de la transition d\u00e9mocratique\u2019\u2019 (\u00e9ditions Arabesques, Tunis, 2021).","og_url":"https:\/\/kapitalis.com\/tunisie\/2021\/02\/23\/vient-de-paraitre-le-pont-de-la-discorde-essai-politique-de-salah-el-gharbi\/","og_site_name":"Kapitalis","article_publisher":"https:\/\/www.facebook.com\/KapitalisInfo\/","article_published_time":"2021-02-23T08:42:16+00:00","article_modified_time":"2021-02-23T08:43:10+00:00","og_image":[{"width":1200,"height":630,"url":"https:\/\/kapitalis.com\/tunisie\/wp-content\/uploads\/2022\/05\/kapitalis-logo-fb.png","type":"image\/png"}],"author":"webmaster kapitalis","twitter_card":"summary_large_image","twitter_creator":"@KapitalisInfo","twitter_site":"@KapitalisInfo","twitter_misc":{"\u00c9crit par":"webmaster kapitalis","Dur\u00e9e de lecture estim\u00e9e":"2 minutes"},"schema":{"@context":"https:\/\/schema.org","@graph":[{"@type":"Article","@id":"https:\/\/kapitalis.com\/tunisie\/2021\/02\/23\/vient-de-paraitre-le-pont-de-la-discorde-essai-politique-de-salah-el-gharbi\/#article","isPartOf":{"@id":"https:\/\/kapitalis.com\/tunisie\/2021\/02\/23\/vient-de-paraitre-le-pont-de-la-discorde-essai-politique-de-salah-el-gharbi\/"},"author":{"name":"webmaster kapitalis","@id":"https:\/\/kapitalis.com\/tunisie\/#\/schema\/person\/d71f33a9ca44f7bad4698210b480c8e9"},"headline":"Vient de para\u00eetre : \u2018\u2018Le pont de la discorde\u2019\u2019, essai politique de Salah El Gharbi","datePublished":"2021-02-23T08:42:16+00:00","dateModified":"2021-02-23T08:43:10+00:00","mainEntityOfPage":{"@id":"https:\/\/kapitalis.com\/tunisie\/2021\/02\/23\/vient-de-paraitre-le-pont-de-la-discorde-essai-politique-de-salah-el-gharbi\/"},"wordCount":491,"commentCount":0,"publisher":{"@id":"https:\/\/kapitalis.com\/tunisie\/#organization"},"image":{"@id":"https:\/\/kapitalis.com\/tunisie\/2021\/02\/23\/vient-de-paraitre-le-pont-de-la-discorde-essai-politique-de-salah-el-gharbi\/#primaryimage"},"thumbnailUrl":"","keywords":["discours politique","Le pont de la discorde","police r\u00e9publicaine","r\u00e9gions marginalis\u00e9es","Salah El Gharbi","Zine El-Abidine Ben Ali"],"articleSection":["CULTURE","POLITIQUE","Tunisie"],"inLanguage":"fr-FR","potentialAction":[{"@type":"CommentAction","name":"Comment","target":["https:\/\/kapitalis.com\/tunisie\/2021\/02\/23\/vient-de-paraitre-le-pont-de-la-discorde-essai-politique-de-salah-el-gharbi\/#respond"]}]},{"@type":"WebPage","@id":"https:\/\/kapitalis.com\/tunisie\/2021\/02\/23\/vient-de-paraitre-le-pont-de-la-discorde-essai-politique-de-salah-el-gharbi\/","url":"https:\/\/kapitalis.com\/tunisie\/2021\/02\/23\/vient-de-paraitre-le-pont-de-la-discorde-essai-politique-de-salah-el-gharbi\/","name":"Vient de para\u00eetre : \u2018\u2018Le pont de la discorde\u2019\u2019, essai politique de Salah El Gharbi - Kapitalis","isPartOf":{"@id":"https:\/\/kapitalis.com\/tunisie\/#website"},"primaryImageOfPage":{"@id":"https:\/\/kapitalis.com\/tunisie\/2021\/02\/23\/vient-de-paraitre-le-pont-de-la-discorde-essai-politique-de-salah-el-gharbi\/#primaryimage"},"image":{"@id":"https:\/\/kapitalis.com\/tunisie\/2021\/02\/23\/vient-de-paraitre-le-pont-de-la-discorde-essai-politique-de-salah-el-gharbi\/#primaryimage"},"thumbnailUrl":"","datePublished":"2021-02-23T08:42:16+00:00","dateModified":"2021-02-23T08:43:10+00:00","breadcrumb":{"@id":"https:\/\/kapitalis.com\/tunisie\/2021\/02\/23\/vient-de-paraitre-le-pont-de-la-discorde-essai-politique-de-salah-el-gharbi\/#breadcrumb"},"inLanguage":"fr-FR","potentialAction":[{"@type":"ReadAction","target":["https:\/\/kapitalis.com\/tunisie\/2021\/02\/23\/vient-de-paraitre-le-pont-de-la-discorde-essai-politique-de-salah-el-gharbi\/"]}]},{"@type":"ImageObject","inLanguage":"fr-FR","@id":"https:\/\/kapitalis.com\/tunisie\/2021\/02\/23\/vient-de-paraitre-le-pont-de-la-discorde-essai-politique-de-salah-el-gharbi\/#primaryimage","url":"","contentUrl":""},{"@type":"BreadcrumbList","@id":"https:\/\/kapitalis.com\/tunisie\/2021\/02\/23\/vient-de-paraitre-le-pont-de-la-discorde-essai-politique-de-salah-el-gharbi\/#breadcrumb","itemListElement":[{"@type":"ListItem","position":1,"name":"Accueil","item":"https:\/\/kapitalis.com\/tunisie\/"},{"@type":"ListItem","position":2,"name":"Vient de para\u00eetre : \u2018\u2018Le pont de la discorde\u2019\u2019, essai politique de Salah El Gharbi"}]},{"@type":"WebSite","@id":"https:\/\/kapitalis.com\/tunisie\/#website","url":"https:\/\/kapitalis.com\/tunisie\/","name":"Kapitalis","description":"L&#039;actualit\u00e9 en Tunisie et dans le monde","publisher":{"@id":"https:\/\/kapitalis.com\/tunisie\/#organization"},"potentialAction":[{"@type":"SearchAction","target":{"@type":"EntryPoint","urlTemplate":"https:\/\/kapitalis.com\/tunisie\/?s={search_term_string}"},"query-input":{"@type":"PropertyValueSpecification","valueRequired":true,"valueName":"search_term_string"}}],"inLanguage":"fr-FR"},{"@type":"Organization","@id":"https:\/\/kapitalis.com\/tunisie\/#organization","name":"Kapitalis","url":"https:\/\/kapitalis.com\/tunisie\/","logo":{"@type":"ImageObject","inLanguage":"fr-FR","@id":"https:\/\/kapitalis.com\/tunisie\/#\/schema\/logo\/image\/","url":"https:\/\/kapitalis.com\/tunisie\/wp-content\/uploads\/2022\/05\/Kapitalis-big-size.png","contentUrl":"https:\/\/kapitalis.com\/tunisie\/wp-content\/uploads\/2022\/05\/Kapitalis-big-size.png","width":5000,"height":1500,"caption":"Kapitalis"},"image":{"@id":"https:\/\/kapitalis.com\/tunisie\/#\/schema\/logo\/image\/"},"sameAs":["https:\/\/www.facebook.com\/KapitalisInfo\/","https:\/\/x.com\/KapitalisInfo","https:\/\/www.youtube.com\/channel\/UC-yDYrHyfFBWWZaOw3FPg9Q"]},{"@type":"Person","@id":"https:\/\/kapitalis.com\/tunisie\/#\/schema\/person\/d71f33a9ca44f7bad4698210b480c8e9","name":"webmaster kapitalis","url":"https:\/\/kapitalis.com\/tunisie\/author\/webmaster-kapitalis\/"}]}},"_links":{"self":[{"href":"https:\/\/kapitalis.com\/tunisie\/wp-json\/wp\/v2\/posts\/337399","targetHints":{"allow":["GET"]}}],"collection":[{"href":"https:\/\/kapitalis.com\/tunisie\/wp-json\/wp\/v2\/posts"}],"about":[{"href":"https:\/\/kapitalis.com\/tunisie\/wp-json\/wp\/v2\/types\/post"}],"author":[{"embeddable":true,"href":"https:\/\/kapitalis.com\/tunisie\/wp-json\/wp\/v2\/users\/8"}],"replies":[{"embeddable":true,"href":"https:\/\/kapitalis.com\/tunisie\/wp-json\/wp\/v2\/comments?post=337399"}],"version-history":[{"count":0,"href":"https:\/\/kapitalis.com\/tunisie\/wp-json\/wp\/v2\/posts\/337399\/revisions"}],"wp:featuredmedia":[{"embeddable":true,"href":"https:\/\/kapitalis.com\/tunisie\/wp-json\/wp\/v2\/media\/337401"}],"wp:attachment":[{"href":"https:\/\/kapitalis.com\/tunisie\/wp-json\/wp\/v2\/media?parent=337399"}],"wp:term":[{"taxonomy":"category","embeddable":true,"href":"https:\/\/kapitalis.com\/tunisie\/wp-json\/wp\/v2\/categories?post=337399"},{"taxonomy":"post_tag","embeddable":true,"href":"https:\/\/kapitalis.com\/tunisie\/wp-json\/wp\/v2\/tags?post=337399"}],"curies":[{"name":"wp","href":"https:\/\/api.w.org\/{rel}","templated":true}]}}