{"id":337440,"date":"2021-02-23T13:41:15","date_gmt":"2021-02-23T12:41:15","guid":{"rendered":"http:\/\/kapitalis.com\/tunisie\/?p=337440"},"modified":"2021-02-23T21:15:51","modified_gmt":"2021-02-23T20:15:51","slug":"mekki-revient-sur-la-photo-de-mourou-aux-fiancailles-de-meriem-ben-moulehem","status":"publish","type":"post","link":"https:\/\/kapitalis.com\/tunisie\/2021\/02\/23\/mekki-revient-sur-la-photo-de-mourou-aux-fiancailles-de-meriem-ben-moulehem\/","title":{"rendered":"Mekki revient sur la photo de Mourou aux fian\u00e7ailles de Meriem Ben Moulehem"},"content":{"rendered":"\n<figure class=\"wp-block-image size-large\"><img decoding=\"async\" src=\"http:\/\/kapitalis.com\/tunisie\/wp-content\/uploads\/2021\/02\/Mourou-Ben-Moulehem.jpg\" alt=\"\" class=\"wp-image-337446\"\/><\/figure>\n\n\n\n<p>\u00ab<strong><em>Cheikh Abdelfattah Mourou a \u00e9t\u00e9 critiqu\u00e9 en Tunisie et ailleurs et a subi beaucoup de pr\u00e9judices suite \u00e0 la publication de sa photo lors d&rsquo;une une c\u00e9r\u00e9monie de fian\u00e7ailles (de Meriem Ben Moulehem, Ndlr)\u00bb, a d\u00e9plor\u00e9 le dirigeant Ennahdha Abdellatif Mekki, en expliquant les \u00abcirconstances de ce simple clich\u00e9\u00bb<\/em><\/strong>, <strong><em>dit-il.<\/em><\/strong><\/p>\n\n\n\n<!--more-->\n\n\n\n<p>Dans un post publi\u00e9 ce mardi 23 f\u00e9vrier 2021, Abdellatif Mekki a regrett\u00e9 la vague de critiques dont a fait l&rsquo;objet Abdelfattah Mourou en laissant entendre que ce dernier n&rsquo;avait pas dans\u00e9 avec l&rsquo;actrice comme diffus\u00e9 par des m\u00e9dias tunisiens et \u00e9trangers : \u00ab<em>Il a \u00e9t\u00e9 invit\u00e9 \u00e0 des fian\u00e7ailles, il s\u2019y est rendu avec des membres de sa famille. A sa sortie, il est all\u00e9 saluer la mari\u00e9e, \u00e0 la demande du p\u00e8re de celle-ci, et c&rsquo;est l\u00e0 que la photo a \u00e9t\u00e9 prise<\/em>\u00bb.<\/p>\n\n\n\n<p>\u00ab<em>Il l\u2019a salu\u00e9e de cette mani\u00e8re afin de respecter la distanciation physique. Une mani\u00e8re de la f\u00e9liciter et rien d\u2019autre. Il n\u2019y a d&rsquo;ailleurs pas d&rsquo;autres photos ni vid\u00e9o<\/em>\u00bb, a ajout\u00e9 l&rsquo;ancien ministre nahdhaoui en estimant que son ami a \u00e9t\u00e9 victime d&rsquo;une injustice et de pr\u00e9jug\u00e9s.<\/p>\n\n\n\n<p><em>\u00abMourou a subi beaucoup de pr\u00e9judices en Tunisie et \u00e0 l\u2019ext\u00e9rieur, alors que c\u2019est l\u2019homme qui sait allier les convenances sociales \u00e0 sa culture\u2026 Et c\u2019est justement pour \u00e7a que beaucoup de gens l\u2019aiment<\/em>\u00bb, a-t-il encore \u00e9crit en concluant : \u00ab<em>Alors pourquoi tant de mal, sans v\u00e9rifications ?<\/em>\u00bb.<\/p>\n\n\n\n<p>Rappelons que la photo diffus\u00e9e la semaine derni\u00e8re \u00e0 l&rsquo;occasion des fian\u00e7ailles de Meriem Ben Moulehem, a fait le buzz sur les r\u00e9seaux sociaux et que de nombreux islamistes se dont dits \u00ab<em>choqu\u00e9s de voir Mourou danser avec une strette\u00bb<\/em>\u2026<\/p>\n\n\n\n<p>De nombreux m\u00e9dias tunisiens et \u00e9tranger \u00e0 l&rsquo;instar d&rsquo;<a aria-label=\"undefined (s\u2019ouvre dans un nouvel onglet)\" href=\"https:\/\/www.albawaba.com\/entertainment\/shaikh-belly-tunisian-shaikh-abdelfattah-mourou-dancing-artist-meriem-ben-moulehem\" target=\"_blank\" rel=\"noreferrer noopener\">Al-Bawaba<\/a> ou encore la <a aria-label=\"undefined (s\u2019ouvre dans un nouvel onglet)\" href=\"https:\/\/www.bbc.com\/arabic\/tv-and-radio-56116331\" target=\"_blank\" rel=\"noreferrer noopener\">BBC Arabic<\/a>,  avait repris la nouvelle en parlant de \u00ab<em>pol\u00e9mique<\/em>\u00bb et de \u00ab<em>bad buzz<\/em>\u00bb entre autres commentaires. Mourou  avait, lui aussi affirm\u00e9 \u00e0 la BBC qu&rsquo;il avait simplement salu\u00e9 Meriem Ben Moulehem.<\/p>\n\n\n\n<p class=\"has-text-align-right\"><strong>Y. N.<\/strong><\/p>\n","protected":false},"excerpt":{"rendered":"<p>\u00abCheikh Abdelfattah Mourou a \u00e9t\u00e9 critiqu\u00e9 en Tunisie et ailleurs et a subi beaucoup de pr\u00e9judices suite \u00e0 la publication de sa photo lors d&rsquo;une une c\u00e9r\u00e9monie de fian\u00e7ailles (de Meriem Ben Moulehem, Ndlr)\u00bb, a d\u00e9plor\u00e9 le dirigeant Ennahdha Abdellatif Mekki, en expliquant les \u00abcirconstances de ce simple clich\u00e9\u00bb, dit-il.<\/p>\n","protected":false},"author":6,"featured_media":337446,"comment_status":"open","ping_status":"open","sticky":false,"template":"","format":"standard","meta":{"footnotes":""},"categories":[997,2433],"tags":[4271,17,49543,87769],"class_list":["post-337440","post","type-post","status-publish","format-standard","has-post-thumbnail","hentry","category-politique","category-tunisie","tag-abdelfattah-mourou","tag-abdellatif-mekki","tag-ennahdha","tag-meriem-ben-moulehem"],"yoast_head":"<!-- This site is optimized with the Yoast SEO plugin v26.6 - https:\/\/yoast.com\/wordpress\/plugins\/seo\/ -->\n<title>Mekki revient sur la photo de Mourou aux fian\u00e7ailles de Meriem Ben Moulehem - Kapitalis<\/title>\n<meta name=\"robots\" content=\"index, follow, max-snippet:-1, max-image-preview:large, max-video-preview:-1\" \/>\n<link rel=\"canonical\" href=\"https:\/\/kapitalis.com\/tunisie\/2021\/02\/23\/mekki-revient-sur-la-photo-de-mourou-aux-fiancailles-de-meriem-ben-moulehem\/\" \/>\n<meta property=\"og:locale\" content=\"fr_FR\" \/>\n<meta property=\"og:type\" content=\"article\" \/>\n<meta property=\"og:title\" content=\"Mekki revient sur la photo de Mourou aux fian\u00e7ailles de Meriem Ben Moulehem - Kapitalis\" \/>\n<meta property=\"og:description\" content=\"\u00abCheikh Abdelfattah Mourou a \u00e9t\u00e9 critiqu\u00e9 en Tunisie et ailleurs et a subi beaucoup de pr\u00e9judices suite \u00e0 la publication de sa photo lors d&rsquo;une une c\u00e9r\u00e9monie de fian\u00e7ailles (de Meriem Ben Moulehem, Ndlr)\u00bb, a d\u00e9plor\u00e9 le dirigeant Ennahdha Abdellatif Mekki, en expliquant les \u00abcirconstances de ce simple clich\u00e9\u00bb, dit-il.\" \/>\n<meta property=\"og:url\" content=\"https:\/\/kapitalis.com\/tunisie\/2021\/02\/23\/mekki-revient-sur-la-photo-de-mourou-aux-fiancailles-de-meriem-ben-moulehem\/\" \/>\n<meta property=\"og:site_name\" content=\"Kapitalis\" \/>\n<meta property=\"article:publisher\" content=\"https:\/\/www.facebook.com\/KapitalisInfo\/\" \/>\n<meta property=\"article:published_time\" content=\"2021-02-23T12:41:15+00:00\" \/>\n<meta property=\"article:modified_time\" content=\"2021-02-23T20:15:51+00:00\" \/>\n<meta property=\"og:image\" content=\"https:\/\/kapitalis.com\/tunisie\/wp-content\/uploads\/2022\/05\/kapitalis-logo-fb.png\" \/>\n\t<meta property=\"og:image:width\" content=\"1200\" \/>\n\t<meta property=\"og:image:height\" content=\"630\" \/>\n\t<meta property=\"og:image:type\" content=\"image\/png\" \/>\n<meta name=\"author\" content=\"Yusra NY\" \/>\n<meta name=\"twitter:card\" content=\"summary_large_image\" \/>\n<meta name=\"twitter:creator\" content=\"@KapitalisInfo\" \/>\n<meta name=\"twitter:site\" content=\"@KapitalisInfo\" \/>\n<meta name=\"twitter:label1\" content=\"\u00c9crit par\" \/>\n\t<meta name=\"twitter:data1\" content=\"Yusra NY\" \/>\n\t<meta name=\"twitter:label2\" content=\"Dur\u00e9e de lecture estim\u00e9e\" \/>\n\t<meta name=\"twitter:data2\" content=\"2 minutes\" \/>\n<script type=\"application\/ld+json\" class=\"yoast-schema-graph\">{\"@context\":\"https:\/\/schema.org\",\"@graph\":[{\"@type\":\"Article\",\"@id\":\"https:\/\/kapitalis.com\/tunisie\/2021\/02\/23\/mekki-revient-sur-la-photo-de-mourou-aux-fiancailles-de-meriem-ben-moulehem\/#article\",\"isPartOf\":{\"@id\":\"https:\/\/kapitalis.com\/tunisie\/2021\/02\/23\/mekki-revient-sur-la-photo-de-mourou-aux-fiancailles-de-meriem-ben-moulehem\/\"},\"author\":{\"name\":\"Yusra NY\",\"@id\":\"https:\/\/kapitalis.com\/tunisie\/#\/schema\/person\/74bbde0154d49d790a92aaeac5bc01d5\"},\"headline\":\"Mekki revient sur la photo de Mourou aux fian\u00e7ailles de Meriem Ben Moulehem\",\"datePublished\":\"2021-02-23T12:41:15+00:00\",\"dateModified\":\"2021-02-23T20:15:51+00:00\",\"mainEntityOfPage\":{\"@id\":\"https:\/\/kapitalis.com\/tunisie\/2021\/02\/23\/mekki-revient-sur-la-photo-de-mourou-aux-fiancailles-de-meriem-ben-moulehem\/\"},\"wordCount\":353,\"commentCount\":0,\"publisher\":{\"@id\":\"https:\/\/kapitalis.com\/tunisie\/#organization\"},\"image\":{\"@id\":\"https:\/\/kapitalis.com\/tunisie\/2021\/02\/23\/mekki-revient-sur-la-photo-de-mourou-aux-fiancailles-de-meriem-ben-moulehem\/#primaryimage\"},\"thumbnailUrl\":\"\",\"keywords\":[\"Abdelfattah Mourou\",\"Abdellatif Mekki\",\"Ennahdha\",\"Meriem Ben Moulehem\"],\"articleSection\":[\"POLITIQUE\",\"Tunisie\"],\"inLanguage\":\"fr-FR\",\"potentialAction\":[{\"@type\":\"CommentAction\",\"name\":\"Comment\",\"target\":[\"https:\/\/kapitalis.com\/tunisie\/2021\/02\/23\/mekki-revient-sur-la-photo-de-mourou-aux-fiancailles-de-meriem-ben-moulehem\/#respond\"]}]},{\"@type\":\"WebPage\",\"@id\":\"https:\/\/kapitalis.com\/tunisie\/2021\/02\/23\/mekki-revient-sur-la-photo-de-mourou-aux-fiancailles-de-meriem-ben-moulehem\/\",\"url\":\"https:\/\/kapitalis.com\/tunisie\/2021\/02\/23\/mekki-revient-sur-la-photo-de-mourou-aux-fiancailles-de-meriem-ben-moulehem\/\",\"name\":\"Mekki revient sur la photo de Mourou aux fian\u00e7ailles de Meriem Ben Moulehem - Kapitalis\",\"isPartOf\":{\"@id\":\"https:\/\/kapitalis.com\/tunisie\/#website\"},\"primaryImageOfPage\":{\"@id\":\"https:\/\/kapitalis.com\/tunisie\/2021\/02\/23\/mekki-revient-sur-la-photo-de-mourou-aux-fiancailles-de-meriem-ben-moulehem\/#primaryimage\"},\"image\":{\"@id\":\"https:\/\/kapitalis.com\/tunisie\/2021\/02\/23\/mekki-revient-sur-la-photo-de-mourou-aux-fiancailles-de-meriem-ben-moulehem\/#primaryimage\"},\"thumbnailUrl\":\"\",\"datePublished\":\"2021-02-23T12:41:15+00:00\",\"dateModified\":\"2021-02-23T20:15:51+00:00\",\"breadcrumb\":{\"@id\":\"https:\/\/kapitalis.com\/tunisie\/2021\/02\/23\/mekki-revient-sur-la-photo-de-mourou-aux-fiancailles-de-meriem-ben-moulehem\/#breadcrumb\"},\"inLanguage\":\"fr-FR\",\"potentialAction\":[{\"@type\":\"ReadAction\",\"target\":[\"https:\/\/kapitalis.com\/tunisie\/2021\/02\/23\/mekki-revient-sur-la-photo-de-mourou-aux-fiancailles-de-meriem-ben-moulehem\/\"]}]},{\"@type\":\"ImageObject\",\"inLanguage\":\"fr-FR\",\"@id\":\"https:\/\/kapitalis.com\/tunisie\/2021\/02\/23\/mekki-revient-sur-la-photo-de-mourou-aux-fiancailles-de-meriem-ben-moulehem\/#primaryimage\",\"url\":\"\",\"contentUrl\":\"\"},{\"@type\":\"BreadcrumbList\",\"@id\":\"https:\/\/kapitalis.com\/tunisie\/2021\/02\/23\/mekki-revient-sur-la-photo-de-mourou-aux-fiancailles-de-meriem-ben-moulehem\/#breadcrumb\",\"itemListElement\":[{\"@type\":\"ListItem\",\"position\":1,\"name\":\"Accueil\",\"item\":\"https:\/\/kapitalis.com\/tunisie\/\"},{\"@type\":\"ListItem\",\"position\":2,\"name\":\"Mekki revient sur la photo de Mourou aux fian\u00e7ailles de Meriem Ben Moulehem\"}]},{\"@type\":\"WebSite\",\"@id\":\"https:\/\/kapitalis.com\/tunisie\/#website\",\"url\":\"https:\/\/kapitalis.com\/tunisie\/\",\"name\":\"Kapitalis\",\"description\":\"L&#039;actualit\u00e9 en Tunisie et dans le monde\",\"publisher\":{\"@id\":\"https:\/\/kapitalis.com\/tunisie\/#organization\"},\"potentialAction\":[{\"@type\":\"SearchAction\",\"target\":{\"@type\":\"EntryPoint\",\"urlTemplate\":\"https:\/\/kapitalis.com\/tunisie\/?s={search_term_string}\"},\"query-input\":{\"@type\":\"PropertyValueSpecification\",\"valueRequired\":true,\"valueName\":\"search_term_string\"}}],\"inLanguage\":\"fr-FR\"},{\"@type\":\"Organization\",\"@id\":\"https:\/\/kapitalis.com\/tunisie\/#organization\",\"name\":\"Kapitalis\",\"url\":\"https:\/\/kapitalis.com\/tunisie\/\",\"logo\":{\"@type\":\"ImageObject\",\"inLanguage\":\"fr-FR\",\"@id\":\"https:\/\/kapitalis.com\/tunisie\/#\/schema\/logo\/image\/\",\"url\":\"https:\/\/kapitalis.com\/tunisie\/wp-content\/uploads\/2022\/05\/Kapitalis-big-size.png\",\"contentUrl\":\"https:\/\/kapitalis.com\/tunisie\/wp-content\/uploads\/2022\/05\/Kapitalis-big-size.png\",\"width\":5000,\"height\":1500,\"caption\":\"Kapitalis\"},\"image\":{\"@id\":\"https:\/\/kapitalis.com\/tunisie\/#\/schema\/logo\/image\/\"},\"sameAs\":[\"https:\/\/www.facebook.com\/KapitalisInfo\/\",\"https:\/\/x.com\/KapitalisInfo\",\"https:\/\/www.youtube.com\/channel\/UC-yDYrHyfFBWWZaOw3FPg9Q\"]},{\"@type\":\"Person\",\"@id\":\"https:\/\/kapitalis.com\/tunisie\/#\/schema\/person\/74bbde0154d49d790a92aaeac5bc01d5\",\"name\":\"Yusra NY\",\"url\":\"https:\/\/kapitalis.com\/tunisie\/author\/yuza_adam\/\"}]}<\/script>\n<!-- \/ Yoast SEO plugin. -->","yoast_head_json":{"title":"Mekki revient sur la photo de Mourou aux fian\u00e7ailles de Meriem Ben Moulehem - Kapitalis","robots":{"index":"index","follow":"follow","max-snippet":"max-snippet:-1","max-image-preview":"max-image-preview:large","max-video-preview":"max-video-preview:-1"},"canonical":"https:\/\/kapitalis.com\/tunisie\/2021\/02\/23\/mekki-revient-sur-la-photo-de-mourou-aux-fiancailles-de-meriem-ben-moulehem\/","og_locale":"fr_FR","og_type":"article","og_title":"Mekki revient sur la photo de Mourou aux fian\u00e7ailles de Meriem Ben Moulehem - Kapitalis","og_description":"\u00abCheikh Abdelfattah Mourou a \u00e9t\u00e9 critiqu\u00e9 en Tunisie et ailleurs et a subi beaucoup de pr\u00e9judices suite \u00e0 la publication de sa photo lors d&rsquo;une une c\u00e9r\u00e9monie de fian\u00e7ailles (de Meriem Ben Moulehem, Ndlr)\u00bb, a d\u00e9plor\u00e9 le dirigeant Ennahdha Abdellatif Mekki, en expliquant les \u00abcirconstances de ce simple clich\u00e9\u00bb, dit-il.","og_url":"https:\/\/kapitalis.com\/tunisie\/2021\/02\/23\/mekki-revient-sur-la-photo-de-mourou-aux-fiancailles-de-meriem-ben-moulehem\/","og_site_name":"Kapitalis","article_publisher":"https:\/\/www.facebook.com\/KapitalisInfo\/","article_published_time":"2021-02-23T12:41:15+00:00","article_modified_time":"2021-02-23T20:15:51+00:00","og_image":[{"width":1200,"height":630,"url":"https:\/\/kapitalis.com\/tunisie\/wp-content\/uploads\/2022\/05\/kapitalis-logo-fb.png","type":"image\/png"}],"author":"Yusra NY","twitter_card":"summary_large_image","twitter_creator":"@KapitalisInfo","twitter_site":"@KapitalisInfo","twitter_misc":{"\u00c9crit par":"Yusra NY","Dur\u00e9e de lecture estim\u00e9e":"2 minutes"},"schema":{"@context":"https:\/\/schema.org","@graph":[{"@type":"Article","@id":"https:\/\/kapitalis.com\/tunisie\/2021\/02\/23\/mekki-revient-sur-la-photo-de-mourou-aux-fiancailles-de-meriem-ben-moulehem\/#article","isPartOf":{"@id":"https:\/\/kapitalis.com\/tunisie\/2021\/02\/23\/mekki-revient-sur-la-photo-de-mourou-aux-fiancailles-de-meriem-ben-moulehem\/"},"author":{"name":"Yusra NY","@id":"https:\/\/kapitalis.com\/tunisie\/#\/schema\/person\/74bbde0154d49d790a92aaeac5bc01d5"},"headline":"Mekki revient sur la photo de Mourou aux fian\u00e7ailles de Meriem Ben Moulehem","datePublished":"2021-02-23T12:41:15+00:00","dateModified":"2021-02-23T20:15:51+00:00","mainEntityOfPage":{"@id":"https:\/\/kapitalis.com\/tunisie\/2021\/02\/23\/mekki-revient-sur-la-photo-de-mourou-aux-fiancailles-de-meriem-ben-moulehem\/"},"wordCount":353,"commentCount":0,"publisher":{"@id":"https:\/\/kapitalis.com\/tunisie\/#organization"},"image":{"@id":"https:\/\/kapitalis.com\/tunisie\/2021\/02\/23\/mekki-revient-sur-la-photo-de-mourou-aux-fiancailles-de-meriem-ben-moulehem\/#primaryimage"},"thumbnailUrl":"","keywords":["Abdelfattah Mourou","Abdellatif Mekki","Ennahdha","Meriem Ben Moulehem"],"articleSection":["POLITIQUE","Tunisie"],"inLanguage":"fr-FR","potentialAction":[{"@type":"CommentAction","name":"Comment","target":["https:\/\/kapitalis.com\/tunisie\/2021\/02\/23\/mekki-revient-sur-la-photo-de-mourou-aux-fiancailles-de-meriem-ben-moulehem\/#respond"]}]},{"@type":"WebPage","@id":"https:\/\/kapitalis.com\/tunisie\/2021\/02\/23\/mekki-revient-sur-la-photo-de-mourou-aux-fiancailles-de-meriem-ben-moulehem\/","url":"https:\/\/kapitalis.com\/tunisie\/2021\/02\/23\/mekki-revient-sur-la-photo-de-mourou-aux-fiancailles-de-meriem-ben-moulehem\/","name":"Mekki revient sur la photo de Mourou aux fian\u00e7ailles de Meriem Ben Moulehem - Kapitalis","isPartOf":{"@id":"https:\/\/kapitalis.com\/tunisie\/#website"},"primaryImageOfPage":{"@id":"https:\/\/kapitalis.com\/tunisie\/2021\/02\/23\/mekki-revient-sur-la-photo-de-mourou-aux-fiancailles-de-meriem-ben-moulehem\/#primaryimage"},"image":{"@id":"https:\/\/kapitalis.com\/tunisie\/2021\/02\/23\/mekki-revient-sur-la-photo-de-mourou-aux-fiancailles-de-meriem-ben-moulehem\/#primaryimage"},"thumbnailUrl":"","datePublished":"2021-02-23T12:41:15+00:00","dateModified":"2021-02-23T20:15:51+00:00","breadcrumb":{"@id":"https:\/\/kapitalis.com\/tunisie\/2021\/02\/23\/mekki-revient-sur-la-photo-de-mourou-aux-fiancailles-de-meriem-ben-moulehem\/#breadcrumb"},"inLanguage":"fr-FR","potentialAction":[{"@type":"ReadAction","target":["https:\/\/kapitalis.com\/tunisie\/2021\/02\/23\/mekki-revient-sur-la-photo-de-mourou-aux-fiancailles-de-meriem-ben-moulehem\/"]}]},{"@type":"ImageObject","inLanguage":"fr-FR","@id":"https:\/\/kapitalis.com\/tunisie\/2021\/02\/23\/mekki-revient-sur-la-photo-de-mourou-aux-fiancailles-de-meriem-ben-moulehem\/#primaryimage","url":"","contentUrl":""},{"@type":"BreadcrumbList","@id":"https:\/\/kapitalis.com\/tunisie\/2021\/02\/23\/mekki-revient-sur-la-photo-de-mourou-aux-fiancailles-de-meriem-ben-moulehem\/#breadcrumb","itemListElement":[{"@type":"ListItem","position":1,"name":"Accueil","item":"https:\/\/kapitalis.com\/tunisie\/"},{"@type":"ListItem","position":2,"name":"Mekki revient sur la photo de Mourou aux fian\u00e7ailles de Meriem Ben Moulehem"}]},{"@type":"WebSite","@id":"https:\/\/kapitalis.com\/tunisie\/#website","url":"https:\/\/kapitalis.com\/tunisie\/","name":"Kapitalis","description":"L&#039;actualit\u00e9 en Tunisie et dans le monde","publisher":{"@id":"https:\/\/kapitalis.com\/tunisie\/#organization"},"potentialAction":[{"@type":"SearchAction","target":{"@type":"EntryPoint","urlTemplate":"https:\/\/kapitalis.com\/tunisie\/?s={search_term_string}"},"query-input":{"@type":"PropertyValueSpecification","valueRequired":true,"valueName":"search_term_string"}}],"inLanguage":"fr-FR"},{"@type":"Organization","@id":"https:\/\/kapitalis.com\/tunisie\/#organization","name":"Kapitalis","url":"https:\/\/kapitalis.com\/tunisie\/","logo":{"@type":"ImageObject","inLanguage":"fr-FR","@id":"https:\/\/kapitalis.com\/tunisie\/#\/schema\/logo\/image\/","url":"https:\/\/kapitalis.com\/tunisie\/wp-content\/uploads\/2022\/05\/Kapitalis-big-size.png","contentUrl":"https:\/\/kapitalis.com\/tunisie\/wp-content\/uploads\/2022\/05\/Kapitalis-big-size.png","width":5000,"height":1500,"caption":"Kapitalis"},"image":{"@id":"https:\/\/kapitalis.com\/tunisie\/#\/schema\/logo\/image\/"},"sameAs":["https:\/\/www.facebook.com\/KapitalisInfo\/","https:\/\/x.com\/KapitalisInfo","https:\/\/www.youtube.com\/channel\/UC-yDYrHyfFBWWZaOw3FPg9Q"]},{"@type":"Person","@id":"https:\/\/kapitalis.com\/tunisie\/#\/schema\/person\/74bbde0154d49d790a92aaeac5bc01d5","name":"Yusra NY","url":"https:\/\/kapitalis.com\/tunisie\/author\/yuza_adam\/"}]}},"_links":{"self":[{"href":"https:\/\/kapitalis.com\/tunisie\/wp-json\/wp\/v2\/posts\/337440","targetHints":{"allow":["GET"]}}],"collection":[{"href":"https:\/\/kapitalis.com\/tunisie\/wp-json\/wp\/v2\/posts"}],"about":[{"href":"https:\/\/kapitalis.com\/tunisie\/wp-json\/wp\/v2\/types\/post"}],"author":[{"embeddable":true,"href":"https:\/\/kapitalis.com\/tunisie\/wp-json\/wp\/v2\/users\/6"}],"replies":[{"embeddable":true,"href":"https:\/\/kapitalis.com\/tunisie\/wp-json\/wp\/v2\/comments?post=337440"}],"version-history":[{"count":0,"href":"https:\/\/kapitalis.com\/tunisie\/wp-json\/wp\/v2\/posts\/337440\/revisions"}],"wp:featuredmedia":[{"embeddable":true,"href":"https:\/\/kapitalis.com\/tunisie\/wp-json\/wp\/v2\/media\/337446"}],"wp:attachment":[{"href":"https:\/\/kapitalis.com\/tunisie\/wp-json\/wp\/v2\/media?parent=337440"}],"wp:term":[{"taxonomy":"category","embeddable":true,"href":"https:\/\/kapitalis.com\/tunisie\/wp-json\/wp\/v2\/categories?post=337440"},{"taxonomy":"post_tag","embeddable":true,"href":"https:\/\/kapitalis.com\/tunisie\/wp-json\/wp\/v2\/tags?post=337440"}],"curies":[{"name":"wp","href":"https:\/\/api.w.org\/{rel}","templated":true}]}}