{"id":337453,"date":"2021-02-23T14:34:24","date_gmt":"2021-02-23T13:34:24","guid":{"rendered":"http:\/\/kapitalis.com\/tunisie\/?p=337453"},"modified":"2021-02-23T14:34:26","modified_gmt":"2021-02-23T13:34:26","slug":"nabil-hajji-le-parlement-a-refuse-de-devoiler-lidentite-des-deputes-ayant-fait-lobjet-de-demandes-de-levee-de-limmunite","status":"publish","type":"post","link":"https:\/\/kapitalis.com\/tunisie\/2021\/02\/23\/nabil-hajji-le-parlement-a-refuse-de-devoiler-lidentite-des-deputes-ayant-fait-lobjet-de-demandes-de-levee-de-limmunite\/","title":{"rendered":"Nabil Hajji : Le Parlement a refus\u00e9 de d\u00e9voiler l&rsquo;identit\u00e9 des d\u00e9put\u00e9s ayant fait l&rsquo;objet de demandes de lev\u00e9e de l&rsquo;immunit\u00e9"},"content":{"rendered":"\n<figure class=\"wp-block-image size-large\"><img decoding=\"async\" src=\"http:\/\/kapitalis.com\/tunisie\/wp-content\/uploads\/2021\/02\/nabil-hajji.jpg\" alt=\"\" class=\"wp-image-337462\"\/><\/figure>\n\n\n\n<p><strong><em>Apr\u00e8s avoir \u00e9t\u00e9 longuement n\u00e9glig\u00e9e, la demande de Nabil Hajji, d\u00e9put\u00e9 d&rsquo;Attayar, d&rsquo;obtenir les noms des \u00e9lus de l&rsquo;Assembl\u00e9e des repr\u00e9sentants du peuple (ARP) ayant fait l&rsquo;objet de demandes de lev\u00e9e de l&rsquo;immunit\u00e9 parlementaire par la justice, a (enfin) \u00e9t\u00e9 trait\u00e9e. Cependant, l&rsquo;information qu&rsquo;il voulait lui a \u00e9t\u00e9 refus\u00e9e, pr\u00e9tendument pour des raisons de confidentialit\u00e9.<\/em><\/strong><\/p>\n\n\n\n<!--more-->\n\n\n\n<p>En effet, seul le nombre de d\u00e9put\u00e9s ayant fait l&rsquo;objet de demandes de lev\u00e9e de l&rsquo;immunit\u00e9 lui a \u00e9t\u00e9 r\u00e9v\u00e9l\u00e9. Ils sont 18 \u00e0 avoir \u00e9t\u00e9 dans cette situation, dont un seul lors de la deuxi\u00e8me mandature depuis la r\u00e9volution, c&rsquo;est \u00e0 dire de 2019 jusqu&rsquo;\u00e0 aujourd&rsquo;hui.<\/p>\n\n\n\n<p>Dans une d\u00e9claration accord\u00e9e, ce mardi 23 f\u00e9vrier 2021, \u00e0 Mosa\u00efque FM, Hajji a fait savoir que le Parlement a refus\u00e9 de d\u00e9voiler les noms de ces \u00e9lus, sous pr\u00e9texte de prot\u00e9ger les donn\u00e9es personnelles.<\/p>\n\n\n\n<p>Pourtant, ce ne sont aucunement des donn\u00e9es personnelles qui sont en l&rsquo;occurrence demand\u00e9es. Le peuple a enti\u00e8rement le droit de savoir si les personnes qui les repr\u00e9sentent au pouvoir l\u00e9gislatif ont des dossiers judiciaires ou non. <\/p>\n\n\n\n<p>A partir de l\u00e0, cacher cette information est un acte inacceptable, d&rsquo;une grande bassesse \u00e9thique et certainement pas innocent.<\/p>\n\n\n\n<p>La pr\u00e9sidence de l&rsquo;Assembl\u00e9e, repr\u00e9sent\u00e9e par le chef du mouvement islamiste, Ennahdha, Rached Ghannouchi, est probablement derri\u00e8re ce refus, estime le d\u00e9put\u00e9 du Bloc d\u00e9mocratique.<\/p>\n\n\n\n<p>Il a, par ailleurs, assur\u00e9 qu&rsquo;il poursuivra les proc\u00e9dures n\u00e9cessaires, notamment en sollicitant l&rsquo;Instance nationale d&rsquo;acc\u00e8s \u00e0 l&rsquo;information (Inai), pour obtenir l&rsquo;identit\u00e9 des \u00e9lus concern\u00e9s par sa demande et les d\u00e9voiler \u00e0 l&rsquo;opinion publique.<\/p>\n\n\n\n<p class=\"has-text-align-right\"><strong>Cherif Ben Youn\u00e8s<\/strong><\/p>\n\n\n\n<figure class=\"wp-block-embed is-type-wp-embed is-provider-kapitalis wp-block-embed-kapitalis\"><div class=\"wp-block-embed__wrapper\">\n<blockquote class=\"wp-embedded-content\" data-secret=\"GMBZiLcRLW\"><a href=\"https:\/\/kapitalis.com\/tunisie\/2020\/12\/25\/demandes-de-levee-dimmunite-emises-par-la-justice-hajji-reclame-a-lassemblee-la-liste-des-deputes-concernes\/\">Demandes de lev\u00e9e d\u2019immunit\u00e9 \u00e9mises par la justice : Hajji r\u00e9clame, \u00e0 l&rsquo;Assembl\u00e9e, la liste des d\u00e9put\u00e9s concern\u00e9s<\/a><\/blockquote><iframe loading=\"lazy\" class=\"wp-embedded-content\" sandbox=\"allow-scripts\" security=\"restricted\" style=\"position: absolute; clip: rect(1px, 1px, 1px, 1px);\" title=\"\u00ab\u00a0Demandes de lev\u00e9e d\u2019immunit\u00e9 \u00e9mises par la justice : Hajji r\u00e9clame, \u00e0 l&rsquo;Assembl\u00e9e, la liste des d\u00e9put\u00e9s concern\u00e9s\u00a0\u00bb &#8212; Kapitalis\" src=\"https:\/\/kapitalis.com\/tunisie\/2020\/12\/25\/demandes-de-levee-dimmunite-emises-par-la-justice-hajji-reclame-a-lassemblee-la-liste-des-deputes-concernes\/embed\/#?secret=acOnI9n06f#?secret=GMBZiLcRLW\" data-secret=\"GMBZiLcRLW\" width=\"600\" height=\"338\" frameborder=\"0\" marginwidth=\"0\" marginheight=\"0\" scrolling=\"no\"><\/iframe>\n<\/div><\/figure>\n\n\n\n<figure class=\"wp-block-embed is-type-wp-embed is-provider-kapitalis wp-block-embed-kapitalis\"><div class=\"wp-block-embed__wrapper\">\n<blockquote class=\"wp-embedded-content\" data-secret=\"061xvGKNEq\"><a href=\"https:\/\/kapitalis.com\/tunisie\/2021\/01\/13\/arp-apres-avoir-demande-la-liste-des-elus-concernes-par-la-levee-de-limmunite-hajji-recoit-un-semblant-de-reponse\/\">ARP : Apr\u00e8s avoir demand\u00e9 la liste des \u00e9lus concern\u00e9s par la lev\u00e9e de l&rsquo;immunit\u00e9, Hajji re\u00e7oit un semblant de r\u00e9ponse<\/a><\/blockquote><iframe loading=\"lazy\" class=\"wp-embedded-content\" sandbox=\"allow-scripts\" security=\"restricted\" style=\"position: absolute; clip: rect(1px, 1px, 1px, 1px);\" title=\"\u00ab\u00a0ARP : Apr\u00e8s avoir demand\u00e9 la liste des \u00e9lus concern\u00e9s par la lev\u00e9e de l&rsquo;immunit\u00e9, Hajji re\u00e7oit un semblant de r\u00e9ponse\u00a0\u00bb &#8212; Kapitalis\" src=\"https:\/\/kapitalis.com\/tunisie\/2021\/01\/13\/arp-apres-avoir-demande-la-liste-des-elus-concernes-par-la-levee-de-limmunite-hajji-recoit-un-semblant-de-reponse\/embed\/#?secret=HwFiJqfh7B#?secret=061xvGKNEq\" data-secret=\"061xvGKNEq\" width=\"600\" height=\"338\" frameborder=\"0\" marginwidth=\"0\" marginheight=\"0\" scrolling=\"no\"><\/iframe>\n<\/div><\/figure>\n\n\n\n<figure class=\"wp-block-embed is-type-wp-embed is-provider-kapitalis wp-block-embed-kapitalis\"><div class=\"wp-block-embed__wrapper\">\n<blockquote class=\"wp-embedded-content\" data-secret=\"3Hr97J2f8J\"><a href=\"https:\/\/kapitalis.com\/tunisie\/2021\/02\/18\/larp-dit-avoir-perdu-la-correspondance-adressee-par-hajji-reclamant-la-liste-des-deputes-vises-par-une-demande-de-levee-dimmunite\/\">L&rsquo;ARP dit avoir perdu la correspondance adress\u00e9e par Hajji, r\u00e9clamant la liste des d\u00e9put\u00e9s vis\u00e9s par une demande de lev\u00e9e d&rsquo;immunit\u00e9 !<\/a><\/blockquote><iframe loading=\"lazy\" class=\"wp-embedded-content\" sandbox=\"allow-scripts\" security=\"restricted\" style=\"position: absolute; clip: rect(1px, 1px, 1px, 1px);\" title=\"\u00ab\u00a0L&rsquo;ARP dit avoir perdu la correspondance adress\u00e9e par Hajji, r\u00e9clamant la liste des d\u00e9put\u00e9s vis\u00e9s par une demande de lev\u00e9e d&rsquo;immunit\u00e9 !\u00a0\u00bb &#8212; Kapitalis\" src=\"https:\/\/kapitalis.com\/tunisie\/2021\/02\/18\/larp-dit-avoir-perdu-la-correspondance-adressee-par-hajji-reclamant-la-liste-des-deputes-vises-par-une-demande-de-levee-dimmunite\/embed\/#?secret=yilhJco6yP#?secret=3Hr97J2f8J\" data-secret=\"3Hr97J2f8J\" width=\"600\" height=\"338\" frameborder=\"0\" marginwidth=\"0\" marginheight=\"0\" scrolling=\"no\"><\/iframe>\n<\/div><\/figure>\n","protected":false},"excerpt":{"rendered":"<p>Apr\u00e8s avoir \u00e9t\u00e9 longuement n\u00e9glig\u00e9e, la demande de Nabil Hajji, d\u00e9put\u00e9 d&rsquo;Attayar, d&rsquo;obtenir les noms des \u00e9lus de l&rsquo;Assembl\u00e9e des repr\u00e9sentants du peuple (ARP) ayant fait l&rsquo;objet de demandes de lev\u00e9e de l&rsquo;immunit\u00e9 parlementaire par la justice, a (enfin) \u00e9t\u00e9 trait\u00e9e. Cependant, l&rsquo;information qu&rsquo;il voulait lui a \u00e9t\u00e9 refus\u00e9e, pr\u00e9tendument pour des raisons de confidentialit\u00e9.<\/p>\n","protected":false},"author":24,"featured_media":337462,"comment_status":"open","ping_status":"open","sticky":false,"template":"","format":"standard","meta":{"footnotes":""},"categories":[997,2433],"tags":[15519,81345,49543,467,75893,67418,758],"class_list":["post-337453","post","type-post","status-publish","format-standard","has-post-thumbnail","hentry","category-politique","category-tunisie","tag-attayar","tag-bloc-democratique","tag-ennahdha","tag-immunite-parlementaire","tag-inai","tag-nabil-hajji","tag-rached-ghannouchi"],"yoast_head":"<!-- This site is optimized with the Yoast SEO plugin v26.6 - https:\/\/yoast.com\/wordpress\/plugins\/seo\/ -->\n<title>Nabil Hajji : Le Parlement a refus\u00e9 de d\u00e9voiler l&#039;identit\u00e9 des d\u00e9put\u00e9s ayant fait l&#039;objet de demandes de lev\u00e9e de l&#039;immunit\u00e9 - Kapitalis<\/title>\n<meta name=\"robots\" content=\"index, follow, max-snippet:-1, max-image-preview:large, max-video-preview:-1\" \/>\n<link rel=\"canonical\" href=\"https:\/\/kapitalis.com\/tunisie\/2021\/02\/23\/nabil-hajji-le-parlement-a-refuse-de-devoiler-lidentite-des-deputes-ayant-fait-lobjet-de-demandes-de-levee-de-limmunite\/\" \/>\n<meta property=\"og:locale\" content=\"fr_FR\" \/>\n<meta property=\"og:type\" content=\"article\" \/>\n<meta property=\"og:title\" content=\"Nabil Hajji : Le Parlement a refus\u00e9 de d\u00e9voiler l&#039;identit\u00e9 des d\u00e9put\u00e9s ayant fait l&#039;objet de demandes de lev\u00e9e de l&#039;immunit\u00e9 - Kapitalis\" \/>\n<meta property=\"og:description\" content=\"Apr\u00e8s avoir \u00e9t\u00e9 longuement n\u00e9glig\u00e9e, la demande de Nabil Hajji, d\u00e9put\u00e9 d&rsquo;Attayar, d&rsquo;obtenir les noms des \u00e9lus de l&rsquo;Assembl\u00e9e des repr\u00e9sentants du peuple (ARP) ayant fait l&rsquo;objet de demandes de lev\u00e9e de l&rsquo;immunit\u00e9 parlementaire par la justice, a (enfin) \u00e9t\u00e9 trait\u00e9e. Cependant, l&rsquo;information qu&rsquo;il voulait lui a \u00e9t\u00e9 refus\u00e9e, pr\u00e9tendument pour des raisons de confidentialit\u00e9.\" \/>\n<meta property=\"og:url\" content=\"https:\/\/kapitalis.com\/tunisie\/2021\/02\/23\/nabil-hajji-le-parlement-a-refuse-de-devoiler-lidentite-des-deputes-ayant-fait-lobjet-de-demandes-de-levee-de-limmunite\/\" \/>\n<meta property=\"og:site_name\" content=\"Kapitalis\" \/>\n<meta property=\"article:publisher\" content=\"https:\/\/www.facebook.com\/KapitalisInfo\/\" \/>\n<meta property=\"article:published_time\" content=\"2021-02-23T13:34:24+00:00\" \/>\n<meta property=\"article:modified_time\" content=\"2021-02-23T13:34:26+00:00\" \/>\n<meta property=\"og:image\" content=\"https:\/\/kapitalis.com\/tunisie\/wp-content\/uploads\/2022\/05\/kapitalis-logo-fb.png\" \/>\n\t<meta property=\"og:image:width\" content=\"1200\" \/>\n\t<meta property=\"og:image:height\" content=\"630\" \/>\n\t<meta property=\"og:image:type\" content=\"image\/png\" \/>\n<meta name=\"author\" content=\"Cherif Benyounes\" \/>\n<meta name=\"twitter:card\" content=\"summary_large_image\" \/>\n<meta name=\"twitter:creator\" content=\"@KapitalisInfo\" \/>\n<meta name=\"twitter:site\" content=\"@KapitalisInfo\" \/>\n<meta name=\"twitter:label1\" content=\"\u00c9crit par\" \/>\n\t<meta name=\"twitter:data1\" content=\"Cherif Benyounes\" \/>\n\t<meta name=\"twitter:label2\" content=\"Dur\u00e9e de lecture estim\u00e9e\" \/>\n\t<meta name=\"twitter:data2\" content=\"2 minutes\" \/>\n<script type=\"application\/ld+json\" class=\"yoast-schema-graph\">{\"@context\":\"https:\/\/schema.org\",\"@graph\":[{\"@type\":\"Article\",\"@id\":\"https:\/\/kapitalis.com\/tunisie\/2021\/02\/23\/nabil-hajji-le-parlement-a-refuse-de-devoiler-lidentite-des-deputes-ayant-fait-lobjet-de-demandes-de-levee-de-limmunite\/#article\",\"isPartOf\":{\"@id\":\"https:\/\/kapitalis.com\/tunisie\/2021\/02\/23\/nabil-hajji-le-parlement-a-refuse-de-devoiler-lidentite-des-deputes-ayant-fait-lobjet-de-demandes-de-levee-de-limmunite\/\"},\"author\":{\"name\":\"Cherif Benyounes\",\"@id\":\"https:\/\/kapitalis.com\/tunisie\/#\/schema\/person\/b35b8d631961131107263178aeb8019e\"},\"headline\":\"Nabil Hajji : Le Parlement a refus\u00e9 de d\u00e9voiler l&rsquo;identit\u00e9 des d\u00e9put\u00e9s ayant fait l&rsquo;objet de demandes de lev\u00e9e de l&rsquo;immunit\u00e9\",\"datePublished\":\"2021-02-23T13:34:24+00:00\",\"dateModified\":\"2021-02-23T13:34:26+00:00\",\"mainEntityOfPage\":{\"@id\":\"https:\/\/kapitalis.com\/tunisie\/2021\/02\/23\/nabil-hajji-le-parlement-a-refuse-de-devoiler-lidentite-des-deputes-ayant-fait-lobjet-de-demandes-de-levee-de-limmunite\/\"},\"wordCount\":327,\"commentCount\":0,\"publisher\":{\"@id\":\"https:\/\/kapitalis.com\/tunisie\/#organization\"},\"image\":{\"@id\":\"https:\/\/kapitalis.com\/tunisie\/2021\/02\/23\/nabil-hajji-le-parlement-a-refuse-de-devoiler-lidentite-des-deputes-ayant-fait-lobjet-de-demandes-de-levee-de-limmunite\/#primaryimage\"},\"thumbnailUrl\":\"\",\"keywords\":[\"Attayar\",\"bloc d\u00e9mocratique\",\"Ennahdha\",\"immunit\u00e9 parlementaire\",\"INAI\",\"Nabil Hajji\",\"Rached Ghannouchi\"],\"articleSection\":[\"POLITIQUE\",\"Tunisie\"],\"inLanguage\":\"fr-FR\",\"potentialAction\":[{\"@type\":\"CommentAction\",\"name\":\"Comment\",\"target\":[\"https:\/\/kapitalis.com\/tunisie\/2021\/02\/23\/nabil-hajji-le-parlement-a-refuse-de-devoiler-lidentite-des-deputes-ayant-fait-lobjet-de-demandes-de-levee-de-limmunite\/#respond\"]}]},{\"@type\":\"WebPage\",\"@id\":\"https:\/\/kapitalis.com\/tunisie\/2021\/02\/23\/nabil-hajji-le-parlement-a-refuse-de-devoiler-lidentite-des-deputes-ayant-fait-lobjet-de-demandes-de-levee-de-limmunite\/\",\"url\":\"https:\/\/kapitalis.com\/tunisie\/2021\/02\/23\/nabil-hajji-le-parlement-a-refuse-de-devoiler-lidentite-des-deputes-ayant-fait-lobjet-de-demandes-de-levee-de-limmunite\/\",\"name\":\"Nabil Hajji : Le Parlement a refus\u00e9 de d\u00e9voiler l'identit\u00e9 des d\u00e9put\u00e9s ayant fait l'objet de demandes de lev\u00e9e de l'immunit\u00e9 - Kapitalis\",\"isPartOf\":{\"@id\":\"https:\/\/kapitalis.com\/tunisie\/#website\"},\"primaryImageOfPage\":{\"@id\":\"https:\/\/kapitalis.com\/tunisie\/2021\/02\/23\/nabil-hajji-le-parlement-a-refuse-de-devoiler-lidentite-des-deputes-ayant-fait-lobjet-de-demandes-de-levee-de-limmunite\/#primaryimage\"},\"image\":{\"@id\":\"https:\/\/kapitalis.com\/tunisie\/2021\/02\/23\/nabil-hajji-le-parlement-a-refuse-de-devoiler-lidentite-des-deputes-ayant-fait-lobjet-de-demandes-de-levee-de-limmunite\/#primaryimage\"},\"thumbnailUrl\":\"\",\"datePublished\":\"2021-02-23T13:34:24+00:00\",\"dateModified\":\"2021-02-23T13:34:26+00:00\",\"breadcrumb\":{\"@id\":\"https:\/\/kapitalis.com\/tunisie\/2021\/02\/23\/nabil-hajji-le-parlement-a-refuse-de-devoiler-lidentite-des-deputes-ayant-fait-lobjet-de-demandes-de-levee-de-limmunite\/#breadcrumb\"},\"inLanguage\":\"fr-FR\",\"potentialAction\":[{\"@type\":\"ReadAction\",\"target\":[\"https:\/\/kapitalis.com\/tunisie\/2021\/02\/23\/nabil-hajji-le-parlement-a-refuse-de-devoiler-lidentite-des-deputes-ayant-fait-lobjet-de-demandes-de-levee-de-limmunite\/\"]}]},{\"@type\":\"ImageObject\",\"inLanguage\":\"fr-FR\",\"@id\":\"https:\/\/kapitalis.com\/tunisie\/2021\/02\/23\/nabil-hajji-le-parlement-a-refuse-de-devoiler-lidentite-des-deputes-ayant-fait-lobjet-de-demandes-de-levee-de-limmunite\/#primaryimage\",\"url\":\"\",\"contentUrl\":\"\"},{\"@type\":\"BreadcrumbList\",\"@id\":\"https:\/\/kapitalis.com\/tunisie\/2021\/02\/23\/nabil-hajji-le-parlement-a-refuse-de-devoiler-lidentite-des-deputes-ayant-fait-lobjet-de-demandes-de-levee-de-limmunite\/#breadcrumb\",\"itemListElement\":[{\"@type\":\"ListItem\",\"position\":1,\"name\":\"Accueil\",\"item\":\"https:\/\/kapitalis.com\/tunisie\/\"},{\"@type\":\"ListItem\",\"position\":2,\"name\":\"Nabil Hajji : Le Parlement a refus\u00e9 de d\u00e9voiler l&rsquo;identit\u00e9 des d\u00e9put\u00e9s ayant fait l&rsquo;objet de demandes de lev\u00e9e de l&rsquo;immunit\u00e9\"}]},{\"@type\":\"WebSite\",\"@id\":\"https:\/\/kapitalis.com\/tunisie\/#website\",\"url\":\"https:\/\/kapitalis.com\/tunisie\/\",\"name\":\"Kapitalis\",\"description\":\"L&#039;actualit\u00e9 en Tunisie et dans le monde\",\"publisher\":{\"@id\":\"https:\/\/kapitalis.com\/tunisie\/#organization\"},\"potentialAction\":[{\"@type\":\"SearchAction\",\"target\":{\"@type\":\"EntryPoint\",\"urlTemplate\":\"https:\/\/kapitalis.com\/tunisie\/?s={search_term_string}\"},\"query-input\":{\"@type\":\"PropertyValueSpecification\",\"valueRequired\":true,\"valueName\":\"search_term_string\"}}],\"inLanguage\":\"fr-FR\"},{\"@type\":\"Organization\",\"@id\":\"https:\/\/kapitalis.com\/tunisie\/#organization\",\"name\":\"Kapitalis\",\"url\":\"https:\/\/kapitalis.com\/tunisie\/\",\"logo\":{\"@type\":\"ImageObject\",\"inLanguage\":\"fr-FR\",\"@id\":\"https:\/\/kapitalis.com\/tunisie\/#\/schema\/logo\/image\/\",\"url\":\"https:\/\/kapitalis.com\/tunisie\/wp-content\/uploads\/2022\/05\/Kapitalis-big-size.png\",\"contentUrl\":\"https:\/\/kapitalis.com\/tunisie\/wp-content\/uploads\/2022\/05\/Kapitalis-big-size.png\",\"width\":5000,\"height\":1500,\"caption\":\"Kapitalis\"},\"image\":{\"@id\":\"https:\/\/kapitalis.com\/tunisie\/#\/schema\/logo\/image\/\"},\"sameAs\":[\"https:\/\/www.facebook.com\/KapitalisInfo\/\",\"https:\/\/x.com\/KapitalisInfo\",\"https:\/\/www.youtube.com\/channel\/UC-yDYrHyfFBWWZaOw3FPg9Q\"]},{\"@type\":\"Person\",\"@id\":\"https:\/\/kapitalis.com\/tunisie\/#\/schema\/person\/b35b8d631961131107263178aeb8019e\",\"name\":\"Cherif Benyounes\",\"url\":\"https:\/\/kapitalis.com\/tunisie\/author\/cherif\/\"}]}<\/script>\n<!-- \/ Yoast SEO plugin. -->","yoast_head_json":{"title":"Nabil Hajji : Le Parlement a refus\u00e9 de d\u00e9voiler l'identit\u00e9 des d\u00e9put\u00e9s ayant fait l'objet de demandes de lev\u00e9e de l'immunit\u00e9 - Kapitalis","robots":{"index":"index","follow":"follow","max-snippet":"max-snippet:-1","max-image-preview":"max-image-preview:large","max-video-preview":"max-video-preview:-1"},"canonical":"https:\/\/kapitalis.com\/tunisie\/2021\/02\/23\/nabil-hajji-le-parlement-a-refuse-de-devoiler-lidentite-des-deputes-ayant-fait-lobjet-de-demandes-de-levee-de-limmunite\/","og_locale":"fr_FR","og_type":"article","og_title":"Nabil Hajji : Le Parlement a refus\u00e9 de d\u00e9voiler l'identit\u00e9 des d\u00e9put\u00e9s ayant fait l'objet de demandes de lev\u00e9e de l'immunit\u00e9 - Kapitalis","og_description":"Apr\u00e8s avoir \u00e9t\u00e9 longuement n\u00e9glig\u00e9e, la demande de Nabil Hajji, d\u00e9put\u00e9 d&rsquo;Attayar, d&rsquo;obtenir les noms des \u00e9lus de l&rsquo;Assembl\u00e9e des repr\u00e9sentants du peuple (ARP) ayant fait l&rsquo;objet de demandes de lev\u00e9e de l&rsquo;immunit\u00e9 parlementaire par la justice, a (enfin) \u00e9t\u00e9 trait\u00e9e. Cependant, l&rsquo;information qu&rsquo;il voulait lui a \u00e9t\u00e9 refus\u00e9e, pr\u00e9tendument pour des raisons de confidentialit\u00e9.","og_url":"https:\/\/kapitalis.com\/tunisie\/2021\/02\/23\/nabil-hajji-le-parlement-a-refuse-de-devoiler-lidentite-des-deputes-ayant-fait-lobjet-de-demandes-de-levee-de-limmunite\/","og_site_name":"Kapitalis","article_publisher":"https:\/\/www.facebook.com\/KapitalisInfo\/","article_published_time":"2021-02-23T13:34:24+00:00","article_modified_time":"2021-02-23T13:34:26+00:00","og_image":[{"width":1200,"height":630,"url":"https:\/\/kapitalis.com\/tunisie\/wp-content\/uploads\/2022\/05\/kapitalis-logo-fb.png","type":"image\/png"}],"author":"Cherif Benyounes","twitter_card":"summary_large_image","twitter_creator":"@KapitalisInfo","twitter_site":"@KapitalisInfo","twitter_misc":{"\u00c9crit par":"Cherif Benyounes","Dur\u00e9e de lecture estim\u00e9e":"2 minutes"},"schema":{"@context":"https:\/\/schema.org","@graph":[{"@type":"Article","@id":"https:\/\/kapitalis.com\/tunisie\/2021\/02\/23\/nabil-hajji-le-parlement-a-refuse-de-devoiler-lidentite-des-deputes-ayant-fait-lobjet-de-demandes-de-levee-de-limmunite\/#article","isPartOf":{"@id":"https:\/\/kapitalis.com\/tunisie\/2021\/02\/23\/nabil-hajji-le-parlement-a-refuse-de-devoiler-lidentite-des-deputes-ayant-fait-lobjet-de-demandes-de-levee-de-limmunite\/"},"author":{"name":"Cherif Benyounes","@id":"https:\/\/kapitalis.com\/tunisie\/#\/schema\/person\/b35b8d631961131107263178aeb8019e"},"headline":"Nabil Hajji : Le Parlement a refus\u00e9 de d\u00e9voiler l&rsquo;identit\u00e9 des d\u00e9put\u00e9s ayant fait l&rsquo;objet de demandes de lev\u00e9e de l&rsquo;immunit\u00e9","datePublished":"2021-02-23T13:34:24+00:00","dateModified":"2021-02-23T13:34:26+00:00","mainEntityOfPage":{"@id":"https:\/\/kapitalis.com\/tunisie\/2021\/02\/23\/nabil-hajji-le-parlement-a-refuse-de-devoiler-lidentite-des-deputes-ayant-fait-lobjet-de-demandes-de-levee-de-limmunite\/"},"wordCount":327,"commentCount":0,"publisher":{"@id":"https:\/\/kapitalis.com\/tunisie\/#organization"},"image":{"@id":"https:\/\/kapitalis.com\/tunisie\/2021\/02\/23\/nabil-hajji-le-parlement-a-refuse-de-devoiler-lidentite-des-deputes-ayant-fait-lobjet-de-demandes-de-levee-de-limmunite\/#primaryimage"},"thumbnailUrl":"","keywords":["Attayar","bloc d\u00e9mocratique","Ennahdha","immunit\u00e9 parlementaire","INAI","Nabil Hajji","Rached Ghannouchi"],"articleSection":["POLITIQUE","Tunisie"],"inLanguage":"fr-FR","potentialAction":[{"@type":"CommentAction","name":"Comment","target":["https:\/\/kapitalis.com\/tunisie\/2021\/02\/23\/nabil-hajji-le-parlement-a-refuse-de-devoiler-lidentite-des-deputes-ayant-fait-lobjet-de-demandes-de-levee-de-limmunite\/#respond"]}]},{"@type":"WebPage","@id":"https:\/\/kapitalis.com\/tunisie\/2021\/02\/23\/nabil-hajji-le-parlement-a-refuse-de-devoiler-lidentite-des-deputes-ayant-fait-lobjet-de-demandes-de-levee-de-limmunite\/","url":"https:\/\/kapitalis.com\/tunisie\/2021\/02\/23\/nabil-hajji-le-parlement-a-refuse-de-devoiler-lidentite-des-deputes-ayant-fait-lobjet-de-demandes-de-levee-de-limmunite\/","name":"Nabil Hajji : Le Parlement a refus\u00e9 de d\u00e9voiler l'identit\u00e9 des d\u00e9put\u00e9s ayant fait l'objet de demandes de lev\u00e9e de l'immunit\u00e9 - Kapitalis","isPartOf":{"@id":"https:\/\/kapitalis.com\/tunisie\/#website"},"primaryImageOfPage":{"@id":"https:\/\/kapitalis.com\/tunisie\/2021\/02\/23\/nabil-hajji-le-parlement-a-refuse-de-devoiler-lidentite-des-deputes-ayant-fait-lobjet-de-demandes-de-levee-de-limmunite\/#primaryimage"},"image":{"@id":"https:\/\/kapitalis.com\/tunisie\/2021\/02\/23\/nabil-hajji-le-parlement-a-refuse-de-devoiler-lidentite-des-deputes-ayant-fait-lobjet-de-demandes-de-levee-de-limmunite\/#primaryimage"},"thumbnailUrl":"","datePublished":"2021-02-23T13:34:24+00:00","dateModified":"2021-02-23T13:34:26+00:00","breadcrumb":{"@id":"https:\/\/kapitalis.com\/tunisie\/2021\/02\/23\/nabil-hajji-le-parlement-a-refuse-de-devoiler-lidentite-des-deputes-ayant-fait-lobjet-de-demandes-de-levee-de-limmunite\/#breadcrumb"},"inLanguage":"fr-FR","potentialAction":[{"@type":"ReadAction","target":["https:\/\/kapitalis.com\/tunisie\/2021\/02\/23\/nabil-hajji-le-parlement-a-refuse-de-devoiler-lidentite-des-deputes-ayant-fait-lobjet-de-demandes-de-levee-de-limmunite\/"]}]},{"@type":"ImageObject","inLanguage":"fr-FR","@id":"https:\/\/kapitalis.com\/tunisie\/2021\/02\/23\/nabil-hajji-le-parlement-a-refuse-de-devoiler-lidentite-des-deputes-ayant-fait-lobjet-de-demandes-de-levee-de-limmunite\/#primaryimage","url":"","contentUrl":""},{"@type":"BreadcrumbList","@id":"https:\/\/kapitalis.com\/tunisie\/2021\/02\/23\/nabil-hajji-le-parlement-a-refuse-de-devoiler-lidentite-des-deputes-ayant-fait-lobjet-de-demandes-de-levee-de-limmunite\/#breadcrumb","itemListElement":[{"@type":"ListItem","position":1,"name":"Accueil","item":"https:\/\/kapitalis.com\/tunisie\/"},{"@type":"ListItem","position":2,"name":"Nabil Hajji : Le Parlement a refus\u00e9 de d\u00e9voiler l&rsquo;identit\u00e9 des d\u00e9put\u00e9s ayant fait l&rsquo;objet de demandes de lev\u00e9e de l&rsquo;immunit\u00e9"}]},{"@type":"WebSite","@id":"https:\/\/kapitalis.com\/tunisie\/#website","url":"https:\/\/kapitalis.com\/tunisie\/","name":"Kapitalis","description":"L&#039;actualit\u00e9 en Tunisie et dans le monde","publisher":{"@id":"https:\/\/kapitalis.com\/tunisie\/#organization"},"potentialAction":[{"@type":"SearchAction","target":{"@type":"EntryPoint","urlTemplate":"https:\/\/kapitalis.com\/tunisie\/?s={search_term_string}"},"query-input":{"@type":"PropertyValueSpecification","valueRequired":true,"valueName":"search_term_string"}}],"inLanguage":"fr-FR"},{"@type":"Organization","@id":"https:\/\/kapitalis.com\/tunisie\/#organization","name":"Kapitalis","url":"https:\/\/kapitalis.com\/tunisie\/","logo":{"@type":"ImageObject","inLanguage":"fr-FR","@id":"https:\/\/kapitalis.com\/tunisie\/#\/schema\/logo\/image\/","url":"https:\/\/kapitalis.com\/tunisie\/wp-content\/uploads\/2022\/05\/Kapitalis-big-size.png","contentUrl":"https:\/\/kapitalis.com\/tunisie\/wp-content\/uploads\/2022\/05\/Kapitalis-big-size.png","width":5000,"height":1500,"caption":"Kapitalis"},"image":{"@id":"https:\/\/kapitalis.com\/tunisie\/#\/schema\/logo\/image\/"},"sameAs":["https:\/\/www.facebook.com\/KapitalisInfo\/","https:\/\/x.com\/KapitalisInfo","https:\/\/www.youtube.com\/channel\/UC-yDYrHyfFBWWZaOw3FPg9Q"]},{"@type":"Person","@id":"https:\/\/kapitalis.com\/tunisie\/#\/schema\/person\/b35b8d631961131107263178aeb8019e","name":"Cherif Benyounes","url":"https:\/\/kapitalis.com\/tunisie\/author\/cherif\/"}]}},"_links":{"self":[{"href":"https:\/\/kapitalis.com\/tunisie\/wp-json\/wp\/v2\/posts\/337453","targetHints":{"allow":["GET"]}}],"collection":[{"href":"https:\/\/kapitalis.com\/tunisie\/wp-json\/wp\/v2\/posts"}],"about":[{"href":"https:\/\/kapitalis.com\/tunisie\/wp-json\/wp\/v2\/types\/post"}],"author":[{"embeddable":true,"href":"https:\/\/kapitalis.com\/tunisie\/wp-json\/wp\/v2\/users\/24"}],"replies":[{"embeddable":true,"href":"https:\/\/kapitalis.com\/tunisie\/wp-json\/wp\/v2\/comments?post=337453"}],"version-history":[{"count":0,"href":"https:\/\/kapitalis.com\/tunisie\/wp-json\/wp\/v2\/posts\/337453\/revisions"}],"wp:featuredmedia":[{"embeddable":true,"href":"https:\/\/kapitalis.com\/tunisie\/wp-json\/wp\/v2\/media\/337462"}],"wp:attachment":[{"href":"https:\/\/kapitalis.com\/tunisie\/wp-json\/wp\/v2\/media?parent=337453"}],"wp:term":[{"taxonomy":"category","embeddable":true,"href":"https:\/\/kapitalis.com\/tunisie\/wp-json\/wp\/v2\/categories?post=337453"},{"taxonomy":"post_tag","embeddable":true,"href":"https:\/\/kapitalis.com\/tunisie\/wp-json\/wp\/v2\/tags?post=337453"}],"curies":[{"name":"wp","href":"https:\/\/api.w.org\/{rel}","templated":true}]}}