{"id":337502,"date":"2021-02-23T17:50:57","date_gmt":"2021-02-23T16:50:57","guid":{"rendered":"http:\/\/kapitalis.com\/tunisie\/?p=337502"},"modified":"2021-02-23T18:43:23","modified_gmt":"2021-02-23T17:43:23","slug":"tunisie-deces-du-militant-et-avocat-hedi-mannai","status":"publish","type":"post","link":"https:\/\/kapitalis.com\/tunisie\/2021\/02\/23\/tunisie-deces-du-militant-et-avocat-hedi-mannai\/","title":{"rendered":"Tunisie : D\u00e9c\u00e8s du militant et avocat H\u00e9di Mannai"},"content":{"rendered":"\n<figure class=\"wp-block-image size-large\"><img decoding=\"async\" src=\"http:\/\/kapitalis.com\/tunisie\/wp-content\/uploads\/2021\/02\/Hedi-Mannai.jpg\" alt=\"\" class=\"wp-image-334424\"\/><\/figure>\n\n\n\n<p><strong><em>L&rsquo;Ordre national des avocats de Tunisie a annonc\u00e9 ce mardi 23 f\u00e9vrier 2021, le d\u00e9c\u00e8s de l&rsquo;avocat et militant pour les droits de l\u2019Homme, Me H\u00e9di Mannai.<\/em><\/strong><\/p>\n\n\n\n<!--more-->\n\n\n\n<p>Il sera accompagn\u00e9 \u00e0 sa derni\u00e8re demeure, demain mercredi 24 f\u00e9vrier, au cimeti\u00e8re \u00e0 Ghardimaou, gouvernorat de Jendouba, sa ville natale, ajoute l&rsquo;ordre des avocats en pr\u00e9sentant ses condol\u00e9ances \u00e0 la famille de Me Mannai, ses amis, ses cons\u0153urs et ses confr\u00e8res.<\/p>\n\n\n\n<p>De nombreux activistes et militants ont d\u00e9plor\u00e9 le d\u00e9c\u00e8s de Me Mannai, regrettant le d\u00e9part d&rsquo;un symbole de la lutte contre la dictature et l\u2019injustice, un altruiste qui a pass\u00e9 sa vie pour d\u00e9fendre  les droits et des libert\u00e9s et qui a toujours \u00e9t\u00e9 du c\u00f4t\u00e9 des opprim\u00e9s : \u00ab<em>Il a v\u00e9cu militant et il est parti militant<\/em>\u00bb.<\/p>\n\n\n\n<p>Rappelons que L\u2019Organisation contre la torture en Tunisie, avait lanc\u00e9 un appel de d\u00e9tresse, le 1er f\u00e9vrier courant, pour demander le transfert de l\u2019avocat \u00e0 l\u2019h\u00f4pital militaire de Tunis apr\u00e8s l\u2019aggravation de son \u00e9tat de sant\u00e9 suite \u00e0 sa contamination par le coronavirus.<\/p>\n\n\n\n<p class=\"has-text-align-right\"><strong>Y. N.<\/strong><\/p>\n\n\n\n<figure class=\"wp-block-embed is-type-wp-embed is-provider-kapitalis wp-block-embed-kapitalis\"><div class=\"wp-block-embed__wrapper\">\n<blockquote class=\"wp-embedded-content\" data-secret=\"S0uDGuWfEs\"><a href=\"https:\/\/kapitalis.com\/tunisie\/2021\/02\/01\/coronavirus-appels-a-transferer-en-urgence-le-militant-et-avocat-hedi-mannai-a-lhopital-militaire-de-tunis\/\">Coronavirus : Appels \u00e0 transf\u00e9rer, en urgence, le militant et avocat H\u00e9di Mannai \u00e0 l&rsquo;h\u00f4pital militaire de Tunis<\/a><\/blockquote><iframe loading=\"lazy\" class=\"wp-embedded-content\" sandbox=\"allow-scripts\" security=\"restricted\" style=\"position: absolute; clip: rect(1px, 1px, 1px, 1px);\" title=\"\u00ab\u00a0Coronavirus : Appels \u00e0 transf\u00e9rer, en urgence, le militant et avocat H\u00e9di Mannai \u00e0 l&rsquo;h\u00f4pital militaire de Tunis\u00a0\u00bb &#8212; Kapitalis\" src=\"https:\/\/kapitalis.com\/tunisie\/2021\/02\/01\/coronavirus-appels-a-transferer-en-urgence-le-militant-et-avocat-hedi-mannai-a-lhopital-militaire-de-tunis\/embed\/#?secret=SZ0Zh3M25L#?secret=S0uDGuWfEs\" data-secret=\"S0uDGuWfEs\" width=\"600\" height=\"338\" frameborder=\"0\" marginwidth=\"0\" marginheight=\"0\" scrolling=\"no\"><\/iframe>\n<\/div><\/figure>\n","protected":false},"excerpt":{"rendered":"<p>L&rsquo;Ordre national des avocats de Tunisie a annonc\u00e9 ce mardi 23 f\u00e9vrier 2021, le d\u00e9c\u00e8s de l&rsquo;avocat et militant pour les droits de l\u2019Homme, Me H\u00e9di Mannai.<\/p>\n","protected":false},"author":6,"featured_media":0,"comment_status":"open","ping_status":"open","sticky":false,"template":"","format":"standard","meta":{"footnotes":""},"categories":[998,2433],"tags":[2770,73060,64263,87061,515,9323,62643],"class_list":["post-337502","post","type-post","status-publish","format-standard","hentry","category-societe","category-tunisie","tag-avocats","tag-coronavirus","tag-deces","tag-hedi-mannai","tag-jendouba","tag-militant","tag-tunisie"],"yoast_head":"<!-- This site is optimized with the Yoast SEO plugin v26.6 - https:\/\/yoast.com\/wordpress\/plugins\/seo\/ -->\n<title>Tunisie : D\u00e9c\u00e8s du militant et avocat H\u00e9di Mannai - Kapitalis<\/title>\n<meta name=\"robots\" content=\"index, follow, max-snippet:-1, max-image-preview:large, max-video-preview:-1\" \/>\n<link rel=\"canonical\" href=\"https:\/\/kapitalis.com\/tunisie\/2021\/02\/23\/tunisie-deces-du-militant-et-avocat-hedi-mannai\/\" \/>\n<meta property=\"og:locale\" content=\"fr_FR\" \/>\n<meta property=\"og:type\" content=\"article\" \/>\n<meta property=\"og:title\" content=\"Tunisie : D\u00e9c\u00e8s du militant et avocat H\u00e9di Mannai - Kapitalis\" \/>\n<meta property=\"og:description\" content=\"L&rsquo;Ordre national des avocats de Tunisie a annonc\u00e9 ce mardi 23 f\u00e9vrier 2021, le d\u00e9c\u00e8s de l&rsquo;avocat et militant pour les droits de l\u2019Homme, Me H\u00e9di Mannai.\" \/>\n<meta property=\"og:url\" content=\"https:\/\/kapitalis.com\/tunisie\/2021\/02\/23\/tunisie-deces-du-militant-et-avocat-hedi-mannai\/\" \/>\n<meta property=\"og:site_name\" content=\"Kapitalis\" \/>\n<meta property=\"article:publisher\" content=\"https:\/\/www.facebook.com\/KapitalisInfo\/\" \/>\n<meta property=\"article:published_time\" content=\"2021-02-23T16:50:57+00:00\" \/>\n<meta property=\"article:modified_time\" content=\"2021-02-23T17:43:23+00:00\" \/>\n<meta property=\"og:image\" content=\"http:\/\/kapitalis.com\/tunisie\/wp-content\/uploads\/2021\/02\/Hedi-Mannai.jpg\" \/>\n<meta name=\"author\" content=\"Yusra NY\" \/>\n<meta name=\"twitter:card\" content=\"summary_large_image\" \/>\n<meta name=\"twitter:creator\" content=\"@KapitalisInfo\" \/>\n<meta name=\"twitter:site\" content=\"@KapitalisInfo\" \/>\n<meta name=\"twitter:label1\" content=\"\u00c9crit par\" \/>\n\t<meta name=\"twitter:data1\" content=\"Yusra NY\" \/>\n\t<meta name=\"twitter:label2\" content=\"Dur\u00e9e de lecture estim\u00e9e\" \/>\n\t<meta name=\"twitter:data2\" content=\"1 minute\" \/>\n<script type=\"application\/ld+json\" class=\"yoast-schema-graph\">{\"@context\":\"https:\/\/schema.org\",\"@graph\":[{\"@type\":\"Article\",\"@id\":\"https:\/\/kapitalis.com\/tunisie\/2021\/02\/23\/tunisie-deces-du-militant-et-avocat-hedi-mannai\/#article\",\"isPartOf\":{\"@id\":\"https:\/\/kapitalis.com\/tunisie\/2021\/02\/23\/tunisie-deces-du-militant-et-avocat-hedi-mannai\/\"},\"author\":{\"name\":\"Yusra NY\",\"@id\":\"https:\/\/kapitalis.com\/tunisie\/#\/schema\/person\/74bbde0154d49d790a92aaeac5bc01d5\"},\"headline\":\"Tunisie : D\u00e9c\u00e8s du militant et avocat H\u00e9di Mannai\",\"datePublished\":\"2021-02-23T16:50:57+00:00\",\"dateModified\":\"2021-02-23T17:43:23+00:00\",\"mainEntityOfPage\":{\"@id\":\"https:\/\/kapitalis.com\/tunisie\/2021\/02\/23\/tunisie-deces-du-militant-et-avocat-hedi-mannai\/\"},\"wordCount\":209,\"commentCount\":0,\"publisher\":{\"@id\":\"https:\/\/kapitalis.com\/tunisie\/#organization\"},\"image\":{\"@id\":\"https:\/\/kapitalis.com\/tunisie\/2021\/02\/23\/tunisie-deces-du-militant-et-avocat-hedi-mannai\/#primaryimage\"},\"thumbnailUrl\":\"http:\/\/kapitalis.com\/tunisie\/wp-content\/uploads\/2021\/02\/Hedi-Mannai.jpg\",\"keywords\":[\"avocats\",\"Coronavirus\",\"d\u00e9c\u00e8s\",\"H\u00e9di Mannai\",\"Jendouba\",\"militant\",\"Tunisie\"],\"articleSection\":[\"SOCIETE\",\"Tunisie\"],\"inLanguage\":\"fr-FR\",\"potentialAction\":[{\"@type\":\"CommentAction\",\"name\":\"Comment\",\"target\":[\"https:\/\/kapitalis.com\/tunisie\/2021\/02\/23\/tunisie-deces-du-militant-et-avocat-hedi-mannai\/#respond\"]}]},{\"@type\":\"WebPage\",\"@id\":\"https:\/\/kapitalis.com\/tunisie\/2021\/02\/23\/tunisie-deces-du-militant-et-avocat-hedi-mannai\/\",\"url\":\"https:\/\/kapitalis.com\/tunisie\/2021\/02\/23\/tunisie-deces-du-militant-et-avocat-hedi-mannai\/\",\"name\":\"Tunisie : D\u00e9c\u00e8s du militant et avocat H\u00e9di Mannai - Kapitalis\",\"isPartOf\":{\"@id\":\"https:\/\/kapitalis.com\/tunisie\/#website\"},\"primaryImageOfPage\":{\"@id\":\"https:\/\/kapitalis.com\/tunisie\/2021\/02\/23\/tunisie-deces-du-militant-et-avocat-hedi-mannai\/#primaryimage\"},\"image\":{\"@id\":\"https:\/\/kapitalis.com\/tunisie\/2021\/02\/23\/tunisie-deces-du-militant-et-avocat-hedi-mannai\/#primaryimage\"},\"thumbnailUrl\":\"http:\/\/kapitalis.com\/tunisie\/wp-content\/uploads\/2021\/02\/Hedi-Mannai.jpg\",\"datePublished\":\"2021-02-23T16:50:57+00:00\",\"dateModified\":\"2021-02-23T17:43:23+00:00\",\"breadcrumb\":{\"@id\":\"https:\/\/kapitalis.com\/tunisie\/2021\/02\/23\/tunisie-deces-du-militant-et-avocat-hedi-mannai\/#breadcrumb\"},\"inLanguage\":\"fr-FR\",\"potentialAction\":[{\"@type\":\"ReadAction\",\"target\":[\"https:\/\/kapitalis.com\/tunisie\/2021\/02\/23\/tunisie-deces-du-militant-et-avocat-hedi-mannai\/\"]}]},{\"@type\":\"ImageObject\",\"inLanguage\":\"fr-FR\",\"@id\":\"https:\/\/kapitalis.com\/tunisie\/2021\/02\/23\/tunisie-deces-du-militant-et-avocat-hedi-mannai\/#primaryimage\",\"url\":\"\",\"contentUrl\":\"\"},{\"@type\":\"BreadcrumbList\",\"@id\":\"https:\/\/kapitalis.com\/tunisie\/2021\/02\/23\/tunisie-deces-du-militant-et-avocat-hedi-mannai\/#breadcrumb\",\"itemListElement\":[{\"@type\":\"ListItem\",\"position\":1,\"name\":\"Accueil\",\"item\":\"https:\/\/kapitalis.com\/tunisie\/\"},{\"@type\":\"ListItem\",\"position\":2,\"name\":\"Tunisie : D\u00e9c\u00e8s du militant et avocat H\u00e9di Mannai\"}]},{\"@type\":\"WebSite\",\"@id\":\"https:\/\/kapitalis.com\/tunisie\/#website\",\"url\":\"https:\/\/kapitalis.com\/tunisie\/\",\"name\":\"Kapitalis\",\"description\":\"L&#039;actualit\u00e9 en Tunisie et dans le monde\",\"publisher\":{\"@id\":\"https:\/\/kapitalis.com\/tunisie\/#organization\"},\"potentialAction\":[{\"@type\":\"SearchAction\",\"target\":{\"@type\":\"EntryPoint\",\"urlTemplate\":\"https:\/\/kapitalis.com\/tunisie\/?s={search_term_string}\"},\"query-input\":{\"@type\":\"PropertyValueSpecification\",\"valueRequired\":true,\"valueName\":\"search_term_string\"}}],\"inLanguage\":\"fr-FR\"},{\"@type\":\"Organization\",\"@id\":\"https:\/\/kapitalis.com\/tunisie\/#organization\",\"name\":\"Kapitalis\",\"url\":\"https:\/\/kapitalis.com\/tunisie\/\",\"logo\":{\"@type\":\"ImageObject\",\"inLanguage\":\"fr-FR\",\"@id\":\"https:\/\/kapitalis.com\/tunisie\/#\/schema\/logo\/image\/\",\"url\":\"https:\/\/kapitalis.com\/tunisie\/wp-content\/uploads\/2022\/05\/Kapitalis-big-size.png\",\"contentUrl\":\"https:\/\/kapitalis.com\/tunisie\/wp-content\/uploads\/2022\/05\/Kapitalis-big-size.png\",\"width\":5000,\"height\":1500,\"caption\":\"Kapitalis\"},\"image\":{\"@id\":\"https:\/\/kapitalis.com\/tunisie\/#\/schema\/logo\/image\/\"},\"sameAs\":[\"https:\/\/www.facebook.com\/KapitalisInfo\/\",\"https:\/\/x.com\/KapitalisInfo\",\"https:\/\/www.youtube.com\/channel\/UC-yDYrHyfFBWWZaOw3FPg9Q\"]},{\"@type\":\"Person\",\"@id\":\"https:\/\/kapitalis.com\/tunisie\/#\/schema\/person\/74bbde0154d49d790a92aaeac5bc01d5\",\"name\":\"Yusra NY\",\"url\":\"https:\/\/kapitalis.com\/tunisie\/author\/yuza_adam\/\"}]}<\/script>\n<!-- \/ Yoast SEO plugin. -->","yoast_head_json":{"title":"Tunisie : D\u00e9c\u00e8s du militant et avocat H\u00e9di Mannai - Kapitalis","robots":{"index":"index","follow":"follow","max-snippet":"max-snippet:-1","max-image-preview":"max-image-preview:large","max-video-preview":"max-video-preview:-1"},"canonical":"https:\/\/kapitalis.com\/tunisie\/2021\/02\/23\/tunisie-deces-du-militant-et-avocat-hedi-mannai\/","og_locale":"fr_FR","og_type":"article","og_title":"Tunisie : D\u00e9c\u00e8s du militant et avocat H\u00e9di Mannai - Kapitalis","og_description":"L&rsquo;Ordre national des avocats de Tunisie a annonc\u00e9 ce mardi 23 f\u00e9vrier 2021, le d\u00e9c\u00e8s de l&rsquo;avocat et militant pour les droits de l\u2019Homme, Me H\u00e9di Mannai.","og_url":"https:\/\/kapitalis.com\/tunisie\/2021\/02\/23\/tunisie-deces-du-militant-et-avocat-hedi-mannai\/","og_site_name":"Kapitalis","article_publisher":"https:\/\/www.facebook.com\/KapitalisInfo\/","article_published_time":"2021-02-23T16:50:57+00:00","article_modified_time":"2021-02-23T17:43:23+00:00","og_image":[{"url":"http:\/\/kapitalis.com\/tunisie\/wp-content\/uploads\/2021\/02\/Hedi-Mannai.jpg","type":"","width":"","height":""}],"author":"Yusra NY","twitter_card":"summary_large_image","twitter_creator":"@KapitalisInfo","twitter_site":"@KapitalisInfo","twitter_misc":{"\u00c9crit par":"Yusra NY","Dur\u00e9e de lecture estim\u00e9e":"1 minute"},"schema":{"@context":"https:\/\/schema.org","@graph":[{"@type":"Article","@id":"https:\/\/kapitalis.com\/tunisie\/2021\/02\/23\/tunisie-deces-du-militant-et-avocat-hedi-mannai\/#article","isPartOf":{"@id":"https:\/\/kapitalis.com\/tunisie\/2021\/02\/23\/tunisie-deces-du-militant-et-avocat-hedi-mannai\/"},"author":{"name":"Yusra NY","@id":"https:\/\/kapitalis.com\/tunisie\/#\/schema\/person\/74bbde0154d49d790a92aaeac5bc01d5"},"headline":"Tunisie : D\u00e9c\u00e8s du militant et avocat H\u00e9di Mannai","datePublished":"2021-02-23T16:50:57+00:00","dateModified":"2021-02-23T17:43:23+00:00","mainEntityOfPage":{"@id":"https:\/\/kapitalis.com\/tunisie\/2021\/02\/23\/tunisie-deces-du-militant-et-avocat-hedi-mannai\/"},"wordCount":209,"commentCount":0,"publisher":{"@id":"https:\/\/kapitalis.com\/tunisie\/#organization"},"image":{"@id":"https:\/\/kapitalis.com\/tunisie\/2021\/02\/23\/tunisie-deces-du-militant-et-avocat-hedi-mannai\/#primaryimage"},"thumbnailUrl":"http:\/\/kapitalis.com\/tunisie\/wp-content\/uploads\/2021\/02\/Hedi-Mannai.jpg","keywords":["avocats","Coronavirus","d\u00e9c\u00e8s","H\u00e9di Mannai","Jendouba","militant","Tunisie"],"articleSection":["SOCIETE","Tunisie"],"inLanguage":"fr-FR","potentialAction":[{"@type":"CommentAction","name":"Comment","target":["https:\/\/kapitalis.com\/tunisie\/2021\/02\/23\/tunisie-deces-du-militant-et-avocat-hedi-mannai\/#respond"]}]},{"@type":"WebPage","@id":"https:\/\/kapitalis.com\/tunisie\/2021\/02\/23\/tunisie-deces-du-militant-et-avocat-hedi-mannai\/","url":"https:\/\/kapitalis.com\/tunisie\/2021\/02\/23\/tunisie-deces-du-militant-et-avocat-hedi-mannai\/","name":"Tunisie : D\u00e9c\u00e8s du militant et avocat H\u00e9di Mannai - Kapitalis","isPartOf":{"@id":"https:\/\/kapitalis.com\/tunisie\/#website"},"primaryImageOfPage":{"@id":"https:\/\/kapitalis.com\/tunisie\/2021\/02\/23\/tunisie-deces-du-militant-et-avocat-hedi-mannai\/#primaryimage"},"image":{"@id":"https:\/\/kapitalis.com\/tunisie\/2021\/02\/23\/tunisie-deces-du-militant-et-avocat-hedi-mannai\/#primaryimage"},"thumbnailUrl":"http:\/\/kapitalis.com\/tunisie\/wp-content\/uploads\/2021\/02\/Hedi-Mannai.jpg","datePublished":"2021-02-23T16:50:57+00:00","dateModified":"2021-02-23T17:43:23+00:00","breadcrumb":{"@id":"https:\/\/kapitalis.com\/tunisie\/2021\/02\/23\/tunisie-deces-du-militant-et-avocat-hedi-mannai\/#breadcrumb"},"inLanguage":"fr-FR","potentialAction":[{"@type":"ReadAction","target":["https:\/\/kapitalis.com\/tunisie\/2021\/02\/23\/tunisie-deces-du-militant-et-avocat-hedi-mannai\/"]}]},{"@type":"ImageObject","inLanguage":"fr-FR","@id":"https:\/\/kapitalis.com\/tunisie\/2021\/02\/23\/tunisie-deces-du-militant-et-avocat-hedi-mannai\/#primaryimage","url":"","contentUrl":""},{"@type":"BreadcrumbList","@id":"https:\/\/kapitalis.com\/tunisie\/2021\/02\/23\/tunisie-deces-du-militant-et-avocat-hedi-mannai\/#breadcrumb","itemListElement":[{"@type":"ListItem","position":1,"name":"Accueil","item":"https:\/\/kapitalis.com\/tunisie\/"},{"@type":"ListItem","position":2,"name":"Tunisie : D\u00e9c\u00e8s du militant et avocat H\u00e9di Mannai"}]},{"@type":"WebSite","@id":"https:\/\/kapitalis.com\/tunisie\/#website","url":"https:\/\/kapitalis.com\/tunisie\/","name":"Kapitalis","description":"L&#039;actualit\u00e9 en Tunisie et dans le monde","publisher":{"@id":"https:\/\/kapitalis.com\/tunisie\/#organization"},"potentialAction":[{"@type":"SearchAction","target":{"@type":"EntryPoint","urlTemplate":"https:\/\/kapitalis.com\/tunisie\/?s={search_term_string}"},"query-input":{"@type":"PropertyValueSpecification","valueRequired":true,"valueName":"search_term_string"}}],"inLanguage":"fr-FR"},{"@type":"Organization","@id":"https:\/\/kapitalis.com\/tunisie\/#organization","name":"Kapitalis","url":"https:\/\/kapitalis.com\/tunisie\/","logo":{"@type":"ImageObject","inLanguage":"fr-FR","@id":"https:\/\/kapitalis.com\/tunisie\/#\/schema\/logo\/image\/","url":"https:\/\/kapitalis.com\/tunisie\/wp-content\/uploads\/2022\/05\/Kapitalis-big-size.png","contentUrl":"https:\/\/kapitalis.com\/tunisie\/wp-content\/uploads\/2022\/05\/Kapitalis-big-size.png","width":5000,"height":1500,"caption":"Kapitalis"},"image":{"@id":"https:\/\/kapitalis.com\/tunisie\/#\/schema\/logo\/image\/"},"sameAs":["https:\/\/www.facebook.com\/KapitalisInfo\/","https:\/\/x.com\/KapitalisInfo","https:\/\/www.youtube.com\/channel\/UC-yDYrHyfFBWWZaOw3FPg9Q"]},{"@type":"Person","@id":"https:\/\/kapitalis.com\/tunisie\/#\/schema\/person\/74bbde0154d49d790a92aaeac5bc01d5","name":"Yusra NY","url":"https:\/\/kapitalis.com\/tunisie\/author\/yuza_adam\/"}]}},"_links":{"self":[{"href":"https:\/\/kapitalis.com\/tunisie\/wp-json\/wp\/v2\/posts\/337502","targetHints":{"allow":["GET"]}}],"collection":[{"href":"https:\/\/kapitalis.com\/tunisie\/wp-json\/wp\/v2\/posts"}],"about":[{"href":"https:\/\/kapitalis.com\/tunisie\/wp-json\/wp\/v2\/types\/post"}],"author":[{"embeddable":true,"href":"https:\/\/kapitalis.com\/tunisie\/wp-json\/wp\/v2\/users\/6"}],"replies":[{"embeddable":true,"href":"https:\/\/kapitalis.com\/tunisie\/wp-json\/wp\/v2\/comments?post=337502"}],"version-history":[{"count":0,"href":"https:\/\/kapitalis.com\/tunisie\/wp-json\/wp\/v2\/posts\/337502\/revisions"}],"wp:attachment":[{"href":"https:\/\/kapitalis.com\/tunisie\/wp-json\/wp\/v2\/media?parent=337502"}],"wp:term":[{"taxonomy":"category","embeddable":true,"href":"https:\/\/kapitalis.com\/tunisie\/wp-json\/wp\/v2\/categories?post=337502"},{"taxonomy":"post_tag","embeddable":true,"href":"https:\/\/kapitalis.com\/tunisie\/wp-json\/wp\/v2\/tags?post=337502"}],"curies":[{"name":"wp","href":"https:\/\/api.w.org\/{rel}","templated":true}]}}