{"id":33751,"date":"2016-01-08T11:00:03","date_gmt":"2016-01-08T10:00:03","guid":{"rendered":"http:\/\/kapitalis.com\/tunisie\/?p=33751"},"modified":"2016-01-08T10:23:50","modified_gmt":"2016-01-08T09:23:50","slug":"anniversaire-il-y-a-5-ans-thala-se-soulevait-contre-ben-ali","status":"publish","type":"post","link":"https:\/\/kapitalis.com\/tunisie\/2016\/01\/08\/anniversaire-il-y-a-5-ans-thala-se-soulevait-contre-ben-ali\/","title":{"rendered":"Anniversaire : Il y a 5 ans, Thala se soulevait contre Ben Ali"},"content":{"rendered":"<p><img loading=\"lazy\" decoding=\"async\" class=\"alignnone size-full wp-image-33752 aligncenter\" src=\"http:\/\/kapitalis.com\/tunisie\/wp-content\/uploads\/2016\/01\/Thala.gif\" alt=\"Thala\" width=\"626\" height=\"380\" \/><\/p>\n<p><em><strong>Le 8 janvier 2011, les habitants de Thala se sont soulev\u00e9s contre la dictature de Ben Ali. La ville donnera le plus grand nombre de martyrs \u00e0 la r\u00e9volution. <\/strong><\/em><\/p>\n<p>Par <strong>Mohamed Nafti<\/strong>*<\/p>\n<p><!--more--><\/p>\n<p>Thala est une petite ville de l\u2019ouest juch\u00e9e sur la dorsale tunisienne tel un aigle royal\u00a0 perch\u00e9 sur un rocher de la haute montagne.<\/p>\n<p>Le nom de Thala tire son origine du mot berb\u00e8re qui signifie source. Thala est source d\u2019eau, de vie et de lutte. La petite ville de par sa superficie est grande, tr\u00e8s grande par son histoire de lutte contre les\u00a0 dictats des Romains, des Arabes et des Beys. Thala est une place forte sur laquelle s\u2019est appuy\u00e9e l\u2019Arm\u00e9e Alli\u00e9e pour stopper l\u2019avanc\u00e9e de la Panzer division de Rommel durant la seconde guerre mondiale.<\/p>\n<p>Durant la r\u00e9volution tunisienne de janvier 2011, la ville a \u00e9t\u00e9 la pierre tombale du r\u00e9gime dictatorial de Ben Ali. Le 8 janvier 2011, Thala toute enti\u00e8re se souleva contre le r\u00e9gime et mena le combat le plus meurtrier de la r\u00e9volution tunisienne. Les forces de l\u2019ordre sont tellement d\u00e9bord\u00e9es que l\u2019on fit appel \u00e0 l\u2019arm\u00e9e \u00e0 partir du 9 janvier pour assurer la s\u00e9curit\u00e9 des citoyens et du pays.<\/p>\n<p style=\"text-align: center;\"><img loading=\"lazy\" decoding=\"async\" class=\"alignnone size-full wp-image-33753\" src=\"http:\/\/kapitalis.com\/tunisie\/wp-content\/uploads\/2016\/01\/Thala2.gif\" alt=\"Thala2\" width=\"500\" height=\"300\" \/><\/p>\n<p style=\"text-align: center;\"><em>Une petite ville de l\u2019ouest juch\u00e9e sur la dorsale tunisienne.<\/em><\/p>\n<p>Le 8 janvier 2011 est pour la Tunisie une date tr\u00e8s douloureuse. Elle est aussi la plus douloureuse car elle a vu tomber le plus grand nombre de martyrs en un temps tr\u00e8s court. Elle \u00e9voque un sentiment p\u00e9nible et une souffrance morale intense pour\u00a0 les familles. Et m\u00eame pour certains qui l\u2019ont v\u00e9cue de loin, la nuit du 8 au 9 janvier reste grav\u00e9e pour longtemps dans leur m\u00e9moire. Elle est aussi l\u2019histoire p\u00e9nible d\u2019une noble dame de Thala qui m\u00e9rite d\u2019\u00eatre racont\u00e9e.<\/p>\n<p>Le 8 janvier 2011, au d\u00e9but de la nuit, le commandant de la garnison militaire de Jendouba travaille encore dans son bureau quand soudain le t\u00e9l\u00e9phone retentit. Le standardiste l\u2019informe qu\u2019une femme de Thala, m\u00e8re d\u2019un soldat du r\u00e9giment, voulait lui parler. Comment pourrais-je vous servir madame? Une voix f\u00e9minine impassible comme le marbre de Thala sollicitait le commandant de ne pas donner une permission \u00e0 son fils. Elle devait ajouter que son fils ain\u00e9 est tu\u00e9 par balles il y a quelques heures et qu\u2019elle a peur que son fr\u00e8re ne rejoigne le soul\u00e8vement et p\u00e9risse \u00e0 son tour.<\/p>\n<p>Ce qui marquait l\u2019esprit c\u2019est le comportement de cette grande dame. Lorsque tous les proches sont en pleurs et en col\u00e8re, cette noble m\u00e8re a gard\u00e9 tout son calme et a pens\u00e9 \u00e0 pr\u00e9server l\u2019autre fils. Elle devait occulter tout son chagrin et dissiper toute sa souffrance pour rester royale comme l\u2019aigle de Thala.<\/p>\n<p style=\"text-align: center;\"><img loading=\"lazy\" decoding=\"async\" class=\"alignnone size-full wp-image-33754\" src=\"http:\/\/kapitalis.com\/tunisie\/wp-content\/uploads\/2016\/01\/Familles-des-martyrs.gif\" alt=\"Familles-des-martyrs\" width=\"500\" height=\"350\" \/><\/p>\n<p style=\"text-align: center;\"><em>Les familles des martyrs attendent toujours la v\u00e9rit\u00e9 sur la mort des leurs.<\/em><\/p>\n<p>Pr\u00e8s d\u2019une ann\u00e9e plus tard, au mois de d\u00e9cembre 2011, le Tribunal militaire du Kef entamait l\u2019examen de l\u2019affaire des martyrs de Kasserine et Thala. Des membres de leurs familles et des proches ainsi que des responsables de la soci\u00e9t\u00e9 civile r\u00e9gionale \u00e9taient pr\u00e9sents. Je m\u2019attendais \u00e0 ce que cette dame soit pr\u00e9sente \u00e0 la premi\u00e8re rang\u00e9e tenant \u00e0 la main la photo du martyr. Elle n\u2019\u00e9tait pas l\u00e0. Les sessions au Tribunal devaient se succ\u00e9der chaque quinzaine et \u00e0 chaque fois je m\u2019empressais de chercher cette dame mais ni elle ni ses enfants ne vinrent. Je d\u00e9duis ensuite que cette dame aimait beaucoup son enfant mais ne montra point son chagrin. Cette noble dame se dissipa \u00e0 tous les regards et \u00e0 tous les m\u00e9dias et pr\u00e9f\u00e9ra avec son \u00e2me partir rejoindre son fils dans l\u2019autre monde tellement le chagrin est sans limites.<\/p>\n<p>A cette noble m\u00e8re, \u00e0 cette grande dame de Thala, \u00e0 cette Aigle Royale martyre et m\u00e8re de martyr tous les hommages. Il est difficile d\u2019oublier ce 8 janvier 2011 \u00e0 Thala.<\/p>\n<p><em>* G\u00e9n\u00e9ral \u00e0 la retraite.<\/em><\/p>\n","protected":false},"excerpt":{"rendered":"<p>Le 8 janvier 2011, les habitants de Thala se sont soulev\u00e9s contre la dictature de Ben Ali. La ville donnera le plus grand nombre de martyrs \u00e0 la r\u00e9volution. Par Mohamed Nafti*<\/p>\n","protected":false},"author":8,"featured_media":33752,"comment_status":"open","ping_status":"open","sticky":false,"template":"","format":"standard","meta":{"footnotes":""},"categories":[992,1000,2433],"tags":[80,527,1383,788,10848,7794],"class_list":["post-33751","post","type-post","status-publish","format-standard","has-post-thumbnail","hentry","category-a-la-une","category-tribune","category-tunisie","tag-armee","tag-kef","tag-martyrs","tag-revolution","tag-thala","tag-tribunal-militaire"],"yoast_head":"<!-- This site is optimized with the Yoast SEO plugin v26.6 - https:\/\/yoast.com\/wordpress\/plugins\/seo\/ -->\n<title>Anniversaire : Il y a 5 ans, Thala se soulevait contre Ben Ali - Kapitalis<\/title>\n<meta name=\"robots\" content=\"index, follow, max-snippet:-1, max-image-preview:large, max-video-preview:-1\" \/>\n<link rel=\"canonical\" href=\"https:\/\/kapitalis.com\/tunisie\/2016\/01\/08\/anniversaire-il-y-a-5-ans-thala-se-soulevait-contre-ben-ali\/\" \/>\n<meta property=\"og:locale\" content=\"fr_FR\" \/>\n<meta property=\"og:type\" content=\"article\" \/>\n<meta property=\"og:title\" content=\"Anniversaire : Il y a 5 ans, Thala se soulevait contre Ben Ali - Kapitalis\" \/>\n<meta property=\"og:description\" content=\"Le 8 janvier 2011, les habitants de Thala se sont soulev\u00e9s contre la dictature de Ben Ali. La ville donnera le plus grand nombre de martyrs \u00e0 la r\u00e9volution. Par Mohamed Nafti*\" \/>\n<meta property=\"og:url\" content=\"https:\/\/kapitalis.com\/tunisie\/2016\/01\/08\/anniversaire-il-y-a-5-ans-thala-se-soulevait-contre-ben-ali\/\" \/>\n<meta property=\"og:site_name\" content=\"Kapitalis\" \/>\n<meta property=\"article:publisher\" content=\"https:\/\/www.facebook.com\/KapitalisInfo\/\" \/>\n<meta property=\"article:published_time\" content=\"2016-01-08T10:00:03+00:00\" \/>\n<meta property=\"og:image\" content=\"https:\/\/kapitalis.com\/tunisie\/wp-content\/uploads\/2022\/05\/kapitalis-logo-fb.png\" \/>\n\t<meta property=\"og:image:width\" content=\"1200\" \/>\n\t<meta property=\"og:image:height\" content=\"630\" \/>\n\t<meta property=\"og:image:type\" content=\"image\/png\" \/>\n<meta name=\"author\" content=\"webmaster kapitalis\" \/>\n<meta name=\"twitter:card\" content=\"summary_large_image\" \/>\n<meta name=\"twitter:creator\" content=\"@KapitalisInfo\" \/>\n<meta name=\"twitter:site\" content=\"@KapitalisInfo\" \/>\n<meta name=\"twitter:label1\" content=\"\u00c9crit par\" \/>\n\t<meta name=\"twitter:data1\" content=\"webmaster kapitalis\" \/>\n\t<meta name=\"twitter:label2\" content=\"Dur\u00e9e de lecture estim\u00e9e\" \/>\n\t<meta name=\"twitter:data2\" content=\"3 minutes\" \/>\n<script type=\"application\/ld+json\" class=\"yoast-schema-graph\">{\"@context\":\"https:\/\/schema.org\",\"@graph\":[{\"@type\":\"Article\",\"@id\":\"https:\/\/kapitalis.com\/tunisie\/2016\/01\/08\/anniversaire-il-y-a-5-ans-thala-se-soulevait-contre-ben-ali\/#article\",\"isPartOf\":{\"@id\":\"https:\/\/kapitalis.com\/tunisie\/2016\/01\/08\/anniversaire-il-y-a-5-ans-thala-se-soulevait-contre-ben-ali\/\"},\"author\":{\"name\":\"webmaster kapitalis\",\"@id\":\"https:\/\/kapitalis.com\/tunisie\/#\/schema\/person\/d71f33a9ca44f7bad4698210b480c8e9\"},\"headline\":\"Anniversaire : Il y a 5 ans, Thala se soulevait contre Ben Ali\",\"datePublished\":\"2016-01-08T10:00:03+00:00\",\"mainEntityOfPage\":{\"@id\":\"https:\/\/kapitalis.com\/tunisie\/2016\/01\/08\/anniversaire-il-y-a-5-ans-thala-se-soulevait-contre-ben-ali\/\"},\"wordCount\":709,\"commentCount\":0,\"publisher\":{\"@id\":\"https:\/\/kapitalis.com\/tunisie\/#organization\"},\"image\":{\"@id\":\"https:\/\/kapitalis.com\/tunisie\/2016\/01\/08\/anniversaire-il-y-a-5-ans-thala-se-soulevait-contre-ben-ali\/#primaryimage\"},\"thumbnailUrl\":\"\",\"keywords\":[\"arm\u00e9e\",\"Kef\",\"martyrs\",\"r\u00e9volution\",\"Thala\",\"Tribunal militaire\"],\"articleSection\":[\"A LA UNE\",\"TRIBUNE\",\"Tunisie\"],\"inLanguage\":\"fr-FR\",\"potentialAction\":[{\"@type\":\"CommentAction\",\"name\":\"Comment\",\"target\":[\"https:\/\/kapitalis.com\/tunisie\/2016\/01\/08\/anniversaire-il-y-a-5-ans-thala-se-soulevait-contre-ben-ali\/#respond\"]}]},{\"@type\":\"WebPage\",\"@id\":\"https:\/\/kapitalis.com\/tunisie\/2016\/01\/08\/anniversaire-il-y-a-5-ans-thala-se-soulevait-contre-ben-ali\/\",\"url\":\"https:\/\/kapitalis.com\/tunisie\/2016\/01\/08\/anniversaire-il-y-a-5-ans-thala-se-soulevait-contre-ben-ali\/\",\"name\":\"Anniversaire : Il y a 5 ans, Thala se soulevait contre Ben Ali - Kapitalis\",\"isPartOf\":{\"@id\":\"https:\/\/kapitalis.com\/tunisie\/#website\"},\"primaryImageOfPage\":{\"@id\":\"https:\/\/kapitalis.com\/tunisie\/2016\/01\/08\/anniversaire-il-y-a-5-ans-thala-se-soulevait-contre-ben-ali\/#primaryimage\"},\"image\":{\"@id\":\"https:\/\/kapitalis.com\/tunisie\/2016\/01\/08\/anniversaire-il-y-a-5-ans-thala-se-soulevait-contre-ben-ali\/#primaryimage\"},\"thumbnailUrl\":\"\",\"datePublished\":\"2016-01-08T10:00:03+00:00\",\"breadcrumb\":{\"@id\":\"https:\/\/kapitalis.com\/tunisie\/2016\/01\/08\/anniversaire-il-y-a-5-ans-thala-se-soulevait-contre-ben-ali\/#breadcrumb\"},\"inLanguage\":\"fr-FR\",\"potentialAction\":[{\"@type\":\"ReadAction\",\"target\":[\"https:\/\/kapitalis.com\/tunisie\/2016\/01\/08\/anniversaire-il-y-a-5-ans-thala-se-soulevait-contre-ben-ali\/\"]}]},{\"@type\":\"ImageObject\",\"inLanguage\":\"fr-FR\",\"@id\":\"https:\/\/kapitalis.com\/tunisie\/2016\/01\/08\/anniversaire-il-y-a-5-ans-thala-se-soulevait-contre-ben-ali\/#primaryimage\",\"url\":\"\",\"contentUrl\":\"\"},{\"@type\":\"BreadcrumbList\",\"@id\":\"https:\/\/kapitalis.com\/tunisie\/2016\/01\/08\/anniversaire-il-y-a-5-ans-thala-se-soulevait-contre-ben-ali\/#breadcrumb\",\"itemListElement\":[{\"@type\":\"ListItem\",\"position\":1,\"name\":\"Accueil\",\"item\":\"https:\/\/kapitalis.com\/tunisie\/\"},{\"@type\":\"ListItem\",\"position\":2,\"name\":\"Anniversaire : Il y a 5 ans, Thala se soulevait contre Ben Ali\"}]},{\"@type\":\"WebSite\",\"@id\":\"https:\/\/kapitalis.com\/tunisie\/#website\",\"url\":\"https:\/\/kapitalis.com\/tunisie\/\",\"name\":\"Kapitalis\",\"description\":\"L&#039;actualit\u00e9 en Tunisie et dans le monde\",\"publisher\":{\"@id\":\"https:\/\/kapitalis.com\/tunisie\/#organization\"},\"potentialAction\":[{\"@type\":\"SearchAction\",\"target\":{\"@type\":\"EntryPoint\",\"urlTemplate\":\"https:\/\/kapitalis.com\/tunisie\/?s={search_term_string}\"},\"query-input\":{\"@type\":\"PropertyValueSpecification\",\"valueRequired\":true,\"valueName\":\"search_term_string\"}}],\"inLanguage\":\"fr-FR\"},{\"@type\":\"Organization\",\"@id\":\"https:\/\/kapitalis.com\/tunisie\/#organization\",\"name\":\"Kapitalis\",\"url\":\"https:\/\/kapitalis.com\/tunisie\/\",\"logo\":{\"@type\":\"ImageObject\",\"inLanguage\":\"fr-FR\",\"@id\":\"https:\/\/kapitalis.com\/tunisie\/#\/schema\/logo\/image\/\",\"url\":\"https:\/\/kapitalis.com\/tunisie\/wp-content\/uploads\/2022\/05\/Kapitalis-big-size.png\",\"contentUrl\":\"https:\/\/kapitalis.com\/tunisie\/wp-content\/uploads\/2022\/05\/Kapitalis-big-size.png\",\"width\":5000,\"height\":1500,\"caption\":\"Kapitalis\"},\"image\":{\"@id\":\"https:\/\/kapitalis.com\/tunisie\/#\/schema\/logo\/image\/\"},\"sameAs\":[\"https:\/\/www.facebook.com\/KapitalisInfo\/\",\"https:\/\/x.com\/KapitalisInfo\",\"https:\/\/www.youtube.com\/channel\/UC-yDYrHyfFBWWZaOw3FPg9Q\"]},{\"@type\":\"Person\",\"@id\":\"https:\/\/kapitalis.com\/tunisie\/#\/schema\/person\/d71f33a9ca44f7bad4698210b480c8e9\",\"name\":\"webmaster kapitalis\",\"url\":\"https:\/\/kapitalis.com\/tunisie\/author\/webmaster-kapitalis\/\"}]}<\/script>\n<!-- \/ Yoast SEO plugin. -->","yoast_head_json":{"title":"Anniversaire : Il y a 5 ans, Thala se soulevait contre Ben Ali - Kapitalis","robots":{"index":"index","follow":"follow","max-snippet":"max-snippet:-1","max-image-preview":"max-image-preview:large","max-video-preview":"max-video-preview:-1"},"canonical":"https:\/\/kapitalis.com\/tunisie\/2016\/01\/08\/anniversaire-il-y-a-5-ans-thala-se-soulevait-contre-ben-ali\/","og_locale":"fr_FR","og_type":"article","og_title":"Anniversaire : Il y a 5 ans, Thala se soulevait contre Ben Ali - Kapitalis","og_description":"Le 8 janvier 2011, les habitants de Thala se sont soulev\u00e9s contre la dictature de Ben Ali. La ville donnera le plus grand nombre de martyrs \u00e0 la r\u00e9volution. Par Mohamed Nafti*","og_url":"https:\/\/kapitalis.com\/tunisie\/2016\/01\/08\/anniversaire-il-y-a-5-ans-thala-se-soulevait-contre-ben-ali\/","og_site_name":"Kapitalis","article_publisher":"https:\/\/www.facebook.com\/KapitalisInfo\/","article_published_time":"2016-01-08T10:00:03+00:00","og_image":[{"width":1200,"height":630,"url":"https:\/\/kapitalis.com\/tunisie\/wp-content\/uploads\/2022\/05\/kapitalis-logo-fb.png","type":"image\/png"}],"author":"webmaster kapitalis","twitter_card":"summary_large_image","twitter_creator":"@KapitalisInfo","twitter_site":"@KapitalisInfo","twitter_misc":{"\u00c9crit par":"webmaster kapitalis","Dur\u00e9e de lecture estim\u00e9e":"3 minutes"},"schema":{"@context":"https:\/\/schema.org","@graph":[{"@type":"Article","@id":"https:\/\/kapitalis.com\/tunisie\/2016\/01\/08\/anniversaire-il-y-a-5-ans-thala-se-soulevait-contre-ben-ali\/#article","isPartOf":{"@id":"https:\/\/kapitalis.com\/tunisie\/2016\/01\/08\/anniversaire-il-y-a-5-ans-thala-se-soulevait-contre-ben-ali\/"},"author":{"name":"webmaster kapitalis","@id":"https:\/\/kapitalis.com\/tunisie\/#\/schema\/person\/d71f33a9ca44f7bad4698210b480c8e9"},"headline":"Anniversaire : Il y a 5 ans, Thala se soulevait contre Ben Ali","datePublished":"2016-01-08T10:00:03+00:00","mainEntityOfPage":{"@id":"https:\/\/kapitalis.com\/tunisie\/2016\/01\/08\/anniversaire-il-y-a-5-ans-thala-se-soulevait-contre-ben-ali\/"},"wordCount":709,"commentCount":0,"publisher":{"@id":"https:\/\/kapitalis.com\/tunisie\/#organization"},"image":{"@id":"https:\/\/kapitalis.com\/tunisie\/2016\/01\/08\/anniversaire-il-y-a-5-ans-thala-se-soulevait-contre-ben-ali\/#primaryimage"},"thumbnailUrl":"","keywords":["arm\u00e9e","Kef","martyrs","r\u00e9volution","Thala","Tribunal militaire"],"articleSection":["A LA UNE","TRIBUNE","Tunisie"],"inLanguage":"fr-FR","potentialAction":[{"@type":"CommentAction","name":"Comment","target":["https:\/\/kapitalis.com\/tunisie\/2016\/01\/08\/anniversaire-il-y-a-5-ans-thala-se-soulevait-contre-ben-ali\/#respond"]}]},{"@type":"WebPage","@id":"https:\/\/kapitalis.com\/tunisie\/2016\/01\/08\/anniversaire-il-y-a-5-ans-thala-se-soulevait-contre-ben-ali\/","url":"https:\/\/kapitalis.com\/tunisie\/2016\/01\/08\/anniversaire-il-y-a-5-ans-thala-se-soulevait-contre-ben-ali\/","name":"Anniversaire : Il y a 5 ans, Thala se soulevait contre Ben Ali - Kapitalis","isPartOf":{"@id":"https:\/\/kapitalis.com\/tunisie\/#website"},"primaryImageOfPage":{"@id":"https:\/\/kapitalis.com\/tunisie\/2016\/01\/08\/anniversaire-il-y-a-5-ans-thala-se-soulevait-contre-ben-ali\/#primaryimage"},"image":{"@id":"https:\/\/kapitalis.com\/tunisie\/2016\/01\/08\/anniversaire-il-y-a-5-ans-thala-se-soulevait-contre-ben-ali\/#primaryimage"},"thumbnailUrl":"","datePublished":"2016-01-08T10:00:03+00:00","breadcrumb":{"@id":"https:\/\/kapitalis.com\/tunisie\/2016\/01\/08\/anniversaire-il-y-a-5-ans-thala-se-soulevait-contre-ben-ali\/#breadcrumb"},"inLanguage":"fr-FR","potentialAction":[{"@type":"ReadAction","target":["https:\/\/kapitalis.com\/tunisie\/2016\/01\/08\/anniversaire-il-y-a-5-ans-thala-se-soulevait-contre-ben-ali\/"]}]},{"@type":"ImageObject","inLanguage":"fr-FR","@id":"https:\/\/kapitalis.com\/tunisie\/2016\/01\/08\/anniversaire-il-y-a-5-ans-thala-se-soulevait-contre-ben-ali\/#primaryimage","url":"","contentUrl":""},{"@type":"BreadcrumbList","@id":"https:\/\/kapitalis.com\/tunisie\/2016\/01\/08\/anniversaire-il-y-a-5-ans-thala-se-soulevait-contre-ben-ali\/#breadcrumb","itemListElement":[{"@type":"ListItem","position":1,"name":"Accueil","item":"https:\/\/kapitalis.com\/tunisie\/"},{"@type":"ListItem","position":2,"name":"Anniversaire : Il y a 5 ans, Thala se soulevait contre Ben Ali"}]},{"@type":"WebSite","@id":"https:\/\/kapitalis.com\/tunisie\/#website","url":"https:\/\/kapitalis.com\/tunisie\/","name":"Kapitalis","description":"L&#039;actualit\u00e9 en Tunisie et dans le monde","publisher":{"@id":"https:\/\/kapitalis.com\/tunisie\/#organization"},"potentialAction":[{"@type":"SearchAction","target":{"@type":"EntryPoint","urlTemplate":"https:\/\/kapitalis.com\/tunisie\/?s={search_term_string}"},"query-input":{"@type":"PropertyValueSpecification","valueRequired":true,"valueName":"search_term_string"}}],"inLanguage":"fr-FR"},{"@type":"Organization","@id":"https:\/\/kapitalis.com\/tunisie\/#organization","name":"Kapitalis","url":"https:\/\/kapitalis.com\/tunisie\/","logo":{"@type":"ImageObject","inLanguage":"fr-FR","@id":"https:\/\/kapitalis.com\/tunisie\/#\/schema\/logo\/image\/","url":"https:\/\/kapitalis.com\/tunisie\/wp-content\/uploads\/2022\/05\/Kapitalis-big-size.png","contentUrl":"https:\/\/kapitalis.com\/tunisie\/wp-content\/uploads\/2022\/05\/Kapitalis-big-size.png","width":5000,"height":1500,"caption":"Kapitalis"},"image":{"@id":"https:\/\/kapitalis.com\/tunisie\/#\/schema\/logo\/image\/"},"sameAs":["https:\/\/www.facebook.com\/KapitalisInfo\/","https:\/\/x.com\/KapitalisInfo","https:\/\/www.youtube.com\/channel\/UC-yDYrHyfFBWWZaOw3FPg9Q"]},{"@type":"Person","@id":"https:\/\/kapitalis.com\/tunisie\/#\/schema\/person\/d71f33a9ca44f7bad4698210b480c8e9","name":"webmaster kapitalis","url":"https:\/\/kapitalis.com\/tunisie\/author\/webmaster-kapitalis\/"}]}},"_links":{"self":[{"href":"https:\/\/kapitalis.com\/tunisie\/wp-json\/wp\/v2\/posts\/33751","targetHints":{"allow":["GET"]}}],"collection":[{"href":"https:\/\/kapitalis.com\/tunisie\/wp-json\/wp\/v2\/posts"}],"about":[{"href":"https:\/\/kapitalis.com\/tunisie\/wp-json\/wp\/v2\/types\/post"}],"author":[{"embeddable":true,"href":"https:\/\/kapitalis.com\/tunisie\/wp-json\/wp\/v2\/users\/8"}],"replies":[{"embeddable":true,"href":"https:\/\/kapitalis.com\/tunisie\/wp-json\/wp\/v2\/comments?post=33751"}],"version-history":[{"count":0,"href":"https:\/\/kapitalis.com\/tunisie\/wp-json\/wp\/v2\/posts\/33751\/revisions"}],"wp:featuredmedia":[{"embeddable":true,"href":"https:\/\/kapitalis.com\/tunisie\/wp-json\/wp\/v2\/media\/33752"}],"wp:attachment":[{"href":"https:\/\/kapitalis.com\/tunisie\/wp-json\/wp\/v2\/media?parent=33751"}],"wp:term":[{"taxonomy":"category","embeddable":true,"href":"https:\/\/kapitalis.com\/tunisie\/wp-json\/wp\/v2\/categories?post=33751"},{"taxonomy":"post_tag","embeddable":true,"href":"https:\/\/kapitalis.com\/tunisie\/wp-json\/wp\/v2\/tags?post=33751"}],"curies":[{"name":"wp","href":"https:\/\/api.w.org\/{rel}","templated":true}]}}