{"id":337668,"date":"2021-02-24T17:09:45","date_gmt":"2021-02-24T16:09:45","guid":{"rendered":"http:\/\/kapitalis.com\/tunisie\/?p=337668"},"modified":"2021-02-24T19:47:14","modified_gmt":"2021-02-24T18:47:14","slug":"le-procureur-general-fait-appel-de-la-decision-de-liberation-sous-caution-de-nabil-karoui","status":"publish","type":"post","link":"https:\/\/kapitalis.com\/tunisie\/2021\/02\/24\/le-procureur-general-fait-appel-de-la-decision-de-liberation-sous-caution-de-nabil-karoui\/","title":{"rendered":"Le procureur g\u00e9n\u00e9ral fait appel de la d\u00e9cision de lib\u00e9ration sous caution de Nabil Karoui"},"content":{"rendered":"\n<figure class=\"wp-block-image size-large\"><img decoding=\"async\" src=\"http:\/\/kapitalis.com\/tunisie\/wp-content\/uploads\/2020\/08\/Nabil-Karoui.jpg\" alt=\"\" class=\"wp-image-311534\"\/><\/figure>\n\n\n\n<p><strong><em>Le procureur g\u00e9n\u00e9ral a d\u00e9cid\u00e9 de faire appel de la d\u00e9cision de lib\u00e9ration sous caution du pr\u00e9sident de Qalb Tounes, Nabil Karoui<\/em><\/strong><em><strong>, en d\u00e9tention depuis le24 d\u00e9cembre 2020, pour suspicion de blanchiment d\u2019argent et d\u2019\u00e9vasion fiscale<\/strong><\/em><\/p>\n\n\n\n<!--more-->\n\n\n\n<p>C&rsquo;est ce qu&rsquo;a annonc\u00e9 le substitut du procureur g\u00e9n\u00e9ral aupr\u00e8s de la cour d\u2019appel, Habib Torkhani, dans une declaration, ce mercredi 24 f\u00e9vrier 2021, \u00e0 Mosa\u00efque FM.<\/p>\n\n\n\n<p>Rappelons que le juge d\u2019instruction aupr\u00e8s du P\u00f4le judiciaire \u00e9conomique et financier a d\u00e9cid\u00e9, ce matin, de lib\u00e9rer provisoirement Nabil Karoui, contre une caution financi\u00e8re de 10 millions de dinars.<\/p>\n\n\n\n<p class=\"has-text-align-right\"><strong>Y. N.<\/strong><\/p>\n\n\n\n<figure class=\"wp-block-embed is-type-wp-embed is-provider-kapitalis wp-block-embed-kapitalis\"><div class=\"wp-block-embed__wrapper\">\n<blockquote class=\"wp-embedded-content\" data-secret=\"sBkyicw89p\"><a href=\"https:\/\/kapitalis.com\/tunisie\/2021\/02\/24\/oussama-khlifi-commente-la-decision-de-liberation-de-nabil-karoui\/\">Oussama Khlifi commente la d\u00e9cision de lib\u00e9ration de Nabil Karoui<\/a><\/blockquote><iframe loading=\"lazy\" class=\"wp-embedded-content\" sandbox=\"allow-scripts\" security=\"restricted\" style=\"position: absolute; clip: rect(1px, 1px, 1px, 1px);\" title=\"\u00ab\u00a0Oussama Khlifi commente la d\u00e9cision de lib\u00e9ration de Nabil Karoui\u00a0\u00bb &#8212; Kapitalis\" src=\"https:\/\/kapitalis.com\/tunisie\/2021\/02\/24\/oussama-khlifi-commente-la-decision-de-liberation-de-nabil-karoui\/embed\/#?secret=x1HW3ekuwt#?secret=sBkyicw89p\" data-secret=\"sBkyicw89p\" width=\"600\" height=\"338\" frameborder=\"0\" marginwidth=\"0\" marginheight=\"0\" scrolling=\"no\"><\/iframe>\n<\/div><\/figure>\n\n\n\n<figure class=\"wp-block-embed is-type-wp-embed is-provider-kapitalis wp-block-embed-kapitalis\"><div class=\"wp-block-embed__wrapper\">\n<blockquote class=\"wp-embedded-content\" data-secret=\"lPDk2OveGP\"><a href=\"https:\/\/kapitalis.com\/tunisie\/2021\/02\/24\/liberation-de-nabil-karoui-precisions-du-substitut-du-procureur-de-la-republique\/\">Lib\u00e9ration de Nabil Karoui : Pr\u00e9cisions du substitut du procureur de la r\u00e9publique<\/a><\/blockquote><iframe loading=\"lazy\" class=\"wp-embedded-content\" sandbox=\"allow-scripts\" security=\"restricted\" style=\"position: absolute; clip: rect(1px, 1px, 1px, 1px);\" title=\"\u00ab\u00a0Lib\u00e9ration de Nabil Karoui : Pr\u00e9cisions du substitut du procureur de la r\u00e9publique\u00a0\u00bb &#8212; Kapitalis\" src=\"https:\/\/kapitalis.com\/tunisie\/2021\/02\/24\/liberation-de-nabil-karoui-precisions-du-substitut-du-procureur-de-la-republique\/embed\/#?secret=cuvThdwWcT#?secret=lPDk2OveGP\" data-secret=\"lPDk2OveGP\" width=\"600\" height=\"338\" frameborder=\"0\" marginwidth=\"0\" marginheight=\"0\" scrolling=\"no\"><\/iframe>\n<\/div><\/figure>\n","protected":false},"excerpt":{"rendered":"<p>Le procureur g\u00e9n\u00e9ral a d\u00e9cid\u00e9 de faire appel de la d\u00e9cision de lib\u00e9ration sous caution du pr\u00e9sident de Qalb Tounes, Nabil Karoui, en d\u00e9tention depuis le24 d\u00e9cembre 2020, pour suspicion de blanchiment d\u2019argent et d\u2019\u00e9vasion fiscale<\/p>\n","protected":false},"author":6,"featured_media":0,"comment_status":"open","ping_status":"open","sticky":false,"template":"","format":"standard","meta":{"footnotes":""},"categories":[997,2433],"tags":[87805,64471,27748,651,85022,61989],"class_list":["post-337668","post","type-post","status-publish","format-standard","hentry","category-politique","category-tunisie","tag-caution","tag-corruption","tag-liberation-provisoire","tag-nabil-karoui","tag-procureur-general","tag-qalb-tounes"],"yoast_head":"<!-- This site is optimized with the Yoast SEO plugin v26.6 - https:\/\/yoast.com\/wordpress\/plugins\/seo\/ -->\n<title>Le procureur g\u00e9n\u00e9ral fait appel de la d\u00e9cision de lib\u00e9ration sous caution de Nabil Karoui - Kapitalis<\/title>\n<meta name=\"robots\" content=\"index, follow, max-snippet:-1, max-image-preview:large, max-video-preview:-1\" \/>\n<link rel=\"canonical\" href=\"https:\/\/kapitalis.com\/tunisie\/2021\/02\/24\/le-procureur-general-fait-appel-de-la-decision-de-liberation-sous-caution-de-nabil-karoui\/\" \/>\n<meta property=\"og:locale\" content=\"fr_FR\" \/>\n<meta property=\"og:type\" content=\"article\" \/>\n<meta property=\"og:title\" content=\"Le procureur g\u00e9n\u00e9ral fait appel de la d\u00e9cision de lib\u00e9ration sous caution de Nabil Karoui - Kapitalis\" \/>\n<meta property=\"og:description\" content=\"Le procureur g\u00e9n\u00e9ral a d\u00e9cid\u00e9 de faire appel de la d\u00e9cision de lib\u00e9ration sous caution du pr\u00e9sident de Qalb Tounes, Nabil Karoui, en d\u00e9tention depuis le24 d\u00e9cembre 2020, pour suspicion de blanchiment d\u2019argent et d\u2019\u00e9vasion fiscale\" \/>\n<meta property=\"og:url\" content=\"https:\/\/kapitalis.com\/tunisie\/2021\/02\/24\/le-procureur-general-fait-appel-de-la-decision-de-liberation-sous-caution-de-nabil-karoui\/\" \/>\n<meta property=\"og:site_name\" content=\"Kapitalis\" \/>\n<meta property=\"article:publisher\" content=\"https:\/\/www.facebook.com\/KapitalisInfo\/\" \/>\n<meta property=\"article:published_time\" content=\"2021-02-24T16:09:45+00:00\" \/>\n<meta property=\"article:modified_time\" content=\"2021-02-24T18:47:14+00:00\" \/>\n<meta property=\"og:image\" content=\"http:\/\/kapitalis.com\/tunisie\/wp-content\/uploads\/2020\/08\/Nabil-Karoui.jpg\" \/>\n<meta name=\"author\" content=\"Yusra NY\" \/>\n<meta name=\"twitter:card\" content=\"summary_large_image\" \/>\n<meta name=\"twitter:creator\" content=\"@KapitalisInfo\" \/>\n<meta name=\"twitter:site\" content=\"@KapitalisInfo\" \/>\n<meta name=\"twitter:label1\" content=\"\u00c9crit par\" \/>\n\t<meta name=\"twitter:data1\" content=\"Yusra NY\" \/>\n\t<meta name=\"twitter:label2\" content=\"Dur\u00e9e de lecture estim\u00e9e\" \/>\n\t<meta name=\"twitter:data2\" content=\"1 minute\" \/>\n<script type=\"application\/ld+json\" class=\"yoast-schema-graph\">{\"@context\":\"https:\/\/schema.org\",\"@graph\":[{\"@type\":\"Article\",\"@id\":\"https:\/\/kapitalis.com\/tunisie\/2021\/02\/24\/le-procureur-general-fait-appel-de-la-decision-de-liberation-sous-caution-de-nabil-karoui\/#article\",\"isPartOf\":{\"@id\":\"https:\/\/kapitalis.com\/tunisie\/2021\/02\/24\/le-procureur-general-fait-appel-de-la-decision-de-liberation-sous-caution-de-nabil-karoui\/\"},\"author\":{\"name\":\"Yusra NY\",\"@id\":\"https:\/\/kapitalis.com\/tunisie\/#\/schema\/person\/74bbde0154d49d790a92aaeac5bc01d5\"},\"headline\":\"Le procureur g\u00e9n\u00e9ral fait appel de la d\u00e9cision de lib\u00e9ration sous caution de Nabil Karoui\",\"datePublished\":\"2021-02-24T16:09:45+00:00\",\"dateModified\":\"2021-02-24T18:47:14+00:00\",\"mainEntityOfPage\":{\"@id\":\"https:\/\/kapitalis.com\/tunisie\/2021\/02\/24\/le-procureur-general-fait-appel-de-la-decision-de-liberation-sous-caution-de-nabil-karoui\/\"},\"wordCount\":141,\"commentCount\":4,\"publisher\":{\"@id\":\"https:\/\/kapitalis.com\/tunisie\/#organization\"},\"image\":{\"@id\":\"https:\/\/kapitalis.com\/tunisie\/2021\/02\/24\/le-procureur-general-fait-appel-de-la-decision-de-liberation-sous-caution-de-nabil-karoui\/#primaryimage\"},\"thumbnailUrl\":\"http:\/\/kapitalis.com\/tunisie\/wp-content\/uploads\/2020\/08\/Nabil-Karoui.jpg\",\"keywords\":[\"caution\",\"corruption\",\"lib\u00e9ration provisoire\",\"Nabil Karoui\",\"procureur g\u00e9n\u00e9ral\",\"Qalb Tounes\"],\"articleSection\":[\"POLITIQUE\",\"Tunisie\"],\"inLanguage\":\"fr-FR\",\"potentialAction\":[{\"@type\":\"CommentAction\",\"name\":\"Comment\",\"target\":[\"https:\/\/kapitalis.com\/tunisie\/2021\/02\/24\/le-procureur-general-fait-appel-de-la-decision-de-liberation-sous-caution-de-nabil-karoui\/#respond\"]}]},{\"@type\":\"WebPage\",\"@id\":\"https:\/\/kapitalis.com\/tunisie\/2021\/02\/24\/le-procureur-general-fait-appel-de-la-decision-de-liberation-sous-caution-de-nabil-karoui\/\",\"url\":\"https:\/\/kapitalis.com\/tunisie\/2021\/02\/24\/le-procureur-general-fait-appel-de-la-decision-de-liberation-sous-caution-de-nabil-karoui\/\",\"name\":\"Le procureur g\u00e9n\u00e9ral fait appel de la d\u00e9cision de lib\u00e9ration sous caution de Nabil Karoui - Kapitalis\",\"isPartOf\":{\"@id\":\"https:\/\/kapitalis.com\/tunisie\/#website\"},\"primaryImageOfPage\":{\"@id\":\"https:\/\/kapitalis.com\/tunisie\/2021\/02\/24\/le-procureur-general-fait-appel-de-la-decision-de-liberation-sous-caution-de-nabil-karoui\/#primaryimage\"},\"image\":{\"@id\":\"https:\/\/kapitalis.com\/tunisie\/2021\/02\/24\/le-procureur-general-fait-appel-de-la-decision-de-liberation-sous-caution-de-nabil-karoui\/#primaryimage\"},\"thumbnailUrl\":\"http:\/\/kapitalis.com\/tunisie\/wp-content\/uploads\/2020\/08\/Nabil-Karoui.jpg\",\"datePublished\":\"2021-02-24T16:09:45+00:00\",\"dateModified\":\"2021-02-24T18:47:14+00:00\",\"breadcrumb\":{\"@id\":\"https:\/\/kapitalis.com\/tunisie\/2021\/02\/24\/le-procureur-general-fait-appel-de-la-decision-de-liberation-sous-caution-de-nabil-karoui\/#breadcrumb\"},\"inLanguage\":\"fr-FR\",\"potentialAction\":[{\"@type\":\"ReadAction\",\"target\":[\"https:\/\/kapitalis.com\/tunisie\/2021\/02\/24\/le-procureur-general-fait-appel-de-la-decision-de-liberation-sous-caution-de-nabil-karoui\/\"]}]},{\"@type\":\"ImageObject\",\"inLanguage\":\"fr-FR\",\"@id\":\"https:\/\/kapitalis.com\/tunisie\/2021\/02\/24\/le-procureur-general-fait-appel-de-la-decision-de-liberation-sous-caution-de-nabil-karoui\/#primaryimage\",\"url\":\"\",\"contentUrl\":\"\"},{\"@type\":\"BreadcrumbList\",\"@id\":\"https:\/\/kapitalis.com\/tunisie\/2021\/02\/24\/le-procureur-general-fait-appel-de-la-decision-de-liberation-sous-caution-de-nabil-karoui\/#breadcrumb\",\"itemListElement\":[{\"@type\":\"ListItem\",\"position\":1,\"name\":\"Accueil\",\"item\":\"https:\/\/kapitalis.com\/tunisie\/\"},{\"@type\":\"ListItem\",\"position\":2,\"name\":\"Le procureur g\u00e9n\u00e9ral fait appel de la d\u00e9cision de lib\u00e9ration sous caution de Nabil Karoui\"}]},{\"@type\":\"WebSite\",\"@id\":\"https:\/\/kapitalis.com\/tunisie\/#website\",\"url\":\"https:\/\/kapitalis.com\/tunisie\/\",\"name\":\"Kapitalis\",\"description\":\"L&#039;actualit\u00e9 en Tunisie et dans le monde\",\"publisher\":{\"@id\":\"https:\/\/kapitalis.com\/tunisie\/#organization\"},\"potentialAction\":[{\"@type\":\"SearchAction\",\"target\":{\"@type\":\"EntryPoint\",\"urlTemplate\":\"https:\/\/kapitalis.com\/tunisie\/?s={search_term_string}\"},\"query-input\":{\"@type\":\"PropertyValueSpecification\",\"valueRequired\":true,\"valueName\":\"search_term_string\"}}],\"inLanguage\":\"fr-FR\"},{\"@type\":\"Organization\",\"@id\":\"https:\/\/kapitalis.com\/tunisie\/#organization\",\"name\":\"Kapitalis\",\"url\":\"https:\/\/kapitalis.com\/tunisie\/\",\"logo\":{\"@type\":\"ImageObject\",\"inLanguage\":\"fr-FR\",\"@id\":\"https:\/\/kapitalis.com\/tunisie\/#\/schema\/logo\/image\/\",\"url\":\"https:\/\/kapitalis.com\/tunisie\/wp-content\/uploads\/2022\/05\/Kapitalis-big-size.png\",\"contentUrl\":\"https:\/\/kapitalis.com\/tunisie\/wp-content\/uploads\/2022\/05\/Kapitalis-big-size.png\",\"width\":5000,\"height\":1500,\"caption\":\"Kapitalis\"},\"image\":{\"@id\":\"https:\/\/kapitalis.com\/tunisie\/#\/schema\/logo\/image\/\"},\"sameAs\":[\"https:\/\/www.facebook.com\/KapitalisInfo\/\",\"https:\/\/x.com\/KapitalisInfo\",\"https:\/\/www.youtube.com\/channel\/UC-yDYrHyfFBWWZaOw3FPg9Q\"]},{\"@type\":\"Person\",\"@id\":\"https:\/\/kapitalis.com\/tunisie\/#\/schema\/person\/74bbde0154d49d790a92aaeac5bc01d5\",\"name\":\"Yusra NY\",\"url\":\"https:\/\/kapitalis.com\/tunisie\/author\/yuza_adam\/\"}]}<\/script>\n<!-- \/ Yoast SEO plugin. -->","yoast_head_json":{"title":"Le procureur g\u00e9n\u00e9ral fait appel de la d\u00e9cision de lib\u00e9ration sous caution de Nabil Karoui - Kapitalis","robots":{"index":"index","follow":"follow","max-snippet":"max-snippet:-1","max-image-preview":"max-image-preview:large","max-video-preview":"max-video-preview:-1"},"canonical":"https:\/\/kapitalis.com\/tunisie\/2021\/02\/24\/le-procureur-general-fait-appel-de-la-decision-de-liberation-sous-caution-de-nabil-karoui\/","og_locale":"fr_FR","og_type":"article","og_title":"Le procureur g\u00e9n\u00e9ral fait appel de la d\u00e9cision de lib\u00e9ration sous caution de Nabil Karoui - Kapitalis","og_description":"Le procureur g\u00e9n\u00e9ral a d\u00e9cid\u00e9 de faire appel de la d\u00e9cision de lib\u00e9ration sous caution du pr\u00e9sident de Qalb Tounes, Nabil Karoui, en d\u00e9tention depuis le24 d\u00e9cembre 2020, pour suspicion de blanchiment d\u2019argent et d\u2019\u00e9vasion fiscale","og_url":"https:\/\/kapitalis.com\/tunisie\/2021\/02\/24\/le-procureur-general-fait-appel-de-la-decision-de-liberation-sous-caution-de-nabil-karoui\/","og_site_name":"Kapitalis","article_publisher":"https:\/\/www.facebook.com\/KapitalisInfo\/","article_published_time":"2021-02-24T16:09:45+00:00","article_modified_time":"2021-02-24T18:47:14+00:00","og_image":[{"url":"http:\/\/kapitalis.com\/tunisie\/wp-content\/uploads\/2020\/08\/Nabil-Karoui.jpg","type":"","width":"","height":""}],"author":"Yusra NY","twitter_card":"summary_large_image","twitter_creator":"@KapitalisInfo","twitter_site":"@KapitalisInfo","twitter_misc":{"\u00c9crit par":"Yusra NY","Dur\u00e9e de lecture estim\u00e9e":"1 minute"},"schema":{"@context":"https:\/\/schema.org","@graph":[{"@type":"Article","@id":"https:\/\/kapitalis.com\/tunisie\/2021\/02\/24\/le-procureur-general-fait-appel-de-la-decision-de-liberation-sous-caution-de-nabil-karoui\/#article","isPartOf":{"@id":"https:\/\/kapitalis.com\/tunisie\/2021\/02\/24\/le-procureur-general-fait-appel-de-la-decision-de-liberation-sous-caution-de-nabil-karoui\/"},"author":{"name":"Yusra NY","@id":"https:\/\/kapitalis.com\/tunisie\/#\/schema\/person\/74bbde0154d49d790a92aaeac5bc01d5"},"headline":"Le procureur g\u00e9n\u00e9ral fait appel de la d\u00e9cision de lib\u00e9ration sous caution de Nabil Karoui","datePublished":"2021-02-24T16:09:45+00:00","dateModified":"2021-02-24T18:47:14+00:00","mainEntityOfPage":{"@id":"https:\/\/kapitalis.com\/tunisie\/2021\/02\/24\/le-procureur-general-fait-appel-de-la-decision-de-liberation-sous-caution-de-nabil-karoui\/"},"wordCount":141,"commentCount":4,"publisher":{"@id":"https:\/\/kapitalis.com\/tunisie\/#organization"},"image":{"@id":"https:\/\/kapitalis.com\/tunisie\/2021\/02\/24\/le-procureur-general-fait-appel-de-la-decision-de-liberation-sous-caution-de-nabil-karoui\/#primaryimage"},"thumbnailUrl":"http:\/\/kapitalis.com\/tunisie\/wp-content\/uploads\/2020\/08\/Nabil-Karoui.jpg","keywords":["caution","corruption","lib\u00e9ration provisoire","Nabil Karoui","procureur g\u00e9n\u00e9ral","Qalb Tounes"],"articleSection":["POLITIQUE","Tunisie"],"inLanguage":"fr-FR","potentialAction":[{"@type":"CommentAction","name":"Comment","target":["https:\/\/kapitalis.com\/tunisie\/2021\/02\/24\/le-procureur-general-fait-appel-de-la-decision-de-liberation-sous-caution-de-nabil-karoui\/#respond"]}]},{"@type":"WebPage","@id":"https:\/\/kapitalis.com\/tunisie\/2021\/02\/24\/le-procureur-general-fait-appel-de-la-decision-de-liberation-sous-caution-de-nabil-karoui\/","url":"https:\/\/kapitalis.com\/tunisie\/2021\/02\/24\/le-procureur-general-fait-appel-de-la-decision-de-liberation-sous-caution-de-nabil-karoui\/","name":"Le procureur g\u00e9n\u00e9ral fait appel de la d\u00e9cision de lib\u00e9ration sous caution de Nabil Karoui - Kapitalis","isPartOf":{"@id":"https:\/\/kapitalis.com\/tunisie\/#website"},"primaryImageOfPage":{"@id":"https:\/\/kapitalis.com\/tunisie\/2021\/02\/24\/le-procureur-general-fait-appel-de-la-decision-de-liberation-sous-caution-de-nabil-karoui\/#primaryimage"},"image":{"@id":"https:\/\/kapitalis.com\/tunisie\/2021\/02\/24\/le-procureur-general-fait-appel-de-la-decision-de-liberation-sous-caution-de-nabil-karoui\/#primaryimage"},"thumbnailUrl":"http:\/\/kapitalis.com\/tunisie\/wp-content\/uploads\/2020\/08\/Nabil-Karoui.jpg","datePublished":"2021-02-24T16:09:45+00:00","dateModified":"2021-02-24T18:47:14+00:00","breadcrumb":{"@id":"https:\/\/kapitalis.com\/tunisie\/2021\/02\/24\/le-procureur-general-fait-appel-de-la-decision-de-liberation-sous-caution-de-nabil-karoui\/#breadcrumb"},"inLanguage":"fr-FR","potentialAction":[{"@type":"ReadAction","target":["https:\/\/kapitalis.com\/tunisie\/2021\/02\/24\/le-procureur-general-fait-appel-de-la-decision-de-liberation-sous-caution-de-nabil-karoui\/"]}]},{"@type":"ImageObject","inLanguage":"fr-FR","@id":"https:\/\/kapitalis.com\/tunisie\/2021\/02\/24\/le-procureur-general-fait-appel-de-la-decision-de-liberation-sous-caution-de-nabil-karoui\/#primaryimage","url":"","contentUrl":""},{"@type":"BreadcrumbList","@id":"https:\/\/kapitalis.com\/tunisie\/2021\/02\/24\/le-procureur-general-fait-appel-de-la-decision-de-liberation-sous-caution-de-nabil-karoui\/#breadcrumb","itemListElement":[{"@type":"ListItem","position":1,"name":"Accueil","item":"https:\/\/kapitalis.com\/tunisie\/"},{"@type":"ListItem","position":2,"name":"Le procureur g\u00e9n\u00e9ral fait appel de la d\u00e9cision de lib\u00e9ration sous caution de Nabil Karoui"}]},{"@type":"WebSite","@id":"https:\/\/kapitalis.com\/tunisie\/#website","url":"https:\/\/kapitalis.com\/tunisie\/","name":"Kapitalis","description":"L&#039;actualit\u00e9 en Tunisie et dans le monde","publisher":{"@id":"https:\/\/kapitalis.com\/tunisie\/#organization"},"potentialAction":[{"@type":"SearchAction","target":{"@type":"EntryPoint","urlTemplate":"https:\/\/kapitalis.com\/tunisie\/?s={search_term_string}"},"query-input":{"@type":"PropertyValueSpecification","valueRequired":true,"valueName":"search_term_string"}}],"inLanguage":"fr-FR"},{"@type":"Organization","@id":"https:\/\/kapitalis.com\/tunisie\/#organization","name":"Kapitalis","url":"https:\/\/kapitalis.com\/tunisie\/","logo":{"@type":"ImageObject","inLanguage":"fr-FR","@id":"https:\/\/kapitalis.com\/tunisie\/#\/schema\/logo\/image\/","url":"https:\/\/kapitalis.com\/tunisie\/wp-content\/uploads\/2022\/05\/Kapitalis-big-size.png","contentUrl":"https:\/\/kapitalis.com\/tunisie\/wp-content\/uploads\/2022\/05\/Kapitalis-big-size.png","width":5000,"height":1500,"caption":"Kapitalis"},"image":{"@id":"https:\/\/kapitalis.com\/tunisie\/#\/schema\/logo\/image\/"},"sameAs":["https:\/\/www.facebook.com\/KapitalisInfo\/","https:\/\/x.com\/KapitalisInfo","https:\/\/www.youtube.com\/channel\/UC-yDYrHyfFBWWZaOw3FPg9Q"]},{"@type":"Person","@id":"https:\/\/kapitalis.com\/tunisie\/#\/schema\/person\/74bbde0154d49d790a92aaeac5bc01d5","name":"Yusra NY","url":"https:\/\/kapitalis.com\/tunisie\/author\/yuza_adam\/"}]}},"_links":{"self":[{"href":"https:\/\/kapitalis.com\/tunisie\/wp-json\/wp\/v2\/posts\/337668","targetHints":{"allow":["GET"]}}],"collection":[{"href":"https:\/\/kapitalis.com\/tunisie\/wp-json\/wp\/v2\/posts"}],"about":[{"href":"https:\/\/kapitalis.com\/tunisie\/wp-json\/wp\/v2\/types\/post"}],"author":[{"embeddable":true,"href":"https:\/\/kapitalis.com\/tunisie\/wp-json\/wp\/v2\/users\/6"}],"replies":[{"embeddable":true,"href":"https:\/\/kapitalis.com\/tunisie\/wp-json\/wp\/v2\/comments?post=337668"}],"version-history":[{"count":0,"href":"https:\/\/kapitalis.com\/tunisie\/wp-json\/wp\/v2\/posts\/337668\/revisions"}],"wp:attachment":[{"href":"https:\/\/kapitalis.com\/tunisie\/wp-json\/wp\/v2\/media?parent=337668"}],"wp:term":[{"taxonomy":"category","embeddable":true,"href":"https:\/\/kapitalis.com\/tunisie\/wp-json\/wp\/v2\/categories?post=337668"},{"taxonomy":"post_tag","embeddable":true,"href":"https:\/\/kapitalis.com\/tunisie\/wp-json\/wp\/v2\/tags?post=337668"}],"curies":[{"name":"wp","href":"https:\/\/api.w.org\/{rel}","templated":true}]}}