{"id":337729,"date":"2021-02-25T11:58:14","date_gmt":"2021-02-25T10:58:14","guid":{"rendered":"http:\/\/kapitalis.com\/tunisie\/?p=337729"},"modified":"2021-02-25T11:58:16","modified_gmt":"2021-02-25T10:58:16","slug":"rencontre-a-ras-jebel-lart-rempart-contre-les-extremismes","status":"publish","type":"post","link":"https:\/\/kapitalis.com\/tunisie\/2021\/02\/25\/rencontre-a-ras-jebel-lart-rempart-contre-les-extremismes\/","title":{"rendered":"Rencontre \u00e0 Ras Jebel : \u00abL\u2019art rempart contre les extr\u00e9mismes\u00bb"},"content":{"rendered":"\n<figure class=\"wp-block-image size-large\"><img decoding=\"async\" src=\"http:\/\/kapitalis.com\/tunisie\/wp-content\/uploads\/2021\/02\/Art-Rempart-contre-extremismes-Ras-Jebel.jpg\" alt=\"\" class=\"wp-image-337732\"\/><\/figure>\n\n\n\n<p><strong><em>L\u2019association Citoyennet\u00e9, d\u00e9veloppement, cultures et migrations des 2 rives (CDCMIR) organise, le samedi 27 et le dimanche 28 f\u00e9vrier 2021, \u00e0 la Maison des jeunes de Ras Jebel, gouvernorat de Bizerte, un \u00e9v\u00e9nement intitul\u00e9 \u00abL\u2019art rempart contre les extr\u00e9mismes\u00bb.<\/em><\/strong><\/p>\n\n\n\n<!--more-->\n\n\n\n<p>Cet \u00e9v\u00e9nement socioculturel est organis\u00e9 dans le cadre du projet<em> \u00abJeunesse active pour une soci\u00e9t\u00e9 active capable de promouvoir l\u2019employabilit\u00e9 et l\u2019inclusion\u00bb<\/em> (Jasmin), en collaboration avec les associations CEFA et CCDE et le soutien financier de l\u2019Agence italienne de coop\u00e9ration au d\u00e9veloppement (AICS) et la r\u00e9gion Emilia Romagna.<\/p>\n\n\n\n<p>On annonce la participation de l\u2019\u00e9crivaine et enseignante universitaire Faten Mbarek, le chercheur en sociologie Soufienne Jaballah, le DJ Jasser Weslati, et le com\u00e9dien Ghassen Mlayki. Au programme, en plus du d\u00e9bat, des interm\u00e8des musicaux et th\u00e9\u00e2traux.<\/p>\n","protected":false},"excerpt":{"rendered":"<p>L\u2019association Citoyennet\u00e9, d\u00e9veloppement, cultures et migrations des 2 rives (CDCMIR) organise, le samedi 27 et le dimanche 28 f\u00e9vrier 2021, \u00e0 la Maison des jeunes de Ras Jebel, gouvernorat de Bizerte, un \u00e9v\u00e9nement intitul\u00e9 \u00abL\u2019art rempart contre les extr\u00e9mismes\u00bb.<\/p>\n","protected":false},"author":8,"featured_media":337732,"comment_status":"open","ping_status":"open","sticky":false,"template":"","format":"standard","meta":{"footnotes":""},"categories":[1],"tags":[64964,87837,148,87831,87835,87833,87832,87836,765,87834],"class_list":["post-337729","post","type-post","status-publish","format-standard","has-post-thumbnail","hentry","category-non-classe","tag-aics","tag-association-cdcmir","tag-bizerte","tag-emilia-romagna","tag-faten-mbarek","tag-ghassen-mlayki","tag-jasser-weslati","tag-projet-jasmin","tag-ras-jebel","tag-soufienne-jaballah"],"yoast_head":"<!-- This site is optimized with the Yoast SEO plugin v26.6 - https:\/\/yoast.com\/wordpress\/plugins\/seo\/ -->\n<title>Rencontre \u00e0 Ras Jebel : \u00abL\u2019art rempart contre les extr\u00e9mismes\u00bb - Kapitalis<\/title>\n<meta name=\"robots\" content=\"index, follow, max-snippet:-1, max-image-preview:large, max-video-preview:-1\" \/>\n<link rel=\"canonical\" href=\"https:\/\/kapitalis.com\/tunisie\/2021\/02\/25\/rencontre-a-ras-jebel-lart-rempart-contre-les-extremismes\/\" \/>\n<meta property=\"og:locale\" content=\"fr_FR\" \/>\n<meta property=\"og:type\" content=\"article\" \/>\n<meta property=\"og:title\" content=\"Rencontre \u00e0 Ras Jebel : \u00abL\u2019art rempart contre les extr\u00e9mismes\u00bb - Kapitalis\" \/>\n<meta property=\"og:description\" content=\"L\u2019association Citoyennet\u00e9, d\u00e9veloppement, cultures et migrations des 2 rives (CDCMIR) organise, le samedi 27 et le dimanche 28 f\u00e9vrier 2021, \u00e0 la Maison des jeunes de Ras Jebel, gouvernorat de Bizerte, un \u00e9v\u00e9nement intitul\u00e9 \u00abL\u2019art rempart contre les extr\u00e9mismes\u00bb.\" \/>\n<meta property=\"og:url\" content=\"https:\/\/kapitalis.com\/tunisie\/2021\/02\/25\/rencontre-a-ras-jebel-lart-rempart-contre-les-extremismes\/\" \/>\n<meta property=\"og:site_name\" content=\"Kapitalis\" \/>\n<meta property=\"article:publisher\" content=\"https:\/\/www.facebook.com\/KapitalisInfo\/\" \/>\n<meta property=\"article:published_time\" content=\"2021-02-25T10:58:14+00:00\" \/>\n<meta property=\"article:modified_time\" content=\"2021-02-25T10:58:16+00:00\" \/>\n<meta property=\"og:image\" content=\"https:\/\/kapitalis.com\/tunisie\/wp-content\/uploads\/2022\/05\/kapitalis-logo-fb.png\" \/>\n\t<meta property=\"og:image:width\" content=\"1200\" \/>\n\t<meta property=\"og:image:height\" content=\"630\" \/>\n\t<meta property=\"og:image:type\" content=\"image\/png\" \/>\n<meta name=\"author\" content=\"webmaster kapitalis\" \/>\n<meta name=\"twitter:card\" content=\"summary_large_image\" \/>\n<meta name=\"twitter:creator\" content=\"@KapitalisInfo\" \/>\n<meta name=\"twitter:site\" content=\"@KapitalisInfo\" \/>\n<meta name=\"twitter:label1\" content=\"\u00c9crit par\" \/>\n\t<meta name=\"twitter:data1\" content=\"webmaster kapitalis\" \/>\n\t<meta name=\"twitter:label2\" content=\"Dur\u00e9e de lecture estim\u00e9e\" \/>\n\t<meta name=\"twitter:data2\" content=\"1 minute\" \/>\n<script type=\"application\/ld+json\" class=\"yoast-schema-graph\">{\"@context\":\"https:\/\/schema.org\",\"@graph\":[{\"@type\":\"Article\",\"@id\":\"https:\/\/kapitalis.com\/tunisie\/2021\/02\/25\/rencontre-a-ras-jebel-lart-rempart-contre-les-extremismes\/#article\",\"isPartOf\":{\"@id\":\"https:\/\/kapitalis.com\/tunisie\/2021\/02\/25\/rencontre-a-ras-jebel-lart-rempart-contre-les-extremismes\/\"},\"author\":{\"name\":\"webmaster kapitalis\",\"@id\":\"https:\/\/kapitalis.com\/tunisie\/#\/schema\/person\/d71f33a9ca44f7bad4698210b480c8e9\"},\"headline\":\"Rencontre \u00e0 Ras Jebel : \u00abL\u2019art rempart contre les extr\u00e9mismes\u00bb\",\"datePublished\":\"2021-02-25T10:58:14+00:00\",\"dateModified\":\"2021-02-25T10:58:16+00:00\",\"mainEntityOfPage\":{\"@id\":\"https:\/\/kapitalis.com\/tunisie\/2021\/02\/25\/rencontre-a-ras-jebel-lart-rempart-contre-les-extremismes\/\"},\"wordCount\":148,\"commentCount\":0,\"publisher\":{\"@id\":\"https:\/\/kapitalis.com\/tunisie\/#organization\"},\"image\":{\"@id\":\"https:\/\/kapitalis.com\/tunisie\/2021\/02\/25\/rencontre-a-ras-jebel-lart-rempart-contre-les-extremismes\/#primaryimage\"},\"thumbnailUrl\":\"\",\"keywords\":[\"AICS\",\"association CDCMIR\",\"Bizerte\",\"Emilia Romagna\",\"Faten Mbarek\",\"Ghassen Mlayki\",\"Jasser Weslati\",\"projet Jasmin\",\"Ras Jebel\",\"Soufienne Jaballah\"],\"inLanguage\":\"fr-FR\",\"potentialAction\":[{\"@type\":\"CommentAction\",\"name\":\"Comment\",\"target\":[\"https:\/\/kapitalis.com\/tunisie\/2021\/02\/25\/rencontre-a-ras-jebel-lart-rempart-contre-les-extremismes\/#respond\"]}]},{\"@type\":\"WebPage\",\"@id\":\"https:\/\/kapitalis.com\/tunisie\/2021\/02\/25\/rencontre-a-ras-jebel-lart-rempart-contre-les-extremismes\/\",\"url\":\"https:\/\/kapitalis.com\/tunisie\/2021\/02\/25\/rencontre-a-ras-jebel-lart-rempart-contre-les-extremismes\/\",\"name\":\"Rencontre \u00e0 Ras Jebel : \u00abL\u2019art rempart contre les extr\u00e9mismes\u00bb - Kapitalis\",\"isPartOf\":{\"@id\":\"https:\/\/kapitalis.com\/tunisie\/#website\"},\"primaryImageOfPage\":{\"@id\":\"https:\/\/kapitalis.com\/tunisie\/2021\/02\/25\/rencontre-a-ras-jebel-lart-rempart-contre-les-extremismes\/#primaryimage\"},\"image\":{\"@id\":\"https:\/\/kapitalis.com\/tunisie\/2021\/02\/25\/rencontre-a-ras-jebel-lart-rempart-contre-les-extremismes\/#primaryimage\"},\"thumbnailUrl\":\"\",\"datePublished\":\"2021-02-25T10:58:14+00:00\",\"dateModified\":\"2021-02-25T10:58:16+00:00\",\"breadcrumb\":{\"@id\":\"https:\/\/kapitalis.com\/tunisie\/2021\/02\/25\/rencontre-a-ras-jebel-lart-rempart-contre-les-extremismes\/#breadcrumb\"},\"inLanguage\":\"fr-FR\",\"potentialAction\":[{\"@type\":\"ReadAction\",\"target\":[\"https:\/\/kapitalis.com\/tunisie\/2021\/02\/25\/rencontre-a-ras-jebel-lart-rempart-contre-les-extremismes\/\"]}]},{\"@type\":\"ImageObject\",\"inLanguage\":\"fr-FR\",\"@id\":\"https:\/\/kapitalis.com\/tunisie\/2021\/02\/25\/rencontre-a-ras-jebel-lart-rempart-contre-les-extremismes\/#primaryimage\",\"url\":\"\",\"contentUrl\":\"\"},{\"@type\":\"BreadcrumbList\",\"@id\":\"https:\/\/kapitalis.com\/tunisie\/2021\/02\/25\/rencontre-a-ras-jebel-lart-rempart-contre-les-extremismes\/#breadcrumb\",\"itemListElement\":[{\"@type\":\"ListItem\",\"position\":1,\"name\":\"Accueil\",\"item\":\"https:\/\/kapitalis.com\/tunisie\/\"},{\"@type\":\"ListItem\",\"position\":2,\"name\":\"Rencontre \u00e0 Ras Jebel : \u00abL\u2019art rempart contre les extr\u00e9mismes\u00bb\"}]},{\"@type\":\"WebSite\",\"@id\":\"https:\/\/kapitalis.com\/tunisie\/#website\",\"url\":\"https:\/\/kapitalis.com\/tunisie\/\",\"name\":\"Kapitalis\",\"description\":\"L&#039;actualit\u00e9 en Tunisie et dans le monde\",\"publisher\":{\"@id\":\"https:\/\/kapitalis.com\/tunisie\/#organization\"},\"potentialAction\":[{\"@type\":\"SearchAction\",\"target\":{\"@type\":\"EntryPoint\",\"urlTemplate\":\"https:\/\/kapitalis.com\/tunisie\/?s={search_term_string}\"},\"query-input\":{\"@type\":\"PropertyValueSpecification\",\"valueRequired\":true,\"valueName\":\"search_term_string\"}}],\"inLanguage\":\"fr-FR\"},{\"@type\":\"Organization\",\"@id\":\"https:\/\/kapitalis.com\/tunisie\/#organization\",\"name\":\"Kapitalis\",\"url\":\"https:\/\/kapitalis.com\/tunisie\/\",\"logo\":{\"@type\":\"ImageObject\",\"inLanguage\":\"fr-FR\",\"@id\":\"https:\/\/kapitalis.com\/tunisie\/#\/schema\/logo\/image\/\",\"url\":\"https:\/\/kapitalis.com\/tunisie\/wp-content\/uploads\/2022\/05\/Kapitalis-big-size.png\",\"contentUrl\":\"https:\/\/kapitalis.com\/tunisie\/wp-content\/uploads\/2022\/05\/Kapitalis-big-size.png\",\"width\":5000,\"height\":1500,\"caption\":\"Kapitalis\"},\"image\":{\"@id\":\"https:\/\/kapitalis.com\/tunisie\/#\/schema\/logo\/image\/\"},\"sameAs\":[\"https:\/\/www.facebook.com\/KapitalisInfo\/\",\"https:\/\/x.com\/KapitalisInfo\",\"https:\/\/www.youtube.com\/channel\/UC-yDYrHyfFBWWZaOw3FPg9Q\"]},{\"@type\":\"Person\",\"@id\":\"https:\/\/kapitalis.com\/tunisie\/#\/schema\/person\/d71f33a9ca44f7bad4698210b480c8e9\",\"name\":\"webmaster kapitalis\",\"url\":\"https:\/\/kapitalis.com\/tunisie\/author\/webmaster-kapitalis\/\"}]}<\/script>\n<!-- \/ Yoast SEO plugin. -->","yoast_head_json":{"title":"Rencontre \u00e0 Ras Jebel : \u00abL\u2019art rempart contre les extr\u00e9mismes\u00bb - Kapitalis","robots":{"index":"index","follow":"follow","max-snippet":"max-snippet:-1","max-image-preview":"max-image-preview:large","max-video-preview":"max-video-preview:-1"},"canonical":"https:\/\/kapitalis.com\/tunisie\/2021\/02\/25\/rencontre-a-ras-jebel-lart-rempart-contre-les-extremismes\/","og_locale":"fr_FR","og_type":"article","og_title":"Rencontre \u00e0 Ras Jebel : \u00abL\u2019art rempart contre les extr\u00e9mismes\u00bb - Kapitalis","og_description":"L\u2019association Citoyennet\u00e9, d\u00e9veloppement, cultures et migrations des 2 rives (CDCMIR) organise, le samedi 27 et le dimanche 28 f\u00e9vrier 2021, \u00e0 la Maison des jeunes de Ras Jebel, gouvernorat de Bizerte, un \u00e9v\u00e9nement intitul\u00e9 \u00abL\u2019art rempart contre les extr\u00e9mismes\u00bb.","og_url":"https:\/\/kapitalis.com\/tunisie\/2021\/02\/25\/rencontre-a-ras-jebel-lart-rempart-contre-les-extremismes\/","og_site_name":"Kapitalis","article_publisher":"https:\/\/www.facebook.com\/KapitalisInfo\/","article_published_time":"2021-02-25T10:58:14+00:00","article_modified_time":"2021-02-25T10:58:16+00:00","og_image":[{"width":1200,"height":630,"url":"https:\/\/kapitalis.com\/tunisie\/wp-content\/uploads\/2022\/05\/kapitalis-logo-fb.png","type":"image\/png"}],"author":"webmaster kapitalis","twitter_card":"summary_large_image","twitter_creator":"@KapitalisInfo","twitter_site":"@KapitalisInfo","twitter_misc":{"\u00c9crit par":"webmaster kapitalis","Dur\u00e9e de lecture estim\u00e9e":"1 minute"},"schema":{"@context":"https:\/\/schema.org","@graph":[{"@type":"Article","@id":"https:\/\/kapitalis.com\/tunisie\/2021\/02\/25\/rencontre-a-ras-jebel-lart-rempart-contre-les-extremismes\/#article","isPartOf":{"@id":"https:\/\/kapitalis.com\/tunisie\/2021\/02\/25\/rencontre-a-ras-jebel-lart-rempart-contre-les-extremismes\/"},"author":{"name":"webmaster kapitalis","@id":"https:\/\/kapitalis.com\/tunisie\/#\/schema\/person\/d71f33a9ca44f7bad4698210b480c8e9"},"headline":"Rencontre \u00e0 Ras Jebel : \u00abL\u2019art rempart contre les extr\u00e9mismes\u00bb","datePublished":"2021-02-25T10:58:14+00:00","dateModified":"2021-02-25T10:58:16+00:00","mainEntityOfPage":{"@id":"https:\/\/kapitalis.com\/tunisie\/2021\/02\/25\/rencontre-a-ras-jebel-lart-rempart-contre-les-extremismes\/"},"wordCount":148,"commentCount":0,"publisher":{"@id":"https:\/\/kapitalis.com\/tunisie\/#organization"},"image":{"@id":"https:\/\/kapitalis.com\/tunisie\/2021\/02\/25\/rencontre-a-ras-jebel-lart-rempart-contre-les-extremismes\/#primaryimage"},"thumbnailUrl":"","keywords":["AICS","association CDCMIR","Bizerte","Emilia Romagna","Faten Mbarek","Ghassen Mlayki","Jasser Weslati","projet Jasmin","Ras Jebel","Soufienne Jaballah"],"inLanguage":"fr-FR","potentialAction":[{"@type":"CommentAction","name":"Comment","target":["https:\/\/kapitalis.com\/tunisie\/2021\/02\/25\/rencontre-a-ras-jebel-lart-rempart-contre-les-extremismes\/#respond"]}]},{"@type":"WebPage","@id":"https:\/\/kapitalis.com\/tunisie\/2021\/02\/25\/rencontre-a-ras-jebel-lart-rempart-contre-les-extremismes\/","url":"https:\/\/kapitalis.com\/tunisie\/2021\/02\/25\/rencontre-a-ras-jebel-lart-rempart-contre-les-extremismes\/","name":"Rencontre \u00e0 Ras Jebel : \u00abL\u2019art rempart contre les extr\u00e9mismes\u00bb - Kapitalis","isPartOf":{"@id":"https:\/\/kapitalis.com\/tunisie\/#website"},"primaryImageOfPage":{"@id":"https:\/\/kapitalis.com\/tunisie\/2021\/02\/25\/rencontre-a-ras-jebel-lart-rempart-contre-les-extremismes\/#primaryimage"},"image":{"@id":"https:\/\/kapitalis.com\/tunisie\/2021\/02\/25\/rencontre-a-ras-jebel-lart-rempart-contre-les-extremismes\/#primaryimage"},"thumbnailUrl":"","datePublished":"2021-02-25T10:58:14+00:00","dateModified":"2021-02-25T10:58:16+00:00","breadcrumb":{"@id":"https:\/\/kapitalis.com\/tunisie\/2021\/02\/25\/rencontre-a-ras-jebel-lart-rempart-contre-les-extremismes\/#breadcrumb"},"inLanguage":"fr-FR","potentialAction":[{"@type":"ReadAction","target":["https:\/\/kapitalis.com\/tunisie\/2021\/02\/25\/rencontre-a-ras-jebel-lart-rempart-contre-les-extremismes\/"]}]},{"@type":"ImageObject","inLanguage":"fr-FR","@id":"https:\/\/kapitalis.com\/tunisie\/2021\/02\/25\/rencontre-a-ras-jebel-lart-rempart-contre-les-extremismes\/#primaryimage","url":"","contentUrl":""},{"@type":"BreadcrumbList","@id":"https:\/\/kapitalis.com\/tunisie\/2021\/02\/25\/rencontre-a-ras-jebel-lart-rempart-contre-les-extremismes\/#breadcrumb","itemListElement":[{"@type":"ListItem","position":1,"name":"Accueil","item":"https:\/\/kapitalis.com\/tunisie\/"},{"@type":"ListItem","position":2,"name":"Rencontre \u00e0 Ras Jebel : \u00abL\u2019art rempart contre les extr\u00e9mismes\u00bb"}]},{"@type":"WebSite","@id":"https:\/\/kapitalis.com\/tunisie\/#website","url":"https:\/\/kapitalis.com\/tunisie\/","name":"Kapitalis","description":"L&#039;actualit\u00e9 en Tunisie et dans le monde","publisher":{"@id":"https:\/\/kapitalis.com\/tunisie\/#organization"},"potentialAction":[{"@type":"SearchAction","target":{"@type":"EntryPoint","urlTemplate":"https:\/\/kapitalis.com\/tunisie\/?s={search_term_string}"},"query-input":{"@type":"PropertyValueSpecification","valueRequired":true,"valueName":"search_term_string"}}],"inLanguage":"fr-FR"},{"@type":"Organization","@id":"https:\/\/kapitalis.com\/tunisie\/#organization","name":"Kapitalis","url":"https:\/\/kapitalis.com\/tunisie\/","logo":{"@type":"ImageObject","inLanguage":"fr-FR","@id":"https:\/\/kapitalis.com\/tunisie\/#\/schema\/logo\/image\/","url":"https:\/\/kapitalis.com\/tunisie\/wp-content\/uploads\/2022\/05\/Kapitalis-big-size.png","contentUrl":"https:\/\/kapitalis.com\/tunisie\/wp-content\/uploads\/2022\/05\/Kapitalis-big-size.png","width":5000,"height":1500,"caption":"Kapitalis"},"image":{"@id":"https:\/\/kapitalis.com\/tunisie\/#\/schema\/logo\/image\/"},"sameAs":["https:\/\/www.facebook.com\/KapitalisInfo\/","https:\/\/x.com\/KapitalisInfo","https:\/\/www.youtube.com\/channel\/UC-yDYrHyfFBWWZaOw3FPg9Q"]},{"@type":"Person","@id":"https:\/\/kapitalis.com\/tunisie\/#\/schema\/person\/d71f33a9ca44f7bad4698210b480c8e9","name":"webmaster kapitalis","url":"https:\/\/kapitalis.com\/tunisie\/author\/webmaster-kapitalis\/"}]}},"_links":{"self":[{"href":"https:\/\/kapitalis.com\/tunisie\/wp-json\/wp\/v2\/posts\/337729","targetHints":{"allow":["GET"]}}],"collection":[{"href":"https:\/\/kapitalis.com\/tunisie\/wp-json\/wp\/v2\/posts"}],"about":[{"href":"https:\/\/kapitalis.com\/tunisie\/wp-json\/wp\/v2\/types\/post"}],"author":[{"embeddable":true,"href":"https:\/\/kapitalis.com\/tunisie\/wp-json\/wp\/v2\/users\/8"}],"replies":[{"embeddable":true,"href":"https:\/\/kapitalis.com\/tunisie\/wp-json\/wp\/v2\/comments?post=337729"}],"version-history":[{"count":0,"href":"https:\/\/kapitalis.com\/tunisie\/wp-json\/wp\/v2\/posts\/337729\/revisions"}],"wp:featuredmedia":[{"embeddable":true,"href":"https:\/\/kapitalis.com\/tunisie\/wp-json\/wp\/v2\/media\/337732"}],"wp:attachment":[{"href":"https:\/\/kapitalis.com\/tunisie\/wp-json\/wp\/v2\/media?parent=337729"}],"wp:term":[{"taxonomy":"category","embeddable":true,"href":"https:\/\/kapitalis.com\/tunisie\/wp-json\/wp\/v2\/categories?post=337729"},{"taxonomy":"post_tag","embeddable":true,"href":"https:\/\/kapitalis.com\/tunisie\/wp-json\/wp\/v2\/tags?post=337729"}],"curies":[{"name":"wp","href":"https:\/\/api.w.org\/{rel}","templated":true}]}}