{"id":337832,"date":"2021-02-25T21:38:19","date_gmt":"2021-02-25T20:38:19","guid":{"rendered":"http:\/\/kapitalis.com\/tunisie\/?p=337832"},"modified":"2021-02-26T04:38:24","modified_gmt":"2021-02-26T03:38:24","slug":"crise-politique-la-ligue-tunisienne-des-droits-de-lhomme-a-demande-a-mechichi-de-demissionner","status":"publish","type":"post","link":"https:\/\/kapitalis.com\/tunisie\/2021\/02\/25\/crise-politique-la-ligue-tunisienne-des-droits-de-lhomme-a-demande-a-mechichi-de-demissionner\/","title":{"rendered":"Crise politique : La Ligue tunisienne des droits de l&rsquo;Homme a demand\u00e9 \u00e0 Mechichi de d\u00e9missionner"},"content":{"rendered":"\n<figure class=\"wp-block-image size-large\"><img decoding=\"async\" src=\"http:\/\/kapitalis.com\/tunisie\/wp-content\/uploads\/2021\/02\/Mechichi-LTDH.jpg\" alt=\"\" class=\"wp-image-337834\"\/><\/figure>\n\n\n\n<p><strong><em>Estimant que la crise politique m\u00e8nera \u00e0 une explosion sociale si elle se poursuit, la Ligue tunisienne des droits de l&rsquo;Homme (LTDH), a demand\u00e9 au chef du gouvernement, Hichem Mechichi, lors d&rsquo;une rencontre ce jeudi 25 f\u00e9vrier 2021, \u00e0 la Kasbah, <strong><em>de d\u00e9missionner<\/em><\/strong>.<\/em><\/strong><\/p>\n\n\n\n<!--more-->\n\n\n\n<p>La LTDH a \u00e9galement affirm\u00e9, dans un communiqu\u00e9, que la d\u00e9l\u00e9gation, re\u00e7ue par le chef du gouvernement, l&rsquo;a inform\u00e9 que les limogeages et les remaniements pr\u00e9cipit\u00e9s ainsi que la fuite en avant, qui se poursuit, ne r\u00e9soudront pas la crise.<\/p>\n\n\n\n<p>En appelant Hichem Mechichi \u00e0 d\u00e9missionner, la Ligue des droits de l&rsquo;Homme souhaite ainsi ouvrir la voie \u00e0 un dialogue national qui rassemblera toutes les parties d\u00e9mocrates, aussi bien les partis politiques que les organisations nationales et la soci\u00e9t\u00e9 civile, afin de pouvoir mettre ne place un gouvernement de salut national.<\/p>\n\n\n\n<p>Celui-ci aura pour mission de sortir le pays de la crise, notamment en se penchant sur les grands dossiers et les r\u00e9formes urgentes pour sortir le pays de la crise.<\/p>\n\n\n\n<p>La rencontre a \u00e9galement permis d&rsquo;\u00e9voquer la gestion s\u00e9curitaire des mouvements sociaux et les nombreux d\u00e9passements qui y ont \u00e9t\u00e9 observ\u00e9s, ajoute la LTDH, en appelant dans ce sens \u00e0 ouvrir une enqu\u00eate urgente pour d\u00e9terminer les responsabilit\u00e9s des agressions dont \u00e9t\u00e9 victimes de nombreux jeunes arr\u00eat\u00e9s lors des r\u00e9centes manifestations.<\/p>\n\n\n\n<p>Sur un autre plan, La LTDH, qui a affirm\u00e9 que le rapport de l\u2019inspection g\u00e9n\u00e9rale du minist\u00e8re de la Justice a r\u00e9v\u00e9l\u00e9 l&rsquo;implication de seize juges dont Bechir Akremi et Ta\u00efeb Rached, a appel\u00e9 le gouvernement \u00e0 ne pas \u00ab<em>c\u00e9der \u00e0 la pression exerc\u00e9es par certains partis qui veulent enterrer la v\u00e9rit\u00e9 sur les dossiers de corruption et d\u2019assassinats politiques <\/em>\u00bb, lit-on encore dans le communiqu\u00e9.<\/p>\n\n\n\n<p class=\"has-text-align-right\"><strong>Y. N.<\/strong><\/p>\n","protected":false},"excerpt":{"rendered":"<p>Estimant que la crise politique m\u00e8nera \u00e0 une explosion sociale si elle se poursuit, la Ligue tunisienne des droits de l&rsquo;Homme (LTDH), a demand\u00e9 au chef du gouvernement, Hichem Mechichi, lors d&rsquo;une rencontre ce jeudi 25 f\u00e9vrier 2021, \u00e0 la Kasbah, de d\u00e9missionner.<\/p>\n","protected":false},"author":6,"featured_media":337834,"comment_status":"open","ping_status":"open","sticky":false,"template":"","format":"standard","meta":{"footnotes":""},"categories":[997,2433],"tags":[2036,418,74899,6245,3137],"class_list":["post-337832","post","type-post","status-publish","format-standard","has-post-thumbnail","hentry","category-politique","category-tunisie","tag-demission","tag-gouvernement","tag-hichem-mechichi","tag-kasbah","tag-ltdh"],"yoast_head":"<!-- This site is optimized with the Yoast SEO plugin v26.6 - https:\/\/yoast.com\/wordpress\/plugins\/seo\/ -->\n<title>Crise politique : La Ligue tunisienne des droits de l&#039;Homme a demand\u00e9 \u00e0 Mechichi de d\u00e9missionner - Kapitalis<\/title>\n<meta name=\"robots\" content=\"index, follow, max-snippet:-1, max-image-preview:large, max-video-preview:-1\" \/>\n<link rel=\"canonical\" href=\"https:\/\/kapitalis.com\/tunisie\/2021\/02\/25\/crise-politique-la-ligue-tunisienne-des-droits-de-lhomme-a-demande-a-mechichi-de-demissionner\/\" \/>\n<meta property=\"og:locale\" content=\"fr_FR\" \/>\n<meta property=\"og:type\" content=\"article\" \/>\n<meta property=\"og:title\" content=\"Crise politique : La Ligue tunisienne des droits de l&#039;Homme a demand\u00e9 \u00e0 Mechichi de d\u00e9missionner - Kapitalis\" \/>\n<meta property=\"og:description\" content=\"Estimant que la crise politique m\u00e8nera \u00e0 une explosion sociale si elle se poursuit, la Ligue tunisienne des droits de l&rsquo;Homme (LTDH), a demand\u00e9 au chef du gouvernement, Hichem Mechichi, lors d&rsquo;une rencontre ce jeudi 25 f\u00e9vrier 2021, \u00e0 la Kasbah, de d\u00e9missionner.\" \/>\n<meta property=\"og:url\" content=\"https:\/\/kapitalis.com\/tunisie\/2021\/02\/25\/crise-politique-la-ligue-tunisienne-des-droits-de-lhomme-a-demande-a-mechichi-de-demissionner\/\" \/>\n<meta property=\"og:site_name\" content=\"Kapitalis\" \/>\n<meta property=\"article:publisher\" content=\"https:\/\/www.facebook.com\/KapitalisInfo\/\" \/>\n<meta property=\"article:published_time\" content=\"2021-02-25T20:38:19+00:00\" \/>\n<meta property=\"article:modified_time\" content=\"2021-02-26T03:38:24+00:00\" \/>\n<meta property=\"og:image\" content=\"https:\/\/kapitalis.com\/tunisie\/wp-content\/uploads\/2022\/05\/kapitalis-logo-fb.png\" \/>\n\t<meta property=\"og:image:width\" content=\"1200\" \/>\n\t<meta property=\"og:image:height\" content=\"630\" \/>\n\t<meta property=\"og:image:type\" content=\"image\/png\" \/>\n<meta name=\"author\" content=\"Yusra NY\" \/>\n<meta name=\"twitter:card\" content=\"summary_large_image\" \/>\n<meta name=\"twitter:creator\" content=\"@KapitalisInfo\" \/>\n<meta name=\"twitter:site\" content=\"@KapitalisInfo\" \/>\n<meta name=\"twitter:label1\" content=\"\u00c9crit par\" \/>\n\t<meta name=\"twitter:data1\" content=\"Yusra NY\" \/>\n\t<meta name=\"twitter:label2\" content=\"Dur\u00e9e de lecture estim\u00e9e\" \/>\n\t<meta name=\"twitter:data2\" content=\"2 minutes\" \/>\n<script type=\"application\/ld+json\" class=\"yoast-schema-graph\">{\"@context\":\"https:\/\/schema.org\",\"@graph\":[{\"@type\":\"Article\",\"@id\":\"https:\/\/kapitalis.com\/tunisie\/2021\/02\/25\/crise-politique-la-ligue-tunisienne-des-droits-de-lhomme-a-demande-a-mechichi-de-demissionner\/#article\",\"isPartOf\":{\"@id\":\"https:\/\/kapitalis.com\/tunisie\/2021\/02\/25\/crise-politique-la-ligue-tunisienne-des-droits-de-lhomme-a-demande-a-mechichi-de-demissionner\/\"},\"author\":{\"name\":\"Yusra NY\",\"@id\":\"https:\/\/kapitalis.com\/tunisie\/#\/schema\/person\/74bbde0154d49d790a92aaeac5bc01d5\"},\"headline\":\"Crise politique : La Ligue tunisienne des droits de l&rsquo;Homme a demand\u00e9 \u00e0 Mechichi de d\u00e9missionner\",\"datePublished\":\"2021-02-25T20:38:19+00:00\",\"dateModified\":\"2021-02-26T03:38:24+00:00\",\"mainEntityOfPage\":{\"@id\":\"https:\/\/kapitalis.com\/tunisie\/2021\/02\/25\/crise-politique-la-ligue-tunisienne-des-droits-de-lhomme-a-demande-a-mechichi-de-demissionner\/\"},\"wordCount\":322,\"commentCount\":5,\"publisher\":{\"@id\":\"https:\/\/kapitalis.com\/tunisie\/#organization\"},\"image\":{\"@id\":\"https:\/\/kapitalis.com\/tunisie\/2021\/02\/25\/crise-politique-la-ligue-tunisienne-des-droits-de-lhomme-a-demande-a-mechichi-de-demissionner\/#primaryimage\"},\"thumbnailUrl\":\"\",\"keywords\":[\"d\u00e9mission\",\"gouvernement\",\"Hichem Mechichi\",\"Kasbah\",\"LTDH\"],\"articleSection\":[\"POLITIQUE\",\"Tunisie\"],\"inLanguage\":\"fr-FR\",\"potentialAction\":[{\"@type\":\"CommentAction\",\"name\":\"Comment\",\"target\":[\"https:\/\/kapitalis.com\/tunisie\/2021\/02\/25\/crise-politique-la-ligue-tunisienne-des-droits-de-lhomme-a-demande-a-mechichi-de-demissionner\/#respond\"]}]},{\"@type\":\"WebPage\",\"@id\":\"https:\/\/kapitalis.com\/tunisie\/2021\/02\/25\/crise-politique-la-ligue-tunisienne-des-droits-de-lhomme-a-demande-a-mechichi-de-demissionner\/\",\"url\":\"https:\/\/kapitalis.com\/tunisie\/2021\/02\/25\/crise-politique-la-ligue-tunisienne-des-droits-de-lhomme-a-demande-a-mechichi-de-demissionner\/\",\"name\":\"Crise politique : La Ligue tunisienne des droits de l'Homme a demand\u00e9 \u00e0 Mechichi de d\u00e9missionner - Kapitalis\",\"isPartOf\":{\"@id\":\"https:\/\/kapitalis.com\/tunisie\/#website\"},\"primaryImageOfPage\":{\"@id\":\"https:\/\/kapitalis.com\/tunisie\/2021\/02\/25\/crise-politique-la-ligue-tunisienne-des-droits-de-lhomme-a-demande-a-mechichi-de-demissionner\/#primaryimage\"},\"image\":{\"@id\":\"https:\/\/kapitalis.com\/tunisie\/2021\/02\/25\/crise-politique-la-ligue-tunisienne-des-droits-de-lhomme-a-demande-a-mechichi-de-demissionner\/#primaryimage\"},\"thumbnailUrl\":\"\",\"datePublished\":\"2021-02-25T20:38:19+00:00\",\"dateModified\":\"2021-02-26T03:38:24+00:00\",\"breadcrumb\":{\"@id\":\"https:\/\/kapitalis.com\/tunisie\/2021\/02\/25\/crise-politique-la-ligue-tunisienne-des-droits-de-lhomme-a-demande-a-mechichi-de-demissionner\/#breadcrumb\"},\"inLanguage\":\"fr-FR\",\"potentialAction\":[{\"@type\":\"ReadAction\",\"target\":[\"https:\/\/kapitalis.com\/tunisie\/2021\/02\/25\/crise-politique-la-ligue-tunisienne-des-droits-de-lhomme-a-demande-a-mechichi-de-demissionner\/\"]}]},{\"@type\":\"ImageObject\",\"inLanguage\":\"fr-FR\",\"@id\":\"https:\/\/kapitalis.com\/tunisie\/2021\/02\/25\/crise-politique-la-ligue-tunisienne-des-droits-de-lhomme-a-demande-a-mechichi-de-demissionner\/#primaryimage\",\"url\":\"\",\"contentUrl\":\"\"},{\"@type\":\"BreadcrumbList\",\"@id\":\"https:\/\/kapitalis.com\/tunisie\/2021\/02\/25\/crise-politique-la-ligue-tunisienne-des-droits-de-lhomme-a-demande-a-mechichi-de-demissionner\/#breadcrumb\",\"itemListElement\":[{\"@type\":\"ListItem\",\"position\":1,\"name\":\"Accueil\",\"item\":\"https:\/\/kapitalis.com\/tunisie\/\"},{\"@type\":\"ListItem\",\"position\":2,\"name\":\"Crise politique : La Ligue tunisienne des droits de l&rsquo;Homme a demand\u00e9 \u00e0 Mechichi de d\u00e9missionner\"}]},{\"@type\":\"WebSite\",\"@id\":\"https:\/\/kapitalis.com\/tunisie\/#website\",\"url\":\"https:\/\/kapitalis.com\/tunisie\/\",\"name\":\"Kapitalis\",\"description\":\"L&#039;actualit\u00e9 en Tunisie et dans le monde\",\"publisher\":{\"@id\":\"https:\/\/kapitalis.com\/tunisie\/#organization\"},\"potentialAction\":[{\"@type\":\"SearchAction\",\"target\":{\"@type\":\"EntryPoint\",\"urlTemplate\":\"https:\/\/kapitalis.com\/tunisie\/?s={search_term_string}\"},\"query-input\":{\"@type\":\"PropertyValueSpecification\",\"valueRequired\":true,\"valueName\":\"search_term_string\"}}],\"inLanguage\":\"fr-FR\"},{\"@type\":\"Organization\",\"@id\":\"https:\/\/kapitalis.com\/tunisie\/#organization\",\"name\":\"Kapitalis\",\"url\":\"https:\/\/kapitalis.com\/tunisie\/\",\"logo\":{\"@type\":\"ImageObject\",\"inLanguage\":\"fr-FR\",\"@id\":\"https:\/\/kapitalis.com\/tunisie\/#\/schema\/logo\/image\/\",\"url\":\"https:\/\/kapitalis.com\/tunisie\/wp-content\/uploads\/2022\/05\/Kapitalis-big-size.png\",\"contentUrl\":\"https:\/\/kapitalis.com\/tunisie\/wp-content\/uploads\/2022\/05\/Kapitalis-big-size.png\",\"width\":5000,\"height\":1500,\"caption\":\"Kapitalis\"},\"image\":{\"@id\":\"https:\/\/kapitalis.com\/tunisie\/#\/schema\/logo\/image\/\"},\"sameAs\":[\"https:\/\/www.facebook.com\/KapitalisInfo\/\",\"https:\/\/x.com\/KapitalisInfo\",\"https:\/\/www.youtube.com\/channel\/UC-yDYrHyfFBWWZaOw3FPg9Q\"]},{\"@type\":\"Person\",\"@id\":\"https:\/\/kapitalis.com\/tunisie\/#\/schema\/person\/74bbde0154d49d790a92aaeac5bc01d5\",\"name\":\"Yusra NY\",\"url\":\"https:\/\/kapitalis.com\/tunisie\/author\/yuza_adam\/\"}]}<\/script>\n<!-- \/ Yoast SEO plugin. -->","yoast_head_json":{"title":"Crise politique : La Ligue tunisienne des droits de l'Homme a demand\u00e9 \u00e0 Mechichi de d\u00e9missionner - Kapitalis","robots":{"index":"index","follow":"follow","max-snippet":"max-snippet:-1","max-image-preview":"max-image-preview:large","max-video-preview":"max-video-preview:-1"},"canonical":"https:\/\/kapitalis.com\/tunisie\/2021\/02\/25\/crise-politique-la-ligue-tunisienne-des-droits-de-lhomme-a-demande-a-mechichi-de-demissionner\/","og_locale":"fr_FR","og_type":"article","og_title":"Crise politique : La Ligue tunisienne des droits de l'Homme a demand\u00e9 \u00e0 Mechichi de d\u00e9missionner - Kapitalis","og_description":"Estimant que la crise politique m\u00e8nera \u00e0 une explosion sociale si elle se poursuit, la Ligue tunisienne des droits de l&rsquo;Homme (LTDH), a demand\u00e9 au chef du gouvernement, Hichem Mechichi, lors d&rsquo;une rencontre ce jeudi 25 f\u00e9vrier 2021, \u00e0 la Kasbah, de d\u00e9missionner.","og_url":"https:\/\/kapitalis.com\/tunisie\/2021\/02\/25\/crise-politique-la-ligue-tunisienne-des-droits-de-lhomme-a-demande-a-mechichi-de-demissionner\/","og_site_name":"Kapitalis","article_publisher":"https:\/\/www.facebook.com\/KapitalisInfo\/","article_published_time":"2021-02-25T20:38:19+00:00","article_modified_time":"2021-02-26T03:38:24+00:00","og_image":[{"width":1200,"height":630,"url":"https:\/\/kapitalis.com\/tunisie\/wp-content\/uploads\/2022\/05\/kapitalis-logo-fb.png","type":"image\/png"}],"author":"Yusra NY","twitter_card":"summary_large_image","twitter_creator":"@KapitalisInfo","twitter_site":"@KapitalisInfo","twitter_misc":{"\u00c9crit par":"Yusra NY","Dur\u00e9e de lecture estim\u00e9e":"2 minutes"},"schema":{"@context":"https:\/\/schema.org","@graph":[{"@type":"Article","@id":"https:\/\/kapitalis.com\/tunisie\/2021\/02\/25\/crise-politique-la-ligue-tunisienne-des-droits-de-lhomme-a-demande-a-mechichi-de-demissionner\/#article","isPartOf":{"@id":"https:\/\/kapitalis.com\/tunisie\/2021\/02\/25\/crise-politique-la-ligue-tunisienne-des-droits-de-lhomme-a-demande-a-mechichi-de-demissionner\/"},"author":{"name":"Yusra NY","@id":"https:\/\/kapitalis.com\/tunisie\/#\/schema\/person\/74bbde0154d49d790a92aaeac5bc01d5"},"headline":"Crise politique : La Ligue tunisienne des droits de l&rsquo;Homme a demand\u00e9 \u00e0 Mechichi de d\u00e9missionner","datePublished":"2021-02-25T20:38:19+00:00","dateModified":"2021-02-26T03:38:24+00:00","mainEntityOfPage":{"@id":"https:\/\/kapitalis.com\/tunisie\/2021\/02\/25\/crise-politique-la-ligue-tunisienne-des-droits-de-lhomme-a-demande-a-mechichi-de-demissionner\/"},"wordCount":322,"commentCount":5,"publisher":{"@id":"https:\/\/kapitalis.com\/tunisie\/#organization"},"image":{"@id":"https:\/\/kapitalis.com\/tunisie\/2021\/02\/25\/crise-politique-la-ligue-tunisienne-des-droits-de-lhomme-a-demande-a-mechichi-de-demissionner\/#primaryimage"},"thumbnailUrl":"","keywords":["d\u00e9mission","gouvernement","Hichem Mechichi","Kasbah","LTDH"],"articleSection":["POLITIQUE","Tunisie"],"inLanguage":"fr-FR","potentialAction":[{"@type":"CommentAction","name":"Comment","target":["https:\/\/kapitalis.com\/tunisie\/2021\/02\/25\/crise-politique-la-ligue-tunisienne-des-droits-de-lhomme-a-demande-a-mechichi-de-demissionner\/#respond"]}]},{"@type":"WebPage","@id":"https:\/\/kapitalis.com\/tunisie\/2021\/02\/25\/crise-politique-la-ligue-tunisienne-des-droits-de-lhomme-a-demande-a-mechichi-de-demissionner\/","url":"https:\/\/kapitalis.com\/tunisie\/2021\/02\/25\/crise-politique-la-ligue-tunisienne-des-droits-de-lhomme-a-demande-a-mechichi-de-demissionner\/","name":"Crise politique : La Ligue tunisienne des droits de l'Homme a demand\u00e9 \u00e0 Mechichi de d\u00e9missionner - Kapitalis","isPartOf":{"@id":"https:\/\/kapitalis.com\/tunisie\/#website"},"primaryImageOfPage":{"@id":"https:\/\/kapitalis.com\/tunisie\/2021\/02\/25\/crise-politique-la-ligue-tunisienne-des-droits-de-lhomme-a-demande-a-mechichi-de-demissionner\/#primaryimage"},"image":{"@id":"https:\/\/kapitalis.com\/tunisie\/2021\/02\/25\/crise-politique-la-ligue-tunisienne-des-droits-de-lhomme-a-demande-a-mechichi-de-demissionner\/#primaryimage"},"thumbnailUrl":"","datePublished":"2021-02-25T20:38:19+00:00","dateModified":"2021-02-26T03:38:24+00:00","breadcrumb":{"@id":"https:\/\/kapitalis.com\/tunisie\/2021\/02\/25\/crise-politique-la-ligue-tunisienne-des-droits-de-lhomme-a-demande-a-mechichi-de-demissionner\/#breadcrumb"},"inLanguage":"fr-FR","potentialAction":[{"@type":"ReadAction","target":["https:\/\/kapitalis.com\/tunisie\/2021\/02\/25\/crise-politique-la-ligue-tunisienne-des-droits-de-lhomme-a-demande-a-mechichi-de-demissionner\/"]}]},{"@type":"ImageObject","inLanguage":"fr-FR","@id":"https:\/\/kapitalis.com\/tunisie\/2021\/02\/25\/crise-politique-la-ligue-tunisienne-des-droits-de-lhomme-a-demande-a-mechichi-de-demissionner\/#primaryimage","url":"","contentUrl":""},{"@type":"BreadcrumbList","@id":"https:\/\/kapitalis.com\/tunisie\/2021\/02\/25\/crise-politique-la-ligue-tunisienne-des-droits-de-lhomme-a-demande-a-mechichi-de-demissionner\/#breadcrumb","itemListElement":[{"@type":"ListItem","position":1,"name":"Accueil","item":"https:\/\/kapitalis.com\/tunisie\/"},{"@type":"ListItem","position":2,"name":"Crise politique : La Ligue tunisienne des droits de l&rsquo;Homme a demand\u00e9 \u00e0 Mechichi de d\u00e9missionner"}]},{"@type":"WebSite","@id":"https:\/\/kapitalis.com\/tunisie\/#website","url":"https:\/\/kapitalis.com\/tunisie\/","name":"Kapitalis","description":"L&#039;actualit\u00e9 en Tunisie et dans le monde","publisher":{"@id":"https:\/\/kapitalis.com\/tunisie\/#organization"},"potentialAction":[{"@type":"SearchAction","target":{"@type":"EntryPoint","urlTemplate":"https:\/\/kapitalis.com\/tunisie\/?s={search_term_string}"},"query-input":{"@type":"PropertyValueSpecification","valueRequired":true,"valueName":"search_term_string"}}],"inLanguage":"fr-FR"},{"@type":"Organization","@id":"https:\/\/kapitalis.com\/tunisie\/#organization","name":"Kapitalis","url":"https:\/\/kapitalis.com\/tunisie\/","logo":{"@type":"ImageObject","inLanguage":"fr-FR","@id":"https:\/\/kapitalis.com\/tunisie\/#\/schema\/logo\/image\/","url":"https:\/\/kapitalis.com\/tunisie\/wp-content\/uploads\/2022\/05\/Kapitalis-big-size.png","contentUrl":"https:\/\/kapitalis.com\/tunisie\/wp-content\/uploads\/2022\/05\/Kapitalis-big-size.png","width":5000,"height":1500,"caption":"Kapitalis"},"image":{"@id":"https:\/\/kapitalis.com\/tunisie\/#\/schema\/logo\/image\/"},"sameAs":["https:\/\/www.facebook.com\/KapitalisInfo\/","https:\/\/x.com\/KapitalisInfo","https:\/\/www.youtube.com\/channel\/UC-yDYrHyfFBWWZaOw3FPg9Q"]},{"@type":"Person","@id":"https:\/\/kapitalis.com\/tunisie\/#\/schema\/person\/74bbde0154d49d790a92aaeac5bc01d5","name":"Yusra NY","url":"https:\/\/kapitalis.com\/tunisie\/author\/yuza_adam\/"}]}},"_links":{"self":[{"href":"https:\/\/kapitalis.com\/tunisie\/wp-json\/wp\/v2\/posts\/337832","targetHints":{"allow":["GET"]}}],"collection":[{"href":"https:\/\/kapitalis.com\/tunisie\/wp-json\/wp\/v2\/posts"}],"about":[{"href":"https:\/\/kapitalis.com\/tunisie\/wp-json\/wp\/v2\/types\/post"}],"author":[{"embeddable":true,"href":"https:\/\/kapitalis.com\/tunisie\/wp-json\/wp\/v2\/users\/6"}],"replies":[{"embeddable":true,"href":"https:\/\/kapitalis.com\/tunisie\/wp-json\/wp\/v2\/comments?post=337832"}],"version-history":[{"count":0,"href":"https:\/\/kapitalis.com\/tunisie\/wp-json\/wp\/v2\/posts\/337832\/revisions"}],"wp:featuredmedia":[{"embeddable":true,"href":"https:\/\/kapitalis.com\/tunisie\/wp-json\/wp\/v2\/media\/337834"}],"wp:attachment":[{"href":"https:\/\/kapitalis.com\/tunisie\/wp-json\/wp\/v2\/media?parent=337832"}],"wp:term":[{"taxonomy":"category","embeddable":true,"href":"https:\/\/kapitalis.com\/tunisie\/wp-json\/wp\/v2\/categories?post=337832"},{"taxonomy":"post_tag","embeddable":true,"href":"https:\/\/kapitalis.com\/tunisie\/wp-json\/wp\/v2\/tags?post=337832"}],"curies":[{"name":"wp","href":"https:\/\/api.w.org\/{rel}","templated":true}]}}