{"id":33787,"date":"2016-01-08T11:55:11","date_gmt":"2016-01-08T10:55:11","guid":{"rendered":"http:\/\/kapitalis.com\/tunisie\/?p=33787"},"modified":"2016-01-08T11:57:23","modified_gmt":"2016-01-08T10:57:23","slug":"auto-peugeot-termine-le-4e-trimestre-2015-en-tete-des-ventes","status":"publish","type":"post","link":"https:\/\/kapitalis.com\/tunisie\/2016\/01\/08\/auto-peugeot-termine-le-4e-trimestre-2015-en-tete-des-ventes\/","title":{"rendered":"Auto : Peugeot termine le 4e trimestre 2015 en t\u00eate des ventes"},"content":{"rendered":"<p><img loading=\"lazy\" decoding=\"async\" class=\"alignnone size-full wp-image-18887 aligncenter\" src=\"http:\/\/kapitalis.com\/tunisie\/wp-content\/uploads\/2015\/10\/Showroom-Peugeot-Sfax.jpg\" alt=\"Showroom-Peugeot-Sfax\" width=\"626\" height=\"380\" \/><\/p>\n<p><em><strong>Stafim Peugeot annonce, dans un communiqu\u00e9, qu\u2019elle a termin\u00e9 le mois de d\u00e9cembre 2015 en t\u00eate des ventes des v\u00e9hicules particuliers et utilitaires.<\/strong><\/em><\/p>\n<p><!--more--><\/p>\n<p>Le concessionnaire annonce, \u00e9galement, avoir termin\u00e9 en t\u00eate des ventes automobiles durant le 4e trimestre 2015.<\/p>\n<p>Le communiqu\u00e9 ajoute que cette performance a \u00e9t\u00e9 r\u00e9alis\u00e9e gr\u00e2ce \u00e0<em> \u00abla dynamique de l\u2019entreprise et la mobilisation de ses \u00e9quipes\u00bb,<\/em> au <em>\u00abr\u00e9seau de concessionnaires le plus \u00e9tendu en Tunisie et qui continue \u00e0 se d\u00e9velopper avec notamment 4 nouvelles ouvertures en 2015\u00bb<\/em>, <em>\u00abune gamme Peugeot \u00e9toff\u00e9e avec notamment ses nouveaux mod\u00e8les tels que la Nouvelle 208, voiture la plus vendue, la 308, voiture de l\u2019ann\u00e9e 2014, le nouveau moteur Turbo Puretech 110 Ch, moteur de l\u2019ann\u00e9e 2015, la Nouvelle 508 expression du haut de gamme de la marque\u00bb<\/em>, le tout assorti d\u2019un <em>\u00abexcellent rapport qualit\u00e9\/prix\u00bb.<\/em><\/p>\n<p>Stafim Peugeot met \u00e9galement en exergue la qualit\u00e9 de son service apr\u00e8s-vente <em>\u00abparfaitement assur\u00e9 sur tout le territoire tunisien\u00bb<\/em>, avec <em>\u00abun personnel qualifi\u00e9, des pi\u00e8ces de rechange \u00e0 disposition, de nouveaux services d\u00e9ploy\u00e9s comme le Peugeot Rapide Duo, le service \u00e0 domicile et autres.\u00bb<\/em><\/p>\n<p style=\"text-align: right;\"><strong>I. B.<\/strong><\/p>\n","protected":false},"excerpt":{"rendered":"<p>Stafim Peugeot annonce, dans un communiqu\u00e9, qu\u2019elle a termin\u00e9 le mois de d\u00e9cembre 2015 en t\u00eate des ventes des v\u00e9hicules particuliers et utilitaires.<\/p>\n","protected":false},"author":8,"featured_media":0,"comment_status":"open","ping_status":"open","sticky":false,"template":"","format":"standard","meta":{"footnotes":""},"categories":[995,2433],"tags":[222,10089,5091,942],"class_list":["post-33787","post","type-post","status-publish","format-standard","hentry","category-economie","category-tunisie","tag-concessionnaire","tag-stafim-peugeot","tag-utilitaires","tag-vehicules-particuliers"],"yoast_head":"<!-- This site is optimized with the Yoast SEO plugin v26.6 - https:\/\/yoast.com\/wordpress\/plugins\/seo\/ -->\n<title>Auto : Peugeot termine le 4e trimestre 2015 en t\u00eate des ventes - Kapitalis<\/title>\n<meta name=\"robots\" content=\"index, follow, max-snippet:-1, max-image-preview:large, max-video-preview:-1\" \/>\n<link rel=\"canonical\" href=\"https:\/\/kapitalis.com\/tunisie\/2016\/01\/08\/auto-peugeot-termine-le-4e-trimestre-2015-en-tete-des-ventes\/\" \/>\n<meta property=\"og:locale\" content=\"fr_FR\" \/>\n<meta property=\"og:type\" content=\"article\" \/>\n<meta property=\"og:title\" content=\"Auto : Peugeot termine le 4e trimestre 2015 en t\u00eate des ventes - Kapitalis\" \/>\n<meta property=\"og:description\" content=\"Stafim Peugeot annonce, dans un communiqu\u00e9, qu\u2019elle a termin\u00e9 le mois de d\u00e9cembre 2015 en t\u00eate des ventes des v\u00e9hicules particuliers et utilitaires.\" \/>\n<meta property=\"og:url\" content=\"https:\/\/kapitalis.com\/tunisie\/2016\/01\/08\/auto-peugeot-termine-le-4e-trimestre-2015-en-tete-des-ventes\/\" \/>\n<meta property=\"og:site_name\" content=\"Kapitalis\" \/>\n<meta property=\"article:publisher\" content=\"https:\/\/www.facebook.com\/KapitalisInfo\/\" \/>\n<meta property=\"article:published_time\" content=\"2016-01-08T10:55:11+00:00\" \/>\n<meta property=\"article:modified_time\" content=\"2016-01-08T10:57:23+00:00\" \/>\n<meta property=\"og:image\" content=\"http:\/\/kapitalis.com\/tunisie\/wp-content\/uploads\/2015\/10\/Showroom-Peugeot-Sfax.jpg\" \/>\n<meta name=\"author\" content=\"webmaster kapitalis\" \/>\n<meta name=\"twitter:card\" content=\"summary_large_image\" \/>\n<meta name=\"twitter:creator\" content=\"@KapitalisInfo\" \/>\n<meta name=\"twitter:site\" content=\"@KapitalisInfo\" \/>\n<meta name=\"twitter:label1\" content=\"\u00c9crit par\" \/>\n\t<meta name=\"twitter:data1\" content=\"webmaster kapitalis\" \/>\n\t<meta name=\"twitter:label2\" content=\"Dur\u00e9e de lecture estim\u00e9e\" \/>\n\t<meta name=\"twitter:data2\" content=\"1 minute\" \/>\n<script type=\"application\/ld+json\" class=\"yoast-schema-graph\">{\"@context\":\"https:\/\/schema.org\",\"@graph\":[{\"@type\":\"Article\",\"@id\":\"https:\/\/kapitalis.com\/tunisie\/2016\/01\/08\/auto-peugeot-termine-le-4e-trimestre-2015-en-tete-des-ventes\/#article\",\"isPartOf\":{\"@id\":\"https:\/\/kapitalis.com\/tunisie\/2016\/01\/08\/auto-peugeot-termine-le-4e-trimestre-2015-en-tete-des-ventes\/\"},\"author\":{\"name\":\"webmaster kapitalis\",\"@id\":\"https:\/\/kapitalis.com\/tunisie\/#\/schema\/person\/d71f33a9ca44f7bad4698210b480c8e9\"},\"headline\":\"Auto : Peugeot termine le 4e trimestre 2015 en t\u00eate des ventes\",\"datePublished\":\"2016-01-08T10:55:11+00:00\",\"dateModified\":\"2016-01-08T10:57:23+00:00\",\"mainEntityOfPage\":{\"@id\":\"https:\/\/kapitalis.com\/tunisie\/2016\/01\/08\/auto-peugeot-termine-le-4e-trimestre-2015-en-tete-des-ventes\/\"},\"wordCount\":201,\"commentCount\":0,\"publisher\":{\"@id\":\"https:\/\/kapitalis.com\/tunisie\/#organization\"},\"image\":{\"@id\":\"https:\/\/kapitalis.com\/tunisie\/2016\/01\/08\/auto-peugeot-termine-le-4e-trimestre-2015-en-tete-des-ventes\/#primaryimage\"},\"thumbnailUrl\":\"http:\/\/kapitalis.com\/tunisie\/wp-content\/uploads\/2015\/10\/Showroom-Peugeot-Sfax.jpg\",\"keywords\":[\"concessionnaire\",\"Stafim Peugeot\",\"utilitaires\",\"v\u00e9hicules particuliers\"],\"articleSection\":[\"ECONOMIE\",\"Tunisie\"],\"inLanguage\":\"fr-FR\",\"potentialAction\":[{\"@type\":\"CommentAction\",\"name\":\"Comment\",\"target\":[\"https:\/\/kapitalis.com\/tunisie\/2016\/01\/08\/auto-peugeot-termine-le-4e-trimestre-2015-en-tete-des-ventes\/#respond\"]}]},{\"@type\":\"WebPage\",\"@id\":\"https:\/\/kapitalis.com\/tunisie\/2016\/01\/08\/auto-peugeot-termine-le-4e-trimestre-2015-en-tete-des-ventes\/\",\"url\":\"https:\/\/kapitalis.com\/tunisie\/2016\/01\/08\/auto-peugeot-termine-le-4e-trimestre-2015-en-tete-des-ventes\/\",\"name\":\"Auto : Peugeot termine le 4e trimestre 2015 en t\u00eate des ventes - Kapitalis\",\"isPartOf\":{\"@id\":\"https:\/\/kapitalis.com\/tunisie\/#website\"},\"primaryImageOfPage\":{\"@id\":\"https:\/\/kapitalis.com\/tunisie\/2016\/01\/08\/auto-peugeot-termine-le-4e-trimestre-2015-en-tete-des-ventes\/#primaryimage\"},\"image\":{\"@id\":\"https:\/\/kapitalis.com\/tunisie\/2016\/01\/08\/auto-peugeot-termine-le-4e-trimestre-2015-en-tete-des-ventes\/#primaryimage\"},\"thumbnailUrl\":\"http:\/\/kapitalis.com\/tunisie\/wp-content\/uploads\/2015\/10\/Showroom-Peugeot-Sfax.jpg\",\"datePublished\":\"2016-01-08T10:55:11+00:00\",\"dateModified\":\"2016-01-08T10:57:23+00:00\",\"breadcrumb\":{\"@id\":\"https:\/\/kapitalis.com\/tunisie\/2016\/01\/08\/auto-peugeot-termine-le-4e-trimestre-2015-en-tete-des-ventes\/#breadcrumb\"},\"inLanguage\":\"fr-FR\",\"potentialAction\":[{\"@type\":\"ReadAction\",\"target\":[\"https:\/\/kapitalis.com\/tunisie\/2016\/01\/08\/auto-peugeot-termine-le-4e-trimestre-2015-en-tete-des-ventes\/\"]}]},{\"@type\":\"ImageObject\",\"inLanguage\":\"fr-FR\",\"@id\":\"https:\/\/kapitalis.com\/tunisie\/2016\/01\/08\/auto-peugeot-termine-le-4e-trimestre-2015-en-tete-des-ventes\/#primaryimage\",\"url\":\"http:\/\/kapitalis.com\/tunisie\/wp-content\/uploads\/2015\/10\/Showroom-Peugeot-Sfax.jpg\",\"contentUrl\":\"http:\/\/kapitalis.com\/tunisie\/wp-content\/uploads\/2015\/10\/Showroom-Peugeot-Sfax.jpg\"},{\"@type\":\"BreadcrumbList\",\"@id\":\"https:\/\/kapitalis.com\/tunisie\/2016\/01\/08\/auto-peugeot-termine-le-4e-trimestre-2015-en-tete-des-ventes\/#breadcrumb\",\"itemListElement\":[{\"@type\":\"ListItem\",\"position\":1,\"name\":\"Accueil\",\"item\":\"https:\/\/kapitalis.com\/tunisie\/\"},{\"@type\":\"ListItem\",\"position\":2,\"name\":\"Auto : Peugeot termine le 4e trimestre 2015 en t\u00eate des ventes\"}]},{\"@type\":\"WebSite\",\"@id\":\"https:\/\/kapitalis.com\/tunisie\/#website\",\"url\":\"https:\/\/kapitalis.com\/tunisie\/\",\"name\":\"Kapitalis\",\"description\":\"L&#039;actualit\u00e9 en Tunisie et dans le monde\",\"publisher\":{\"@id\":\"https:\/\/kapitalis.com\/tunisie\/#organization\"},\"potentialAction\":[{\"@type\":\"SearchAction\",\"target\":{\"@type\":\"EntryPoint\",\"urlTemplate\":\"https:\/\/kapitalis.com\/tunisie\/?s={search_term_string}\"},\"query-input\":{\"@type\":\"PropertyValueSpecification\",\"valueRequired\":true,\"valueName\":\"search_term_string\"}}],\"inLanguage\":\"fr-FR\"},{\"@type\":\"Organization\",\"@id\":\"https:\/\/kapitalis.com\/tunisie\/#organization\",\"name\":\"Kapitalis\",\"url\":\"https:\/\/kapitalis.com\/tunisie\/\",\"logo\":{\"@type\":\"ImageObject\",\"inLanguage\":\"fr-FR\",\"@id\":\"https:\/\/kapitalis.com\/tunisie\/#\/schema\/logo\/image\/\",\"url\":\"https:\/\/kapitalis.com\/tunisie\/wp-content\/uploads\/2022\/05\/Kapitalis-big-size.png\",\"contentUrl\":\"https:\/\/kapitalis.com\/tunisie\/wp-content\/uploads\/2022\/05\/Kapitalis-big-size.png\",\"width\":5000,\"height\":1500,\"caption\":\"Kapitalis\"},\"image\":{\"@id\":\"https:\/\/kapitalis.com\/tunisie\/#\/schema\/logo\/image\/\"},\"sameAs\":[\"https:\/\/www.facebook.com\/KapitalisInfo\/\",\"https:\/\/x.com\/KapitalisInfo\",\"https:\/\/www.youtube.com\/channel\/UC-yDYrHyfFBWWZaOw3FPg9Q\"]},{\"@type\":\"Person\",\"@id\":\"https:\/\/kapitalis.com\/tunisie\/#\/schema\/person\/d71f33a9ca44f7bad4698210b480c8e9\",\"name\":\"webmaster kapitalis\",\"url\":\"https:\/\/kapitalis.com\/tunisie\/author\/webmaster-kapitalis\/\"}]}<\/script>\n<!-- \/ Yoast SEO plugin. -->","yoast_head_json":{"title":"Auto : Peugeot termine le 4e trimestre 2015 en t\u00eate des ventes - Kapitalis","robots":{"index":"index","follow":"follow","max-snippet":"max-snippet:-1","max-image-preview":"max-image-preview:large","max-video-preview":"max-video-preview:-1"},"canonical":"https:\/\/kapitalis.com\/tunisie\/2016\/01\/08\/auto-peugeot-termine-le-4e-trimestre-2015-en-tete-des-ventes\/","og_locale":"fr_FR","og_type":"article","og_title":"Auto : Peugeot termine le 4e trimestre 2015 en t\u00eate des ventes - Kapitalis","og_description":"Stafim Peugeot annonce, dans un communiqu\u00e9, qu\u2019elle a termin\u00e9 le mois de d\u00e9cembre 2015 en t\u00eate des ventes des v\u00e9hicules particuliers et utilitaires.","og_url":"https:\/\/kapitalis.com\/tunisie\/2016\/01\/08\/auto-peugeot-termine-le-4e-trimestre-2015-en-tete-des-ventes\/","og_site_name":"Kapitalis","article_publisher":"https:\/\/www.facebook.com\/KapitalisInfo\/","article_published_time":"2016-01-08T10:55:11+00:00","article_modified_time":"2016-01-08T10:57:23+00:00","og_image":[{"url":"http:\/\/kapitalis.com\/tunisie\/wp-content\/uploads\/2015\/10\/Showroom-Peugeot-Sfax.jpg","type":"","width":"","height":""}],"author":"webmaster kapitalis","twitter_card":"summary_large_image","twitter_creator":"@KapitalisInfo","twitter_site":"@KapitalisInfo","twitter_misc":{"\u00c9crit par":"webmaster kapitalis","Dur\u00e9e de lecture estim\u00e9e":"1 minute"},"schema":{"@context":"https:\/\/schema.org","@graph":[{"@type":"Article","@id":"https:\/\/kapitalis.com\/tunisie\/2016\/01\/08\/auto-peugeot-termine-le-4e-trimestre-2015-en-tete-des-ventes\/#article","isPartOf":{"@id":"https:\/\/kapitalis.com\/tunisie\/2016\/01\/08\/auto-peugeot-termine-le-4e-trimestre-2015-en-tete-des-ventes\/"},"author":{"name":"webmaster kapitalis","@id":"https:\/\/kapitalis.com\/tunisie\/#\/schema\/person\/d71f33a9ca44f7bad4698210b480c8e9"},"headline":"Auto : Peugeot termine le 4e trimestre 2015 en t\u00eate des ventes","datePublished":"2016-01-08T10:55:11+00:00","dateModified":"2016-01-08T10:57:23+00:00","mainEntityOfPage":{"@id":"https:\/\/kapitalis.com\/tunisie\/2016\/01\/08\/auto-peugeot-termine-le-4e-trimestre-2015-en-tete-des-ventes\/"},"wordCount":201,"commentCount":0,"publisher":{"@id":"https:\/\/kapitalis.com\/tunisie\/#organization"},"image":{"@id":"https:\/\/kapitalis.com\/tunisie\/2016\/01\/08\/auto-peugeot-termine-le-4e-trimestre-2015-en-tete-des-ventes\/#primaryimage"},"thumbnailUrl":"http:\/\/kapitalis.com\/tunisie\/wp-content\/uploads\/2015\/10\/Showroom-Peugeot-Sfax.jpg","keywords":["concessionnaire","Stafim Peugeot","utilitaires","v\u00e9hicules particuliers"],"articleSection":["ECONOMIE","Tunisie"],"inLanguage":"fr-FR","potentialAction":[{"@type":"CommentAction","name":"Comment","target":["https:\/\/kapitalis.com\/tunisie\/2016\/01\/08\/auto-peugeot-termine-le-4e-trimestre-2015-en-tete-des-ventes\/#respond"]}]},{"@type":"WebPage","@id":"https:\/\/kapitalis.com\/tunisie\/2016\/01\/08\/auto-peugeot-termine-le-4e-trimestre-2015-en-tete-des-ventes\/","url":"https:\/\/kapitalis.com\/tunisie\/2016\/01\/08\/auto-peugeot-termine-le-4e-trimestre-2015-en-tete-des-ventes\/","name":"Auto : Peugeot termine le 4e trimestre 2015 en t\u00eate des ventes - Kapitalis","isPartOf":{"@id":"https:\/\/kapitalis.com\/tunisie\/#website"},"primaryImageOfPage":{"@id":"https:\/\/kapitalis.com\/tunisie\/2016\/01\/08\/auto-peugeot-termine-le-4e-trimestre-2015-en-tete-des-ventes\/#primaryimage"},"image":{"@id":"https:\/\/kapitalis.com\/tunisie\/2016\/01\/08\/auto-peugeot-termine-le-4e-trimestre-2015-en-tete-des-ventes\/#primaryimage"},"thumbnailUrl":"http:\/\/kapitalis.com\/tunisie\/wp-content\/uploads\/2015\/10\/Showroom-Peugeot-Sfax.jpg","datePublished":"2016-01-08T10:55:11+00:00","dateModified":"2016-01-08T10:57:23+00:00","breadcrumb":{"@id":"https:\/\/kapitalis.com\/tunisie\/2016\/01\/08\/auto-peugeot-termine-le-4e-trimestre-2015-en-tete-des-ventes\/#breadcrumb"},"inLanguage":"fr-FR","potentialAction":[{"@type":"ReadAction","target":["https:\/\/kapitalis.com\/tunisie\/2016\/01\/08\/auto-peugeot-termine-le-4e-trimestre-2015-en-tete-des-ventes\/"]}]},{"@type":"ImageObject","inLanguage":"fr-FR","@id":"https:\/\/kapitalis.com\/tunisie\/2016\/01\/08\/auto-peugeot-termine-le-4e-trimestre-2015-en-tete-des-ventes\/#primaryimage","url":"http:\/\/kapitalis.com\/tunisie\/wp-content\/uploads\/2015\/10\/Showroom-Peugeot-Sfax.jpg","contentUrl":"http:\/\/kapitalis.com\/tunisie\/wp-content\/uploads\/2015\/10\/Showroom-Peugeot-Sfax.jpg"},{"@type":"BreadcrumbList","@id":"https:\/\/kapitalis.com\/tunisie\/2016\/01\/08\/auto-peugeot-termine-le-4e-trimestre-2015-en-tete-des-ventes\/#breadcrumb","itemListElement":[{"@type":"ListItem","position":1,"name":"Accueil","item":"https:\/\/kapitalis.com\/tunisie\/"},{"@type":"ListItem","position":2,"name":"Auto : Peugeot termine le 4e trimestre 2015 en t\u00eate des ventes"}]},{"@type":"WebSite","@id":"https:\/\/kapitalis.com\/tunisie\/#website","url":"https:\/\/kapitalis.com\/tunisie\/","name":"Kapitalis","description":"L&#039;actualit\u00e9 en Tunisie et dans le monde","publisher":{"@id":"https:\/\/kapitalis.com\/tunisie\/#organization"},"potentialAction":[{"@type":"SearchAction","target":{"@type":"EntryPoint","urlTemplate":"https:\/\/kapitalis.com\/tunisie\/?s={search_term_string}"},"query-input":{"@type":"PropertyValueSpecification","valueRequired":true,"valueName":"search_term_string"}}],"inLanguage":"fr-FR"},{"@type":"Organization","@id":"https:\/\/kapitalis.com\/tunisie\/#organization","name":"Kapitalis","url":"https:\/\/kapitalis.com\/tunisie\/","logo":{"@type":"ImageObject","inLanguage":"fr-FR","@id":"https:\/\/kapitalis.com\/tunisie\/#\/schema\/logo\/image\/","url":"https:\/\/kapitalis.com\/tunisie\/wp-content\/uploads\/2022\/05\/Kapitalis-big-size.png","contentUrl":"https:\/\/kapitalis.com\/tunisie\/wp-content\/uploads\/2022\/05\/Kapitalis-big-size.png","width":5000,"height":1500,"caption":"Kapitalis"},"image":{"@id":"https:\/\/kapitalis.com\/tunisie\/#\/schema\/logo\/image\/"},"sameAs":["https:\/\/www.facebook.com\/KapitalisInfo\/","https:\/\/x.com\/KapitalisInfo","https:\/\/www.youtube.com\/channel\/UC-yDYrHyfFBWWZaOw3FPg9Q"]},{"@type":"Person","@id":"https:\/\/kapitalis.com\/tunisie\/#\/schema\/person\/d71f33a9ca44f7bad4698210b480c8e9","name":"webmaster kapitalis","url":"https:\/\/kapitalis.com\/tunisie\/author\/webmaster-kapitalis\/"}]}},"_links":{"self":[{"href":"https:\/\/kapitalis.com\/tunisie\/wp-json\/wp\/v2\/posts\/33787","targetHints":{"allow":["GET"]}}],"collection":[{"href":"https:\/\/kapitalis.com\/tunisie\/wp-json\/wp\/v2\/posts"}],"about":[{"href":"https:\/\/kapitalis.com\/tunisie\/wp-json\/wp\/v2\/types\/post"}],"author":[{"embeddable":true,"href":"https:\/\/kapitalis.com\/tunisie\/wp-json\/wp\/v2\/users\/8"}],"replies":[{"embeddable":true,"href":"https:\/\/kapitalis.com\/tunisie\/wp-json\/wp\/v2\/comments?post=33787"}],"version-history":[{"count":0,"href":"https:\/\/kapitalis.com\/tunisie\/wp-json\/wp\/v2\/posts\/33787\/revisions"}],"wp:attachment":[{"href":"https:\/\/kapitalis.com\/tunisie\/wp-json\/wp\/v2\/media?parent=33787"}],"wp:term":[{"taxonomy":"category","embeddable":true,"href":"https:\/\/kapitalis.com\/tunisie\/wp-json\/wp\/v2\/categories?post=33787"},{"taxonomy":"post_tag","embeddable":true,"href":"https:\/\/kapitalis.com\/tunisie\/wp-json\/wp\/v2\/tags?post=33787"}],"curies":[{"name":"wp","href":"https:\/\/api.w.org\/{rel}","templated":true}]}}