{"id":3378964,"date":"2022-08-24T11:29:45","date_gmt":"2022-08-24T10:29:45","guid":{"rendered":"https:\/\/kapitalis.com\/tunisie\/?p=3378964"},"modified":"2022-08-24T11:29:47","modified_gmt":"2022-08-24T10:29:47","slug":"et-si-la-tunisie-envoyait-ses-syndicalistes-en-formation-au-japon","status":"publish","type":"post","link":"https:\/\/kapitalis.com\/tunisie\/2022\/08\/24\/et-si-la-tunisie-envoyait-ses-syndicalistes-en-formation-au-japon\/","title":{"rendered":"Et si la Tunisie envoyait ses syndicalistes en formation au Japon\u00a0?"},"content":{"rendered":"\n<p><strong><em>Alors qu\u2019en Tunisie, les syndicats ne reculent devant aucun exc\u00e8s allant jusqu\u2019\u00e0 interf\u00e9rer dans les d\u00e9cisions gouvernementales, nous avons beaucoup \u00e0 apprendre du syndicalisme constructif et patriote des Japonais.<\/em><\/strong> <em>(Illustration : Si le Japon poss\u00e8de l&rsquo;une des trois plus importante industries au monde, cela ne tient pas du hasard).<\/em><\/p>\n\n\n\n<p>Par <strong>Mohamed Rebai <\/strong>*<\/p>\n\n\n\n<!--more-->\n\n\n<div class=\"wp-block-image\">\n<figure class=\"alignleft size-full\"><img decoding=\"async\" src=\"http:\/\/kapitalis.com\/tunisie\/wp-content\/uploads\/2019\/05\/Mohamed-Rebai.jpg\" alt=\"\" class=\"wp-image-213697\"\/><\/figure>\n<\/div>\n\n\n<p>A l\u2019occasion de la tenue de la 8<sup>e<\/sup> Conf\u00e9rence internationale de Tokyo sur le d\u00e9veloppement en Afrique (Ticad 8) qui aura lieu \u00e0 Tunis les 27 et 28 ao\u00fbt 20222, j\u2019ai un v\u0153u tr\u00e8s simple et facile \u00e0 r\u00e9aliser : au lieu de pr\u00e9senter \u00e0 la partie japonaise des projets qui vont co\u00fbter les yeux de la t\u00eate et de les voir p\u00e9ricliter par la suite, il serait plus judicieux d\u2019envoyer au Japon une \u00e9quipe de syndicalistes tunisiens en stage de formation pour au moins trois mois durant lesquels ils vont se familiariser avec la mentalit\u00e9 japonaise au travail.<\/p>\n\n\n\n<p>Au retour, je suis certain qu\u2019ils ne vont pas tarder \u00e0 d\u00e9manteler tous les syndicats revendicatifs, \u00e0 moins qu\u2019ils ne se feront pas hara-kiri avant m\u00eame de prendre l\u2019avion du retour. Et Dieu serait le premier \u00e0 s\u2019en f\u00e9liciter.<\/p>\n\n\n\n<p>Voir le Japon mettre sous son aile cinquante pays africains pour les aider \u00e0 sortir du tunnel du sous-d\u00e9veloppement et de la pauvret\u00e9 \u00e9tait inimaginable il y a cinquante ans. La rapidit\u00e9 avec laquelle ce pays \u00e0 r\u00e9ussi \u00e0 se r\u00e9tablir des s\u00e9quelles de deux bombes atomiques est d\u00e9j\u00e0 en lui-m\u00eame un exploit exceptionnel.<\/p>\n\n\n\n<h2 class=\"wp-block-heading\">Un syndicalisme constructif et patriote est possible<\/h2>\n\n\n\n<p>Le Japon que j\u2019ai eu l\u2019honneur et le privil\u00e8ge de visiter est un monde \u00e0 part o\u00f9 les syndicats n\u2019ont qu\u2019une importance symbolique. Ils sont impliqu\u00e9s dans l\u2019am\u00e9lioration des conditions g\u00e9n\u00e9rales de travail des employ\u00e9s et la recherche de plus de productivit\u00e9 et d\u2019innovation, mais jamais dans les arr\u00eats intempestifs et co\u00fbteux du travail.<\/p>\n\n\n\n<figure class=\"wp-block-embed is-type-wp-embed is-provider-kapitalis wp-block-embed-kapitalis\"><div class=\"wp-block-embed__wrapper\">\n<blockquote class=\"wp-embedded-content\" data-secret=\"vhmVSgNOQv\"><a href=\"https:\/\/kapitalis.com\/tunisie\/2022\/08\/23\/lugtt-face-a-la-crise-de-la-rnta-le-suicide-oui-la-privatisation-non\/\">L\u2019UGTT face \u00e0 la crise de la RNTA\u00a0: le suicide oui, la privatisation non\u00a0!<\/a><\/blockquote><iframe loading=\"lazy\" class=\"wp-embedded-content\" sandbox=\"allow-scripts\" security=\"restricted\" style=\"position: absolute; clip: rect(1px, 1px, 1px, 1px);\" title=\"\u00ab\u00a0L\u2019UGTT face \u00e0 la crise de la RNTA\u00a0: le suicide oui, la privatisation non\u00a0!\u00a0\u00bb &#8212; Kapitalis\" src=\"https:\/\/kapitalis.com\/tunisie\/2022\/08\/23\/lugtt-face-a-la-crise-de-la-rnta-le-suicide-oui-la-privatisation-non\/embed\/#?secret=nnGPTbsxGN#?secret=vhmVSgNOQv\" data-secret=\"vhmVSgNOQv\" width=\"600\" height=\"338\" frameborder=\"0\" marginwidth=\"0\" marginheight=\"0\" scrolling=\"no\"><\/iframe>\n<\/div><\/figure>\n\n\n\n<p>C\u2019est un pays o\u00f9 le cong\u00e9 annuel d\u2019une dur\u00e9e d\u2019un mois d\u2019affil\u00e9e n\u2019est pas admis comme c\u2019est le cas chez nous. Le maximum tol\u00e9r\u00e9 est de 15 jours par an. Et m\u00eame avec 15 jours par an, les Japonais ne sont pas contents. Je les ai vus \u00e0 Osaka porter des brassards rouges pour demander de r\u00e9duire ce cong\u00e9 \u00e0 12 jours par an puisqu\u2019ils ne prennent, en r\u00e9alit\u00e9, que 10 jours de vacances. Il faut \u00eatre Japonais pour comprendre une telle logique d\u2019engagement altruiste et d\u2019abn\u00e9gation au service de la collectivit\u00e9.<\/p>\n\n\n\n<p>D\u00e9cid\u00e9ment, nous avons int\u00e9r\u00eat \u00e0 comprendre les peuples qui ont r\u00e9ussi \u00e0 d\u00e9coller en peu de temps et, surtout, \u00e0 apprendre d\u2019eux.<\/p>\n\n\n\n<p>Le Japon, pays priv\u00e9 de ressources naturelles, importe tout de l\u2019\u00e9tranger, transforme les mati\u00e8res premi\u00e8re et les exporte au monde entier avec une plus-value tr\u00e8s \u00e9lev\u00e9e. A force d\u2019accumuler des richesses au fil du temps, ils ont actuellement de s\u00e9rieux probl\u00e8mes de surplus de liquidit\u00e9. Ils cherchent \u00e0 les placer sans int\u00e9r\u00eat r\u00e9mun\u00e9rateur. L\u2019essentiel est d\u2019offrir des garanties de remboursement des cr\u00e9dits octroy\u00e9s. Il faut bien avoir la culture de la fortune gagn\u00e9e de haute lutte.<\/p>\n\n\n\n<p>Notez que le Japon a d\u00e9j\u00e0 pr\u00eat\u00e9 \u00e0 la Tunisie des cr\u00e9dits compl\u00e9mentaires \u00e0 un taux d\u2019int\u00e9r\u00eat insignifiant (1%) et nous a apport\u00e9 des aides et des subventions dont on sait ce qu\u2019il en est advenu et si on en a vraiment fait bon usage.<\/p>\n\n\n\n<p>Alors que dans notre pays les syndicats ne reculent devant aucun exc\u00e8s allant jusqu\u2019\u00e0 interf\u00e9rer dans les d\u00e9cisions gouvernementales, nous avons beaucoup \u00e0 apprendre du syndicalisme constructif et patriote des Japonais.<\/p>\n\n\n\n<p>Personnellement, je pense que le syndicatdoit afficher une totale neutralit\u00e9 vis-\u00e0-vis de la politique en g\u00e9n\u00e9ral et des partis en particulier. Les gr\u00e8ves perl\u00e9es ou les gr\u00e8ves du z\u00e8le ont exerc\u00e9 une pression intenable sur le gouvernement qui n\u2019arrive plus non pas \u00e0 tenir ses engagements, mais \u00e0 g\u00e9rer correctement le pays.<\/p>\n\n\n\n<h2 class=\"wp-block-heading\">Les syndicats reculent partout dans le monde, sauf en Tunisie \u00a0<\/h2>\n\n\n\n<p>Curieusement, nos chers syndicalistes n\u2019ont pas besoin de tenir un livre de comptes, leur budget est une grande \u00e9nigme et personne ne peut contr\u00f4ler leurs recettes et leurs d\u00e9penses.\u00a0Ils disent garantir ainsi leur ind\u00e9pendance, mais l\u2019ind\u00e9pendance ici est synonyme de manque de transparence, cachoterie et magouille.<\/p>\n\n\n\n<figure class=\"wp-block-embed is-type-wp-embed is-provider-kapitalis wp-block-embed-kapitalis\"><div class=\"wp-block-embed__wrapper\">\n<blockquote class=\"wp-embedded-content\" data-secret=\"LvxAfFLOgq\"><a href=\"https:\/\/kapitalis.com\/tunisie\/2021\/06\/18\/comment-lugtt-detruit-leconomie-tunisienne\/\">Comment l\u2019UGTT d\u00e9truit l\u2019\u00e9conomie tunisienne<\/a><\/blockquote><iframe loading=\"lazy\" class=\"wp-embedded-content\" sandbox=\"allow-scripts\" security=\"restricted\" style=\"position: absolute; clip: rect(1px, 1px, 1px, 1px);\" title=\"\u00ab\u00a0Comment l\u2019UGTT d\u00e9truit l\u2019\u00e9conomie tunisienne\u00a0\u00bb &#8212; Kapitalis\" src=\"https:\/\/kapitalis.com\/tunisie\/2021\/06\/18\/comment-lugtt-detruit-leconomie-tunisienne\/embed\/#?secret=fGUZCn6SV2#?secret=LvxAfFLOgq\" data-secret=\"LvxAfFLOgq\" width=\"600\" height=\"338\" frameborder=\"0\" marginwidth=\"0\" marginheight=\"0\" scrolling=\"no\"><\/iframe>\n<\/div><\/figure>\n\n\n\n<p>Durant les dix derni\u00e8res ann\u00e9es cauchemardesques des pans entiers du tissu industriel op\u00e9rant dans le cadre de la loi 72 a \u00e9t\u00e9 d\u00e9mantel\u00e9 et beaucoup d\u2019entreprises qui travaillaient pour l\u2019exportation ont mis les clefs sous le paillasson pour migrer vers le Maroc.&nbsp;<\/p>\n\n\n\n<p>Avec la mondialisation impliquant une concurrence internationale rude, les employ\u00e9s syndiqu\u00e9s ne repr\u00e9sentent plus que 10% des salari\u00e9s au monde. En Tunisie, ils sont devenus plus puissants que l\u2019Etat lui-m\u00eame.&nbsp; En France, un pays qui nous est proche et qui nous a souvent servi de mod\u00e8le, les syndicats ne p\u00e8sent pas lourd en termes de nombre d\u2019adh\u00e9rents&nbsp;:&nbsp;8% des salari\u00e9s dans le priv\u00e9, 19% dans le public,&nbsp;5%&nbsp;seulement des ouvriers,&nbsp;3,5%&nbsp;dans les petites entreprises.<\/p>\n\n\n\n<p>La drogue, la prostitution, le monde de la nuit, les villas cossues avec piscine chauff\u00e9es, les bolides sensationnels ne suffisent plus \u00e0 calmer la boulimie des contrebandiers parrain\u00e9s par des politiques v\u00e9reux. Ils continuent de survivre aux grands p\u00e9rils qu\u2019ils incarnent. Ils nous prouvent chaque jour qu\u2019il y a une autre mani\u00e8re pour gagner de l\u2019argent autre que les circuits l\u00e9gaux. <\/p>\n\n\n\n<p>* <em>Economiste.<\/em><\/p>\n","protected":false},"excerpt":{"rendered":"<p>Il serait judicieux d\u2019envoyer au Japon une \u00e9quipe de syndicalistes tunisiens en stage de formation pour au moins trois mois durant lesquels ils vont se familiariser avec la mentalit\u00e9 japonaise au travail.<\/p>\n","protected":false},"author":8,"featured_media":3379439,"comment_status":"open","ping_status":"open","sticky":false,"template":"","format":"standard","meta":{"footnotes":""},"categories":[992,995,1000,2433],"tags":[4855,86884,4803,1395,80888,62643],"class_list":["post-3378964","post","type-post","status-publish","format-standard","has-post-thumbnail","hentry","category-a-la-une","category-economie","category-tribune","category-tunisie","tag-japon","tag-mohamed-rebai","tag-syndicalistes","tag-syndicats","tag-ticad-8","tag-tunisie"],"yoast_head":"<!-- This site is optimized with the Yoast SEO plugin v26.6 - https:\/\/yoast.com\/wordpress\/plugins\/seo\/ -->\n<title>Et si la Tunisie envoyait ses syndicalistes en formation au Japon\u00a0? - Kapitalis<\/title>\n<meta name=\"robots\" content=\"index, follow, max-snippet:-1, max-image-preview:large, max-video-preview:-1\" \/>\n<link rel=\"canonical\" href=\"https:\/\/kapitalis.com\/tunisie\/2022\/08\/24\/et-si-la-tunisie-envoyait-ses-syndicalistes-en-formation-au-japon\/\" \/>\n<meta property=\"og:locale\" content=\"fr_FR\" \/>\n<meta property=\"og:type\" content=\"article\" \/>\n<meta property=\"og:title\" content=\"Et si la Tunisie envoyait ses syndicalistes en formation au Japon\u00a0? - Kapitalis\" \/>\n<meta property=\"og:description\" content=\"Il serait judicieux d\u2019envoyer au Japon une \u00e9quipe de syndicalistes tunisiens en stage de formation pour au moins trois mois durant lesquels ils vont se familiariser avec la mentalit\u00e9 japonaise au travail.\" \/>\n<meta property=\"og:url\" content=\"https:\/\/kapitalis.com\/tunisie\/2022\/08\/24\/et-si-la-tunisie-envoyait-ses-syndicalistes-en-formation-au-japon\/\" \/>\n<meta property=\"og:site_name\" content=\"Kapitalis\" \/>\n<meta property=\"article:publisher\" content=\"https:\/\/www.facebook.com\/KapitalisInfo\/\" \/>\n<meta property=\"article:published_time\" content=\"2022-08-24T10:29:45+00:00\" \/>\n<meta property=\"article:modified_time\" content=\"2022-08-24T10:29:47+00:00\" \/>\n<meta property=\"og:image\" content=\"https:\/\/kapitalis.com\/tunisie\/wp-content\/uploads\/2022\/08\/Industrie-atomobile-japonaise.jpg\" \/>\n\t<meta property=\"og:image:width\" content=\"1200\" \/>\n\t<meta property=\"og:image:height\" content=\"630\" \/>\n\t<meta property=\"og:image:type\" content=\"image\/jpeg\" \/>\n<meta name=\"author\" content=\"webmaster kapitalis\" \/>\n<meta name=\"twitter:card\" content=\"summary_large_image\" \/>\n<meta name=\"twitter:creator\" content=\"@KapitalisInfo\" \/>\n<meta name=\"twitter:site\" content=\"@KapitalisInfo\" \/>\n<meta name=\"twitter:label1\" content=\"\u00c9crit par\" \/>\n\t<meta name=\"twitter:data1\" content=\"webmaster kapitalis\" \/>\n\t<meta name=\"twitter:label2\" content=\"Dur\u00e9e de lecture estim\u00e9e\" \/>\n\t<meta name=\"twitter:data2\" content=\"5 minutes\" \/>\n<script type=\"application\/ld+json\" class=\"yoast-schema-graph\">{\"@context\":\"https:\/\/schema.org\",\"@graph\":[{\"@type\":\"Article\",\"@id\":\"https:\/\/kapitalis.com\/tunisie\/2022\/08\/24\/et-si-la-tunisie-envoyait-ses-syndicalistes-en-formation-au-japon\/#article\",\"isPartOf\":{\"@id\":\"https:\/\/kapitalis.com\/tunisie\/2022\/08\/24\/et-si-la-tunisie-envoyait-ses-syndicalistes-en-formation-au-japon\/\"},\"author\":{\"name\":\"webmaster kapitalis\",\"@id\":\"https:\/\/kapitalis.com\/tunisie\/#\/schema\/person\/d71f33a9ca44f7bad4698210b480c8e9\"},\"headline\":\"Et si la Tunisie envoyait ses syndicalistes en formation au Japon\u00a0?\",\"datePublished\":\"2022-08-24T10:29:45+00:00\",\"dateModified\":\"2022-08-24T10:29:47+00:00\",\"mainEntityOfPage\":{\"@id\":\"https:\/\/kapitalis.com\/tunisie\/2022\/08\/24\/et-si-la-tunisie-envoyait-ses-syndicalistes-en-formation-au-japon\/\"},\"wordCount\":986,\"commentCount\":7,\"publisher\":{\"@id\":\"https:\/\/kapitalis.com\/tunisie\/#organization\"},\"image\":{\"@id\":\"https:\/\/kapitalis.com\/tunisie\/2022\/08\/24\/et-si-la-tunisie-envoyait-ses-syndicalistes-en-formation-au-japon\/#primaryimage\"},\"thumbnailUrl\":\"https:\/\/kapitalis.com\/tunisie\/wp-content\/uploads\/2022\/08\/Industrie-atomobile-japonaise.jpg\",\"keywords\":[\"Japon\",\"Mohamed Rebai\",\"syndicalistes\",\"syndicats\",\"Ticad 8\",\"Tunisie\"],\"articleSection\":[\"A LA UNE\",\"ECONOMIE\",\"TRIBUNE\",\"Tunisie\"],\"inLanguage\":\"fr-FR\",\"potentialAction\":[{\"@type\":\"CommentAction\",\"name\":\"Comment\",\"target\":[\"https:\/\/kapitalis.com\/tunisie\/2022\/08\/24\/et-si-la-tunisie-envoyait-ses-syndicalistes-en-formation-au-japon\/#respond\"]}]},{\"@type\":\"WebPage\",\"@id\":\"https:\/\/kapitalis.com\/tunisie\/2022\/08\/24\/et-si-la-tunisie-envoyait-ses-syndicalistes-en-formation-au-japon\/\",\"url\":\"https:\/\/kapitalis.com\/tunisie\/2022\/08\/24\/et-si-la-tunisie-envoyait-ses-syndicalistes-en-formation-au-japon\/\",\"name\":\"Et si la Tunisie envoyait ses syndicalistes en formation au Japon\u00a0? - Kapitalis\",\"isPartOf\":{\"@id\":\"https:\/\/kapitalis.com\/tunisie\/#website\"},\"primaryImageOfPage\":{\"@id\":\"https:\/\/kapitalis.com\/tunisie\/2022\/08\/24\/et-si-la-tunisie-envoyait-ses-syndicalistes-en-formation-au-japon\/#primaryimage\"},\"image\":{\"@id\":\"https:\/\/kapitalis.com\/tunisie\/2022\/08\/24\/et-si-la-tunisie-envoyait-ses-syndicalistes-en-formation-au-japon\/#primaryimage\"},\"thumbnailUrl\":\"https:\/\/kapitalis.com\/tunisie\/wp-content\/uploads\/2022\/08\/Industrie-atomobile-japonaise.jpg\",\"datePublished\":\"2022-08-24T10:29:45+00:00\",\"dateModified\":\"2022-08-24T10:29:47+00:00\",\"breadcrumb\":{\"@id\":\"https:\/\/kapitalis.com\/tunisie\/2022\/08\/24\/et-si-la-tunisie-envoyait-ses-syndicalistes-en-formation-au-japon\/#breadcrumb\"},\"inLanguage\":\"fr-FR\",\"potentialAction\":[{\"@type\":\"ReadAction\",\"target\":[\"https:\/\/kapitalis.com\/tunisie\/2022\/08\/24\/et-si-la-tunisie-envoyait-ses-syndicalistes-en-formation-au-japon\/\"]}]},{\"@type\":\"ImageObject\",\"inLanguage\":\"fr-FR\",\"@id\":\"https:\/\/kapitalis.com\/tunisie\/2022\/08\/24\/et-si-la-tunisie-envoyait-ses-syndicalistes-en-formation-au-japon\/#primaryimage\",\"url\":\"https:\/\/kapitalis.com\/tunisie\/wp-content\/uploads\/2022\/08\/Industrie-atomobile-japonaise.jpg\",\"contentUrl\":\"https:\/\/kapitalis.com\/tunisie\/wp-content\/uploads\/2022\/08\/Industrie-atomobile-japonaise.jpg\",\"width\":1200,\"height\":630},{\"@type\":\"BreadcrumbList\",\"@id\":\"https:\/\/kapitalis.com\/tunisie\/2022\/08\/24\/et-si-la-tunisie-envoyait-ses-syndicalistes-en-formation-au-japon\/#breadcrumb\",\"itemListElement\":[{\"@type\":\"ListItem\",\"position\":1,\"name\":\"Accueil\",\"item\":\"https:\/\/kapitalis.com\/tunisie\/\"},{\"@type\":\"ListItem\",\"position\":2,\"name\":\"Et si la Tunisie envoyait ses syndicalistes en formation au Japon\u00a0?\"}]},{\"@type\":\"WebSite\",\"@id\":\"https:\/\/kapitalis.com\/tunisie\/#website\",\"url\":\"https:\/\/kapitalis.com\/tunisie\/\",\"name\":\"Kapitalis\",\"description\":\"L&#039;actualit\u00e9 en Tunisie et dans le monde\",\"publisher\":{\"@id\":\"https:\/\/kapitalis.com\/tunisie\/#organization\"},\"potentialAction\":[{\"@type\":\"SearchAction\",\"target\":{\"@type\":\"EntryPoint\",\"urlTemplate\":\"https:\/\/kapitalis.com\/tunisie\/?s={search_term_string}\"},\"query-input\":{\"@type\":\"PropertyValueSpecification\",\"valueRequired\":true,\"valueName\":\"search_term_string\"}}],\"inLanguage\":\"fr-FR\"},{\"@type\":\"Organization\",\"@id\":\"https:\/\/kapitalis.com\/tunisie\/#organization\",\"name\":\"Kapitalis\",\"url\":\"https:\/\/kapitalis.com\/tunisie\/\",\"logo\":{\"@type\":\"ImageObject\",\"inLanguage\":\"fr-FR\",\"@id\":\"https:\/\/kapitalis.com\/tunisie\/#\/schema\/logo\/image\/\",\"url\":\"https:\/\/kapitalis.com\/tunisie\/wp-content\/uploads\/2022\/05\/Kapitalis-big-size.png\",\"contentUrl\":\"https:\/\/kapitalis.com\/tunisie\/wp-content\/uploads\/2022\/05\/Kapitalis-big-size.png\",\"width\":5000,\"height\":1500,\"caption\":\"Kapitalis\"},\"image\":{\"@id\":\"https:\/\/kapitalis.com\/tunisie\/#\/schema\/logo\/image\/\"},\"sameAs\":[\"https:\/\/www.facebook.com\/KapitalisInfo\/\",\"https:\/\/x.com\/KapitalisInfo\",\"https:\/\/www.youtube.com\/channel\/UC-yDYrHyfFBWWZaOw3FPg9Q\"]},{\"@type\":\"Person\",\"@id\":\"https:\/\/kapitalis.com\/tunisie\/#\/schema\/person\/d71f33a9ca44f7bad4698210b480c8e9\",\"name\":\"webmaster kapitalis\",\"url\":\"https:\/\/kapitalis.com\/tunisie\/author\/webmaster-kapitalis\/\"}]}<\/script>\n<!-- \/ Yoast SEO plugin. -->","yoast_head_json":{"title":"Et si la Tunisie envoyait ses syndicalistes en formation au Japon\u00a0? - Kapitalis","robots":{"index":"index","follow":"follow","max-snippet":"max-snippet:-1","max-image-preview":"max-image-preview:large","max-video-preview":"max-video-preview:-1"},"canonical":"https:\/\/kapitalis.com\/tunisie\/2022\/08\/24\/et-si-la-tunisie-envoyait-ses-syndicalistes-en-formation-au-japon\/","og_locale":"fr_FR","og_type":"article","og_title":"Et si la Tunisie envoyait ses syndicalistes en formation au Japon\u00a0? - Kapitalis","og_description":"Il serait judicieux d\u2019envoyer au Japon une \u00e9quipe de syndicalistes tunisiens en stage de formation pour au moins trois mois durant lesquels ils vont se familiariser avec la mentalit\u00e9 japonaise au travail.","og_url":"https:\/\/kapitalis.com\/tunisie\/2022\/08\/24\/et-si-la-tunisie-envoyait-ses-syndicalistes-en-formation-au-japon\/","og_site_name":"Kapitalis","article_publisher":"https:\/\/www.facebook.com\/KapitalisInfo\/","article_published_time":"2022-08-24T10:29:45+00:00","article_modified_time":"2022-08-24T10:29:47+00:00","og_image":[{"width":1200,"height":630,"url":"https:\/\/kapitalis.com\/tunisie\/wp-content\/uploads\/2022\/08\/Industrie-atomobile-japonaise.jpg","type":"image\/jpeg"}],"author":"webmaster kapitalis","twitter_card":"summary_large_image","twitter_creator":"@KapitalisInfo","twitter_site":"@KapitalisInfo","twitter_misc":{"\u00c9crit par":"webmaster kapitalis","Dur\u00e9e de lecture estim\u00e9e":"5 minutes"},"schema":{"@context":"https:\/\/schema.org","@graph":[{"@type":"Article","@id":"https:\/\/kapitalis.com\/tunisie\/2022\/08\/24\/et-si-la-tunisie-envoyait-ses-syndicalistes-en-formation-au-japon\/#article","isPartOf":{"@id":"https:\/\/kapitalis.com\/tunisie\/2022\/08\/24\/et-si-la-tunisie-envoyait-ses-syndicalistes-en-formation-au-japon\/"},"author":{"name":"webmaster kapitalis","@id":"https:\/\/kapitalis.com\/tunisie\/#\/schema\/person\/d71f33a9ca44f7bad4698210b480c8e9"},"headline":"Et si la Tunisie envoyait ses syndicalistes en formation au Japon\u00a0?","datePublished":"2022-08-24T10:29:45+00:00","dateModified":"2022-08-24T10:29:47+00:00","mainEntityOfPage":{"@id":"https:\/\/kapitalis.com\/tunisie\/2022\/08\/24\/et-si-la-tunisie-envoyait-ses-syndicalistes-en-formation-au-japon\/"},"wordCount":986,"commentCount":7,"publisher":{"@id":"https:\/\/kapitalis.com\/tunisie\/#organization"},"image":{"@id":"https:\/\/kapitalis.com\/tunisie\/2022\/08\/24\/et-si-la-tunisie-envoyait-ses-syndicalistes-en-formation-au-japon\/#primaryimage"},"thumbnailUrl":"https:\/\/kapitalis.com\/tunisie\/wp-content\/uploads\/2022\/08\/Industrie-atomobile-japonaise.jpg","keywords":["Japon","Mohamed Rebai","syndicalistes","syndicats","Ticad 8","Tunisie"],"articleSection":["A LA UNE","ECONOMIE","TRIBUNE","Tunisie"],"inLanguage":"fr-FR","potentialAction":[{"@type":"CommentAction","name":"Comment","target":["https:\/\/kapitalis.com\/tunisie\/2022\/08\/24\/et-si-la-tunisie-envoyait-ses-syndicalistes-en-formation-au-japon\/#respond"]}]},{"@type":"WebPage","@id":"https:\/\/kapitalis.com\/tunisie\/2022\/08\/24\/et-si-la-tunisie-envoyait-ses-syndicalistes-en-formation-au-japon\/","url":"https:\/\/kapitalis.com\/tunisie\/2022\/08\/24\/et-si-la-tunisie-envoyait-ses-syndicalistes-en-formation-au-japon\/","name":"Et si la Tunisie envoyait ses syndicalistes en formation au Japon\u00a0? - Kapitalis","isPartOf":{"@id":"https:\/\/kapitalis.com\/tunisie\/#website"},"primaryImageOfPage":{"@id":"https:\/\/kapitalis.com\/tunisie\/2022\/08\/24\/et-si-la-tunisie-envoyait-ses-syndicalistes-en-formation-au-japon\/#primaryimage"},"image":{"@id":"https:\/\/kapitalis.com\/tunisie\/2022\/08\/24\/et-si-la-tunisie-envoyait-ses-syndicalistes-en-formation-au-japon\/#primaryimage"},"thumbnailUrl":"https:\/\/kapitalis.com\/tunisie\/wp-content\/uploads\/2022\/08\/Industrie-atomobile-japonaise.jpg","datePublished":"2022-08-24T10:29:45+00:00","dateModified":"2022-08-24T10:29:47+00:00","breadcrumb":{"@id":"https:\/\/kapitalis.com\/tunisie\/2022\/08\/24\/et-si-la-tunisie-envoyait-ses-syndicalistes-en-formation-au-japon\/#breadcrumb"},"inLanguage":"fr-FR","potentialAction":[{"@type":"ReadAction","target":["https:\/\/kapitalis.com\/tunisie\/2022\/08\/24\/et-si-la-tunisie-envoyait-ses-syndicalistes-en-formation-au-japon\/"]}]},{"@type":"ImageObject","inLanguage":"fr-FR","@id":"https:\/\/kapitalis.com\/tunisie\/2022\/08\/24\/et-si-la-tunisie-envoyait-ses-syndicalistes-en-formation-au-japon\/#primaryimage","url":"https:\/\/kapitalis.com\/tunisie\/wp-content\/uploads\/2022\/08\/Industrie-atomobile-japonaise.jpg","contentUrl":"https:\/\/kapitalis.com\/tunisie\/wp-content\/uploads\/2022\/08\/Industrie-atomobile-japonaise.jpg","width":1200,"height":630},{"@type":"BreadcrumbList","@id":"https:\/\/kapitalis.com\/tunisie\/2022\/08\/24\/et-si-la-tunisie-envoyait-ses-syndicalistes-en-formation-au-japon\/#breadcrumb","itemListElement":[{"@type":"ListItem","position":1,"name":"Accueil","item":"https:\/\/kapitalis.com\/tunisie\/"},{"@type":"ListItem","position":2,"name":"Et si la Tunisie envoyait ses syndicalistes en formation au Japon\u00a0?"}]},{"@type":"WebSite","@id":"https:\/\/kapitalis.com\/tunisie\/#website","url":"https:\/\/kapitalis.com\/tunisie\/","name":"Kapitalis","description":"L&#039;actualit\u00e9 en Tunisie et dans le monde","publisher":{"@id":"https:\/\/kapitalis.com\/tunisie\/#organization"},"potentialAction":[{"@type":"SearchAction","target":{"@type":"EntryPoint","urlTemplate":"https:\/\/kapitalis.com\/tunisie\/?s={search_term_string}"},"query-input":{"@type":"PropertyValueSpecification","valueRequired":true,"valueName":"search_term_string"}}],"inLanguage":"fr-FR"},{"@type":"Organization","@id":"https:\/\/kapitalis.com\/tunisie\/#organization","name":"Kapitalis","url":"https:\/\/kapitalis.com\/tunisie\/","logo":{"@type":"ImageObject","inLanguage":"fr-FR","@id":"https:\/\/kapitalis.com\/tunisie\/#\/schema\/logo\/image\/","url":"https:\/\/kapitalis.com\/tunisie\/wp-content\/uploads\/2022\/05\/Kapitalis-big-size.png","contentUrl":"https:\/\/kapitalis.com\/tunisie\/wp-content\/uploads\/2022\/05\/Kapitalis-big-size.png","width":5000,"height":1500,"caption":"Kapitalis"},"image":{"@id":"https:\/\/kapitalis.com\/tunisie\/#\/schema\/logo\/image\/"},"sameAs":["https:\/\/www.facebook.com\/KapitalisInfo\/","https:\/\/x.com\/KapitalisInfo","https:\/\/www.youtube.com\/channel\/UC-yDYrHyfFBWWZaOw3FPg9Q"]},{"@type":"Person","@id":"https:\/\/kapitalis.com\/tunisie\/#\/schema\/person\/d71f33a9ca44f7bad4698210b480c8e9","name":"webmaster kapitalis","url":"https:\/\/kapitalis.com\/tunisie\/author\/webmaster-kapitalis\/"}]}},"_links":{"self":[{"href":"https:\/\/kapitalis.com\/tunisie\/wp-json\/wp\/v2\/posts\/3378964","targetHints":{"allow":["GET"]}}],"collection":[{"href":"https:\/\/kapitalis.com\/tunisie\/wp-json\/wp\/v2\/posts"}],"about":[{"href":"https:\/\/kapitalis.com\/tunisie\/wp-json\/wp\/v2\/types\/post"}],"author":[{"embeddable":true,"href":"https:\/\/kapitalis.com\/tunisie\/wp-json\/wp\/v2\/users\/8"}],"replies":[{"embeddable":true,"href":"https:\/\/kapitalis.com\/tunisie\/wp-json\/wp\/v2\/comments?post=3378964"}],"version-history":[{"count":0,"href":"https:\/\/kapitalis.com\/tunisie\/wp-json\/wp\/v2\/posts\/3378964\/revisions"}],"wp:featuredmedia":[{"embeddable":true,"href":"https:\/\/kapitalis.com\/tunisie\/wp-json\/wp\/v2\/media\/3379439"}],"wp:attachment":[{"href":"https:\/\/kapitalis.com\/tunisie\/wp-json\/wp\/v2\/media?parent=3378964"}],"wp:term":[{"taxonomy":"category","embeddable":true,"href":"https:\/\/kapitalis.com\/tunisie\/wp-json\/wp\/v2\/categories?post=3378964"},{"taxonomy":"post_tag","embeddable":true,"href":"https:\/\/kapitalis.com\/tunisie\/wp-json\/wp\/v2\/tags?post=3378964"}],"curies":[{"name":"wp","href":"https:\/\/api.w.org\/{rel}","templated":true}]}}