{"id":338090,"date":"2021-02-28T09:34:37","date_gmt":"2021-02-28T08:34:37","guid":{"rendered":"http:\/\/kapitalis.com\/tunisie\/?p=338090"},"modified":"2021-02-28T09:34:49","modified_gmt":"2021-02-28T08:34:49","slug":"kais-saied-un-president-qui-ne-sait-pas-compter","status":"publish","type":"post","link":"https:\/\/kapitalis.com\/tunisie\/2021\/02\/28\/kais-saied-un-president-qui-ne-sait-pas-compter\/","title":{"rendered":"Ka\u00efs Sa\u00efed, un pr\u00e9sident qui ne sait pas compter"},"content":{"rendered":"\n<figure class=\"wp-block-image size-large\"><img decoding=\"async\" src=\"http:\/\/kapitalis.com\/tunisie\/wp-content\/uploads\/2021\/02\/Kais-Saied-Kairouan.jpg\" alt=\"\" class=\"wp-image-338091\"\/><figcaption><em>Ka\u00efs Sa\u00efed examinant les plans du Centre m\u00e9dical promis aux Kairouanais. Esp\u00e9rons qu&rsquo;il l&rsquo;inaugurera avant la fin de son mandat en 2024.<\/em><\/figcaption><\/figure>\n\n\n\n<p><strong><em>Quand il est emport\u00e9 par sa rh\u00e9torique, le pr\u00e9sident Ka\u00efs Sa\u00efed ne r\u00e9siste pas aux formules toutes faites, m\u00eame si elles sont insens\u00e9es, ou compl\u00e8tement loufoques. Hier, samedi 27 f\u00e9vrier 2021, lors de sa visite \u00e0 Kairouan, il a tout simplement ni\u00e9 l\u2019\u00e9vidence : la Tunisie n\u2019est pas au chapitre de la banqueroute. Il parlait deux jours apr\u00e8s la d\u00e9gradation de la note souveraine du pays par Moodys \u00e0 B 3 avec perspective n\u00e9gative.<\/em><\/strong><\/p>\n\n\n\n<p>Par <strong>Imed Bahri<\/strong><\/p>\n\n\n\n<!--more-->\n\n\n\n<p>C\u2019est, rappelons-le, la huiti\u00e8me d\u00e9gradation depuis 2011. Et tout indique qu\u2019il y aura, dans quelques mois, une neuvi\u00e8me, et qui constituera le coup de gr\u00e2ce en classant la Tunisie dans le club tr\u00e8s restreint et si peu fr\u00e9quentable des pays \u00e0 haut risque pour les investisseurs.<\/p>\n\n\n\n<p>Imperturbable et ne se doutant de rien, M. Sa\u00efed poursuit sa gu\u00e9guerre habituelle contre les moulins \u00e0 vent. Hier, avec la solennit\u00e9 habituelle d\u2019un roulement de tambour, il a d\u00e9clar\u00e9 : <em>\u00abLa Tunisie n\u2019est pas en faillite comme ils disent; elle fait face \u00e0 une faillite politique et non mat\u00e9rielle\u00bb<\/em>. De quoi donner de faux espoirs aux Tunisiens, surtout en leur promettant monts et merveilles, comme il l\u2019a fait hier, en parlant d\u2019un TGV qui relierait le territoire tunisien de l\u2019extr\u00eame-nord \u00e0 l\u2019extr\u00eame-sud ou du Centre m\u00e9dical Al-Aghalba, \u00e0 Menzel Mehiri, \u00e0 Kairouan, qui serait \u00e9rig\u00e9 sur une superficie de 563 hectares et cr\u00e9erait 41.000 emplois dans un premier temps pour atteindre \u00e0 terme 50.000.<\/p>\n\n\n\n<p>Quand on conna\u00eet l\u2019\u00e9tat actuel des finances publiques, l\u2019Etat tunisien devant mobiliser dans les prochaines semaines 20 milliards de dinars pour boucler son budget de l\u2019ann\u00e9e en cours, alors que sa notation souveraine est tr\u00e8s mauvaise et que son endettement approche de 90% du PIB et pourrait d\u00e9passer 100 % d\u2019ici la fin de l\u2019ann\u00e9e, on peut se demander si M. Sa\u00efed vit vraiment avec nous ou s\u2019il comprend quelque chose \u00e0 l\u2019\u00e9conomie, lui qui, \u00e0 l\u2019instar de la plupart de ses compatriotes, aime d\u00e9penser l\u2019argent qu\u2019il ne poss\u00e8de pas.<\/p>\n\n\n\n<p>\u00c0 l\u2019\u00e9vidence, le pr\u00e9sident de la r\u00e9publique ne sait pas compter et ne comprend rien \u00e0 l\u2019\u00e9conomie, et plus grave encore, il ne croit pas devoir s\u2019entourer de quelques bons conseillers dans ce domaine. D\u2019ailleurs, pr\u00e8s d\u2019un an et demi apr\u00e8s son investiture, ses activit\u00e9s \u00e0 caract\u00e8re \u00e9conomique se comptent sur les doigts d\u2019une seule main. C\u2019est \u00e0 peine si cet id\u00e9aliste, dont la rigidit\u00e9 morale semble \u00eatre son unique qualit\u00e9, ne m\u00e9prise pas tout ce qui se rapporte \u00e0 l\u2019argent, y compris celui dont on a besoin pour manger, se v\u00eatir, se soigner et s\u2019\u00e9duquer. D\u2019ailleurs, on ne l\u2019a presque jamais vu recevoir des op\u00e9rateurs \u00e9conomiques ou m\u00eame parler d\u2019\u00e9conomie\u2026 quitte \u00e0 se boucher le nez !<\/p>\n","protected":false},"excerpt":{"rendered":"<p>Quand il est emport\u00e9 par sa rh\u00e9torique, le pr\u00e9sident Ka\u00efs Sa\u00efed ne r\u00e9siste pas aux formules toutes faites, m\u00eame si elles sont insens\u00e9es, ou compl\u00e8tement loufoques. Hier, samedi 27 f\u00e9vrier 2021, lors de sa visite \u00e0 Kairouan, il a tout simplement ni\u00e9 l\u2019\u00e9vidence : la Tunisie n\u2019est pas au chapitre de la banqueroute. Il parlait&#8230;<\/p>\n","protected":false},"author":8,"featured_media":338091,"comment_status":"open","ping_status":"open","sticky":false,"template":"","format":"standard","meta":{"footnotes":""},"categories":[992,997,2433],"tags":[87919,64557,76012,87917,87918],"class_list":["post-338090","post","type-post","status-publish","format-standard","has-post-thumbnail","hentry","category-a-la-une","category-politique","category-tunisie","tag-centre-medical-al-aghalba","tag-kairouan","tag-kais-saied-2","tag-menzel-mehiri","tag-moodys-3"],"yoast_head":"<!-- This site is optimized with the Yoast SEO plugin v26.6 - https:\/\/yoast.com\/wordpress\/plugins\/seo\/ -->\n<title>Ka\u00efs Sa\u00efed, un pr\u00e9sident qui ne sait pas compter - Kapitalis<\/title>\n<meta name=\"robots\" content=\"index, follow, max-snippet:-1, max-image-preview:large, max-video-preview:-1\" \/>\n<link rel=\"canonical\" href=\"https:\/\/kapitalis.com\/tunisie\/2021\/02\/28\/kais-saied-un-president-qui-ne-sait-pas-compter\/\" \/>\n<meta property=\"og:locale\" content=\"fr_FR\" \/>\n<meta property=\"og:type\" content=\"article\" \/>\n<meta property=\"og:title\" content=\"Ka\u00efs Sa\u00efed, un pr\u00e9sident qui ne sait pas compter - Kapitalis\" \/>\n<meta property=\"og:description\" content=\"Quand il est emport\u00e9 par sa rh\u00e9torique, le pr\u00e9sident Ka\u00efs Sa\u00efed ne r\u00e9siste pas aux formules toutes faites, m\u00eame si elles sont insens\u00e9es, ou compl\u00e8tement loufoques. Hier, samedi 27 f\u00e9vrier 2021, lors de sa visite \u00e0 Kairouan, il a tout simplement ni\u00e9 l\u2019\u00e9vidence : la Tunisie n\u2019est pas au chapitre de la banqueroute. Il parlait...\" \/>\n<meta property=\"og:url\" content=\"https:\/\/kapitalis.com\/tunisie\/2021\/02\/28\/kais-saied-un-president-qui-ne-sait-pas-compter\/\" \/>\n<meta property=\"og:site_name\" content=\"Kapitalis\" \/>\n<meta property=\"article:publisher\" content=\"https:\/\/www.facebook.com\/KapitalisInfo\/\" \/>\n<meta property=\"article:published_time\" content=\"2021-02-28T08:34:37+00:00\" \/>\n<meta property=\"article:modified_time\" content=\"2021-02-28T08:34:49+00:00\" \/>\n<meta property=\"og:image\" content=\"https:\/\/kapitalis.com\/tunisie\/wp-content\/uploads\/2022\/05\/kapitalis-logo-fb.png\" \/>\n\t<meta property=\"og:image:width\" content=\"1200\" \/>\n\t<meta property=\"og:image:height\" content=\"630\" \/>\n\t<meta property=\"og:image:type\" content=\"image\/png\" \/>\n<meta name=\"author\" content=\"webmaster kapitalis\" \/>\n<meta name=\"twitter:card\" content=\"summary_large_image\" \/>\n<meta name=\"twitter:creator\" content=\"@KapitalisInfo\" \/>\n<meta name=\"twitter:site\" content=\"@KapitalisInfo\" \/>\n<meta name=\"twitter:label1\" content=\"\u00c9crit par\" \/>\n\t<meta name=\"twitter:data1\" content=\"webmaster kapitalis\" \/>\n\t<meta name=\"twitter:label2\" content=\"Dur\u00e9e de lecture estim\u00e9e\" \/>\n\t<meta name=\"twitter:data2\" content=\"3 minutes\" \/>\n<script type=\"application\/ld+json\" class=\"yoast-schema-graph\">{\"@context\":\"https:\/\/schema.org\",\"@graph\":[{\"@type\":\"Article\",\"@id\":\"https:\/\/kapitalis.com\/tunisie\/2021\/02\/28\/kais-saied-un-president-qui-ne-sait-pas-compter\/#article\",\"isPartOf\":{\"@id\":\"https:\/\/kapitalis.com\/tunisie\/2021\/02\/28\/kais-saied-un-president-qui-ne-sait-pas-compter\/\"},\"author\":{\"name\":\"webmaster kapitalis\",\"@id\":\"https:\/\/kapitalis.com\/tunisie\/#\/schema\/person\/d71f33a9ca44f7bad4698210b480c8e9\"},\"headline\":\"Ka\u00efs Sa\u00efed, un pr\u00e9sident qui ne sait pas compter\",\"datePublished\":\"2021-02-28T08:34:37+00:00\",\"dateModified\":\"2021-02-28T08:34:49+00:00\",\"mainEntityOfPage\":{\"@id\":\"https:\/\/kapitalis.com\/tunisie\/2021\/02\/28\/kais-saied-un-president-qui-ne-sait-pas-compter\/\"},\"wordCount\":529,\"commentCount\":7,\"publisher\":{\"@id\":\"https:\/\/kapitalis.com\/tunisie\/#organization\"},\"image\":{\"@id\":\"https:\/\/kapitalis.com\/tunisie\/2021\/02\/28\/kais-saied-un-president-qui-ne-sait-pas-compter\/#primaryimage\"},\"thumbnailUrl\":\"\",\"keywords\":[\"Centre m\u00e9dical Al-Aghalba\",\"Kairouan\",\"Ka\u00efs Sa\u00efed\",\"Menzel Mehiri\",\"Moodys\"],\"articleSection\":[\"A LA UNE\",\"POLITIQUE\",\"Tunisie\"],\"inLanguage\":\"fr-FR\",\"potentialAction\":[{\"@type\":\"CommentAction\",\"name\":\"Comment\",\"target\":[\"https:\/\/kapitalis.com\/tunisie\/2021\/02\/28\/kais-saied-un-president-qui-ne-sait-pas-compter\/#respond\"]}]},{\"@type\":\"WebPage\",\"@id\":\"https:\/\/kapitalis.com\/tunisie\/2021\/02\/28\/kais-saied-un-president-qui-ne-sait-pas-compter\/\",\"url\":\"https:\/\/kapitalis.com\/tunisie\/2021\/02\/28\/kais-saied-un-president-qui-ne-sait-pas-compter\/\",\"name\":\"Ka\u00efs Sa\u00efed, un pr\u00e9sident qui ne sait pas compter - Kapitalis\",\"isPartOf\":{\"@id\":\"https:\/\/kapitalis.com\/tunisie\/#website\"},\"primaryImageOfPage\":{\"@id\":\"https:\/\/kapitalis.com\/tunisie\/2021\/02\/28\/kais-saied-un-president-qui-ne-sait-pas-compter\/#primaryimage\"},\"image\":{\"@id\":\"https:\/\/kapitalis.com\/tunisie\/2021\/02\/28\/kais-saied-un-president-qui-ne-sait-pas-compter\/#primaryimage\"},\"thumbnailUrl\":\"\",\"datePublished\":\"2021-02-28T08:34:37+00:00\",\"dateModified\":\"2021-02-28T08:34:49+00:00\",\"breadcrumb\":{\"@id\":\"https:\/\/kapitalis.com\/tunisie\/2021\/02\/28\/kais-saied-un-president-qui-ne-sait-pas-compter\/#breadcrumb\"},\"inLanguage\":\"fr-FR\",\"potentialAction\":[{\"@type\":\"ReadAction\",\"target\":[\"https:\/\/kapitalis.com\/tunisie\/2021\/02\/28\/kais-saied-un-president-qui-ne-sait-pas-compter\/\"]}]},{\"@type\":\"ImageObject\",\"inLanguage\":\"fr-FR\",\"@id\":\"https:\/\/kapitalis.com\/tunisie\/2021\/02\/28\/kais-saied-un-president-qui-ne-sait-pas-compter\/#primaryimage\",\"url\":\"\",\"contentUrl\":\"\"},{\"@type\":\"BreadcrumbList\",\"@id\":\"https:\/\/kapitalis.com\/tunisie\/2021\/02\/28\/kais-saied-un-president-qui-ne-sait-pas-compter\/#breadcrumb\",\"itemListElement\":[{\"@type\":\"ListItem\",\"position\":1,\"name\":\"Accueil\",\"item\":\"https:\/\/kapitalis.com\/tunisie\/\"},{\"@type\":\"ListItem\",\"position\":2,\"name\":\"Ka\u00efs Sa\u00efed, un pr\u00e9sident qui ne sait pas compter\"}]},{\"@type\":\"WebSite\",\"@id\":\"https:\/\/kapitalis.com\/tunisie\/#website\",\"url\":\"https:\/\/kapitalis.com\/tunisie\/\",\"name\":\"Kapitalis\",\"description\":\"L&#039;actualit\u00e9 en Tunisie et dans le monde\",\"publisher\":{\"@id\":\"https:\/\/kapitalis.com\/tunisie\/#organization\"},\"potentialAction\":[{\"@type\":\"SearchAction\",\"target\":{\"@type\":\"EntryPoint\",\"urlTemplate\":\"https:\/\/kapitalis.com\/tunisie\/?s={search_term_string}\"},\"query-input\":{\"@type\":\"PropertyValueSpecification\",\"valueRequired\":true,\"valueName\":\"search_term_string\"}}],\"inLanguage\":\"fr-FR\"},{\"@type\":\"Organization\",\"@id\":\"https:\/\/kapitalis.com\/tunisie\/#organization\",\"name\":\"Kapitalis\",\"url\":\"https:\/\/kapitalis.com\/tunisie\/\",\"logo\":{\"@type\":\"ImageObject\",\"inLanguage\":\"fr-FR\",\"@id\":\"https:\/\/kapitalis.com\/tunisie\/#\/schema\/logo\/image\/\",\"url\":\"https:\/\/kapitalis.com\/tunisie\/wp-content\/uploads\/2022\/05\/Kapitalis-big-size.png\",\"contentUrl\":\"https:\/\/kapitalis.com\/tunisie\/wp-content\/uploads\/2022\/05\/Kapitalis-big-size.png\",\"width\":5000,\"height\":1500,\"caption\":\"Kapitalis\"},\"image\":{\"@id\":\"https:\/\/kapitalis.com\/tunisie\/#\/schema\/logo\/image\/\"},\"sameAs\":[\"https:\/\/www.facebook.com\/KapitalisInfo\/\",\"https:\/\/x.com\/KapitalisInfo\",\"https:\/\/www.youtube.com\/channel\/UC-yDYrHyfFBWWZaOw3FPg9Q\"]},{\"@type\":\"Person\",\"@id\":\"https:\/\/kapitalis.com\/tunisie\/#\/schema\/person\/d71f33a9ca44f7bad4698210b480c8e9\",\"name\":\"webmaster kapitalis\",\"url\":\"https:\/\/kapitalis.com\/tunisie\/author\/webmaster-kapitalis\/\"}]}<\/script>\n<!-- \/ Yoast SEO plugin. -->","yoast_head_json":{"title":"Ka\u00efs Sa\u00efed, un pr\u00e9sident qui ne sait pas compter - Kapitalis","robots":{"index":"index","follow":"follow","max-snippet":"max-snippet:-1","max-image-preview":"max-image-preview:large","max-video-preview":"max-video-preview:-1"},"canonical":"https:\/\/kapitalis.com\/tunisie\/2021\/02\/28\/kais-saied-un-president-qui-ne-sait-pas-compter\/","og_locale":"fr_FR","og_type":"article","og_title":"Ka\u00efs Sa\u00efed, un pr\u00e9sident qui ne sait pas compter - Kapitalis","og_description":"Quand il est emport\u00e9 par sa rh\u00e9torique, le pr\u00e9sident Ka\u00efs Sa\u00efed ne r\u00e9siste pas aux formules toutes faites, m\u00eame si elles sont insens\u00e9es, ou compl\u00e8tement loufoques. Hier, samedi 27 f\u00e9vrier 2021, lors de sa visite \u00e0 Kairouan, il a tout simplement ni\u00e9 l\u2019\u00e9vidence : la Tunisie n\u2019est pas au chapitre de la banqueroute. Il parlait...","og_url":"https:\/\/kapitalis.com\/tunisie\/2021\/02\/28\/kais-saied-un-president-qui-ne-sait-pas-compter\/","og_site_name":"Kapitalis","article_publisher":"https:\/\/www.facebook.com\/KapitalisInfo\/","article_published_time":"2021-02-28T08:34:37+00:00","article_modified_time":"2021-02-28T08:34:49+00:00","og_image":[{"width":1200,"height":630,"url":"https:\/\/kapitalis.com\/tunisie\/wp-content\/uploads\/2022\/05\/kapitalis-logo-fb.png","type":"image\/png"}],"author":"webmaster kapitalis","twitter_card":"summary_large_image","twitter_creator":"@KapitalisInfo","twitter_site":"@KapitalisInfo","twitter_misc":{"\u00c9crit par":"webmaster kapitalis","Dur\u00e9e de lecture estim\u00e9e":"3 minutes"},"schema":{"@context":"https:\/\/schema.org","@graph":[{"@type":"Article","@id":"https:\/\/kapitalis.com\/tunisie\/2021\/02\/28\/kais-saied-un-president-qui-ne-sait-pas-compter\/#article","isPartOf":{"@id":"https:\/\/kapitalis.com\/tunisie\/2021\/02\/28\/kais-saied-un-president-qui-ne-sait-pas-compter\/"},"author":{"name":"webmaster kapitalis","@id":"https:\/\/kapitalis.com\/tunisie\/#\/schema\/person\/d71f33a9ca44f7bad4698210b480c8e9"},"headline":"Ka\u00efs Sa\u00efed, un pr\u00e9sident qui ne sait pas compter","datePublished":"2021-02-28T08:34:37+00:00","dateModified":"2021-02-28T08:34:49+00:00","mainEntityOfPage":{"@id":"https:\/\/kapitalis.com\/tunisie\/2021\/02\/28\/kais-saied-un-president-qui-ne-sait-pas-compter\/"},"wordCount":529,"commentCount":7,"publisher":{"@id":"https:\/\/kapitalis.com\/tunisie\/#organization"},"image":{"@id":"https:\/\/kapitalis.com\/tunisie\/2021\/02\/28\/kais-saied-un-president-qui-ne-sait-pas-compter\/#primaryimage"},"thumbnailUrl":"","keywords":["Centre m\u00e9dical Al-Aghalba","Kairouan","Ka\u00efs Sa\u00efed","Menzel Mehiri","Moodys"],"articleSection":["A LA UNE","POLITIQUE","Tunisie"],"inLanguage":"fr-FR","potentialAction":[{"@type":"CommentAction","name":"Comment","target":["https:\/\/kapitalis.com\/tunisie\/2021\/02\/28\/kais-saied-un-president-qui-ne-sait-pas-compter\/#respond"]}]},{"@type":"WebPage","@id":"https:\/\/kapitalis.com\/tunisie\/2021\/02\/28\/kais-saied-un-president-qui-ne-sait-pas-compter\/","url":"https:\/\/kapitalis.com\/tunisie\/2021\/02\/28\/kais-saied-un-president-qui-ne-sait-pas-compter\/","name":"Ka\u00efs Sa\u00efed, un pr\u00e9sident qui ne sait pas compter - Kapitalis","isPartOf":{"@id":"https:\/\/kapitalis.com\/tunisie\/#website"},"primaryImageOfPage":{"@id":"https:\/\/kapitalis.com\/tunisie\/2021\/02\/28\/kais-saied-un-president-qui-ne-sait-pas-compter\/#primaryimage"},"image":{"@id":"https:\/\/kapitalis.com\/tunisie\/2021\/02\/28\/kais-saied-un-president-qui-ne-sait-pas-compter\/#primaryimage"},"thumbnailUrl":"","datePublished":"2021-02-28T08:34:37+00:00","dateModified":"2021-02-28T08:34:49+00:00","breadcrumb":{"@id":"https:\/\/kapitalis.com\/tunisie\/2021\/02\/28\/kais-saied-un-president-qui-ne-sait-pas-compter\/#breadcrumb"},"inLanguage":"fr-FR","potentialAction":[{"@type":"ReadAction","target":["https:\/\/kapitalis.com\/tunisie\/2021\/02\/28\/kais-saied-un-president-qui-ne-sait-pas-compter\/"]}]},{"@type":"ImageObject","inLanguage":"fr-FR","@id":"https:\/\/kapitalis.com\/tunisie\/2021\/02\/28\/kais-saied-un-president-qui-ne-sait-pas-compter\/#primaryimage","url":"","contentUrl":""},{"@type":"BreadcrumbList","@id":"https:\/\/kapitalis.com\/tunisie\/2021\/02\/28\/kais-saied-un-president-qui-ne-sait-pas-compter\/#breadcrumb","itemListElement":[{"@type":"ListItem","position":1,"name":"Accueil","item":"https:\/\/kapitalis.com\/tunisie\/"},{"@type":"ListItem","position":2,"name":"Ka\u00efs Sa\u00efed, un pr\u00e9sident qui ne sait pas compter"}]},{"@type":"WebSite","@id":"https:\/\/kapitalis.com\/tunisie\/#website","url":"https:\/\/kapitalis.com\/tunisie\/","name":"Kapitalis","description":"L&#039;actualit\u00e9 en Tunisie et dans le monde","publisher":{"@id":"https:\/\/kapitalis.com\/tunisie\/#organization"},"potentialAction":[{"@type":"SearchAction","target":{"@type":"EntryPoint","urlTemplate":"https:\/\/kapitalis.com\/tunisie\/?s={search_term_string}"},"query-input":{"@type":"PropertyValueSpecification","valueRequired":true,"valueName":"search_term_string"}}],"inLanguage":"fr-FR"},{"@type":"Organization","@id":"https:\/\/kapitalis.com\/tunisie\/#organization","name":"Kapitalis","url":"https:\/\/kapitalis.com\/tunisie\/","logo":{"@type":"ImageObject","inLanguage":"fr-FR","@id":"https:\/\/kapitalis.com\/tunisie\/#\/schema\/logo\/image\/","url":"https:\/\/kapitalis.com\/tunisie\/wp-content\/uploads\/2022\/05\/Kapitalis-big-size.png","contentUrl":"https:\/\/kapitalis.com\/tunisie\/wp-content\/uploads\/2022\/05\/Kapitalis-big-size.png","width":5000,"height":1500,"caption":"Kapitalis"},"image":{"@id":"https:\/\/kapitalis.com\/tunisie\/#\/schema\/logo\/image\/"},"sameAs":["https:\/\/www.facebook.com\/KapitalisInfo\/","https:\/\/x.com\/KapitalisInfo","https:\/\/www.youtube.com\/channel\/UC-yDYrHyfFBWWZaOw3FPg9Q"]},{"@type":"Person","@id":"https:\/\/kapitalis.com\/tunisie\/#\/schema\/person\/d71f33a9ca44f7bad4698210b480c8e9","name":"webmaster kapitalis","url":"https:\/\/kapitalis.com\/tunisie\/author\/webmaster-kapitalis\/"}]}},"_links":{"self":[{"href":"https:\/\/kapitalis.com\/tunisie\/wp-json\/wp\/v2\/posts\/338090","targetHints":{"allow":["GET"]}}],"collection":[{"href":"https:\/\/kapitalis.com\/tunisie\/wp-json\/wp\/v2\/posts"}],"about":[{"href":"https:\/\/kapitalis.com\/tunisie\/wp-json\/wp\/v2\/types\/post"}],"author":[{"embeddable":true,"href":"https:\/\/kapitalis.com\/tunisie\/wp-json\/wp\/v2\/users\/8"}],"replies":[{"embeddable":true,"href":"https:\/\/kapitalis.com\/tunisie\/wp-json\/wp\/v2\/comments?post=338090"}],"version-history":[{"count":0,"href":"https:\/\/kapitalis.com\/tunisie\/wp-json\/wp\/v2\/posts\/338090\/revisions"}],"wp:featuredmedia":[{"embeddable":true,"href":"https:\/\/kapitalis.com\/tunisie\/wp-json\/wp\/v2\/media\/338091"}],"wp:attachment":[{"href":"https:\/\/kapitalis.com\/tunisie\/wp-json\/wp\/v2\/media?parent=338090"}],"wp:term":[{"taxonomy":"category","embeddable":true,"href":"https:\/\/kapitalis.com\/tunisie\/wp-json\/wp\/v2\/categories?post=338090"},{"taxonomy":"post_tag","embeddable":true,"href":"https:\/\/kapitalis.com\/tunisie\/wp-json\/wp\/v2\/tags?post=338090"}],"curies":[{"name":"wp","href":"https:\/\/api.w.org\/{rel}","templated":true}]}}