{"id":338222,"date":"2021-03-01T14:43:22","date_gmt":"2021-03-01T13:43:22","guid":{"rendered":"http:\/\/kapitalis.com\/tunisie\/?p=338222"},"modified":"2021-03-01T14:43:25","modified_gmt":"2021-03-01T13:43:25","slug":"hamma-hammami-le-peuple-jettera-ghannouchi-et-mechichi-dans-la-rue","status":"publish","type":"post","link":"https:\/\/kapitalis.com\/tunisie\/2021\/03\/01\/hamma-hammami-le-peuple-jettera-ghannouchi-et-mechichi-dans-la-rue\/","title":{"rendered":"Hamma Hammami : \u00abLe peuple jettera Ghannouchi et Mechichi dans la rue\u00bb"},"content":{"rendered":"\n<figure class=\"wp-block-image size-large\"><img decoding=\"async\" src=\"http:\/\/kapitalis.com\/tunisie\/wp-content\/uploads\/2018\/01\/Hamma-Hammami.jpg\" alt=\"\" class=\"wp-image-133819\"\/><\/figure>\n\n\n\n<p><em><strong>Hamma Hamami, pr\u00e9sident du Parti des travailleurs, n&rsquo;a pas m\u00e2ch\u00e9 ses mots, aujourd&rsquo;hui, lundi 1er mars 2021, en parlant du chef du gouvernement, Hichem Mechichi, et du pr\u00e9sident d&rsquo;Ennahdha et de l&rsquo;Assembl\u00e9e des repr\u00e9sentants du peuple (ARP), Rached Ghannouchi\u2026 Pour lui, \u00able peuple les jettera un jour dans la rue, pour ne pas dire dans un autre endroit\u00bb.<\/strong><\/em><\/p>\n\n\n\n<!--more-->\n\n\n\n<p>Invit\u00e9 chez Shems FM, le communiste a affirm\u00e9 que Mechichi est \u00ab<em>politiquement fini<\/em>\u00bb, assurant qu&rsquo;Ennahdha finira par l&rsquo;abandonner, car ce parti \u00ab<em>n&rsquo;a pas d&rsquo;amis<\/em>\u00bb. Autrement dit, seuls les int\u00e9r\u00eat politiques, selon M. Hammami, expliquent le soutien qu&rsquo;accorde actuellemenyt le mouvement islamiste au chef du gouvernement.<\/p>\n\n\n\n<p>Hamma Hammami a ajout\u00e9 que les trois pr\u00e9sidents (celui de la r\u00e9publique, Ka\u00efs Sa\u00efed, ainsi que Ghannouchi et Mechichi) portent la responsabilit\u00e9 dans la crise que traverse en ce moment le pays, mais que l&rsquo;agissement du troisi\u00e8me apr\u00e8s avoir \u00e9t\u00e9 d\u00e9sign\u00e9 par Sa\u00efed est \u00e9thiquement injustifiable. Il l&rsquo;a par ailleurs appel\u00e9 \u00e0 d\u00e9missionner.<\/p>\n\n\n\n<p>Pour rappel, Mechichi a d\u00e9cid\u00e9, quelques jours apr\u00e8s sa d\u00e9signation en tant que chef du gouvernement par Sa\u00efed, de s&rsquo;allier avec les \u00ab<em>ennemis<\/em>\u00bb de ce dernier, \u00e0 savoir les partis Ennahdha et Qalb Tounes, dont plusieurs dirigeants sont soup\u00e7onn\u00e9s de corruption.<\/p>\n\n\n\n<p>Commentant l&rsquo;invitation (visiblement provocatrice et ironique) que lui a adress\u00e9e Rached Ghannouchi, samedi dernier, pour le rejoindre, avec ses troupes qui manifestaient, \u00e0 la manifestation d&rsquo;Ennahdha, Hammami a dit qu&rsquo;il refuse cat\u00e9goriquement de coop\u00e9rer avec ce parti.<\/p>\n\n\n\n<p>\u00ab<em>Je n&rsquo;ai pas de fr\u00e8re qui s&rsquo;appelle Ghannouchi, et politiquement, je ne suis pas ton fr\u00e8re mais ton adversaire<\/em>\u00bb, a-t-il ajout\u00e9 en s&rsquo;adressant au leader islamiste.<\/p>\n\n\n\n<p class=\"has-text-align-right\"><strong>C. B. Y.<\/strong><\/p>\n","protected":false},"excerpt":{"rendered":"<p>Hamma Hamami, pr\u00e9sident du Parti des travailleurs, n&rsquo;a pas m\u00e2ch\u00e9 ses mots, aujourd&rsquo;hui, lundi 1er mars 2021, en parlant du chef du gouvernement, Hichem Mechichi, et du pr\u00e9sident d&rsquo;Ennahdha et de l&rsquo;Assembl\u00e9e des repr\u00e9sentants du peuple (ARP), Rached Ghannouchi\u2026 Pour lui, \u00able peuple les jettera un jour dans la rue, pour ne pas dire dans&#8230;<\/p>\n","protected":false},"author":24,"featured_media":0,"comment_status":"open","ping_status":"open","sticky":false,"template":"","format":"standard","meta":{"footnotes":""},"categories":[997,2433],"tags":[49543,437,74899,70520,5337,758],"class_list":["post-338222","post","type-post","status-publish","format-standard","hentry","category-politique","category-tunisie","tag-ennahdha","tag-hamma-hammami","tag-hichem-mechichi","tag-kais-saied-3","tag-parti-des-travailleurs","tag-rached-ghannouchi"],"yoast_head":"<!-- This site is optimized with the Yoast SEO plugin v26.6 - https:\/\/yoast.com\/wordpress\/plugins\/seo\/ -->\n<title>Hamma Hammami : \u00abLe peuple jettera Ghannouchi et Mechichi dans la rue\u00bb - Kapitalis<\/title>\n<meta name=\"robots\" content=\"index, follow, max-snippet:-1, max-image-preview:large, max-video-preview:-1\" \/>\n<link rel=\"canonical\" href=\"https:\/\/kapitalis.com\/tunisie\/2021\/03\/01\/hamma-hammami-le-peuple-jettera-ghannouchi-et-mechichi-dans-la-rue\/\" \/>\n<meta property=\"og:locale\" content=\"fr_FR\" \/>\n<meta property=\"og:type\" content=\"article\" \/>\n<meta property=\"og:title\" content=\"Hamma Hammami : \u00abLe peuple jettera Ghannouchi et Mechichi dans la rue\u00bb - Kapitalis\" \/>\n<meta property=\"og:description\" content=\"Hamma Hamami, pr\u00e9sident du Parti des travailleurs, n&rsquo;a pas m\u00e2ch\u00e9 ses mots, aujourd&rsquo;hui, lundi 1er mars 2021, en parlant du chef du gouvernement, Hichem Mechichi, et du pr\u00e9sident d&rsquo;Ennahdha et de l&rsquo;Assembl\u00e9e des repr\u00e9sentants du peuple (ARP), Rached Ghannouchi\u2026 Pour lui, \u00able peuple les jettera un jour dans la rue, pour ne pas dire dans...\" \/>\n<meta property=\"og:url\" content=\"https:\/\/kapitalis.com\/tunisie\/2021\/03\/01\/hamma-hammami-le-peuple-jettera-ghannouchi-et-mechichi-dans-la-rue\/\" \/>\n<meta property=\"og:site_name\" content=\"Kapitalis\" \/>\n<meta property=\"article:publisher\" content=\"https:\/\/www.facebook.com\/KapitalisInfo\/\" \/>\n<meta property=\"article:published_time\" content=\"2021-03-01T13:43:22+00:00\" \/>\n<meta property=\"article:modified_time\" content=\"2021-03-01T13:43:25+00:00\" \/>\n<meta property=\"og:image\" content=\"http:\/\/kapitalis.com\/tunisie\/wp-content\/uploads\/2018\/01\/Hamma-Hammami.jpg\" \/>\n<meta name=\"author\" content=\"Cherif Benyounes\" \/>\n<meta name=\"twitter:card\" content=\"summary_large_image\" \/>\n<meta name=\"twitter:creator\" content=\"@KapitalisInfo\" \/>\n<meta name=\"twitter:site\" content=\"@KapitalisInfo\" \/>\n<meta name=\"twitter:label1\" content=\"\u00c9crit par\" \/>\n\t<meta name=\"twitter:data1\" content=\"Cherif Benyounes\" \/>\n\t<meta name=\"twitter:label2\" content=\"Dur\u00e9e de lecture estim\u00e9e\" \/>\n\t<meta name=\"twitter:data2\" content=\"1 minute\" \/>\n<script type=\"application\/ld+json\" class=\"yoast-schema-graph\">{\"@context\":\"https:\/\/schema.org\",\"@graph\":[{\"@type\":\"Article\",\"@id\":\"https:\/\/kapitalis.com\/tunisie\/2021\/03\/01\/hamma-hammami-le-peuple-jettera-ghannouchi-et-mechichi-dans-la-rue\/#article\",\"isPartOf\":{\"@id\":\"https:\/\/kapitalis.com\/tunisie\/2021\/03\/01\/hamma-hammami-le-peuple-jettera-ghannouchi-et-mechichi-dans-la-rue\/\"},\"author\":{\"name\":\"Cherif Benyounes\",\"@id\":\"https:\/\/kapitalis.com\/tunisie\/#\/schema\/person\/b35b8d631961131107263178aeb8019e\"},\"headline\":\"Hamma Hammami : \u00abLe peuple jettera Ghannouchi et Mechichi dans la rue\u00bb\",\"datePublished\":\"2021-03-01T13:43:22+00:00\",\"dateModified\":\"2021-03-01T13:43:25+00:00\",\"mainEntityOfPage\":{\"@id\":\"https:\/\/kapitalis.com\/tunisie\/2021\/03\/01\/hamma-hammami-le-peuple-jettera-ghannouchi-et-mechichi-dans-la-rue\/\"},\"wordCount\":297,\"commentCount\":3,\"publisher\":{\"@id\":\"https:\/\/kapitalis.com\/tunisie\/#organization\"},\"image\":{\"@id\":\"https:\/\/kapitalis.com\/tunisie\/2021\/03\/01\/hamma-hammami-le-peuple-jettera-ghannouchi-et-mechichi-dans-la-rue\/#primaryimage\"},\"thumbnailUrl\":\"http:\/\/kapitalis.com\/tunisie\/wp-content\/uploads\/2018\/01\/Hamma-Hammami.jpg\",\"keywords\":[\"Ennahdha\",\"Hamma Hammami\",\"Hichem Mechichi\",\"Kais Saied\",\"Parti des travailleurs\",\"Rached Ghannouchi\"],\"articleSection\":[\"POLITIQUE\",\"Tunisie\"],\"inLanguage\":\"fr-FR\",\"potentialAction\":[{\"@type\":\"CommentAction\",\"name\":\"Comment\",\"target\":[\"https:\/\/kapitalis.com\/tunisie\/2021\/03\/01\/hamma-hammami-le-peuple-jettera-ghannouchi-et-mechichi-dans-la-rue\/#respond\"]}]},{\"@type\":\"WebPage\",\"@id\":\"https:\/\/kapitalis.com\/tunisie\/2021\/03\/01\/hamma-hammami-le-peuple-jettera-ghannouchi-et-mechichi-dans-la-rue\/\",\"url\":\"https:\/\/kapitalis.com\/tunisie\/2021\/03\/01\/hamma-hammami-le-peuple-jettera-ghannouchi-et-mechichi-dans-la-rue\/\",\"name\":\"Hamma Hammami : \u00abLe peuple jettera Ghannouchi et Mechichi dans la rue\u00bb - Kapitalis\",\"isPartOf\":{\"@id\":\"https:\/\/kapitalis.com\/tunisie\/#website\"},\"primaryImageOfPage\":{\"@id\":\"https:\/\/kapitalis.com\/tunisie\/2021\/03\/01\/hamma-hammami-le-peuple-jettera-ghannouchi-et-mechichi-dans-la-rue\/#primaryimage\"},\"image\":{\"@id\":\"https:\/\/kapitalis.com\/tunisie\/2021\/03\/01\/hamma-hammami-le-peuple-jettera-ghannouchi-et-mechichi-dans-la-rue\/#primaryimage\"},\"thumbnailUrl\":\"http:\/\/kapitalis.com\/tunisie\/wp-content\/uploads\/2018\/01\/Hamma-Hammami.jpg\",\"datePublished\":\"2021-03-01T13:43:22+00:00\",\"dateModified\":\"2021-03-01T13:43:25+00:00\",\"breadcrumb\":{\"@id\":\"https:\/\/kapitalis.com\/tunisie\/2021\/03\/01\/hamma-hammami-le-peuple-jettera-ghannouchi-et-mechichi-dans-la-rue\/#breadcrumb\"},\"inLanguage\":\"fr-FR\",\"potentialAction\":[{\"@type\":\"ReadAction\",\"target\":[\"https:\/\/kapitalis.com\/tunisie\/2021\/03\/01\/hamma-hammami-le-peuple-jettera-ghannouchi-et-mechichi-dans-la-rue\/\"]}]},{\"@type\":\"ImageObject\",\"inLanguage\":\"fr-FR\",\"@id\":\"https:\/\/kapitalis.com\/tunisie\/2021\/03\/01\/hamma-hammami-le-peuple-jettera-ghannouchi-et-mechichi-dans-la-rue\/#primaryimage\",\"url\":\"http:\/\/kapitalis.com\/tunisie\/wp-content\/uploads\/2018\/01\/Hamma-Hammami.jpg\",\"contentUrl\":\"http:\/\/kapitalis.com\/tunisie\/wp-content\/uploads\/2018\/01\/Hamma-Hammami.jpg\"},{\"@type\":\"BreadcrumbList\",\"@id\":\"https:\/\/kapitalis.com\/tunisie\/2021\/03\/01\/hamma-hammami-le-peuple-jettera-ghannouchi-et-mechichi-dans-la-rue\/#breadcrumb\",\"itemListElement\":[{\"@type\":\"ListItem\",\"position\":1,\"name\":\"Accueil\",\"item\":\"https:\/\/kapitalis.com\/tunisie\/\"},{\"@type\":\"ListItem\",\"position\":2,\"name\":\"Hamma Hammami : \u00abLe peuple jettera Ghannouchi et Mechichi dans la rue\u00bb\"}]},{\"@type\":\"WebSite\",\"@id\":\"https:\/\/kapitalis.com\/tunisie\/#website\",\"url\":\"https:\/\/kapitalis.com\/tunisie\/\",\"name\":\"Kapitalis\",\"description\":\"L&#039;actualit\u00e9 en Tunisie et dans le monde\",\"publisher\":{\"@id\":\"https:\/\/kapitalis.com\/tunisie\/#organization\"},\"potentialAction\":[{\"@type\":\"SearchAction\",\"target\":{\"@type\":\"EntryPoint\",\"urlTemplate\":\"https:\/\/kapitalis.com\/tunisie\/?s={search_term_string}\"},\"query-input\":{\"@type\":\"PropertyValueSpecification\",\"valueRequired\":true,\"valueName\":\"search_term_string\"}}],\"inLanguage\":\"fr-FR\"},{\"@type\":\"Organization\",\"@id\":\"https:\/\/kapitalis.com\/tunisie\/#organization\",\"name\":\"Kapitalis\",\"url\":\"https:\/\/kapitalis.com\/tunisie\/\",\"logo\":{\"@type\":\"ImageObject\",\"inLanguage\":\"fr-FR\",\"@id\":\"https:\/\/kapitalis.com\/tunisie\/#\/schema\/logo\/image\/\",\"url\":\"https:\/\/kapitalis.com\/tunisie\/wp-content\/uploads\/2022\/05\/Kapitalis-big-size.png\",\"contentUrl\":\"https:\/\/kapitalis.com\/tunisie\/wp-content\/uploads\/2022\/05\/Kapitalis-big-size.png\",\"width\":5000,\"height\":1500,\"caption\":\"Kapitalis\"},\"image\":{\"@id\":\"https:\/\/kapitalis.com\/tunisie\/#\/schema\/logo\/image\/\"},\"sameAs\":[\"https:\/\/www.facebook.com\/KapitalisInfo\/\",\"https:\/\/x.com\/KapitalisInfo\",\"https:\/\/www.youtube.com\/channel\/UC-yDYrHyfFBWWZaOw3FPg9Q\"]},{\"@type\":\"Person\",\"@id\":\"https:\/\/kapitalis.com\/tunisie\/#\/schema\/person\/b35b8d631961131107263178aeb8019e\",\"name\":\"Cherif Benyounes\",\"url\":\"https:\/\/kapitalis.com\/tunisie\/author\/cherif\/\"}]}<\/script>\n<!-- \/ Yoast SEO plugin. -->","yoast_head_json":{"title":"Hamma Hammami : \u00abLe peuple jettera Ghannouchi et Mechichi dans la rue\u00bb - Kapitalis","robots":{"index":"index","follow":"follow","max-snippet":"max-snippet:-1","max-image-preview":"max-image-preview:large","max-video-preview":"max-video-preview:-1"},"canonical":"https:\/\/kapitalis.com\/tunisie\/2021\/03\/01\/hamma-hammami-le-peuple-jettera-ghannouchi-et-mechichi-dans-la-rue\/","og_locale":"fr_FR","og_type":"article","og_title":"Hamma Hammami : \u00abLe peuple jettera Ghannouchi et Mechichi dans la rue\u00bb - Kapitalis","og_description":"Hamma Hamami, pr\u00e9sident du Parti des travailleurs, n&rsquo;a pas m\u00e2ch\u00e9 ses mots, aujourd&rsquo;hui, lundi 1er mars 2021, en parlant du chef du gouvernement, Hichem Mechichi, et du pr\u00e9sident d&rsquo;Ennahdha et de l&rsquo;Assembl\u00e9e des repr\u00e9sentants du peuple (ARP), Rached Ghannouchi\u2026 Pour lui, \u00able peuple les jettera un jour dans la rue, pour ne pas dire dans...","og_url":"https:\/\/kapitalis.com\/tunisie\/2021\/03\/01\/hamma-hammami-le-peuple-jettera-ghannouchi-et-mechichi-dans-la-rue\/","og_site_name":"Kapitalis","article_publisher":"https:\/\/www.facebook.com\/KapitalisInfo\/","article_published_time":"2021-03-01T13:43:22+00:00","article_modified_time":"2021-03-01T13:43:25+00:00","og_image":[{"url":"http:\/\/kapitalis.com\/tunisie\/wp-content\/uploads\/2018\/01\/Hamma-Hammami.jpg","type":"","width":"","height":""}],"author":"Cherif Benyounes","twitter_card":"summary_large_image","twitter_creator":"@KapitalisInfo","twitter_site":"@KapitalisInfo","twitter_misc":{"\u00c9crit par":"Cherif Benyounes","Dur\u00e9e de lecture estim\u00e9e":"1 minute"},"schema":{"@context":"https:\/\/schema.org","@graph":[{"@type":"Article","@id":"https:\/\/kapitalis.com\/tunisie\/2021\/03\/01\/hamma-hammami-le-peuple-jettera-ghannouchi-et-mechichi-dans-la-rue\/#article","isPartOf":{"@id":"https:\/\/kapitalis.com\/tunisie\/2021\/03\/01\/hamma-hammami-le-peuple-jettera-ghannouchi-et-mechichi-dans-la-rue\/"},"author":{"name":"Cherif Benyounes","@id":"https:\/\/kapitalis.com\/tunisie\/#\/schema\/person\/b35b8d631961131107263178aeb8019e"},"headline":"Hamma Hammami : \u00abLe peuple jettera Ghannouchi et Mechichi dans la rue\u00bb","datePublished":"2021-03-01T13:43:22+00:00","dateModified":"2021-03-01T13:43:25+00:00","mainEntityOfPage":{"@id":"https:\/\/kapitalis.com\/tunisie\/2021\/03\/01\/hamma-hammami-le-peuple-jettera-ghannouchi-et-mechichi-dans-la-rue\/"},"wordCount":297,"commentCount":3,"publisher":{"@id":"https:\/\/kapitalis.com\/tunisie\/#organization"},"image":{"@id":"https:\/\/kapitalis.com\/tunisie\/2021\/03\/01\/hamma-hammami-le-peuple-jettera-ghannouchi-et-mechichi-dans-la-rue\/#primaryimage"},"thumbnailUrl":"http:\/\/kapitalis.com\/tunisie\/wp-content\/uploads\/2018\/01\/Hamma-Hammami.jpg","keywords":["Ennahdha","Hamma Hammami","Hichem Mechichi","Kais Saied","Parti des travailleurs","Rached Ghannouchi"],"articleSection":["POLITIQUE","Tunisie"],"inLanguage":"fr-FR","potentialAction":[{"@type":"CommentAction","name":"Comment","target":["https:\/\/kapitalis.com\/tunisie\/2021\/03\/01\/hamma-hammami-le-peuple-jettera-ghannouchi-et-mechichi-dans-la-rue\/#respond"]}]},{"@type":"WebPage","@id":"https:\/\/kapitalis.com\/tunisie\/2021\/03\/01\/hamma-hammami-le-peuple-jettera-ghannouchi-et-mechichi-dans-la-rue\/","url":"https:\/\/kapitalis.com\/tunisie\/2021\/03\/01\/hamma-hammami-le-peuple-jettera-ghannouchi-et-mechichi-dans-la-rue\/","name":"Hamma Hammami : \u00abLe peuple jettera Ghannouchi et Mechichi dans la rue\u00bb - Kapitalis","isPartOf":{"@id":"https:\/\/kapitalis.com\/tunisie\/#website"},"primaryImageOfPage":{"@id":"https:\/\/kapitalis.com\/tunisie\/2021\/03\/01\/hamma-hammami-le-peuple-jettera-ghannouchi-et-mechichi-dans-la-rue\/#primaryimage"},"image":{"@id":"https:\/\/kapitalis.com\/tunisie\/2021\/03\/01\/hamma-hammami-le-peuple-jettera-ghannouchi-et-mechichi-dans-la-rue\/#primaryimage"},"thumbnailUrl":"http:\/\/kapitalis.com\/tunisie\/wp-content\/uploads\/2018\/01\/Hamma-Hammami.jpg","datePublished":"2021-03-01T13:43:22+00:00","dateModified":"2021-03-01T13:43:25+00:00","breadcrumb":{"@id":"https:\/\/kapitalis.com\/tunisie\/2021\/03\/01\/hamma-hammami-le-peuple-jettera-ghannouchi-et-mechichi-dans-la-rue\/#breadcrumb"},"inLanguage":"fr-FR","potentialAction":[{"@type":"ReadAction","target":["https:\/\/kapitalis.com\/tunisie\/2021\/03\/01\/hamma-hammami-le-peuple-jettera-ghannouchi-et-mechichi-dans-la-rue\/"]}]},{"@type":"ImageObject","inLanguage":"fr-FR","@id":"https:\/\/kapitalis.com\/tunisie\/2021\/03\/01\/hamma-hammami-le-peuple-jettera-ghannouchi-et-mechichi-dans-la-rue\/#primaryimage","url":"http:\/\/kapitalis.com\/tunisie\/wp-content\/uploads\/2018\/01\/Hamma-Hammami.jpg","contentUrl":"http:\/\/kapitalis.com\/tunisie\/wp-content\/uploads\/2018\/01\/Hamma-Hammami.jpg"},{"@type":"BreadcrumbList","@id":"https:\/\/kapitalis.com\/tunisie\/2021\/03\/01\/hamma-hammami-le-peuple-jettera-ghannouchi-et-mechichi-dans-la-rue\/#breadcrumb","itemListElement":[{"@type":"ListItem","position":1,"name":"Accueil","item":"https:\/\/kapitalis.com\/tunisie\/"},{"@type":"ListItem","position":2,"name":"Hamma Hammami : \u00abLe peuple jettera Ghannouchi et Mechichi dans la rue\u00bb"}]},{"@type":"WebSite","@id":"https:\/\/kapitalis.com\/tunisie\/#website","url":"https:\/\/kapitalis.com\/tunisie\/","name":"Kapitalis","description":"L&#039;actualit\u00e9 en Tunisie et dans le monde","publisher":{"@id":"https:\/\/kapitalis.com\/tunisie\/#organization"},"potentialAction":[{"@type":"SearchAction","target":{"@type":"EntryPoint","urlTemplate":"https:\/\/kapitalis.com\/tunisie\/?s={search_term_string}"},"query-input":{"@type":"PropertyValueSpecification","valueRequired":true,"valueName":"search_term_string"}}],"inLanguage":"fr-FR"},{"@type":"Organization","@id":"https:\/\/kapitalis.com\/tunisie\/#organization","name":"Kapitalis","url":"https:\/\/kapitalis.com\/tunisie\/","logo":{"@type":"ImageObject","inLanguage":"fr-FR","@id":"https:\/\/kapitalis.com\/tunisie\/#\/schema\/logo\/image\/","url":"https:\/\/kapitalis.com\/tunisie\/wp-content\/uploads\/2022\/05\/Kapitalis-big-size.png","contentUrl":"https:\/\/kapitalis.com\/tunisie\/wp-content\/uploads\/2022\/05\/Kapitalis-big-size.png","width":5000,"height":1500,"caption":"Kapitalis"},"image":{"@id":"https:\/\/kapitalis.com\/tunisie\/#\/schema\/logo\/image\/"},"sameAs":["https:\/\/www.facebook.com\/KapitalisInfo\/","https:\/\/x.com\/KapitalisInfo","https:\/\/www.youtube.com\/channel\/UC-yDYrHyfFBWWZaOw3FPg9Q"]},{"@type":"Person","@id":"https:\/\/kapitalis.com\/tunisie\/#\/schema\/person\/b35b8d631961131107263178aeb8019e","name":"Cherif Benyounes","url":"https:\/\/kapitalis.com\/tunisie\/author\/cherif\/"}]}},"_links":{"self":[{"href":"https:\/\/kapitalis.com\/tunisie\/wp-json\/wp\/v2\/posts\/338222","targetHints":{"allow":["GET"]}}],"collection":[{"href":"https:\/\/kapitalis.com\/tunisie\/wp-json\/wp\/v2\/posts"}],"about":[{"href":"https:\/\/kapitalis.com\/tunisie\/wp-json\/wp\/v2\/types\/post"}],"author":[{"embeddable":true,"href":"https:\/\/kapitalis.com\/tunisie\/wp-json\/wp\/v2\/users\/24"}],"replies":[{"embeddable":true,"href":"https:\/\/kapitalis.com\/tunisie\/wp-json\/wp\/v2\/comments?post=338222"}],"version-history":[{"count":0,"href":"https:\/\/kapitalis.com\/tunisie\/wp-json\/wp\/v2\/posts\/338222\/revisions"}],"wp:attachment":[{"href":"https:\/\/kapitalis.com\/tunisie\/wp-json\/wp\/v2\/media?parent=338222"}],"wp:term":[{"taxonomy":"category","embeddable":true,"href":"https:\/\/kapitalis.com\/tunisie\/wp-json\/wp\/v2\/categories?post=338222"},{"taxonomy":"post_tag","embeddable":true,"href":"https:\/\/kapitalis.com\/tunisie\/wp-json\/wp\/v2\/tags?post=338222"}],"curies":[{"name":"wp","href":"https:\/\/api.w.org\/{rel}","templated":true}]}}