{"id":338358,"date":"2021-03-02T12:44:40","date_gmt":"2021-03-02T11:44:40","guid":{"rendered":"http:\/\/kapitalis.com\/tunisie\/?p=338358"},"modified":"2021-03-02T12:44:43","modified_gmt":"2021-03-02T11:44:43","slug":"belgacem-tayaa-nouvel-administrateur-delegue-de-tunisair","status":"publish","type":"post","link":"https:\/\/kapitalis.com\/tunisie\/2021\/03\/02\/belgacem-tayaa-nouvel-administrateur-delegue-de-tunisair\/","title":{"rendered":"Belgacem Taya\u00e2 nouvel administrateur d\u00e9l\u00e9gu\u00e9 de Tunisair"},"content":{"rendered":"\n<figure class=\"wp-block-image size-large\"><img decoding=\"async\" src=\"http:\/\/kapitalis.com\/tunisie\/wp-content\/uploads\/2021\/03\/Belgacem-Tayaa.jpg\" alt=\"\" class=\"wp-image-338362\"\/><\/figure>\n\n\n\n<p><em><strong>Belgacem Taya\u00e2 a \u00e9t\u00e9 nomm\u00e9 au poste d\u2019administrateur d\u00e9l\u00e9gu\u00e9 de Tunisair par le conseil d\u2019administration de la compagnie a\u00e9rienne nationale, rapport ce mardi, 2 mars 2021, l&rsquo;agence Tap, qui cite Sami Blidi, directeur central charg\u00e9 de la communication au sein de la compagnie.<\/strong><\/em><\/p>\n\n\n\n<!--more-->\n\n\n\n<p>Actuellement pr\u00e9sident-directeur g\u00e9n\u00e9ral de la Soci\u00e9t\u00e9 nationale des chemins de fer tunisiens (SNCFT), Taya\u00e2 a \u00e9t\u00e9 PDG de Tunisair, de juillet \u00e0 d\u00e9cembre 2020, apr\u00e8s le limogeage d&rsquo;Ely\u00e8s Mnakbi.<\/p>\n\n\n\n<p>Belgacem Taya\u00e2 est titulaire d\u2019une ma\u00eetrise en comptabilit\u00e9 de l\u2019Institut des hautes \u00e9tudes commerciales de Carthage (IHEC) et d\u2019un dipl\u00f4me du cycle sup\u00e9rieur, contr\u00f4le de v\u00e9rification de l\u2019\u00c9cole nationale de l\u2019administration.<\/p>\n\n\n\n<p>Il a, dans le pass\u00e9, occup\u00e9 des postes au sein des minist\u00e8res de la Justice, des Droits de l\u2019homme et de la Justice transitionnelle, des Technologies de communication et de l\u2019\u00c9conomie num\u00e9rique.<\/p>\n\n\n\n<p class=\"has-text-align-right\"><strong>C. B. Y.<\/strong><\/p>\n","protected":false},"excerpt":{"rendered":"<p>Belgacem Taya\u00e2 a \u00e9t\u00e9 nomm\u00e9 au poste d\u2019administrateur d\u00e9l\u00e9gu\u00e9 de Tunisair par le conseil d\u2019administration de la compagnie a\u00e9rienne nationale, rapport ce mardi, 2 mars 2021, l&rsquo;agence Tap, qui cite Sami Blidi, directeur central charg\u00e9 de la communication au sein de la compagnie.<\/p>\n","protected":false},"author":24,"featured_media":338362,"comment_status":"open","ping_status":"open","sticky":false,"template":"","format":"standard","meta":{"footnotes":""},"categories":[995,2433],"tags":[87982,77470,837,1501],"class_list":["post-338358","post","type-post","status-publish","format-standard","has-post-thumbnail","hentry","category-economie","category-tunisie","tag-belgacem-tayaa","tag-elyes-mnakbi-2","tag-sncft","tag-tunisair"],"yoast_head":"<!-- This site is optimized with the Yoast SEO plugin v26.6 - https:\/\/yoast.com\/wordpress\/plugins\/seo\/ -->\n<title>Belgacem Taya\u00e2 nouvel administrateur d\u00e9l\u00e9gu\u00e9 de Tunisair - Kapitalis<\/title>\n<meta name=\"robots\" content=\"index, follow, max-snippet:-1, max-image-preview:large, max-video-preview:-1\" \/>\n<link rel=\"canonical\" href=\"https:\/\/kapitalis.com\/tunisie\/2021\/03\/02\/belgacem-tayaa-nouvel-administrateur-delegue-de-tunisair\/\" \/>\n<meta property=\"og:locale\" content=\"fr_FR\" \/>\n<meta property=\"og:type\" content=\"article\" \/>\n<meta property=\"og:title\" content=\"Belgacem Taya\u00e2 nouvel administrateur d\u00e9l\u00e9gu\u00e9 de Tunisair - Kapitalis\" \/>\n<meta property=\"og:description\" content=\"Belgacem Taya\u00e2 a \u00e9t\u00e9 nomm\u00e9 au poste d\u2019administrateur d\u00e9l\u00e9gu\u00e9 de Tunisair par le conseil d\u2019administration de la compagnie a\u00e9rienne nationale, rapport ce mardi, 2 mars 2021, l&rsquo;agence Tap, qui cite Sami Blidi, directeur central charg\u00e9 de la communication au sein de la compagnie.\" \/>\n<meta property=\"og:url\" content=\"https:\/\/kapitalis.com\/tunisie\/2021\/03\/02\/belgacem-tayaa-nouvel-administrateur-delegue-de-tunisair\/\" \/>\n<meta property=\"og:site_name\" content=\"Kapitalis\" \/>\n<meta property=\"article:publisher\" content=\"https:\/\/www.facebook.com\/KapitalisInfo\/\" \/>\n<meta property=\"article:published_time\" content=\"2021-03-02T11:44:40+00:00\" \/>\n<meta property=\"article:modified_time\" content=\"2021-03-02T11:44:43+00:00\" \/>\n<meta property=\"og:image\" content=\"https:\/\/kapitalis.com\/tunisie\/wp-content\/uploads\/2022\/05\/kapitalis-logo-fb.png\" \/>\n\t<meta property=\"og:image:width\" content=\"1200\" \/>\n\t<meta property=\"og:image:height\" content=\"630\" \/>\n\t<meta property=\"og:image:type\" content=\"image\/png\" \/>\n<meta name=\"author\" content=\"Cherif Benyounes\" \/>\n<meta name=\"twitter:card\" content=\"summary_large_image\" \/>\n<meta name=\"twitter:creator\" content=\"@KapitalisInfo\" \/>\n<meta name=\"twitter:site\" content=\"@KapitalisInfo\" \/>\n<meta name=\"twitter:label1\" content=\"\u00c9crit par\" \/>\n\t<meta name=\"twitter:data1\" content=\"Cherif Benyounes\" \/>\n\t<meta name=\"twitter:label2\" content=\"Dur\u00e9e de lecture estim\u00e9e\" \/>\n\t<meta name=\"twitter:data2\" content=\"1 minute\" \/>\n<script type=\"application\/ld+json\" class=\"yoast-schema-graph\">{\"@context\":\"https:\/\/schema.org\",\"@graph\":[{\"@type\":\"Article\",\"@id\":\"https:\/\/kapitalis.com\/tunisie\/2021\/03\/02\/belgacem-tayaa-nouvel-administrateur-delegue-de-tunisair\/#article\",\"isPartOf\":{\"@id\":\"https:\/\/kapitalis.com\/tunisie\/2021\/03\/02\/belgacem-tayaa-nouvel-administrateur-delegue-de-tunisair\/\"},\"author\":{\"name\":\"Cherif Benyounes\",\"@id\":\"https:\/\/kapitalis.com\/tunisie\/#\/schema\/person\/b35b8d631961131107263178aeb8019e\"},\"headline\":\"Belgacem Taya\u00e2 nouvel administrateur d\u00e9l\u00e9gu\u00e9 de Tunisair\",\"datePublished\":\"2021-03-02T11:44:40+00:00\",\"dateModified\":\"2021-03-02T11:44:43+00:00\",\"mainEntityOfPage\":{\"@id\":\"https:\/\/kapitalis.com\/tunisie\/2021\/03\/02\/belgacem-tayaa-nouvel-administrateur-delegue-de-tunisair\/\"},\"wordCount\":169,\"commentCount\":3,\"publisher\":{\"@id\":\"https:\/\/kapitalis.com\/tunisie\/#organization\"},\"image\":{\"@id\":\"https:\/\/kapitalis.com\/tunisie\/2021\/03\/02\/belgacem-tayaa-nouvel-administrateur-delegue-de-tunisair\/#primaryimage\"},\"thumbnailUrl\":\"\",\"keywords\":[\"Belgacem Taya\u00e2\",\"ely\u00e8s mnakbi\",\"SNCFT\",\"Tunisair\"],\"articleSection\":[\"ECONOMIE\",\"Tunisie\"],\"inLanguage\":\"fr-FR\",\"potentialAction\":[{\"@type\":\"CommentAction\",\"name\":\"Comment\",\"target\":[\"https:\/\/kapitalis.com\/tunisie\/2021\/03\/02\/belgacem-tayaa-nouvel-administrateur-delegue-de-tunisair\/#respond\"]}]},{\"@type\":\"WebPage\",\"@id\":\"https:\/\/kapitalis.com\/tunisie\/2021\/03\/02\/belgacem-tayaa-nouvel-administrateur-delegue-de-tunisair\/\",\"url\":\"https:\/\/kapitalis.com\/tunisie\/2021\/03\/02\/belgacem-tayaa-nouvel-administrateur-delegue-de-tunisair\/\",\"name\":\"Belgacem Taya\u00e2 nouvel administrateur d\u00e9l\u00e9gu\u00e9 de Tunisair - Kapitalis\",\"isPartOf\":{\"@id\":\"https:\/\/kapitalis.com\/tunisie\/#website\"},\"primaryImageOfPage\":{\"@id\":\"https:\/\/kapitalis.com\/tunisie\/2021\/03\/02\/belgacem-tayaa-nouvel-administrateur-delegue-de-tunisair\/#primaryimage\"},\"image\":{\"@id\":\"https:\/\/kapitalis.com\/tunisie\/2021\/03\/02\/belgacem-tayaa-nouvel-administrateur-delegue-de-tunisair\/#primaryimage\"},\"thumbnailUrl\":\"\",\"datePublished\":\"2021-03-02T11:44:40+00:00\",\"dateModified\":\"2021-03-02T11:44:43+00:00\",\"breadcrumb\":{\"@id\":\"https:\/\/kapitalis.com\/tunisie\/2021\/03\/02\/belgacem-tayaa-nouvel-administrateur-delegue-de-tunisair\/#breadcrumb\"},\"inLanguage\":\"fr-FR\",\"potentialAction\":[{\"@type\":\"ReadAction\",\"target\":[\"https:\/\/kapitalis.com\/tunisie\/2021\/03\/02\/belgacem-tayaa-nouvel-administrateur-delegue-de-tunisair\/\"]}]},{\"@type\":\"ImageObject\",\"inLanguage\":\"fr-FR\",\"@id\":\"https:\/\/kapitalis.com\/tunisie\/2021\/03\/02\/belgacem-tayaa-nouvel-administrateur-delegue-de-tunisair\/#primaryimage\",\"url\":\"\",\"contentUrl\":\"\"},{\"@type\":\"BreadcrumbList\",\"@id\":\"https:\/\/kapitalis.com\/tunisie\/2021\/03\/02\/belgacem-tayaa-nouvel-administrateur-delegue-de-tunisair\/#breadcrumb\",\"itemListElement\":[{\"@type\":\"ListItem\",\"position\":1,\"name\":\"Accueil\",\"item\":\"https:\/\/kapitalis.com\/tunisie\/\"},{\"@type\":\"ListItem\",\"position\":2,\"name\":\"Belgacem Taya\u00e2 nouvel administrateur d\u00e9l\u00e9gu\u00e9 de Tunisair\"}]},{\"@type\":\"WebSite\",\"@id\":\"https:\/\/kapitalis.com\/tunisie\/#website\",\"url\":\"https:\/\/kapitalis.com\/tunisie\/\",\"name\":\"Kapitalis\",\"description\":\"L&#039;actualit\u00e9 en Tunisie et dans le monde\",\"publisher\":{\"@id\":\"https:\/\/kapitalis.com\/tunisie\/#organization\"},\"potentialAction\":[{\"@type\":\"SearchAction\",\"target\":{\"@type\":\"EntryPoint\",\"urlTemplate\":\"https:\/\/kapitalis.com\/tunisie\/?s={search_term_string}\"},\"query-input\":{\"@type\":\"PropertyValueSpecification\",\"valueRequired\":true,\"valueName\":\"search_term_string\"}}],\"inLanguage\":\"fr-FR\"},{\"@type\":\"Organization\",\"@id\":\"https:\/\/kapitalis.com\/tunisie\/#organization\",\"name\":\"Kapitalis\",\"url\":\"https:\/\/kapitalis.com\/tunisie\/\",\"logo\":{\"@type\":\"ImageObject\",\"inLanguage\":\"fr-FR\",\"@id\":\"https:\/\/kapitalis.com\/tunisie\/#\/schema\/logo\/image\/\",\"url\":\"https:\/\/kapitalis.com\/tunisie\/wp-content\/uploads\/2022\/05\/Kapitalis-big-size.png\",\"contentUrl\":\"https:\/\/kapitalis.com\/tunisie\/wp-content\/uploads\/2022\/05\/Kapitalis-big-size.png\",\"width\":5000,\"height\":1500,\"caption\":\"Kapitalis\"},\"image\":{\"@id\":\"https:\/\/kapitalis.com\/tunisie\/#\/schema\/logo\/image\/\"},\"sameAs\":[\"https:\/\/www.facebook.com\/KapitalisInfo\/\",\"https:\/\/x.com\/KapitalisInfo\",\"https:\/\/www.youtube.com\/channel\/UC-yDYrHyfFBWWZaOw3FPg9Q\"]},{\"@type\":\"Person\",\"@id\":\"https:\/\/kapitalis.com\/tunisie\/#\/schema\/person\/b35b8d631961131107263178aeb8019e\",\"name\":\"Cherif Benyounes\",\"url\":\"https:\/\/kapitalis.com\/tunisie\/author\/cherif\/\"}]}<\/script>\n<!-- \/ Yoast SEO plugin. -->","yoast_head_json":{"title":"Belgacem Taya\u00e2 nouvel administrateur d\u00e9l\u00e9gu\u00e9 de Tunisair - Kapitalis","robots":{"index":"index","follow":"follow","max-snippet":"max-snippet:-1","max-image-preview":"max-image-preview:large","max-video-preview":"max-video-preview:-1"},"canonical":"https:\/\/kapitalis.com\/tunisie\/2021\/03\/02\/belgacem-tayaa-nouvel-administrateur-delegue-de-tunisair\/","og_locale":"fr_FR","og_type":"article","og_title":"Belgacem Taya\u00e2 nouvel administrateur d\u00e9l\u00e9gu\u00e9 de Tunisair - Kapitalis","og_description":"Belgacem Taya\u00e2 a \u00e9t\u00e9 nomm\u00e9 au poste d\u2019administrateur d\u00e9l\u00e9gu\u00e9 de Tunisair par le conseil d\u2019administration de la compagnie a\u00e9rienne nationale, rapport ce mardi, 2 mars 2021, l&rsquo;agence Tap, qui cite Sami Blidi, directeur central charg\u00e9 de la communication au sein de la compagnie.","og_url":"https:\/\/kapitalis.com\/tunisie\/2021\/03\/02\/belgacem-tayaa-nouvel-administrateur-delegue-de-tunisair\/","og_site_name":"Kapitalis","article_publisher":"https:\/\/www.facebook.com\/KapitalisInfo\/","article_published_time":"2021-03-02T11:44:40+00:00","article_modified_time":"2021-03-02T11:44:43+00:00","og_image":[{"width":1200,"height":630,"url":"https:\/\/kapitalis.com\/tunisie\/wp-content\/uploads\/2022\/05\/kapitalis-logo-fb.png","type":"image\/png"}],"author":"Cherif Benyounes","twitter_card":"summary_large_image","twitter_creator":"@KapitalisInfo","twitter_site":"@KapitalisInfo","twitter_misc":{"\u00c9crit par":"Cherif Benyounes","Dur\u00e9e de lecture estim\u00e9e":"1 minute"},"schema":{"@context":"https:\/\/schema.org","@graph":[{"@type":"Article","@id":"https:\/\/kapitalis.com\/tunisie\/2021\/03\/02\/belgacem-tayaa-nouvel-administrateur-delegue-de-tunisair\/#article","isPartOf":{"@id":"https:\/\/kapitalis.com\/tunisie\/2021\/03\/02\/belgacem-tayaa-nouvel-administrateur-delegue-de-tunisair\/"},"author":{"name":"Cherif Benyounes","@id":"https:\/\/kapitalis.com\/tunisie\/#\/schema\/person\/b35b8d631961131107263178aeb8019e"},"headline":"Belgacem Taya\u00e2 nouvel administrateur d\u00e9l\u00e9gu\u00e9 de Tunisair","datePublished":"2021-03-02T11:44:40+00:00","dateModified":"2021-03-02T11:44:43+00:00","mainEntityOfPage":{"@id":"https:\/\/kapitalis.com\/tunisie\/2021\/03\/02\/belgacem-tayaa-nouvel-administrateur-delegue-de-tunisair\/"},"wordCount":169,"commentCount":3,"publisher":{"@id":"https:\/\/kapitalis.com\/tunisie\/#organization"},"image":{"@id":"https:\/\/kapitalis.com\/tunisie\/2021\/03\/02\/belgacem-tayaa-nouvel-administrateur-delegue-de-tunisair\/#primaryimage"},"thumbnailUrl":"","keywords":["Belgacem Taya\u00e2","ely\u00e8s mnakbi","SNCFT","Tunisair"],"articleSection":["ECONOMIE","Tunisie"],"inLanguage":"fr-FR","potentialAction":[{"@type":"CommentAction","name":"Comment","target":["https:\/\/kapitalis.com\/tunisie\/2021\/03\/02\/belgacem-tayaa-nouvel-administrateur-delegue-de-tunisair\/#respond"]}]},{"@type":"WebPage","@id":"https:\/\/kapitalis.com\/tunisie\/2021\/03\/02\/belgacem-tayaa-nouvel-administrateur-delegue-de-tunisair\/","url":"https:\/\/kapitalis.com\/tunisie\/2021\/03\/02\/belgacem-tayaa-nouvel-administrateur-delegue-de-tunisair\/","name":"Belgacem Taya\u00e2 nouvel administrateur d\u00e9l\u00e9gu\u00e9 de Tunisair - Kapitalis","isPartOf":{"@id":"https:\/\/kapitalis.com\/tunisie\/#website"},"primaryImageOfPage":{"@id":"https:\/\/kapitalis.com\/tunisie\/2021\/03\/02\/belgacem-tayaa-nouvel-administrateur-delegue-de-tunisair\/#primaryimage"},"image":{"@id":"https:\/\/kapitalis.com\/tunisie\/2021\/03\/02\/belgacem-tayaa-nouvel-administrateur-delegue-de-tunisair\/#primaryimage"},"thumbnailUrl":"","datePublished":"2021-03-02T11:44:40+00:00","dateModified":"2021-03-02T11:44:43+00:00","breadcrumb":{"@id":"https:\/\/kapitalis.com\/tunisie\/2021\/03\/02\/belgacem-tayaa-nouvel-administrateur-delegue-de-tunisair\/#breadcrumb"},"inLanguage":"fr-FR","potentialAction":[{"@type":"ReadAction","target":["https:\/\/kapitalis.com\/tunisie\/2021\/03\/02\/belgacem-tayaa-nouvel-administrateur-delegue-de-tunisair\/"]}]},{"@type":"ImageObject","inLanguage":"fr-FR","@id":"https:\/\/kapitalis.com\/tunisie\/2021\/03\/02\/belgacem-tayaa-nouvel-administrateur-delegue-de-tunisair\/#primaryimage","url":"","contentUrl":""},{"@type":"BreadcrumbList","@id":"https:\/\/kapitalis.com\/tunisie\/2021\/03\/02\/belgacem-tayaa-nouvel-administrateur-delegue-de-tunisair\/#breadcrumb","itemListElement":[{"@type":"ListItem","position":1,"name":"Accueil","item":"https:\/\/kapitalis.com\/tunisie\/"},{"@type":"ListItem","position":2,"name":"Belgacem Taya\u00e2 nouvel administrateur d\u00e9l\u00e9gu\u00e9 de Tunisair"}]},{"@type":"WebSite","@id":"https:\/\/kapitalis.com\/tunisie\/#website","url":"https:\/\/kapitalis.com\/tunisie\/","name":"Kapitalis","description":"L&#039;actualit\u00e9 en Tunisie et dans le monde","publisher":{"@id":"https:\/\/kapitalis.com\/tunisie\/#organization"},"potentialAction":[{"@type":"SearchAction","target":{"@type":"EntryPoint","urlTemplate":"https:\/\/kapitalis.com\/tunisie\/?s={search_term_string}"},"query-input":{"@type":"PropertyValueSpecification","valueRequired":true,"valueName":"search_term_string"}}],"inLanguage":"fr-FR"},{"@type":"Organization","@id":"https:\/\/kapitalis.com\/tunisie\/#organization","name":"Kapitalis","url":"https:\/\/kapitalis.com\/tunisie\/","logo":{"@type":"ImageObject","inLanguage":"fr-FR","@id":"https:\/\/kapitalis.com\/tunisie\/#\/schema\/logo\/image\/","url":"https:\/\/kapitalis.com\/tunisie\/wp-content\/uploads\/2022\/05\/Kapitalis-big-size.png","contentUrl":"https:\/\/kapitalis.com\/tunisie\/wp-content\/uploads\/2022\/05\/Kapitalis-big-size.png","width":5000,"height":1500,"caption":"Kapitalis"},"image":{"@id":"https:\/\/kapitalis.com\/tunisie\/#\/schema\/logo\/image\/"},"sameAs":["https:\/\/www.facebook.com\/KapitalisInfo\/","https:\/\/x.com\/KapitalisInfo","https:\/\/www.youtube.com\/channel\/UC-yDYrHyfFBWWZaOw3FPg9Q"]},{"@type":"Person","@id":"https:\/\/kapitalis.com\/tunisie\/#\/schema\/person\/b35b8d631961131107263178aeb8019e","name":"Cherif Benyounes","url":"https:\/\/kapitalis.com\/tunisie\/author\/cherif\/"}]}},"_links":{"self":[{"href":"https:\/\/kapitalis.com\/tunisie\/wp-json\/wp\/v2\/posts\/338358","targetHints":{"allow":["GET"]}}],"collection":[{"href":"https:\/\/kapitalis.com\/tunisie\/wp-json\/wp\/v2\/posts"}],"about":[{"href":"https:\/\/kapitalis.com\/tunisie\/wp-json\/wp\/v2\/types\/post"}],"author":[{"embeddable":true,"href":"https:\/\/kapitalis.com\/tunisie\/wp-json\/wp\/v2\/users\/24"}],"replies":[{"embeddable":true,"href":"https:\/\/kapitalis.com\/tunisie\/wp-json\/wp\/v2\/comments?post=338358"}],"version-history":[{"count":0,"href":"https:\/\/kapitalis.com\/tunisie\/wp-json\/wp\/v2\/posts\/338358\/revisions"}],"wp:featuredmedia":[{"embeddable":true,"href":"https:\/\/kapitalis.com\/tunisie\/wp-json\/wp\/v2\/media\/338362"}],"wp:attachment":[{"href":"https:\/\/kapitalis.com\/tunisie\/wp-json\/wp\/v2\/media?parent=338358"}],"wp:term":[{"taxonomy":"category","embeddable":true,"href":"https:\/\/kapitalis.com\/tunisie\/wp-json\/wp\/v2\/categories?post=338358"},{"taxonomy":"post_tag","embeddable":true,"href":"https:\/\/kapitalis.com\/tunisie\/wp-json\/wp\/v2\/tags?post=338358"}],"curies":[{"name":"wp","href":"https:\/\/api.w.org\/{rel}","templated":true}]}}