{"id":338594,"date":"2021-03-04T10:19:54","date_gmt":"2021-03-04T09:19:54","guid":{"rendered":"http:\/\/kapitalis.com\/tunisie\/?p=338594"},"modified":"2021-03-04T10:22:02","modified_gmt":"2021-03-04T09:22:02","slug":"le-festival-gabes-cinema-fen-est-reporte-au-mois-de-juin","status":"publish","type":"post","link":"https:\/\/kapitalis.com\/tunisie\/2021\/03\/04\/le-festival-gabes-cinema-fen-est-reporte-au-mois-de-juin\/","title":{"rendered":"Le festival Gabes Cin\u00e9ma Fen est report\u00e9 au mois de juin"},"content":{"rendered":"\n<div class=\"wp-block-image\"><figure class=\"aligncenter size-large\"><img decoding=\"async\" src=\"http:\/\/kapitalis.com\/tunisie\/wp-content\/uploads\/2021\/03\/Untitled-1.jpg\" alt=\"\" class=\"wp-image-338600\"\/><\/figure><\/div>\n\n\n\n<p><strong><em>La 3<sup>e<\/sup> \u00e9dition Festival cin\u00e9matographique Gabes Cin\u00e9ma Fen vient d&rsquo;\u00eatre report\u00e9e pour le mois de juin 2021, afin de garantir une \u00e9dition en pr\u00e9sentiel.<\/em><\/strong><\/p>\n\n\n\n<!--more-->\n\n\n\n<p>Gabes Cin\u00e9ma Fen, l\u2019un des plus jeunes mais aussi des plus grands festivals de cin\u00e9ma en Tunisie ayant pour marraine l\u2019actrice Hend Sabri, n\u2019aura pas lieu du 5 au 13 mars comme pr\u00e9vu initialement, mais du 18 au 26 juin 2021.<\/p>\n\n\n\n<p>Le festival \u00e9tait contraint l\u2019ann\u00e9e derni\u00e8re d\u2019improviser une \u00e9dition num\u00e9rique \u00e0 cause de la pand\u00e9mie du Coronavirus (Covid-19), qui a d\u2019ailleurs eu beaucoup de succ\u00e8s et qui a encourag\u00e9 d\u2019autres festivals \u00e0 opter pour une programmation num\u00e9rique au lieu d\u2019une annulation. Mais le comit\u00e9 d\u2019organisation tient cette ann\u00e9e \u00e0 la pr\u00e9sence du public, d\u2019o\u00f9 le choix de reporter l\u2019\u00e9dition au mois de juin dans l\u2019espoir de voir la situation sanitaire s\u2019am\u00e9liorer.<\/p>\n\n\n\n<p>\u00ab&nbsp;<em>Dans ce contexte incertain o\u00f9 la culture trouve difficilement sa place, l\u2019\u00e9quipe ne baisse pas les bras : la d\u00e9cision de reporter le festival \u00e9mane de la volont\u00e9 de pr\u00e9server sa p\u00e9rennit\u00e9 et d\u2019augmenter ses chances de se d\u00e9rouler en pr\u00e9sentiel<\/em>&nbsp;\u00bb, explique l\u2019\u00e9quipe du festival.<\/p>\n\n\n\n<p class=\"has-text-align-right\"><strong>Fawz Benali<\/strong><\/p>\n","protected":false},"excerpt":{"rendered":"<p>La 3e \u00e9dition Festival cin\u00e9matographique Gabes Cin\u00e9ma Fen vient d&rsquo;\u00eatre report\u00e9e pour le mois de juin 2021, afin de garantir une \u00e9dition en pr\u00e9sentiel.<\/p>\n","protected":false},"author":26,"featured_media":338600,"comment_status":"open","ping_status":"open","sticky":false,"template":"","format":"standard","meta":{"footnotes":""},"categories":[994,2433],"tags":[83201,76201,88044],"class_list":["post-338594","post","type-post","status-publish","format-standard","has-post-thumbnail","hentry","category-culture","category-tunisie","tag-festival-de-cinema","tag-gabes-cinema-fen","tag-gabes-cinema-fen-2021"],"yoast_head":"<!-- This site is optimized with the Yoast SEO plugin v26.6 - https:\/\/yoast.com\/wordpress\/plugins\/seo\/ -->\n<title>Le festival Gabes Cin\u00e9ma Fen est report\u00e9 au mois de juin - Kapitalis<\/title>\n<meta name=\"robots\" content=\"index, follow, max-snippet:-1, max-image-preview:large, max-video-preview:-1\" \/>\n<link rel=\"canonical\" href=\"https:\/\/kapitalis.com\/tunisie\/2021\/03\/04\/le-festival-gabes-cinema-fen-est-reporte-au-mois-de-juin\/\" \/>\n<meta property=\"og:locale\" content=\"fr_FR\" \/>\n<meta property=\"og:type\" content=\"article\" \/>\n<meta property=\"og:title\" content=\"Le festival Gabes Cin\u00e9ma Fen est report\u00e9 au mois de juin - Kapitalis\" \/>\n<meta property=\"og:description\" content=\"La 3e \u00e9dition Festival cin\u00e9matographique Gabes Cin\u00e9ma Fen vient d&rsquo;\u00eatre report\u00e9e pour le mois de juin 2021, afin de garantir une \u00e9dition en pr\u00e9sentiel.\" \/>\n<meta property=\"og:url\" content=\"https:\/\/kapitalis.com\/tunisie\/2021\/03\/04\/le-festival-gabes-cinema-fen-est-reporte-au-mois-de-juin\/\" \/>\n<meta property=\"og:site_name\" content=\"Kapitalis\" \/>\n<meta property=\"article:publisher\" content=\"https:\/\/www.facebook.com\/KapitalisInfo\/\" \/>\n<meta property=\"article:published_time\" content=\"2021-03-04T09:19:54+00:00\" \/>\n<meta property=\"article:modified_time\" content=\"2021-03-04T09:22:02+00:00\" \/>\n<meta property=\"og:image\" content=\"https:\/\/kapitalis.com\/tunisie\/wp-content\/uploads\/2022\/05\/kapitalis-logo-fb.png\" \/>\n\t<meta property=\"og:image:width\" content=\"1200\" \/>\n\t<meta property=\"og:image:height\" content=\"630\" \/>\n\t<meta property=\"og:image:type\" content=\"image\/png\" \/>\n<meta name=\"author\" content=\"Fawz BenAli\" \/>\n<meta name=\"twitter:card\" content=\"summary_large_image\" \/>\n<meta name=\"twitter:creator\" content=\"@KapitalisInfo\" \/>\n<meta name=\"twitter:site\" content=\"@KapitalisInfo\" \/>\n<meta name=\"twitter:label1\" content=\"\u00c9crit par\" \/>\n\t<meta name=\"twitter:data1\" content=\"Fawz BenAli\" \/>\n\t<meta name=\"twitter:label2\" content=\"Dur\u00e9e de lecture estim\u00e9e\" \/>\n\t<meta name=\"twitter:data2\" content=\"1 minute\" \/>\n<script type=\"application\/ld+json\" class=\"yoast-schema-graph\">{\"@context\":\"https:\/\/schema.org\",\"@graph\":[{\"@type\":\"Article\",\"@id\":\"https:\/\/kapitalis.com\/tunisie\/2021\/03\/04\/le-festival-gabes-cinema-fen-est-reporte-au-mois-de-juin\/#article\",\"isPartOf\":{\"@id\":\"https:\/\/kapitalis.com\/tunisie\/2021\/03\/04\/le-festival-gabes-cinema-fen-est-reporte-au-mois-de-juin\/\"},\"author\":{\"name\":\"Fawz BenAli\",\"@id\":\"https:\/\/kapitalis.com\/tunisie\/#\/schema\/person\/73a5ecc1f6ae540c6ed91342eadca948\"},\"headline\":\"Le festival Gabes Cin\u00e9ma Fen est report\u00e9 au mois de juin\",\"datePublished\":\"2021-03-04T09:19:54+00:00\",\"dateModified\":\"2021-03-04T09:22:02+00:00\",\"mainEntityOfPage\":{\"@id\":\"https:\/\/kapitalis.com\/tunisie\/2021\/03\/04\/le-festival-gabes-cinema-fen-est-reporte-au-mois-de-juin\/\"},\"wordCount\":225,\"commentCount\":0,\"publisher\":{\"@id\":\"https:\/\/kapitalis.com\/tunisie\/#organization\"},\"image\":{\"@id\":\"https:\/\/kapitalis.com\/tunisie\/2021\/03\/04\/le-festival-gabes-cinema-fen-est-reporte-au-mois-de-juin\/#primaryimage\"},\"thumbnailUrl\":\"\",\"keywords\":[\"festival de cin\u00e9ma\",\"Gabes cin\u00e9ma fen\",\"Gabes cin\u00e9ma fen 2021\"],\"articleSection\":[\"CULTURE\",\"Tunisie\"],\"inLanguage\":\"fr-FR\",\"potentialAction\":[{\"@type\":\"CommentAction\",\"name\":\"Comment\",\"target\":[\"https:\/\/kapitalis.com\/tunisie\/2021\/03\/04\/le-festival-gabes-cinema-fen-est-reporte-au-mois-de-juin\/#respond\"]}]},{\"@type\":\"WebPage\",\"@id\":\"https:\/\/kapitalis.com\/tunisie\/2021\/03\/04\/le-festival-gabes-cinema-fen-est-reporte-au-mois-de-juin\/\",\"url\":\"https:\/\/kapitalis.com\/tunisie\/2021\/03\/04\/le-festival-gabes-cinema-fen-est-reporte-au-mois-de-juin\/\",\"name\":\"Le festival Gabes Cin\u00e9ma Fen est report\u00e9 au mois de juin - Kapitalis\",\"isPartOf\":{\"@id\":\"https:\/\/kapitalis.com\/tunisie\/#website\"},\"primaryImageOfPage\":{\"@id\":\"https:\/\/kapitalis.com\/tunisie\/2021\/03\/04\/le-festival-gabes-cinema-fen-est-reporte-au-mois-de-juin\/#primaryimage\"},\"image\":{\"@id\":\"https:\/\/kapitalis.com\/tunisie\/2021\/03\/04\/le-festival-gabes-cinema-fen-est-reporte-au-mois-de-juin\/#primaryimage\"},\"thumbnailUrl\":\"\",\"datePublished\":\"2021-03-04T09:19:54+00:00\",\"dateModified\":\"2021-03-04T09:22:02+00:00\",\"breadcrumb\":{\"@id\":\"https:\/\/kapitalis.com\/tunisie\/2021\/03\/04\/le-festival-gabes-cinema-fen-est-reporte-au-mois-de-juin\/#breadcrumb\"},\"inLanguage\":\"fr-FR\",\"potentialAction\":[{\"@type\":\"ReadAction\",\"target\":[\"https:\/\/kapitalis.com\/tunisie\/2021\/03\/04\/le-festival-gabes-cinema-fen-est-reporte-au-mois-de-juin\/\"]}]},{\"@type\":\"ImageObject\",\"inLanguage\":\"fr-FR\",\"@id\":\"https:\/\/kapitalis.com\/tunisie\/2021\/03\/04\/le-festival-gabes-cinema-fen-est-reporte-au-mois-de-juin\/#primaryimage\",\"url\":\"\",\"contentUrl\":\"\"},{\"@type\":\"BreadcrumbList\",\"@id\":\"https:\/\/kapitalis.com\/tunisie\/2021\/03\/04\/le-festival-gabes-cinema-fen-est-reporte-au-mois-de-juin\/#breadcrumb\",\"itemListElement\":[{\"@type\":\"ListItem\",\"position\":1,\"name\":\"Accueil\",\"item\":\"https:\/\/kapitalis.com\/tunisie\/\"},{\"@type\":\"ListItem\",\"position\":2,\"name\":\"Le festival Gabes Cin\u00e9ma Fen est report\u00e9 au mois de juin\"}]},{\"@type\":\"WebSite\",\"@id\":\"https:\/\/kapitalis.com\/tunisie\/#website\",\"url\":\"https:\/\/kapitalis.com\/tunisie\/\",\"name\":\"Kapitalis\",\"description\":\"L&#039;actualit\u00e9 en Tunisie et dans le monde\",\"publisher\":{\"@id\":\"https:\/\/kapitalis.com\/tunisie\/#organization\"},\"potentialAction\":[{\"@type\":\"SearchAction\",\"target\":{\"@type\":\"EntryPoint\",\"urlTemplate\":\"https:\/\/kapitalis.com\/tunisie\/?s={search_term_string}\"},\"query-input\":{\"@type\":\"PropertyValueSpecification\",\"valueRequired\":true,\"valueName\":\"search_term_string\"}}],\"inLanguage\":\"fr-FR\"},{\"@type\":\"Organization\",\"@id\":\"https:\/\/kapitalis.com\/tunisie\/#organization\",\"name\":\"Kapitalis\",\"url\":\"https:\/\/kapitalis.com\/tunisie\/\",\"logo\":{\"@type\":\"ImageObject\",\"inLanguage\":\"fr-FR\",\"@id\":\"https:\/\/kapitalis.com\/tunisie\/#\/schema\/logo\/image\/\",\"url\":\"https:\/\/kapitalis.com\/tunisie\/wp-content\/uploads\/2022\/05\/Kapitalis-big-size.png\",\"contentUrl\":\"https:\/\/kapitalis.com\/tunisie\/wp-content\/uploads\/2022\/05\/Kapitalis-big-size.png\",\"width\":5000,\"height\":1500,\"caption\":\"Kapitalis\"},\"image\":{\"@id\":\"https:\/\/kapitalis.com\/tunisie\/#\/schema\/logo\/image\/\"},\"sameAs\":[\"https:\/\/www.facebook.com\/KapitalisInfo\/\",\"https:\/\/x.com\/KapitalisInfo\",\"https:\/\/www.youtube.com\/channel\/UC-yDYrHyfFBWWZaOw3FPg9Q\"]},{\"@type\":\"Person\",\"@id\":\"https:\/\/kapitalis.com\/tunisie\/#\/schema\/person\/73a5ecc1f6ae540c6ed91342eadca948\",\"name\":\"Fawz BenAli\",\"url\":\"https:\/\/kapitalis.com\/tunisie\/author\/fawz\/\"}]}<\/script>\n<!-- \/ Yoast SEO plugin. -->","yoast_head_json":{"title":"Le festival Gabes Cin\u00e9ma Fen est report\u00e9 au mois de juin - Kapitalis","robots":{"index":"index","follow":"follow","max-snippet":"max-snippet:-1","max-image-preview":"max-image-preview:large","max-video-preview":"max-video-preview:-1"},"canonical":"https:\/\/kapitalis.com\/tunisie\/2021\/03\/04\/le-festival-gabes-cinema-fen-est-reporte-au-mois-de-juin\/","og_locale":"fr_FR","og_type":"article","og_title":"Le festival Gabes Cin\u00e9ma Fen est report\u00e9 au mois de juin - Kapitalis","og_description":"La 3e \u00e9dition Festival cin\u00e9matographique Gabes Cin\u00e9ma Fen vient d&rsquo;\u00eatre report\u00e9e pour le mois de juin 2021, afin de garantir une \u00e9dition en pr\u00e9sentiel.","og_url":"https:\/\/kapitalis.com\/tunisie\/2021\/03\/04\/le-festival-gabes-cinema-fen-est-reporte-au-mois-de-juin\/","og_site_name":"Kapitalis","article_publisher":"https:\/\/www.facebook.com\/KapitalisInfo\/","article_published_time":"2021-03-04T09:19:54+00:00","article_modified_time":"2021-03-04T09:22:02+00:00","og_image":[{"width":1200,"height":630,"url":"https:\/\/kapitalis.com\/tunisie\/wp-content\/uploads\/2022\/05\/kapitalis-logo-fb.png","type":"image\/png"}],"author":"Fawz BenAli","twitter_card":"summary_large_image","twitter_creator":"@KapitalisInfo","twitter_site":"@KapitalisInfo","twitter_misc":{"\u00c9crit par":"Fawz BenAli","Dur\u00e9e de lecture estim\u00e9e":"1 minute"},"schema":{"@context":"https:\/\/schema.org","@graph":[{"@type":"Article","@id":"https:\/\/kapitalis.com\/tunisie\/2021\/03\/04\/le-festival-gabes-cinema-fen-est-reporte-au-mois-de-juin\/#article","isPartOf":{"@id":"https:\/\/kapitalis.com\/tunisie\/2021\/03\/04\/le-festival-gabes-cinema-fen-est-reporte-au-mois-de-juin\/"},"author":{"name":"Fawz BenAli","@id":"https:\/\/kapitalis.com\/tunisie\/#\/schema\/person\/73a5ecc1f6ae540c6ed91342eadca948"},"headline":"Le festival Gabes Cin\u00e9ma Fen est report\u00e9 au mois de juin","datePublished":"2021-03-04T09:19:54+00:00","dateModified":"2021-03-04T09:22:02+00:00","mainEntityOfPage":{"@id":"https:\/\/kapitalis.com\/tunisie\/2021\/03\/04\/le-festival-gabes-cinema-fen-est-reporte-au-mois-de-juin\/"},"wordCount":225,"commentCount":0,"publisher":{"@id":"https:\/\/kapitalis.com\/tunisie\/#organization"},"image":{"@id":"https:\/\/kapitalis.com\/tunisie\/2021\/03\/04\/le-festival-gabes-cinema-fen-est-reporte-au-mois-de-juin\/#primaryimage"},"thumbnailUrl":"","keywords":["festival de cin\u00e9ma","Gabes cin\u00e9ma fen","Gabes cin\u00e9ma fen 2021"],"articleSection":["CULTURE","Tunisie"],"inLanguage":"fr-FR","potentialAction":[{"@type":"CommentAction","name":"Comment","target":["https:\/\/kapitalis.com\/tunisie\/2021\/03\/04\/le-festival-gabes-cinema-fen-est-reporte-au-mois-de-juin\/#respond"]}]},{"@type":"WebPage","@id":"https:\/\/kapitalis.com\/tunisie\/2021\/03\/04\/le-festival-gabes-cinema-fen-est-reporte-au-mois-de-juin\/","url":"https:\/\/kapitalis.com\/tunisie\/2021\/03\/04\/le-festival-gabes-cinema-fen-est-reporte-au-mois-de-juin\/","name":"Le festival Gabes Cin\u00e9ma Fen est report\u00e9 au mois de juin - Kapitalis","isPartOf":{"@id":"https:\/\/kapitalis.com\/tunisie\/#website"},"primaryImageOfPage":{"@id":"https:\/\/kapitalis.com\/tunisie\/2021\/03\/04\/le-festival-gabes-cinema-fen-est-reporte-au-mois-de-juin\/#primaryimage"},"image":{"@id":"https:\/\/kapitalis.com\/tunisie\/2021\/03\/04\/le-festival-gabes-cinema-fen-est-reporte-au-mois-de-juin\/#primaryimage"},"thumbnailUrl":"","datePublished":"2021-03-04T09:19:54+00:00","dateModified":"2021-03-04T09:22:02+00:00","breadcrumb":{"@id":"https:\/\/kapitalis.com\/tunisie\/2021\/03\/04\/le-festival-gabes-cinema-fen-est-reporte-au-mois-de-juin\/#breadcrumb"},"inLanguage":"fr-FR","potentialAction":[{"@type":"ReadAction","target":["https:\/\/kapitalis.com\/tunisie\/2021\/03\/04\/le-festival-gabes-cinema-fen-est-reporte-au-mois-de-juin\/"]}]},{"@type":"ImageObject","inLanguage":"fr-FR","@id":"https:\/\/kapitalis.com\/tunisie\/2021\/03\/04\/le-festival-gabes-cinema-fen-est-reporte-au-mois-de-juin\/#primaryimage","url":"","contentUrl":""},{"@type":"BreadcrumbList","@id":"https:\/\/kapitalis.com\/tunisie\/2021\/03\/04\/le-festival-gabes-cinema-fen-est-reporte-au-mois-de-juin\/#breadcrumb","itemListElement":[{"@type":"ListItem","position":1,"name":"Accueil","item":"https:\/\/kapitalis.com\/tunisie\/"},{"@type":"ListItem","position":2,"name":"Le festival Gabes Cin\u00e9ma Fen est report\u00e9 au mois de juin"}]},{"@type":"WebSite","@id":"https:\/\/kapitalis.com\/tunisie\/#website","url":"https:\/\/kapitalis.com\/tunisie\/","name":"Kapitalis","description":"L&#039;actualit\u00e9 en Tunisie et dans le monde","publisher":{"@id":"https:\/\/kapitalis.com\/tunisie\/#organization"},"potentialAction":[{"@type":"SearchAction","target":{"@type":"EntryPoint","urlTemplate":"https:\/\/kapitalis.com\/tunisie\/?s={search_term_string}"},"query-input":{"@type":"PropertyValueSpecification","valueRequired":true,"valueName":"search_term_string"}}],"inLanguage":"fr-FR"},{"@type":"Organization","@id":"https:\/\/kapitalis.com\/tunisie\/#organization","name":"Kapitalis","url":"https:\/\/kapitalis.com\/tunisie\/","logo":{"@type":"ImageObject","inLanguage":"fr-FR","@id":"https:\/\/kapitalis.com\/tunisie\/#\/schema\/logo\/image\/","url":"https:\/\/kapitalis.com\/tunisie\/wp-content\/uploads\/2022\/05\/Kapitalis-big-size.png","contentUrl":"https:\/\/kapitalis.com\/tunisie\/wp-content\/uploads\/2022\/05\/Kapitalis-big-size.png","width":5000,"height":1500,"caption":"Kapitalis"},"image":{"@id":"https:\/\/kapitalis.com\/tunisie\/#\/schema\/logo\/image\/"},"sameAs":["https:\/\/www.facebook.com\/KapitalisInfo\/","https:\/\/x.com\/KapitalisInfo","https:\/\/www.youtube.com\/channel\/UC-yDYrHyfFBWWZaOw3FPg9Q"]},{"@type":"Person","@id":"https:\/\/kapitalis.com\/tunisie\/#\/schema\/person\/73a5ecc1f6ae540c6ed91342eadca948","name":"Fawz BenAli","url":"https:\/\/kapitalis.com\/tunisie\/author\/fawz\/"}]}},"_links":{"self":[{"href":"https:\/\/kapitalis.com\/tunisie\/wp-json\/wp\/v2\/posts\/338594","targetHints":{"allow":["GET"]}}],"collection":[{"href":"https:\/\/kapitalis.com\/tunisie\/wp-json\/wp\/v2\/posts"}],"about":[{"href":"https:\/\/kapitalis.com\/tunisie\/wp-json\/wp\/v2\/types\/post"}],"author":[{"embeddable":true,"href":"https:\/\/kapitalis.com\/tunisie\/wp-json\/wp\/v2\/users\/26"}],"replies":[{"embeddable":true,"href":"https:\/\/kapitalis.com\/tunisie\/wp-json\/wp\/v2\/comments?post=338594"}],"version-history":[{"count":0,"href":"https:\/\/kapitalis.com\/tunisie\/wp-json\/wp\/v2\/posts\/338594\/revisions"}],"wp:featuredmedia":[{"embeddable":true,"href":"https:\/\/kapitalis.com\/tunisie\/wp-json\/wp\/v2\/media\/338600"}],"wp:attachment":[{"href":"https:\/\/kapitalis.com\/tunisie\/wp-json\/wp\/v2\/media?parent=338594"}],"wp:term":[{"taxonomy":"category","embeddable":true,"href":"https:\/\/kapitalis.com\/tunisie\/wp-json\/wp\/v2\/categories?post=338594"},{"taxonomy":"post_tag","embeddable":true,"href":"https:\/\/kapitalis.com\/tunisie\/wp-json\/wp\/v2\/tags?post=338594"}],"curies":[{"name":"wp","href":"https:\/\/api.w.org\/{rel}","templated":true}]}}