{"id":33871,"date":"2016-01-08T17:30:59","date_gmt":"2016-01-08T16:30:59","guid":{"rendered":"http:\/\/kapitalis.com\/tunisie\/?p=33871"},"modified":"2016-01-08T17:14:15","modified_gmt":"2016-01-08T16:14:15","slug":"election-du-be-de-conect-international-le-16-janvier","status":"publish","type":"post","link":"https:\/\/kapitalis.com\/tunisie\/2016\/01\/08\/election-du-be-de-conect-international-le-16-janvier\/","title":{"rendered":"Election du BE de Conect International le 16 janvier"},"content":{"rendered":"<p><img loading=\"lazy\" decoding=\"async\" class=\"alignnone size-full wp-image-10252 aligncenter\" src=\"http:\/\/kapitalis.com\/tunisie\/wp-content\/uploads\/2015\/08\/Conect.jpg\" alt=\"Conect\" width=\"626\" height=\"380\" \/><\/p>\n<p><em><strong>Conect International officiellement, cr\u00e9\u00e9e en septembre 2015, se met en place progressivement.<\/strong> <\/em><\/p>\n<p><!--more--><\/p>\n<p>Ce bras ext\u00e9rieur de la Conf\u00e9d\u00e9ration nationale des entreprises citoyennes de Tunisie (Conect), pr\u00e9sid\u00e9e par Tarek Ch\u00e9rif, proc\u00e8dera le 16 janvier 2016 \u00e0 l\u2019\u00e9lection de son bureau ex\u00e9cutif.<\/p>\n<p>L\u2019appartenance \u00e0 cette structure est ouverte aux entreprises tunisiennes <em>\u00abactives sur les march\u00e9s ext\u00e9rieurs et ayant des relations de coop\u00e9ration et de partenariat \u00e0 l\u2019\u00e9chelle internationale.\u00bb<\/em><\/p>\n<p>Un appel \u00e0 candidatures a \u00e9t\u00e9 lanc\u00e9 le 9 d\u00e9cembre 2015.<\/p>\n<p>En novembre 2015, Conect International s\u2019est dot\u00e9 d\u2019un <em>\u00abBoard strat\u00e9gique\u00bb<\/em> compos\u00e9 de quatre : Leila Mabrouk Khaiat, pr\u00e9sidente du Comit\u00e9 des Sages de la Conect, Tahar Sioud et B\u00e9chir Msakni, respectivement pr\u00e9sident et secr\u00e9taire g\u00e9n\u00e9ral de l\u2019Association tunisienne des anciens ambassadeurs et consuls g\u00e9n\u00e9raux (Ataacg), et Chokri Mamoghli, universitaire et ancien secr\u00e9taire d\u2019Etat.<\/p>\n<p style=\"text-align: right;\"><strong>Nabil Ben Ameur<\/strong><\/p>\n","protected":false},"excerpt":{"rendered":"<p>Conect International officiellement, cr\u00e9\u00e9e en septembre 2015, se met en place progressivement.<\/p>\n","protected":false},"author":8,"featured_media":0,"comment_status":"open","ping_status":"open","sticky":false,"template":"","format":"standard","meta":{"footnotes":""},"categories":[995,2433],"tags":[5407,9292,9295,2145],"class_list":["post-33871","post","type-post","status-publish","format-standard","hentry","category-economie","category-tunisie","tag-chokri-mamoghli","tag-conect-international","tag-tahar-sioud","tag-tarek-cherif"],"yoast_head":"<!-- This site is optimized with the Yoast SEO plugin v26.6 - https:\/\/yoast.com\/wordpress\/plugins\/seo\/ -->\n<title>Election du BE de Conect International le 16 janvier - Kapitalis<\/title>\n<meta name=\"robots\" content=\"index, follow, max-snippet:-1, max-image-preview:large, max-video-preview:-1\" \/>\n<link rel=\"canonical\" href=\"https:\/\/kapitalis.com\/tunisie\/2016\/01\/08\/election-du-be-de-conect-international-le-16-janvier\/\" \/>\n<meta property=\"og:locale\" content=\"fr_FR\" \/>\n<meta property=\"og:type\" content=\"article\" \/>\n<meta property=\"og:title\" content=\"Election du BE de Conect International le 16 janvier - Kapitalis\" \/>\n<meta property=\"og:description\" content=\"Conect International officiellement, cr\u00e9\u00e9e en septembre 2015, se met en place progressivement.\" \/>\n<meta property=\"og:url\" content=\"https:\/\/kapitalis.com\/tunisie\/2016\/01\/08\/election-du-be-de-conect-international-le-16-janvier\/\" \/>\n<meta property=\"og:site_name\" content=\"Kapitalis\" \/>\n<meta property=\"article:publisher\" content=\"https:\/\/www.facebook.com\/KapitalisInfo\/\" \/>\n<meta property=\"article:published_time\" content=\"2016-01-08T16:30:59+00:00\" \/>\n<meta property=\"og:image\" content=\"http:\/\/kapitalis.com\/tunisie\/wp-content\/uploads\/2015\/08\/Conect.jpg\" \/>\n<meta name=\"author\" content=\"webmaster kapitalis\" \/>\n<meta name=\"twitter:card\" content=\"summary_large_image\" \/>\n<meta name=\"twitter:creator\" content=\"@KapitalisInfo\" \/>\n<meta name=\"twitter:site\" content=\"@KapitalisInfo\" \/>\n<meta name=\"twitter:label1\" content=\"\u00c9crit par\" \/>\n\t<meta name=\"twitter:data1\" content=\"webmaster kapitalis\" \/>\n\t<meta name=\"twitter:label2\" content=\"Dur\u00e9e de lecture estim\u00e9e\" \/>\n\t<meta name=\"twitter:data2\" content=\"1 minute\" \/>\n<script type=\"application\/ld+json\" class=\"yoast-schema-graph\">{\"@context\":\"https:\/\/schema.org\",\"@graph\":[{\"@type\":\"Article\",\"@id\":\"https:\/\/kapitalis.com\/tunisie\/2016\/01\/08\/election-du-be-de-conect-international-le-16-janvier\/#article\",\"isPartOf\":{\"@id\":\"https:\/\/kapitalis.com\/tunisie\/2016\/01\/08\/election-du-be-de-conect-international-le-16-janvier\/\"},\"author\":{\"name\":\"webmaster kapitalis\",\"@id\":\"https:\/\/kapitalis.com\/tunisie\/#\/schema\/person\/d71f33a9ca44f7bad4698210b480c8e9\"},\"headline\":\"Election du BE de Conect International le 16 janvier\",\"datePublished\":\"2016-01-08T16:30:59+00:00\",\"mainEntityOfPage\":{\"@id\":\"https:\/\/kapitalis.com\/tunisie\/2016\/01\/08\/election-du-be-de-conect-international-le-16-janvier\/\"},\"wordCount\":160,\"commentCount\":0,\"publisher\":{\"@id\":\"https:\/\/kapitalis.com\/tunisie\/#organization\"},\"image\":{\"@id\":\"https:\/\/kapitalis.com\/tunisie\/2016\/01\/08\/election-du-be-de-conect-international-le-16-janvier\/#primaryimage\"},\"thumbnailUrl\":\"http:\/\/kapitalis.com\/tunisie\/wp-content\/uploads\/2015\/08\/Conect.jpg\",\"keywords\":[\"Chokri Mamoghli\",\"Conect International\",\"Tahar Sioud\",\"Tarek Cherif\"],\"articleSection\":[\"ECONOMIE\",\"Tunisie\"],\"inLanguage\":\"fr-FR\",\"potentialAction\":[{\"@type\":\"CommentAction\",\"name\":\"Comment\",\"target\":[\"https:\/\/kapitalis.com\/tunisie\/2016\/01\/08\/election-du-be-de-conect-international-le-16-janvier\/#respond\"]}]},{\"@type\":\"WebPage\",\"@id\":\"https:\/\/kapitalis.com\/tunisie\/2016\/01\/08\/election-du-be-de-conect-international-le-16-janvier\/\",\"url\":\"https:\/\/kapitalis.com\/tunisie\/2016\/01\/08\/election-du-be-de-conect-international-le-16-janvier\/\",\"name\":\"Election du BE de Conect International le 16 janvier - Kapitalis\",\"isPartOf\":{\"@id\":\"https:\/\/kapitalis.com\/tunisie\/#website\"},\"primaryImageOfPage\":{\"@id\":\"https:\/\/kapitalis.com\/tunisie\/2016\/01\/08\/election-du-be-de-conect-international-le-16-janvier\/#primaryimage\"},\"image\":{\"@id\":\"https:\/\/kapitalis.com\/tunisie\/2016\/01\/08\/election-du-be-de-conect-international-le-16-janvier\/#primaryimage\"},\"thumbnailUrl\":\"http:\/\/kapitalis.com\/tunisie\/wp-content\/uploads\/2015\/08\/Conect.jpg\",\"datePublished\":\"2016-01-08T16:30:59+00:00\",\"breadcrumb\":{\"@id\":\"https:\/\/kapitalis.com\/tunisie\/2016\/01\/08\/election-du-be-de-conect-international-le-16-janvier\/#breadcrumb\"},\"inLanguage\":\"fr-FR\",\"potentialAction\":[{\"@type\":\"ReadAction\",\"target\":[\"https:\/\/kapitalis.com\/tunisie\/2016\/01\/08\/election-du-be-de-conect-international-le-16-janvier\/\"]}]},{\"@type\":\"ImageObject\",\"inLanguage\":\"fr-FR\",\"@id\":\"https:\/\/kapitalis.com\/tunisie\/2016\/01\/08\/election-du-be-de-conect-international-le-16-janvier\/#primaryimage\",\"url\":\"http:\/\/kapitalis.com\/tunisie\/wp-content\/uploads\/2015\/08\/Conect.jpg\",\"contentUrl\":\"http:\/\/kapitalis.com\/tunisie\/wp-content\/uploads\/2015\/08\/Conect.jpg\"},{\"@type\":\"BreadcrumbList\",\"@id\":\"https:\/\/kapitalis.com\/tunisie\/2016\/01\/08\/election-du-be-de-conect-international-le-16-janvier\/#breadcrumb\",\"itemListElement\":[{\"@type\":\"ListItem\",\"position\":1,\"name\":\"Accueil\",\"item\":\"https:\/\/kapitalis.com\/tunisie\/\"},{\"@type\":\"ListItem\",\"position\":2,\"name\":\"Election du BE de Conect International le 16 janvier\"}]},{\"@type\":\"WebSite\",\"@id\":\"https:\/\/kapitalis.com\/tunisie\/#website\",\"url\":\"https:\/\/kapitalis.com\/tunisie\/\",\"name\":\"Kapitalis\",\"description\":\"L&#039;actualit\u00e9 en Tunisie et dans le monde\",\"publisher\":{\"@id\":\"https:\/\/kapitalis.com\/tunisie\/#organization\"},\"potentialAction\":[{\"@type\":\"SearchAction\",\"target\":{\"@type\":\"EntryPoint\",\"urlTemplate\":\"https:\/\/kapitalis.com\/tunisie\/?s={search_term_string}\"},\"query-input\":{\"@type\":\"PropertyValueSpecification\",\"valueRequired\":true,\"valueName\":\"search_term_string\"}}],\"inLanguage\":\"fr-FR\"},{\"@type\":\"Organization\",\"@id\":\"https:\/\/kapitalis.com\/tunisie\/#organization\",\"name\":\"Kapitalis\",\"url\":\"https:\/\/kapitalis.com\/tunisie\/\",\"logo\":{\"@type\":\"ImageObject\",\"inLanguage\":\"fr-FR\",\"@id\":\"https:\/\/kapitalis.com\/tunisie\/#\/schema\/logo\/image\/\",\"url\":\"https:\/\/kapitalis.com\/tunisie\/wp-content\/uploads\/2022\/05\/Kapitalis-big-size.png\",\"contentUrl\":\"https:\/\/kapitalis.com\/tunisie\/wp-content\/uploads\/2022\/05\/Kapitalis-big-size.png\",\"width\":5000,\"height\":1500,\"caption\":\"Kapitalis\"},\"image\":{\"@id\":\"https:\/\/kapitalis.com\/tunisie\/#\/schema\/logo\/image\/\"},\"sameAs\":[\"https:\/\/www.facebook.com\/KapitalisInfo\/\",\"https:\/\/x.com\/KapitalisInfo\",\"https:\/\/www.youtube.com\/channel\/UC-yDYrHyfFBWWZaOw3FPg9Q\"]},{\"@type\":\"Person\",\"@id\":\"https:\/\/kapitalis.com\/tunisie\/#\/schema\/person\/d71f33a9ca44f7bad4698210b480c8e9\",\"name\":\"webmaster kapitalis\",\"url\":\"https:\/\/kapitalis.com\/tunisie\/author\/webmaster-kapitalis\/\"}]}<\/script>\n<!-- \/ Yoast SEO plugin. -->","yoast_head_json":{"title":"Election du BE de Conect International le 16 janvier - Kapitalis","robots":{"index":"index","follow":"follow","max-snippet":"max-snippet:-1","max-image-preview":"max-image-preview:large","max-video-preview":"max-video-preview:-1"},"canonical":"https:\/\/kapitalis.com\/tunisie\/2016\/01\/08\/election-du-be-de-conect-international-le-16-janvier\/","og_locale":"fr_FR","og_type":"article","og_title":"Election du BE de Conect International le 16 janvier - Kapitalis","og_description":"Conect International officiellement, cr\u00e9\u00e9e en septembre 2015, se met en place progressivement.","og_url":"https:\/\/kapitalis.com\/tunisie\/2016\/01\/08\/election-du-be-de-conect-international-le-16-janvier\/","og_site_name":"Kapitalis","article_publisher":"https:\/\/www.facebook.com\/KapitalisInfo\/","article_published_time":"2016-01-08T16:30:59+00:00","og_image":[{"url":"http:\/\/kapitalis.com\/tunisie\/wp-content\/uploads\/2015\/08\/Conect.jpg","type":"","width":"","height":""}],"author":"webmaster kapitalis","twitter_card":"summary_large_image","twitter_creator":"@KapitalisInfo","twitter_site":"@KapitalisInfo","twitter_misc":{"\u00c9crit par":"webmaster kapitalis","Dur\u00e9e de lecture estim\u00e9e":"1 minute"},"schema":{"@context":"https:\/\/schema.org","@graph":[{"@type":"Article","@id":"https:\/\/kapitalis.com\/tunisie\/2016\/01\/08\/election-du-be-de-conect-international-le-16-janvier\/#article","isPartOf":{"@id":"https:\/\/kapitalis.com\/tunisie\/2016\/01\/08\/election-du-be-de-conect-international-le-16-janvier\/"},"author":{"name":"webmaster kapitalis","@id":"https:\/\/kapitalis.com\/tunisie\/#\/schema\/person\/d71f33a9ca44f7bad4698210b480c8e9"},"headline":"Election du BE de Conect International le 16 janvier","datePublished":"2016-01-08T16:30:59+00:00","mainEntityOfPage":{"@id":"https:\/\/kapitalis.com\/tunisie\/2016\/01\/08\/election-du-be-de-conect-international-le-16-janvier\/"},"wordCount":160,"commentCount":0,"publisher":{"@id":"https:\/\/kapitalis.com\/tunisie\/#organization"},"image":{"@id":"https:\/\/kapitalis.com\/tunisie\/2016\/01\/08\/election-du-be-de-conect-international-le-16-janvier\/#primaryimage"},"thumbnailUrl":"http:\/\/kapitalis.com\/tunisie\/wp-content\/uploads\/2015\/08\/Conect.jpg","keywords":["Chokri Mamoghli","Conect International","Tahar Sioud","Tarek Cherif"],"articleSection":["ECONOMIE","Tunisie"],"inLanguage":"fr-FR","potentialAction":[{"@type":"CommentAction","name":"Comment","target":["https:\/\/kapitalis.com\/tunisie\/2016\/01\/08\/election-du-be-de-conect-international-le-16-janvier\/#respond"]}]},{"@type":"WebPage","@id":"https:\/\/kapitalis.com\/tunisie\/2016\/01\/08\/election-du-be-de-conect-international-le-16-janvier\/","url":"https:\/\/kapitalis.com\/tunisie\/2016\/01\/08\/election-du-be-de-conect-international-le-16-janvier\/","name":"Election du BE de Conect International le 16 janvier - Kapitalis","isPartOf":{"@id":"https:\/\/kapitalis.com\/tunisie\/#website"},"primaryImageOfPage":{"@id":"https:\/\/kapitalis.com\/tunisie\/2016\/01\/08\/election-du-be-de-conect-international-le-16-janvier\/#primaryimage"},"image":{"@id":"https:\/\/kapitalis.com\/tunisie\/2016\/01\/08\/election-du-be-de-conect-international-le-16-janvier\/#primaryimage"},"thumbnailUrl":"http:\/\/kapitalis.com\/tunisie\/wp-content\/uploads\/2015\/08\/Conect.jpg","datePublished":"2016-01-08T16:30:59+00:00","breadcrumb":{"@id":"https:\/\/kapitalis.com\/tunisie\/2016\/01\/08\/election-du-be-de-conect-international-le-16-janvier\/#breadcrumb"},"inLanguage":"fr-FR","potentialAction":[{"@type":"ReadAction","target":["https:\/\/kapitalis.com\/tunisie\/2016\/01\/08\/election-du-be-de-conect-international-le-16-janvier\/"]}]},{"@type":"ImageObject","inLanguage":"fr-FR","@id":"https:\/\/kapitalis.com\/tunisie\/2016\/01\/08\/election-du-be-de-conect-international-le-16-janvier\/#primaryimage","url":"http:\/\/kapitalis.com\/tunisie\/wp-content\/uploads\/2015\/08\/Conect.jpg","contentUrl":"http:\/\/kapitalis.com\/tunisie\/wp-content\/uploads\/2015\/08\/Conect.jpg"},{"@type":"BreadcrumbList","@id":"https:\/\/kapitalis.com\/tunisie\/2016\/01\/08\/election-du-be-de-conect-international-le-16-janvier\/#breadcrumb","itemListElement":[{"@type":"ListItem","position":1,"name":"Accueil","item":"https:\/\/kapitalis.com\/tunisie\/"},{"@type":"ListItem","position":2,"name":"Election du BE de Conect International le 16 janvier"}]},{"@type":"WebSite","@id":"https:\/\/kapitalis.com\/tunisie\/#website","url":"https:\/\/kapitalis.com\/tunisie\/","name":"Kapitalis","description":"L&#039;actualit\u00e9 en Tunisie et dans le monde","publisher":{"@id":"https:\/\/kapitalis.com\/tunisie\/#organization"},"potentialAction":[{"@type":"SearchAction","target":{"@type":"EntryPoint","urlTemplate":"https:\/\/kapitalis.com\/tunisie\/?s={search_term_string}"},"query-input":{"@type":"PropertyValueSpecification","valueRequired":true,"valueName":"search_term_string"}}],"inLanguage":"fr-FR"},{"@type":"Organization","@id":"https:\/\/kapitalis.com\/tunisie\/#organization","name":"Kapitalis","url":"https:\/\/kapitalis.com\/tunisie\/","logo":{"@type":"ImageObject","inLanguage":"fr-FR","@id":"https:\/\/kapitalis.com\/tunisie\/#\/schema\/logo\/image\/","url":"https:\/\/kapitalis.com\/tunisie\/wp-content\/uploads\/2022\/05\/Kapitalis-big-size.png","contentUrl":"https:\/\/kapitalis.com\/tunisie\/wp-content\/uploads\/2022\/05\/Kapitalis-big-size.png","width":5000,"height":1500,"caption":"Kapitalis"},"image":{"@id":"https:\/\/kapitalis.com\/tunisie\/#\/schema\/logo\/image\/"},"sameAs":["https:\/\/www.facebook.com\/KapitalisInfo\/","https:\/\/x.com\/KapitalisInfo","https:\/\/www.youtube.com\/channel\/UC-yDYrHyfFBWWZaOw3FPg9Q"]},{"@type":"Person","@id":"https:\/\/kapitalis.com\/tunisie\/#\/schema\/person\/d71f33a9ca44f7bad4698210b480c8e9","name":"webmaster kapitalis","url":"https:\/\/kapitalis.com\/tunisie\/author\/webmaster-kapitalis\/"}]}},"_links":{"self":[{"href":"https:\/\/kapitalis.com\/tunisie\/wp-json\/wp\/v2\/posts\/33871","targetHints":{"allow":["GET"]}}],"collection":[{"href":"https:\/\/kapitalis.com\/tunisie\/wp-json\/wp\/v2\/posts"}],"about":[{"href":"https:\/\/kapitalis.com\/tunisie\/wp-json\/wp\/v2\/types\/post"}],"author":[{"embeddable":true,"href":"https:\/\/kapitalis.com\/tunisie\/wp-json\/wp\/v2\/users\/8"}],"replies":[{"embeddable":true,"href":"https:\/\/kapitalis.com\/tunisie\/wp-json\/wp\/v2\/comments?post=33871"}],"version-history":[{"count":0,"href":"https:\/\/kapitalis.com\/tunisie\/wp-json\/wp\/v2\/posts\/33871\/revisions"}],"wp:attachment":[{"href":"https:\/\/kapitalis.com\/tunisie\/wp-json\/wp\/v2\/media?parent=33871"}],"wp:term":[{"taxonomy":"category","embeddable":true,"href":"https:\/\/kapitalis.com\/tunisie\/wp-json\/wp\/v2\/categories?post=33871"},{"taxonomy":"post_tag","embeddable":true,"href":"https:\/\/kapitalis.com\/tunisie\/wp-json\/wp\/v2\/tags?post=33871"}],"curies":[{"name":"wp","href":"https:\/\/api.w.org\/{rel}","templated":true}]}}