{"id":339082,"date":"2021-03-08T13:35:25","date_gmt":"2021-03-08T12:35:25","guid":{"rendered":"http:\/\/kapitalis.com\/tunisie\/?p=339082"},"modified":"2021-03-08T13:35:27","modified_gmt":"2021-03-08T12:35:27","slug":"lancement-de-la-campagne-de-sensibilisation-pour-une-tunisie-egalitaire","status":"publish","type":"post","link":"https:\/\/kapitalis.com\/tunisie\/2021\/03\/08\/lancement-de-la-campagne-de-sensibilisation-pour-une-tunisie-egalitaire\/","title":{"rendered":"Lancement de la campagne de sensibilisation \u00abPour une Tunisie \u00e9galitaire\u00bb"},"content":{"rendered":"\n<figure class=\"wp-block-image size-large\"><img decoding=\"async\" src=\"http:\/\/kapitalis.com\/tunisie\/wp-content\/uploads\/2021\/03\/Pour-une-Tunisie-egalitaire.jpg\" alt=\"\" class=\"wp-image-339083\"\/><\/figure>\n\n\n\n<p><strong><em>Dans le cadre de la c\u00e9l\u00e9bration de la Journ\u00e9e internationale de la femme, ce lundi 8 mars 2021, le minist\u00e8re de la Femme, de la Famille et des S\u00e9niors, annonce le lancement, avec le Conseil de l\u2019Europe et Onu Femmes Tunisie, d\u2019une campagne de sensibilisation sous le slogan \u00abPour une Tunisie \u00e9galitaire\u00bb.<\/em><\/strong><\/p>\n\n\n\n<!--more-->\n\n\n\n<p>Cette campagne l\u00e8ve le drapeau de l\u2019\u00e9galit\u00e9 et de la participation des femmes \u00e0 la prise de d\u00e9cision, ainsi que la lutte contre les violences \u00e0 l\u2019\u00e9gard des femmes et fait \u00e9cho \u00e0 la campagne mondiale de la g\u00e9n\u00e9ration \u00e9galit\u00e9.<\/p>\n\n\n\n<p>Les activit\u00e9s de la campagne, qui s\u2019\u00e9tend sur tout le mois de mars, commencent aujourd\u2019hui sous l\u2019\u00e9gide d\u2019Imen Houimel, ministre de la Femme, de la Famille et des S\u00e9niors, par un ensemble d\u2019actions de sensibilisation dans l\u2019avenue Habib Bourguiba, au centre-ville de Tunis.<\/p>\n","protected":false},"excerpt":{"rendered":"<p>Dans le cadre de la c\u00e9l\u00e9bration de la Journ\u00e9e internationale de la femme, ce lundi 8 mars 2021, le minist\u00e8re de la Femme, de la Famille et des S\u00e9niors, annonce le lancement, avec le Conseil de l\u2019Europe et Onu Femmes Tunisie, d\u2019une campagne de sensibilisation sous le slogan \u00abPour une Tunisie \u00e9galitaire\u00bb.<\/p>\n","protected":false},"author":8,"featured_media":339083,"comment_status":"open","ping_status":"open","sticky":false,"template":"","format":"standard","meta":{"footnotes":""},"categories":[998,2433],"tags":[86897,87972,28452,87638,88173],"class_list":["post-339082","post","type-post","status-publish","format-standard","has-post-thumbnail","hentry","category-societe","category-tunisie","tag-conseil-de-leurope-2","tag-imen-houimel","tag-journee-internationale-de-la-femme","tag-onu-femmes","tag-tunisie-egalitaire"],"yoast_head":"<!-- This site is optimized with the Yoast SEO plugin v26.6 - https:\/\/yoast.com\/wordpress\/plugins\/seo\/ -->\n<title>Lancement de la campagne de sensibilisation \u00abPour une Tunisie \u00e9galitaire\u00bb - Kapitalis<\/title>\n<meta name=\"robots\" content=\"index, follow, max-snippet:-1, max-image-preview:large, max-video-preview:-1\" \/>\n<link rel=\"canonical\" href=\"https:\/\/kapitalis.com\/tunisie\/2021\/03\/08\/lancement-de-la-campagne-de-sensibilisation-pour-une-tunisie-egalitaire\/\" \/>\n<meta property=\"og:locale\" content=\"fr_FR\" \/>\n<meta property=\"og:type\" content=\"article\" \/>\n<meta property=\"og:title\" content=\"Lancement de la campagne de sensibilisation \u00abPour une Tunisie \u00e9galitaire\u00bb - Kapitalis\" \/>\n<meta property=\"og:description\" content=\"Dans le cadre de la c\u00e9l\u00e9bration de la Journ\u00e9e internationale de la femme, ce lundi 8 mars 2021, le minist\u00e8re de la Femme, de la Famille et des S\u00e9niors, annonce le lancement, avec le Conseil de l\u2019Europe et Onu Femmes Tunisie, d\u2019une campagne de sensibilisation sous le slogan \u00abPour une Tunisie \u00e9galitaire\u00bb.\" \/>\n<meta property=\"og:url\" content=\"https:\/\/kapitalis.com\/tunisie\/2021\/03\/08\/lancement-de-la-campagne-de-sensibilisation-pour-une-tunisie-egalitaire\/\" \/>\n<meta property=\"og:site_name\" content=\"Kapitalis\" \/>\n<meta property=\"article:publisher\" content=\"https:\/\/www.facebook.com\/KapitalisInfo\/\" \/>\n<meta property=\"article:published_time\" content=\"2021-03-08T12:35:25+00:00\" \/>\n<meta property=\"article:modified_time\" content=\"2021-03-08T12:35:27+00:00\" \/>\n<meta property=\"og:image\" content=\"https:\/\/kapitalis.com\/tunisie\/wp-content\/uploads\/2022\/05\/kapitalis-logo-fb.png\" \/>\n\t<meta property=\"og:image:width\" content=\"1200\" \/>\n\t<meta property=\"og:image:height\" content=\"630\" \/>\n\t<meta property=\"og:image:type\" content=\"image\/png\" \/>\n<meta name=\"author\" content=\"webmaster kapitalis\" \/>\n<meta name=\"twitter:card\" content=\"summary_large_image\" \/>\n<meta name=\"twitter:creator\" content=\"@KapitalisInfo\" \/>\n<meta name=\"twitter:site\" content=\"@KapitalisInfo\" \/>\n<meta name=\"twitter:label1\" content=\"\u00c9crit par\" \/>\n\t<meta name=\"twitter:data1\" content=\"webmaster kapitalis\" \/>\n\t<meta name=\"twitter:label2\" content=\"Dur\u00e9e de lecture estim\u00e9e\" \/>\n\t<meta name=\"twitter:data2\" content=\"1 minute\" \/>\n<script type=\"application\/ld+json\" class=\"yoast-schema-graph\">{\"@context\":\"https:\/\/schema.org\",\"@graph\":[{\"@type\":\"Article\",\"@id\":\"https:\/\/kapitalis.com\/tunisie\/2021\/03\/08\/lancement-de-la-campagne-de-sensibilisation-pour-une-tunisie-egalitaire\/#article\",\"isPartOf\":{\"@id\":\"https:\/\/kapitalis.com\/tunisie\/2021\/03\/08\/lancement-de-la-campagne-de-sensibilisation-pour-une-tunisie-egalitaire\/\"},\"author\":{\"name\":\"webmaster kapitalis\",\"@id\":\"https:\/\/kapitalis.com\/tunisie\/#\/schema\/person\/d71f33a9ca44f7bad4698210b480c8e9\"},\"headline\":\"Lancement de la campagne de sensibilisation \u00abPour une Tunisie \u00e9galitaire\u00bb\",\"datePublished\":\"2021-03-08T12:35:25+00:00\",\"dateModified\":\"2021-03-08T12:35:27+00:00\",\"mainEntityOfPage\":{\"@id\":\"https:\/\/kapitalis.com\/tunisie\/2021\/03\/08\/lancement-de-la-campagne-de-sensibilisation-pour-une-tunisie-egalitaire\/\"},\"wordCount\":161,\"commentCount\":0,\"publisher\":{\"@id\":\"https:\/\/kapitalis.com\/tunisie\/#organization\"},\"image\":{\"@id\":\"https:\/\/kapitalis.com\/tunisie\/2021\/03\/08\/lancement-de-la-campagne-de-sensibilisation-pour-une-tunisie-egalitaire\/#primaryimage\"},\"thumbnailUrl\":\"\",\"keywords\":[\"Conseil de l\u2019Europe\",\"Imen Houimel\",\"Journ\u00e9e Internationale de la Femme\",\"Onu Femmes\",\"Tunisie \u00e9galitaire\"],\"articleSection\":[\"SOCIETE\",\"Tunisie\"],\"inLanguage\":\"fr-FR\",\"potentialAction\":[{\"@type\":\"CommentAction\",\"name\":\"Comment\",\"target\":[\"https:\/\/kapitalis.com\/tunisie\/2021\/03\/08\/lancement-de-la-campagne-de-sensibilisation-pour-une-tunisie-egalitaire\/#respond\"]}]},{\"@type\":\"WebPage\",\"@id\":\"https:\/\/kapitalis.com\/tunisie\/2021\/03\/08\/lancement-de-la-campagne-de-sensibilisation-pour-une-tunisie-egalitaire\/\",\"url\":\"https:\/\/kapitalis.com\/tunisie\/2021\/03\/08\/lancement-de-la-campagne-de-sensibilisation-pour-une-tunisie-egalitaire\/\",\"name\":\"Lancement de la campagne de sensibilisation \u00abPour une Tunisie \u00e9galitaire\u00bb - Kapitalis\",\"isPartOf\":{\"@id\":\"https:\/\/kapitalis.com\/tunisie\/#website\"},\"primaryImageOfPage\":{\"@id\":\"https:\/\/kapitalis.com\/tunisie\/2021\/03\/08\/lancement-de-la-campagne-de-sensibilisation-pour-une-tunisie-egalitaire\/#primaryimage\"},\"image\":{\"@id\":\"https:\/\/kapitalis.com\/tunisie\/2021\/03\/08\/lancement-de-la-campagne-de-sensibilisation-pour-une-tunisie-egalitaire\/#primaryimage\"},\"thumbnailUrl\":\"\",\"datePublished\":\"2021-03-08T12:35:25+00:00\",\"dateModified\":\"2021-03-08T12:35:27+00:00\",\"breadcrumb\":{\"@id\":\"https:\/\/kapitalis.com\/tunisie\/2021\/03\/08\/lancement-de-la-campagne-de-sensibilisation-pour-une-tunisie-egalitaire\/#breadcrumb\"},\"inLanguage\":\"fr-FR\",\"potentialAction\":[{\"@type\":\"ReadAction\",\"target\":[\"https:\/\/kapitalis.com\/tunisie\/2021\/03\/08\/lancement-de-la-campagne-de-sensibilisation-pour-une-tunisie-egalitaire\/\"]}]},{\"@type\":\"ImageObject\",\"inLanguage\":\"fr-FR\",\"@id\":\"https:\/\/kapitalis.com\/tunisie\/2021\/03\/08\/lancement-de-la-campagne-de-sensibilisation-pour-une-tunisie-egalitaire\/#primaryimage\",\"url\":\"\",\"contentUrl\":\"\"},{\"@type\":\"BreadcrumbList\",\"@id\":\"https:\/\/kapitalis.com\/tunisie\/2021\/03\/08\/lancement-de-la-campagne-de-sensibilisation-pour-une-tunisie-egalitaire\/#breadcrumb\",\"itemListElement\":[{\"@type\":\"ListItem\",\"position\":1,\"name\":\"Accueil\",\"item\":\"https:\/\/kapitalis.com\/tunisie\/\"},{\"@type\":\"ListItem\",\"position\":2,\"name\":\"Lancement de la campagne de sensibilisation \u00abPour une Tunisie \u00e9galitaire\u00bb\"}]},{\"@type\":\"WebSite\",\"@id\":\"https:\/\/kapitalis.com\/tunisie\/#website\",\"url\":\"https:\/\/kapitalis.com\/tunisie\/\",\"name\":\"Kapitalis\",\"description\":\"L&#039;actualit\u00e9 en Tunisie et dans le monde\",\"publisher\":{\"@id\":\"https:\/\/kapitalis.com\/tunisie\/#organization\"},\"potentialAction\":[{\"@type\":\"SearchAction\",\"target\":{\"@type\":\"EntryPoint\",\"urlTemplate\":\"https:\/\/kapitalis.com\/tunisie\/?s={search_term_string}\"},\"query-input\":{\"@type\":\"PropertyValueSpecification\",\"valueRequired\":true,\"valueName\":\"search_term_string\"}}],\"inLanguage\":\"fr-FR\"},{\"@type\":\"Organization\",\"@id\":\"https:\/\/kapitalis.com\/tunisie\/#organization\",\"name\":\"Kapitalis\",\"url\":\"https:\/\/kapitalis.com\/tunisie\/\",\"logo\":{\"@type\":\"ImageObject\",\"inLanguage\":\"fr-FR\",\"@id\":\"https:\/\/kapitalis.com\/tunisie\/#\/schema\/logo\/image\/\",\"url\":\"https:\/\/kapitalis.com\/tunisie\/wp-content\/uploads\/2022\/05\/Kapitalis-big-size.png\",\"contentUrl\":\"https:\/\/kapitalis.com\/tunisie\/wp-content\/uploads\/2022\/05\/Kapitalis-big-size.png\",\"width\":5000,\"height\":1500,\"caption\":\"Kapitalis\"},\"image\":{\"@id\":\"https:\/\/kapitalis.com\/tunisie\/#\/schema\/logo\/image\/\"},\"sameAs\":[\"https:\/\/www.facebook.com\/KapitalisInfo\/\",\"https:\/\/x.com\/KapitalisInfo\",\"https:\/\/www.youtube.com\/channel\/UC-yDYrHyfFBWWZaOw3FPg9Q\"]},{\"@type\":\"Person\",\"@id\":\"https:\/\/kapitalis.com\/tunisie\/#\/schema\/person\/d71f33a9ca44f7bad4698210b480c8e9\",\"name\":\"webmaster kapitalis\",\"url\":\"https:\/\/kapitalis.com\/tunisie\/author\/webmaster-kapitalis\/\"}]}<\/script>\n<!-- \/ Yoast SEO plugin. -->","yoast_head_json":{"title":"Lancement de la campagne de sensibilisation \u00abPour une Tunisie \u00e9galitaire\u00bb - Kapitalis","robots":{"index":"index","follow":"follow","max-snippet":"max-snippet:-1","max-image-preview":"max-image-preview:large","max-video-preview":"max-video-preview:-1"},"canonical":"https:\/\/kapitalis.com\/tunisie\/2021\/03\/08\/lancement-de-la-campagne-de-sensibilisation-pour-une-tunisie-egalitaire\/","og_locale":"fr_FR","og_type":"article","og_title":"Lancement de la campagne de sensibilisation \u00abPour une Tunisie \u00e9galitaire\u00bb - Kapitalis","og_description":"Dans le cadre de la c\u00e9l\u00e9bration de la Journ\u00e9e internationale de la femme, ce lundi 8 mars 2021, le minist\u00e8re de la Femme, de la Famille et des S\u00e9niors, annonce le lancement, avec le Conseil de l\u2019Europe et Onu Femmes Tunisie, d\u2019une campagne de sensibilisation sous le slogan \u00abPour une Tunisie \u00e9galitaire\u00bb.","og_url":"https:\/\/kapitalis.com\/tunisie\/2021\/03\/08\/lancement-de-la-campagne-de-sensibilisation-pour-une-tunisie-egalitaire\/","og_site_name":"Kapitalis","article_publisher":"https:\/\/www.facebook.com\/KapitalisInfo\/","article_published_time":"2021-03-08T12:35:25+00:00","article_modified_time":"2021-03-08T12:35:27+00:00","og_image":[{"width":1200,"height":630,"url":"https:\/\/kapitalis.com\/tunisie\/wp-content\/uploads\/2022\/05\/kapitalis-logo-fb.png","type":"image\/png"}],"author":"webmaster kapitalis","twitter_card":"summary_large_image","twitter_creator":"@KapitalisInfo","twitter_site":"@KapitalisInfo","twitter_misc":{"\u00c9crit par":"webmaster kapitalis","Dur\u00e9e de lecture estim\u00e9e":"1 minute"},"schema":{"@context":"https:\/\/schema.org","@graph":[{"@type":"Article","@id":"https:\/\/kapitalis.com\/tunisie\/2021\/03\/08\/lancement-de-la-campagne-de-sensibilisation-pour-une-tunisie-egalitaire\/#article","isPartOf":{"@id":"https:\/\/kapitalis.com\/tunisie\/2021\/03\/08\/lancement-de-la-campagne-de-sensibilisation-pour-une-tunisie-egalitaire\/"},"author":{"name":"webmaster kapitalis","@id":"https:\/\/kapitalis.com\/tunisie\/#\/schema\/person\/d71f33a9ca44f7bad4698210b480c8e9"},"headline":"Lancement de la campagne de sensibilisation \u00abPour une Tunisie \u00e9galitaire\u00bb","datePublished":"2021-03-08T12:35:25+00:00","dateModified":"2021-03-08T12:35:27+00:00","mainEntityOfPage":{"@id":"https:\/\/kapitalis.com\/tunisie\/2021\/03\/08\/lancement-de-la-campagne-de-sensibilisation-pour-une-tunisie-egalitaire\/"},"wordCount":161,"commentCount":0,"publisher":{"@id":"https:\/\/kapitalis.com\/tunisie\/#organization"},"image":{"@id":"https:\/\/kapitalis.com\/tunisie\/2021\/03\/08\/lancement-de-la-campagne-de-sensibilisation-pour-une-tunisie-egalitaire\/#primaryimage"},"thumbnailUrl":"","keywords":["Conseil de l\u2019Europe","Imen Houimel","Journ\u00e9e Internationale de la Femme","Onu Femmes","Tunisie \u00e9galitaire"],"articleSection":["SOCIETE","Tunisie"],"inLanguage":"fr-FR","potentialAction":[{"@type":"CommentAction","name":"Comment","target":["https:\/\/kapitalis.com\/tunisie\/2021\/03\/08\/lancement-de-la-campagne-de-sensibilisation-pour-une-tunisie-egalitaire\/#respond"]}]},{"@type":"WebPage","@id":"https:\/\/kapitalis.com\/tunisie\/2021\/03\/08\/lancement-de-la-campagne-de-sensibilisation-pour-une-tunisie-egalitaire\/","url":"https:\/\/kapitalis.com\/tunisie\/2021\/03\/08\/lancement-de-la-campagne-de-sensibilisation-pour-une-tunisie-egalitaire\/","name":"Lancement de la campagne de sensibilisation \u00abPour une Tunisie \u00e9galitaire\u00bb - Kapitalis","isPartOf":{"@id":"https:\/\/kapitalis.com\/tunisie\/#website"},"primaryImageOfPage":{"@id":"https:\/\/kapitalis.com\/tunisie\/2021\/03\/08\/lancement-de-la-campagne-de-sensibilisation-pour-une-tunisie-egalitaire\/#primaryimage"},"image":{"@id":"https:\/\/kapitalis.com\/tunisie\/2021\/03\/08\/lancement-de-la-campagne-de-sensibilisation-pour-une-tunisie-egalitaire\/#primaryimage"},"thumbnailUrl":"","datePublished":"2021-03-08T12:35:25+00:00","dateModified":"2021-03-08T12:35:27+00:00","breadcrumb":{"@id":"https:\/\/kapitalis.com\/tunisie\/2021\/03\/08\/lancement-de-la-campagne-de-sensibilisation-pour-une-tunisie-egalitaire\/#breadcrumb"},"inLanguage":"fr-FR","potentialAction":[{"@type":"ReadAction","target":["https:\/\/kapitalis.com\/tunisie\/2021\/03\/08\/lancement-de-la-campagne-de-sensibilisation-pour-une-tunisie-egalitaire\/"]}]},{"@type":"ImageObject","inLanguage":"fr-FR","@id":"https:\/\/kapitalis.com\/tunisie\/2021\/03\/08\/lancement-de-la-campagne-de-sensibilisation-pour-une-tunisie-egalitaire\/#primaryimage","url":"","contentUrl":""},{"@type":"BreadcrumbList","@id":"https:\/\/kapitalis.com\/tunisie\/2021\/03\/08\/lancement-de-la-campagne-de-sensibilisation-pour-une-tunisie-egalitaire\/#breadcrumb","itemListElement":[{"@type":"ListItem","position":1,"name":"Accueil","item":"https:\/\/kapitalis.com\/tunisie\/"},{"@type":"ListItem","position":2,"name":"Lancement de la campagne de sensibilisation \u00abPour une Tunisie \u00e9galitaire\u00bb"}]},{"@type":"WebSite","@id":"https:\/\/kapitalis.com\/tunisie\/#website","url":"https:\/\/kapitalis.com\/tunisie\/","name":"Kapitalis","description":"L&#039;actualit\u00e9 en Tunisie et dans le monde","publisher":{"@id":"https:\/\/kapitalis.com\/tunisie\/#organization"},"potentialAction":[{"@type":"SearchAction","target":{"@type":"EntryPoint","urlTemplate":"https:\/\/kapitalis.com\/tunisie\/?s={search_term_string}"},"query-input":{"@type":"PropertyValueSpecification","valueRequired":true,"valueName":"search_term_string"}}],"inLanguage":"fr-FR"},{"@type":"Organization","@id":"https:\/\/kapitalis.com\/tunisie\/#organization","name":"Kapitalis","url":"https:\/\/kapitalis.com\/tunisie\/","logo":{"@type":"ImageObject","inLanguage":"fr-FR","@id":"https:\/\/kapitalis.com\/tunisie\/#\/schema\/logo\/image\/","url":"https:\/\/kapitalis.com\/tunisie\/wp-content\/uploads\/2022\/05\/Kapitalis-big-size.png","contentUrl":"https:\/\/kapitalis.com\/tunisie\/wp-content\/uploads\/2022\/05\/Kapitalis-big-size.png","width":5000,"height":1500,"caption":"Kapitalis"},"image":{"@id":"https:\/\/kapitalis.com\/tunisie\/#\/schema\/logo\/image\/"},"sameAs":["https:\/\/www.facebook.com\/KapitalisInfo\/","https:\/\/x.com\/KapitalisInfo","https:\/\/www.youtube.com\/channel\/UC-yDYrHyfFBWWZaOw3FPg9Q"]},{"@type":"Person","@id":"https:\/\/kapitalis.com\/tunisie\/#\/schema\/person\/d71f33a9ca44f7bad4698210b480c8e9","name":"webmaster kapitalis","url":"https:\/\/kapitalis.com\/tunisie\/author\/webmaster-kapitalis\/"}]}},"_links":{"self":[{"href":"https:\/\/kapitalis.com\/tunisie\/wp-json\/wp\/v2\/posts\/339082","targetHints":{"allow":["GET"]}}],"collection":[{"href":"https:\/\/kapitalis.com\/tunisie\/wp-json\/wp\/v2\/posts"}],"about":[{"href":"https:\/\/kapitalis.com\/tunisie\/wp-json\/wp\/v2\/types\/post"}],"author":[{"embeddable":true,"href":"https:\/\/kapitalis.com\/tunisie\/wp-json\/wp\/v2\/users\/8"}],"replies":[{"embeddable":true,"href":"https:\/\/kapitalis.com\/tunisie\/wp-json\/wp\/v2\/comments?post=339082"}],"version-history":[{"count":0,"href":"https:\/\/kapitalis.com\/tunisie\/wp-json\/wp\/v2\/posts\/339082\/revisions"}],"wp:featuredmedia":[{"embeddable":true,"href":"https:\/\/kapitalis.com\/tunisie\/wp-json\/wp\/v2\/media\/339083"}],"wp:attachment":[{"href":"https:\/\/kapitalis.com\/tunisie\/wp-json\/wp\/v2\/media?parent=339082"}],"wp:term":[{"taxonomy":"category","embeddable":true,"href":"https:\/\/kapitalis.com\/tunisie\/wp-json\/wp\/v2\/categories?post=339082"},{"taxonomy":"post_tag","embeddable":true,"href":"https:\/\/kapitalis.com\/tunisie\/wp-json\/wp\/v2\/tags?post=339082"}],"curies":[{"name":"wp","href":"https:\/\/api.w.org\/{rel}","templated":true}]}}