{"id":339189,"date":"2021-03-09T13:08:57","date_gmt":"2021-03-09T12:08:57","guid":{"rendered":"http:\/\/kapitalis.com\/tunisie\/?p=339189"},"modified":"2021-03-09T13:09:01","modified_gmt":"2021-03-09T12:09:01","slug":"cotes-de-sfax-14-corps-de-migrants-irreguliers-repeches","status":"publish","type":"post","link":"https:\/\/kapitalis.com\/tunisie\/2021\/03\/09\/cotes-de-sfax-14-corps-de-migrants-irreguliers-repeches\/","title":{"rendered":"C\u00f4tes de Sfax : 14 corps de migrants irr\u00e9guliers rep\u00each\u00e9s"},"content":{"rendered":"\n<figure class=\"wp-block-image size-large\"><img decoding=\"async\" src=\"http:\/\/kapitalis.com\/tunisie\/wp-content\/uploads\/2020\/06\/corps-mer-migration.jpg\" alt=\"\" class=\"wp-image-303412\"\/><figcaption><em>Archives<\/em><\/figcaption><\/figure>\n\n\n\n<p><em><strong>Cent quarante migrants irr\u00e9guliers ont \u00e9t\u00e9 sauv\u00e9s, en ce d\u00e9but de semaine, sur les c\u00f4tes de Sfax, par les unit\u00e9s de la Garde marine, dont deux tunisiens, suite au naufrage de leurs deux embarcations.<\/strong><\/em><\/p>\n\n\n\n<!--more-->\n\n\n\n<p>Par ailleurs, 14 corps relatifs \u00e0 des individus de nationalit\u00e9s africaines subsahariennes ont \u00e9t\u00e9 rep\u00each\u00e9s, dans le m\u00eame cadre,  parmi lesquels on compte 9 femmes et 4 enfants.<\/p>\n\n\n\n<p>C&rsquo;est ce qu&rsquo;a fait savoir, ce mardi 9 mars 2021, Houssem Eddine Jebabli, porte-parole de la direction g\u00e9n\u00e9rale de la Garde nationale, dans une d\u00e9claration accord\u00e9e \u00e0 Mosa\u00efque FM.<\/p>\n\n\n\n<p class=\"has-text-align-right\"><strong>C. B. Y.<\/strong><\/p>\n","protected":false},"excerpt":{"rendered":"<p>Cent quarante migrants irr\u00e9guliers ont \u00e9t\u00e9 sauv\u00e9s, en ce d\u00e9but de semaine, sur les c\u00f4tes de Sfax, par les unit\u00e9s de la Garde marine, dont deux tunisiens, suite au naufrage de leurs deux embarcations.<\/p>\n","protected":false},"author":24,"featured_media":0,"comment_status":"open","ping_status":"open","sticky":false,"template":"","format":"standard","meta":{"footnotes":""},"categories":[998,2433],"tags":[88209,88210],"class_list":["post-339189","post","type-post","status-publish","format-standard","hentry","category-societe","category-tunisie","tag-cotes-de-sfax","tag-migrants-irreguliers"],"yoast_head":"<!-- This site is optimized with the Yoast SEO plugin v26.6 - https:\/\/yoast.com\/wordpress\/plugins\/seo\/ -->\n<title>C\u00f4tes de Sfax : 14 corps de migrants irr\u00e9guliers rep\u00each\u00e9s - Kapitalis<\/title>\n<meta name=\"robots\" content=\"index, follow, max-snippet:-1, max-image-preview:large, max-video-preview:-1\" \/>\n<link rel=\"canonical\" href=\"https:\/\/kapitalis.com\/tunisie\/2021\/03\/09\/cotes-de-sfax-14-corps-de-migrants-irreguliers-repeches\/\" \/>\n<meta property=\"og:locale\" content=\"fr_FR\" \/>\n<meta property=\"og:type\" content=\"article\" \/>\n<meta property=\"og:title\" content=\"C\u00f4tes de Sfax : 14 corps de migrants irr\u00e9guliers rep\u00each\u00e9s - Kapitalis\" \/>\n<meta property=\"og:description\" content=\"Cent quarante migrants irr\u00e9guliers ont \u00e9t\u00e9 sauv\u00e9s, en ce d\u00e9but de semaine, sur les c\u00f4tes de Sfax, par les unit\u00e9s de la Garde marine, dont deux tunisiens, suite au naufrage de leurs deux embarcations.\" \/>\n<meta property=\"og:url\" content=\"https:\/\/kapitalis.com\/tunisie\/2021\/03\/09\/cotes-de-sfax-14-corps-de-migrants-irreguliers-repeches\/\" \/>\n<meta property=\"og:site_name\" content=\"Kapitalis\" \/>\n<meta property=\"article:publisher\" content=\"https:\/\/www.facebook.com\/KapitalisInfo\/\" \/>\n<meta property=\"article:published_time\" content=\"2021-03-09T12:08:57+00:00\" \/>\n<meta property=\"article:modified_time\" content=\"2021-03-09T12:09:01+00:00\" \/>\n<meta property=\"og:image\" content=\"http:\/\/kapitalis.com\/tunisie\/wp-content\/uploads\/2020\/06\/corps-mer-migration.jpg\" \/>\n<meta name=\"author\" content=\"Cherif Benyounes\" \/>\n<meta name=\"twitter:card\" content=\"summary_large_image\" \/>\n<meta name=\"twitter:creator\" content=\"@KapitalisInfo\" \/>\n<meta name=\"twitter:site\" content=\"@KapitalisInfo\" \/>\n<meta name=\"twitter:label1\" content=\"\u00c9crit par\" \/>\n\t<meta name=\"twitter:data1\" content=\"Cherif Benyounes\" \/>\n\t<meta name=\"twitter:label2\" content=\"Dur\u00e9e de lecture estim\u00e9e\" \/>\n\t<meta name=\"twitter:data2\" content=\"1 minute\" \/>\n<script type=\"application\/ld+json\" class=\"yoast-schema-graph\">{\"@context\":\"https:\/\/schema.org\",\"@graph\":[{\"@type\":\"Article\",\"@id\":\"https:\/\/kapitalis.com\/tunisie\/2021\/03\/09\/cotes-de-sfax-14-corps-de-migrants-irreguliers-repeches\/#article\",\"isPartOf\":{\"@id\":\"https:\/\/kapitalis.com\/tunisie\/2021\/03\/09\/cotes-de-sfax-14-corps-de-migrants-irreguliers-repeches\/\"},\"author\":{\"name\":\"Cherif Benyounes\",\"@id\":\"https:\/\/kapitalis.com\/tunisie\/#\/schema\/person\/b35b8d631961131107263178aeb8019e\"},\"headline\":\"C\u00f4tes de Sfax : 14 corps de migrants irr\u00e9guliers rep\u00each\u00e9s\",\"datePublished\":\"2021-03-09T12:08:57+00:00\",\"dateModified\":\"2021-03-09T12:09:01+00:00\",\"mainEntityOfPage\":{\"@id\":\"https:\/\/kapitalis.com\/tunisie\/2021\/03\/09\/cotes-de-sfax-14-corps-de-migrants-irreguliers-repeches\/\"},\"wordCount\":114,\"commentCount\":0,\"publisher\":{\"@id\":\"https:\/\/kapitalis.com\/tunisie\/#organization\"},\"image\":{\"@id\":\"https:\/\/kapitalis.com\/tunisie\/2021\/03\/09\/cotes-de-sfax-14-corps-de-migrants-irreguliers-repeches\/#primaryimage\"},\"thumbnailUrl\":\"http:\/\/kapitalis.com\/tunisie\/wp-content\/uploads\/2020\/06\/corps-mer-migration.jpg\",\"keywords\":[\"C\u00f4tes de Sfax\",\"migrants irr\u00e9guliers\"],\"articleSection\":[\"SOCIETE\",\"Tunisie\"],\"inLanguage\":\"fr-FR\",\"potentialAction\":[{\"@type\":\"CommentAction\",\"name\":\"Comment\",\"target\":[\"https:\/\/kapitalis.com\/tunisie\/2021\/03\/09\/cotes-de-sfax-14-corps-de-migrants-irreguliers-repeches\/#respond\"]}]},{\"@type\":\"WebPage\",\"@id\":\"https:\/\/kapitalis.com\/tunisie\/2021\/03\/09\/cotes-de-sfax-14-corps-de-migrants-irreguliers-repeches\/\",\"url\":\"https:\/\/kapitalis.com\/tunisie\/2021\/03\/09\/cotes-de-sfax-14-corps-de-migrants-irreguliers-repeches\/\",\"name\":\"C\u00f4tes de Sfax : 14 corps de migrants irr\u00e9guliers rep\u00each\u00e9s - Kapitalis\",\"isPartOf\":{\"@id\":\"https:\/\/kapitalis.com\/tunisie\/#website\"},\"primaryImageOfPage\":{\"@id\":\"https:\/\/kapitalis.com\/tunisie\/2021\/03\/09\/cotes-de-sfax-14-corps-de-migrants-irreguliers-repeches\/#primaryimage\"},\"image\":{\"@id\":\"https:\/\/kapitalis.com\/tunisie\/2021\/03\/09\/cotes-de-sfax-14-corps-de-migrants-irreguliers-repeches\/#primaryimage\"},\"thumbnailUrl\":\"http:\/\/kapitalis.com\/tunisie\/wp-content\/uploads\/2020\/06\/corps-mer-migration.jpg\",\"datePublished\":\"2021-03-09T12:08:57+00:00\",\"dateModified\":\"2021-03-09T12:09:01+00:00\",\"breadcrumb\":{\"@id\":\"https:\/\/kapitalis.com\/tunisie\/2021\/03\/09\/cotes-de-sfax-14-corps-de-migrants-irreguliers-repeches\/#breadcrumb\"},\"inLanguage\":\"fr-FR\",\"potentialAction\":[{\"@type\":\"ReadAction\",\"target\":[\"https:\/\/kapitalis.com\/tunisie\/2021\/03\/09\/cotes-de-sfax-14-corps-de-migrants-irreguliers-repeches\/\"]}]},{\"@type\":\"ImageObject\",\"inLanguage\":\"fr-FR\",\"@id\":\"https:\/\/kapitalis.com\/tunisie\/2021\/03\/09\/cotes-de-sfax-14-corps-de-migrants-irreguliers-repeches\/#primaryimage\",\"url\":\"\",\"contentUrl\":\"\"},{\"@type\":\"BreadcrumbList\",\"@id\":\"https:\/\/kapitalis.com\/tunisie\/2021\/03\/09\/cotes-de-sfax-14-corps-de-migrants-irreguliers-repeches\/#breadcrumb\",\"itemListElement\":[{\"@type\":\"ListItem\",\"position\":1,\"name\":\"Accueil\",\"item\":\"https:\/\/kapitalis.com\/tunisie\/\"},{\"@type\":\"ListItem\",\"position\":2,\"name\":\"C\u00f4tes de Sfax : 14 corps de migrants irr\u00e9guliers rep\u00each\u00e9s\"}]},{\"@type\":\"WebSite\",\"@id\":\"https:\/\/kapitalis.com\/tunisie\/#website\",\"url\":\"https:\/\/kapitalis.com\/tunisie\/\",\"name\":\"Kapitalis\",\"description\":\"L&#039;actualit\u00e9 en Tunisie et dans le monde\",\"publisher\":{\"@id\":\"https:\/\/kapitalis.com\/tunisie\/#organization\"},\"potentialAction\":[{\"@type\":\"SearchAction\",\"target\":{\"@type\":\"EntryPoint\",\"urlTemplate\":\"https:\/\/kapitalis.com\/tunisie\/?s={search_term_string}\"},\"query-input\":{\"@type\":\"PropertyValueSpecification\",\"valueRequired\":true,\"valueName\":\"search_term_string\"}}],\"inLanguage\":\"fr-FR\"},{\"@type\":\"Organization\",\"@id\":\"https:\/\/kapitalis.com\/tunisie\/#organization\",\"name\":\"Kapitalis\",\"url\":\"https:\/\/kapitalis.com\/tunisie\/\",\"logo\":{\"@type\":\"ImageObject\",\"inLanguage\":\"fr-FR\",\"@id\":\"https:\/\/kapitalis.com\/tunisie\/#\/schema\/logo\/image\/\",\"url\":\"https:\/\/kapitalis.com\/tunisie\/wp-content\/uploads\/2022\/05\/Kapitalis-big-size.png\",\"contentUrl\":\"https:\/\/kapitalis.com\/tunisie\/wp-content\/uploads\/2022\/05\/Kapitalis-big-size.png\",\"width\":5000,\"height\":1500,\"caption\":\"Kapitalis\"},\"image\":{\"@id\":\"https:\/\/kapitalis.com\/tunisie\/#\/schema\/logo\/image\/\"},\"sameAs\":[\"https:\/\/www.facebook.com\/KapitalisInfo\/\",\"https:\/\/x.com\/KapitalisInfo\",\"https:\/\/www.youtube.com\/channel\/UC-yDYrHyfFBWWZaOw3FPg9Q\"]},{\"@type\":\"Person\",\"@id\":\"https:\/\/kapitalis.com\/tunisie\/#\/schema\/person\/b35b8d631961131107263178aeb8019e\",\"name\":\"Cherif Benyounes\",\"url\":\"https:\/\/kapitalis.com\/tunisie\/author\/cherif\/\"}]}<\/script>\n<!-- \/ Yoast SEO plugin. -->","yoast_head_json":{"title":"C\u00f4tes de Sfax : 14 corps de migrants irr\u00e9guliers rep\u00each\u00e9s - Kapitalis","robots":{"index":"index","follow":"follow","max-snippet":"max-snippet:-1","max-image-preview":"max-image-preview:large","max-video-preview":"max-video-preview:-1"},"canonical":"https:\/\/kapitalis.com\/tunisie\/2021\/03\/09\/cotes-de-sfax-14-corps-de-migrants-irreguliers-repeches\/","og_locale":"fr_FR","og_type":"article","og_title":"C\u00f4tes de Sfax : 14 corps de migrants irr\u00e9guliers rep\u00each\u00e9s - Kapitalis","og_description":"Cent quarante migrants irr\u00e9guliers ont \u00e9t\u00e9 sauv\u00e9s, en ce d\u00e9but de semaine, sur les c\u00f4tes de Sfax, par les unit\u00e9s de la Garde marine, dont deux tunisiens, suite au naufrage de leurs deux embarcations.","og_url":"https:\/\/kapitalis.com\/tunisie\/2021\/03\/09\/cotes-de-sfax-14-corps-de-migrants-irreguliers-repeches\/","og_site_name":"Kapitalis","article_publisher":"https:\/\/www.facebook.com\/KapitalisInfo\/","article_published_time":"2021-03-09T12:08:57+00:00","article_modified_time":"2021-03-09T12:09:01+00:00","og_image":[{"url":"http:\/\/kapitalis.com\/tunisie\/wp-content\/uploads\/2020\/06\/corps-mer-migration.jpg","type":"","width":"","height":""}],"author":"Cherif Benyounes","twitter_card":"summary_large_image","twitter_creator":"@KapitalisInfo","twitter_site":"@KapitalisInfo","twitter_misc":{"\u00c9crit par":"Cherif Benyounes","Dur\u00e9e de lecture estim\u00e9e":"1 minute"},"schema":{"@context":"https:\/\/schema.org","@graph":[{"@type":"Article","@id":"https:\/\/kapitalis.com\/tunisie\/2021\/03\/09\/cotes-de-sfax-14-corps-de-migrants-irreguliers-repeches\/#article","isPartOf":{"@id":"https:\/\/kapitalis.com\/tunisie\/2021\/03\/09\/cotes-de-sfax-14-corps-de-migrants-irreguliers-repeches\/"},"author":{"name":"Cherif Benyounes","@id":"https:\/\/kapitalis.com\/tunisie\/#\/schema\/person\/b35b8d631961131107263178aeb8019e"},"headline":"C\u00f4tes de Sfax : 14 corps de migrants irr\u00e9guliers rep\u00each\u00e9s","datePublished":"2021-03-09T12:08:57+00:00","dateModified":"2021-03-09T12:09:01+00:00","mainEntityOfPage":{"@id":"https:\/\/kapitalis.com\/tunisie\/2021\/03\/09\/cotes-de-sfax-14-corps-de-migrants-irreguliers-repeches\/"},"wordCount":114,"commentCount":0,"publisher":{"@id":"https:\/\/kapitalis.com\/tunisie\/#organization"},"image":{"@id":"https:\/\/kapitalis.com\/tunisie\/2021\/03\/09\/cotes-de-sfax-14-corps-de-migrants-irreguliers-repeches\/#primaryimage"},"thumbnailUrl":"http:\/\/kapitalis.com\/tunisie\/wp-content\/uploads\/2020\/06\/corps-mer-migration.jpg","keywords":["C\u00f4tes de Sfax","migrants irr\u00e9guliers"],"articleSection":["SOCIETE","Tunisie"],"inLanguage":"fr-FR","potentialAction":[{"@type":"CommentAction","name":"Comment","target":["https:\/\/kapitalis.com\/tunisie\/2021\/03\/09\/cotes-de-sfax-14-corps-de-migrants-irreguliers-repeches\/#respond"]}]},{"@type":"WebPage","@id":"https:\/\/kapitalis.com\/tunisie\/2021\/03\/09\/cotes-de-sfax-14-corps-de-migrants-irreguliers-repeches\/","url":"https:\/\/kapitalis.com\/tunisie\/2021\/03\/09\/cotes-de-sfax-14-corps-de-migrants-irreguliers-repeches\/","name":"C\u00f4tes de Sfax : 14 corps de migrants irr\u00e9guliers rep\u00each\u00e9s - Kapitalis","isPartOf":{"@id":"https:\/\/kapitalis.com\/tunisie\/#website"},"primaryImageOfPage":{"@id":"https:\/\/kapitalis.com\/tunisie\/2021\/03\/09\/cotes-de-sfax-14-corps-de-migrants-irreguliers-repeches\/#primaryimage"},"image":{"@id":"https:\/\/kapitalis.com\/tunisie\/2021\/03\/09\/cotes-de-sfax-14-corps-de-migrants-irreguliers-repeches\/#primaryimage"},"thumbnailUrl":"http:\/\/kapitalis.com\/tunisie\/wp-content\/uploads\/2020\/06\/corps-mer-migration.jpg","datePublished":"2021-03-09T12:08:57+00:00","dateModified":"2021-03-09T12:09:01+00:00","breadcrumb":{"@id":"https:\/\/kapitalis.com\/tunisie\/2021\/03\/09\/cotes-de-sfax-14-corps-de-migrants-irreguliers-repeches\/#breadcrumb"},"inLanguage":"fr-FR","potentialAction":[{"@type":"ReadAction","target":["https:\/\/kapitalis.com\/tunisie\/2021\/03\/09\/cotes-de-sfax-14-corps-de-migrants-irreguliers-repeches\/"]}]},{"@type":"ImageObject","inLanguage":"fr-FR","@id":"https:\/\/kapitalis.com\/tunisie\/2021\/03\/09\/cotes-de-sfax-14-corps-de-migrants-irreguliers-repeches\/#primaryimage","url":"","contentUrl":""},{"@type":"BreadcrumbList","@id":"https:\/\/kapitalis.com\/tunisie\/2021\/03\/09\/cotes-de-sfax-14-corps-de-migrants-irreguliers-repeches\/#breadcrumb","itemListElement":[{"@type":"ListItem","position":1,"name":"Accueil","item":"https:\/\/kapitalis.com\/tunisie\/"},{"@type":"ListItem","position":2,"name":"C\u00f4tes de Sfax : 14 corps de migrants irr\u00e9guliers rep\u00each\u00e9s"}]},{"@type":"WebSite","@id":"https:\/\/kapitalis.com\/tunisie\/#website","url":"https:\/\/kapitalis.com\/tunisie\/","name":"Kapitalis","description":"L&#039;actualit\u00e9 en Tunisie et dans le monde","publisher":{"@id":"https:\/\/kapitalis.com\/tunisie\/#organization"},"potentialAction":[{"@type":"SearchAction","target":{"@type":"EntryPoint","urlTemplate":"https:\/\/kapitalis.com\/tunisie\/?s={search_term_string}"},"query-input":{"@type":"PropertyValueSpecification","valueRequired":true,"valueName":"search_term_string"}}],"inLanguage":"fr-FR"},{"@type":"Organization","@id":"https:\/\/kapitalis.com\/tunisie\/#organization","name":"Kapitalis","url":"https:\/\/kapitalis.com\/tunisie\/","logo":{"@type":"ImageObject","inLanguage":"fr-FR","@id":"https:\/\/kapitalis.com\/tunisie\/#\/schema\/logo\/image\/","url":"https:\/\/kapitalis.com\/tunisie\/wp-content\/uploads\/2022\/05\/Kapitalis-big-size.png","contentUrl":"https:\/\/kapitalis.com\/tunisie\/wp-content\/uploads\/2022\/05\/Kapitalis-big-size.png","width":5000,"height":1500,"caption":"Kapitalis"},"image":{"@id":"https:\/\/kapitalis.com\/tunisie\/#\/schema\/logo\/image\/"},"sameAs":["https:\/\/www.facebook.com\/KapitalisInfo\/","https:\/\/x.com\/KapitalisInfo","https:\/\/www.youtube.com\/channel\/UC-yDYrHyfFBWWZaOw3FPg9Q"]},{"@type":"Person","@id":"https:\/\/kapitalis.com\/tunisie\/#\/schema\/person\/b35b8d631961131107263178aeb8019e","name":"Cherif Benyounes","url":"https:\/\/kapitalis.com\/tunisie\/author\/cherif\/"}]}},"_links":{"self":[{"href":"https:\/\/kapitalis.com\/tunisie\/wp-json\/wp\/v2\/posts\/339189","targetHints":{"allow":["GET"]}}],"collection":[{"href":"https:\/\/kapitalis.com\/tunisie\/wp-json\/wp\/v2\/posts"}],"about":[{"href":"https:\/\/kapitalis.com\/tunisie\/wp-json\/wp\/v2\/types\/post"}],"author":[{"embeddable":true,"href":"https:\/\/kapitalis.com\/tunisie\/wp-json\/wp\/v2\/users\/24"}],"replies":[{"embeddable":true,"href":"https:\/\/kapitalis.com\/tunisie\/wp-json\/wp\/v2\/comments?post=339189"}],"version-history":[{"count":0,"href":"https:\/\/kapitalis.com\/tunisie\/wp-json\/wp\/v2\/posts\/339189\/revisions"}],"wp:attachment":[{"href":"https:\/\/kapitalis.com\/tunisie\/wp-json\/wp\/v2\/media?parent=339189"}],"wp:term":[{"taxonomy":"category","embeddable":true,"href":"https:\/\/kapitalis.com\/tunisie\/wp-json\/wp\/v2\/categories?post=339189"},{"taxonomy":"post_tag","embeddable":true,"href":"https:\/\/kapitalis.com\/tunisie\/wp-json\/wp\/v2\/tags?post=339189"}],"curies":[{"name":"wp","href":"https:\/\/api.w.org\/{rel}","templated":true}]}}