{"id":339288,"date":"2021-03-09T22:58:21","date_gmt":"2021-03-09T21:58:21","guid":{"rendered":"http:\/\/kapitalis.com\/tunisie\/?p=339288"},"modified":"2021-03-10T01:52:22","modified_gmt":"2021-03-10T00:52:22","slug":"tunis-des-deputes-al-karama-rejoignent-les-membres-de-lunion-de-qaradawi-pour-les-soutenir-contre-le-pdl","status":"publish","type":"post","link":"https:\/\/kapitalis.com\/tunisie\/2021\/03\/09\/tunis-des-deputes-al-karama-rejoignent-les-membres-de-lunion-de-qaradawi-pour-les-soutenir-contre-le-pdl\/","title":{"rendered":"Tunis : Des d\u00e9put\u00e9s Al-Karama rejoignent les membres de \u00abl&rsquo;Union de Qaradawi\u00bb pour les soutenir contre le PDL"},"content":{"rendered":"\n<figure class=\"wp-block-image size-large\"><img decoding=\"async\" src=\"http:\/\/kapitalis.com\/tunisie\/wp-content\/uploads\/2021\/03\/Makhlouf-PDL.jpg\" alt=\"\" class=\"wp-image-339296\"\/><\/figure>\n\n\n\n<p><strong><em>Des d\u00e9put\u00e9s Al-Karama et \u00e0 leur t\u00eate le porte-parole de cette coalition islamiste, Seifeddine Makhlouf se sont invit\u00e9s dans le conflit opposant les membres de l\u2019Union internationale des oul\u00e9mas musulmans (Union de Qaradawi), et les partisans du Parti destourien libre (PDL). L&rsquo;ambiance est tr\u00e8s tendue et la police est intervenue apr\u00e8s que les \u00e9lus d&rsquo;Al-Karama ait menac\u00e9 de \u00abfaire d\u00e9gager Abir et les siens par la force\u00bb du si\u00e8ge de cette organisation controvers\u00e9e.<\/em><\/strong><\/p>\n\n\n\n<!--more-->\n\n\n\n<p>Apr\u00e8s avoir publi\u00e9 un post ce soir, sur sa page Facebook, o\u00f9 il appelle les membres de sa coalition \u00e0 se ranger du c\u00f4t\u00e9 des oul\u00e9mas, Seifeddine Makhlouf s&rsquo;est rendu au si\u00e8ge de l&rsquo;Union, pour faire \u00ab<em>d\u00e9gager Abir, la poubelle\u00bb<\/em>, a-t-il \u00e9crit.<\/p>\n\n\n\n<p>Emp\u00each\u00e9 par la police d&rsquo;acc\u00e9der sous la tente o\u00f9 se trouve la pr\u00e9sidente et les partisans du PDL, Seifeddine Makhlouf, qui \u00e9tait notamment accompagn\u00e9 du d\u00e9put\u00e9 Abdellatif Aloui, Nidhal Saoudi, et Imed Dghij, (figure embl\u00e9matique des fameuses Ligues de protection de la r\u00e9volution, anciennes milices islamistes violentes au service des islamistes, dissoutes par d\u00e9cision judiciaire en 2014) s&rsquo;est montr\u00e9 mena\u00e7ant et a accus\u00e9 les s\u00e9curitaires de connivence avec Abir Moussi.<\/p>\n\n\n\n<p>Il a \u00e9galement accus\u00e9 cette derni\u00e8re de prendre en otage les membres de l&rsquo;Union des oul\u00e9mas musulmans et d&rsquo;investir ill\u00e9galement leur si\u00e8ge.<\/p>\n\n\n\n<p>\u00ab<em>Game over ! Nous sommes l\u00e0 maintenant. Puisque la police prot\u00e8ge un crime et qu&rsquo;il n&rsquo; y a pas d\u2019\u00c9tat d\u00e9sormais c&rsquo;est nous l\u2019\u00c9tat\u00bb<\/em>, a-t-il lanc\u00e9, en appelant les partisans d&rsquo;Al-Karama de le rejoindre.<\/p>\n\n\n\n<p>Seifeddine Makhliuf affirme qu&rsquo;il va mettre fin au sit-in du PDL , organis\u00e9 depuis le 16 novembre 2020, devant l&rsquo;antenne de propagande islamiste radicale, afin d&rsquo;appeler \u00e0 sa fermeture d\u00e9finitive en Tunisie.<\/p>\n\n\n\n<p>De son c\u00f4t\u00e9 Abir a affirm\u00e9 qu&rsquo;elle ne quittera pas les lieux, \u00abp<em>eu importe ce que cela lui co\u00fbtera\u00bb.<\/em><\/p>\n\n\n\n<p class=\"has-text-align-right\"><strong>Y. N.<\/strong><\/p>\n","protected":false},"excerpt":{"rendered":"<p>Des d\u00e9put\u00e9s Al-Karama et \u00e0 leur t\u00eate le porte-parole de cette coalition islamiste, Seifeddine Makhlouf se sont invit\u00e9s dans le conflit opposant les membres de l\u2019Union internationale des oul\u00e9mas musulmans (Union de Qaradawi), et les partisans du Parti destourien libre (PDL). L&rsquo;ambiance est tr\u00e8s tendue et la police est intervenue apr\u00e8s que les \u00e9lus d&rsquo;Al-Karama&#8230;<\/p>\n","protected":false},"author":6,"featured_media":339296,"comment_status":"open","ping_status":"open","sticky":false,"template":"","format":"standard","meta":{"footnotes":""},"categories":[997,2433],"tags":[15144,76464,84925,33536,8752,88219],"class_list":["post-339288","post","type-post","status-publish","format-standard","has-post-thumbnail","hentry","category-politique","category-tunisie","tag-abir-moussi","tag-al-karama-2","tag-oulemas-musulmans","tag-pdl","tag-seifeddine-makhlouf","tag-union-qaradhawi"],"yoast_head":"<!-- This site is optimized with the Yoast SEO plugin v26.6 - https:\/\/yoast.com\/wordpress\/plugins\/seo\/ -->\n<title>Tunis : Des d\u00e9put\u00e9s Al-Karama rejoignent les membres de \u00abl&#039;Union de Qaradawi\u00bb pour les soutenir contre le PDL - Kapitalis<\/title>\n<meta name=\"robots\" content=\"index, follow, max-snippet:-1, max-image-preview:large, max-video-preview:-1\" \/>\n<link rel=\"canonical\" href=\"https:\/\/kapitalis.com\/tunisie\/2021\/03\/09\/tunis-des-deputes-al-karama-rejoignent-les-membres-de-lunion-de-qaradawi-pour-les-soutenir-contre-le-pdl\/\" \/>\n<meta property=\"og:locale\" content=\"fr_FR\" \/>\n<meta property=\"og:type\" content=\"article\" \/>\n<meta property=\"og:title\" content=\"Tunis : Des d\u00e9put\u00e9s Al-Karama rejoignent les membres de \u00abl&#039;Union de Qaradawi\u00bb pour les soutenir contre le PDL - Kapitalis\" \/>\n<meta property=\"og:description\" content=\"Des d\u00e9put\u00e9s Al-Karama et \u00e0 leur t\u00eate le porte-parole de cette coalition islamiste, Seifeddine Makhlouf se sont invit\u00e9s dans le conflit opposant les membres de l\u2019Union internationale des oul\u00e9mas musulmans (Union de Qaradawi), et les partisans du Parti destourien libre (PDL). L&rsquo;ambiance est tr\u00e8s tendue et la police est intervenue apr\u00e8s que les \u00e9lus d&rsquo;Al-Karama...\" \/>\n<meta property=\"og:url\" content=\"https:\/\/kapitalis.com\/tunisie\/2021\/03\/09\/tunis-des-deputes-al-karama-rejoignent-les-membres-de-lunion-de-qaradawi-pour-les-soutenir-contre-le-pdl\/\" \/>\n<meta property=\"og:site_name\" content=\"Kapitalis\" \/>\n<meta property=\"article:publisher\" content=\"https:\/\/www.facebook.com\/KapitalisInfo\/\" \/>\n<meta property=\"article:published_time\" content=\"2021-03-09T21:58:21+00:00\" \/>\n<meta property=\"article:modified_time\" content=\"2021-03-10T00:52:22+00:00\" \/>\n<meta property=\"og:image\" content=\"https:\/\/kapitalis.com\/tunisie\/wp-content\/uploads\/2022\/05\/kapitalis-logo-fb.png\" \/>\n\t<meta property=\"og:image:width\" content=\"1200\" \/>\n\t<meta property=\"og:image:height\" content=\"630\" \/>\n\t<meta property=\"og:image:type\" content=\"image\/png\" \/>\n<meta name=\"author\" content=\"Yusra NY\" \/>\n<meta name=\"twitter:card\" content=\"summary_large_image\" \/>\n<meta name=\"twitter:creator\" content=\"@KapitalisInfo\" \/>\n<meta name=\"twitter:site\" content=\"@KapitalisInfo\" \/>\n<meta name=\"twitter:label1\" content=\"\u00c9crit par\" \/>\n\t<meta name=\"twitter:data1\" content=\"Yusra NY\" \/>\n\t<meta name=\"twitter:label2\" content=\"Dur\u00e9e de lecture estim\u00e9e\" \/>\n\t<meta name=\"twitter:data2\" content=\"2 minutes\" \/>\n<script type=\"application\/ld+json\" class=\"yoast-schema-graph\">{\"@context\":\"https:\/\/schema.org\",\"@graph\":[{\"@type\":\"Article\",\"@id\":\"https:\/\/kapitalis.com\/tunisie\/2021\/03\/09\/tunis-des-deputes-al-karama-rejoignent-les-membres-de-lunion-de-qaradawi-pour-les-soutenir-contre-le-pdl\/#article\",\"isPartOf\":{\"@id\":\"https:\/\/kapitalis.com\/tunisie\/2021\/03\/09\/tunis-des-deputes-al-karama-rejoignent-les-membres-de-lunion-de-qaradawi-pour-les-soutenir-contre-le-pdl\/\"},\"author\":{\"name\":\"Yusra NY\",\"@id\":\"https:\/\/kapitalis.com\/tunisie\/#\/schema\/person\/74bbde0154d49d790a92aaeac5bc01d5\"},\"headline\":\"Tunis : Des d\u00e9put\u00e9s Al-Karama rejoignent les membres de \u00abl&rsquo;Union de Qaradawi\u00bb pour les soutenir contre le PDL\",\"datePublished\":\"2021-03-09T21:58:21+00:00\",\"dateModified\":\"2021-03-10T00:52:22+00:00\",\"mainEntityOfPage\":{\"@id\":\"https:\/\/kapitalis.com\/tunisie\/2021\/03\/09\/tunis-des-deputes-al-karama-rejoignent-les-membres-de-lunion-de-qaradawi-pour-les-soutenir-contre-le-pdl\/\"},\"wordCount\":341,\"commentCount\":4,\"publisher\":{\"@id\":\"https:\/\/kapitalis.com\/tunisie\/#organization\"},\"image\":{\"@id\":\"https:\/\/kapitalis.com\/tunisie\/2021\/03\/09\/tunis-des-deputes-al-karama-rejoignent-les-membres-de-lunion-de-qaradawi-pour-les-soutenir-contre-le-pdl\/#primaryimage\"},\"thumbnailUrl\":\"\",\"keywords\":[\"Abir Moussi\",\"Al-Karama\",\"Oul\u00e9mas musulmans\",\"PDL\",\"Seifeddine Makhlouf\",\"Union Qaradhawi\"],\"articleSection\":[\"POLITIQUE\",\"Tunisie\"],\"inLanguage\":\"fr-FR\",\"potentialAction\":[{\"@type\":\"CommentAction\",\"name\":\"Comment\",\"target\":[\"https:\/\/kapitalis.com\/tunisie\/2021\/03\/09\/tunis-des-deputes-al-karama-rejoignent-les-membres-de-lunion-de-qaradawi-pour-les-soutenir-contre-le-pdl\/#respond\"]}]},{\"@type\":\"WebPage\",\"@id\":\"https:\/\/kapitalis.com\/tunisie\/2021\/03\/09\/tunis-des-deputes-al-karama-rejoignent-les-membres-de-lunion-de-qaradawi-pour-les-soutenir-contre-le-pdl\/\",\"url\":\"https:\/\/kapitalis.com\/tunisie\/2021\/03\/09\/tunis-des-deputes-al-karama-rejoignent-les-membres-de-lunion-de-qaradawi-pour-les-soutenir-contre-le-pdl\/\",\"name\":\"Tunis : Des d\u00e9put\u00e9s Al-Karama rejoignent les membres de \u00abl'Union de Qaradawi\u00bb pour les soutenir contre le PDL - Kapitalis\",\"isPartOf\":{\"@id\":\"https:\/\/kapitalis.com\/tunisie\/#website\"},\"primaryImageOfPage\":{\"@id\":\"https:\/\/kapitalis.com\/tunisie\/2021\/03\/09\/tunis-des-deputes-al-karama-rejoignent-les-membres-de-lunion-de-qaradawi-pour-les-soutenir-contre-le-pdl\/#primaryimage\"},\"image\":{\"@id\":\"https:\/\/kapitalis.com\/tunisie\/2021\/03\/09\/tunis-des-deputes-al-karama-rejoignent-les-membres-de-lunion-de-qaradawi-pour-les-soutenir-contre-le-pdl\/#primaryimage\"},\"thumbnailUrl\":\"\",\"datePublished\":\"2021-03-09T21:58:21+00:00\",\"dateModified\":\"2021-03-10T00:52:22+00:00\",\"breadcrumb\":{\"@id\":\"https:\/\/kapitalis.com\/tunisie\/2021\/03\/09\/tunis-des-deputes-al-karama-rejoignent-les-membres-de-lunion-de-qaradawi-pour-les-soutenir-contre-le-pdl\/#breadcrumb\"},\"inLanguage\":\"fr-FR\",\"potentialAction\":[{\"@type\":\"ReadAction\",\"target\":[\"https:\/\/kapitalis.com\/tunisie\/2021\/03\/09\/tunis-des-deputes-al-karama-rejoignent-les-membres-de-lunion-de-qaradawi-pour-les-soutenir-contre-le-pdl\/\"]}]},{\"@type\":\"ImageObject\",\"inLanguage\":\"fr-FR\",\"@id\":\"https:\/\/kapitalis.com\/tunisie\/2021\/03\/09\/tunis-des-deputes-al-karama-rejoignent-les-membres-de-lunion-de-qaradawi-pour-les-soutenir-contre-le-pdl\/#primaryimage\",\"url\":\"\",\"contentUrl\":\"\"},{\"@type\":\"BreadcrumbList\",\"@id\":\"https:\/\/kapitalis.com\/tunisie\/2021\/03\/09\/tunis-des-deputes-al-karama-rejoignent-les-membres-de-lunion-de-qaradawi-pour-les-soutenir-contre-le-pdl\/#breadcrumb\",\"itemListElement\":[{\"@type\":\"ListItem\",\"position\":1,\"name\":\"Accueil\",\"item\":\"https:\/\/kapitalis.com\/tunisie\/\"},{\"@type\":\"ListItem\",\"position\":2,\"name\":\"Tunis : Des d\u00e9put\u00e9s Al-Karama rejoignent les membres de \u00abl&rsquo;Union de Qaradawi\u00bb pour les soutenir contre le PDL\"}]},{\"@type\":\"WebSite\",\"@id\":\"https:\/\/kapitalis.com\/tunisie\/#website\",\"url\":\"https:\/\/kapitalis.com\/tunisie\/\",\"name\":\"Kapitalis\",\"description\":\"L&#039;actualit\u00e9 en Tunisie et dans le monde\",\"publisher\":{\"@id\":\"https:\/\/kapitalis.com\/tunisie\/#organization\"},\"potentialAction\":[{\"@type\":\"SearchAction\",\"target\":{\"@type\":\"EntryPoint\",\"urlTemplate\":\"https:\/\/kapitalis.com\/tunisie\/?s={search_term_string}\"},\"query-input\":{\"@type\":\"PropertyValueSpecification\",\"valueRequired\":true,\"valueName\":\"search_term_string\"}}],\"inLanguage\":\"fr-FR\"},{\"@type\":\"Organization\",\"@id\":\"https:\/\/kapitalis.com\/tunisie\/#organization\",\"name\":\"Kapitalis\",\"url\":\"https:\/\/kapitalis.com\/tunisie\/\",\"logo\":{\"@type\":\"ImageObject\",\"inLanguage\":\"fr-FR\",\"@id\":\"https:\/\/kapitalis.com\/tunisie\/#\/schema\/logo\/image\/\",\"url\":\"https:\/\/kapitalis.com\/tunisie\/wp-content\/uploads\/2022\/05\/Kapitalis-big-size.png\",\"contentUrl\":\"https:\/\/kapitalis.com\/tunisie\/wp-content\/uploads\/2022\/05\/Kapitalis-big-size.png\",\"width\":5000,\"height\":1500,\"caption\":\"Kapitalis\"},\"image\":{\"@id\":\"https:\/\/kapitalis.com\/tunisie\/#\/schema\/logo\/image\/\"},\"sameAs\":[\"https:\/\/www.facebook.com\/KapitalisInfo\/\",\"https:\/\/x.com\/KapitalisInfo\",\"https:\/\/www.youtube.com\/channel\/UC-yDYrHyfFBWWZaOw3FPg9Q\"]},{\"@type\":\"Person\",\"@id\":\"https:\/\/kapitalis.com\/tunisie\/#\/schema\/person\/74bbde0154d49d790a92aaeac5bc01d5\",\"name\":\"Yusra NY\",\"url\":\"https:\/\/kapitalis.com\/tunisie\/author\/yuza_adam\/\"}]}<\/script>\n<!-- \/ Yoast SEO plugin. -->","yoast_head_json":{"title":"Tunis : Des d\u00e9put\u00e9s Al-Karama rejoignent les membres de \u00abl'Union de Qaradawi\u00bb pour les soutenir contre le PDL - Kapitalis","robots":{"index":"index","follow":"follow","max-snippet":"max-snippet:-1","max-image-preview":"max-image-preview:large","max-video-preview":"max-video-preview:-1"},"canonical":"https:\/\/kapitalis.com\/tunisie\/2021\/03\/09\/tunis-des-deputes-al-karama-rejoignent-les-membres-de-lunion-de-qaradawi-pour-les-soutenir-contre-le-pdl\/","og_locale":"fr_FR","og_type":"article","og_title":"Tunis : Des d\u00e9put\u00e9s Al-Karama rejoignent les membres de \u00abl'Union de Qaradawi\u00bb pour les soutenir contre le PDL - Kapitalis","og_description":"Des d\u00e9put\u00e9s Al-Karama et \u00e0 leur t\u00eate le porte-parole de cette coalition islamiste, Seifeddine Makhlouf se sont invit\u00e9s dans le conflit opposant les membres de l\u2019Union internationale des oul\u00e9mas musulmans (Union de Qaradawi), et les partisans du Parti destourien libre (PDL). L&rsquo;ambiance est tr\u00e8s tendue et la police est intervenue apr\u00e8s que les \u00e9lus d&rsquo;Al-Karama...","og_url":"https:\/\/kapitalis.com\/tunisie\/2021\/03\/09\/tunis-des-deputes-al-karama-rejoignent-les-membres-de-lunion-de-qaradawi-pour-les-soutenir-contre-le-pdl\/","og_site_name":"Kapitalis","article_publisher":"https:\/\/www.facebook.com\/KapitalisInfo\/","article_published_time":"2021-03-09T21:58:21+00:00","article_modified_time":"2021-03-10T00:52:22+00:00","og_image":[{"width":1200,"height":630,"url":"https:\/\/kapitalis.com\/tunisie\/wp-content\/uploads\/2022\/05\/kapitalis-logo-fb.png","type":"image\/png"}],"author":"Yusra NY","twitter_card":"summary_large_image","twitter_creator":"@KapitalisInfo","twitter_site":"@KapitalisInfo","twitter_misc":{"\u00c9crit par":"Yusra NY","Dur\u00e9e de lecture estim\u00e9e":"2 minutes"},"schema":{"@context":"https:\/\/schema.org","@graph":[{"@type":"Article","@id":"https:\/\/kapitalis.com\/tunisie\/2021\/03\/09\/tunis-des-deputes-al-karama-rejoignent-les-membres-de-lunion-de-qaradawi-pour-les-soutenir-contre-le-pdl\/#article","isPartOf":{"@id":"https:\/\/kapitalis.com\/tunisie\/2021\/03\/09\/tunis-des-deputes-al-karama-rejoignent-les-membres-de-lunion-de-qaradawi-pour-les-soutenir-contre-le-pdl\/"},"author":{"name":"Yusra NY","@id":"https:\/\/kapitalis.com\/tunisie\/#\/schema\/person\/74bbde0154d49d790a92aaeac5bc01d5"},"headline":"Tunis : Des d\u00e9put\u00e9s Al-Karama rejoignent les membres de \u00abl&rsquo;Union de Qaradawi\u00bb pour les soutenir contre le PDL","datePublished":"2021-03-09T21:58:21+00:00","dateModified":"2021-03-10T00:52:22+00:00","mainEntityOfPage":{"@id":"https:\/\/kapitalis.com\/tunisie\/2021\/03\/09\/tunis-des-deputes-al-karama-rejoignent-les-membres-de-lunion-de-qaradawi-pour-les-soutenir-contre-le-pdl\/"},"wordCount":341,"commentCount":4,"publisher":{"@id":"https:\/\/kapitalis.com\/tunisie\/#organization"},"image":{"@id":"https:\/\/kapitalis.com\/tunisie\/2021\/03\/09\/tunis-des-deputes-al-karama-rejoignent-les-membres-de-lunion-de-qaradawi-pour-les-soutenir-contre-le-pdl\/#primaryimage"},"thumbnailUrl":"","keywords":["Abir Moussi","Al-Karama","Oul\u00e9mas musulmans","PDL","Seifeddine Makhlouf","Union Qaradhawi"],"articleSection":["POLITIQUE","Tunisie"],"inLanguage":"fr-FR","potentialAction":[{"@type":"CommentAction","name":"Comment","target":["https:\/\/kapitalis.com\/tunisie\/2021\/03\/09\/tunis-des-deputes-al-karama-rejoignent-les-membres-de-lunion-de-qaradawi-pour-les-soutenir-contre-le-pdl\/#respond"]}]},{"@type":"WebPage","@id":"https:\/\/kapitalis.com\/tunisie\/2021\/03\/09\/tunis-des-deputes-al-karama-rejoignent-les-membres-de-lunion-de-qaradawi-pour-les-soutenir-contre-le-pdl\/","url":"https:\/\/kapitalis.com\/tunisie\/2021\/03\/09\/tunis-des-deputes-al-karama-rejoignent-les-membres-de-lunion-de-qaradawi-pour-les-soutenir-contre-le-pdl\/","name":"Tunis : Des d\u00e9put\u00e9s Al-Karama rejoignent les membres de \u00abl'Union de Qaradawi\u00bb pour les soutenir contre le PDL - Kapitalis","isPartOf":{"@id":"https:\/\/kapitalis.com\/tunisie\/#website"},"primaryImageOfPage":{"@id":"https:\/\/kapitalis.com\/tunisie\/2021\/03\/09\/tunis-des-deputes-al-karama-rejoignent-les-membres-de-lunion-de-qaradawi-pour-les-soutenir-contre-le-pdl\/#primaryimage"},"image":{"@id":"https:\/\/kapitalis.com\/tunisie\/2021\/03\/09\/tunis-des-deputes-al-karama-rejoignent-les-membres-de-lunion-de-qaradawi-pour-les-soutenir-contre-le-pdl\/#primaryimage"},"thumbnailUrl":"","datePublished":"2021-03-09T21:58:21+00:00","dateModified":"2021-03-10T00:52:22+00:00","breadcrumb":{"@id":"https:\/\/kapitalis.com\/tunisie\/2021\/03\/09\/tunis-des-deputes-al-karama-rejoignent-les-membres-de-lunion-de-qaradawi-pour-les-soutenir-contre-le-pdl\/#breadcrumb"},"inLanguage":"fr-FR","potentialAction":[{"@type":"ReadAction","target":["https:\/\/kapitalis.com\/tunisie\/2021\/03\/09\/tunis-des-deputes-al-karama-rejoignent-les-membres-de-lunion-de-qaradawi-pour-les-soutenir-contre-le-pdl\/"]}]},{"@type":"ImageObject","inLanguage":"fr-FR","@id":"https:\/\/kapitalis.com\/tunisie\/2021\/03\/09\/tunis-des-deputes-al-karama-rejoignent-les-membres-de-lunion-de-qaradawi-pour-les-soutenir-contre-le-pdl\/#primaryimage","url":"","contentUrl":""},{"@type":"BreadcrumbList","@id":"https:\/\/kapitalis.com\/tunisie\/2021\/03\/09\/tunis-des-deputes-al-karama-rejoignent-les-membres-de-lunion-de-qaradawi-pour-les-soutenir-contre-le-pdl\/#breadcrumb","itemListElement":[{"@type":"ListItem","position":1,"name":"Accueil","item":"https:\/\/kapitalis.com\/tunisie\/"},{"@type":"ListItem","position":2,"name":"Tunis : Des d\u00e9put\u00e9s Al-Karama rejoignent les membres de \u00abl&rsquo;Union de Qaradawi\u00bb pour les soutenir contre le PDL"}]},{"@type":"WebSite","@id":"https:\/\/kapitalis.com\/tunisie\/#website","url":"https:\/\/kapitalis.com\/tunisie\/","name":"Kapitalis","description":"L&#039;actualit\u00e9 en Tunisie et dans le monde","publisher":{"@id":"https:\/\/kapitalis.com\/tunisie\/#organization"},"potentialAction":[{"@type":"SearchAction","target":{"@type":"EntryPoint","urlTemplate":"https:\/\/kapitalis.com\/tunisie\/?s={search_term_string}"},"query-input":{"@type":"PropertyValueSpecification","valueRequired":true,"valueName":"search_term_string"}}],"inLanguage":"fr-FR"},{"@type":"Organization","@id":"https:\/\/kapitalis.com\/tunisie\/#organization","name":"Kapitalis","url":"https:\/\/kapitalis.com\/tunisie\/","logo":{"@type":"ImageObject","inLanguage":"fr-FR","@id":"https:\/\/kapitalis.com\/tunisie\/#\/schema\/logo\/image\/","url":"https:\/\/kapitalis.com\/tunisie\/wp-content\/uploads\/2022\/05\/Kapitalis-big-size.png","contentUrl":"https:\/\/kapitalis.com\/tunisie\/wp-content\/uploads\/2022\/05\/Kapitalis-big-size.png","width":5000,"height":1500,"caption":"Kapitalis"},"image":{"@id":"https:\/\/kapitalis.com\/tunisie\/#\/schema\/logo\/image\/"},"sameAs":["https:\/\/www.facebook.com\/KapitalisInfo\/","https:\/\/x.com\/KapitalisInfo","https:\/\/www.youtube.com\/channel\/UC-yDYrHyfFBWWZaOw3FPg9Q"]},{"@type":"Person","@id":"https:\/\/kapitalis.com\/tunisie\/#\/schema\/person\/74bbde0154d49d790a92aaeac5bc01d5","name":"Yusra NY","url":"https:\/\/kapitalis.com\/tunisie\/author\/yuza_adam\/"}]}},"_links":{"self":[{"href":"https:\/\/kapitalis.com\/tunisie\/wp-json\/wp\/v2\/posts\/339288","targetHints":{"allow":["GET"]}}],"collection":[{"href":"https:\/\/kapitalis.com\/tunisie\/wp-json\/wp\/v2\/posts"}],"about":[{"href":"https:\/\/kapitalis.com\/tunisie\/wp-json\/wp\/v2\/types\/post"}],"author":[{"embeddable":true,"href":"https:\/\/kapitalis.com\/tunisie\/wp-json\/wp\/v2\/users\/6"}],"replies":[{"embeddable":true,"href":"https:\/\/kapitalis.com\/tunisie\/wp-json\/wp\/v2\/comments?post=339288"}],"version-history":[{"count":0,"href":"https:\/\/kapitalis.com\/tunisie\/wp-json\/wp\/v2\/posts\/339288\/revisions"}],"wp:featuredmedia":[{"embeddable":true,"href":"https:\/\/kapitalis.com\/tunisie\/wp-json\/wp\/v2\/media\/339296"}],"wp:attachment":[{"href":"https:\/\/kapitalis.com\/tunisie\/wp-json\/wp\/v2\/media?parent=339288"}],"wp:term":[{"taxonomy":"category","embeddable":true,"href":"https:\/\/kapitalis.com\/tunisie\/wp-json\/wp\/v2\/categories?post=339288"},{"taxonomy":"post_tag","embeddable":true,"href":"https:\/\/kapitalis.com\/tunisie\/wp-json\/wp\/v2\/tags?post=339288"}],"curies":[{"name":"wp","href":"https:\/\/api.w.org\/{rel}","templated":true}]}}