{"id":339332,"date":"2021-03-10T17:10:28","date_gmt":"2021-03-10T16:10:28","guid":{"rendered":"http:\/\/kapitalis.com\/tunisie\/?p=339332"},"modified":"2021-03-11T13:19:47","modified_gmt":"2021-03-11T12:19:47","slug":"tunisie-telecom-la-crise-sanitaire-a-accelere-la-digitalisation-des-services","status":"publish","type":"post","link":"https:\/\/kapitalis.com\/tunisie\/2021\/03\/10\/tunisie-telecom-la-crise-sanitaire-a-accelere-la-digitalisation-des-services\/","title":{"rendered":"Tunisie Telecom : La crise sanitaire a acc\u00e9l\u00e9r\u00e9 la digitalisation des services"},"content":{"rendered":"\n<figure class=\"wp-block-image size-large\"><img decoding=\"async\" src=\"http:\/\/kapitalis.com\/tunisie\/wp-content\/uploads\/2021\/03\/journee-de-digitalisation.jpg\" alt=\"\" class=\"wp-image-339415\"\/><\/figure>\n\n\n\n<p><em><strong>Dans le cadre de la sensibilisation \u00e0 l\u2019usage des services administratifs digitaux, le minist\u00e8re des Technologies de la communication, en partenariat avec le minist\u00e8re de la Fonction publique, a organis\u00e9, ce mercredi 10 mars 2021, une journ\u00e9e de sensibilisation au profit des m\u00e9dias. Un \u00e9v\u00e8nement auquel a, notamment pris part, l&rsquo;op\u00e9rateur <em><strong>historique<\/strong><\/em> de t\u00e9l\u00e9communications, Tunisie telecom (TT), dont l&rsquo;\u00c9tat est actionnaire \u00e0 65%. <\/strong><\/em><\/p>\n\n\n\n<p>Par <strong>Cherif Ben Youn\u00e8s<\/strong><\/p>\n\n\n\n<!--more-->\n\n\n\n<p>Dans une d\u00e9claration accord\u00e9e \u00e0 Kapitalis, Kaouther Wahada, directrice VAS et contenu \u00e0 Tunisie telecom, a soulign\u00e9, \u00e0 cette occasion, la collaboration \u00e9troite entre les trois op\u00e9rateurs de t\u00e9l\u00e9communications op\u00e9rant en Tunisie (Tunisie telecom, Orange et Ooredoo) lors de la crise sanitaire de la Covid-19. Une collaboration qui refl\u00e8te leur esprit d&rsquo;entraide et leur sens de la responsabilit\u00e9 nationale, dans ce contexte particulier, insiste notre interlocutrice.<\/p>\n\n\n\n<h3 class=\"wp-block-heading\">Une collaboration \u00e9troite entre les trois op\u00e9rateurs de t\u00e9l\u00e9communications<\/h3>\n\n\n\n<p>\u00ab<em>Pour faire face \u00e0 cette crise, nous avons d\u00e9ploy\u00e9 tous nos efforts pour pr\u00e9senter des services en ligne visant \u00e0 faciliter le quotidien des citoyens, d&rsquo;une part, et le transfert des informations entre les diff\u00e9rentes institutions \u00e9tatiques et priv\u00e9es, d&rsquo;autre part<\/em>\u00bb, a-t-elle d\u00e9velopp\u00e9.<\/p>\n\n\n\n<p>Parmi ces institutions, Mme Wahada a cit\u00e9 le minist\u00e8re de la Sant\u00e9 publique, avec lequel des donn\u00e9es roaming (c&rsquo;est-\u00e0-dire permettant de t\u00e9l\u00e9phoner et \u00e9changer des donn\u00e9es via le r\u00e9seau de t\u00e9l\u00e9phonie mobile d&rsquo;un autre op\u00e9rateur) ont \u00e9t\u00e9 partag\u00e9es, et en faveur duquel des num\u00e9ros d&rsquo;urgence ont \u00e9t\u00e9 consacr\u00e9s (\u00e0 savoir le 190 et le 88 10 19 19).<\/p>\n\n\n\n<p>La responsable a \u00e9galement indiqu\u00e9 que les trois op\u00e9rateurs ont collabor\u00e9 avec le minist\u00e8re de l&rsquo;Int\u00e9rieur, lors de cette crise, pour la mise en place de services t\u00e9l\u00e9phoniques d\u00e9di\u00e9s, permettant aux autorit\u00e9s de contr\u00f4ler les ordres de mission (\u00e0 travers le code *1717#).<\/p>\n\n\n\n<p>En plus de ce \u00ab<em>r\u00f4le de facilitateurs<\/em>\u00bb, Tunisie telecom, Ooredoo et Orange ont \u00e9galement jou\u00e9 \u00ab<em>un r\u00f4le important de support<\/em>\u00bb, explique Kaouther Wahada&#8230;<\/p>\n\n\n\n<h3 class=\"wp-block-heading\">Un r\u00f4le de facilitateurs et de support<\/h3>\n\n\n\n<p>A titre d&rsquo;exemples, ils ont fourni au minist\u00e8re de la Femme, de la Famille et des Personnes \u00e2g\u00e9es un num\u00e9ro vert (le 809) pour tout besoin de soutien psychologique ; ils ont mis en place une plateforme visant \u00e0 prot\u00e9ger les citoyens, en les alertant par SMS contre les risques \u00e9ventuels de la Covid-19 selon leur emplacement g\u00e9ographique ; et ils ont particip\u00e9 \u00e0 une campagne d&rsquo;information pour la sensibilisation aux moyens de pr\u00e9vention contre la maladie.<\/p>\n\n\n\n<p>Mme Wahada a, sur un autre plan, indiqu\u00e9 qu&rsquo;un bouquet de 6 services ayant pour objectif de faciliter le quotidien des clients des 3 op\u00e9rateurs a \u00e9t\u00e9 mis en place durant la m\u00eame p\u00e9riode. Une p\u00e9riode \u00ab<em>qui leur a impos\u00e9 distanciation et prudence<\/em>\u00bb, rappelle-t-elle.<\/p>\n\n\n\n<p>Ce bouquet a notamment permis aux citoyens \u00e0 faibles revenus de v\u00e9rifier la r\u00e9ception de leurs mandats postaux, et ainsi leur a fait \u00e9viter les d\u00e9placements et les files d&rsquo;attente inutiles, et a contribu\u00e9 \u00e0 la collecte des dons \u00e0 travers la mise en place de services t\u00e9l\u00e9phoniques d\u00e9di\u00e9s \u00e0 cet effet,.<\/p>\n\n\n\n<h3 class=\"wp-block-heading\">Un bouquet de services pour faciliter le quotidien des citoyens<\/h3>\n\n\n\n<p>\u00ab<em>Nous avons \u00e9galement donn\u00e9 des acc\u00e8s gratuits \u00e0 internet 4G et internet fixe pour les diff\u00e9rentes plateformes d&rsquo;enseignement, aux \u00e9l\u00e8ves et aux \u00e9tudiants, afin d&rsquo;assurer leur acc\u00e8s aux cours et pour faciliter la mission des enseignants<\/em>\u00bb, ajoute la responsable.<\/p>\n\n\n\n<p>Mme Wahada a \u00e9galement soulign\u00e9 qu&rsquo;en collaboration avec plusieurs minist\u00e8res et autres intervenants, un service de cr\u00e9ation de portefeuille digital (\u00e0 travers le code *1021#) a \u00e9t\u00e9 offert aux citoyens. \u00ab<em>Une premi\u00e8re en Tunisie<\/em>\u00bb, s&rsquo;est-elle r\u00e9jouie.<\/p>\n\n\n\n<p>Enfin, \u00e0 travers le code *2021#, il est d\u00e9sormais possible de s&rsquo;inscrire \u00e0 la campagne de vaccination contre la Covid-19, ajoute la responsable.<\/p>\n\n\n\n<p>En somme, s&rsquo;il y a un point positif marqu\u00e9 gr\u00e2ce \u00e0 la Covid-19, c&rsquo;est le fait qu&rsquo;elle a acc\u00e9l\u00e9r\u00e9 la migration vers le virtuel. Une migration partielle certes, mais force est de constater que la Tunisie est d\u00e9sormais, pour de bon, sur la voie de la digitalisation.<\/p>\n","protected":false},"excerpt":{"rendered":"<p>Dans le cadre de la sensibilisation \u00e0 l\u2019usage des services administratifs digitaux, le minist\u00e8re des Technologies de la communication, en partenariat avec le minist\u00e8re de la Fonction publique, a organis\u00e9, ce mercredi 10 mars 2021, une journ\u00e9e de sensibilisation au profit des m\u00e9dias. Un \u00e9v\u00e8nement auquel a, notamment pris part, l&rsquo;op\u00e9rateur historique de t\u00e9l\u00e9communications, Tunisie&#8230;<\/p>\n","protected":false},"author":6,"featured_media":339415,"comment_status":"open","ping_status":"open","sticky":false,"template":"","format":"standard","meta":{"footnotes":""},"categories":[992,993,998,2433],"tags":[88242,678,930],"class_list":["post-339332","post","type-post","status-publish","format-standard","has-post-thumbnail","hentry","category-a-la-une","category-conso","category-societe","category-tunisie","tag-kaouther-wahada","tag-ooredoo","tag-tunisie-telecom"],"yoast_head":"<!-- This site is optimized with the Yoast SEO plugin v26.6 - https:\/\/yoast.com\/wordpress\/plugins\/seo\/ -->\n<title>Tunisie Telecom : La crise sanitaire a acc\u00e9l\u00e9r\u00e9 la digitalisation des services - Kapitalis<\/title>\n<meta name=\"robots\" content=\"index, follow, max-snippet:-1, max-image-preview:large, max-video-preview:-1\" \/>\n<link rel=\"canonical\" href=\"https:\/\/kapitalis.com\/tunisie\/2021\/03\/10\/tunisie-telecom-la-crise-sanitaire-a-accelere-la-digitalisation-des-services\/\" \/>\n<meta property=\"og:locale\" content=\"fr_FR\" \/>\n<meta property=\"og:type\" content=\"article\" \/>\n<meta property=\"og:title\" content=\"Tunisie Telecom : La crise sanitaire a acc\u00e9l\u00e9r\u00e9 la digitalisation des services - Kapitalis\" \/>\n<meta property=\"og:description\" content=\"Dans le cadre de la sensibilisation \u00e0 l\u2019usage des services administratifs digitaux, le minist\u00e8re des Technologies de la communication, en partenariat avec le minist\u00e8re de la Fonction publique, a organis\u00e9, ce mercredi 10 mars 2021, une journ\u00e9e de sensibilisation au profit des m\u00e9dias. Un \u00e9v\u00e8nement auquel a, notamment pris part, l&rsquo;op\u00e9rateur historique de t\u00e9l\u00e9communications, Tunisie...\" \/>\n<meta property=\"og:url\" content=\"https:\/\/kapitalis.com\/tunisie\/2021\/03\/10\/tunisie-telecom-la-crise-sanitaire-a-accelere-la-digitalisation-des-services\/\" \/>\n<meta property=\"og:site_name\" content=\"Kapitalis\" \/>\n<meta property=\"article:publisher\" content=\"https:\/\/www.facebook.com\/KapitalisInfo\/\" \/>\n<meta property=\"article:published_time\" content=\"2021-03-10T16:10:28+00:00\" \/>\n<meta property=\"article:modified_time\" content=\"2021-03-11T12:19:47+00:00\" \/>\n<meta property=\"og:image\" content=\"https:\/\/kapitalis.com\/tunisie\/wp-content\/uploads\/2022\/05\/kapitalis-logo-fb.png\" \/>\n\t<meta property=\"og:image:width\" content=\"1200\" \/>\n\t<meta property=\"og:image:height\" content=\"630\" \/>\n\t<meta property=\"og:image:type\" content=\"image\/png\" \/>\n<meta name=\"author\" content=\"Yusra NY\" \/>\n<meta name=\"twitter:card\" content=\"summary_large_image\" \/>\n<meta name=\"twitter:creator\" content=\"@KapitalisInfo\" \/>\n<meta name=\"twitter:site\" content=\"@KapitalisInfo\" \/>\n<meta name=\"twitter:label1\" content=\"\u00c9crit par\" \/>\n\t<meta name=\"twitter:data1\" content=\"Yusra NY\" \/>\n\t<meta name=\"twitter:label2\" content=\"Dur\u00e9e de lecture estim\u00e9e\" \/>\n\t<meta name=\"twitter:data2\" content=\"3 minutes\" \/>\n<script type=\"application\/ld+json\" class=\"yoast-schema-graph\">{\"@context\":\"https:\/\/schema.org\",\"@graph\":[{\"@type\":\"Article\",\"@id\":\"https:\/\/kapitalis.com\/tunisie\/2021\/03\/10\/tunisie-telecom-la-crise-sanitaire-a-accelere-la-digitalisation-des-services\/#article\",\"isPartOf\":{\"@id\":\"https:\/\/kapitalis.com\/tunisie\/2021\/03\/10\/tunisie-telecom-la-crise-sanitaire-a-accelere-la-digitalisation-des-services\/\"},\"author\":{\"name\":\"Yusra NY\",\"@id\":\"https:\/\/kapitalis.com\/tunisie\/#\/schema\/person\/74bbde0154d49d790a92aaeac5bc01d5\"},\"headline\":\"Tunisie Telecom : La crise sanitaire a acc\u00e9l\u00e9r\u00e9 la digitalisation des services\",\"datePublished\":\"2021-03-10T16:10:28+00:00\",\"dateModified\":\"2021-03-11T12:19:47+00:00\",\"mainEntityOfPage\":{\"@id\":\"https:\/\/kapitalis.com\/tunisie\/2021\/03\/10\/tunisie-telecom-la-crise-sanitaire-a-accelere-la-digitalisation-des-services\/\"},\"wordCount\":702,\"commentCount\":1,\"publisher\":{\"@id\":\"https:\/\/kapitalis.com\/tunisie\/#organization\"},\"image\":{\"@id\":\"https:\/\/kapitalis.com\/tunisie\/2021\/03\/10\/tunisie-telecom-la-crise-sanitaire-a-accelere-la-digitalisation-des-services\/#primaryimage\"},\"thumbnailUrl\":\"\",\"keywords\":[\"Kaouther Wahada\",\"Ooredoo\",\"Tunisie Telecom\"],\"articleSection\":[\"A LA UNE\",\"CONSO\",\"SOCIETE\",\"Tunisie\"],\"inLanguage\":\"fr-FR\",\"potentialAction\":[{\"@type\":\"CommentAction\",\"name\":\"Comment\",\"target\":[\"https:\/\/kapitalis.com\/tunisie\/2021\/03\/10\/tunisie-telecom-la-crise-sanitaire-a-accelere-la-digitalisation-des-services\/#respond\"]}]},{\"@type\":\"WebPage\",\"@id\":\"https:\/\/kapitalis.com\/tunisie\/2021\/03\/10\/tunisie-telecom-la-crise-sanitaire-a-accelere-la-digitalisation-des-services\/\",\"url\":\"https:\/\/kapitalis.com\/tunisie\/2021\/03\/10\/tunisie-telecom-la-crise-sanitaire-a-accelere-la-digitalisation-des-services\/\",\"name\":\"Tunisie Telecom : La crise sanitaire a acc\u00e9l\u00e9r\u00e9 la digitalisation des services - Kapitalis\",\"isPartOf\":{\"@id\":\"https:\/\/kapitalis.com\/tunisie\/#website\"},\"primaryImageOfPage\":{\"@id\":\"https:\/\/kapitalis.com\/tunisie\/2021\/03\/10\/tunisie-telecom-la-crise-sanitaire-a-accelere-la-digitalisation-des-services\/#primaryimage\"},\"image\":{\"@id\":\"https:\/\/kapitalis.com\/tunisie\/2021\/03\/10\/tunisie-telecom-la-crise-sanitaire-a-accelere-la-digitalisation-des-services\/#primaryimage\"},\"thumbnailUrl\":\"\",\"datePublished\":\"2021-03-10T16:10:28+00:00\",\"dateModified\":\"2021-03-11T12:19:47+00:00\",\"breadcrumb\":{\"@id\":\"https:\/\/kapitalis.com\/tunisie\/2021\/03\/10\/tunisie-telecom-la-crise-sanitaire-a-accelere-la-digitalisation-des-services\/#breadcrumb\"},\"inLanguage\":\"fr-FR\",\"potentialAction\":[{\"@type\":\"ReadAction\",\"target\":[\"https:\/\/kapitalis.com\/tunisie\/2021\/03\/10\/tunisie-telecom-la-crise-sanitaire-a-accelere-la-digitalisation-des-services\/\"]}]},{\"@type\":\"ImageObject\",\"inLanguage\":\"fr-FR\",\"@id\":\"https:\/\/kapitalis.com\/tunisie\/2021\/03\/10\/tunisie-telecom-la-crise-sanitaire-a-accelere-la-digitalisation-des-services\/#primaryimage\",\"url\":\"\",\"contentUrl\":\"\"},{\"@type\":\"BreadcrumbList\",\"@id\":\"https:\/\/kapitalis.com\/tunisie\/2021\/03\/10\/tunisie-telecom-la-crise-sanitaire-a-accelere-la-digitalisation-des-services\/#breadcrumb\",\"itemListElement\":[{\"@type\":\"ListItem\",\"position\":1,\"name\":\"Accueil\",\"item\":\"https:\/\/kapitalis.com\/tunisie\/\"},{\"@type\":\"ListItem\",\"position\":2,\"name\":\"Tunisie Telecom : La crise sanitaire a acc\u00e9l\u00e9r\u00e9 la digitalisation des services\"}]},{\"@type\":\"WebSite\",\"@id\":\"https:\/\/kapitalis.com\/tunisie\/#website\",\"url\":\"https:\/\/kapitalis.com\/tunisie\/\",\"name\":\"Kapitalis\",\"description\":\"L&#039;actualit\u00e9 en Tunisie et dans le monde\",\"publisher\":{\"@id\":\"https:\/\/kapitalis.com\/tunisie\/#organization\"},\"potentialAction\":[{\"@type\":\"SearchAction\",\"target\":{\"@type\":\"EntryPoint\",\"urlTemplate\":\"https:\/\/kapitalis.com\/tunisie\/?s={search_term_string}\"},\"query-input\":{\"@type\":\"PropertyValueSpecification\",\"valueRequired\":true,\"valueName\":\"search_term_string\"}}],\"inLanguage\":\"fr-FR\"},{\"@type\":\"Organization\",\"@id\":\"https:\/\/kapitalis.com\/tunisie\/#organization\",\"name\":\"Kapitalis\",\"url\":\"https:\/\/kapitalis.com\/tunisie\/\",\"logo\":{\"@type\":\"ImageObject\",\"inLanguage\":\"fr-FR\",\"@id\":\"https:\/\/kapitalis.com\/tunisie\/#\/schema\/logo\/image\/\",\"url\":\"https:\/\/kapitalis.com\/tunisie\/wp-content\/uploads\/2022\/05\/Kapitalis-big-size.png\",\"contentUrl\":\"https:\/\/kapitalis.com\/tunisie\/wp-content\/uploads\/2022\/05\/Kapitalis-big-size.png\",\"width\":5000,\"height\":1500,\"caption\":\"Kapitalis\"},\"image\":{\"@id\":\"https:\/\/kapitalis.com\/tunisie\/#\/schema\/logo\/image\/\"},\"sameAs\":[\"https:\/\/www.facebook.com\/KapitalisInfo\/\",\"https:\/\/x.com\/KapitalisInfo\",\"https:\/\/www.youtube.com\/channel\/UC-yDYrHyfFBWWZaOw3FPg9Q\"]},{\"@type\":\"Person\",\"@id\":\"https:\/\/kapitalis.com\/tunisie\/#\/schema\/person\/74bbde0154d49d790a92aaeac5bc01d5\",\"name\":\"Yusra NY\",\"url\":\"https:\/\/kapitalis.com\/tunisie\/author\/yuza_adam\/\"}]}<\/script>\n<!-- \/ Yoast SEO plugin. -->","yoast_head_json":{"title":"Tunisie Telecom : La crise sanitaire a acc\u00e9l\u00e9r\u00e9 la digitalisation des services - Kapitalis","robots":{"index":"index","follow":"follow","max-snippet":"max-snippet:-1","max-image-preview":"max-image-preview:large","max-video-preview":"max-video-preview:-1"},"canonical":"https:\/\/kapitalis.com\/tunisie\/2021\/03\/10\/tunisie-telecom-la-crise-sanitaire-a-accelere-la-digitalisation-des-services\/","og_locale":"fr_FR","og_type":"article","og_title":"Tunisie Telecom : La crise sanitaire a acc\u00e9l\u00e9r\u00e9 la digitalisation des services - Kapitalis","og_description":"Dans le cadre de la sensibilisation \u00e0 l\u2019usage des services administratifs digitaux, le minist\u00e8re des Technologies de la communication, en partenariat avec le minist\u00e8re de la Fonction publique, a organis\u00e9, ce mercredi 10 mars 2021, une journ\u00e9e de sensibilisation au profit des m\u00e9dias. Un \u00e9v\u00e8nement auquel a, notamment pris part, l&rsquo;op\u00e9rateur historique de t\u00e9l\u00e9communications, Tunisie...","og_url":"https:\/\/kapitalis.com\/tunisie\/2021\/03\/10\/tunisie-telecom-la-crise-sanitaire-a-accelere-la-digitalisation-des-services\/","og_site_name":"Kapitalis","article_publisher":"https:\/\/www.facebook.com\/KapitalisInfo\/","article_published_time":"2021-03-10T16:10:28+00:00","article_modified_time":"2021-03-11T12:19:47+00:00","og_image":[{"width":1200,"height":630,"url":"https:\/\/kapitalis.com\/tunisie\/wp-content\/uploads\/2022\/05\/kapitalis-logo-fb.png","type":"image\/png"}],"author":"Yusra NY","twitter_card":"summary_large_image","twitter_creator":"@KapitalisInfo","twitter_site":"@KapitalisInfo","twitter_misc":{"\u00c9crit par":"Yusra NY","Dur\u00e9e de lecture estim\u00e9e":"3 minutes"},"schema":{"@context":"https:\/\/schema.org","@graph":[{"@type":"Article","@id":"https:\/\/kapitalis.com\/tunisie\/2021\/03\/10\/tunisie-telecom-la-crise-sanitaire-a-accelere-la-digitalisation-des-services\/#article","isPartOf":{"@id":"https:\/\/kapitalis.com\/tunisie\/2021\/03\/10\/tunisie-telecom-la-crise-sanitaire-a-accelere-la-digitalisation-des-services\/"},"author":{"name":"Yusra NY","@id":"https:\/\/kapitalis.com\/tunisie\/#\/schema\/person\/74bbde0154d49d790a92aaeac5bc01d5"},"headline":"Tunisie Telecom : La crise sanitaire a acc\u00e9l\u00e9r\u00e9 la digitalisation des services","datePublished":"2021-03-10T16:10:28+00:00","dateModified":"2021-03-11T12:19:47+00:00","mainEntityOfPage":{"@id":"https:\/\/kapitalis.com\/tunisie\/2021\/03\/10\/tunisie-telecom-la-crise-sanitaire-a-accelere-la-digitalisation-des-services\/"},"wordCount":702,"commentCount":1,"publisher":{"@id":"https:\/\/kapitalis.com\/tunisie\/#organization"},"image":{"@id":"https:\/\/kapitalis.com\/tunisie\/2021\/03\/10\/tunisie-telecom-la-crise-sanitaire-a-accelere-la-digitalisation-des-services\/#primaryimage"},"thumbnailUrl":"","keywords":["Kaouther Wahada","Ooredoo","Tunisie Telecom"],"articleSection":["A LA UNE","CONSO","SOCIETE","Tunisie"],"inLanguage":"fr-FR","potentialAction":[{"@type":"CommentAction","name":"Comment","target":["https:\/\/kapitalis.com\/tunisie\/2021\/03\/10\/tunisie-telecom-la-crise-sanitaire-a-accelere-la-digitalisation-des-services\/#respond"]}]},{"@type":"WebPage","@id":"https:\/\/kapitalis.com\/tunisie\/2021\/03\/10\/tunisie-telecom-la-crise-sanitaire-a-accelere-la-digitalisation-des-services\/","url":"https:\/\/kapitalis.com\/tunisie\/2021\/03\/10\/tunisie-telecom-la-crise-sanitaire-a-accelere-la-digitalisation-des-services\/","name":"Tunisie Telecom : La crise sanitaire a acc\u00e9l\u00e9r\u00e9 la digitalisation des services - Kapitalis","isPartOf":{"@id":"https:\/\/kapitalis.com\/tunisie\/#website"},"primaryImageOfPage":{"@id":"https:\/\/kapitalis.com\/tunisie\/2021\/03\/10\/tunisie-telecom-la-crise-sanitaire-a-accelere-la-digitalisation-des-services\/#primaryimage"},"image":{"@id":"https:\/\/kapitalis.com\/tunisie\/2021\/03\/10\/tunisie-telecom-la-crise-sanitaire-a-accelere-la-digitalisation-des-services\/#primaryimage"},"thumbnailUrl":"","datePublished":"2021-03-10T16:10:28+00:00","dateModified":"2021-03-11T12:19:47+00:00","breadcrumb":{"@id":"https:\/\/kapitalis.com\/tunisie\/2021\/03\/10\/tunisie-telecom-la-crise-sanitaire-a-accelere-la-digitalisation-des-services\/#breadcrumb"},"inLanguage":"fr-FR","potentialAction":[{"@type":"ReadAction","target":["https:\/\/kapitalis.com\/tunisie\/2021\/03\/10\/tunisie-telecom-la-crise-sanitaire-a-accelere-la-digitalisation-des-services\/"]}]},{"@type":"ImageObject","inLanguage":"fr-FR","@id":"https:\/\/kapitalis.com\/tunisie\/2021\/03\/10\/tunisie-telecom-la-crise-sanitaire-a-accelere-la-digitalisation-des-services\/#primaryimage","url":"","contentUrl":""},{"@type":"BreadcrumbList","@id":"https:\/\/kapitalis.com\/tunisie\/2021\/03\/10\/tunisie-telecom-la-crise-sanitaire-a-accelere-la-digitalisation-des-services\/#breadcrumb","itemListElement":[{"@type":"ListItem","position":1,"name":"Accueil","item":"https:\/\/kapitalis.com\/tunisie\/"},{"@type":"ListItem","position":2,"name":"Tunisie Telecom : La crise sanitaire a acc\u00e9l\u00e9r\u00e9 la digitalisation des services"}]},{"@type":"WebSite","@id":"https:\/\/kapitalis.com\/tunisie\/#website","url":"https:\/\/kapitalis.com\/tunisie\/","name":"Kapitalis","description":"L&#039;actualit\u00e9 en Tunisie et dans le monde","publisher":{"@id":"https:\/\/kapitalis.com\/tunisie\/#organization"},"potentialAction":[{"@type":"SearchAction","target":{"@type":"EntryPoint","urlTemplate":"https:\/\/kapitalis.com\/tunisie\/?s={search_term_string}"},"query-input":{"@type":"PropertyValueSpecification","valueRequired":true,"valueName":"search_term_string"}}],"inLanguage":"fr-FR"},{"@type":"Organization","@id":"https:\/\/kapitalis.com\/tunisie\/#organization","name":"Kapitalis","url":"https:\/\/kapitalis.com\/tunisie\/","logo":{"@type":"ImageObject","inLanguage":"fr-FR","@id":"https:\/\/kapitalis.com\/tunisie\/#\/schema\/logo\/image\/","url":"https:\/\/kapitalis.com\/tunisie\/wp-content\/uploads\/2022\/05\/Kapitalis-big-size.png","contentUrl":"https:\/\/kapitalis.com\/tunisie\/wp-content\/uploads\/2022\/05\/Kapitalis-big-size.png","width":5000,"height":1500,"caption":"Kapitalis"},"image":{"@id":"https:\/\/kapitalis.com\/tunisie\/#\/schema\/logo\/image\/"},"sameAs":["https:\/\/www.facebook.com\/KapitalisInfo\/","https:\/\/x.com\/KapitalisInfo","https:\/\/www.youtube.com\/channel\/UC-yDYrHyfFBWWZaOw3FPg9Q"]},{"@type":"Person","@id":"https:\/\/kapitalis.com\/tunisie\/#\/schema\/person\/74bbde0154d49d790a92aaeac5bc01d5","name":"Yusra NY","url":"https:\/\/kapitalis.com\/tunisie\/author\/yuza_adam\/"}]}},"_links":{"self":[{"href":"https:\/\/kapitalis.com\/tunisie\/wp-json\/wp\/v2\/posts\/339332","targetHints":{"allow":["GET"]}}],"collection":[{"href":"https:\/\/kapitalis.com\/tunisie\/wp-json\/wp\/v2\/posts"}],"about":[{"href":"https:\/\/kapitalis.com\/tunisie\/wp-json\/wp\/v2\/types\/post"}],"author":[{"embeddable":true,"href":"https:\/\/kapitalis.com\/tunisie\/wp-json\/wp\/v2\/users\/6"}],"replies":[{"embeddable":true,"href":"https:\/\/kapitalis.com\/tunisie\/wp-json\/wp\/v2\/comments?post=339332"}],"version-history":[{"count":0,"href":"https:\/\/kapitalis.com\/tunisie\/wp-json\/wp\/v2\/posts\/339332\/revisions"}],"wp:featuredmedia":[{"embeddable":true,"href":"https:\/\/kapitalis.com\/tunisie\/wp-json\/wp\/v2\/media\/339415"}],"wp:attachment":[{"href":"https:\/\/kapitalis.com\/tunisie\/wp-json\/wp\/v2\/media?parent=339332"}],"wp:term":[{"taxonomy":"category","embeddable":true,"href":"https:\/\/kapitalis.com\/tunisie\/wp-json\/wp\/v2\/categories?post=339332"},{"taxonomy":"post_tag","embeddable":true,"href":"https:\/\/kapitalis.com\/tunisie\/wp-json\/wp\/v2\/tags?post=339332"}],"curies":[{"name":"wp","href":"https:\/\/api.w.org\/{rel}","templated":true}]}}