{"id":339489,"date":"2021-03-11T13:03:59","date_gmt":"2021-03-11T12:03:59","guid":{"rendered":"http:\/\/kapitalis.com\/tunisie\/?p=339489"},"modified":"2021-03-11T13:04:02","modified_gmt":"2021-03-11T12:04:02","slug":"mettre-fin-a-la-violence-a-legard-des-femmes-au-niveau-municipal","status":"publish","type":"post","link":"https:\/\/kapitalis.com\/tunisie\/2021\/03\/11\/mettre-fin-a-la-violence-a-legard-des-femmes-au-niveau-municipal\/","title":{"rendered":"Mettre fin \u00e0 la violence \u00e0 l\u2019\u00e9gard des femmes au niveau municipal"},"content":{"rendered":"\n<figure class=\"wp-block-image size-large\"><img decoding=\"async\" src=\"http:\/\/kapitalis.com\/tunisie\/wp-content\/uploads\/2021\/03\/Seminaire-Femme-et-pouvoir-municipal.jpg\" alt=\"\" class=\"wp-image-339490\"\/><\/figure>\n\n\n\n<p><strong><em>Imen Zahouani Houimel, ministre de la Femme, de la Famille et des Personnes \u00e2g\u00e9es, ainsi que Kamel El Doukh, ministre par int\u00e9rim des Affaires locales et de l\u2019Environnement, ont assist\u00e9, mercredi 10 mars 2021 \u00e0 l&rsquo;h\u00f4tel Le Paris, aux Berges du Lac de Tunis, \u00e0 un forum de promotion pour la pr\u00e9sence des femmes aux postes d\u00e9cisionnels sous le titre : \u00abLe leadership des femmes pour un futur \u00e9galitaire dans le monde du Covid-19\u00bb.<\/em><\/strong><\/p>\n\n\n\n<!--more-->\n\n\n\n<p>Ont \u00e9t\u00e9 pr\u00e9sents \u00e0 cet \u00e9v\u00e9nement, organis\u00e9 \u00e0 l\u2019occasion de la Journ\u00e9e internationale de la femme, en partenariat avec le Centre international de d\u00e9veloppement pour la gouvernance locale, la F\u00e9d\u00e9ration canadienne des municipalit\u00e9s et l\u2019Agence de coop\u00e9ration internationale de l\u2019Association municipale n\u00e9erlandaise, des cadres des deux minist\u00e8res, des repr\u00e9sentants des municipalit\u00e9s, et de la soci\u00e9t\u00e9 civile, et des experts, des personnalit\u00e9s diplomatiques et des organisations partenaires.<\/p>\n\n\n\n<p>L&rsquo;\u00e9v\u00e9nement vise essentiellement \u00e0 rendre hommage au leadership f\u00e9minin, au niveau local et \u00e0 l\u2019incarnation d\u2019une \u00e9galit\u00e9 r\u00e9elle et effective entre les sexes, et ce, conform\u00e9ment aux exigences constitutionnelles relatives \u00e0 l\u2019inscription du principe des droits et des libert\u00e9s, \u00e0 l\u2019offre des opportunit\u00e9s entre femmes et hommes, et \u00e0 ce qui est inscrit dans le Code des communaut\u00e9s locales concernant l\u2019adoption d\u2019une approche de genre dans la conception des politiques, programmes et projets municipaux.<\/p>\n\n\n\n<p>La recrudescence de la violence politique \u00e0 l\u2019\u00e9gard des femmes, en particulier au niveau municipal, a \u00e9t\u00e9 \u00e9galement d\u00e9nonc\u00e9e pour \u00e9liminer toutes les formes de discrimination entre les femmes et les hommes et pour parvenir \u00e0 l\u2019\u00e9galit\u00e9 des droits et des devoirs entre eux.<\/p>\n\n\n\n<p>La r\u00e9union a \u00e9galement \u00e9t\u00e9 l\u2019occasion pour les dirigeantes des conseils municipaux de relever les plus importants d\u00e9fis lors de la pand\u00e9mie de la Covid-19 et des solutions utilis\u00e9es pour sortir de cette crise face au manque de ressources financi\u00e8res et humaines des municipalit\u00e9s.<\/p>\n","protected":false},"excerpt":{"rendered":"<p>Imen Zahouani Houimel, ministre de la Femme, de la Famille et des Personnes \u00e2g\u00e9es, ainsi que Kamel El Doukh, ministre par int\u00e9rim des Affaires locales et de l\u2019Environnement, ont assist\u00e9, mercredi 10 mars 2021 \u00e0 l&rsquo;h\u00f4tel Le Paris, aux Berges du Lac de Tunis, \u00e0 un forum de promotion pour la pr\u00e9sence des femmes aux&#8230;<\/p>\n","protected":false},"author":8,"featured_media":339490,"comment_status":"open","ping_status":"open","sticky":false,"template":"","format":"standard","meta":{"footnotes":""},"categories":[997,998,2433],"tags":[88249,28452,88250,78802],"class_list":["post-339489","post","type-post","status-publish","format-standard","has-post-thumbnail","hentry","category-politique","category-societe","category-tunisie","tag-imen-zahouani-houimel","tag-journee-internationale-de-la-femme","tag-kamel-el-doukh","tag-violence-a-legard-des-femmes"],"yoast_head":"<!-- This site is optimized with the Yoast SEO plugin v26.6 - https:\/\/yoast.com\/wordpress\/plugins\/seo\/ -->\n<title>Mettre fin \u00e0 la violence \u00e0 l\u2019\u00e9gard des femmes au niveau municipal - Kapitalis<\/title>\n<meta name=\"robots\" content=\"index, follow, max-snippet:-1, max-image-preview:large, max-video-preview:-1\" \/>\n<link rel=\"canonical\" href=\"https:\/\/kapitalis.com\/tunisie\/2021\/03\/11\/mettre-fin-a-la-violence-a-legard-des-femmes-au-niveau-municipal\/\" \/>\n<meta property=\"og:locale\" content=\"fr_FR\" \/>\n<meta property=\"og:type\" content=\"article\" \/>\n<meta property=\"og:title\" content=\"Mettre fin \u00e0 la violence \u00e0 l\u2019\u00e9gard des femmes au niveau municipal - Kapitalis\" \/>\n<meta property=\"og:description\" content=\"Imen Zahouani Houimel, ministre de la Femme, de la Famille et des Personnes \u00e2g\u00e9es, ainsi que Kamel El Doukh, ministre par int\u00e9rim des Affaires locales et de l\u2019Environnement, ont assist\u00e9, mercredi 10 mars 2021 \u00e0 l&rsquo;h\u00f4tel Le Paris, aux Berges du Lac de Tunis, \u00e0 un forum de promotion pour la pr\u00e9sence des femmes aux...\" \/>\n<meta property=\"og:url\" content=\"https:\/\/kapitalis.com\/tunisie\/2021\/03\/11\/mettre-fin-a-la-violence-a-legard-des-femmes-au-niveau-municipal\/\" \/>\n<meta property=\"og:site_name\" content=\"Kapitalis\" \/>\n<meta property=\"article:publisher\" content=\"https:\/\/www.facebook.com\/KapitalisInfo\/\" \/>\n<meta property=\"article:published_time\" content=\"2021-03-11T12:03:59+00:00\" \/>\n<meta property=\"article:modified_time\" content=\"2021-03-11T12:04:02+00:00\" \/>\n<meta property=\"og:image\" content=\"https:\/\/kapitalis.com\/tunisie\/wp-content\/uploads\/2022\/05\/kapitalis-logo-fb.png\" \/>\n\t<meta property=\"og:image:width\" content=\"1200\" \/>\n\t<meta property=\"og:image:height\" content=\"630\" \/>\n\t<meta property=\"og:image:type\" content=\"image\/png\" \/>\n<meta name=\"author\" content=\"webmaster kapitalis\" \/>\n<meta name=\"twitter:card\" content=\"summary_large_image\" \/>\n<meta name=\"twitter:creator\" content=\"@KapitalisInfo\" \/>\n<meta name=\"twitter:site\" content=\"@KapitalisInfo\" \/>\n<meta name=\"twitter:label1\" content=\"\u00c9crit par\" \/>\n\t<meta name=\"twitter:data1\" content=\"webmaster kapitalis\" \/>\n\t<meta name=\"twitter:label2\" content=\"Dur\u00e9e de lecture estim\u00e9e\" \/>\n\t<meta name=\"twitter:data2\" content=\"2 minutes\" \/>\n<script type=\"application\/ld+json\" class=\"yoast-schema-graph\">{\"@context\":\"https:\/\/schema.org\",\"@graph\":[{\"@type\":\"Article\",\"@id\":\"https:\/\/kapitalis.com\/tunisie\/2021\/03\/11\/mettre-fin-a-la-violence-a-legard-des-femmes-au-niveau-municipal\/#article\",\"isPartOf\":{\"@id\":\"https:\/\/kapitalis.com\/tunisie\/2021\/03\/11\/mettre-fin-a-la-violence-a-legard-des-femmes-au-niveau-municipal\/\"},\"author\":{\"name\":\"webmaster kapitalis\",\"@id\":\"https:\/\/kapitalis.com\/tunisie\/#\/schema\/person\/d71f33a9ca44f7bad4698210b480c8e9\"},\"headline\":\"Mettre fin \u00e0 la violence \u00e0 l\u2019\u00e9gard des femmes au niveau municipal\",\"datePublished\":\"2021-03-11T12:03:59+00:00\",\"dateModified\":\"2021-03-11T12:04:02+00:00\",\"mainEntityOfPage\":{\"@id\":\"https:\/\/kapitalis.com\/tunisie\/2021\/03\/11\/mettre-fin-a-la-violence-a-legard-des-femmes-au-niveau-municipal\/\"},\"wordCount\":347,\"commentCount\":0,\"publisher\":{\"@id\":\"https:\/\/kapitalis.com\/tunisie\/#organization\"},\"image\":{\"@id\":\"https:\/\/kapitalis.com\/tunisie\/2021\/03\/11\/mettre-fin-a-la-violence-a-legard-des-femmes-au-niveau-municipal\/#primaryimage\"},\"thumbnailUrl\":\"\",\"keywords\":[\"Imen Zahouani Houimel\",\"Journ\u00e9e Internationale de la Femme\",\"Kamel El Doukh\",\"violence \u00e0 l\u2019\u00e9gard des femmes\"],\"articleSection\":[\"POLITIQUE\",\"SOCIETE\",\"Tunisie\"],\"inLanguage\":\"fr-FR\",\"potentialAction\":[{\"@type\":\"CommentAction\",\"name\":\"Comment\",\"target\":[\"https:\/\/kapitalis.com\/tunisie\/2021\/03\/11\/mettre-fin-a-la-violence-a-legard-des-femmes-au-niveau-municipal\/#respond\"]}]},{\"@type\":\"WebPage\",\"@id\":\"https:\/\/kapitalis.com\/tunisie\/2021\/03\/11\/mettre-fin-a-la-violence-a-legard-des-femmes-au-niveau-municipal\/\",\"url\":\"https:\/\/kapitalis.com\/tunisie\/2021\/03\/11\/mettre-fin-a-la-violence-a-legard-des-femmes-au-niveau-municipal\/\",\"name\":\"Mettre fin \u00e0 la violence \u00e0 l\u2019\u00e9gard des femmes au niveau municipal - Kapitalis\",\"isPartOf\":{\"@id\":\"https:\/\/kapitalis.com\/tunisie\/#website\"},\"primaryImageOfPage\":{\"@id\":\"https:\/\/kapitalis.com\/tunisie\/2021\/03\/11\/mettre-fin-a-la-violence-a-legard-des-femmes-au-niveau-municipal\/#primaryimage\"},\"image\":{\"@id\":\"https:\/\/kapitalis.com\/tunisie\/2021\/03\/11\/mettre-fin-a-la-violence-a-legard-des-femmes-au-niveau-municipal\/#primaryimage\"},\"thumbnailUrl\":\"\",\"datePublished\":\"2021-03-11T12:03:59+00:00\",\"dateModified\":\"2021-03-11T12:04:02+00:00\",\"breadcrumb\":{\"@id\":\"https:\/\/kapitalis.com\/tunisie\/2021\/03\/11\/mettre-fin-a-la-violence-a-legard-des-femmes-au-niveau-municipal\/#breadcrumb\"},\"inLanguage\":\"fr-FR\",\"potentialAction\":[{\"@type\":\"ReadAction\",\"target\":[\"https:\/\/kapitalis.com\/tunisie\/2021\/03\/11\/mettre-fin-a-la-violence-a-legard-des-femmes-au-niveau-municipal\/\"]}]},{\"@type\":\"ImageObject\",\"inLanguage\":\"fr-FR\",\"@id\":\"https:\/\/kapitalis.com\/tunisie\/2021\/03\/11\/mettre-fin-a-la-violence-a-legard-des-femmes-au-niveau-municipal\/#primaryimage\",\"url\":\"\",\"contentUrl\":\"\"},{\"@type\":\"BreadcrumbList\",\"@id\":\"https:\/\/kapitalis.com\/tunisie\/2021\/03\/11\/mettre-fin-a-la-violence-a-legard-des-femmes-au-niveau-municipal\/#breadcrumb\",\"itemListElement\":[{\"@type\":\"ListItem\",\"position\":1,\"name\":\"Accueil\",\"item\":\"https:\/\/kapitalis.com\/tunisie\/\"},{\"@type\":\"ListItem\",\"position\":2,\"name\":\"Mettre fin \u00e0 la violence \u00e0 l\u2019\u00e9gard des femmes au niveau municipal\"}]},{\"@type\":\"WebSite\",\"@id\":\"https:\/\/kapitalis.com\/tunisie\/#website\",\"url\":\"https:\/\/kapitalis.com\/tunisie\/\",\"name\":\"Kapitalis\",\"description\":\"L&#039;actualit\u00e9 en Tunisie et dans le monde\",\"publisher\":{\"@id\":\"https:\/\/kapitalis.com\/tunisie\/#organization\"},\"potentialAction\":[{\"@type\":\"SearchAction\",\"target\":{\"@type\":\"EntryPoint\",\"urlTemplate\":\"https:\/\/kapitalis.com\/tunisie\/?s={search_term_string}\"},\"query-input\":{\"@type\":\"PropertyValueSpecification\",\"valueRequired\":true,\"valueName\":\"search_term_string\"}}],\"inLanguage\":\"fr-FR\"},{\"@type\":\"Organization\",\"@id\":\"https:\/\/kapitalis.com\/tunisie\/#organization\",\"name\":\"Kapitalis\",\"url\":\"https:\/\/kapitalis.com\/tunisie\/\",\"logo\":{\"@type\":\"ImageObject\",\"inLanguage\":\"fr-FR\",\"@id\":\"https:\/\/kapitalis.com\/tunisie\/#\/schema\/logo\/image\/\",\"url\":\"https:\/\/kapitalis.com\/tunisie\/wp-content\/uploads\/2022\/05\/Kapitalis-big-size.png\",\"contentUrl\":\"https:\/\/kapitalis.com\/tunisie\/wp-content\/uploads\/2022\/05\/Kapitalis-big-size.png\",\"width\":5000,\"height\":1500,\"caption\":\"Kapitalis\"},\"image\":{\"@id\":\"https:\/\/kapitalis.com\/tunisie\/#\/schema\/logo\/image\/\"},\"sameAs\":[\"https:\/\/www.facebook.com\/KapitalisInfo\/\",\"https:\/\/x.com\/KapitalisInfo\",\"https:\/\/www.youtube.com\/channel\/UC-yDYrHyfFBWWZaOw3FPg9Q\"]},{\"@type\":\"Person\",\"@id\":\"https:\/\/kapitalis.com\/tunisie\/#\/schema\/person\/d71f33a9ca44f7bad4698210b480c8e9\",\"name\":\"webmaster kapitalis\",\"url\":\"https:\/\/kapitalis.com\/tunisie\/author\/webmaster-kapitalis\/\"}]}<\/script>\n<!-- \/ Yoast SEO plugin. -->","yoast_head_json":{"title":"Mettre fin \u00e0 la violence \u00e0 l\u2019\u00e9gard des femmes au niveau municipal - Kapitalis","robots":{"index":"index","follow":"follow","max-snippet":"max-snippet:-1","max-image-preview":"max-image-preview:large","max-video-preview":"max-video-preview:-1"},"canonical":"https:\/\/kapitalis.com\/tunisie\/2021\/03\/11\/mettre-fin-a-la-violence-a-legard-des-femmes-au-niveau-municipal\/","og_locale":"fr_FR","og_type":"article","og_title":"Mettre fin \u00e0 la violence \u00e0 l\u2019\u00e9gard des femmes au niveau municipal - Kapitalis","og_description":"Imen Zahouani Houimel, ministre de la Femme, de la Famille et des Personnes \u00e2g\u00e9es, ainsi que Kamel El Doukh, ministre par int\u00e9rim des Affaires locales et de l\u2019Environnement, ont assist\u00e9, mercredi 10 mars 2021 \u00e0 l&rsquo;h\u00f4tel Le Paris, aux Berges du Lac de Tunis, \u00e0 un forum de promotion pour la pr\u00e9sence des femmes aux...","og_url":"https:\/\/kapitalis.com\/tunisie\/2021\/03\/11\/mettre-fin-a-la-violence-a-legard-des-femmes-au-niveau-municipal\/","og_site_name":"Kapitalis","article_publisher":"https:\/\/www.facebook.com\/KapitalisInfo\/","article_published_time":"2021-03-11T12:03:59+00:00","article_modified_time":"2021-03-11T12:04:02+00:00","og_image":[{"width":1200,"height":630,"url":"https:\/\/kapitalis.com\/tunisie\/wp-content\/uploads\/2022\/05\/kapitalis-logo-fb.png","type":"image\/png"}],"author":"webmaster kapitalis","twitter_card":"summary_large_image","twitter_creator":"@KapitalisInfo","twitter_site":"@KapitalisInfo","twitter_misc":{"\u00c9crit par":"webmaster kapitalis","Dur\u00e9e de lecture estim\u00e9e":"2 minutes"},"schema":{"@context":"https:\/\/schema.org","@graph":[{"@type":"Article","@id":"https:\/\/kapitalis.com\/tunisie\/2021\/03\/11\/mettre-fin-a-la-violence-a-legard-des-femmes-au-niveau-municipal\/#article","isPartOf":{"@id":"https:\/\/kapitalis.com\/tunisie\/2021\/03\/11\/mettre-fin-a-la-violence-a-legard-des-femmes-au-niveau-municipal\/"},"author":{"name":"webmaster kapitalis","@id":"https:\/\/kapitalis.com\/tunisie\/#\/schema\/person\/d71f33a9ca44f7bad4698210b480c8e9"},"headline":"Mettre fin \u00e0 la violence \u00e0 l\u2019\u00e9gard des femmes au niveau municipal","datePublished":"2021-03-11T12:03:59+00:00","dateModified":"2021-03-11T12:04:02+00:00","mainEntityOfPage":{"@id":"https:\/\/kapitalis.com\/tunisie\/2021\/03\/11\/mettre-fin-a-la-violence-a-legard-des-femmes-au-niveau-municipal\/"},"wordCount":347,"commentCount":0,"publisher":{"@id":"https:\/\/kapitalis.com\/tunisie\/#organization"},"image":{"@id":"https:\/\/kapitalis.com\/tunisie\/2021\/03\/11\/mettre-fin-a-la-violence-a-legard-des-femmes-au-niveau-municipal\/#primaryimage"},"thumbnailUrl":"","keywords":["Imen Zahouani Houimel","Journ\u00e9e Internationale de la Femme","Kamel El Doukh","violence \u00e0 l\u2019\u00e9gard des femmes"],"articleSection":["POLITIQUE","SOCIETE","Tunisie"],"inLanguage":"fr-FR","potentialAction":[{"@type":"CommentAction","name":"Comment","target":["https:\/\/kapitalis.com\/tunisie\/2021\/03\/11\/mettre-fin-a-la-violence-a-legard-des-femmes-au-niveau-municipal\/#respond"]}]},{"@type":"WebPage","@id":"https:\/\/kapitalis.com\/tunisie\/2021\/03\/11\/mettre-fin-a-la-violence-a-legard-des-femmes-au-niveau-municipal\/","url":"https:\/\/kapitalis.com\/tunisie\/2021\/03\/11\/mettre-fin-a-la-violence-a-legard-des-femmes-au-niveau-municipal\/","name":"Mettre fin \u00e0 la violence \u00e0 l\u2019\u00e9gard des femmes au niveau municipal - Kapitalis","isPartOf":{"@id":"https:\/\/kapitalis.com\/tunisie\/#website"},"primaryImageOfPage":{"@id":"https:\/\/kapitalis.com\/tunisie\/2021\/03\/11\/mettre-fin-a-la-violence-a-legard-des-femmes-au-niveau-municipal\/#primaryimage"},"image":{"@id":"https:\/\/kapitalis.com\/tunisie\/2021\/03\/11\/mettre-fin-a-la-violence-a-legard-des-femmes-au-niveau-municipal\/#primaryimage"},"thumbnailUrl":"","datePublished":"2021-03-11T12:03:59+00:00","dateModified":"2021-03-11T12:04:02+00:00","breadcrumb":{"@id":"https:\/\/kapitalis.com\/tunisie\/2021\/03\/11\/mettre-fin-a-la-violence-a-legard-des-femmes-au-niveau-municipal\/#breadcrumb"},"inLanguage":"fr-FR","potentialAction":[{"@type":"ReadAction","target":["https:\/\/kapitalis.com\/tunisie\/2021\/03\/11\/mettre-fin-a-la-violence-a-legard-des-femmes-au-niveau-municipal\/"]}]},{"@type":"ImageObject","inLanguage":"fr-FR","@id":"https:\/\/kapitalis.com\/tunisie\/2021\/03\/11\/mettre-fin-a-la-violence-a-legard-des-femmes-au-niveau-municipal\/#primaryimage","url":"","contentUrl":""},{"@type":"BreadcrumbList","@id":"https:\/\/kapitalis.com\/tunisie\/2021\/03\/11\/mettre-fin-a-la-violence-a-legard-des-femmes-au-niveau-municipal\/#breadcrumb","itemListElement":[{"@type":"ListItem","position":1,"name":"Accueil","item":"https:\/\/kapitalis.com\/tunisie\/"},{"@type":"ListItem","position":2,"name":"Mettre fin \u00e0 la violence \u00e0 l\u2019\u00e9gard des femmes au niveau municipal"}]},{"@type":"WebSite","@id":"https:\/\/kapitalis.com\/tunisie\/#website","url":"https:\/\/kapitalis.com\/tunisie\/","name":"Kapitalis","description":"L&#039;actualit\u00e9 en Tunisie et dans le monde","publisher":{"@id":"https:\/\/kapitalis.com\/tunisie\/#organization"},"potentialAction":[{"@type":"SearchAction","target":{"@type":"EntryPoint","urlTemplate":"https:\/\/kapitalis.com\/tunisie\/?s={search_term_string}"},"query-input":{"@type":"PropertyValueSpecification","valueRequired":true,"valueName":"search_term_string"}}],"inLanguage":"fr-FR"},{"@type":"Organization","@id":"https:\/\/kapitalis.com\/tunisie\/#organization","name":"Kapitalis","url":"https:\/\/kapitalis.com\/tunisie\/","logo":{"@type":"ImageObject","inLanguage":"fr-FR","@id":"https:\/\/kapitalis.com\/tunisie\/#\/schema\/logo\/image\/","url":"https:\/\/kapitalis.com\/tunisie\/wp-content\/uploads\/2022\/05\/Kapitalis-big-size.png","contentUrl":"https:\/\/kapitalis.com\/tunisie\/wp-content\/uploads\/2022\/05\/Kapitalis-big-size.png","width":5000,"height":1500,"caption":"Kapitalis"},"image":{"@id":"https:\/\/kapitalis.com\/tunisie\/#\/schema\/logo\/image\/"},"sameAs":["https:\/\/www.facebook.com\/KapitalisInfo\/","https:\/\/x.com\/KapitalisInfo","https:\/\/www.youtube.com\/channel\/UC-yDYrHyfFBWWZaOw3FPg9Q"]},{"@type":"Person","@id":"https:\/\/kapitalis.com\/tunisie\/#\/schema\/person\/d71f33a9ca44f7bad4698210b480c8e9","name":"webmaster kapitalis","url":"https:\/\/kapitalis.com\/tunisie\/author\/webmaster-kapitalis\/"}]}},"_links":{"self":[{"href":"https:\/\/kapitalis.com\/tunisie\/wp-json\/wp\/v2\/posts\/339489","targetHints":{"allow":["GET"]}}],"collection":[{"href":"https:\/\/kapitalis.com\/tunisie\/wp-json\/wp\/v2\/posts"}],"about":[{"href":"https:\/\/kapitalis.com\/tunisie\/wp-json\/wp\/v2\/types\/post"}],"author":[{"embeddable":true,"href":"https:\/\/kapitalis.com\/tunisie\/wp-json\/wp\/v2\/users\/8"}],"replies":[{"embeddable":true,"href":"https:\/\/kapitalis.com\/tunisie\/wp-json\/wp\/v2\/comments?post=339489"}],"version-history":[{"count":0,"href":"https:\/\/kapitalis.com\/tunisie\/wp-json\/wp\/v2\/posts\/339489\/revisions"}],"wp:featuredmedia":[{"embeddable":true,"href":"https:\/\/kapitalis.com\/tunisie\/wp-json\/wp\/v2\/media\/339490"}],"wp:attachment":[{"href":"https:\/\/kapitalis.com\/tunisie\/wp-json\/wp\/v2\/media?parent=339489"}],"wp:term":[{"taxonomy":"category","embeddable":true,"href":"https:\/\/kapitalis.com\/tunisie\/wp-json\/wp\/v2\/categories?post=339489"},{"taxonomy":"post_tag","embeddable":true,"href":"https:\/\/kapitalis.com\/tunisie\/wp-json\/wp\/v2\/tags?post=339489"}],"curies":[{"name":"wp","href":"https:\/\/api.w.org\/{rel}","templated":true}]}}