{"id":33951,"date":"2016-01-09T10:02:16","date_gmt":"2016-01-09T09:02:16","guid":{"rendered":"http:\/\/kapitalis.com\/tunisie\/?p=33951"},"modified":"2016-01-09T10:02:16","modified_gmt":"2016-01-09T09:02:16","slug":"lugtt-avertit-contre-toute-tentative-dassujettir-les-medias-publics","status":"publish","type":"post","link":"https:\/\/kapitalis.com\/tunisie\/2016\/01\/09\/lugtt-avertit-contre-toute-tentative-dassujettir-les-medias-publics\/","title":{"rendered":"L\u2019UGTT avertit contre toute tentative d\u2019assujettir les m\u00e9dias publics"},"content":{"rendered":"<p style=\"text-align: center;\"><img loading=\"lazy\" decoding=\"async\" class=\"alignnone size-full wp-image-33952\" src=\"http:\/\/kapitalis.com\/tunisie\/wp-content\/uploads\/2016\/01\/Habib-Essid-Tap.jpg\" alt=\"Habib-Essid-Tap\" width=\"626\" height=\"380\" \/><\/p>\n<p style=\"text-align: center;\"><em>Habib Essid visite l&rsquo;exposition de la Tap.<\/em><\/p>\n<p style=\"text-align: left;\"><strong><em>Les derni\u00e8res d\u00e9clarations du chef du gouvernement Habib Essid sur les m\u00e9dias publics \u00abportent atteinte \u00e0 l&rsquo;ind\u00e9pendance du secteur\u00bb.<\/em><\/strong><\/p>\n<p style=\"text-align: left;\"><!--more--><\/p>\n<p style=\"text-align: left;\">C\u2019est ce qu\u2019a indiqu\u00e9 le syndicat g\u00e9n\u00e9ral de l&rsquo;information relevant de l&rsquo;UGTT, dans une d\u00e9claration publi\u00e9e vendredi 8 janvier 2016, en r\u00e9action aux d\u00e9clarations de M. Essid, le 6 janvier 2016, \u00e0 l&rsquo;ouverture d&rsquo;une exposition organis\u00e9e par l&rsquo;agence Tap \u00e0 Tunis.<\/p>\n<p style=\"text-align: left;\">Le chef du gouvernement avait indiqu\u00e9 que les m\u00e9dias publics n&rsquo;assurent pas le r\u00f4le qui leur est assign\u00e9 en cette \u00e9tape transitoire. \u00abOn a l&rsquo;impression que les journalistes du secteur public vivent sur une autre plan\u00e8te et non en Tunisie\u00bb, avait-il dit, en reprochant \u00e0 ces derniers de ne voir que la partie vide du verre.<\/p>\n<p style=\"text-align: left;\"><em>\u00abLes gouvernements qui se sont succ\u00e9d\u00e9 apr\u00e8s la r\u00e9volution, et le gouvernement actuel en particulier, n&rsquo;accordent aucun int\u00e9r\u00eat aux secteur m\u00e9diatique et n&rsquo;ont entrepris aucune initiative pour le r\u00e9former, malgr\u00e9 les sollicitations persistantes du syndicat\u00bb<\/em>, a soulign\u00e9 le syndicat g\u00e9n\u00e9ral de l&rsquo;information relevant de l&rsquo;UGTT, consid\u00e9rant que <em>\u00ables m\u00e9dias publics sont pass\u00e9s, apr\u00e8s la r\u00e9volution, d&rsquo;une information gouvernementale \u00e0 une information neutre et ind\u00e9pendante se tenant \u00e0 l&rsquo;\u00e9cart des clivages politiques.\u00bb<\/em><\/p>\n<p style=\"text-align: left;\">Le syndicat avertit, par ailleurs, contre toute tentative visant \u00e0 mettre la main sur les m\u00e9dias publics de quelque partie que ce soit, appelant le gouvernement \u00e0 mettre en route des r\u00e9formes effectives au lieu de multiplier les d\u00e9clarations visant \u00e0 assujettir \u00e0 nouveau le secteur.<\/p>\n<p style=\"text-align: left;\">Tout en regrettant le retard pris dans le changement des lois r\u00e9organisant le secteur et le changement des conseils d&rsquo;administration \u00e0 la t\u00eate des \u00e9tablissements m\u00e9diatiques publics, le syndicat rel\u00e8ve que le gouvernement continue \u00e0 ignorer l&rsquo;accord pass\u00e9 avec le syndicat g\u00e9n\u00e9ral de l&rsquo;information et la F\u00e9d\u00e9ration des directeurs des journaux concernant la presse \u00e9crite, et qui vise \u00e0 changer la circulaire relative aux abonnements publics et \u00e0 mieux organiser la publicit\u00e9 publique. Il appelle, dans ce sens, \u00e0 l&rsquo;application de cet accord pour pr\u00e9server les postes d&#8217;emploi de centaines de travailleurs dans le secteur de la presse \u00e9crite.<\/p>\n<p style=\"text-align: right;\"><strong>I. B.<\/strong><\/p>\n","protected":false},"excerpt":{"rendered":"<p>Habib Essid visite l&rsquo;exposition de la Tap. Les derni\u00e8res d\u00e9clarations du chef du gouvernement Habib Essid sur les m\u00e9dias publics \u00abportent atteinte \u00e0 l&rsquo;ind\u00e9pendance du secteur\u00bb.<\/p>\n","protected":false},"author":8,"featured_media":33952,"comment_status":"open","ping_status":"open","sticky":false,"template":"","format":"standard","meta":{"footnotes":""},"categories":[996,2433],"tags":[435,2439,1459,1458,872],"class_list":["post-33951","post","type-post","status-publish","format-standard","has-post-thumbnail","hentry","category-media","category-tunisie","tag-habib-essid","tag-information","tag-journalistes","tag-presse-ecrite","tag-syndicat"],"yoast_head":"<!-- This site is optimized with the Yoast SEO plugin v26.6 - https:\/\/yoast.com\/wordpress\/plugins\/seo\/ -->\n<title>L\u2019UGTT avertit contre toute tentative d\u2019assujettir les m\u00e9dias publics - Kapitalis<\/title>\n<meta name=\"robots\" content=\"index, follow, max-snippet:-1, max-image-preview:large, max-video-preview:-1\" \/>\n<link rel=\"canonical\" href=\"https:\/\/kapitalis.com\/tunisie\/2016\/01\/09\/lugtt-avertit-contre-toute-tentative-dassujettir-les-medias-publics\/\" \/>\n<meta property=\"og:locale\" content=\"fr_FR\" \/>\n<meta property=\"og:type\" content=\"article\" \/>\n<meta property=\"og:title\" content=\"L\u2019UGTT avertit contre toute tentative d\u2019assujettir les m\u00e9dias publics - Kapitalis\" \/>\n<meta property=\"og:description\" content=\"Habib Essid visite l&rsquo;exposition de la Tap. Les derni\u00e8res d\u00e9clarations du chef du gouvernement Habib Essid sur les m\u00e9dias publics \u00abportent atteinte \u00e0 l&rsquo;ind\u00e9pendance du secteur\u00bb.\" \/>\n<meta property=\"og:url\" content=\"https:\/\/kapitalis.com\/tunisie\/2016\/01\/09\/lugtt-avertit-contre-toute-tentative-dassujettir-les-medias-publics\/\" \/>\n<meta property=\"og:site_name\" content=\"Kapitalis\" \/>\n<meta property=\"article:publisher\" content=\"https:\/\/www.facebook.com\/KapitalisInfo\/\" \/>\n<meta property=\"article:published_time\" content=\"2016-01-09T09:02:16+00:00\" \/>\n<meta property=\"og:image\" content=\"https:\/\/kapitalis.com\/tunisie\/wp-content\/uploads\/2022\/05\/kapitalis-logo-fb.png\" \/>\n\t<meta property=\"og:image:width\" content=\"1200\" \/>\n\t<meta property=\"og:image:height\" content=\"630\" \/>\n\t<meta property=\"og:image:type\" content=\"image\/png\" \/>\n<meta name=\"author\" content=\"webmaster kapitalis\" \/>\n<meta name=\"twitter:card\" content=\"summary_large_image\" \/>\n<meta name=\"twitter:creator\" content=\"@KapitalisInfo\" \/>\n<meta name=\"twitter:site\" content=\"@KapitalisInfo\" \/>\n<meta name=\"twitter:label1\" content=\"\u00c9crit par\" \/>\n\t<meta name=\"twitter:data1\" content=\"webmaster kapitalis\" \/>\n\t<meta name=\"twitter:label2\" content=\"Dur\u00e9e de lecture estim\u00e9e\" \/>\n\t<meta name=\"twitter:data2\" content=\"2 minutes\" \/>\n<script type=\"application\/ld+json\" class=\"yoast-schema-graph\">{\"@context\":\"https:\/\/schema.org\",\"@graph\":[{\"@type\":\"Article\",\"@id\":\"https:\/\/kapitalis.com\/tunisie\/2016\/01\/09\/lugtt-avertit-contre-toute-tentative-dassujettir-les-medias-publics\/#article\",\"isPartOf\":{\"@id\":\"https:\/\/kapitalis.com\/tunisie\/2016\/01\/09\/lugtt-avertit-contre-toute-tentative-dassujettir-les-medias-publics\/\"},\"author\":{\"name\":\"webmaster kapitalis\",\"@id\":\"https:\/\/kapitalis.com\/tunisie\/#\/schema\/person\/d71f33a9ca44f7bad4698210b480c8e9\"},\"headline\":\"L\u2019UGTT avertit contre toute tentative d\u2019assujettir les m\u00e9dias publics\",\"datePublished\":\"2016-01-09T09:02:16+00:00\",\"mainEntityOfPage\":{\"@id\":\"https:\/\/kapitalis.com\/tunisie\/2016\/01\/09\/lugtt-avertit-contre-toute-tentative-dassujettir-les-medias-publics\/\"},\"wordCount\":378,\"commentCount\":0,\"publisher\":{\"@id\":\"https:\/\/kapitalis.com\/tunisie\/#organization\"},\"image\":{\"@id\":\"https:\/\/kapitalis.com\/tunisie\/2016\/01\/09\/lugtt-avertit-contre-toute-tentative-dassujettir-les-medias-publics\/#primaryimage\"},\"thumbnailUrl\":\"\",\"keywords\":[\"Habib Essid\",\"information\",\"journalistes\",\"presse \u00e9crite\",\"syndicat\"],\"articleSection\":[\"MEDIA\",\"Tunisie\"],\"inLanguage\":\"fr-FR\",\"potentialAction\":[{\"@type\":\"CommentAction\",\"name\":\"Comment\",\"target\":[\"https:\/\/kapitalis.com\/tunisie\/2016\/01\/09\/lugtt-avertit-contre-toute-tentative-dassujettir-les-medias-publics\/#respond\"]}]},{\"@type\":\"WebPage\",\"@id\":\"https:\/\/kapitalis.com\/tunisie\/2016\/01\/09\/lugtt-avertit-contre-toute-tentative-dassujettir-les-medias-publics\/\",\"url\":\"https:\/\/kapitalis.com\/tunisie\/2016\/01\/09\/lugtt-avertit-contre-toute-tentative-dassujettir-les-medias-publics\/\",\"name\":\"L\u2019UGTT avertit contre toute tentative d\u2019assujettir les m\u00e9dias publics - Kapitalis\",\"isPartOf\":{\"@id\":\"https:\/\/kapitalis.com\/tunisie\/#website\"},\"primaryImageOfPage\":{\"@id\":\"https:\/\/kapitalis.com\/tunisie\/2016\/01\/09\/lugtt-avertit-contre-toute-tentative-dassujettir-les-medias-publics\/#primaryimage\"},\"image\":{\"@id\":\"https:\/\/kapitalis.com\/tunisie\/2016\/01\/09\/lugtt-avertit-contre-toute-tentative-dassujettir-les-medias-publics\/#primaryimage\"},\"thumbnailUrl\":\"\",\"datePublished\":\"2016-01-09T09:02:16+00:00\",\"breadcrumb\":{\"@id\":\"https:\/\/kapitalis.com\/tunisie\/2016\/01\/09\/lugtt-avertit-contre-toute-tentative-dassujettir-les-medias-publics\/#breadcrumb\"},\"inLanguage\":\"fr-FR\",\"potentialAction\":[{\"@type\":\"ReadAction\",\"target\":[\"https:\/\/kapitalis.com\/tunisie\/2016\/01\/09\/lugtt-avertit-contre-toute-tentative-dassujettir-les-medias-publics\/\"]}]},{\"@type\":\"ImageObject\",\"inLanguage\":\"fr-FR\",\"@id\":\"https:\/\/kapitalis.com\/tunisie\/2016\/01\/09\/lugtt-avertit-contre-toute-tentative-dassujettir-les-medias-publics\/#primaryimage\",\"url\":\"\",\"contentUrl\":\"\"},{\"@type\":\"BreadcrumbList\",\"@id\":\"https:\/\/kapitalis.com\/tunisie\/2016\/01\/09\/lugtt-avertit-contre-toute-tentative-dassujettir-les-medias-publics\/#breadcrumb\",\"itemListElement\":[{\"@type\":\"ListItem\",\"position\":1,\"name\":\"Accueil\",\"item\":\"https:\/\/kapitalis.com\/tunisie\/\"},{\"@type\":\"ListItem\",\"position\":2,\"name\":\"L\u2019UGTT avertit contre toute tentative d\u2019assujettir les m\u00e9dias publics\"}]},{\"@type\":\"WebSite\",\"@id\":\"https:\/\/kapitalis.com\/tunisie\/#website\",\"url\":\"https:\/\/kapitalis.com\/tunisie\/\",\"name\":\"Kapitalis\",\"description\":\"L&#039;actualit\u00e9 en Tunisie et dans le monde\",\"publisher\":{\"@id\":\"https:\/\/kapitalis.com\/tunisie\/#organization\"},\"potentialAction\":[{\"@type\":\"SearchAction\",\"target\":{\"@type\":\"EntryPoint\",\"urlTemplate\":\"https:\/\/kapitalis.com\/tunisie\/?s={search_term_string}\"},\"query-input\":{\"@type\":\"PropertyValueSpecification\",\"valueRequired\":true,\"valueName\":\"search_term_string\"}}],\"inLanguage\":\"fr-FR\"},{\"@type\":\"Organization\",\"@id\":\"https:\/\/kapitalis.com\/tunisie\/#organization\",\"name\":\"Kapitalis\",\"url\":\"https:\/\/kapitalis.com\/tunisie\/\",\"logo\":{\"@type\":\"ImageObject\",\"inLanguage\":\"fr-FR\",\"@id\":\"https:\/\/kapitalis.com\/tunisie\/#\/schema\/logo\/image\/\",\"url\":\"https:\/\/kapitalis.com\/tunisie\/wp-content\/uploads\/2022\/05\/Kapitalis-big-size.png\",\"contentUrl\":\"https:\/\/kapitalis.com\/tunisie\/wp-content\/uploads\/2022\/05\/Kapitalis-big-size.png\",\"width\":5000,\"height\":1500,\"caption\":\"Kapitalis\"},\"image\":{\"@id\":\"https:\/\/kapitalis.com\/tunisie\/#\/schema\/logo\/image\/\"},\"sameAs\":[\"https:\/\/www.facebook.com\/KapitalisInfo\/\",\"https:\/\/x.com\/KapitalisInfo\",\"https:\/\/www.youtube.com\/channel\/UC-yDYrHyfFBWWZaOw3FPg9Q\"]},{\"@type\":\"Person\",\"@id\":\"https:\/\/kapitalis.com\/tunisie\/#\/schema\/person\/d71f33a9ca44f7bad4698210b480c8e9\",\"name\":\"webmaster kapitalis\",\"url\":\"https:\/\/kapitalis.com\/tunisie\/author\/webmaster-kapitalis\/\"}]}<\/script>\n<!-- \/ Yoast SEO plugin. -->","yoast_head_json":{"title":"L\u2019UGTT avertit contre toute tentative d\u2019assujettir les m\u00e9dias publics - Kapitalis","robots":{"index":"index","follow":"follow","max-snippet":"max-snippet:-1","max-image-preview":"max-image-preview:large","max-video-preview":"max-video-preview:-1"},"canonical":"https:\/\/kapitalis.com\/tunisie\/2016\/01\/09\/lugtt-avertit-contre-toute-tentative-dassujettir-les-medias-publics\/","og_locale":"fr_FR","og_type":"article","og_title":"L\u2019UGTT avertit contre toute tentative d\u2019assujettir les m\u00e9dias publics - Kapitalis","og_description":"Habib Essid visite l&rsquo;exposition de la Tap. Les derni\u00e8res d\u00e9clarations du chef du gouvernement Habib Essid sur les m\u00e9dias publics \u00abportent atteinte \u00e0 l&rsquo;ind\u00e9pendance du secteur\u00bb.","og_url":"https:\/\/kapitalis.com\/tunisie\/2016\/01\/09\/lugtt-avertit-contre-toute-tentative-dassujettir-les-medias-publics\/","og_site_name":"Kapitalis","article_publisher":"https:\/\/www.facebook.com\/KapitalisInfo\/","article_published_time":"2016-01-09T09:02:16+00:00","og_image":[{"width":1200,"height":630,"url":"https:\/\/kapitalis.com\/tunisie\/wp-content\/uploads\/2022\/05\/kapitalis-logo-fb.png","type":"image\/png"}],"author":"webmaster kapitalis","twitter_card":"summary_large_image","twitter_creator":"@KapitalisInfo","twitter_site":"@KapitalisInfo","twitter_misc":{"\u00c9crit par":"webmaster kapitalis","Dur\u00e9e de lecture estim\u00e9e":"2 minutes"},"schema":{"@context":"https:\/\/schema.org","@graph":[{"@type":"Article","@id":"https:\/\/kapitalis.com\/tunisie\/2016\/01\/09\/lugtt-avertit-contre-toute-tentative-dassujettir-les-medias-publics\/#article","isPartOf":{"@id":"https:\/\/kapitalis.com\/tunisie\/2016\/01\/09\/lugtt-avertit-contre-toute-tentative-dassujettir-les-medias-publics\/"},"author":{"name":"webmaster kapitalis","@id":"https:\/\/kapitalis.com\/tunisie\/#\/schema\/person\/d71f33a9ca44f7bad4698210b480c8e9"},"headline":"L\u2019UGTT avertit contre toute tentative d\u2019assujettir les m\u00e9dias publics","datePublished":"2016-01-09T09:02:16+00:00","mainEntityOfPage":{"@id":"https:\/\/kapitalis.com\/tunisie\/2016\/01\/09\/lugtt-avertit-contre-toute-tentative-dassujettir-les-medias-publics\/"},"wordCount":378,"commentCount":0,"publisher":{"@id":"https:\/\/kapitalis.com\/tunisie\/#organization"},"image":{"@id":"https:\/\/kapitalis.com\/tunisie\/2016\/01\/09\/lugtt-avertit-contre-toute-tentative-dassujettir-les-medias-publics\/#primaryimage"},"thumbnailUrl":"","keywords":["Habib Essid","information","journalistes","presse \u00e9crite","syndicat"],"articleSection":["MEDIA","Tunisie"],"inLanguage":"fr-FR","potentialAction":[{"@type":"CommentAction","name":"Comment","target":["https:\/\/kapitalis.com\/tunisie\/2016\/01\/09\/lugtt-avertit-contre-toute-tentative-dassujettir-les-medias-publics\/#respond"]}]},{"@type":"WebPage","@id":"https:\/\/kapitalis.com\/tunisie\/2016\/01\/09\/lugtt-avertit-contre-toute-tentative-dassujettir-les-medias-publics\/","url":"https:\/\/kapitalis.com\/tunisie\/2016\/01\/09\/lugtt-avertit-contre-toute-tentative-dassujettir-les-medias-publics\/","name":"L\u2019UGTT avertit contre toute tentative d\u2019assujettir les m\u00e9dias publics - Kapitalis","isPartOf":{"@id":"https:\/\/kapitalis.com\/tunisie\/#website"},"primaryImageOfPage":{"@id":"https:\/\/kapitalis.com\/tunisie\/2016\/01\/09\/lugtt-avertit-contre-toute-tentative-dassujettir-les-medias-publics\/#primaryimage"},"image":{"@id":"https:\/\/kapitalis.com\/tunisie\/2016\/01\/09\/lugtt-avertit-contre-toute-tentative-dassujettir-les-medias-publics\/#primaryimage"},"thumbnailUrl":"","datePublished":"2016-01-09T09:02:16+00:00","breadcrumb":{"@id":"https:\/\/kapitalis.com\/tunisie\/2016\/01\/09\/lugtt-avertit-contre-toute-tentative-dassujettir-les-medias-publics\/#breadcrumb"},"inLanguage":"fr-FR","potentialAction":[{"@type":"ReadAction","target":["https:\/\/kapitalis.com\/tunisie\/2016\/01\/09\/lugtt-avertit-contre-toute-tentative-dassujettir-les-medias-publics\/"]}]},{"@type":"ImageObject","inLanguage":"fr-FR","@id":"https:\/\/kapitalis.com\/tunisie\/2016\/01\/09\/lugtt-avertit-contre-toute-tentative-dassujettir-les-medias-publics\/#primaryimage","url":"","contentUrl":""},{"@type":"BreadcrumbList","@id":"https:\/\/kapitalis.com\/tunisie\/2016\/01\/09\/lugtt-avertit-contre-toute-tentative-dassujettir-les-medias-publics\/#breadcrumb","itemListElement":[{"@type":"ListItem","position":1,"name":"Accueil","item":"https:\/\/kapitalis.com\/tunisie\/"},{"@type":"ListItem","position":2,"name":"L\u2019UGTT avertit contre toute tentative d\u2019assujettir les m\u00e9dias publics"}]},{"@type":"WebSite","@id":"https:\/\/kapitalis.com\/tunisie\/#website","url":"https:\/\/kapitalis.com\/tunisie\/","name":"Kapitalis","description":"L&#039;actualit\u00e9 en Tunisie et dans le monde","publisher":{"@id":"https:\/\/kapitalis.com\/tunisie\/#organization"},"potentialAction":[{"@type":"SearchAction","target":{"@type":"EntryPoint","urlTemplate":"https:\/\/kapitalis.com\/tunisie\/?s={search_term_string}"},"query-input":{"@type":"PropertyValueSpecification","valueRequired":true,"valueName":"search_term_string"}}],"inLanguage":"fr-FR"},{"@type":"Organization","@id":"https:\/\/kapitalis.com\/tunisie\/#organization","name":"Kapitalis","url":"https:\/\/kapitalis.com\/tunisie\/","logo":{"@type":"ImageObject","inLanguage":"fr-FR","@id":"https:\/\/kapitalis.com\/tunisie\/#\/schema\/logo\/image\/","url":"https:\/\/kapitalis.com\/tunisie\/wp-content\/uploads\/2022\/05\/Kapitalis-big-size.png","contentUrl":"https:\/\/kapitalis.com\/tunisie\/wp-content\/uploads\/2022\/05\/Kapitalis-big-size.png","width":5000,"height":1500,"caption":"Kapitalis"},"image":{"@id":"https:\/\/kapitalis.com\/tunisie\/#\/schema\/logo\/image\/"},"sameAs":["https:\/\/www.facebook.com\/KapitalisInfo\/","https:\/\/x.com\/KapitalisInfo","https:\/\/www.youtube.com\/channel\/UC-yDYrHyfFBWWZaOw3FPg9Q"]},{"@type":"Person","@id":"https:\/\/kapitalis.com\/tunisie\/#\/schema\/person\/d71f33a9ca44f7bad4698210b480c8e9","name":"webmaster kapitalis","url":"https:\/\/kapitalis.com\/tunisie\/author\/webmaster-kapitalis\/"}]}},"_links":{"self":[{"href":"https:\/\/kapitalis.com\/tunisie\/wp-json\/wp\/v2\/posts\/33951","targetHints":{"allow":["GET"]}}],"collection":[{"href":"https:\/\/kapitalis.com\/tunisie\/wp-json\/wp\/v2\/posts"}],"about":[{"href":"https:\/\/kapitalis.com\/tunisie\/wp-json\/wp\/v2\/types\/post"}],"author":[{"embeddable":true,"href":"https:\/\/kapitalis.com\/tunisie\/wp-json\/wp\/v2\/users\/8"}],"replies":[{"embeddable":true,"href":"https:\/\/kapitalis.com\/tunisie\/wp-json\/wp\/v2\/comments?post=33951"}],"version-history":[{"count":0,"href":"https:\/\/kapitalis.com\/tunisie\/wp-json\/wp\/v2\/posts\/33951\/revisions"}],"wp:featuredmedia":[{"embeddable":true,"href":"https:\/\/kapitalis.com\/tunisie\/wp-json\/wp\/v2\/media\/33952"}],"wp:attachment":[{"href":"https:\/\/kapitalis.com\/tunisie\/wp-json\/wp\/v2\/media?parent=33951"}],"wp:term":[{"taxonomy":"category","embeddable":true,"href":"https:\/\/kapitalis.com\/tunisie\/wp-json\/wp\/v2\/categories?post=33951"},{"taxonomy":"post_tag","embeddable":true,"href":"https:\/\/kapitalis.com\/tunisie\/wp-json\/wp\/v2\/tags?post=33951"}],"curies":[{"name":"wp","href":"https:\/\/api.w.org\/{rel}","templated":true}]}}