{"id":339688,"date":"2021-03-12T20:19:48","date_gmt":"2021-03-12T19:19:48","guid":{"rendered":"http:\/\/kapitalis.com\/tunisie\/?p=339688"},"modified":"2021-03-13T13:05:09","modified_gmt":"2021-03-13T12:05:09","slug":"samia-abbou-denonce-les-pratiques-douteuses-de-lavocat-seifeddine-makhlouf","status":"publish","type":"post","link":"https:\/\/kapitalis.com\/tunisie\/2021\/03\/12\/samia-abbou-denonce-les-pratiques-douteuses-de-lavocat-seifeddine-makhlouf\/","title":{"rendered":"Samia Abbou d\u00e9nonce les pratiques douteuses de l&rsquo;avocat Seifeddine Makhlouf"},"content":{"rendered":"\n<figure class=\"wp-block-image size-large\"><img decoding=\"async\" src=\"http:\/\/kapitalis.com\/tunisie\/wp-content\/uploads\/2021\/03\/Abbou-Makhlouf.jpg\" alt=\"\" class=\"wp-image-339696\"\/><\/figure>\n\n\n\n<p><strong><em>Samia Abbou, d\u00e9put\u00e9e Attayar, a fustig\u00e9 son confr\u00e8re, l&rsquo;avocat Seifeddine Makhlouf, sans le nommer, tout en l&rsquo;accusant de profiter de son poste de d\u00e9put\u00e9 pour notamment demander des interventions des ministres en faveur de ses clients, entre autres pratiques douteuses. Elle a demand\u00e9, dans ce sens, au b\u00e2tonnier de l\u2019Ordre national des avocats tunisiens, Brahim Bouderbala, pr\u00e9sent \u00e0 l&rsquo;Assembl\u00e9e, ce vendredi 12 mars 2021, de prendre les mesures n\u00e9cessaires \u00e0 ce propos.<\/em><\/strong><\/p>\n\n\n\n<!--more-->\n\n\n\n<p>Lors de son intervention \u00e0 la pl\u00e9ni\u00e8re consacr\u00e9e \u00e0 l&rsquo;audition du b\u00e2tonnier de l&rsquo;Ordre des avocats, Samia Abbou s&rsquo;est dit \u00e9tonn\u00e9e que des d\u00e9put\u00e9s, avocats de leur \u00e9tat, se permettent de tels abus, en pr\u00e9cisant qu&rsquo;il est pr\u00e9f\u00e9rable pour un \u00e9lu de ne pas poursuivre ses activit\u00e9s d&rsquo;avocats, en dehors des affaires li\u00e9es \u00e0 la d\u00e9fense des droits de l&rsquo;Homme. <\/p>\n\n\n\n<p>Elle a rappel\u00e9, dans ce sens, que Seifeddine Makhlouf (sans le nommer), qui d\u00e9fend des affaires pour la plupart li\u00e9es au terrorisme et \u00e0 la contrebande, use de son pouvoir de d\u00e9put\u00e9 pour au profit de ses clients, affirme la d\u00e9put\u00e9e, avocate de son \u00e9tat, tout en soulignant que cela touche \u00e0 l&rsquo;\u00e9galit\u00e9 des chances entre les avocats.<\/p>\n\n\n\n<p><em>\u00abIl est inconcevable qu&rsquo;un avocat d\u00e9fende les affaires de ses clients en dehors des tribunaux. Aujourd&rsquo;hui, on a des d\u00e9put\u00e9s qui, <em>avec tout le culot du monde<\/em><\/em>,<em> jouent les avocats au sein m\u00eame du parlement et c&rsquo;est un abus de pouvoir qui doit \u00eatre sanctionn\u00e9. Monsieur le b\u00e2tonnier, je vous demande humblement de prendre les mesures n\u00e9cessaires \u00e0 ce propos\u00bb<\/em>, a-t-elle dit.<\/p>\n\n\n\n<p>Samia Abbou poursuit: <em>\u00abSi au moins il s&rsquo;agissait d&rsquo;affaires de d\u00e9fense de droits de l&rsquo;homme, on en serait fiers, mais il s&rsquo;agit d&rsquo;affaires dont on devrait m\u00eame \u00e9viter de parler. Des affaires dangereuses et suspectes. Donc, en ma qualit\u00e9 de d\u00e9put\u00e9e, je demande \u00e0 l&rsquo;Ordre des avocats \u00e0 prendre les mesures pour que cela cesse<\/em>\u00bb.<\/p>\n\n\n\n<p>La d\u00e9put\u00e9 a \u00e9galement d\u00e9nonc\u00e9 que des d\u00e9put\u00e9s aient profit\u00e9 de cette pl\u00e9ni\u00e8re pour d\u00e9fendre des int\u00e9r\u00eats particuliers: \u00ab<em>Certains ont d\u00e9fendu un avocat accus\u00e9 de terrorisme <\/em>(en r\u00e9f\u00e9rence \u00e0 l&rsquo;intervention de Makhlouf)<em>, d&rsquo;autres d\u00e9fendent le pr\u00e9sident de leur parti comme si la campagne men\u00e9e sur sa cha\u00eene ne suffisait pas<\/em> (en r\u00e9f\u00e9rence \u00e0 Nabil Karoui, patron de Nessma TV) <em>et cherchent \u00e0 influencer la justice&#8230;\u00bb<\/em>.<\/p>\n\n\n\n<p>On notera que Seifeddine Makhlouf a d\u00e9fendu son confr\u00e8re Bassem Hamrouni, arr\u00eat\u00e9 dans une affaire terroriste. Il a notamment reproch\u00e9 aux avocats de ne pas l&rsquo;avoir soutenu et affirm\u00e9 que Me Hamrouni est victime d&rsquo;injustice.<\/p>\n\n\n\n<p>\u00ab<em>Ils ont tortur\u00e9 un suspect et fabriqu\u00e9 un dossier pour arr\u00eater Bassem Hamrouni. Et s&rsquo;il est encore en d\u00e9tention, c&rsquo;est parce que ses confr\u00e8res ne l&rsquo;ont pas soutenu\u00bb<\/em>, a-t-il accus\u00e9&#8230;<\/p>\n\n\n\n<p>Cependant, selon la justice, l\u2019avocat en question, qui a fait l\u2019objet d\u2019un mandat de d\u00e9p\u00f4t \u00e9mis par le juge d\u2019instruction aupr\u00e8s du P\u00f4le judiciaire antiterroriste pour suspicions de liens avec un groupe terroriste est notamment accus\u00e9 de financer un groupe terroriste et de lui avoir communiqu\u00e9 des informations s\u00e9curitaires&#8230;<\/p>\n\n\n\n<p class=\"has-text-align-right\"><strong>Y. N.<\/strong><\/p>\n\n\n\n<figure class=\"wp-block-embed is-type-wp-embed is-provider-kapitalis wp-block-embed-kapitalis\"><div class=\"wp-block-embed__wrapper\">\n<blockquote class=\"wp-embedded-content\" data-secret=\"ENU8S6VJmQ\"><a href=\"https:\/\/kapitalis.com\/tunisie\/2021\/02\/14\/makhlouf-prend-la-defense-de-lavocat-place-en-detention-pour-suspicion-de-lien-avec-le-terrorisme\/\">Makhlouf prend la d\u00e9fense de l&rsquo;avocat plac\u00e9 en d\u00e9tention pour suspicion de lien avec le terrorisme<\/a><\/blockquote><iframe loading=\"lazy\" class=\"wp-embedded-content\" sandbox=\"allow-scripts\" security=\"restricted\" style=\"position: absolute; clip: rect(1px, 1px, 1px, 1px);\" title=\"\u00ab\u00a0Makhlouf prend la d\u00e9fense de l&rsquo;avocat plac\u00e9 en d\u00e9tention pour suspicion de lien avec le terrorisme\u00a0\u00bb &#8212; Kapitalis\" src=\"https:\/\/kapitalis.com\/tunisie\/2021\/02\/14\/makhlouf-prend-la-defense-de-lavocat-place-en-detention-pour-suspicion-de-lien-avec-le-terrorisme\/embed\/#?secret=e8ElnmM0EJ#?secret=ENU8S6VJmQ\" data-secret=\"ENU8S6VJmQ\" width=\"600\" height=\"338\" frameborder=\"0\" marginwidth=\"0\" marginheight=\"0\" scrolling=\"no\"><\/iframe>\n<\/div><\/figure>\n\n\n\n<figure class=\"wp-block-embed is-type-wp-embed is-provider-kapitalis wp-block-embed-kapitalis\"><div class=\"wp-block-embed__wrapper\">\n<blockquote class=\"wp-embedded-content\" data-secret=\"vLQksvu0Vt\"><a href=\"https:\/\/kapitalis.com\/tunisie\/2021\/01\/02\/le-depute-makhlouf-cree-un-cabinet-international-davocats-daffaires-et-de-conseil\/\">Le d\u00e9put\u00e9 Makhlouf cr\u00e9e un cabinet international d&rsquo;avocats d&rsquo;affaires et de conseil<\/a><\/blockquote><iframe loading=\"lazy\" class=\"wp-embedded-content\" sandbox=\"allow-scripts\" security=\"restricted\" style=\"position: absolute; clip: rect(1px, 1px, 1px, 1px);\" title=\"\u00ab\u00a0Le d\u00e9put\u00e9 Makhlouf cr\u00e9e un cabinet international d&rsquo;avocats d&rsquo;affaires et de conseil\u00a0\u00bb &#8212; Kapitalis\" src=\"https:\/\/kapitalis.com\/tunisie\/2021\/01\/02\/le-depute-makhlouf-cree-un-cabinet-international-davocats-daffaires-et-de-conseil\/embed\/#?secret=lfrGPbzaau#?secret=vLQksvu0Vt\" data-secret=\"vLQksvu0Vt\" width=\"600\" height=\"338\" frameborder=\"0\" marginwidth=\"0\" marginheight=\"0\" scrolling=\"no\"><\/iframe>\n<\/div><\/figure>\n","protected":false},"excerpt":{"rendered":"<p>Samia Abbou, d\u00e9put\u00e9e Attayar, a fustig\u00e9 son confr\u00e8re, l&rsquo;avocat Seifeddine Makhlouf, sans le nommer, tout en l&rsquo;accusant de profiter de son poste de d\u00e9put\u00e9 pour notamment demander des interventions des ministres en faveur de ses clients, entre autres pratiques douteuses. Elle a demand\u00e9, dans ce sens, au b\u00e2tonnier de l\u2019Ordre national des avocats tunisiens, Brahim&#8230;<\/p>\n","protected":false},"author":6,"featured_media":339696,"comment_status":"open","ping_status":"open","sticky":false,"template":"","format":"standard","meta":{"footnotes":""},"categories":[997,2433],"tags":[88295,233,3668,4696,805,8752,897],"class_list":["post-339688","post","type-post","status-publish","format-standard","has-post-thumbnail","hentry","category-politique","category-tunisie","tag-brahim-bouderbela","tag-contrebande","tag-deputes","tag-ordre-des-avocats","tag-samia-abbou","tag-seifeddine-makhlouf","tag-terrorisme"],"yoast_head":"<!-- This site is optimized with the Yoast SEO plugin v26.6 - https:\/\/yoast.com\/wordpress\/plugins\/seo\/ -->\n<title>Samia Abbou d\u00e9nonce les pratiques douteuses de l&#039;avocat Seifeddine Makhlouf - Kapitalis<\/title>\n<meta name=\"robots\" content=\"index, follow, max-snippet:-1, max-image-preview:large, max-video-preview:-1\" \/>\n<link rel=\"canonical\" href=\"https:\/\/kapitalis.com\/tunisie\/2021\/03\/12\/samia-abbou-denonce-les-pratiques-douteuses-de-lavocat-seifeddine-makhlouf\/\" \/>\n<meta property=\"og:locale\" content=\"fr_FR\" \/>\n<meta property=\"og:type\" content=\"article\" \/>\n<meta property=\"og:title\" content=\"Samia Abbou d\u00e9nonce les pratiques douteuses de l&#039;avocat Seifeddine Makhlouf - Kapitalis\" \/>\n<meta property=\"og:description\" content=\"Samia Abbou, d\u00e9put\u00e9e Attayar, a fustig\u00e9 son confr\u00e8re, l&rsquo;avocat Seifeddine Makhlouf, sans le nommer, tout en l&rsquo;accusant de profiter de son poste de d\u00e9put\u00e9 pour notamment demander des interventions des ministres en faveur de ses clients, entre autres pratiques douteuses. Elle a demand\u00e9, dans ce sens, au b\u00e2tonnier de l\u2019Ordre national des avocats tunisiens, Brahim...\" \/>\n<meta property=\"og:url\" content=\"https:\/\/kapitalis.com\/tunisie\/2021\/03\/12\/samia-abbou-denonce-les-pratiques-douteuses-de-lavocat-seifeddine-makhlouf\/\" \/>\n<meta property=\"og:site_name\" content=\"Kapitalis\" \/>\n<meta property=\"article:publisher\" content=\"https:\/\/www.facebook.com\/KapitalisInfo\/\" \/>\n<meta property=\"article:published_time\" content=\"2021-03-12T19:19:48+00:00\" \/>\n<meta property=\"article:modified_time\" content=\"2021-03-13T12:05:09+00:00\" \/>\n<meta property=\"og:image\" content=\"https:\/\/kapitalis.com\/tunisie\/wp-content\/uploads\/2022\/05\/kapitalis-logo-fb.png\" \/>\n\t<meta property=\"og:image:width\" content=\"1200\" \/>\n\t<meta property=\"og:image:height\" content=\"630\" \/>\n\t<meta property=\"og:image:type\" content=\"image\/png\" \/>\n<meta name=\"author\" content=\"Yusra NY\" \/>\n<meta name=\"twitter:card\" content=\"summary_large_image\" \/>\n<meta name=\"twitter:creator\" content=\"@KapitalisInfo\" \/>\n<meta name=\"twitter:site\" content=\"@KapitalisInfo\" \/>\n<meta name=\"twitter:label1\" content=\"\u00c9crit par\" \/>\n\t<meta name=\"twitter:data1\" content=\"Yusra NY\" \/>\n\t<meta name=\"twitter:label2\" content=\"Dur\u00e9e de lecture estim\u00e9e\" \/>\n\t<meta name=\"twitter:data2\" content=\"3 minutes\" \/>\n<script type=\"application\/ld+json\" class=\"yoast-schema-graph\">{\"@context\":\"https:\/\/schema.org\",\"@graph\":[{\"@type\":\"Article\",\"@id\":\"https:\/\/kapitalis.com\/tunisie\/2021\/03\/12\/samia-abbou-denonce-les-pratiques-douteuses-de-lavocat-seifeddine-makhlouf\/#article\",\"isPartOf\":{\"@id\":\"https:\/\/kapitalis.com\/tunisie\/2021\/03\/12\/samia-abbou-denonce-les-pratiques-douteuses-de-lavocat-seifeddine-makhlouf\/\"},\"author\":{\"name\":\"Yusra NY\",\"@id\":\"https:\/\/kapitalis.com\/tunisie\/#\/schema\/person\/74bbde0154d49d790a92aaeac5bc01d5\"},\"headline\":\"Samia Abbou d\u00e9nonce les pratiques douteuses de l&rsquo;avocat Seifeddine Makhlouf\",\"datePublished\":\"2021-03-12T19:19:48+00:00\",\"dateModified\":\"2021-03-13T12:05:09+00:00\",\"mainEntityOfPage\":{\"@id\":\"https:\/\/kapitalis.com\/tunisie\/2021\/03\/12\/samia-abbou-denonce-les-pratiques-douteuses-de-lavocat-seifeddine-makhlouf\/\"},\"wordCount\":565,\"commentCount\":2,\"publisher\":{\"@id\":\"https:\/\/kapitalis.com\/tunisie\/#organization\"},\"image\":{\"@id\":\"https:\/\/kapitalis.com\/tunisie\/2021\/03\/12\/samia-abbou-denonce-les-pratiques-douteuses-de-lavocat-seifeddine-makhlouf\/#primaryimage\"},\"thumbnailUrl\":\"\",\"keywords\":[\"Brahim Bouderbela\",\"contrebande\",\"d\u00e9put\u00e9s\",\"Ordre des avocats\",\"Samia Abbou\",\"Seifeddine Makhlouf\",\"terrorisme\"],\"articleSection\":[\"POLITIQUE\",\"Tunisie\"],\"inLanguage\":\"fr-FR\",\"potentialAction\":[{\"@type\":\"CommentAction\",\"name\":\"Comment\",\"target\":[\"https:\/\/kapitalis.com\/tunisie\/2021\/03\/12\/samia-abbou-denonce-les-pratiques-douteuses-de-lavocat-seifeddine-makhlouf\/#respond\"]}]},{\"@type\":\"WebPage\",\"@id\":\"https:\/\/kapitalis.com\/tunisie\/2021\/03\/12\/samia-abbou-denonce-les-pratiques-douteuses-de-lavocat-seifeddine-makhlouf\/\",\"url\":\"https:\/\/kapitalis.com\/tunisie\/2021\/03\/12\/samia-abbou-denonce-les-pratiques-douteuses-de-lavocat-seifeddine-makhlouf\/\",\"name\":\"Samia Abbou d\u00e9nonce les pratiques douteuses de l'avocat Seifeddine Makhlouf - Kapitalis\",\"isPartOf\":{\"@id\":\"https:\/\/kapitalis.com\/tunisie\/#website\"},\"primaryImageOfPage\":{\"@id\":\"https:\/\/kapitalis.com\/tunisie\/2021\/03\/12\/samia-abbou-denonce-les-pratiques-douteuses-de-lavocat-seifeddine-makhlouf\/#primaryimage\"},\"image\":{\"@id\":\"https:\/\/kapitalis.com\/tunisie\/2021\/03\/12\/samia-abbou-denonce-les-pratiques-douteuses-de-lavocat-seifeddine-makhlouf\/#primaryimage\"},\"thumbnailUrl\":\"\",\"datePublished\":\"2021-03-12T19:19:48+00:00\",\"dateModified\":\"2021-03-13T12:05:09+00:00\",\"breadcrumb\":{\"@id\":\"https:\/\/kapitalis.com\/tunisie\/2021\/03\/12\/samia-abbou-denonce-les-pratiques-douteuses-de-lavocat-seifeddine-makhlouf\/#breadcrumb\"},\"inLanguage\":\"fr-FR\",\"potentialAction\":[{\"@type\":\"ReadAction\",\"target\":[\"https:\/\/kapitalis.com\/tunisie\/2021\/03\/12\/samia-abbou-denonce-les-pratiques-douteuses-de-lavocat-seifeddine-makhlouf\/\"]}]},{\"@type\":\"ImageObject\",\"inLanguage\":\"fr-FR\",\"@id\":\"https:\/\/kapitalis.com\/tunisie\/2021\/03\/12\/samia-abbou-denonce-les-pratiques-douteuses-de-lavocat-seifeddine-makhlouf\/#primaryimage\",\"url\":\"\",\"contentUrl\":\"\"},{\"@type\":\"BreadcrumbList\",\"@id\":\"https:\/\/kapitalis.com\/tunisie\/2021\/03\/12\/samia-abbou-denonce-les-pratiques-douteuses-de-lavocat-seifeddine-makhlouf\/#breadcrumb\",\"itemListElement\":[{\"@type\":\"ListItem\",\"position\":1,\"name\":\"Accueil\",\"item\":\"https:\/\/kapitalis.com\/tunisie\/\"},{\"@type\":\"ListItem\",\"position\":2,\"name\":\"Samia Abbou d\u00e9nonce les pratiques douteuses de l&rsquo;avocat Seifeddine Makhlouf\"}]},{\"@type\":\"WebSite\",\"@id\":\"https:\/\/kapitalis.com\/tunisie\/#website\",\"url\":\"https:\/\/kapitalis.com\/tunisie\/\",\"name\":\"Kapitalis\",\"description\":\"L&#039;actualit\u00e9 en Tunisie et dans le monde\",\"publisher\":{\"@id\":\"https:\/\/kapitalis.com\/tunisie\/#organization\"},\"potentialAction\":[{\"@type\":\"SearchAction\",\"target\":{\"@type\":\"EntryPoint\",\"urlTemplate\":\"https:\/\/kapitalis.com\/tunisie\/?s={search_term_string}\"},\"query-input\":{\"@type\":\"PropertyValueSpecification\",\"valueRequired\":true,\"valueName\":\"search_term_string\"}}],\"inLanguage\":\"fr-FR\"},{\"@type\":\"Organization\",\"@id\":\"https:\/\/kapitalis.com\/tunisie\/#organization\",\"name\":\"Kapitalis\",\"url\":\"https:\/\/kapitalis.com\/tunisie\/\",\"logo\":{\"@type\":\"ImageObject\",\"inLanguage\":\"fr-FR\",\"@id\":\"https:\/\/kapitalis.com\/tunisie\/#\/schema\/logo\/image\/\",\"url\":\"https:\/\/kapitalis.com\/tunisie\/wp-content\/uploads\/2022\/05\/Kapitalis-big-size.png\",\"contentUrl\":\"https:\/\/kapitalis.com\/tunisie\/wp-content\/uploads\/2022\/05\/Kapitalis-big-size.png\",\"width\":5000,\"height\":1500,\"caption\":\"Kapitalis\"},\"image\":{\"@id\":\"https:\/\/kapitalis.com\/tunisie\/#\/schema\/logo\/image\/\"},\"sameAs\":[\"https:\/\/www.facebook.com\/KapitalisInfo\/\",\"https:\/\/x.com\/KapitalisInfo\",\"https:\/\/www.youtube.com\/channel\/UC-yDYrHyfFBWWZaOw3FPg9Q\"]},{\"@type\":\"Person\",\"@id\":\"https:\/\/kapitalis.com\/tunisie\/#\/schema\/person\/74bbde0154d49d790a92aaeac5bc01d5\",\"name\":\"Yusra NY\",\"url\":\"https:\/\/kapitalis.com\/tunisie\/author\/yuza_adam\/\"}]}<\/script>\n<!-- \/ Yoast SEO plugin. -->","yoast_head_json":{"title":"Samia Abbou d\u00e9nonce les pratiques douteuses de l'avocat Seifeddine Makhlouf - Kapitalis","robots":{"index":"index","follow":"follow","max-snippet":"max-snippet:-1","max-image-preview":"max-image-preview:large","max-video-preview":"max-video-preview:-1"},"canonical":"https:\/\/kapitalis.com\/tunisie\/2021\/03\/12\/samia-abbou-denonce-les-pratiques-douteuses-de-lavocat-seifeddine-makhlouf\/","og_locale":"fr_FR","og_type":"article","og_title":"Samia Abbou d\u00e9nonce les pratiques douteuses de l'avocat Seifeddine Makhlouf - Kapitalis","og_description":"Samia Abbou, d\u00e9put\u00e9e Attayar, a fustig\u00e9 son confr\u00e8re, l&rsquo;avocat Seifeddine Makhlouf, sans le nommer, tout en l&rsquo;accusant de profiter de son poste de d\u00e9put\u00e9 pour notamment demander des interventions des ministres en faveur de ses clients, entre autres pratiques douteuses. Elle a demand\u00e9, dans ce sens, au b\u00e2tonnier de l\u2019Ordre national des avocats tunisiens, Brahim...","og_url":"https:\/\/kapitalis.com\/tunisie\/2021\/03\/12\/samia-abbou-denonce-les-pratiques-douteuses-de-lavocat-seifeddine-makhlouf\/","og_site_name":"Kapitalis","article_publisher":"https:\/\/www.facebook.com\/KapitalisInfo\/","article_published_time":"2021-03-12T19:19:48+00:00","article_modified_time":"2021-03-13T12:05:09+00:00","og_image":[{"width":1200,"height":630,"url":"https:\/\/kapitalis.com\/tunisie\/wp-content\/uploads\/2022\/05\/kapitalis-logo-fb.png","type":"image\/png"}],"author":"Yusra NY","twitter_card":"summary_large_image","twitter_creator":"@KapitalisInfo","twitter_site":"@KapitalisInfo","twitter_misc":{"\u00c9crit par":"Yusra NY","Dur\u00e9e de lecture estim\u00e9e":"3 minutes"},"schema":{"@context":"https:\/\/schema.org","@graph":[{"@type":"Article","@id":"https:\/\/kapitalis.com\/tunisie\/2021\/03\/12\/samia-abbou-denonce-les-pratiques-douteuses-de-lavocat-seifeddine-makhlouf\/#article","isPartOf":{"@id":"https:\/\/kapitalis.com\/tunisie\/2021\/03\/12\/samia-abbou-denonce-les-pratiques-douteuses-de-lavocat-seifeddine-makhlouf\/"},"author":{"name":"Yusra NY","@id":"https:\/\/kapitalis.com\/tunisie\/#\/schema\/person\/74bbde0154d49d790a92aaeac5bc01d5"},"headline":"Samia Abbou d\u00e9nonce les pratiques douteuses de l&rsquo;avocat Seifeddine Makhlouf","datePublished":"2021-03-12T19:19:48+00:00","dateModified":"2021-03-13T12:05:09+00:00","mainEntityOfPage":{"@id":"https:\/\/kapitalis.com\/tunisie\/2021\/03\/12\/samia-abbou-denonce-les-pratiques-douteuses-de-lavocat-seifeddine-makhlouf\/"},"wordCount":565,"commentCount":2,"publisher":{"@id":"https:\/\/kapitalis.com\/tunisie\/#organization"},"image":{"@id":"https:\/\/kapitalis.com\/tunisie\/2021\/03\/12\/samia-abbou-denonce-les-pratiques-douteuses-de-lavocat-seifeddine-makhlouf\/#primaryimage"},"thumbnailUrl":"","keywords":["Brahim Bouderbela","contrebande","d\u00e9put\u00e9s","Ordre des avocats","Samia Abbou","Seifeddine Makhlouf","terrorisme"],"articleSection":["POLITIQUE","Tunisie"],"inLanguage":"fr-FR","potentialAction":[{"@type":"CommentAction","name":"Comment","target":["https:\/\/kapitalis.com\/tunisie\/2021\/03\/12\/samia-abbou-denonce-les-pratiques-douteuses-de-lavocat-seifeddine-makhlouf\/#respond"]}]},{"@type":"WebPage","@id":"https:\/\/kapitalis.com\/tunisie\/2021\/03\/12\/samia-abbou-denonce-les-pratiques-douteuses-de-lavocat-seifeddine-makhlouf\/","url":"https:\/\/kapitalis.com\/tunisie\/2021\/03\/12\/samia-abbou-denonce-les-pratiques-douteuses-de-lavocat-seifeddine-makhlouf\/","name":"Samia Abbou d\u00e9nonce les pratiques douteuses de l'avocat Seifeddine Makhlouf - Kapitalis","isPartOf":{"@id":"https:\/\/kapitalis.com\/tunisie\/#website"},"primaryImageOfPage":{"@id":"https:\/\/kapitalis.com\/tunisie\/2021\/03\/12\/samia-abbou-denonce-les-pratiques-douteuses-de-lavocat-seifeddine-makhlouf\/#primaryimage"},"image":{"@id":"https:\/\/kapitalis.com\/tunisie\/2021\/03\/12\/samia-abbou-denonce-les-pratiques-douteuses-de-lavocat-seifeddine-makhlouf\/#primaryimage"},"thumbnailUrl":"","datePublished":"2021-03-12T19:19:48+00:00","dateModified":"2021-03-13T12:05:09+00:00","breadcrumb":{"@id":"https:\/\/kapitalis.com\/tunisie\/2021\/03\/12\/samia-abbou-denonce-les-pratiques-douteuses-de-lavocat-seifeddine-makhlouf\/#breadcrumb"},"inLanguage":"fr-FR","potentialAction":[{"@type":"ReadAction","target":["https:\/\/kapitalis.com\/tunisie\/2021\/03\/12\/samia-abbou-denonce-les-pratiques-douteuses-de-lavocat-seifeddine-makhlouf\/"]}]},{"@type":"ImageObject","inLanguage":"fr-FR","@id":"https:\/\/kapitalis.com\/tunisie\/2021\/03\/12\/samia-abbou-denonce-les-pratiques-douteuses-de-lavocat-seifeddine-makhlouf\/#primaryimage","url":"","contentUrl":""},{"@type":"BreadcrumbList","@id":"https:\/\/kapitalis.com\/tunisie\/2021\/03\/12\/samia-abbou-denonce-les-pratiques-douteuses-de-lavocat-seifeddine-makhlouf\/#breadcrumb","itemListElement":[{"@type":"ListItem","position":1,"name":"Accueil","item":"https:\/\/kapitalis.com\/tunisie\/"},{"@type":"ListItem","position":2,"name":"Samia Abbou d\u00e9nonce les pratiques douteuses de l&rsquo;avocat Seifeddine Makhlouf"}]},{"@type":"WebSite","@id":"https:\/\/kapitalis.com\/tunisie\/#website","url":"https:\/\/kapitalis.com\/tunisie\/","name":"Kapitalis","description":"L&#039;actualit\u00e9 en Tunisie et dans le monde","publisher":{"@id":"https:\/\/kapitalis.com\/tunisie\/#organization"},"potentialAction":[{"@type":"SearchAction","target":{"@type":"EntryPoint","urlTemplate":"https:\/\/kapitalis.com\/tunisie\/?s={search_term_string}"},"query-input":{"@type":"PropertyValueSpecification","valueRequired":true,"valueName":"search_term_string"}}],"inLanguage":"fr-FR"},{"@type":"Organization","@id":"https:\/\/kapitalis.com\/tunisie\/#organization","name":"Kapitalis","url":"https:\/\/kapitalis.com\/tunisie\/","logo":{"@type":"ImageObject","inLanguage":"fr-FR","@id":"https:\/\/kapitalis.com\/tunisie\/#\/schema\/logo\/image\/","url":"https:\/\/kapitalis.com\/tunisie\/wp-content\/uploads\/2022\/05\/Kapitalis-big-size.png","contentUrl":"https:\/\/kapitalis.com\/tunisie\/wp-content\/uploads\/2022\/05\/Kapitalis-big-size.png","width":5000,"height":1500,"caption":"Kapitalis"},"image":{"@id":"https:\/\/kapitalis.com\/tunisie\/#\/schema\/logo\/image\/"},"sameAs":["https:\/\/www.facebook.com\/KapitalisInfo\/","https:\/\/x.com\/KapitalisInfo","https:\/\/www.youtube.com\/channel\/UC-yDYrHyfFBWWZaOw3FPg9Q"]},{"@type":"Person","@id":"https:\/\/kapitalis.com\/tunisie\/#\/schema\/person\/74bbde0154d49d790a92aaeac5bc01d5","name":"Yusra NY","url":"https:\/\/kapitalis.com\/tunisie\/author\/yuza_adam\/"}]}},"_links":{"self":[{"href":"https:\/\/kapitalis.com\/tunisie\/wp-json\/wp\/v2\/posts\/339688","targetHints":{"allow":["GET"]}}],"collection":[{"href":"https:\/\/kapitalis.com\/tunisie\/wp-json\/wp\/v2\/posts"}],"about":[{"href":"https:\/\/kapitalis.com\/tunisie\/wp-json\/wp\/v2\/types\/post"}],"author":[{"embeddable":true,"href":"https:\/\/kapitalis.com\/tunisie\/wp-json\/wp\/v2\/users\/6"}],"replies":[{"embeddable":true,"href":"https:\/\/kapitalis.com\/tunisie\/wp-json\/wp\/v2\/comments?post=339688"}],"version-history":[{"count":0,"href":"https:\/\/kapitalis.com\/tunisie\/wp-json\/wp\/v2\/posts\/339688\/revisions"}],"wp:featuredmedia":[{"embeddable":true,"href":"https:\/\/kapitalis.com\/tunisie\/wp-json\/wp\/v2\/media\/339696"}],"wp:attachment":[{"href":"https:\/\/kapitalis.com\/tunisie\/wp-json\/wp\/v2\/media?parent=339688"}],"wp:term":[{"taxonomy":"category","embeddable":true,"href":"https:\/\/kapitalis.com\/tunisie\/wp-json\/wp\/v2\/categories?post=339688"},{"taxonomy":"post_tag","embeddable":true,"href":"https:\/\/kapitalis.com\/tunisie\/wp-json\/wp\/v2\/tags?post=339688"}],"curies":[{"name":"wp","href":"https:\/\/api.w.org\/{rel}","templated":true}]}}