{"id":339840,"date":"2021-03-14T14:54:20","date_gmt":"2021-03-14T13:54:20","guid":{"rendered":"http:\/\/kapitalis.com\/tunisie\/?p=339840"},"modified":"2021-03-14T17:01:35","modified_gmt":"2021-03-14T16:01:35","slug":"drame-de-gabes-les-habitants-en-colere-le-president-saied-sengage-a-ameliorer-les-conditions-dans-la-region-photos","status":"publish","type":"post","link":"https:\/\/kapitalis.com\/tunisie\/2021\/03\/14\/drame-de-gabes-les-habitants-en-colere-le-president-saied-sengage-a-ameliorer-les-conditions-dans-la-region-photos\/","title":{"rendered":"Drame de Gab\u00e8s : Les habitants en col\u00e8re, le pr\u00e9sident Sa\u00efed s&rsquo;engage \u00e0 am\u00e9liorer les conditions dans la r\u00e9gion (Photos)"},"content":{"rendered":"\n<figure class=\"wp-block-image size-large\"><img decoding=\"async\" src=\"http:\/\/kapitalis.com\/tunisie\/wp-content\/uploads\/2021\/03\/visite-Saied-gabes.jpg\" alt=\"\" class=\"wp-image-339845\"\/><\/figure>\n\n\n\n<p><strong><em>Le pr\u00e9sident de la r\u00e9publique, Ka\u00efs Sa\u00efed, s&rsquo;est rendu ce dimanche 14 mars 2021 au gouvernorat de Gab\u00e8s, suite au drame de l\u2019explosion qui a eu lieu hier dans une usine de la zone industrielle et qui a fait 5 morts.<\/em><\/strong><\/p>\n\n\n\n<!--more-->\n\n\n\n<p>Ka\u00efs Sa\u00efed qui s&rsquo;est rendu sur les lieux du drame et qui a \u00e9galement visit\u00e9 d&rsquo;autres zones de la r\u00e9gion, s&rsquo;est d\u00e9sol\u00e9 de la situation environnementale \u00e0 Gabes, en affirmant que la r\u00e9gin aurait d\u00fb \u00eatre un p\u00f4le dans plusieurs domaines, notamment le tourisme ou encore l\u2019agriculture : \u00abGabes est une ville sinistr\u00e9e dans un pays bless\u00e9 \u00bb, a-t-il regrett\u00e9 en s&rsquo;engageant \u00e0 assumer ses responsabilit\u00e9 et \u00e0 am\u00e9liorer les conditions dans la r\u00e9gion.<\/p>\n\n\n\n<p>Le chef de l&rsquo;Etat s&rsquo;est dans ce sens engag\u00e9 \u00e0 lancer des travaux pour la cr\u00e9ation d\u2019un \u00e9tablissement m\u00e9dical dans la r\u00e9gion, qui sera sp\u00e9cialis\u00e9 dans le traitement du cancer et qui sera supervis\u00e9 par la Direction g\u00e9n\u00e9rale du G\u00e9nie militaire.<\/p>\n\n\n\n<figure class=\"wp-block-gallery columns-2 is-cropped wp-block-gallery-1 is-layout-flex wp-block-gallery-is-layout-flex\"><ul class=\"blocks-gallery-grid\"><li class=\"blocks-gallery-item\"><figure><img decoding=\"async\" src=\"http:\/\/kapitalis.com\/tunisie\/wp-content\/uploads\/2021\/03\/gabes2.jpg\" alt=\"\" data-id=\"339847\" data-full-url=\"http:\/\/kapitalis.com\/tunisie\/wp-content\/uploads\/2021\/03\/gabes2.jpg\" data-link=\"http:\/\/kapitalis.com\/tunisie\/?attachment_id=339847\" class=\"wp-image-339847\"\/><\/figure><\/li><li class=\"blocks-gallery-item\"><figure><img decoding=\"async\" src=\"http:\/\/kapitalis.com\/tunisie\/wp-content\/uploads\/2021\/03\/gabes1.jpg\" alt=\"\" data-id=\"339848\" data-full-url=\"http:\/\/kapitalis.com\/tunisie\/wp-content\/uploads\/2021\/03\/gabes1.jpg\" data-link=\"http:\/\/kapitalis.com\/tunisie\/?attachment_id=339848\" class=\"wp-image-339848\"\/><\/figure><\/li><li class=\"blocks-gallery-item\"><figure><img decoding=\"async\" src=\"http:\/\/kapitalis.com\/tunisie\/wp-content\/uploads\/2021\/03\/ks-gabes-pole-1024x719.jpg\" alt=\"\" data-id=\"339849\" data-full-url=\"http:\/\/kapitalis.com\/tunisie\/wp-content\/uploads\/2021\/03\/ks-gabes-pole.jpg\" data-link=\"http:\/\/kapitalis.com\/tunisie\/?attachment_id=339849\" class=\"wp-image-339849\"\/><\/figure><\/li><li class=\"blocks-gallery-item\"><figure><img decoding=\"async\" src=\"http:\/\/kapitalis.com\/tunisie\/wp-content\/uploads\/2021\/03\/ks-gouvernorat-gabes-1024x647.jpg\" alt=\"\" data-id=\"339850\" data-full-url=\"http:\/\/kapitalis.com\/tunisie\/wp-content\/uploads\/2021\/03\/ks-gouvernorat-gabes.jpg\" data-link=\"http:\/\/kapitalis.com\/tunisie\/?attachment_id=339850\" class=\"wp-image-339850\"\/><\/figure><\/li><li class=\"blocks-gallery-item\"><figure><img decoding=\"async\" src=\"http:\/\/kapitalis.com\/tunisie\/wp-content\/uploads\/2021\/03\/ks-familles-victimes-1024x683.jpg\" alt=\"\" data-id=\"339851\" data-full-url=\"http:\/\/kapitalis.com\/tunisie\/wp-content\/uploads\/2021\/03\/ks-familles-victimes.jpg\" data-link=\"http:\/\/kapitalis.com\/tunisie\/?attachment_id=339851\" class=\"wp-image-339851\"\/><\/figure><\/li><li class=\"blocks-gallery-item\"><figure><img decoding=\"async\" src=\"http:\/\/kapitalis.com\/tunisie\/wp-content\/uploads\/2021\/03\/KS-reiunion-gabes-1024x675.jpg\" alt=\"\" data-id=\"339852\" data-full-url=\"http:\/\/kapitalis.com\/tunisie\/wp-content\/uploads\/2021\/03\/KS-reiunion-gabes.jpg\" data-link=\"http:\/\/kapitalis.com\/tunisie\/?attachment_id=339852\" class=\"wp-image-339852\"\/><\/figure><\/li><li class=\"blocks-gallery-item\"><figure><img decoding=\"async\" src=\"http:\/\/kapitalis.com\/tunisie\/wp-content\/uploads\/2021\/03\/KS-reunion-gabes-1024x616.jpg\" alt=\"\" data-id=\"339853\" data-full-url=\"http:\/\/kapitalis.com\/tunisie\/wp-content\/uploads\/2021\/03\/KS-reunion-gabes.jpg\" data-link=\"http:\/\/kapitalis.com\/tunisie\/?attachment_id=339853\" class=\"wp-image-339853\"\/><\/figure><\/li><li class=\"blocks-gallery-item\"><figure><img decoding=\"async\" src=\"http:\/\/kapitalis.com\/tunisie\/wp-content\/uploads\/2021\/03\/KS-1024x683.jpg\" alt=\"\" data-id=\"339854\" data-full-url=\"http:\/\/kapitalis.com\/tunisie\/wp-content\/uploads\/2021\/03\/KS.jpg\" data-link=\"http:\/\/kapitalis.com\/tunisie\/?attachment_id=339854\" class=\"wp-image-339854\"\/><\/figure><\/li><\/ul><\/figure>\n\n\n\n<p>Ka\u00efs Saied a \u00e9galement profit\u00e9 de sa visite pour se rendre \u00e0 El-Hamma, o\u00f9 il a pu rencontrer des habitants et \u00e9couter leurs demandes.<\/p>\n\n\n\n<p>En parall\u00e8le de cette visite, les habitants en col\u00e8re, eux se sont rassembl\u00e9s devant le si\u00e8ge du gouvernorat pour d\u00e9noncer la situation et accuser les autorit\u00e9 de manquements et d&rsquo;avoir tourn\u00e9 le dos \u00e0 Gab\u00e8s, o\u00f9 la pollution caus\u00e9e par des produits chimiques a port\u00e9 atteinte \u00e0 la sant\u00e9 des habitants et notamment les enfants, tout en appelant \u00e0 la fermeture imm\u00e9diate du Groupe Chimique tunisien.<\/p>\n\n\n\n<p>Au si\u00e8ge du gouvernorat, le pr\u00e9sident a organis\u00e9 une r\u00e9union avec le gouverneur et en pr\u00e9sence de deux d\u00e9put\u00e9s, puis une rencontre avec les familles des victimes et des responsables locaux, tout en ordonnant l&rsquo;ouverture d&rsquo;une enqu\u00eate pour d\u00e9terminer les responsabilit\u00e9s dans ce drame. <\/p>\n\n\n\n<p class=\"has-text-align-right\"><strong>Y. N.<\/strong><\/p>\n","protected":false},"excerpt":{"rendered":"<p>Le pr\u00e9sident de la r\u00e9publique, Ka\u00efs Sa\u00efed, s&rsquo;est rendu ce dimanche 14 mars 2021 au gouvernorat de Gab\u00e8s, suite au drame de l\u2019explosion qui a eu lieu hier dans une usine de la zone industrielle et qui a fait 5 morts.<\/p>\n","protected":false},"author":6,"featured_media":339845,"comment_status":"open","ping_status":"open","sticky":false,"template":"","format":"standard","meta":{"footnotes":""},"categories":[997,998,2433],"tags":[360,79489,79627,732],"class_list":["post-339840","post","type-post","status-publish","format-standard","has-post-thumbnail","hentry","category-politique","category-societe","category-tunisie","tag-explosion","tag-gabes-2","tag-kais-saied","tag-pollution"],"yoast_head":"<!-- This site is optimized with the Yoast SEO plugin v26.6 - https:\/\/yoast.com\/wordpress\/plugins\/seo\/ -->\n<title>Drame de Gab\u00e8s : Les habitants en col\u00e8re, le pr\u00e9sident Sa\u00efed s&#039;engage \u00e0 am\u00e9liorer les conditions dans la r\u00e9gion (Photos) - Kapitalis<\/title>\n<meta name=\"robots\" content=\"index, follow, max-snippet:-1, max-image-preview:large, max-video-preview:-1\" \/>\n<link rel=\"canonical\" href=\"https:\/\/kapitalis.com\/tunisie\/2021\/03\/14\/drame-de-gabes-les-habitants-en-colere-le-president-saied-sengage-a-ameliorer-les-conditions-dans-la-region-photos\/\" \/>\n<meta property=\"og:locale\" content=\"fr_FR\" \/>\n<meta property=\"og:type\" content=\"article\" \/>\n<meta property=\"og:title\" content=\"Drame de Gab\u00e8s : Les habitants en col\u00e8re, le pr\u00e9sident Sa\u00efed s&#039;engage \u00e0 am\u00e9liorer les conditions dans la r\u00e9gion (Photos) - Kapitalis\" \/>\n<meta property=\"og:description\" content=\"Le pr\u00e9sident de la r\u00e9publique, Ka\u00efs Sa\u00efed, s&rsquo;est rendu ce dimanche 14 mars 2021 au gouvernorat de Gab\u00e8s, suite au drame de l\u2019explosion qui a eu lieu hier dans une usine de la zone industrielle et qui a fait 5 morts.\" \/>\n<meta property=\"og:url\" content=\"https:\/\/kapitalis.com\/tunisie\/2021\/03\/14\/drame-de-gabes-les-habitants-en-colere-le-president-saied-sengage-a-ameliorer-les-conditions-dans-la-region-photos\/\" \/>\n<meta property=\"og:site_name\" content=\"Kapitalis\" \/>\n<meta property=\"article:publisher\" content=\"https:\/\/www.facebook.com\/KapitalisInfo\/\" \/>\n<meta property=\"article:published_time\" content=\"2021-03-14T13:54:20+00:00\" \/>\n<meta property=\"article:modified_time\" content=\"2021-03-14T16:01:35+00:00\" \/>\n<meta property=\"og:image\" content=\"https:\/\/kapitalis.com\/tunisie\/wp-content\/uploads\/2022\/05\/kapitalis-logo-fb.png\" \/>\n\t<meta property=\"og:image:width\" content=\"1200\" \/>\n\t<meta property=\"og:image:height\" content=\"630\" \/>\n\t<meta property=\"og:image:type\" content=\"image\/png\" \/>\n<meta name=\"author\" content=\"Yusra NY\" \/>\n<meta name=\"twitter:card\" content=\"summary_large_image\" \/>\n<meta name=\"twitter:creator\" content=\"@KapitalisInfo\" \/>\n<meta name=\"twitter:site\" content=\"@KapitalisInfo\" \/>\n<meta name=\"twitter:label1\" content=\"\u00c9crit par\" \/>\n\t<meta name=\"twitter:data1\" content=\"Yusra NY\" \/>\n\t<meta name=\"twitter:label2\" content=\"Dur\u00e9e de lecture estim\u00e9e\" \/>\n\t<meta name=\"twitter:data2\" content=\"2 minutes\" \/>\n<script type=\"application\/ld+json\" class=\"yoast-schema-graph\">{\"@context\":\"https:\/\/schema.org\",\"@graph\":[{\"@type\":\"Article\",\"@id\":\"https:\/\/kapitalis.com\/tunisie\/2021\/03\/14\/drame-de-gabes-les-habitants-en-colere-le-president-saied-sengage-a-ameliorer-les-conditions-dans-la-region-photos\/#article\",\"isPartOf\":{\"@id\":\"https:\/\/kapitalis.com\/tunisie\/2021\/03\/14\/drame-de-gabes-les-habitants-en-colere-le-president-saied-sengage-a-ameliorer-les-conditions-dans-la-region-photos\/\"},\"author\":{\"name\":\"Yusra NY\",\"@id\":\"https:\/\/kapitalis.com\/tunisie\/#\/schema\/person\/74bbde0154d49d790a92aaeac5bc01d5\"},\"headline\":\"Drame de Gab\u00e8s : Les habitants en col\u00e8re, le pr\u00e9sident Sa\u00efed s&rsquo;engage \u00e0 am\u00e9liorer les conditions dans la r\u00e9gion (Photos)\",\"datePublished\":\"2021-03-14T13:54:20+00:00\",\"dateModified\":\"2021-03-14T16:01:35+00:00\",\"mainEntityOfPage\":{\"@id\":\"https:\/\/kapitalis.com\/tunisie\/2021\/03\/14\/drame-de-gabes-les-habitants-en-colere-le-president-saied-sengage-a-ameliorer-les-conditions-dans-la-region-photos\/\"},\"wordCount\":345,\"commentCount\":0,\"publisher\":{\"@id\":\"https:\/\/kapitalis.com\/tunisie\/#organization\"},\"image\":{\"@id\":\"https:\/\/kapitalis.com\/tunisie\/2021\/03\/14\/drame-de-gabes-les-habitants-en-colere-le-president-saied-sengage-a-ameliorer-les-conditions-dans-la-region-photos\/#primaryimage\"},\"thumbnailUrl\":\"\",\"keywords\":[\"explosion\",\"Gabes\",\"\u064fKa\u00efs Sa\u00efed\",\"pollution\"],\"articleSection\":[\"POLITIQUE\",\"SOCIETE\",\"Tunisie\"],\"inLanguage\":\"fr-FR\",\"potentialAction\":[{\"@type\":\"CommentAction\",\"name\":\"Comment\",\"target\":[\"https:\/\/kapitalis.com\/tunisie\/2021\/03\/14\/drame-de-gabes-les-habitants-en-colere-le-president-saied-sengage-a-ameliorer-les-conditions-dans-la-region-photos\/#respond\"]}]},{\"@type\":\"WebPage\",\"@id\":\"https:\/\/kapitalis.com\/tunisie\/2021\/03\/14\/drame-de-gabes-les-habitants-en-colere-le-president-saied-sengage-a-ameliorer-les-conditions-dans-la-region-photos\/\",\"url\":\"https:\/\/kapitalis.com\/tunisie\/2021\/03\/14\/drame-de-gabes-les-habitants-en-colere-le-president-saied-sengage-a-ameliorer-les-conditions-dans-la-region-photos\/\",\"name\":\"Drame de Gab\u00e8s : Les habitants en col\u00e8re, le pr\u00e9sident Sa\u00efed s'engage \u00e0 am\u00e9liorer les conditions dans la r\u00e9gion (Photos) - Kapitalis\",\"isPartOf\":{\"@id\":\"https:\/\/kapitalis.com\/tunisie\/#website\"},\"primaryImageOfPage\":{\"@id\":\"https:\/\/kapitalis.com\/tunisie\/2021\/03\/14\/drame-de-gabes-les-habitants-en-colere-le-president-saied-sengage-a-ameliorer-les-conditions-dans-la-region-photos\/#primaryimage\"},\"image\":{\"@id\":\"https:\/\/kapitalis.com\/tunisie\/2021\/03\/14\/drame-de-gabes-les-habitants-en-colere-le-president-saied-sengage-a-ameliorer-les-conditions-dans-la-region-photos\/#primaryimage\"},\"thumbnailUrl\":\"\",\"datePublished\":\"2021-03-14T13:54:20+00:00\",\"dateModified\":\"2021-03-14T16:01:35+00:00\",\"breadcrumb\":{\"@id\":\"https:\/\/kapitalis.com\/tunisie\/2021\/03\/14\/drame-de-gabes-les-habitants-en-colere-le-president-saied-sengage-a-ameliorer-les-conditions-dans-la-region-photos\/#breadcrumb\"},\"inLanguage\":\"fr-FR\",\"potentialAction\":[{\"@type\":\"ReadAction\",\"target\":[\"https:\/\/kapitalis.com\/tunisie\/2021\/03\/14\/drame-de-gabes-les-habitants-en-colere-le-president-saied-sengage-a-ameliorer-les-conditions-dans-la-region-photos\/\"]}]},{\"@type\":\"ImageObject\",\"inLanguage\":\"fr-FR\",\"@id\":\"https:\/\/kapitalis.com\/tunisie\/2021\/03\/14\/drame-de-gabes-les-habitants-en-colere-le-president-saied-sengage-a-ameliorer-les-conditions-dans-la-region-photos\/#primaryimage\",\"url\":\"\",\"contentUrl\":\"\"},{\"@type\":\"BreadcrumbList\",\"@id\":\"https:\/\/kapitalis.com\/tunisie\/2021\/03\/14\/drame-de-gabes-les-habitants-en-colere-le-president-saied-sengage-a-ameliorer-les-conditions-dans-la-region-photos\/#breadcrumb\",\"itemListElement\":[{\"@type\":\"ListItem\",\"position\":1,\"name\":\"Accueil\",\"item\":\"https:\/\/kapitalis.com\/tunisie\/\"},{\"@type\":\"ListItem\",\"position\":2,\"name\":\"Drame de Gab\u00e8s : Les habitants en col\u00e8re, le pr\u00e9sident Sa\u00efed s&rsquo;engage \u00e0 am\u00e9liorer les conditions dans la r\u00e9gion (Photos)\"}]},{\"@type\":\"WebSite\",\"@id\":\"https:\/\/kapitalis.com\/tunisie\/#website\",\"url\":\"https:\/\/kapitalis.com\/tunisie\/\",\"name\":\"Kapitalis\",\"description\":\"L&#039;actualit\u00e9 en Tunisie et dans le monde\",\"publisher\":{\"@id\":\"https:\/\/kapitalis.com\/tunisie\/#organization\"},\"potentialAction\":[{\"@type\":\"SearchAction\",\"target\":{\"@type\":\"EntryPoint\",\"urlTemplate\":\"https:\/\/kapitalis.com\/tunisie\/?s={search_term_string}\"},\"query-input\":{\"@type\":\"PropertyValueSpecification\",\"valueRequired\":true,\"valueName\":\"search_term_string\"}}],\"inLanguage\":\"fr-FR\"},{\"@type\":\"Organization\",\"@id\":\"https:\/\/kapitalis.com\/tunisie\/#organization\",\"name\":\"Kapitalis\",\"url\":\"https:\/\/kapitalis.com\/tunisie\/\",\"logo\":{\"@type\":\"ImageObject\",\"inLanguage\":\"fr-FR\",\"@id\":\"https:\/\/kapitalis.com\/tunisie\/#\/schema\/logo\/image\/\",\"url\":\"https:\/\/kapitalis.com\/tunisie\/wp-content\/uploads\/2022\/05\/Kapitalis-big-size.png\",\"contentUrl\":\"https:\/\/kapitalis.com\/tunisie\/wp-content\/uploads\/2022\/05\/Kapitalis-big-size.png\",\"width\":5000,\"height\":1500,\"caption\":\"Kapitalis\"},\"image\":{\"@id\":\"https:\/\/kapitalis.com\/tunisie\/#\/schema\/logo\/image\/\"},\"sameAs\":[\"https:\/\/www.facebook.com\/KapitalisInfo\/\",\"https:\/\/x.com\/KapitalisInfo\",\"https:\/\/www.youtube.com\/channel\/UC-yDYrHyfFBWWZaOw3FPg9Q\"]},{\"@type\":\"Person\",\"@id\":\"https:\/\/kapitalis.com\/tunisie\/#\/schema\/person\/74bbde0154d49d790a92aaeac5bc01d5\",\"name\":\"Yusra NY\",\"url\":\"https:\/\/kapitalis.com\/tunisie\/author\/yuza_adam\/\"}]}<\/script>\n<!-- \/ Yoast SEO plugin. -->","yoast_head_json":{"title":"Drame de Gab\u00e8s : Les habitants en col\u00e8re, le pr\u00e9sident Sa\u00efed s'engage \u00e0 am\u00e9liorer les conditions dans la r\u00e9gion (Photos) - Kapitalis","robots":{"index":"index","follow":"follow","max-snippet":"max-snippet:-1","max-image-preview":"max-image-preview:large","max-video-preview":"max-video-preview:-1"},"canonical":"https:\/\/kapitalis.com\/tunisie\/2021\/03\/14\/drame-de-gabes-les-habitants-en-colere-le-president-saied-sengage-a-ameliorer-les-conditions-dans-la-region-photos\/","og_locale":"fr_FR","og_type":"article","og_title":"Drame de Gab\u00e8s : Les habitants en col\u00e8re, le pr\u00e9sident Sa\u00efed s'engage \u00e0 am\u00e9liorer les conditions dans la r\u00e9gion (Photos) - Kapitalis","og_description":"Le pr\u00e9sident de la r\u00e9publique, Ka\u00efs Sa\u00efed, s&rsquo;est rendu ce dimanche 14 mars 2021 au gouvernorat de Gab\u00e8s, suite au drame de l\u2019explosion qui a eu lieu hier dans une usine de la zone industrielle et qui a fait 5 morts.","og_url":"https:\/\/kapitalis.com\/tunisie\/2021\/03\/14\/drame-de-gabes-les-habitants-en-colere-le-president-saied-sengage-a-ameliorer-les-conditions-dans-la-region-photos\/","og_site_name":"Kapitalis","article_publisher":"https:\/\/www.facebook.com\/KapitalisInfo\/","article_published_time":"2021-03-14T13:54:20+00:00","article_modified_time":"2021-03-14T16:01:35+00:00","og_image":[{"width":1200,"height":630,"url":"https:\/\/kapitalis.com\/tunisie\/wp-content\/uploads\/2022\/05\/kapitalis-logo-fb.png","type":"image\/png"}],"author":"Yusra NY","twitter_card":"summary_large_image","twitter_creator":"@KapitalisInfo","twitter_site":"@KapitalisInfo","twitter_misc":{"\u00c9crit par":"Yusra NY","Dur\u00e9e de lecture estim\u00e9e":"2 minutes"},"schema":{"@context":"https:\/\/schema.org","@graph":[{"@type":"Article","@id":"https:\/\/kapitalis.com\/tunisie\/2021\/03\/14\/drame-de-gabes-les-habitants-en-colere-le-president-saied-sengage-a-ameliorer-les-conditions-dans-la-region-photos\/#article","isPartOf":{"@id":"https:\/\/kapitalis.com\/tunisie\/2021\/03\/14\/drame-de-gabes-les-habitants-en-colere-le-president-saied-sengage-a-ameliorer-les-conditions-dans-la-region-photos\/"},"author":{"name":"Yusra NY","@id":"https:\/\/kapitalis.com\/tunisie\/#\/schema\/person\/74bbde0154d49d790a92aaeac5bc01d5"},"headline":"Drame de Gab\u00e8s : Les habitants en col\u00e8re, le pr\u00e9sident Sa\u00efed s&rsquo;engage \u00e0 am\u00e9liorer les conditions dans la r\u00e9gion (Photos)","datePublished":"2021-03-14T13:54:20+00:00","dateModified":"2021-03-14T16:01:35+00:00","mainEntityOfPage":{"@id":"https:\/\/kapitalis.com\/tunisie\/2021\/03\/14\/drame-de-gabes-les-habitants-en-colere-le-president-saied-sengage-a-ameliorer-les-conditions-dans-la-region-photos\/"},"wordCount":345,"commentCount":0,"publisher":{"@id":"https:\/\/kapitalis.com\/tunisie\/#organization"},"image":{"@id":"https:\/\/kapitalis.com\/tunisie\/2021\/03\/14\/drame-de-gabes-les-habitants-en-colere-le-president-saied-sengage-a-ameliorer-les-conditions-dans-la-region-photos\/#primaryimage"},"thumbnailUrl":"","keywords":["explosion","Gabes","\u064fKa\u00efs Sa\u00efed","pollution"],"articleSection":["POLITIQUE","SOCIETE","Tunisie"],"inLanguage":"fr-FR","potentialAction":[{"@type":"CommentAction","name":"Comment","target":["https:\/\/kapitalis.com\/tunisie\/2021\/03\/14\/drame-de-gabes-les-habitants-en-colere-le-president-saied-sengage-a-ameliorer-les-conditions-dans-la-region-photos\/#respond"]}]},{"@type":"WebPage","@id":"https:\/\/kapitalis.com\/tunisie\/2021\/03\/14\/drame-de-gabes-les-habitants-en-colere-le-president-saied-sengage-a-ameliorer-les-conditions-dans-la-region-photos\/","url":"https:\/\/kapitalis.com\/tunisie\/2021\/03\/14\/drame-de-gabes-les-habitants-en-colere-le-president-saied-sengage-a-ameliorer-les-conditions-dans-la-region-photos\/","name":"Drame de Gab\u00e8s : Les habitants en col\u00e8re, le pr\u00e9sident Sa\u00efed s'engage \u00e0 am\u00e9liorer les conditions dans la r\u00e9gion (Photos) - Kapitalis","isPartOf":{"@id":"https:\/\/kapitalis.com\/tunisie\/#website"},"primaryImageOfPage":{"@id":"https:\/\/kapitalis.com\/tunisie\/2021\/03\/14\/drame-de-gabes-les-habitants-en-colere-le-president-saied-sengage-a-ameliorer-les-conditions-dans-la-region-photos\/#primaryimage"},"image":{"@id":"https:\/\/kapitalis.com\/tunisie\/2021\/03\/14\/drame-de-gabes-les-habitants-en-colere-le-president-saied-sengage-a-ameliorer-les-conditions-dans-la-region-photos\/#primaryimage"},"thumbnailUrl":"","datePublished":"2021-03-14T13:54:20+00:00","dateModified":"2021-03-14T16:01:35+00:00","breadcrumb":{"@id":"https:\/\/kapitalis.com\/tunisie\/2021\/03\/14\/drame-de-gabes-les-habitants-en-colere-le-president-saied-sengage-a-ameliorer-les-conditions-dans-la-region-photos\/#breadcrumb"},"inLanguage":"fr-FR","potentialAction":[{"@type":"ReadAction","target":["https:\/\/kapitalis.com\/tunisie\/2021\/03\/14\/drame-de-gabes-les-habitants-en-colere-le-president-saied-sengage-a-ameliorer-les-conditions-dans-la-region-photos\/"]}]},{"@type":"ImageObject","inLanguage":"fr-FR","@id":"https:\/\/kapitalis.com\/tunisie\/2021\/03\/14\/drame-de-gabes-les-habitants-en-colere-le-president-saied-sengage-a-ameliorer-les-conditions-dans-la-region-photos\/#primaryimage","url":"","contentUrl":""},{"@type":"BreadcrumbList","@id":"https:\/\/kapitalis.com\/tunisie\/2021\/03\/14\/drame-de-gabes-les-habitants-en-colere-le-president-saied-sengage-a-ameliorer-les-conditions-dans-la-region-photos\/#breadcrumb","itemListElement":[{"@type":"ListItem","position":1,"name":"Accueil","item":"https:\/\/kapitalis.com\/tunisie\/"},{"@type":"ListItem","position":2,"name":"Drame de Gab\u00e8s : Les habitants en col\u00e8re, le pr\u00e9sident Sa\u00efed s&rsquo;engage \u00e0 am\u00e9liorer les conditions dans la r\u00e9gion (Photos)"}]},{"@type":"WebSite","@id":"https:\/\/kapitalis.com\/tunisie\/#website","url":"https:\/\/kapitalis.com\/tunisie\/","name":"Kapitalis","description":"L&#039;actualit\u00e9 en Tunisie et dans le monde","publisher":{"@id":"https:\/\/kapitalis.com\/tunisie\/#organization"},"potentialAction":[{"@type":"SearchAction","target":{"@type":"EntryPoint","urlTemplate":"https:\/\/kapitalis.com\/tunisie\/?s={search_term_string}"},"query-input":{"@type":"PropertyValueSpecification","valueRequired":true,"valueName":"search_term_string"}}],"inLanguage":"fr-FR"},{"@type":"Organization","@id":"https:\/\/kapitalis.com\/tunisie\/#organization","name":"Kapitalis","url":"https:\/\/kapitalis.com\/tunisie\/","logo":{"@type":"ImageObject","inLanguage":"fr-FR","@id":"https:\/\/kapitalis.com\/tunisie\/#\/schema\/logo\/image\/","url":"https:\/\/kapitalis.com\/tunisie\/wp-content\/uploads\/2022\/05\/Kapitalis-big-size.png","contentUrl":"https:\/\/kapitalis.com\/tunisie\/wp-content\/uploads\/2022\/05\/Kapitalis-big-size.png","width":5000,"height":1500,"caption":"Kapitalis"},"image":{"@id":"https:\/\/kapitalis.com\/tunisie\/#\/schema\/logo\/image\/"},"sameAs":["https:\/\/www.facebook.com\/KapitalisInfo\/","https:\/\/x.com\/KapitalisInfo","https:\/\/www.youtube.com\/channel\/UC-yDYrHyfFBWWZaOw3FPg9Q"]},{"@type":"Person","@id":"https:\/\/kapitalis.com\/tunisie\/#\/schema\/person\/74bbde0154d49d790a92aaeac5bc01d5","name":"Yusra NY","url":"https:\/\/kapitalis.com\/tunisie\/author\/yuza_adam\/"}]}},"_links":{"self":[{"href":"https:\/\/kapitalis.com\/tunisie\/wp-json\/wp\/v2\/posts\/339840","targetHints":{"allow":["GET"]}}],"collection":[{"href":"https:\/\/kapitalis.com\/tunisie\/wp-json\/wp\/v2\/posts"}],"about":[{"href":"https:\/\/kapitalis.com\/tunisie\/wp-json\/wp\/v2\/types\/post"}],"author":[{"embeddable":true,"href":"https:\/\/kapitalis.com\/tunisie\/wp-json\/wp\/v2\/users\/6"}],"replies":[{"embeddable":true,"href":"https:\/\/kapitalis.com\/tunisie\/wp-json\/wp\/v2\/comments?post=339840"}],"version-history":[{"count":0,"href":"https:\/\/kapitalis.com\/tunisie\/wp-json\/wp\/v2\/posts\/339840\/revisions"}],"wp:featuredmedia":[{"embeddable":true,"href":"https:\/\/kapitalis.com\/tunisie\/wp-json\/wp\/v2\/media\/339845"}],"wp:attachment":[{"href":"https:\/\/kapitalis.com\/tunisie\/wp-json\/wp\/v2\/media?parent=339840"}],"wp:term":[{"taxonomy":"category","embeddable":true,"href":"https:\/\/kapitalis.com\/tunisie\/wp-json\/wp\/v2\/categories?post=339840"},{"taxonomy":"post_tag","embeddable":true,"href":"https:\/\/kapitalis.com\/tunisie\/wp-json\/wp\/v2\/tags?post=339840"}],"curies":[{"name":"wp","href":"https:\/\/api.w.org\/{rel}","templated":true}]}}