{"id":339893,"date":"2021-03-15T10:25:57","date_gmt":"2021-03-15T09:25:57","guid":{"rendered":"http:\/\/kapitalis.com\/tunisie\/?p=339893"},"modified":"2021-03-15T10:25:59","modified_gmt":"2021-03-15T09:25:59","slug":"le-mef-organise-le-2e-rendez-vous-trimestriel-des-entrepreneurs-du-maghreb","status":"publish","type":"post","link":"https:\/\/kapitalis.com\/tunisie\/2021\/03\/15\/le-mef-organise-le-2e-rendez-vous-trimestriel-des-entrepreneurs-du-maghreb\/","title":{"rendered":"Le MEF organise le 2e \u00abRendez-vous trimestriel des entrepreneurs du Maghreb\u00bb"},"content":{"rendered":"\n<figure class=\"wp-block-image size-large\"><img decoding=\"async\" src=\"http:\/\/kapitalis.com\/tunisie\/wp-content\/uploads\/2021\/03\/Rendez-vous-trimestriel-des-entrepreneurs-du-Maghreb.jpg\" alt=\"\" class=\"wp-image-339899\"\/><\/figure>\n\n\n\n<p><em style=\"\"><b>Le Maghreb Economic Forum (MEF) organise, en collaboration avec le Centre d&rsquo;action et de r\u00e9flexion pour l&rsquo;entreprise (CARE) et l&rsquo;Initiative pour la communaut\u00e9 <\/b><\/em><strong><em>\u00e9conomique du Maghreb (ICEM), en format webinaire, le second \u00abRendez-vous trimestriel des entrepreneurs du Maghreb\u00bb, le mercredi 17 mars 2021 de 15h30 \u00e0 17h00. Inscription. <\/em><\/strong><\/p>\n\n\n\n<!--more-->\n\n\n\n<p>Contre toute attente, nous assistons en cette p\u00e9riode de rentr\u00e9e 2021 \u00e0 des re-confinements drastiques dans de nombreux pays et ce, en d\u00e9pit des premi\u00e8res campagnes de vaccination.<\/p>\n\n\n\n<p>Le Maghreb demeure la r\u00e9gion la moins int\u00e9gr\u00e9e du monde avec des flux d\u2019\u00e9changes inter-r\u00e9gionaux estim\u00e9s \u00e0 moins de 5% du total des transactions commerciales.<\/p>\n\n\n\n<p>Le prolongement de la pand\u00e9mie repr\u00e9sente une s\u00e9rieuse menace pour les indicateurs macro\u00e9conomiques : r\u00e9cession \u00e9conomique moyenne de 5% dans la zone en 2020 d\u2019apr\u00e8s le FMI, fort taux de ch\u00f4mage et faible dispositif d\u2019aides sociales, etc.<\/p>\n\n\n\n<p>Cependant, la crise sanitaire est aussi un acc\u00e9l\u00e9rateur de l\u2019histoire et peut \u00eatre ainsi un levier de mobilisation r\u00e9gionale. Face au mur dress\u00e9 depuis plus de 25 ans par les institutions, la pand\u00e9mie invite les acteurs \u00e9conomiques \u00e0 faire un pas de c\u00f4t\u00e9 pour se glisser dans un couloir dynamique d\u2019\u00e9changes et de partenariats. L\u2019entr\u00e9e en vigueur de la zone de libre-\u00e9change continentale africaine (Zlecaf) en janvier 2021 peut \u00eatre un ressort suppl\u00e9mentaire pour impulser une strat\u00e9gie commune maghr\u00e9bine.<\/p>\n\n\n\n<p>Les entreprises maghr\u00e9bines, constitu\u00e9es \u00e0 plus de 90% de PME\/TPE, ont besoin de nouer des liens pragmatiques autour de projets innovants, inclusifs, et facilement d\u00e9ployables.<\/p>\n\n\n\n<p>Le pas de c\u00f4t\u00e9 se concr\u00e9tise \u00e0 travers ce Rendez-vous trimestriel des entrepreneurs du Maghreb au service d\u2019une nouvelle vision : rendre possible une int\u00e9gration r\u00e9gionale bas\u00e9e sur approche business.<\/p>\n\n\n\n<p>Ce second webinaire invite \u00e0 mettre en exergue le r\u00f4le des patronats aux strat\u00e9gies nationales et leur impact.<\/p>\n\n\n\n<p>Le Maghreb repr\u00e9senterait une solution suppl\u00e9mentaire de sortie de crise \u00e0 travers une nouvelle forme de coop\u00e9ration dans ce contexte \u00e9conomique difficile. Ainsi, l\u2019int\u00e9r\u00eat sera-t-il port\u00e9 aux secteurs cl\u00e9s qui dynamiseraient le commerce intra-maghr\u00e9bin et in fine, cr\u00e9eraient des emplois.<\/p>\n\n\n\n<p>La situation actuelle du Maghreb peut se r\u00e9sumer en une question : pourquoi obtenons-nous collectivement des r\u00e9sultats qu\u2019individuellement personne ne souhaite?<\/p>\n\n\n\n<p>Le Maghreb Economic Forum (MEF) est think-and-do tank ind\u00e9pendant fond\u00e9 en 2011et ui se donne pour mission de r\u00e9unir et de mobiliser divers acteurs pour catalyser le d\u00e9veloppement \u00e9conomique et social durable au Maghreb.<\/p>\n\n\n\n<p>Le MEF estime qu\u2019une citoyennet\u00e9 inform\u00e9e et active est la cl\u00e9 de la construction d\u2019\u00e9conomies durables et de soci\u00e9t\u00e9s inclusives.<\/p>\n\n\n\n<p><strong><em><a href=\"https:\/\/zoom.us\/webinar\/register\/WN_dg2Ss4gQQ76xHjcg_exIxA?utm_source=newsletter&amp;utm_medium=email&amp;utm_campaign=le_rendez_vous_trimestriel_des_entrepreneurs_du_maghreb&amp;utm_term=2021-03-15\" target=\"_blank\" aria-label=\"undefined (s\u2019ouvre dans un nouvel onglet)\" rel=\"noreferrer noopener\">Inscription. <\/a><\/em><\/strong><\/p>\n","protected":false},"excerpt":{"rendered":"<p>Le Maghreb Economic Forum (MEF) organise, en collaboration avec le Centre d&rsquo;action et de r\u00e9flexion pour l&rsquo;entreprise (CARE) et l&rsquo;Initiative pour la communaut\u00e9 \u00e9conomique du Maghreb (ICEM), en format webinaire, le second \u00abRendez-vous trimestriel des entrepreneurs du Maghreb\u00bb, le mercredi 17 mars 2021 de 15h30 \u00e0 17h00. Inscription.<\/p>\n","protected":false},"author":8,"featured_media":339899,"comment_status":"open","ping_status":"open","sticky":false,"template":"","format":"standard","meta":{"footnotes":""},"categories":[995,2433],"tags":[88338,88340,88339,88337,76155],"class_list":["post-339893","post","type-post","status-publish","format-standard","has-post-thumbnail","hentry","category-economie","category-tunisie","tag-care","tag-entrepreneurs-du-maghreb","tag-icem","tag-maghreb-economic-forum","tag-zlecaf"],"yoast_head":"<!-- This site is optimized with the Yoast SEO plugin v26.6 - https:\/\/yoast.com\/wordpress\/plugins\/seo\/ -->\n<title>Le MEF organise le 2e \u00abRendez-vous trimestriel des entrepreneurs du Maghreb\u00bb - Kapitalis<\/title>\n<meta name=\"robots\" content=\"index, follow, max-snippet:-1, max-image-preview:large, max-video-preview:-1\" \/>\n<link rel=\"canonical\" href=\"https:\/\/kapitalis.com\/tunisie\/2021\/03\/15\/le-mef-organise-le-2e-rendez-vous-trimestriel-des-entrepreneurs-du-maghreb\/\" \/>\n<meta property=\"og:locale\" content=\"fr_FR\" \/>\n<meta property=\"og:type\" content=\"article\" \/>\n<meta property=\"og:title\" content=\"Le MEF organise le 2e \u00abRendez-vous trimestriel des entrepreneurs du Maghreb\u00bb - Kapitalis\" \/>\n<meta property=\"og:description\" content=\"Le Maghreb Economic Forum (MEF) organise, en collaboration avec le Centre d&rsquo;action et de r\u00e9flexion pour l&rsquo;entreprise (CARE) et l&rsquo;Initiative pour la communaut\u00e9 \u00e9conomique du Maghreb (ICEM), en format webinaire, le second \u00abRendez-vous trimestriel des entrepreneurs du Maghreb\u00bb, le mercredi 17 mars 2021 de 15h30 \u00e0 17h00. Inscription.\" \/>\n<meta property=\"og:url\" content=\"https:\/\/kapitalis.com\/tunisie\/2021\/03\/15\/le-mef-organise-le-2e-rendez-vous-trimestriel-des-entrepreneurs-du-maghreb\/\" \/>\n<meta property=\"og:site_name\" content=\"Kapitalis\" \/>\n<meta property=\"article:publisher\" content=\"https:\/\/www.facebook.com\/KapitalisInfo\/\" \/>\n<meta property=\"article:published_time\" content=\"2021-03-15T09:25:57+00:00\" \/>\n<meta property=\"article:modified_time\" content=\"2021-03-15T09:25:59+00:00\" \/>\n<meta property=\"og:image\" content=\"https:\/\/kapitalis.com\/tunisie\/wp-content\/uploads\/2022\/05\/kapitalis-logo-fb.png\" \/>\n\t<meta property=\"og:image:width\" content=\"1200\" \/>\n\t<meta property=\"og:image:height\" content=\"630\" \/>\n\t<meta property=\"og:image:type\" content=\"image\/png\" \/>\n<meta name=\"author\" content=\"webmaster kapitalis\" \/>\n<meta name=\"twitter:card\" content=\"summary_large_image\" \/>\n<meta name=\"twitter:creator\" content=\"@KapitalisInfo\" \/>\n<meta name=\"twitter:site\" content=\"@KapitalisInfo\" \/>\n<meta name=\"twitter:label1\" content=\"\u00c9crit par\" \/>\n\t<meta name=\"twitter:data1\" content=\"webmaster kapitalis\" \/>\n\t<meta name=\"twitter:label2\" content=\"Dur\u00e9e de lecture estim\u00e9e\" \/>\n\t<meta name=\"twitter:data2\" content=\"2 minutes\" \/>\n<script type=\"application\/ld+json\" class=\"yoast-schema-graph\">{\"@context\":\"https:\/\/schema.org\",\"@graph\":[{\"@type\":\"Article\",\"@id\":\"https:\/\/kapitalis.com\/tunisie\/2021\/03\/15\/le-mef-organise-le-2e-rendez-vous-trimestriel-des-entrepreneurs-du-maghreb\/#article\",\"isPartOf\":{\"@id\":\"https:\/\/kapitalis.com\/tunisie\/2021\/03\/15\/le-mef-organise-le-2e-rendez-vous-trimestriel-des-entrepreneurs-du-maghreb\/\"},\"author\":{\"name\":\"webmaster kapitalis\",\"@id\":\"https:\/\/kapitalis.com\/tunisie\/#\/schema\/person\/d71f33a9ca44f7bad4698210b480c8e9\"},\"headline\":\"Le MEF organise le 2e \u00abRendez-vous trimestriel des entrepreneurs du Maghreb\u00bb\",\"datePublished\":\"2021-03-15T09:25:57+00:00\",\"dateModified\":\"2021-03-15T09:25:59+00:00\",\"mainEntityOfPage\":{\"@id\":\"https:\/\/kapitalis.com\/tunisie\/2021\/03\/15\/le-mef-organise-le-2e-rendez-vous-trimestriel-des-entrepreneurs-du-maghreb\/\"},\"wordCount\":462,\"commentCount\":0,\"publisher\":{\"@id\":\"https:\/\/kapitalis.com\/tunisie\/#organization\"},\"image\":{\"@id\":\"https:\/\/kapitalis.com\/tunisie\/2021\/03\/15\/le-mef-organise-le-2e-rendez-vous-trimestriel-des-entrepreneurs-du-maghreb\/#primaryimage\"},\"thumbnailUrl\":\"\",\"keywords\":[\"CARE\",\"entrepreneurs du Maghreb\",\"ICEM\",\"Maghreb Economic Forum\",\"ZLecaf\"],\"articleSection\":[\"ECONOMIE\",\"Tunisie\"],\"inLanguage\":\"fr-FR\",\"potentialAction\":[{\"@type\":\"CommentAction\",\"name\":\"Comment\",\"target\":[\"https:\/\/kapitalis.com\/tunisie\/2021\/03\/15\/le-mef-organise-le-2e-rendez-vous-trimestriel-des-entrepreneurs-du-maghreb\/#respond\"]}]},{\"@type\":\"WebPage\",\"@id\":\"https:\/\/kapitalis.com\/tunisie\/2021\/03\/15\/le-mef-organise-le-2e-rendez-vous-trimestriel-des-entrepreneurs-du-maghreb\/\",\"url\":\"https:\/\/kapitalis.com\/tunisie\/2021\/03\/15\/le-mef-organise-le-2e-rendez-vous-trimestriel-des-entrepreneurs-du-maghreb\/\",\"name\":\"Le MEF organise le 2e \u00abRendez-vous trimestriel des entrepreneurs du Maghreb\u00bb - Kapitalis\",\"isPartOf\":{\"@id\":\"https:\/\/kapitalis.com\/tunisie\/#website\"},\"primaryImageOfPage\":{\"@id\":\"https:\/\/kapitalis.com\/tunisie\/2021\/03\/15\/le-mef-organise-le-2e-rendez-vous-trimestriel-des-entrepreneurs-du-maghreb\/#primaryimage\"},\"image\":{\"@id\":\"https:\/\/kapitalis.com\/tunisie\/2021\/03\/15\/le-mef-organise-le-2e-rendez-vous-trimestriel-des-entrepreneurs-du-maghreb\/#primaryimage\"},\"thumbnailUrl\":\"\",\"datePublished\":\"2021-03-15T09:25:57+00:00\",\"dateModified\":\"2021-03-15T09:25:59+00:00\",\"breadcrumb\":{\"@id\":\"https:\/\/kapitalis.com\/tunisie\/2021\/03\/15\/le-mef-organise-le-2e-rendez-vous-trimestriel-des-entrepreneurs-du-maghreb\/#breadcrumb\"},\"inLanguage\":\"fr-FR\",\"potentialAction\":[{\"@type\":\"ReadAction\",\"target\":[\"https:\/\/kapitalis.com\/tunisie\/2021\/03\/15\/le-mef-organise-le-2e-rendez-vous-trimestriel-des-entrepreneurs-du-maghreb\/\"]}]},{\"@type\":\"ImageObject\",\"inLanguage\":\"fr-FR\",\"@id\":\"https:\/\/kapitalis.com\/tunisie\/2021\/03\/15\/le-mef-organise-le-2e-rendez-vous-trimestriel-des-entrepreneurs-du-maghreb\/#primaryimage\",\"url\":\"\",\"contentUrl\":\"\"},{\"@type\":\"BreadcrumbList\",\"@id\":\"https:\/\/kapitalis.com\/tunisie\/2021\/03\/15\/le-mef-organise-le-2e-rendez-vous-trimestriel-des-entrepreneurs-du-maghreb\/#breadcrumb\",\"itemListElement\":[{\"@type\":\"ListItem\",\"position\":1,\"name\":\"Accueil\",\"item\":\"https:\/\/kapitalis.com\/tunisie\/\"},{\"@type\":\"ListItem\",\"position\":2,\"name\":\"Le MEF organise le 2e \u00abRendez-vous trimestriel des entrepreneurs du Maghreb\u00bb\"}]},{\"@type\":\"WebSite\",\"@id\":\"https:\/\/kapitalis.com\/tunisie\/#website\",\"url\":\"https:\/\/kapitalis.com\/tunisie\/\",\"name\":\"Kapitalis\",\"description\":\"L&#039;actualit\u00e9 en Tunisie et dans le monde\",\"publisher\":{\"@id\":\"https:\/\/kapitalis.com\/tunisie\/#organization\"},\"potentialAction\":[{\"@type\":\"SearchAction\",\"target\":{\"@type\":\"EntryPoint\",\"urlTemplate\":\"https:\/\/kapitalis.com\/tunisie\/?s={search_term_string}\"},\"query-input\":{\"@type\":\"PropertyValueSpecification\",\"valueRequired\":true,\"valueName\":\"search_term_string\"}}],\"inLanguage\":\"fr-FR\"},{\"@type\":\"Organization\",\"@id\":\"https:\/\/kapitalis.com\/tunisie\/#organization\",\"name\":\"Kapitalis\",\"url\":\"https:\/\/kapitalis.com\/tunisie\/\",\"logo\":{\"@type\":\"ImageObject\",\"inLanguage\":\"fr-FR\",\"@id\":\"https:\/\/kapitalis.com\/tunisie\/#\/schema\/logo\/image\/\",\"url\":\"https:\/\/kapitalis.com\/tunisie\/wp-content\/uploads\/2022\/05\/Kapitalis-big-size.png\",\"contentUrl\":\"https:\/\/kapitalis.com\/tunisie\/wp-content\/uploads\/2022\/05\/Kapitalis-big-size.png\",\"width\":5000,\"height\":1500,\"caption\":\"Kapitalis\"},\"image\":{\"@id\":\"https:\/\/kapitalis.com\/tunisie\/#\/schema\/logo\/image\/\"},\"sameAs\":[\"https:\/\/www.facebook.com\/KapitalisInfo\/\",\"https:\/\/x.com\/KapitalisInfo\",\"https:\/\/www.youtube.com\/channel\/UC-yDYrHyfFBWWZaOw3FPg9Q\"]},{\"@type\":\"Person\",\"@id\":\"https:\/\/kapitalis.com\/tunisie\/#\/schema\/person\/d71f33a9ca44f7bad4698210b480c8e9\",\"name\":\"webmaster kapitalis\",\"url\":\"https:\/\/kapitalis.com\/tunisie\/author\/webmaster-kapitalis\/\"}]}<\/script>\n<!-- \/ Yoast SEO plugin. -->","yoast_head_json":{"title":"Le MEF organise le 2e \u00abRendez-vous trimestriel des entrepreneurs du Maghreb\u00bb - Kapitalis","robots":{"index":"index","follow":"follow","max-snippet":"max-snippet:-1","max-image-preview":"max-image-preview:large","max-video-preview":"max-video-preview:-1"},"canonical":"https:\/\/kapitalis.com\/tunisie\/2021\/03\/15\/le-mef-organise-le-2e-rendez-vous-trimestriel-des-entrepreneurs-du-maghreb\/","og_locale":"fr_FR","og_type":"article","og_title":"Le MEF organise le 2e \u00abRendez-vous trimestriel des entrepreneurs du Maghreb\u00bb - Kapitalis","og_description":"Le Maghreb Economic Forum (MEF) organise, en collaboration avec le Centre d&rsquo;action et de r\u00e9flexion pour l&rsquo;entreprise (CARE) et l&rsquo;Initiative pour la communaut\u00e9 \u00e9conomique du Maghreb (ICEM), en format webinaire, le second \u00abRendez-vous trimestriel des entrepreneurs du Maghreb\u00bb, le mercredi 17 mars 2021 de 15h30 \u00e0 17h00. Inscription.","og_url":"https:\/\/kapitalis.com\/tunisie\/2021\/03\/15\/le-mef-organise-le-2e-rendez-vous-trimestriel-des-entrepreneurs-du-maghreb\/","og_site_name":"Kapitalis","article_publisher":"https:\/\/www.facebook.com\/KapitalisInfo\/","article_published_time":"2021-03-15T09:25:57+00:00","article_modified_time":"2021-03-15T09:25:59+00:00","og_image":[{"width":1200,"height":630,"url":"https:\/\/kapitalis.com\/tunisie\/wp-content\/uploads\/2022\/05\/kapitalis-logo-fb.png","type":"image\/png"}],"author":"webmaster kapitalis","twitter_card":"summary_large_image","twitter_creator":"@KapitalisInfo","twitter_site":"@KapitalisInfo","twitter_misc":{"\u00c9crit par":"webmaster kapitalis","Dur\u00e9e de lecture estim\u00e9e":"2 minutes"},"schema":{"@context":"https:\/\/schema.org","@graph":[{"@type":"Article","@id":"https:\/\/kapitalis.com\/tunisie\/2021\/03\/15\/le-mef-organise-le-2e-rendez-vous-trimestriel-des-entrepreneurs-du-maghreb\/#article","isPartOf":{"@id":"https:\/\/kapitalis.com\/tunisie\/2021\/03\/15\/le-mef-organise-le-2e-rendez-vous-trimestriel-des-entrepreneurs-du-maghreb\/"},"author":{"name":"webmaster kapitalis","@id":"https:\/\/kapitalis.com\/tunisie\/#\/schema\/person\/d71f33a9ca44f7bad4698210b480c8e9"},"headline":"Le MEF organise le 2e \u00abRendez-vous trimestriel des entrepreneurs du Maghreb\u00bb","datePublished":"2021-03-15T09:25:57+00:00","dateModified":"2021-03-15T09:25:59+00:00","mainEntityOfPage":{"@id":"https:\/\/kapitalis.com\/tunisie\/2021\/03\/15\/le-mef-organise-le-2e-rendez-vous-trimestriel-des-entrepreneurs-du-maghreb\/"},"wordCount":462,"commentCount":0,"publisher":{"@id":"https:\/\/kapitalis.com\/tunisie\/#organization"},"image":{"@id":"https:\/\/kapitalis.com\/tunisie\/2021\/03\/15\/le-mef-organise-le-2e-rendez-vous-trimestriel-des-entrepreneurs-du-maghreb\/#primaryimage"},"thumbnailUrl":"","keywords":["CARE","entrepreneurs du Maghreb","ICEM","Maghreb Economic Forum","ZLecaf"],"articleSection":["ECONOMIE","Tunisie"],"inLanguage":"fr-FR","potentialAction":[{"@type":"CommentAction","name":"Comment","target":["https:\/\/kapitalis.com\/tunisie\/2021\/03\/15\/le-mef-organise-le-2e-rendez-vous-trimestriel-des-entrepreneurs-du-maghreb\/#respond"]}]},{"@type":"WebPage","@id":"https:\/\/kapitalis.com\/tunisie\/2021\/03\/15\/le-mef-organise-le-2e-rendez-vous-trimestriel-des-entrepreneurs-du-maghreb\/","url":"https:\/\/kapitalis.com\/tunisie\/2021\/03\/15\/le-mef-organise-le-2e-rendez-vous-trimestriel-des-entrepreneurs-du-maghreb\/","name":"Le MEF organise le 2e \u00abRendez-vous trimestriel des entrepreneurs du Maghreb\u00bb - Kapitalis","isPartOf":{"@id":"https:\/\/kapitalis.com\/tunisie\/#website"},"primaryImageOfPage":{"@id":"https:\/\/kapitalis.com\/tunisie\/2021\/03\/15\/le-mef-organise-le-2e-rendez-vous-trimestriel-des-entrepreneurs-du-maghreb\/#primaryimage"},"image":{"@id":"https:\/\/kapitalis.com\/tunisie\/2021\/03\/15\/le-mef-organise-le-2e-rendez-vous-trimestriel-des-entrepreneurs-du-maghreb\/#primaryimage"},"thumbnailUrl":"","datePublished":"2021-03-15T09:25:57+00:00","dateModified":"2021-03-15T09:25:59+00:00","breadcrumb":{"@id":"https:\/\/kapitalis.com\/tunisie\/2021\/03\/15\/le-mef-organise-le-2e-rendez-vous-trimestriel-des-entrepreneurs-du-maghreb\/#breadcrumb"},"inLanguage":"fr-FR","potentialAction":[{"@type":"ReadAction","target":["https:\/\/kapitalis.com\/tunisie\/2021\/03\/15\/le-mef-organise-le-2e-rendez-vous-trimestriel-des-entrepreneurs-du-maghreb\/"]}]},{"@type":"ImageObject","inLanguage":"fr-FR","@id":"https:\/\/kapitalis.com\/tunisie\/2021\/03\/15\/le-mef-organise-le-2e-rendez-vous-trimestriel-des-entrepreneurs-du-maghreb\/#primaryimage","url":"","contentUrl":""},{"@type":"BreadcrumbList","@id":"https:\/\/kapitalis.com\/tunisie\/2021\/03\/15\/le-mef-organise-le-2e-rendez-vous-trimestriel-des-entrepreneurs-du-maghreb\/#breadcrumb","itemListElement":[{"@type":"ListItem","position":1,"name":"Accueil","item":"https:\/\/kapitalis.com\/tunisie\/"},{"@type":"ListItem","position":2,"name":"Le MEF organise le 2e \u00abRendez-vous trimestriel des entrepreneurs du Maghreb\u00bb"}]},{"@type":"WebSite","@id":"https:\/\/kapitalis.com\/tunisie\/#website","url":"https:\/\/kapitalis.com\/tunisie\/","name":"Kapitalis","description":"L&#039;actualit\u00e9 en Tunisie et dans le monde","publisher":{"@id":"https:\/\/kapitalis.com\/tunisie\/#organization"},"potentialAction":[{"@type":"SearchAction","target":{"@type":"EntryPoint","urlTemplate":"https:\/\/kapitalis.com\/tunisie\/?s={search_term_string}"},"query-input":{"@type":"PropertyValueSpecification","valueRequired":true,"valueName":"search_term_string"}}],"inLanguage":"fr-FR"},{"@type":"Organization","@id":"https:\/\/kapitalis.com\/tunisie\/#organization","name":"Kapitalis","url":"https:\/\/kapitalis.com\/tunisie\/","logo":{"@type":"ImageObject","inLanguage":"fr-FR","@id":"https:\/\/kapitalis.com\/tunisie\/#\/schema\/logo\/image\/","url":"https:\/\/kapitalis.com\/tunisie\/wp-content\/uploads\/2022\/05\/Kapitalis-big-size.png","contentUrl":"https:\/\/kapitalis.com\/tunisie\/wp-content\/uploads\/2022\/05\/Kapitalis-big-size.png","width":5000,"height":1500,"caption":"Kapitalis"},"image":{"@id":"https:\/\/kapitalis.com\/tunisie\/#\/schema\/logo\/image\/"},"sameAs":["https:\/\/www.facebook.com\/KapitalisInfo\/","https:\/\/x.com\/KapitalisInfo","https:\/\/www.youtube.com\/channel\/UC-yDYrHyfFBWWZaOw3FPg9Q"]},{"@type":"Person","@id":"https:\/\/kapitalis.com\/tunisie\/#\/schema\/person\/d71f33a9ca44f7bad4698210b480c8e9","name":"webmaster kapitalis","url":"https:\/\/kapitalis.com\/tunisie\/author\/webmaster-kapitalis\/"}]}},"_links":{"self":[{"href":"https:\/\/kapitalis.com\/tunisie\/wp-json\/wp\/v2\/posts\/339893","targetHints":{"allow":["GET"]}}],"collection":[{"href":"https:\/\/kapitalis.com\/tunisie\/wp-json\/wp\/v2\/posts"}],"about":[{"href":"https:\/\/kapitalis.com\/tunisie\/wp-json\/wp\/v2\/types\/post"}],"author":[{"embeddable":true,"href":"https:\/\/kapitalis.com\/tunisie\/wp-json\/wp\/v2\/users\/8"}],"replies":[{"embeddable":true,"href":"https:\/\/kapitalis.com\/tunisie\/wp-json\/wp\/v2\/comments?post=339893"}],"version-history":[{"count":0,"href":"https:\/\/kapitalis.com\/tunisie\/wp-json\/wp\/v2\/posts\/339893\/revisions"}],"wp:featuredmedia":[{"embeddable":true,"href":"https:\/\/kapitalis.com\/tunisie\/wp-json\/wp\/v2\/media\/339899"}],"wp:attachment":[{"href":"https:\/\/kapitalis.com\/tunisie\/wp-json\/wp\/v2\/media?parent=339893"}],"wp:term":[{"taxonomy":"category","embeddable":true,"href":"https:\/\/kapitalis.com\/tunisie\/wp-json\/wp\/v2\/categories?post=339893"},{"taxonomy":"post_tag","embeddable":true,"href":"https:\/\/kapitalis.com\/tunisie\/wp-json\/wp\/v2\/tags?post=339893"}],"curies":[{"name":"wp","href":"https:\/\/api.w.org\/{rel}","templated":true}]}}