{"id":340285,"date":"2021-03-17T13:09:00","date_gmt":"2021-03-17T12:09:00","guid":{"rendered":"http:\/\/kapitalis.com\/tunisie\/?p=340285"},"modified":"2021-03-17T13:14:29","modified_gmt":"2021-03-17T12:14:29","slug":"rafik-bouchlaka-veut-saboter-la-visite-de-kais-saied-en-libye","status":"publish","type":"post","link":"https:\/\/kapitalis.com\/tunisie\/2021\/03\/17\/rafik-bouchlaka-veut-saboter-la-visite-de-kais-saied-en-libye\/","title":{"rendered":"Rafik Bouchlaka veut saboter la visite de Ka\u00efs Sa\u00efed en Libye"},"content":{"rendered":"\n<div class=\"wp-block-image\"><figure class=\"aligncenter size-large\"><img decoding=\"async\" src=\"http:\/\/kapitalis.com\/tunisie\/wp-content\/uploads\/2021\/01\/Kais-Saied-Rafik-Bouchlaka.jpg\" alt=\"\" class=\"wp-image-333909\"\/><\/figure><\/div>\n\n\n\n<p><strong><em>En pole position de ceux qui passent leur temps \u00e0 casser du Ka\u00efs Sa\u00efed sur Facebook comme s\u2019ils n\u2019avaient que \u00e7a \u00e0 faire figurent l\u2019animateur de t\u00e9l\u00e9vision Samir El-Wafi, tr\u00e8s proche de Rached Ghannouchi, pr\u00e9sident du parti islamiste Ennahdha, ou encore l\u2019op\u00e9rateur \u00e9conomique Imed Derouiche, tr\u00e8s proche de Nabil Karoui, pr\u00e9sident de Qalb Tounes, mais il y a aussi Rafik Bouchlaka dont la haine visc\u00e9rale du pr\u00e9sident de la r\u00e9publique d\u00e9passe tout entendement.<\/em><\/strong><\/p>\n\n\n\n<!--more-->\n\n\n\n<p>Dans un post publi\u00e9 aujourd\u2019hui, mercredi 17 mars 2021, le gendre de Rached Ghannouchi, dont l\u2019unique <em>\u00abqualit\u00e9\u00bb<\/em> reconnue par ses adversaires est d\u2019\u00eatre l\u2019\u00e9poux de Soumaya Ghannouchi, essaye de saboter la visite qu\u2019effectue le pr\u00e9sident Sa\u00efed, \u00e0 partir d\u2019aujourd\u2019hui, en Libye, en d\u00e9bitant des mensonges \u00e0 son encontre, notamment en l\u2019accusant \u00e0 tort de soutenir le mar\u00e9chal Khalifa Haftar, chef de l\u2019Arm\u00e9e nationale libyenne, alors qu\u2019il a toujours \u00e9t\u00e9 \u00e9quidistant des deux camps en conflit en Libye.<\/p>\n\n\n\n<p>Il faut dire que M. Bouchlaka, \u00e0 l\u2019instar de son gendre, Rached Ghannouchi, et de son parti, Ennahdha, n\u2019observent pas la m\u00eame neutralit\u00e9 dans le dossier libyen et y soutiennent tapageusement les groupes islamistes affili\u00e9s, comme eux, \u00e0 l\u2019Organisation internationale des Fr\u00e8res musulmans.<\/p>\n\n\n\n<div class=\"wp-block-image\"><figure class=\"aligncenter size-large\"><img decoding=\"async\" src=\"http:\/\/kapitalis.com\/tunisie\/wp-content\/uploads\/2021\/03\/Post-Rafik-Abdessalem.jpg\" alt=\"\" class=\"wp-image-340289\"\/><\/figure><\/div>\n\n\n\n<p>Il faut dire aussi que les islamistes ne supportent pas qu\u2019une figure politique nationale qui \u00e9chappe \u00e0 leur tutelle, et c\u2019est le cas du pr\u00e9sident Sa\u00efed, ait le moindre r\u00f4le sur la sc\u00e8ne nationale et encore moins \u00e0 l\u2019\u00e9tranger.<\/p>\n\n\n\n<p class=\"has-text-align-right\"><strong>I. B.<\/strong><\/p>\n","protected":false},"excerpt":{"rendered":"<p>En pole position de ceux qui passent leur temps \u00e0 casser du Ka\u00efs Sa\u00efed sur Facebook comme s\u2019ils n\u2019avaient que \u00e7a \u00e0 faire figurent l\u2019animateur de t\u00e9l\u00e9vision Samir El-Wafi, tr\u00e8s proche de Rached Ghannouchi, pr\u00e9sident du parti islamiste Ennahdha, ou encore l\u2019op\u00e9rateur \u00e9conomique Imed Derouiche, tr\u00e8s proche de Nabil Karoui, pr\u00e9sident de Qalb Tounes, mais&#8230;<\/p>\n","protected":false},"author":8,"featured_media":340289,"comment_status":"open","ping_status":"open","sticky":false,"template":"","format":"standard","meta":{"footnotes":""},"categories":[997,2433],"tags":[49543,64238,76012,12062,651,61989,758,87773,808],"class_list":["post-340285","post","type-post","status-publish","format-standard","has-post-thumbnail","hentry","category-politique","category-tunisie","tag-ennahdha","tag-imed-derouiche","tag-kais-saied-2","tag-khalifa-haftar","tag-nabil-karoui","tag-qalb-tounes","tag-rached-ghannouchi","tag-rafik-bouchlaka","tag-samir-el-wafi"],"yoast_head":"<!-- This site is optimized with the Yoast SEO plugin v26.6 - https:\/\/yoast.com\/wordpress\/plugins\/seo\/ -->\n<title>Rafik Bouchlaka veut saboter la visite de Ka\u00efs Sa\u00efed en Libye - Kapitalis<\/title>\n<meta name=\"robots\" content=\"index, follow, max-snippet:-1, max-image-preview:large, max-video-preview:-1\" \/>\n<link rel=\"canonical\" href=\"https:\/\/kapitalis.com\/tunisie\/2021\/03\/17\/rafik-bouchlaka-veut-saboter-la-visite-de-kais-saied-en-libye\/\" \/>\n<meta property=\"og:locale\" content=\"fr_FR\" \/>\n<meta property=\"og:type\" content=\"article\" \/>\n<meta property=\"og:title\" content=\"Rafik Bouchlaka veut saboter la visite de Ka\u00efs Sa\u00efed en Libye - Kapitalis\" \/>\n<meta property=\"og:description\" content=\"En pole position de ceux qui passent leur temps \u00e0 casser du Ka\u00efs Sa\u00efed sur Facebook comme s\u2019ils n\u2019avaient que \u00e7a \u00e0 faire figurent l\u2019animateur de t\u00e9l\u00e9vision Samir El-Wafi, tr\u00e8s proche de Rached Ghannouchi, pr\u00e9sident du parti islamiste Ennahdha, ou encore l\u2019op\u00e9rateur \u00e9conomique Imed Derouiche, tr\u00e8s proche de Nabil Karoui, pr\u00e9sident de Qalb Tounes, mais...\" \/>\n<meta property=\"og:url\" content=\"https:\/\/kapitalis.com\/tunisie\/2021\/03\/17\/rafik-bouchlaka-veut-saboter-la-visite-de-kais-saied-en-libye\/\" \/>\n<meta property=\"og:site_name\" content=\"Kapitalis\" \/>\n<meta property=\"article:publisher\" content=\"https:\/\/www.facebook.com\/KapitalisInfo\/\" \/>\n<meta property=\"article:published_time\" content=\"2021-03-17T12:09:00+00:00\" \/>\n<meta property=\"article:modified_time\" content=\"2021-03-17T12:14:29+00:00\" \/>\n<meta property=\"og:image\" content=\"https:\/\/kapitalis.com\/tunisie\/wp-content\/uploads\/2022\/05\/kapitalis-logo-fb.png\" \/>\n\t<meta property=\"og:image:width\" content=\"1200\" \/>\n\t<meta property=\"og:image:height\" content=\"630\" \/>\n\t<meta property=\"og:image:type\" content=\"image\/png\" \/>\n<meta name=\"author\" content=\"webmaster kapitalis\" \/>\n<meta name=\"twitter:card\" content=\"summary_large_image\" \/>\n<meta name=\"twitter:creator\" content=\"@KapitalisInfo\" \/>\n<meta name=\"twitter:site\" content=\"@KapitalisInfo\" \/>\n<meta name=\"twitter:label1\" content=\"\u00c9crit par\" \/>\n\t<meta name=\"twitter:data1\" content=\"webmaster kapitalis\" \/>\n\t<meta name=\"twitter:label2\" content=\"Dur\u00e9e de lecture estim\u00e9e\" \/>\n\t<meta name=\"twitter:data2\" content=\"1 minute\" \/>\n<script type=\"application\/ld+json\" class=\"yoast-schema-graph\">{\"@context\":\"https:\/\/schema.org\",\"@graph\":[{\"@type\":\"Article\",\"@id\":\"https:\/\/kapitalis.com\/tunisie\/2021\/03\/17\/rafik-bouchlaka-veut-saboter-la-visite-de-kais-saied-en-libye\/#article\",\"isPartOf\":{\"@id\":\"https:\/\/kapitalis.com\/tunisie\/2021\/03\/17\/rafik-bouchlaka-veut-saboter-la-visite-de-kais-saied-en-libye\/\"},\"author\":{\"name\":\"webmaster kapitalis\",\"@id\":\"https:\/\/kapitalis.com\/tunisie\/#\/schema\/person\/d71f33a9ca44f7bad4698210b480c8e9\"},\"headline\":\"Rafik Bouchlaka veut saboter la visite de Ka\u00efs Sa\u00efed en Libye\",\"datePublished\":\"2021-03-17T12:09:00+00:00\",\"dateModified\":\"2021-03-17T12:14:29+00:00\",\"mainEntityOfPage\":{\"@id\":\"https:\/\/kapitalis.com\/tunisie\/2021\/03\/17\/rafik-bouchlaka-veut-saboter-la-visite-de-kais-saied-en-libye\/\"},\"wordCount\":281,\"commentCount\":6,\"publisher\":{\"@id\":\"https:\/\/kapitalis.com\/tunisie\/#organization\"},\"image\":{\"@id\":\"https:\/\/kapitalis.com\/tunisie\/2021\/03\/17\/rafik-bouchlaka-veut-saboter-la-visite-de-kais-saied-en-libye\/#primaryimage\"},\"thumbnailUrl\":\"\",\"keywords\":[\"Ennahdha\",\"Imed Derouiche\",\"Ka\u00efs Sa\u00efed\",\"Khalifa Haftar\",\"Nabil Karoui\",\"Qalb Tounes\",\"Rached Ghannouchi\",\"Rafik Bouchlaka\",\"Samir El-Wafi\"],\"articleSection\":[\"POLITIQUE\",\"Tunisie\"],\"inLanguage\":\"fr-FR\",\"potentialAction\":[{\"@type\":\"CommentAction\",\"name\":\"Comment\",\"target\":[\"https:\/\/kapitalis.com\/tunisie\/2021\/03\/17\/rafik-bouchlaka-veut-saboter-la-visite-de-kais-saied-en-libye\/#respond\"]}]},{\"@type\":\"WebPage\",\"@id\":\"https:\/\/kapitalis.com\/tunisie\/2021\/03\/17\/rafik-bouchlaka-veut-saboter-la-visite-de-kais-saied-en-libye\/\",\"url\":\"https:\/\/kapitalis.com\/tunisie\/2021\/03\/17\/rafik-bouchlaka-veut-saboter-la-visite-de-kais-saied-en-libye\/\",\"name\":\"Rafik Bouchlaka veut saboter la visite de Ka\u00efs Sa\u00efed en Libye - Kapitalis\",\"isPartOf\":{\"@id\":\"https:\/\/kapitalis.com\/tunisie\/#website\"},\"primaryImageOfPage\":{\"@id\":\"https:\/\/kapitalis.com\/tunisie\/2021\/03\/17\/rafik-bouchlaka-veut-saboter-la-visite-de-kais-saied-en-libye\/#primaryimage\"},\"image\":{\"@id\":\"https:\/\/kapitalis.com\/tunisie\/2021\/03\/17\/rafik-bouchlaka-veut-saboter-la-visite-de-kais-saied-en-libye\/#primaryimage\"},\"thumbnailUrl\":\"\",\"datePublished\":\"2021-03-17T12:09:00+00:00\",\"dateModified\":\"2021-03-17T12:14:29+00:00\",\"breadcrumb\":{\"@id\":\"https:\/\/kapitalis.com\/tunisie\/2021\/03\/17\/rafik-bouchlaka-veut-saboter-la-visite-de-kais-saied-en-libye\/#breadcrumb\"},\"inLanguage\":\"fr-FR\",\"potentialAction\":[{\"@type\":\"ReadAction\",\"target\":[\"https:\/\/kapitalis.com\/tunisie\/2021\/03\/17\/rafik-bouchlaka-veut-saboter-la-visite-de-kais-saied-en-libye\/\"]}]},{\"@type\":\"ImageObject\",\"inLanguage\":\"fr-FR\",\"@id\":\"https:\/\/kapitalis.com\/tunisie\/2021\/03\/17\/rafik-bouchlaka-veut-saboter-la-visite-de-kais-saied-en-libye\/#primaryimage\",\"url\":\"\",\"contentUrl\":\"\"},{\"@type\":\"BreadcrumbList\",\"@id\":\"https:\/\/kapitalis.com\/tunisie\/2021\/03\/17\/rafik-bouchlaka-veut-saboter-la-visite-de-kais-saied-en-libye\/#breadcrumb\",\"itemListElement\":[{\"@type\":\"ListItem\",\"position\":1,\"name\":\"Accueil\",\"item\":\"https:\/\/kapitalis.com\/tunisie\/\"},{\"@type\":\"ListItem\",\"position\":2,\"name\":\"Rafik Bouchlaka veut saboter la visite de Ka\u00efs Sa\u00efed en Libye\"}]},{\"@type\":\"WebSite\",\"@id\":\"https:\/\/kapitalis.com\/tunisie\/#website\",\"url\":\"https:\/\/kapitalis.com\/tunisie\/\",\"name\":\"Kapitalis\",\"description\":\"L&#039;actualit\u00e9 en Tunisie et dans le monde\",\"publisher\":{\"@id\":\"https:\/\/kapitalis.com\/tunisie\/#organization\"},\"potentialAction\":[{\"@type\":\"SearchAction\",\"target\":{\"@type\":\"EntryPoint\",\"urlTemplate\":\"https:\/\/kapitalis.com\/tunisie\/?s={search_term_string}\"},\"query-input\":{\"@type\":\"PropertyValueSpecification\",\"valueRequired\":true,\"valueName\":\"search_term_string\"}}],\"inLanguage\":\"fr-FR\"},{\"@type\":\"Organization\",\"@id\":\"https:\/\/kapitalis.com\/tunisie\/#organization\",\"name\":\"Kapitalis\",\"url\":\"https:\/\/kapitalis.com\/tunisie\/\",\"logo\":{\"@type\":\"ImageObject\",\"inLanguage\":\"fr-FR\",\"@id\":\"https:\/\/kapitalis.com\/tunisie\/#\/schema\/logo\/image\/\",\"url\":\"https:\/\/kapitalis.com\/tunisie\/wp-content\/uploads\/2022\/05\/Kapitalis-big-size.png\",\"contentUrl\":\"https:\/\/kapitalis.com\/tunisie\/wp-content\/uploads\/2022\/05\/Kapitalis-big-size.png\",\"width\":5000,\"height\":1500,\"caption\":\"Kapitalis\"},\"image\":{\"@id\":\"https:\/\/kapitalis.com\/tunisie\/#\/schema\/logo\/image\/\"},\"sameAs\":[\"https:\/\/www.facebook.com\/KapitalisInfo\/\",\"https:\/\/x.com\/KapitalisInfo\",\"https:\/\/www.youtube.com\/channel\/UC-yDYrHyfFBWWZaOw3FPg9Q\"]},{\"@type\":\"Person\",\"@id\":\"https:\/\/kapitalis.com\/tunisie\/#\/schema\/person\/d71f33a9ca44f7bad4698210b480c8e9\",\"name\":\"webmaster kapitalis\",\"url\":\"https:\/\/kapitalis.com\/tunisie\/author\/webmaster-kapitalis\/\"}]}<\/script>\n<!-- \/ Yoast SEO plugin. -->","yoast_head_json":{"title":"Rafik Bouchlaka veut saboter la visite de Ka\u00efs Sa\u00efed en Libye - Kapitalis","robots":{"index":"index","follow":"follow","max-snippet":"max-snippet:-1","max-image-preview":"max-image-preview:large","max-video-preview":"max-video-preview:-1"},"canonical":"https:\/\/kapitalis.com\/tunisie\/2021\/03\/17\/rafik-bouchlaka-veut-saboter-la-visite-de-kais-saied-en-libye\/","og_locale":"fr_FR","og_type":"article","og_title":"Rafik Bouchlaka veut saboter la visite de Ka\u00efs Sa\u00efed en Libye - Kapitalis","og_description":"En pole position de ceux qui passent leur temps \u00e0 casser du Ka\u00efs Sa\u00efed sur Facebook comme s\u2019ils n\u2019avaient que \u00e7a \u00e0 faire figurent l\u2019animateur de t\u00e9l\u00e9vision Samir El-Wafi, tr\u00e8s proche de Rached Ghannouchi, pr\u00e9sident du parti islamiste Ennahdha, ou encore l\u2019op\u00e9rateur \u00e9conomique Imed Derouiche, tr\u00e8s proche de Nabil Karoui, pr\u00e9sident de Qalb Tounes, mais...","og_url":"https:\/\/kapitalis.com\/tunisie\/2021\/03\/17\/rafik-bouchlaka-veut-saboter-la-visite-de-kais-saied-en-libye\/","og_site_name":"Kapitalis","article_publisher":"https:\/\/www.facebook.com\/KapitalisInfo\/","article_published_time":"2021-03-17T12:09:00+00:00","article_modified_time":"2021-03-17T12:14:29+00:00","og_image":[{"width":1200,"height":630,"url":"https:\/\/kapitalis.com\/tunisie\/wp-content\/uploads\/2022\/05\/kapitalis-logo-fb.png","type":"image\/png"}],"author":"webmaster kapitalis","twitter_card":"summary_large_image","twitter_creator":"@KapitalisInfo","twitter_site":"@KapitalisInfo","twitter_misc":{"\u00c9crit par":"webmaster kapitalis","Dur\u00e9e de lecture estim\u00e9e":"1 minute"},"schema":{"@context":"https:\/\/schema.org","@graph":[{"@type":"Article","@id":"https:\/\/kapitalis.com\/tunisie\/2021\/03\/17\/rafik-bouchlaka-veut-saboter-la-visite-de-kais-saied-en-libye\/#article","isPartOf":{"@id":"https:\/\/kapitalis.com\/tunisie\/2021\/03\/17\/rafik-bouchlaka-veut-saboter-la-visite-de-kais-saied-en-libye\/"},"author":{"name":"webmaster kapitalis","@id":"https:\/\/kapitalis.com\/tunisie\/#\/schema\/person\/d71f33a9ca44f7bad4698210b480c8e9"},"headline":"Rafik Bouchlaka veut saboter la visite de Ka\u00efs Sa\u00efed en Libye","datePublished":"2021-03-17T12:09:00+00:00","dateModified":"2021-03-17T12:14:29+00:00","mainEntityOfPage":{"@id":"https:\/\/kapitalis.com\/tunisie\/2021\/03\/17\/rafik-bouchlaka-veut-saboter-la-visite-de-kais-saied-en-libye\/"},"wordCount":281,"commentCount":6,"publisher":{"@id":"https:\/\/kapitalis.com\/tunisie\/#organization"},"image":{"@id":"https:\/\/kapitalis.com\/tunisie\/2021\/03\/17\/rafik-bouchlaka-veut-saboter-la-visite-de-kais-saied-en-libye\/#primaryimage"},"thumbnailUrl":"","keywords":["Ennahdha","Imed Derouiche","Ka\u00efs Sa\u00efed","Khalifa Haftar","Nabil Karoui","Qalb Tounes","Rached Ghannouchi","Rafik Bouchlaka","Samir El-Wafi"],"articleSection":["POLITIQUE","Tunisie"],"inLanguage":"fr-FR","potentialAction":[{"@type":"CommentAction","name":"Comment","target":["https:\/\/kapitalis.com\/tunisie\/2021\/03\/17\/rafik-bouchlaka-veut-saboter-la-visite-de-kais-saied-en-libye\/#respond"]}]},{"@type":"WebPage","@id":"https:\/\/kapitalis.com\/tunisie\/2021\/03\/17\/rafik-bouchlaka-veut-saboter-la-visite-de-kais-saied-en-libye\/","url":"https:\/\/kapitalis.com\/tunisie\/2021\/03\/17\/rafik-bouchlaka-veut-saboter-la-visite-de-kais-saied-en-libye\/","name":"Rafik Bouchlaka veut saboter la visite de Ka\u00efs Sa\u00efed en Libye - Kapitalis","isPartOf":{"@id":"https:\/\/kapitalis.com\/tunisie\/#website"},"primaryImageOfPage":{"@id":"https:\/\/kapitalis.com\/tunisie\/2021\/03\/17\/rafik-bouchlaka-veut-saboter-la-visite-de-kais-saied-en-libye\/#primaryimage"},"image":{"@id":"https:\/\/kapitalis.com\/tunisie\/2021\/03\/17\/rafik-bouchlaka-veut-saboter-la-visite-de-kais-saied-en-libye\/#primaryimage"},"thumbnailUrl":"","datePublished":"2021-03-17T12:09:00+00:00","dateModified":"2021-03-17T12:14:29+00:00","breadcrumb":{"@id":"https:\/\/kapitalis.com\/tunisie\/2021\/03\/17\/rafik-bouchlaka-veut-saboter-la-visite-de-kais-saied-en-libye\/#breadcrumb"},"inLanguage":"fr-FR","potentialAction":[{"@type":"ReadAction","target":["https:\/\/kapitalis.com\/tunisie\/2021\/03\/17\/rafik-bouchlaka-veut-saboter-la-visite-de-kais-saied-en-libye\/"]}]},{"@type":"ImageObject","inLanguage":"fr-FR","@id":"https:\/\/kapitalis.com\/tunisie\/2021\/03\/17\/rafik-bouchlaka-veut-saboter-la-visite-de-kais-saied-en-libye\/#primaryimage","url":"","contentUrl":""},{"@type":"BreadcrumbList","@id":"https:\/\/kapitalis.com\/tunisie\/2021\/03\/17\/rafik-bouchlaka-veut-saboter-la-visite-de-kais-saied-en-libye\/#breadcrumb","itemListElement":[{"@type":"ListItem","position":1,"name":"Accueil","item":"https:\/\/kapitalis.com\/tunisie\/"},{"@type":"ListItem","position":2,"name":"Rafik Bouchlaka veut saboter la visite de Ka\u00efs Sa\u00efed en Libye"}]},{"@type":"WebSite","@id":"https:\/\/kapitalis.com\/tunisie\/#website","url":"https:\/\/kapitalis.com\/tunisie\/","name":"Kapitalis","description":"L&#039;actualit\u00e9 en Tunisie et dans le monde","publisher":{"@id":"https:\/\/kapitalis.com\/tunisie\/#organization"},"potentialAction":[{"@type":"SearchAction","target":{"@type":"EntryPoint","urlTemplate":"https:\/\/kapitalis.com\/tunisie\/?s={search_term_string}"},"query-input":{"@type":"PropertyValueSpecification","valueRequired":true,"valueName":"search_term_string"}}],"inLanguage":"fr-FR"},{"@type":"Organization","@id":"https:\/\/kapitalis.com\/tunisie\/#organization","name":"Kapitalis","url":"https:\/\/kapitalis.com\/tunisie\/","logo":{"@type":"ImageObject","inLanguage":"fr-FR","@id":"https:\/\/kapitalis.com\/tunisie\/#\/schema\/logo\/image\/","url":"https:\/\/kapitalis.com\/tunisie\/wp-content\/uploads\/2022\/05\/Kapitalis-big-size.png","contentUrl":"https:\/\/kapitalis.com\/tunisie\/wp-content\/uploads\/2022\/05\/Kapitalis-big-size.png","width":5000,"height":1500,"caption":"Kapitalis"},"image":{"@id":"https:\/\/kapitalis.com\/tunisie\/#\/schema\/logo\/image\/"},"sameAs":["https:\/\/www.facebook.com\/KapitalisInfo\/","https:\/\/x.com\/KapitalisInfo","https:\/\/www.youtube.com\/channel\/UC-yDYrHyfFBWWZaOw3FPg9Q"]},{"@type":"Person","@id":"https:\/\/kapitalis.com\/tunisie\/#\/schema\/person\/d71f33a9ca44f7bad4698210b480c8e9","name":"webmaster kapitalis","url":"https:\/\/kapitalis.com\/tunisie\/author\/webmaster-kapitalis\/"}]}},"_links":{"self":[{"href":"https:\/\/kapitalis.com\/tunisie\/wp-json\/wp\/v2\/posts\/340285","targetHints":{"allow":["GET"]}}],"collection":[{"href":"https:\/\/kapitalis.com\/tunisie\/wp-json\/wp\/v2\/posts"}],"about":[{"href":"https:\/\/kapitalis.com\/tunisie\/wp-json\/wp\/v2\/types\/post"}],"author":[{"embeddable":true,"href":"https:\/\/kapitalis.com\/tunisie\/wp-json\/wp\/v2\/users\/8"}],"replies":[{"embeddable":true,"href":"https:\/\/kapitalis.com\/tunisie\/wp-json\/wp\/v2\/comments?post=340285"}],"version-history":[{"count":0,"href":"https:\/\/kapitalis.com\/tunisie\/wp-json\/wp\/v2\/posts\/340285\/revisions"}],"wp:featuredmedia":[{"embeddable":true,"href":"https:\/\/kapitalis.com\/tunisie\/wp-json\/wp\/v2\/media\/340289"}],"wp:attachment":[{"href":"https:\/\/kapitalis.com\/tunisie\/wp-json\/wp\/v2\/media?parent=340285"}],"wp:term":[{"taxonomy":"category","embeddable":true,"href":"https:\/\/kapitalis.com\/tunisie\/wp-json\/wp\/v2\/categories?post=340285"},{"taxonomy":"post_tag","embeddable":true,"href":"https:\/\/kapitalis.com\/tunisie\/wp-json\/wp\/v2\/tags?post=340285"}],"curies":[{"name":"wp","href":"https:\/\/api.w.org\/{rel}","templated":true}]}}