{"id":340327,"date":"2021-03-17T15:52:44","date_gmt":"2021-03-17T14:52:44","guid":{"rendered":"http:\/\/kapitalis.com\/tunisie\/?p=340327"},"modified":"2021-03-18T10:46:47","modified_gmt":"2021-03-18T09:46:47","slug":"lambassadeur-dallemagne-en-libye-oliver-owcza-se-rejouit-de-la-visite-du-president-saied","status":"publish","type":"post","link":"https:\/\/kapitalis.com\/tunisie\/2021\/03\/17\/lambassadeur-dallemagne-en-libye-oliver-owcza-se-rejouit-de-la-visite-du-president-saied\/","title":{"rendered":"L&rsquo;ambassadeur d&rsquo;Allemagne en Libye Oliver Owcza se r\u00e9jouit de la visite du pr\u00e9sident Sa\u00efed"},"content":{"rendered":"\n<figure class=\"wp-block-image size-large\"><img decoding=\"async\" src=\"http:\/\/kapitalis.com\/tunisie\/wp-content\/uploads\/2021\/03\/Owcza-visite-Saied-Libye.jpg\" alt=\"\" class=\"wp-image-340335\"\/><\/figure>\n\n\n\n<p><strong><em>\u00abEncourageant de voir cet accueil du pr\u00e9sident tunisien Ka\u00efs Sa\u00efed par le Chef du Conseil pr\u00e9sidentiel libyen, Mohamed Al-Menfi, \u00e0 Tripoli!\u00bb, a comment\u00e9, ce mercredi 17 mars 2021, Oliver Owcza, ambassadeur d&rsquo;Allemagne en Libye.<\/em><\/strong><\/p>\n\n\n\n<!--more-->\n\n\n\n<p><em>\u00abImaginez le potentiel de coop\u00e9ration le domaine du commerce, de la formation et du tourisme<\/em>\u00bb, a-t-il encore ajout\u00e9 dans un Tweet, en y affirmant que l&rsquo;Allemagne sera pr\u00eate \u00e0 <em>\u00absoutenir les initiatives entre les trois parties\u00bb<\/em>.<\/p>\n\n\n\n<p>Rappelons que le pr\u00e9sident Sa\u00efed, en visite aujourd&rsquo;hui en Libye, a rencontr\u00e9 Mohamed Al-Menfi et le Premier ministre Abdelhamid Al-Dabaiba, qui ont officiellement pris leurs fonctions lundi dernier et qui ont r\u00e9affirm\u00e9 leur volont\u00e9 de renforcer la coop\u00e9ration et la collaboration des deux pays, notamment en ce qui concerne les \u00e9changes commerciaux et les investissements entre les deux pays<\/p>\n\n\n\n<p>Les 3 hommes ont convenu dans ce sens de la mise en place d&rsquo;un plan d&rsquo;action pour redynamiser les investissements, notamment en facilitant les proc\u00e9dures frontali\u00e8res entre la Tunisie et la Libye, ainsi que les proc\u00e9dures entre les Banques centrales tunisienne et libyenne, pr\u00e9cise encore la pr\u00e9sidence de la R\u00e9publique.<\/p>\n\n\n\n<p class=\"has-text-align-right\"><strong>Y. N.<\/strong><\/p>\n\n\n\n<figure class=\"wp-block-embed is-type-wp-embed is-provider-kapitalis wp-block-embed-kapitalis\"><div class=\"wp-block-embed__wrapper\">\n<blockquote class=\"wp-embedded-content\" data-secret=\"zn0Ak864SU\"><a href=\"https:\/\/kapitalis.com\/tunisie\/2021\/03\/17\/saied-en-libye-pour-le-renforcement-des-echanges-commerciaux-et-des-investissements-photos\/\">Sa\u00efed en Libye : Pour le renforcement des \u00e9changes commerciaux et des investissements (Photos)<\/a><\/blockquote><iframe loading=\"lazy\" class=\"wp-embedded-content\" sandbox=\"allow-scripts\" security=\"restricted\" style=\"position: absolute; clip: rect(1px, 1px, 1px, 1px);\" title=\"\u00ab\u00a0Sa\u00efed en Libye : Pour le renforcement des \u00e9changes commerciaux et des investissements (Photos)\u00a0\u00bb &#8212; Kapitalis\" src=\"https:\/\/kapitalis.com\/tunisie\/2021\/03\/17\/saied-en-libye-pour-le-renforcement-des-echanges-commerciaux-et-des-investissements-photos\/embed\/#?secret=LaIs9k8Fcc#?secret=zn0Ak864SU\" data-secret=\"zn0Ak864SU\" width=\"600\" height=\"338\" frameborder=\"0\" marginwidth=\"0\" marginheight=\"0\" scrolling=\"no\"><\/iframe>\n<\/div><\/figure>\n","protected":false},"excerpt":{"rendered":"<p>\u00abEncourageant de voir cet accueil du pr\u00e9sident tunisien Ka\u00efs Sa\u00efed par le Chef du Conseil pr\u00e9sidentiel libyen, Mohamed Al-Menfi, \u00e0 Tripoli!\u00bb, a comment\u00e9, ce mercredi 17 mars 2021, Oliver Owcza, ambassadeur d&rsquo;Allemagne en Libye.<\/p>\n","protected":false},"author":6,"featured_media":340335,"comment_status":"open","ping_status":"open","sticky":false,"template":"","format":"standard","meta":{"footnotes":""},"categories":[997,2433],"tags":[88433,79627,544,88431,88432,88434,1119],"class_list":["post-340327","post","type-post","status-publish","format-standard","has-post-thumbnail","hentry","category-politique","category-tunisie","tag-ambassadeur-dallemagne","tag-kais-saied","tag-libye","tag-mohamed-al-menfi","tag-oliver-owcza","tag-president-tunisien","tag-tripoli"],"yoast_head":"<!-- This site is optimized with the Yoast SEO plugin v26.6 - https:\/\/yoast.com\/wordpress\/plugins\/seo\/ -->\n<title>L&#039;ambassadeur d&#039;Allemagne en Libye Oliver Owcza se r\u00e9jouit de la visite du pr\u00e9sident Sa\u00efed - Kapitalis<\/title>\n<meta name=\"robots\" content=\"index, follow, max-snippet:-1, max-image-preview:large, max-video-preview:-1\" \/>\n<link rel=\"canonical\" href=\"https:\/\/kapitalis.com\/tunisie\/2021\/03\/17\/lambassadeur-dallemagne-en-libye-oliver-owcza-se-rejouit-de-la-visite-du-president-saied\/\" \/>\n<meta property=\"og:locale\" content=\"fr_FR\" \/>\n<meta property=\"og:type\" content=\"article\" \/>\n<meta property=\"og:title\" content=\"L&#039;ambassadeur d&#039;Allemagne en Libye Oliver Owcza se r\u00e9jouit de la visite du pr\u00e9sident Sa\u00efed - Kapitalis\" \/>\n<meta property=\"og:description\" content=\"\u00abEncourageant de voir cet accueil du pr\u00e9sident tunisien Ka\u00efs Sa\u00efed par le Chef du Conseil pr\u00e9sidentiel libyen, Mohamed Al-Menfi, \u00e0 Tripoli!\u00bb, a comment\u00e9, ce mercredi 17 mars 2021, Oliver Owcza, ambassadeur d&rsquo;Allemagne en Libye.\" \/>\n<meta property=\"og:url\" content=\"https:\/\/kapitalis.com\/tunisie\/2021\/03\/17\/lambassadeur-dallemagne-en-libye-oliver-owcza-se-rejouit-de-la-visite-du-president-saied\/\" \/>\n<meta property=\"og:site_name\" content=\"Kapitalis\" \/>\n<meta property=\"article:publisher\" content=\"https:\/\/www.facebook.com\/KapitalisInfo\/\" \/>\n<meta property=\"article:published_time\" content=\"2021-03-17T14:52:44+00:00\" \/>\n<meta property=\"article:modified_time\" content=\"2021-03-18T09:46:47+00:00\" \/>\n<meta property=\"og:image\" content=\"https:\/\/kapitalis.com\/tunisie\/wp-content\/uploads\/2022\/05\/kapitalis-logo-fb.png\" \/>\n\t<meta property=\"og:image:width\" content=\"1200\" \/>\n\t<meta property=\"og:image:height\" content=\"630\" \/>\n\t<meta property=\"og:image:type\" content=\"image\/png\" \/>\n<meta name=\"author\" content=\"Yusra NY\" \/>\n<meta name=\"twitter:card\" content=\"summary_large_image\" \/>\n<meta name=\"twitter:creator\" content=\"@KapitalisInfo\" \/>\n<meta name=\"twitter:site\" content=\"@KapitalisInfo\" \/>\n<meta name=\"twitter:label1\" content=\"\u00c9crit par\" \/>\n\t<meta name=\"twitter:data1\" content=\"Yusra NY\" \/>\n\t<meta name=\"twitter:label2\" content=\"Dur\u00e9e de lecture estim\u00e9e\" \/>\n\t<meta name=\"twitter:data2\" content=\"1 minute\" \/>\n<script type=\"application\/ld+json\" class=\"yoast-schema-graph\">{\"@context\":\"https:\/\/schema.org\",\"@graph\":[{\"@type\":\"Article\",\"@id\":\"https:\/\/kapitalis.com\/tunisie\/2021\/03\/17\/lambassadeur-dallemagne-en-libye-oliver-owcza-se-rejouit-de-la-visite-du-president-saied\/#article\",\"isPartOf\":{\"@id\":\"https:\/\/kapitalis.com\/tunisie\/2021\/03\/17\/lambassadeur-dallemagne-en-libye-oliver-owcza-se-rejouit-de-la-visite-du-president-saied\/\"},\"author\":{\"name\":\"Yusra NY\",\"@id\":\"https:\/\/kapitalis.com\/tunisie\/#\/schema\/person\/74bbde0154d49d790a92aaeac5bc01d5\"},\"headline\":\"L&rsquo;ambassadeur d&rsquo;Allemagne en Libye Oliver Owcza se r\u00e9jouit de la visite du pr\u00e9sident Sa\u00efed\",\"datePublished\":\"2021-03-17T14:52:44+00:00\",\"dateModified\":\"2021-03-18T09:46:47+00:00\",\"mainEntityOfPage\":{\"@id\":\"https:\/\/kapitalis.com\/tunisie\/2021\/03\/17\/lambassadeur-dallemagne-en-libye-oliver-owcza-se-rejouit-de-la-visite-du-president-saied\/\"},\"wordCount\":214,\"commentCount\":1,\"publisher\":{\"@id\":\"https:\/\/kapitalis.com\/tunisie\/#organization\"},\"image\":{\"@id\":\"https:\/\/kapitalis.com\/tunisie\/2021\/03\/17\/lambassadeur-dallemagne-en-libye-oliver-owcza-se-rejouit-de-la-visite-du-president-saied\/#primaryimage\"},\"thumbnailUrl\":\"\",\"keywords\":[\"ambassadeur d'Allemagne\",\"\u064fKa\u00efs Sa\u00efed\",\"Libye\",\"Mohamed Al-Menfi\",\"Oliver Owcza\",\"pr\u00e9sident tunisien\",\"Tripoli\"],\"articleSection\":[\"POLITIQUE\",\"Tunisie\"],\"inLanguage\":\"fr-FR\",\"potentialAction\":[{\"@type\":\"CommentAction\",\"name\":\"Comment\",\"target\":[\"https:\/\/kapitalis.com\/tunisie\/2021\/03\/17\/lambassadeur-dallemagne-en-libye-oliver-owcza-se-rejouit-de-la-visite-du-president-saied\/#respond\"]}]},{\"@type\":\"WebPage\",\"@id\":\"https:\/\/kapitalis.com\/tunisie\/2021\/03\/17\/lambassadeur-dallemagne-en-libye-oliver-owcza-se-rejouit-de-la-visite-du-president-saied\/\",\"url\":\"https:\/\/kapitalis.com\/tunisie\/2021\/03\/17\/lambassadeur-dallemagne-en-libye-oliver-owcza-se-rejouit-de-la-visite-du-president-saied\/\",\"name\":\"L'ambassadeur d'Allemagne en Libye Oliver Owcza se r\u00e9jouit de la visite du pr\u00e9sident Sa\u00efed - Kapitalis\",\"isPartOf\":{\"@id\":\"https:\/\/kapitalis.com\/tunisie\/#website\"},\"primaryImageOfPage\":{\"@id\":\"https:\/\/kapitalis.com\/tunisie\/2021\/03\/17\/lambassadeur-dallemagne-en-libye-oliver-owcza-se-rejouit-de-la-visite-du-president-saied\/#primaryimage\"},\"image\":{\"@id\":\"https:\/\/kapitalis.com\/tunisie\/2021\/03\/17\/lambassadeur-dallemagne-en-libye-oliver-owcza-se-rejouit-de-la-visite-du-president-saied\/#primaryimage\"},\"thumbnailUrl\":\"\",\"datePublished\":\"2021-03-17T14:52:44+00:00\",\"dateModified\":\"2021-03-18T09:46:47+00:00\",\"breadcrumb\":{\"@id\":\"https:\/\/kapitalis.com\/tunisie\/2021\/03\/17\/lambassadeur-dallemagne-en-libye-oliver-owcza-se-rejouit-de-la-visite-du-president-saied\/#breadcrumb\"},\"inLanguage\":\"fr-FR\",\"potentialAction\":[{\"@type\":\"ReadAction\",\"target\":[\"https:\/\/kapitalis.com\/tunisie\/2021\/03\/17\/lambassadeur-dallemagne-en-libye-oliver-owcza-se-rejouit-de-la-visite-du-president-saied\/\"]}]},{\"@type\":\"ImageObject\",\"inLanguage\":\"fr-FR\",\"@id\":\"https:\/\/kapitalis.com\/tunisie\/2021\/03\/17\/lambassadeur-dallemagne-en-libye-oliver-owcza-se-rejouit-de-la-visite-du-president-saied\/#primaryimage\",\"url\":\"\",\"contentUrl\":\"\"},{\"@type\":\"BreadcrumbList\",\"@id\":\"https:\/\/kapitalis.com\/tunisie\/2021\/03\/17\/lambassadeur-dallemagne-en-libye-oliver-owcza-se-rejouit-de-la-visite-du-president-saied\/#breadcrumb\",\"itemListElement\":[{\"@type\":\"ListItem\",\"position\":1,\"name\":\"Accueil\",\"item\":\"https:\/\/kapitalis.com\/tunisie\/\"},{\"@type\":\"ListItem\",\"position\":2,\"name\":\"L&rsquo;ambassadeur d&rsquo;Allemagne en Libye Oliver Owcza se r\u00e9jouit de la visite du pr\u00e9sident Sa\u00efed\"}]},{\"@type\":\"WebSite\",\"@id\":\"https:\/\/kapitalis.com\/tunisie\/#website\",\"url\":\"https:\/\/kapitalis.com\/tunisie\/\",\"name\":\"Kapitalis\",\"description\":\"L&#039;actualit\u00e9 en Tunisie et dans le monde\",\"publisher\":{\"@id\":\"https:\/\/kapitalis.com\/tunisie\/#organization\"},\"potentialAction\":[{\"@type\":\"SearchAction\",\"target\":{\"@type\":\"EntryPoint\",\"urlTemplate\":\"https:\/\/kapitalis.com\/tunisie\/?s={search_term_string}\"},\"query-input\":{\"@type\":\"PropertyValueSpecification\",\"valueRequired\":true,\"valueName\":\"search_term_string\"}}],\"inLanguage\":\"fr-FR\"},{\"@type\":\"Organization\",\"@id\":\"https:\/\/kapitalis.com\/tunisie\/#organization\",\"name\":\"Kapitalis\",\"url\":\"https:\/\/kapitalis.com\/tunisie\/\",\"logo\":{\"@type\":\"ImageObject\",\"inLanguage\":\"fr-FR\",\"@id\":\"https:\/\/kapitalis.com\/tunisie\/#\/schema\/logo\/image\/\",\"url\":\"https:\/\/kapitalis.com\/tunisie\/wp-content\/uploads\/2022\/05\/Kapitalis-big-size.png\",\"contentUrl\":\"https:\/\/kapitalis.com\/tunisie\/wp-content\/uploads\/2022\/05\/Kapitalis-big-size.png\",\"width\":5000,\"height\":1500,\"caption\":\"Kapitalis\"},\"image\":{\"@id\":\"https:\/\/kapitalis.com\/tunisie\/#\/schema\/logo\/image\/\"},\"sameAs\":[\"https:\/\/www.facebook.com\/KapitalisInfo\/\",\"https:\/\/x.com\/KapitalisInfo\",\"https:\/\/www.youtube.com\/channel\/UC-yDYrHyfFBWWZaOw3FPg9Q\"]},{\"@type\":\"Person\",\"@id\":\"https:\/\/kapitalis.com\/tunisie\/#\/schema\/person\/74bbde0154d49d790a92aaeac5bc01d5\",\"name\":\"Yusra NY\",\"url\":\"https:\/\/kapitalis.com\/tunisie\/author\/yuza_adam\/\"}]}<\/script>\n<!-- \/ Yoast SEO plugin. -->","yoast_head_json":{"title":"L'ambassadeur d'Allemagne en Libye Oliver Owcza se r\u00e9jouit de la visite du pr\u00e9sident Sa\u00efed - Kapitalis","robots":{"index":"index","follow":"follow","max-snippet":"max-snippet:-1","max-image-preview":"max-image-preview:large","max-video-preview":"max-video-preview:-1"},"canonical":"https:\/\/kapitalis.com\/tunisie\/2021\/03\/17\/lambassadeur-dallemagne-en-libye-oliver-owcza-se-rejouit-de-la-visite-du-president-saied\/","og_locale":"fr_FR","og_type":"article","og_title":"L'ambassadeur d'Allemagne en Libye Oliver Owcza se r\u00e9jouit de la visite du pr\u00e9sident Sa\u00efed - Kapitalis","og_description":"\u00abEncourageant de voir cet accueil du pr\u00e9sident tunisien Ka\u00efs Sa\u00efed par le Chef du Conseil pr\u00e9sidentiel libyen, Mohamed Al-Menfi, \u00e0 Tripoli!\u00bb, a comment\u00e9, ce mercredi 17 mars 2021, Oliver Owcza, ambassadeur d&rsquo;Allemagne en Libye.","og_url":"https:\/\/kapitalis.com\/tunisie\/2021\/03\/17\/lambassadeur-dallemagne-en-libye-oliver-owcza-se-rejouit-de-la-visite-du-president-saied\/","og_site_name":"Kapitalis","article_publisher":"https:\/\/www.facebook.com\/KapitalisInfo\/","article_published_time":"2021-03-17T14:52:44+00:00","article_modified_time":"2021-03-18T09:46:47+00:00","og_image":[{"width":1200,"height":630,"url":"https:\/\/kapitalis.com\/tunisie\/wp-content\/uploads\/2022\/05\/kapitalis-logo-fb.png","type":"image\/png"}],"author":"Yusra NY","twitter_card":"summary_large_image","twitter_creator":"@KapitalisInfo","twitter_site":"@KapitalisInfo","twitter_misc":{"\u00c9crit par":"Yusra NY","Dur\u00e9e de lecture estim\u00e9e":"1 minute"},"schema":{"@context":"https:\/\/schema.org","@graph":[{"@type":"Article","@id":"https:\/\/kapitalis.com\/tunisie\/2021\/03\/17\/lambassadeur-dallemagne-en-libye-oliver-owcza-se-rejouit-de-la-visite-du-president-saied\/#article","isPartOf":{"@id":"https:\/\/kapitalis.com\/tunisie\/2021\/03\/17\/lambassadeur-dallemagne-en-libye-oliver-owcza-se-rejouit-de-la-visite-du-president-saied\/"},"author":{"name":"Yusra NY","@id":"https:\/\/kapitalis.com\/tunisie\/#\/schema\/person\/74bbde0154d49d790a92aaeac5bc01d5"},"headline":"L&rsquo;ambassadeur d&rsquo;Allemagne en Libye Oliver Owcza se r\u00e9jouit de la visite du pr\u00e9sident Sa\u00efed","datePublished":"2021-03-17T14:52:44+00:00","dateModified":"2021-03-18T09:46:47+00:00","mainEntityOfPage":{"@id":"https:\/\/kapitalis.com\/tunisie\/2021\/03\/17\/lambassadeur-dallemagne-en-libye-oliver-owcza-se-rejouit-de-la-visite-du-president-saied\/"},"wordCount":214,"commentCount":1,"publisher":{"@id":"https:\/\/kapitalis.com\/tunisie\/#organization"},"image":{"@id":"https:\/\/kapitalis.com\/tunisie\/2021\/03\/17\/lambassadeur-dallemagne-en-libye-oliver-owcza-se-rejouit-de-la-visite-du-president-saied\/#primaryimage"},"thumbnailUrl":"","keywords":["ambassadeur d'Allemagne","\u064fKa\u00efs Sa\u00efed","Libye","Mohamed Al-Menfi","Oliver Owcza","pr\u00e9sident tunisien","Tripoli"],"articleSection":["POLITIQUE","Tunisie"],"inLanguage":"fr-FR","potentialAction":[{"@type":"CommentAction","name":"Comment","target":["https:\/\/kapitalis.com\/tunisie\/2021\/03\/17\/lambassadeur-dallemagne-en-libye-oliver-owcza-se-rejouit-de-la-visite-du-president-saied\/#respond"]}]},{"@type":"WebPage","@id":"https:\/\/kapitalis.com\/tunisie\/2021\/03\/17\/lambassadeur-dallemagne-en-libye-oliver-owcza-se-rejouit-de-la-visite-du-president-saied\/","url":"https:\/\/kapitalis.com\/tunisie\/2021\/03\/17\/lambassadeur-dallemagne-en-libye-oliver-owcza-se-rejouit-de-la-visite-du-president-saied\/","name":"L'ambassadeur d'Allemagne en Libye Oliver Owcza se r\u00e9jouit de la visite du pr\u00e9sident Sa\u00efed - Kapitalis","isPartOf":{"@id":"https:\/\/kapitalis.com\/tunisie\/#website"},"primaryImageOfPage":{"@id":"https:\/\/kapitalis.com\/tunisie\/2021\/03\/17\/lambassadeur-dallemagne-en-libye-oliver-owcza-se-rejouit-de-la-visite-du-president-saied\/#primaryimage"},"image":{"@id":"https:\/\/kapitalis.com\/tunisie\/2021\/03\/17\/lambassadeur-dallemagne-en-libye-oliver-owcza-se-rejouit-de-la-visite-du-president-saied\/#primaryimage"},"thumbnailUrl":"","datePublished":"2021-03-17T14:52:44+00:00","dateModified":"2021-03-18T09:46:47+00:00","breadcrumb":{"@id":"https:\/\/kapitalis.com\/tunisie\/2021\/03\/17\/lambassadeur-dallemagne-en-libye-oliver-owcza-se-rejouit-de-la-visite-du-president-saied\/#breadcrumb"},"inLanguage":"fr-FR","potentialAction":[{"@type":"ReadAction","target":["https:\/\/kapitalis.com\/tunisie\/2021\/03\/17\/lambassadeur-dallemagne-en-libye-oliver-owcza-se-rejouit-de-la-visite-du-president-saied\/"]}]},{"@type":"ImageObject","inLanguage":"fr-FR","@id":"https:\/\/kapitalis.com\/tunisie\/2021\/03\/17\/lambassadeur-dallemagne-en-libye-oliver-owcza-se-rejouit-de-la-visite-du-president-saied\/#primaryimage","url":"","contentUrl":""},{"@type":"BreadcrumbList","@id":"https:\/\/kapitalis.com\/tunisie\/2021\/03\/17\/lambassadeur-dallemagne-en-libye-oliver-owcza-se-rejouit-de-la-visite-du-president-saied\/#breadcrumb","itemListElement":[{"@type":"ListItem","position":1,"name":"Accueil","item":"https:\/\/kapitalis.com\/tunisie\/"},{"@type":"ListItem","position":2,"name":"L&rsquo;ambassadeur d&rsquo;Allemagne en Libye Oliver Owcza se r\u00e9jouit de la visite du pr\u00e9sident Sa\u00efed"}]},{"@type":"WebSite","@id":"https:\/\/kapitalis.com\/tunisie\/#website","url":"https:\/\/kapitalis.com\/tunisie\/","name":"Kapitalis","description":"L&#039;actualit\u00e9 en Tunisie et dans le monde","publisher":{"@id":"https:\/\/kapitalis.com\/tunisie\/#organization"},"potentialAction":[{"@type":"SearchAction","target":{"@type":"EntryPoint","urlTemplate":"https:\/\/kapitalis.com\/tunisie\/?s={search_term_string}"},"query-input":{"@type":"PropertyValueSpecification","valueRequired":true,"valueName":"search_term_string"}}],"inLanguage":"fr-FR"},{"@type":"Organization","@id":"https:\/\/kapitalis.com\/tunisie\/#organization","name":"Kapitalis","url":"https:\/\/kapitalis.com\/tunisie\/","logo":{"@type":"ImageObject","inLanguage":"fr-FR","@id":"https:\/\/kapitalis.com\/tunisie\/#\/schema\/logo\/image\/","url":"https:\/\/kapitalis.com\/tunisie\/wp-content\/uploads\/2022\/05\/Kapitalis-big-size.png","contentUrl":"https:\/\/kapitalis.com\/tunisie\/wp-content\/uploads\/2022\/05\/Kapitalis-big-size.png","width":5000,"height":1500,"caption":"Kapitalis"},"image":{"@id":"https:\/\/kapitalis.com\/tunisie\/#\/schema\/logo\/image\/"},"sameAs":["https:\/\/www.facebook.com\/KapitalisInfo\/","https:\/\/x.com\/KapitalisInfo","https:\/\/www.youtube.com\/channel\/UC-yDYrHyfFBWWZaOw3FPg9Q"]},{"@type":"Person","@id":"https:\/\/kapitalis.com\/tunisie\/#\/schema\/person\/74bbde0154d49d790a92aaeac5bc01d5","name":"Yusra NY","url":"https:\/\/kapitalis.com\/tunisie\/author\/yuza_adam\/"}]}},"_links":{"self":[{"href":"https:\/\/kapitalis.com\/tunisie\/wp-json\/wp\/v2\/posts\/340327","targetHints":{"allow":["GET"]}}],"collection":[{"href":"https:\/\/kapitalis.com\/tunisie\/wp-json\/wp\/v2\/posts"}],"about":[{"href":"https:\/\/kapitalis.com\/tunisie\/wp-json\/wp\/v2\/types\/post"}],"author":[{"embeddable":true,"href":"https:\/\/kapitalis.com\/tunisie\/wp-json\/wp\/v2\/users\/6"}],"replies":[{"embeddable":true,"href":"https:\/\/kapitalis.com\/tunisie\/wp-json\/wp\/v2\/comments?post=340327"}],"version-history":[{"count":0,"href":"https:\/\/kapitalis.com\/tunisie\/wp-json\/wp\/v2\/posts\/340327\/revisions"}],"wp:featuredmedia":[{"embeddable":true,"href":"https:\/\/kapitalis.com\/tunisie\/wp-json\/wp\/v2\/media\/340335"}],"wp:attachment":[{"href":"https:\/\/kapitalis.com\/tunisie\/wp-json\/wp\/v2\/media?parent=340327"}],"wp:term":[{"taxonomy":"category","embeddable":true,"href":"https:\/\/kapitalis.com\/tunisie\/wp-json\/wp\/v2\/categories?post=340327"},{"taxonomy":"post_tag","embeddable":true,"href":"https:\/\/kapitalis.com\/tunisie\/wp-json\/wp\/v2\/tags?post=340327"}],"curies":[{"name":"wp","href":"https:\/\/api.w.org\/{rel}","templated":true}]}}