{"id":340442,"date":"2021-03-18T12:25:03","date_gmt":"2021-03-18T11:25:03","guid":{"rendered":"http:\/\/kapitalis.com\/tunisie\/?p=340442"},"modified":"2021-03-18T12:25:07","modified_gmt":"2021-03-18T11:25:07","slug":"victime-dun-malaise-mohamed-ennaceur-quitte-la-clinique","status":"publish","type":"post","link":"https:\/\/kapitalis.com\/tunisie\/2021\/03\/18\/victime-dun-malaise-mohamed-ennaceur-quitte-la-clinique\/","title":{"rendered":"Victime d&rsquo;un malaise, Mohamed Ennaceur quitte la clinique"},"content":{"rendered":"\n<figure class=\"wp-block-image size-large\"><img decoding=\"async\" src=\"http:\/\/kapitalis.com\/tunisie\/wp-content\/uploads\/2016\/02\/Mohamed-Ennaceur.jpg\" alt=\"\" class=\"wp-image-40567\"\/><\/figure>\n\n\n\n<p><strong><em>L\u2019ancien pr\u00e9sident de la r\u00e9publique par int\u00e9rim et de l&rsquo;Assembl\u00e9e des repr\u00e9sentants du peuple (ARP), Mohamed Ennaceur, a quitt\u00e9, ce jeudi 18 mars 2021, la clinique o\u00f9 il avait \u00e9t\u00e9 admis suite \u00e0 un malaise.<\/em><\/strong><\/p>\n\n\n\n<!--more-->\n\n\n\n<p>C&rsquo;est ce qu&rsquo;a indiqu\u00e9 une source proche de sa famille, relay\u00e9e par Mosa\u00efque FM.<\/p>\n\n\n\n<p>Rappelons qu&rsquo;hier, le pr\u00e9sident de la r\u00e9publique, Ka\u00efs Sa\u00efed s&rsquo;\u00e9tait <a href=\"http:\/\/kapitalis.com\/tunisie\/2021\/03\/17\/le-president-saied-se-rend-a-la-clinique-pour-senquerir-de-letat-de-sante-de-mohamed-ennaceur\/\"><strong>d\u00e9plac\u00e9 \u00e0 la clinique<\/strong><\/a> pour s&rsquo;enqu\u00e9rir de l&rsquo;\u00e9tat de sant\u00e9 de son pr\u00e9d\u00e9cesseur.<\/p>\n\n\n\n<p>\u00c2g\u00e9 de 87 ans, Mohamed Ennaceur a \u00e9t\u00e9 l&rsquo;un des hommes de confiance des anciens pr\u00e9sidents de la r\u00e9publique, Habib Bourguiba et B\u00e9j Ca\u00efd Essebssi. De ce fait, il a occup\u00e9 le poste de ministre des Affaires sociales en 2011 lorsque ce dernier \u00e9tait chef de gouvernement et le m\u00eame poste entre 74 et 77 puis entre 79 et 85 sous Bourguiba.<\/p>\n\n\n\n<p class=\"has-text-align-right\"><strong>C. B. Y.<\/strong><\/p>\n","protected":false},"excerpt":{"rendered":"<p>L\u2019ancien pr\u00e9sident de la r\u00e9publique par int\u00e9rim et de l&rsquo;Assembl\u00e9e des repr\u00e9sentants du peuple (ARP), Mohamed Ennaceur, a quitt\u00e9, ce jeudi 18 mars 2021, la clinique o\u00f9 il avait \u00e9t\u00e9 admis suite \u00e0 un malaise.<\/p>\n","protected":false},"author":24,"featured_media":0,"comment_status":"open","ping_status":"open","sticky":false,"template":"","format":"standard","meta":{"footnotes":""},"categories":[997,2433],"tags":[76012,1710],"class_list":["post-340442","post","type-post","status-publish","format-standard","hentry","category-politique","category-tunisie","tag-kais-saied-2","tag-mohamed-ennaceur"],"yoast_head":"<!-- This site is optimized with the Yoast SEO plugin v26.6 - https:\/\/yoast.com\/wordpress\/plugins\/seo\/ -->\n<title>Victime d&#039;un malaise, Mohamed Ennaceur quitte la clinique - Kapitalis<\/title>\n<meta name=\"robots\" content=\"index, follow, max-snippet:-1, max-image-preview:large, max-video-preview:-1\" \/>\n<link rel=\"canonical\" href=\"https:\/\/kapitalis.com\/tunisie\/2021\/03\/18\/victime-dun-malaise-mohamed-ennaceur-quitte-la-clinique\/\" \/>\n<meta property=\"og:locale\" content=\"fr_FR\" \/>\n<meta property=\"og:type\" content=\"article\" \/>\n<meta property=\"og:title\" content=\"Victime d&#039;un malaise, Mohamed Ennaceur quitte la clinique - Kapitalis\" \/>\n<meta property=\"og:description\" content=\"L\u2019ancien pr\u00e9sident de la r\u00e9publique par int\u00e9rim et de l&rsquo;Assembl\u00e9e des repr\u00e9sentants du peuple (ARP), Mohamed Ennaceur, a quitt\u00e9, ce jeudi 18 mars 2021, la clinique o\u00f9 il avait \u00e9t\u00e9 admis suite \u00e0 un malaise.\" \/>\n<meta property=\"og:url\" content=\"https:\/\/kapitalis.com\/tunisie\/2021\/03\/18\/victime-dun-malaise-mohamed-ennaceur-quitte-la-clinique\/\" \/>\n<meta property=\"og:site_name\" content=\"Kapitalis\" \/>\n<meta property=\"article:publisher\" content=\"https:\/\/www.facebook.com\/KapitalisInfo\/\" \/>\n<meta property=\"article:published_time\" content=\"2021-03-18T11:25:03+00:00\" \/>\n<meta property=\"article:modified_time\" content=\"2021-03-18T11:25:07+00:00\" \/>\n<meta property=\"og:image\" content=\"http:\/\/kapitalis.com\/tunisie\/wp-content\/uploads\/2016\/02\/Mohamed-Ennaceur.jpg\" \/>\n<meta name=\"author\" content=\"Cherif Benyounes\" \/>\n<meta name=\"twitter:card\" content=\"summary_large_image\" \/>\n<meta name=\"twitter:creator\" content=\"@KapitalisInfo\" \/>\n<meta name=\"twitter:site\" content=\"@KapitalisInfo\" \/>\n<meta name=\"twitter:label1\" content=\"\u00c9crit par\" \/>\n\t<meta name=\"twitter:data1\" content=\"Cherif Benyounes\" \/>\n\t<meta name=\"twitter:label2\" content=\"Dur\u00e9e de lecture estim\u00e9e\" \/>\n\t<meta name=\"twitter:data2\" content=\"1 minute\" \/>\n<script type=\"application\/ld+json\" class=\"yoast-schema-graph\">{\"@context\":\"https:\/\/schema.org\",\"@graph\":[{\"@type\":\"Article\",\"@id\":\"https:\/\/kapitalis.com\/tunisie\/2021\/03\/18\/victime-dun-malaise-mohamed-ennaceur-quitte-la-clinique\/#article\",\"isPartOf\":{\"@id\":\"https:\/\/kapitalis.com\/tunisie\/2021\/03\/18\/victime-dun-malaise-mohamed-ennaceur-quitte-la-clinique\/\"},\"author\":{\"name\":\"Cherif Benyounes\",\"@id\":\"https:\/\/kapitalis.com\/tunisie\/#\/schema\/person\/b35b8d631961131107263178aeb8019e\"},\"headline\":\"Victime d&rsquo;un malaise, Mohamed Ennaceur quitte la clinique\",\"datePublished\":\"2021-03-18T11:25:03+00:00\",\"dateModified\":\"2021-03-18T11:25:07+00:00\",\"mainEntityOfPage\":{\"@id\":\"https:\/\/kapitalis.com\/tunisie\/2021\/03\/18\/victime-dun-malaise-mohamed-ennaceur-quitte-la-clinique\/\"},\"wordCount\":158,\"commentCount\":0,\"publisher\":{\"@id\":\"https:\/\/kapitalis.com\/tunisie\/#organization\"},\"image\":{\"@id\":\"https:\/\/kapitalis.com\/tunisie\/2021\/03\/18\/victime-dun-malaise-mohamed-ennaceur-quitte-la-clinique\/#primaryimage\"},\"thumbnailUrl\":\"http:\/\/kapitalis.com\/tunisie\/wp-content\/uploads\/2016\/02\/Mohamed-Ennaceur.jpg\",\"keywords\":[\"Ka\u00efs Sa\u00efed\",\"Mohamed Ennaceur\"],\"articleSection\":[\"POLITIQUE\",\"Tunisie\"],\"inLanguage\":\"fr-FR\",\"potentialAction\":[{\"@type\":\"CommentAction\",\"name\":\"Comment\",\"target\":[\"https:\/\/kapitalis.com\/tunisie\/2021\/03\/18\/victime-dun-malaise-mohamed-ennaceur-quitte-la-clinique\/#respond\"]}]},{\"@type\":\"WebPage\",\"@id\":\"https:\/\/kapitalis.com\/tunisie\/2021\/03\/18\/victime-dun-malaise-mohamed-ennaceur-quitte-la-clinique\/\",\"url\":\"https:\/\/kapitalis.com\/tunisie\/2021\/03\/18\/victime-dun-malaise-mohamed-ennaceur-quitte-la-clinique\/\",\"name\":\"Victime d'un malaise, Mohamed Ennaceur quitte la clinique - Kapitalis\",\"isPartOf\":{\"@id\":\"https:\/\/kapitalis.com\/tunisie\/#website\"},\"primaryImageOfPage\":{\"@id\":\"https:\/\/kapitalis.com\/tunisie\/2021\/03\/18\/victime-dun-malaise-mohamed-ennaceur-quitte-la-clinique\/#primaryimage\"},\"image\":{\"@id\":\"https:\/\/kapitalis.com\/tunisie\/2021\/03\/18\/victime-dun-malaise-mohamed-ennaceur-quitte-la-clinique\/#primaryimage\"},\"thumbnailUrl\":\"http:\/\/kapitalis.com\/tunisie\/wp-content\/uploads\/2016\/02\/Mohamed-Ennaceur.jpg\",\"datePublished\":\"2021-03-18T11:25:03+00:00\",\"dateModified\":\"2021-03-18T11:25:07+00:00\",\"breadcrumb\":{\"@id\":\"https:\/\/kapitalis.com\/tunisie\/2021\/03\/18\/victime-dun-malaise-mohamed-ennaceur-quitte-la-clinique\/#breadcrumb\"},\"inLanguage\":\"fr-FR\",\"potentialAction\":[{\"@type\":\"ReadAction\",\"target\":[\"https:\/\/kapitalis.com\/tunisie\/2021\/03\/18\/victime-dun-malaise-mohamed-ennaceur-quitte-la-clinique\/\"]}]},{\"@type\":\"ImageObject\",\"inLanguage\":\"fr-FR\",\"@id\":\"https:\/\/kapitalis.com\/tunisie\/2021\/03\/18\/victime-dun-malaise-mohamed-ennaceur-quitte-la-clinique\/#primaryimage\",\"url\":\"http:\/\/kapitalis.com\/tunisie\/wp-content\/uploads\/2016\/02\/Mohamed-Ennaceur.jpg\",\"contentUrl\":\"http:\/\/kapitalis.com\/tunisie\/wp-content\/uploads\/2016\/02\/Mohamed-Ennaceur.jpg\"},{\"@type\":\"BreadcrumbList\",\"@id\":\"https:\/\/kapitalis.com\/tunisie\/2021\/03\/18\/victime-dun-malaise-mohamed-ennaceur-quitte-la-clinique\/#breadcrumb\",\"itemListElement\":[{\"@type\":\"ListItem\",\"position\":1,\"name\":\"Accueil\",\"item\":\"https:\/\/kapitalis.com\/tunisie\/\"},{\"@type\":\"ListItem\",\"position\":2,\"name\":\"Victime d&rsquo;un malaise, Mohamed Ennaceur quitte la clinique\"}]},{\"@type\":\"WebSite\",\"@id\":\"https:\/\/kapitalis.com\/tunisie\/#website\",\"url\":\"https:\/\/kapitalis.com\/tunisie\/\",\"name\":\"Kapitalis\",\"description\":\"L&#039;actualit\u00e9 en Tunisie et dans le monde\",\"publisher\":{\"@id\":\"https:\/\/kapitalis.com\/tunisie\/#organization\"},\"potentialAction\":[{\"@type\":\"SearchAction\",\"target\":{\"@type\":\"EntryPoint\",\"urlTemplate\":\"https:\/\/kapitalis.com\/tunisie\/?s={search_term_string}\"},\"query-input\":{\"@type\":\"PropertyValueSpecification\",\"valueRequired\":true,\"valueName\":\"search_term_string\"}}],\"inLanguage\":\"fr-FR\"},{\"@type\":\"Organization\",\"@id\":\"https:\/\/kapitalis.com\/tunisie\/#organization\",\"name\":\"Kapitalis\",\"url\":\"https:\/\/kapitalis.com\/tunisie\/\",\"logo\":{\"@type\":\"ImageObject\",\"inLanguage\":\"fr-FR\",\"@id\":\"https:\/\/kapitalis.com\/tunisie\/#\/schema\/logo\/image\/\",\"url\":\"https:\/\/kapitalis.com\/tunisie\/wp-content\/uploads\/2022\/05\/Kapitalis-big-size.png\",\"contentUrl\":\"https:\/\/kapitalis.com\/tunisie\/wp-content\/uploads\/2022\/05\/Kapitalis-big-size.png\",\"width\":5000,\"height\":1500,\"caption\":\"Kapitalis\"},\"image\":{\"@id\":\"https:\/\/kapitalis.com\/tunisie\/#\/schema\/logo\/image\/\"},\"sameAs\":[\"https:\/\/www.facebook.com\/KapitalisInfo\/\",\"https:\/\/x.com\/KapitalisInfo\",\"https:\/\/www.youtube.com\/channel\/UC-yDYrHyfFBWWZaOw3FPg9Q\"]},{\"@type\":\"Person\",\"@id\":\"https:\/\/kapitalis.com\/tunisie\/#\/schema\/person\/b35b8d631961131107263178aeb8019e\",\"name\":\"Cherif Benyounes\",\"url\":\"https:\/\/kapitalis.com\/tunisie\/author\/cherif\/\"}]}<\/script>\n<!-- \/ Yoast SEO plugin. -->","yoast_head_json":{"title":"Victime d'un malaise, Mohamed Ennaceur quitte la clinique - Kapitalis","robots":{"index":"index","follow":"follow","max-snippet":"max-snippet:-1","max-image-preview":"max-image-preview:large","max-video-preview":"max-video-preview:-1"},"canonical":"https:\/\/kapitalis.com\/tunisie\/2021\/03\/18\/victime-dun-malaise-mohamed-ennaceur-quitte-la-clinique\/","og_locale":"fr_FR","og_type":"article","og_title":"Victime d'un malaise, Mohamed Ennaceur quitte la clinique - Kapitalis","og_description":"L\u2019ancien pr\u00e9sident de la r\u00e9publique par int\u00e9rim et de l&rsquo;Assembl\u00e9e des repr\u00e9sentants du peuple (ARP), Mohamed Ennaceur, a quitt\u00e9, ce jeudi 18 mars 2021, la clinique o\u00f9 il avait \u00e9t\u00e9 admis suite \u00e0 un malaise.","og_url":"https:\/\/kapitalis.com\/tunisie\/2021\/03\/18\/victime-dun-malaise-mohamed-ennaceur-quitte-la-clinique\/","og_site_name":"Kapitalis","article_publisher":"https:\/\/www.facebook.com\/KapitalisInfo\/","article_published_time":"2021-03-18T11:25:03+00:00","article_modified_time":"2021-03-18T11:25:07+00:00","og_image":[{"url":"http:\/\/kapitalis.com\/tunisie\/wp-content\/uploads\/2016\/02\/Mohamed-Ennaceur.jpg","type":"","width":"","height":""}],"author":"Cherif Benyounes","twitter_card":"summary_large_image","twitter_creator":"@KapitalisInfo","twitter_site":"@KapitalisInfo","twitter_misc":{"\u00c9crit par":"Cherif Benyounes","Dur\u00e9e de lecture estim\u00e9e":"1 minute"},"schema":{"@context":"https:\/\/schema.org","@graph":[{"@type":"Article","@id":"https:\/\/kapitalis.com\/tunisie\/2021\/03\/18\/victime-dun-malaise-mohamed-ennaceur-quitte-la-clinique\/#article","isPartOf":{"@id":"https:\/\/kapitalis.com\/tunisie\/2021\/03\/18\/victime-dun-malaise-mohamed-ennaceur-quitte-la-clinique\/"},"author":{"name":"Cherif Benyounes","@id":"https:\/\/kapitalis.com\/tunisie\/#\/schema\/person\/b35b8d631961131107263178aeb8019e"},"headline":"Victime d&rsquo;un malaise, Mohamed Ennaceur quitte la clinique","datePublished":"2021-03-18T11:25:03+00:00","dateModified":"2021-03-18T11:25:07+00:00","mainEntityOfPage":{"@id":"https:\/\/kapitalis.com\/tunisie\/2021\/03\/18\/victime-dun-malaise-mohamed-ennaceur-quitte-la-clinique\/"},"wordCount":158,"commentCount":0,"publisher":{"@id":"https:\/\/kapitalis.com\/tunisie\/#organization"},"image":{"@id":"https:\/\/kapitalis.com\/tunisie\/2021\/03\/18\/victime-dun-malaise-mohamed-ennaceur-quitte-la-clinique\/#primaryimage"},"thumbnailUrl":"http:\/\/kapitalis.com\/tunisie\/wp-content\/uploads\/2016\/02\/Mohamed-Ennaceur.jpg","keywords":["Ka\u00efs Sa\u00efed","Mohamed Ennaceur"],"articleSection":["POLITIQUE","Tunisie"],"inLanguage":"fr-FR","potentialAction":[{"@type":"CommentAction","name":"Comment","target":["https:\/\/kapitalis.com\/tunisie\/2021\/03\/18\/victime-dun-malaise-mohamed-ennaceur-quitte-la-clinique\/#respond"]}]},{"@type":"WebPage","@id":"https:\/\/kapitalis.com\/tunisie\/2021\/03\/18\/victime-dun-malaise-mohamed-ennaceur-quitte-la-clinique\/","url":"https:\/\/kapitalis.com\/tunisie\/2021\/03\/18\/victime-dun-malaise-mohamed-ennaceur-quitte-la-clinique\/","name":"Victime d'un malaise, Mohamed Ennaceur quitte la clinique - Kapitalis","isPartOf":{"@id":"https:\/\/kapitalis.com\/tunisie\/#website"},"primaryImageOfPage":{"@id":"https:\/\/kapitalis.com\/tunisie\/2021\/03\/18\/victime-dun-malaise-mohamed-ennaceur-quitte-la-clinique\/#primaryimage"},"image":{"@id":"https:\/\/kapitalis.com\/tunisie\/2021\/03\/18\/victime-dun-malaise-mohamed-ennaceur-quitte-la-clinique\/#primaryimage"},"thumbnailUrl":"http:\/\/kapitalis.com\/tunisie\/wp-content\/uploads\/2016\/02\/Mohamed-Ennaceur.jpg","datePublished":"2021-03-18T11:25:03+00:00","dateModified":"2021-03-18T11:25:07+00:00","breadcrumb":{"@id":"https:\/\/kapitalis.com\/tunisie\/2021\/03\/18\/victime-dun-malaise-mohamed-ennaceur-quitte-la-clinique\/#breadcrumb"},"inLanguage":"fr-FR","potentialAction":[{"@type":"ReadAction","target":["https:\/\/kapitalis.com\/tunisie\/2021\/03\/18\/victime-dun-malaise-mohamed-ennaceur-quitte-la-clinique\/"]}]},{"@type":"ImageObject","inLanguage":"fr-FR","@id":"https:\/\/kapitalis.com\/tunisie\/2021\/03\/18\/victime-dun-malaise-mohamed-ennaceur-quitte-la-clinique\/#primaryimage","url":"http:\/\/kapitalis.com\/tunisie\/wp-content\/uploads\/2016\/02\/Mohamed-Ennaceur.jpg","contentUrl":"http:\/\/kapitalis.com\/tunisie\/wp-content\/uploads\/2016\/02\/Mohamed-Ennaceur.jpg"},{"@type":"BreadcrumbList","@id":"https:\/\/kapitalis.com\/tunisie\/2021\/03\/18\/victime-dun-malaise-mohamed-ennaceur-quitte-la-clinique\/#breadcrumb","itemListElement":[{"@type":"ListItem","position":1,"name":"Accueil","item":"https:\/\/kapitalis.com\/tunisie\/"},{"@type":"ListItem","position":2,"name":"Victime d&rsquo;un malaise, Mohamed Ennaceur quitte la clinique"}]},{"@type":"WebSite","@id":"https:\/\/kapitalis.com\/tunisie\/#website","url":"https:\/\/kapitalis.com\/tunisie\/","name":"Kapitalis","description":"L&#039;actualit\u00e9 en Tunisie et dans le monde","publisher":{"@id":"https:\/\/kapitalis.com\/tunisie\/#organization"},"potentialAction":[{"@type":"SearchAction","target":{"@type":"EntryPoint","urlTemplate":"https:\/\/kapitalis.com\/tunisie\/?s={search_term_string}"},"query-input":{"@type":"PropertyValueSpecification","valueRequired":true,"valueName":"search_term_string"}}],"inLanguage":"fr-FR"},{"@type":"Organization","@id":"https:\/\/kapitalis.com\/tunisie\/#organization","name":"Kapitalis","url":"https:\/\/kapitalis.com\/tunisie\/","logo":{"@type":"ImageObject","inLanguage":"fr-FR","@id":"https:\/\/kapitalis.com\/tunisie\/#\/schema\/logo\/image\/","url":"https:\/\/kapitalis.com\/tunisie\/wp-content\/uploads\/2022\/05\/Kapitalis-big-size.png","contentUrl":"https:\/\/kapitalis.com\/tunisie\/wp-content\/uploads\/2022\/05\/Kapitalis-big-size.png","width":5000,"height":1500,"caption":"Kapitalis"},"image":{"@id":"https:\/\/kapitalis.com\/tunisie\/#\/schema\/logo\/image\/"},"sameAs":["https:\/\/www.facebook.com\/KapitalisInfo\/","https:\/\/x.com\/KapitalisInfo","https:\/\/www.youtube.com\/channel\/UC-yDYrHyfFBWWZaOw3FPg9Q"]},{"@type":"Person","@id":"https:\/\/kapitalis.com\/tunisie\/#\/schema\/person\/b35b8d631961131107263178aeb8019e","name":"Cherif Benyounes","url":"https:\/\/kapitalis.com\/tunisie\/author\/cherif\/"}]}},"_links":{"self":[{"href":"https:\/\/kapitalis.com\/tunisie\/wp-json\/wp\/v2\/posts\/340442","targetHints":{"allow":["GET"]}}],"collection":[{"href":"https:\/\/kapitalis.com\/tunisie\/wp-json\/wp\/v2\/posts"}],"about":[{"href":"https:\/\/kapitalis.com\/tunisie\/wp-json\/wp\/v2\/types\/post"}],"author":[{"embeddable":true,"href":"https:\/\/kapitalis.com\/tunisie\/wp-json\/wp\/v2\/users\/24"}],"replies":[{"embeddable":true,"href":"https:\/\/kapitalis.com\/tunisie\/wp-json\/wp\/v2\/comments?post=340442"}],"version-history":[{"count":0,"href":"https:\/\/kapitalis.com\/tunisie\/wp-json\/wp\/v2\/posts\/340442\/revisions"}],"wp:attachment":[{"href":"https:\/\/kapitalis.com\/tunisie\/wp-json\/wp\/v2\/media?parent=340442"}],"wp:term":[{"taxonomy":"category","embeddable":true,"href":"https:\/\/kapitalis.com\/tunisie\/wp-json\/wp\/v2\/categories?post=340442"},{"taxonomy":"post_tag","embeddable":true,"href":"https:\/\/kapitalis.com\/tunisie\/wp-json\/wp\/v2\/tags?post=340442"}],"curies":[{"name":"wp","href":"https:\/\/api.w.org\/{rel}","templated":true}]}}