{"id":3417891,"date":"2022-08-25T08:12:38","date_gmt":"2022-08-25T07:12:38","guid":{"rendered":"https:\/\/kapitalis.com\/tunisie\/?p=3417891"},"modified":"2022-08-25T08:12:40","modified_gmt":"2022-08-25T07:12:40","slug":"ezzedine-saidane-la-hausse-du-dollar-alourdit-la-dette-tunisienne","status":"publish","type":"post","link":"https:\/\/kapitalis.com\/tunisie\/2022\/08\/25\/ezzedine-saidane-la-hausse-du-dollar-alourdit-la-dette-tunisienne\/","title":{"rendered":"Ezzedine Saidane\u00a0: \u00abLa hausse du dollar alourdit la dette tunisienne\u00bb"},"content":{"rendered":"\n<p><strong><em>L\u2019expert financier Ezzedine Saidane a affirm\u00e9 que la tourmente des taux de change sur les march\u00e9s mondiaux et la baisse de la valeur de l\u2019euro face \u00e0 la l\u00e9g\u00e8re hausse de celle du dollar affecteront le stock de devises et le budget de l\u2019\u00c9tat en Tunisie \u00e0 travers une augmentation de la valeur des pr\u00eats que notre pays doit rembourser en 2022.<\/em><\/strong><\/p>\n\n\n\n<!--more-->\n\n\n\n<p>Saidane a ajout\u00e9, dans une d\u00e9claration \u00e0 Shems FM, mercredi 24 ao\u00fbt 2022, que le budget de la Tunisie pour 2022 \u00e9tait bas\u00e9 sur le prix du baril de p\u00e9trole \u00e0 75 dollars et sur le fait que le prix du dollar serait inf\u00e9rieur \u00e0 3 dinars. L\u2019impact n\u00e9gatif de la hausse du prix du baril de p\u00e9trole, d\u2019une part, et de la valeur du dollar, d&rsquo;autre part, sera donc double.<\/p>\n\n\n\n<p>Saidane a ajout\u00e9 que l\u2019impact sur le budget de compensation ou le fonds de compensation sera \u00e9galement tr\u00e8s lourd. Il est donc n\u00e9cessaire de revoir le budget de l\u2019Etat et de pr\u00e9parer un budget compl\u00e9mentaire d\u00e8s que possible pour tenir compte de toutes ces \u00e9volutions de la conjoncture mondiale.<\/p>\n\n\n\n<p>L\u2019expert financier a \u00e9galement pr\u00e9cis\u00e9 que la Tunisie, dans le budget initial, avait besoin de pr\u00eats pour l\u2019ann\u00e9e 2022 estim\u00e9s \u00e0 20 milliards de dinars, et maintenant ses besoins sont r\u00e9\u00e9valu\u00e9s \u00e0 25 milliards de dinars.<\/p>\n\n\n\n<figure class=\"wp-block-embed is-type-wp-embed is-provider-kapitalis wp-block-embed-kapitalis\"><div class=\"wp-block-embed__wrapper\">\n<blockquote class=\"wp-embedded-content\" data-secret=\"S8CYtHz1fw\"><a href=\"https:\/\/kapitalis.com\/tunisie\/2022\/08\/23\/legalite-euro-dollar-retrouvee-apres-20-ans-la-tunisie-sen-sort-gagnante\/\">L\u2019\u00e9galit\u00e9 Euro &#8211; Dollar retrouv\u00e9e apr\u00e8s 20 ans\u00a0: la Tunisie s\u2019en sort gagnante\u2026<\/a><\/blockquote><iframe loading=\"lazy\" class=\"wp-embedded-content\" sandbox=\"allow-scripts\" security=\"restricted\" style=\"position: absolute; clip: rect(1px, 1px, 1px, 1px);\" title=\"\u00ab\u00a0L\u2019\u00e9galit\u00e9 Euro &#8211; Dollar retrouv\u00e9e apr\u00e8s 20 ans\u00a0: la Tunisie s\u2019en sort gagnante\u2026\u00a0\u00bb &#8212; Kapitalis\" src=\"https:\/\/kapitalis.com\/tunisie\/2022\/08\/23\/legalite-euro-dollar-retrouvee-apres-20-ans-la-tunisie-sen-sort-gagnante\/embed\/#?secret=HqVrBv2JOl#?secret=S8CYtHz1fw\" data-secret=\"S8CYtHz1fw\" width=\"600\" height=\"338\" frameborder=\"0\" marginwidth=\"0\" marginheight=\"0\" scrolling=\"no\"><\/iframe>\n<\/div><\/figure>\n\n\n\n<p>La tourmente des prix des devises sur les march\u00e9s mondiaux et la baisse du taux de change de l\u2019euro face \u00e0 la l\u00e9g\u00e8re hausse du change du dollar auront un impact n\u00e9gatif sur l\u2019\u00e9conomie tunisienne, en raison de l\u2019achat de nombreux produits en dollars, comme le bl\u00e9 et les produits p\u00e9troliers, a insist\u00e9 M. Saidane.<\/p>\n\n\n\n<p>Par ailleurs, le dollar et l\u2019euro repr\u00e9sentent environ 85% des paiements tunisiens, qu\u2019ils soient entrants ou sortants, a encore pr\u00e9cis\u00e9 M. Saidane, ajoutant qu\u2019une grande partie de la dette tunisienne est libell\u00e9e en dollars, ce qui signifie que le service de la dette sera plus difficile et plus lourd pour le budget de l\u2019Etat.<\/p>\n\n\n\n<p class=\"has-text-align-right\"><strong>I. B.<\/strong><\/p>\n\n\n\n<figure class=\"wp-block-embed is-type-wp-embed is-provider-kapitalis wp-block-embed-kapitalis\"><div class=\"wp-block-embed__wrapper\">\n<blockquote class=\"wp-embedded-content\" data-secret=\"AC8QwmMB8u\"><a href=\"https:\/\/kapitalis.com\/tunisie\/2022\/08\/23\/tunisie-le-dinar-dans-loeil-du-cyclone\/\">Tunisie\u00a0: le dinar dans l\u2019\u0153il du cyclone!<\/a><\/blockquote><iframe loading=\"lazy\" class=\"wp-embedded-content\" sandbox=\"allow-scripts\" security=\"restricted\" style=\"position: absolute; clip: rect(1px, 1px, 1px, 1px);\" title=\"\u00ab\u00a0Tunisie\u00a0: le dinar dans l\u2019\u0153il du cyclone!\u00a0\u00bb &#8212; Kapitalis\" src=\"https:\/\/kapitalis.com\/tunisie\/2022\/08\/23\/tunisie-le-dinar-dans-loeil-du-cyclone\/embed\/#?secret=hKb0TRjjpx#?secret=AC8QwmMB8u\" data-secret=\"AC8QwmMB8u\" width=\"600\" height=\"338\" frameborder=\"0\" marginwidth=\"0\" marginheight=\"0\" scrolling=\"no\"><\/iframe>\n<\/div><\/figure>\n","protected":false},"excerpt":{"rendered":"<p>Une grande partie de la dette tunisienne est libell\u00e9e en dollars, ce qui signifie que le service de la dette sera plus difficile et plus lourd pour le budget de l\u2019Etat.<\/p>\n","protected":false},"author":8,"featured_media":548910,"comment_status":"open","ping_status":"open","sticky":false,"template":"","format":"standard","meta":{"footnotes":""},"categories":[995,2433],"tags":[274,286,353,72947,102287,10578,62643],"class_list":["post-3417891","post","type-post","status-publish","format-standard","has-post-thumbnail","hentry","category-economie","category-tunisie","tag-dette","tag-dollar","tag-euro","tag-ezzedine-saidane","tag-marche-de-change","tag-service-de-la-dette","tag-tunisie"],"yoast_head":"<!-- This site is optimized with the Yoast SEO plugin v26.6 - https:\/\/yoast.com\/wordpress\/plugins\/seo\/ -->\n<title>Ezzedine Saidane\u00a0: \u00abLa hausse du dollar alourdit la dette tunisienne\u00bb - Kapitalis<\/title>\n<meta name=\"robots\" content=\"index, follow, max-snippet:-1, max-image-preview:large, max-video-preview:-1\" \/>\n<link rel=\"canonical\" href=\"https:\/\/kapitalis.com\/tunisie\/2022\/08\/25\/ezzedine-saidane-la-hausse-du-dollar-alourdit-la-dette-tunisienne\/\" \/>\n<meta property=\"og:locale\" content=\"fr_FR\" \/>\n<meta property=\"og:type\" content=\"article\" \/>\n<meta property=\"og:title\" content=\"Ezzedine Saidane\u00a0: \u00abLa hausse du dollar alourdit la dette tunisienne\u00bb - Kapitalis\" \/>\n<meta property=\"og:description\" content=\"Une grande partie de la dette tunisienne est libell\u00e9e en dollars, ce qui signifie que le service de la dette sera plus difficile et plus lourd pour le budget de l\u2019Etat.\" \/>\n<meta property=\"og:url\" content=\"https:\/\/kapitalis.com\/tunisie\/2022\/08\/25\/ezzedine-saidane-la-hausse-du-dollar-alourdit-la-dette-tunisienne\/\" \/>\n<meta property=\"og:site_name\" content=\"Kapitalis\" \/>\n<meta property=\"article:publisher\" content=\"https:\/\/www.facebook.com\/KapitalisInfo\/\" \/>\n<meta property=\"article:published_time\" content=\"2022-08-25T07:12:38+00:00\" \/>\n<meta property=\"article:modified_time\" content=\"2022-08-25T07:12:40+00:00\" \/>\n<meta property=\"og:image\" content=\"https:\/\/kapitalis.com\/tunisie\/wp-content\/uploads\/2022\/05\/Ezzeddine-Saidane.jpg\" \/>\n\t<meta property=\"og:image:width\" content=\"1200\" \/>\n\t<meta property=\"og:image:height\" content=\"630\" \/>\n\t<meta property=\"og:image:type\" content=\"image\/jpeg\" \/>\n<meta name=\"author\" content=\"webmaster kapitalis\" \/>\n<meta name=\"twitter:card\" content=\"summary_large_image\" \/>\n<meta name=\"twitter:creator\" content=\"@KapitalisInfo\" \/>\n<meta name=\"twitter:site\" content=\"@KapitalisInfo\" \/>\n<meta name=\"twitter:label1\" content=\"\u00c9crit par\" \/>\n\t<meta name=\"twitter:data1\" content=\"webmaster kapitalis\" \/>\n\t<meta name=\"twitter:label2\" content=\"Dur\u00e9e de lecture estim\u00e9e\" \/>\n\t<meta name=\"twitter:data2\" content=\"2 minutes\" \/>\n<script type=\"application\/ld+json\" class=\"yoast-schema-graph\">{\"@context\":\"https:\/\/schema.org\",\"@graph\":[{\"@type\":\"Article\",\"@id\":\"https:\/\/kapitalis.com\/tunisie\/2022\/08\/25\/ezzedine-saidane-la-hausse-du-dollar-alourdit-la-dette-tunisienne\/#article\",\"isPartOf\":{\"@id\":\"https:\/\/kapitalis.com\/tunisie\/2022\/08\/25\/ezzedine-saidane-la-hausse-du-dollar-alourdit-la-dette-tunisienne\/\"},\"author\":{\"name\":\"webmaster kapitalis\",\"@id\":\"https:\/\/kapitalis.com\/tunisie\/#\/schema\/person\/d71f33a9ca44f7bad4698210b480c8e9\"},\"headline\":\"Ezzedine Saidane\u00a0: \u00abLa hausse du dollar alourdit la dette tunisienne\u00bb\",\"datePublished\":\"2022-08-25T07:12:38+00:00\",\"dateModified\":\"2022-08-25T07:12:40+00:00\",\"mainEntityOfPage\":{\"@id\":\"https:\/\/kapitalis.com\/tunisie\/2022\/08\/25\/ezzedine-saidane-la-hausse-du-dollar-alourdit-la-dette-tunisienne\/\"},\"wordCount\":377,\"commentCount\":0,\"publisher\":{\"@id\":\"https:\/\/kapitalis.com\/tunisie\/#organization\"},\"image\":{\"@id\":\"https:\/\/kapitalis.com\/tunisie\/2022\/08\/25\/ezzedine-saidane-la-hausse-du-dollar-alourdit-la-dette-tunisienne\/#primaryimage\"},\"thumbnailUrl\":\"https:\/\/kapitalis.com\/tunisie\/wp-content\/uploads\/2022\/05\/Ezzeddine-Saidane.jpg\",\"keywords\":[\"dette\",\"dollar\",\"euro\",\"Ezzedine Saidane\",\"march\u00e9 de change\",\"service de la dette\",\"Tunisie\"],\"articleSection\":[\"ECONOMIE\",\"Tunisie\"],\"inLanguage\":\"fr-FR\",\"potentialAction\":[{\"@type\":\"CommentAction\",\"name\":\"Comment\",\"target\":[\"https:\/\/kapitalis.com\/tunisie\/2022\/08\/25\/ezzedine-saidane-la-hausse-du-dollar-alourdit-la-dette-tunisienne\/#respond\"]}]},{\"@type\":\"WebPage\",\"@id\":\"https:\/\/kapitalis.com\/tunisie\/2022\/08\/25\/ezzedine-saidane-la-hausse-du-dollar-alourdit-la-dette-tunisienne\/\",\"url\":\"https:\/\/kapitalis.com\/tunisie\/2022\/08\/25\/ezzedine-saidane-la-hausse-du-dollar-alourdit-la-dette-tunisienne\/\",\"name\":\"Ezzedine Saidane\u00a0: \u00abLa hausse du dollar alourdit la dette tunisienne\u00bb - Kapitalis\",\"isPartOf\":{\"@id\":\"https:\/\/kapitalis.com\/tunisie\/#website\"},\"primaryImageOfPage\":{\"@id\":\"https:\/\/kapitalis.com\/tunisie\/2022\/08\/25\/ezzedine-saidane-la-hausse-du-dollar-alourdit-la-dette-tunisienne\/#primaryimage\"},\"image\":{\"@id\":\"https:\/\/kapitalis.com\/tunisie\/2022\/08\/25\/ezzedine-saidane-la-hausse-du-dollar-alourdit-la-dette-tunisienne\/#primaryimage\"},\"thumbnailUrl\":\"https:\/\/kapitalis.com\/tunisie\/wp-content\/uploads\/2022\/05\/Ezzeddine-Saidane.jpg\",\"datePublished\":\"2022-08-25T07:12:38+00:00\",\"dateModified\":\"2022-08-25T07:12:40+00:00\",\"breadcrumb\":{\"@id\":\"https:\/\/kapitalis.com\/tunisie\/2022\/08\/25\/ezzedine-saidane-la-hausse-du-dollar-alourdit-la-dette-tunisienne\/#breadcrumb\"},\"inLanguage\":\"fr-FR\",\"potentialAction\":[{\"@type\":\"ReadAction\",\"target\":[\"https:\/\/kapitalis.com\/tunisie\/2022\/08\/25\/ezzedine-saidane-la-hausse-du-dollar-alourdit-la-dette-tunisienne\/\"]}]},{\"@type\":\"ImageObject\",\"inLanguage\":\"fr-FR\",\"@id\":\"https:\/\/kapitalis.com\/tunisie\/2022\/08\/25\/ezzedine-saidane-la-hausse-du-dollar-alourdit-la-dette-tunisienne\/#primaryimage\",\"url\":\"https:\/\/kapitalis.com\/tunisie\/wp-content\/uploads\/2022\/05\/Ezzeddine-Saidane.jpg\",\"contentUrl\":\"https:\/\/kapitalis.com\/tunisie\/wp-content\/uploads\/2022\/05\/Ezzeddine-Saidane.jpg\",\"width\":1200,\"height\":630},{\"@type\":\"BreadcrumbList\",\"@id\":\"https:\/\/kapitalis.com\/tunisie\/2022\/08\/25\/ezzedine-saidane-la-hausse-du-dollar-alourdit-la-dette-tunisienne\/#breadcrumb\",\"itemListElement\":[{\"@type\":\"ListItem\",\"position\":1,\"name\":\"Accueil\",\"item\":\"https:\/\/kapitalis.com\/tunisie\/\"},{\"@type\":\"ListItem\",\"position\":2,\"name\":\"Ezzedine Saidane\u00a0: \u00abLa hausse du dollar alourdit la dette tunisienne\u00bb\"}]},{\"@type\":\"WebSite\",\"@id\":\"https:\/\/kapitalis.com\/tunisie\/#website\",\"url\":\"https:\/\/kapitalis.com\/tunisie\/\",\"name\":\"Kapitalis\",\"description\":\"L&#039;actualit\u00e9 en Tunisie et dans le monde\",\"publisher\":{\"@id\":\"https:\/\/kapitalis.com\/tunisie\/#organization\"},\"potentialAction\":[{\"@type\":\"SearchAction\",\"target\":{\"@type\":\"EntryPoint\",\"urlTemplate\":\"https:\/\/kapitalis.com\/tunisie\/?s={search_term_string}\"},\"query-input\":{\"@type\":\"PropertyValueSpecification\",\"valueRequired\":true,\"valueName\":\"search_term_string\"}}],\"inLanguage\":\"fr-FR\"},{\"@type\":\"Organization\",\"@id\":\"https:\/\/kapitalis.com\/tunisie\/#organization\",\"name\":\"Kapitalis\",\"url\":\"https:\/\/kapitalis.com\/tunisie\/\",\"logo\":{\"@type\":\"ImageObject\",\"inLanguage\":\"fr-FR\",\"@id\":\"https:\/\/kapitalis.com\/tunisie\/#\/schema\/logo\/image\/\",\"url\":\"https:\/\/kapitalis.com\/tunisie\/wp-content\/uploads\/2022\/05\/Kapitalis-big-size.png\",\"contentUrl\":\"https:\/\/kapitalis.com\/tunisie\/wp-content\/uploads\/2022\/05\/Kapitalis-big-size.png\",\"width\":5000,\"height\":1500,\"caption\":\"Kapitalis\"},\"image\":{\"@id\":\"https:\/\/kapitalis.com\/tunisie\/#\/schema\/logo\/image\/\"},\"sameAs\":[\"https:\/\/www.facebook.com\/KapitalisInfo\/\",\"https:\/\/x.com\/KapitalisInfo\",\"https:\/\/www.youtube.com\/channel\/UC-yDYrHyfFBWWZaOw3FPg9Q\"]},{\"@type\":\"Person\",\"@id\":\"https:\/\/kapitalis.com\/tunisie\/#\/schema\/person\/d71f33a9ca44f7bad4698210b480c8e9\",\"name\":\"webmaster kapitalis\",\"url\":\"https:\/\/kapitalis.com\/tunisie\/author\/webmaster-kapitalis\/\"}]}<\/script>\n<!-- \/ Yoast SEO plugin. -->","yoast_head_json":{"title":"Ezzedine Saidane\u00a0: \u00abLa hausse du dollar alourdit la dette tunisienne\u00bb - Kapitalis","robots":{"index":"index","follow":"follow","max-snippet":"max-snippet:-1","max-image-preview":"max-image-preview:large","max-video-preview":"max-video-preview:-1"},"canonical":"https:\/\/kapitalis.com\/tunisie\/2022\/08\/25\/ezzedine-saidane-la-hausse-du-dollar-alourdit-la-dette-tunisienne\/","og_locale":"fr_FR","og_type":"article","og_title":"Ezzedine Saidane\u00a0: \u00abLa hausse du dollar alourdit la dette tunisienne\u00bb - Kapitalis","og_description":"Une grande partie de la dette tunisienne est libell\u00e9e en dollars, ce qui signifie que le service de la dette sera plus difficile et plus lourd pour le budget de l\u2019Etat.","og_url":"https:\/\/kapitalis.com\/tunisie\/2022\/08\/25\/ezzedine-saidane-la-hausse-du-dollar-alourdit-la-dette-tunisienne\/","og_site_name":"Kapitalis","article_publisher":"https:\/\/www.facebook.com\/KapitalisInfo\/","article_published_time":"2022-08-25T07:12:38+00:00","article_modified_time":"2022-08-25T07:12:40+00:00","og_image":[{"width":1200,"height":630,"url":"https:\/\/kapitalis.com\/tunisie\/wp-content\/uploads\/2022\/05\/Ezzeddine-Saidane.jpg","type":"image\/jpeg"}],"author":"webmaster kapitalis","twitter_card":"summary_large_image","twitter_creator":"@KapitalisInfo","twitter_site":"@KapitalisInfo","twitter_misc":{"\u00c9crit par":"webmaster kapitalis","Dur\u00e9e de lecture estim\u00e9e":"2 minutes"},"schema":{"@context":"https:\/\/schema.org","@graph":[{"@type":"Article","@id":"https:\/\/kapitalis.com\/tunisie\/2022\/08\/25\/ezzedine-saidane-la-hausse-du-dollar-alourdit-la-dette-tunisienne\/#article","isPartOf":{"@id":"https:\/\/kapitalis.com\/tunisie\/2022\/08\/25\/ezzedine-saidane-la-hausse-du-dollar-alourdit-la-dette-tunisienne\/"},"author":{"name":"webmaster kapitalis","@id":"https:\/\/kapitalis.com\/tunisie\/#\/schema\/person\/d71f33a9ca44f7bad4698210b480c8e9"},"headline":"Ezzedine Saidane\u00a0: \u00abLa hausse du dollar alourdit la dette tunisienne\u00bb","datePublished":"2022-08-25T07:12:38+00:00","dateModified":"2022-08-25T07:12:40+00:00","mainEntityOfPage":{"@id":"https:\/\/kapitalis.com\/tunisie\/2022\/08\/25\/ezzedine-saidane-la-hausse-du-dollar-alourdit-la-dette-tunisienne\/"},"wordCount":377,"commentCount":0,"publisher":{"@id":"https:\/\/kapitalis.com\/tunisie\/#organization"},"image":{"@id":"https:\/\/kapitalis.com\/tunisie\/2022\/08\/25\/ezzedine-saidane-la-hausse-du-dollar-alourdit-la-dette-tunisienne\/#primaryimage"},"thumbnailUrl":"https:\/\/kapitalis.com\/tunisie\/wp-content\/uploads\/2022\/05\/Ezzeddine-Saidane.jpg","keywords":["dette","dollar","euro","Ezzedine Saidane","march\u00e9 de change","service de la dette","Tunisie"],"articleSection":["ECONOMIE","Tunisie"],"inLanguage":"fr-FR","potentialAction":[{"@type":"CommentAction","name":"Comment","target":["https:\/\/kapitalis.com\/tunisie\/2022\/08\/25\/ezzedine-saidane-la-hausse-du-dollar-alourdit-la-dette-tunisienne\/#respond"]}]},{"@type":"WebPage","@id":"https:\/\/kapitalis.com\/tunisie\/2022\/08\/25\/ezzedine-saidane-la-hausse-du-dollar-alourdit-la-dette-tunisienne\/","url":"https:\/\/kapitalis.com\/tunisie\/2022\/08\/25\/ezzedine-saidane-la-hausse-du-dollar-alourdit-la-dette-tunisienne\/","name":"Ezzedine Saidane\u00a0: \u00abLa hausse du dollar alourdit la dette tunisienne\u00bb - Kapitalis","isPartOf":{"@id":"https:\/\/kapitalis.com\/tunisie\/#website"},"primaryImageOfPage":{"@id":"https:\/\/kapitalis.com\/tunisie\/2022\/08\/25\/ezzedine-saidane-la-hausse-du-dollar-alourdit-la-dette-tunisienne\/#primaryimage"},"image":{"@id":"https:\/\/kapitalis.com\/tunisie\/2022\/08\/25\/ezzedine-saidane-la-hausse-du-dollar-alourdit-la-dette-tunisienne\/#primaryimage"},"thumbnailUrl":"https:\/\/kapitalis.com\/tunisie\/wp-content\/uploads\/2022\/05\/Ezzeddine-Saidane.jpg","datePublished":"2022-08-25T07:12:38+00:00","dateModified":"2022-08-25T07:12:40+00:00","breadcrumb":{"@id":"https:\/\/kapitalis.com\/tunisie\/2022\/08\/25\/ezzedine-saidane-la-hausse-du-dollar-alourdit-la-dette-tunisienne\/#breadcrumb"},"inLanguage":"fr-FR","potentialAction":[{"@type":"ReadAction","target":["https:\/\/kapitalis.com\/tunisie\/2022\/08\/25\/ezzedine-saidane-la-hausse-du-dollar-alourdit-la-dette-tunisienne\/"]}]},{"@type":"ImageObject","inLanguage":"fr-FR","@id":"https:\/\/kapitalis.com\/tunisie\/2022\/08\/25\/ezzedine-saidane-la-hausse-du-dollar-alourdit-la-dette-tunisienne\/#primaryimage","url":"https:\/\/kapitalis.com\/tunisie\/wp-content\/uploads\/2022\/05\/Ezzeddine-Saidane.jpg","contentUrl":"https:\/\/kapitalis.com\/tunisie\/wp-content\/uploads\/2022\/05\/Ezzeddine-Saidane.jpg","width":1200,"height":630},{"@type":"BreadcrumbList","@id":"https:\/\/kapitalis.com\/tunisie\/2022\/08\/25\/ezzedine-saidane-la-hausse-du-dollar-alourdit-la-dette-tunisienne\/#breadcrumb","itemListElement":[{"@type":"ListItem","position":1,"name":"Accueil","item":"https:\/\/kapitalis.com\/tunisie\/"},{"@type":"ListItem","position":2,"name":"Ezzedine Saidane\u00a0: \u00abLa hausse du dollar alourdit la dette tunisienne\u00bb"}]},{"@type":"WebSite","@id":"https:\/\/kapitalis.com\/tunisie\/#website","url":"https:\/\/kapitalis.com\/tunisie\/","name":"Kapitalis","description":"L&#039;actualit\u00e9 en Tunisie et dans le monde","publisher":{"@id":"https:\/\/kapitalis.com\/tunisie\/#organization"},"potentialAction":[{"@type":"SearchAction","target":{"@type":"EntryPoint","urlTemplate":"https:\/\/kapitalis.com\/tunisie\/?s={search_term_string}"},"query-input":{"@type":"PropertyValueSpecification","valueRequired":true,"valueName":"search_term_string"}}],"inLanguage":"fr-FR"},{"@type":"Organization","@id":"https:\/\/kapitalis.com\/tunisie\/#organization","name":"Kapitalis","url":"https:\/\/kapitalis.com\/tunisie\/","logo":{"@type":"ImageObject","inLanguage":"fr-FR","@id":"https:\/\/kapitalis.com\/tunisie\/#\/schema\/logo\/image\/","url":"https:\/\/kapitalis.com\/tunisie\/wp-content\/uploads\/2022\/05\/Kapitalis-big-size.png","contentUrl":"https:\/\/kapitalis.com\/tunisie\/wp-content\/uploads\/2022\/05\/Kapitalis-big-size.png","width":5000,"height":1500,"caption":"Kapitalis"},"image":{"@id":"https:\/\/kapitalis.com\/tunisie\/#\/schema\/logo\/image\/"},"sameAs":["https:\/\/www.facebook.com\/KapitalisInfo\/","https:\/\/x.com\/KapitalisInfo","https:\/\/www.youtube.com\/channel\/UC-yDYrHyfFBWWZaOw3FPg9Q"]},{"@type":"Person","@id":"https:\/\/kapitalis.com\/tunisie\/#\/schema\/person\/d71f33a9ca44f7bad4698210b480c8e9","name":"webmaster kapitalis","url":"https:\/\/kapitalis.com\/tunisie\/author\/webmaster-kapitalis\/"}]}},"_links":{"self":[{"href":"https:\/\/kapitalis.com\/tunisie\/wp-json\/wp\/v2\/posts\/3417891","targetHints":{"allow":["GET"]}}],"collection":[{"href":"https:\/\/kapitalis.com\/tunisie\/wp-json\/wp\/v2\/posts"}],"about":[{"href":"https:\/\/kapitalis.com\/tunisie\/wp-json\/wp\/v2\/types\/post"}],"author":[{"embeddable":true,"href":"https:\/\/kapitalis.com\/tunisie\/wp-json\/wp\/v2\/users\/8"}],"replies":[{"embeddable":true,"href":"https:\/\/kapitalis.com\/tunisie\/wp-json\/wp\/v2\/comments?post=3417891"}],"version-history":[{"count":0,"href":"https:\/\/kapitalis.com\/tunisie\/wp-json\/wp\/v2\/posts\/3417891\/revisions"}],"wp:featuredmedia":[{"embeddable":true,"href":"https:\/\/kapitalis.com\/tunisie\/wp-json\/wp\/v2\/media\/548910"}],"wp:attachment":[{"href":"https:\/\/kapitalis.com\/tunisie\/wp-json\/wp\/v2\/media?parent=3417891"}],"wp:term":[{"taxonomy":"category","embeddable":true,"href":"https:\/\/kapitalis.com\/tunisie\/wp-json\/wp\/v2\/categories?post=3417891"},{"taxonomy":"post_tag","embeddable":true,"href":"https:\/\/kapitalis.com\/tunisie\/wp-json\/wp\/v2\/tags?post=3417891"}],"curies":[{"name":"wp","href":"https:\/\/api.w.org\/{rel}","templated":true}]}}