{"id":341982,"date":"2021-03-19T11:47:52","date_gmt":"2021-03-19T10:47:52","guid":{"rendered":"http:\/\/kapitalis.com\/tunisie\/?p=341982"},"modified":"2021-03-19T11:47:55","modified_gmt":"2021-03-19T10:47:55","slug":"le-comite-de-soutien-a-rania-amdouni-se-rejouit-de-sa-liberation","status":"publish","type":"post","link":"https:\/\/kapitalis.com\/tunisie\/2021\/03\/19\/le-comite-de-soutien-a-rania-amdouni-se-rejouit-de-sa-liberation\/","title":{"rendered":"Le Comit\u00e9 de soutien \u00e0 Rania Amdouni se r\u00e9jouit de sa lib\u00e9ration"},"content":{"rendered":"\n<figure class=\"wp-block-image size-large\"><img decoding=\"async\" src=\"http:\/\/kapitalis.com\/tunisie\/wp-content\/uploads\/2021\/03\/Rania-Amdouni-1.jpg\" alt=\"\" class=\"wp-image-338741\"\/><\/figure>\n\n\n\n<p><strong><em>Dans un communiqu\u00e9 commun publi\u00e9 le 17 mars 2021 et reproduit ci-dessous, le Comit\u00e9 de soutien \u00e0 Rania Amdouni, le Comit\u00e9 pour le respect des libert\u00e9s et des droits de l\u2019homme en Tunisie et l\u2019association Solidarit\u00e9 Internationale LGBTQI se f\u00e9licitent de la lib\u00e9ration de la militante f\u00e9ministe et LGBT tunisienne.<\/em><\/strong><\/p>\n\n\n\n<!--more-->\n\n\n\n<p>Le comit\u00e9 de soutien \u00e0 Rania Amdouni nous apprend sa lib\u00e9ration.<\/p>\n\n\n\n<p>Condamn\u00e9e en premi\u00e8re instance \u00e0 six mois d\u2019emprisonnement pour insultes aux forces de l\u2019ordre, Rania Amdouni, militante tunisienne f\u00e9ministe et LGBT, a \u00e9t\u00e9 lib\u00e9r\u00e9e par la Cour d\u2019Appel de Tunis. La Cour d\u2019appel a examin\u00e9 son recours le 17 mars 2021 et rendu sa sentence le jour m\u00eame. Elle a au final \u00e9t\u00e9 condamn\u00e9e \u00e0 une amende de 200 dinars (61 euros).<\/p>\n\n\n\n<p>Le Comit\u00e9 de soutien \u00e0 Rania Amdouni, le Comit\u00e9 pour le respect des libert\u00e9s et des droits de l\u2019homme en Tunisie et Solidarit\u00e9 Internationale LGBTQI remercient toutes celles et tous ceux qui ont r\u00e9pondu positivement \u00e0 leur appel et ont apport\u00e9 leur soutien \u00e0 leur demande de lib\u00e9ration de Rania. En 48 heures, 70 organisations et plus de 160 personnalit\u00e9s ont sign\u00e9 l\u2019appel que nous leur avions adress\u00e9.<\/p>\n\n\n\n<p>Il faut se r\u00e9jouir de la lib\u00e9ration de Rania tout comme de la mobilisation internationale que sa condamnation a suscit\u00e9e :<br>\u2013 les signatures viennent de quelque 15 pays : Tunisie, France, Alg\u00e9rie, Maroc, Turquie, Cameroun, C\u00f4te d&rsquo;Ivoire, B\u00e9nin, Mauritanie, R\u00e9publique D\u00e9mocratique du Congo, Danemark, Italie, Suisse, Ha\u00efti, Canada;<br>\u2013 des militant-e-s de la solidarit\u00e9 internationale, des droits humains, de l\u2019immigration et de d\u00e9fense des droits des personnes LGBT ont travaill\u00e9 de concert;<br>\u2013 des organisations des diasporas \u00e9trang\u00e8res et des militant-e-s de l\u2019immigration en France se sont mobilis\u00e9-e-s, aux c\u00f4t\u00e9s des associations de d\u00e9fense des droits LGBT dans une d\u00e9marche commune ;<br>\u2013 pour la premi\u00e8re fois, des associations du r\u00e9seau francophone international de Solidarit\u00e9 Internationale LGBT ont ensemble fait entendre leurs voix pour d\u00e9fendre une des leurs.<\/p>\n\n\n\n<p>Nous souhaitons que cette mobilisation exemplaire en faveur des droits humains et le respect des minorit\u00e9s dans le monde se d\u00e9veloppe et se renforce dans chacun de nos pays.<\/p>\n\n\n\n<p>En Tunisie, ce combat pour plus de respect des libert\u00e9s et des droits se poursuit. Nous continuons d\u2019appeler \u00e0 la lib\u00e9ration inconditionnelle et imm\u00e9diate des jeunes emprisonn\u00e9s pour avoir manifest\u00e9 leurs aspirations \u00e0 un monde meilleur. Nous appelons l\u2019Assembl\u00e9e nationale tunisienne \u00e0 abroger l\u2019article 230 du code p\u00e9nal qui date de la p\u00e9riode coloniale et p\u00e9nalise les relations homosexuelles. Nous r\u00e9affirmons notre solidarit\u00e9 et notre soutien aux mouvements sociaux en Tunisie.<\/p>\n","protected":false},"excerpt":{"rendered":"<p>Dans un communiqu\u00e9 commun publi\u00e9 le 17 mars 2021 et reproduit ci-dessous, le Comit\u00e9 de soutien \u00e0 Rania Amdouni, le Comit\u00e9 pour le respect des libert\u00e9s et des droits de l\u2019homme en Tunisie et l\u2019association Solidarit\u00e9 Internationale LGBTQI se f\u00e9licitent de la lib\u00e9ration de la militante f\u00e9ministe et LGBT tunisienne.<\/p>\n","protected":false},"author":8,"featured_media":0,"comment_status":"open","ping_status":"open","sticky":false,"template":"","format":"standard","meta":{"footnotes":""},"categories":[998,2433],"tags":[88484,87301,74721,88483],"class_list":["post-341982","post","type-post","status-publish","format-standard","hentry","category-societe","category-tunisie","tag-article-230-du-code-penal","tag-rania-amdouni","tag-relations-homosexuelles","tag-solidarite-internationale-lgbtqi"],"yoast_head":"<!-- This site is optimized with the Yoast SEO plugin v26.6 - https:\/\/yoast.com\/wordpress\/plugins\/seo\/ -->\n<title>Le Comit\u00e9 de soutien \u00e0 Rania Amdouni se r\u00e9jouit de sa lib\u00e9ration - Kapitalis<\/title>\n<meta name=\"robots\" content=\"index, follow, max-snippet:-1, max-image-preview:large, max-video-preview:-1\" \/>\n<link rel=\"canonical\" href=\"https:\/\/kapitalis.com\/tunisie\/2021\/03\/19\/le-comite-de-soutien-a-rania-amdouni-se-rejouit-de-sa-liberation\/\" \/>\n<meta property=\"og:locale\" content=\"fr_FR\" \/>\n<meta property=\"og:type\" content=\"article\" \/>\n<meta property=\"og:title\" content=\"Le Comit\u00e9 de soutien \u00e0 Rania Amdouni se r\u00e9jouit de sa lib\u00e9ration - Kapitalis\" \/>\n<meta property=\"og:description\" content=\"Dans un communiqu\u00e9 commun publi\u00e9 le 17 mars 2021 et reproduit ci-dessous, le Comit\u00e9 de soutien \u00e0 Rania Amdouni, le Comit\u00e9 pour le respect des libert\u00e9s et des droits de l\u2019homme en Tunisie et l\u2019association Solidarit\u00e9 Internationale LGBTQI se f\u00e9licitent de la lib\u00e9ration de la militante f\u00e9ministe et LGBT tunisienne.\" \/>\n<meta property=\"og:url\" content=\"https:\/\/kapitalis.com\/tunisie\/2021\/03\/19\/le-comite-de-soutien-a-rania-amdouni-se-rejouit-de-sa-liberation\/\" \/>\n<meta property=\"og:site_name\" content=\"Kapitalis\" \/>\n<meta property=\"article:publisher\" content=\"https:\/\/www.facebook.com\/KapitalisInfo\/\" \/>\n<meta property=\"article:published_time\" content=\"2021-03-19T10:47:52+00:00\" \/>\n<meta property=\"article:modified_time\" content=\"2021-03-19T10:47:55+00:00\" \/>\n<meta property=\"og:image\" content=\"http:\/\/kapitalis.com\/tunisie\/wp-content\/uploads\/2021\/03\/Rania-Amdouni-1.jpg\" \/>\n<meta name=\"author\" content=\"webmaster kapitalis\" \/>\n<meta name=\"twitter:card\" content=\"summary_large_image\" \/>\n<meta name=\"twitter:creator\" content=\"@KapitalisInfo\" \/>\n<meta name=\"twitter:site\" content=\"@KapitalisInfo\" \/>\n<meta name=\"twitter:label1\" content=\"\u00c9crit par\" \/>\n\t<meta name=\"twitter:data1\" content=\"webmaster kapitalis\" \/>\n\t<meta name=\"twitter:label2\" content=\"Dur\u00e9e de lecture estim\u00e9e\" \/>\n\t<meta name=\"twitter:data2\" content=\"2 minutes\" \/>\n<script type=\"application\/ld+json\" class=\"yoast-schema-graph\">{\"@context\":\"https:\/\/schema.org\",\"@graph\":[{\"@type\":\"Article\",\"@id\":\"https:\/\/kapitalis.com\/tunisie\/2021\/03\/19\/le-comite-de-soutien-a-rania-amdouni-se-rejouit-de-sa-liberation\/#article\",\"isPartOf\":{\"@id\":\"https:\/\/kapitalis.com\/tunisie\/2021\/03\/19\/le-comite-de-soutien-a-rania-amdouni-se-rejouit-de-sa-liberation\/\"},\"author\":{\"name\":\"webmaster kapitalis\",\"@id\":\"https:\/\/kapitalis.com\/tunisie\/#\/schema\/person\/d71f33a9ca44f7bad4698210b480c8e9\"},\"headline\":\"Le Comit\u00e9 de soutien \u00e0 Rania Amdouni se r\u00e9jouit de sa lib\u00e9ration\",\"datePublished\":\"2021-03-19T10:47:52+00:00\",\"dateModified\":\"2021-03-19T10:47:55+00:00\",\"mainEntityOfPage\":{\"@id\":\"https:\/\/kapitalis.com\/tunisie\/2021\/03\/19\/le-comite-de-soutien-a-rania-amdouni-se-rejouit-de-sa-liberation\/\"},\"wordCount\":464,\"commentCount\":1,\"publisher\":{\"@id\":\"https:\/\/kapitalis.com\/tunisie\/#organization\"},\"image\":{\"@id\":\"https:\/\/kapitalis.com\/tunisie\/2021\/03\/19\/le-comite-de-soutien-a-rania-amdouni-se-rejouit-de-sa-liberation\/#primaryimage\"},\"thumbnailUrl\":\"http:\/\/kapitalis.com\/tunisie\/wp-content\/uploads\/2021\/03\/Rania-Amdouni-1.jpg\",\"keywords\":[\"article 230 du code p\u00e9nal\",\"Rania Amdouni\",\"relations homosexuelles\",\"Solidarit\u00e9 Internationale LGBTQI\"],\"articleSection\":[\"SOCIETE\",\"Tunisie\"],\"inLanguage\":\"fr-FR\",\"potentialAction\":[{\"@type\":\"CommentAction\",\"name\":\"Comment\",\"target\":[\"https:\/\/kapitalis.com\/tunisie\/2021\/03\/19\/le-comite-de-soutien-a-rania-amdouni-se-rejouit-de-sa-liberation\/#respond\"]}]},{\"@type\":\"WebPage\",\"@id\":\"https:\/\/kapitalis.com\/tunisie\/2021\/03\/19\/le-comite-de-soutien-a-rania-amdouni-se-rejouit-de-sa-liberation\/\",\"url\":\"https:\/\/kapitalis.com\/tunisie\/2021\/03\/19\/le-comite-de-soutien-a-rania-amdouni-se-rejouit-de-sa-liberation\/\",\"name\":\"Le Comit\u00e9 de soutien \u00e0 Rania Amdouni se r\u00e9jouit de sa lib\u00e9ration - Kapitalis\",\"isPartOf\":{\"@id\":\"https:\/\/kapitalis.com\/tunisie\/#website\"},\"primaryImageOfPage\":{\"@id\":\"https:\/\/kapitalis.com\/tunisie\/2021\/03\/19\/le-comite-de-soutien-a-rania-amdouni-se-rejouit-de-sa-liberation\/#primaryimage\"},\"image\":{\"@id\":\"https:\/\/kapitalis.com\/tunisie\/2021\/03\/19\/le-comite-de-soutien-a-rania-amdouni-se-rejouit-de-sa-liberation\/#primaryimage\"},\"thumbnailUrl\":\"http:\/\/kapitalis.com\/tunisie\/wp-content\/uploads\/2021\/03\/Rania-Amdouni-1.jpg\",\"datePublished\":\"2021-03-19T10:47:52+00:00\",\"dateModified\":\"2021-03-19T10:47:55+00:00\",\"breadcrumb\":{\"@id\":\"https:\/\/kapitalis.com\/tunisie\/2021\/03\/19\/le-comite-de-soutien-a-rania-amdouni-se-rejouit-de-sa-liberation\/#breadcrumb\"},\"inLanguage\":\"fr-FR\",\"potentialAction\":[{\"@type\":\"ReadAction\",\"target\":[\"https:\/\/kapitalis.com\/tunisie\/2021\/03\/19\/le-comite-de-soutien-a-rania-amdouni-se-rejouit-de-sa-liberation\/\"]}]},{\"@type\":\"ImageObject\",\"inLanguage\":\"fr-FR\",\"@id\":\"https:\/\/kapitalis.com\/tunisie\/2021\/03\/19\/le-comite-de-soutien-a-rania-amdouni-se-rejouit-de-sa-liberation\/#primaryimage\",\"url\":\"\",\"contentUrl\":\"\"},{\"@type\":\"BreadcrumbList\",\"@id\":\"https:\/\/kapitalis.com\/tunisie\/2021\/03\/19\/le-comite-de-soutien-a-rania-amdouni-se-rejouit-de-sa-liberation\/#breadcrumb\",\"itemListElement\":[{\"@type\":\"ListItem\",\"position\":1,\"name\":\"Accueil\",\"item\":\"https:\/\/kapitalis.com\/tunisie\/\"},{\"@type\":\"ListItem\",\"position\":2,\"name\":\"Le Comit\u00e9 de soutien \u00e0 Rania Amdouni se r\u00e9jouit de sa lib\u00e9ration\"}]},{\"@type\":\"WebSite\",\"@id\":\"https:\/\/kapitalis.com\/tunisie\/#website\",\"url\":\"https:\/\/kapitalis.com\/tunisie\/\",\"name\":\"Kapitalis\",\"description\":\"L&#039;actualit\u00e9 en Tunisie et dans le monde\",\"publisher\":{\"@id\":\"https:\/\/kapitalis.com\/tunisie\/#organization\"},\"potentialAction\":[{\"@type\":\"SearchAction\",\"target\":{\"@type\":\"EntryPoint\",\"urlTemplate\":\"https:\/\/kapitalis.com\/tunisie\/?s={search_term_string}\"},\"query-input\":{\"@type\":\"PropertyValueSpecification\",\"valueRequired\":true,\"valueName\":\"search_term_string\"}}],\"inLanguage\":\"fr-FR\"},{\"@type\":\"Organization\",\"@id\":\"https:\/\/kapitalis.com\/tunisie\/#organization\",\"name\":\"Kapitalis\",\"url\":\"https:\/\/kapitalis.com\/tunisie\/\",\"logo\":{\"@type\":\"ImageObject\",\"inLanguage\":\"fr-FR\",\"@id\":\"https:\/\/kapitalis.com\/tunisie\/#\/schema\/logo\/image\/\",\"url\":\"https:\/\/kapitalis.com\/tunisie\/wp-content\/uploads\/2022\/05\/Kapitalis-big-size.png\",\"contentUrl\":\"https:\/\/kapitalis.com\/tunisie\/wp-content\/uploads\/2022\/05\/Kapitalis-big-size.png\",\"width\":5000,\"height\":1500,\"caption\":\"Kapitalis\"},\"image\":{\"@id\":\"https:\/\/kapitalis.com\/tunisie\/#\/schema\/logo\/image\/\"},\"sameAs\":[\"https:\/\/www.facebook.com\/KapitalisInfo\/\",\"https:\/\/x.com\/KapitalisInfo\",\"https:\/\/www.youtube.com\/channel\/UC-yDYrHyfFBWWZaOw3FPg9Q\"]},{\"@type\":\"Person\",\"@id\":\"https:\/\/kapitalis.com\/tunisie\/#\/schema\/person\/d71f33a9ca44f7bad4698210b480c8e9\",\"name\":\"webmaster kapitalis\",\"url\":\"https:\/\/kapitalis.com\/tunisie\/author\/webmaster-kapitalis\/\"}]}<\/script>\n<!-- \/ Yoast SEO plugin. -->","yoast_head_json":{"title":"Le Comit\u00e9 de soutien \u00e0 Rania Amdouni se r\u00e9jouit de sa lib\u00e9ration - Kapitalis","robots":{"index":"index","follow":"follow","max-snippet":"max-snippet:-1","max-image-preview":"max-image-preview:large","max-video-preview":"max-video-preview:-1"},"canonical":"https:\/\/kapitalis.com\/tunisie\/2021\/03\/19\/le-comite-de-soutien-a-rania-amdouni-se-rejouit-de-sa-liberation\/","og_locale":"fr_FR","og_type":"article","og_title":"Le Comit\u00e9 de soutien \u00e0 Rania Amdouni se r\u00e9jouit de sa lib\u00e9ration - Kapitalis","og_description":"Dans un communiqu\u00e9 commun publi\u00e9 le 17 mars 2021 et reproduit ci-dessous, le Comit\u00e9 de soutien \u00e0 Rania Amdouni, le Comit\u00e9 pour le respect des libert\u00e9s et des droits de l\u2019homme en Tunisie et l\u2019association Solidarit\u00e9 Internationale LGBTQI se f\u00e9licitent de la lib\u00e9ration de la militante f\u00e9ministe et LGBT tunisienne.","og_url":"https:\/\/kapitalis.com\/tunisie\/2021\/03\/19\/le-comite-de-soutien-a-rania-amdouni-se-rejouit-de-sa-liberation\/","og_site_name":"Kapitalis","article_publisher":"https:\/\/www.facebook.com\/KapitalisInfo\/","article_published_time":"2021-03-19T10:47:52+00:00","article_modified_time":"2021-03-19T10:47:55+00:00","og_image":[{"url":"http:\/\/kapitalis.com\/tunisie\/wp-content\/uploads\/2021\/03\/Rania-Amdouni-1.jpg","type":"","width":"","height":""}],"author":"webmaster kapitalis","twitter_card":"summary_large_image","twitter_creator":"@KapitalisInfo","twitter_site":"@KapitalisInfo","twitter_misc":{"\u00c9crit par":"webmaster kapitalis","Dur\u00e9e de lecture estim\u00e9e":"2 minutes"},"schema":{"@context":"https:\/\/schema.org","@graph":[{"@type":"Article","@id":"https:\/\/kapitalis.com\/tunisie\/2021\/03\/19\/le-comite-de-soutien-a-rania-amdouni-se-rejouit-de-sa-liberation\/#article","isPartOf":{"@id":"https:\/\/kapitalis.com\/tunisie\/2021\/03\/19\/le-comite-de-soutien-a-rania-amdouni-se-rejouit-de-sa-liberation\/"},"author":{"name":"webmaster kapitalis","@id":"https:\/\/kapitalis.com\/tunisie\/#\/schema\/person\/d71f33a9ca44f7bad4698210b480c8e9"},"headline":"Le Comit\u00e9 de soutien \u00e0 Rania Amdouni se r\u00e9jouit de sa lib\u00e9ration","datePublished":"2021-03-19T10:47:52+00:00","dateModified":"2021-03-19T10:47:55+00:00","mainEntityOfPage":{"@id":"https:\/\/kapitalis.com\/tunisie\/2021\/03\/19\/le-comite-de-soutien-a-rania-amdouni-se-rejouit-de-sa-liberation\/"},"wordCount":464,"commentCount":1,"publisher":{"@id":"https:\/\/kapitalis.com\/tunisie\/#organization"},"image":{"@id":"https:\/\/kapitalis.com\/tunisie\/2021\/03\/19\/le-comite-de-soutien-a-rania-amdouni-se-rejouit-de-sa-liberation\/#primaryimage"},"thumbnailUrl":"http:\/\/kapitalis.com\/tunisie\/wp-content\/uploads\/2021\/03\/Rania-Amdouni-1.jpg","keywords":["article 230 du code p\u00e9nal","Rania Amdouni","relations homosexuelles","Solidarit\u00e9 Internationale LGBTQI"],"articleSection":["SOCIETE","Tunisie"],"inLanguage":"fr-FR","potentialAction":[{"@type":"CommentAction","name":"Comment","target":["https:\/\/kapitalis.com\/tunisie\/2021\/03\/19\/le-comite-de-soutien-a-rania-amdouni-se-rejouit-de-sa-liberation\/#respond"]}]},{"@type":"WebPage","@id":"https:\/\/kapitalis.com\/tunisie\/2021\/03\/19\/le-comite-de-soutien-a-rania-amdouni-se-rejouit-de-sa-liberation\/","url":"https:\/\/kapitalis.com\/tunisie\/2021\/03\/19\/le-comite-de-soutien-a-rania-amdouni-se-rejouit-de-sa-liberation\/","name":"Le Comit\u00e9 de soutien \u00e0 Rania Amdouni se r\u00e9jouit de sa lib\u00e9ration - Kapitalis","isPartOf":{"@id":"https:\/\/kapitalis.com\/tunisie\/#website"},"primaryImageOfPage":{"@id":"https:\/\/kapitalis.com\/tunisie\/2021\/03\/19\/le-comite-de-soutien-a-rania-amdouni-se-rejouit-de-sa-liberation\/#primaryimage"},"image":{"@id":"https:\/\/kapitalis.com\/tunisie\/2021\/03\/19\/le-comite-de-soutien-a-rania-amdouni-se-rejouit-de-sa-liberation\/#primaryimage"},"thumbnailUrl":"http:\/\/kapitalis.com\/tunisie\/wp-content\/uploads\/2021\/03\/Rania-Amdouni-1.jpg","datePublished":"2021-03-19T10:47:52+00:00","dateModified":"2021-03-19T10:47:55+00:00","breadcrumb":{"@id":"https:\/\/kapitalis.com\/tunisie\/2021\/03\/19\/le-comite-de-soutien-a-rania-amdouni-se-rejouit-de-sa-liberation\/#breadcrumb"},"inLanguage":"fr-FR","potentialAction":[{"@type":"ReadAction","target":["https:\/\/kapitalis.com\/tunisie\/2021\/03\/19\/le-comite-de-soutien-a-rania-amdouni-se-rejouit-de-sa-liberation\/"]}]},{"@type":"ImageObject","inLanguage":"fr-FR","@id":"https:\/\/kapitalis.com\/tunisie\/2021\/03\/19\/le-comite-de-soutien-a-rania-amdouni-se-rejouit-de-sa-liberation\/#primaryimage","url":"","contentUrl":""},{"@type":"BreadcrumbList","@id":"https:\/\/kapitalis.com\/tunisie\/2021\/03\/19\/le-comite-de-soutien-a-rania-amdouni-se-rejouit-de-sa-liberation\/#breadcrumb","itemListElement":[{"@type":"ListItem","position":1,"name":"Accueil","item":"https:\/\/kapitalis.com\/tunisie\/"},{"@type":"ListItem","position":2,"name":"Le Comit\u00e9 de soutien \u00e0 Rania Amdouni se r\u00e9jouit de sa lib\u00e9ration"}]},{"@type":"WebSite","@id":"https:\/\/kapitalis.com\/tunisie\/#website","url":"https:\/\/kapitalis.com\/tunisie\/","name":"Kapitalis","description":"L&#039;actualit\u00e9 en Tunisie et dans le monde","publisher":{"@id":"https:\/\/kapitalis.com\/tunisie\/#organization"},"potentialAction":[{"@type":"SearchAction","target":{"@type":"EntryPoint","urlTemplate":"https:\/\/kapitalis.com\/tunisie\/?s={search_term_string}"},"query-input":{"@type":"PropertyValueSpecification","valueRequired":true,"valueName":"search_term_string"}}],"inLanguage":"fr-FR"},{"@type":"Organization","@id":"https:\/\/kapitalis.com\/tunisie\/#organization","name":"Kapitalis","url":"https:\/\/kapitalis.com\/tunisie\/","logo":{"@type":"ImageObject","inLanguage":"fr-FR","@id":"https:\/\/kapitalis.com\/tunisie\/#\/schema\/logo\/image\/","url":"https:\/\/kapitalis.com\/tunisie\/wp-content\/uploads\/2022\/05\/Kapitalis-big-size.png","contentUrl":"https:\/\/kapitalis.com\/tunisie\/wp-content\/uploads\/2022\/05\/Kapitalis-big-size.png","width":5000,"height":1500,"caption":"Kapitalis"},"image":{"@id":"https:\/\/kapitalis.com\/tunisie\/#\/schema\/logo\/image\/"},"sameAs":["https:\/\/www.facebook.com\/KapitalisInfo\/","https:\/\/x.com\/KapitalisInfo","https:\/\/www.youtube.com\/channel\/UC-yDYrHyfFBWWZaOw3FPg9Q"]},{"@type":"Person","@id":"https:\/\/kapitalis.com\/tunisie\/#\/schema\/person\/d71f33a9ca44f7bad4698210b480c8e9","name":"webmaster kapitalis","url":"https:\/\/kapitalis.com\/tunisie\/author\/webmaster-kapitalis\/"}]}},"_links":{"self":[{"href":"https:\/\/kapitalis.com\/tunisie\/wp-json\/wp\/v2\/posts\/341982","targetHints":{"allow":["GET"]}}],"collection":[{"href":"https:\/\/kapitalis.com\/tunisie\/wp-json\/wp\/v2\/posts"}],"about":[{"href":"https:\/\/kapitalis.com\/tunisie\/wp-json\/wp\/v2\/types\/post"}],"author":[{"embeddable":true,"href":"https:\/\/kapitalis.com\/tunisie\/wp-json\/wp\/v2\/users\/8"}],"replies":[{"embeddable":true,"href":"https:\/\/kapitalis.com\/tunisie\/wp-json\/wp\/v2\/comments?post=341982"}],"version-history":[{"count":0,"href":"https:\/\/kapitalis.com\/tunisie\/wp-json\/wp\/v2\/posts\/341982\/revisions"}],"wp:attachment":[{"href":"https:\/\/kapitalis.com\/tunisie\/wp-json\/wp\/v2\/media?parent=341982"}],"wp:term":[{"taxonomy":"category","embeddable":true,"href":"https:\/\/kapitalis.com\/tunisie\/wp-json\/wp\/v2\/categories?post=341982"},{"taxonomy":"post_tag","embeddable":true,"href":"https:\/\/kapitalis.com\/tunisie\/wp-json\/wp\/v2\/tags?post=341982"}],"curies":[{"name":"wp","href":"https:\/\/api.w.org\/{rel}","templated":true}]}}