{"id":341997,"date":"2021-03-19T14:00:29","date_gmt":"2021-03-19T13:00:29","guid":{"rendered":"http:\/\/kapitalis.com\/tunisie\/?p=341997"},"modified":"2021-03-19T14:00:33","modified_gmt":"2021-03-19T13:00:33","slug":"yadh-elloumi-prie-dieu-pour-quil-abatte-sa-malediction-sur-ses-adversaires-politiques","status":"publish","type":"post","link":"https:\/\/kapitalis.com\/tunisie\/2021\/03\/19\/yadh-elloumi-prie-dieu-pour-quil-abatte-sa-malediction-sur-ses-adversaires-politiques\/","title":{"rendered":"Yadh Elloumi prie Dieu pour qu\u2019Il abatte sa mal\u00e9diction sur ses adversaires politiques !"},"content":{"rendered":"\n<figure class=\"wp-block-image size-large\"><img decoding=\"async\" src=\"http:\/\/kapitalis.com\/tunisie\/wp-content\/uploads\/2020\/09\/Yadh-Elloumi-homme-au-chapelet.jpg\" alt=\"\" class=\"wp-image-316998\"\/><\/figure>\n\n\n\n<p><strong><em>Dans un post Facebook publi\u00e9 hier, jeudi 18 mars 2021, le d\u00e9put\u00e9 Qalb Tounes Yadh Elloumi fait une dr\u00f4le de pri\u00e8re ou \u00abdou3a\u00bb qui n\u2019a rien de dr\u00f4le du tout. Le d\u00e9put\u00e9, dont on appr\u00e9ciera le niveau intellectuel et moral, implore Dieu pour que sa mal\u00e9diction (\u00abla\u00e2na\u00bb et \u00absokht\u00bb) s\u2019abatte sur ses adversaires politiques.<\/em><\/strong><\/p>\n\n\n\n<!--more-->\n\n\n\n<p>Aller jusqu\u2019\u00e0 dire <em>\u00abAllahoma ahlek naslahom\u00bb<\/em> (Que Dieu fasse dispara\u00eetre leur prog\u00e9niture !), c\u2019est atteindre un degr\u00e9 de haine des autres qui d\u00e9shonore tout \u00eatre humain, et que dire lorsqu\u2019il s\u2019agit, comme ici, d\u2019un d\u00e9put\u00e9, cens\u00e9 repr\u00e9senter le peuple ?<\/p>\n\n\n\n<div class=\"wp-block-image\"><figure class=\"aligncenter size-large\"><img decoding=\"async\" src=\"http:\/\/kapitalis.com\/tunisie\/wp-content\/uploads\/2021\/03\/Post-Yadh-Elloumi.jpg\" alt=\"\" class=\"wp-image-341998\"\/><\/figure><\/div>\n\n\n\n<p>M. Elloumi, expert comptable de son \u00e9tat, serait plut\u00f4t un expert en haine. Lui qui aime se pr\u00e9senter comme un homme de foi, et qui affiche ostensiblement sa religiosit\u00e9, ne sait-il pas que le bon Dieu n\u2019aime pas les gens haineux et qu\u2019il n\u2019exauce pas leurs v\u0153ux.<\/p>\n\n\n\n<p>Dans tous les cas, nous sommes en pr\u00e9sence d\u2019un homme frustr\u00e9, aigri et haineux, et qui se laisse souvent aller \u00e0 des <a href=\"http:\/\/kapitalis.com\/tunisie\/2021\/03\/18\/la-der-des-der-pour-yadh-elloumi-kais-saied-est-responsable-de-la-faillite-de-la-tunisie\/\" target=\"_blank\" aria-label=\"undefined (s\u2019ouvre dans un nouvel onglet)\" rel=\"noreferrer noopener\">d\u00e9clarations d\u2019un grotesque incommensurable.<\/a><\/p>\n\n\n\n<p class=\"has-text-align-right\"><strong>I. B.<\/strong><\/p>\n\n\n\n<figure class=\"wp-block-embed is-type-wp-embed is-provider-kapitalis wp-block-embed-kapitalis\"><div class=\"wp-block-embed__wrapper\">\n<blockquote class=\"wp-embedded-content\" data-secret=\"8AUz8WO04C\"><a href=\"https:\/\/kapitalis.com\/tunisie\/2021\/03\/18\/la-der-des-der-pour-yadh-elloumi-kais-saied-est-responsable-de-la-faillite-de-la-tunisie\/\">La der des der : Pour Yadh Elloumi, \u00abKa\u00efs Sa\u00efed est responsable de la faillite de la Tunisie\u00bb<\/a><\/blockquote><iframe loading=\"lazy\" class=\"wp-embedded-content\" sandbox=\"allow-scripts\" security=\"restricted\" style=\"position: absolute; clip: rect(1px, 1px, 1px, 1px);\" title=\"\u00ab\u00a0La der des der : Pour Yadh Elloumi, \u00abKa\u00efs Sa\u00efed est responsable de la faillite de la Tunisie\u00bb\u00a0\u00bb &#8212; Kapitalis\" src=\"https:\/\/kapitalis.com\/tunisie\/2021\/03\/18\/la-der-des-der-pour-yadh-elloumi-kais-saied-est-responsable-de-la-faillite-de-la-tunisie\/embed\/#?secret=toBqLmMhD8#?secret=8AUz8WO04C\" data-secret=\"8AUz8WO04C\" width=\"600\" height=\"338\" frameborder=\"0\" marginwidth=\"0\" marginheight=\"0\" scrolling=\"no\"><\/iframe>\n<\/div><\/figure>\n","protected":false},"excerpt":{"rendered":"<p>Dans un post Facebook publi\u00e9 hier, jeudi 18 mars 2021, le d\u00e9put\u00e9 Qalb Tounes Yadh Elloumi fait une dr\u00f4le de pri\u00e8re ou \u00abdou3a\u00bb qui n\u2019a rien de dr\u00f4le du tout. Le d\u00e9put\u00e9, dont on appr\u00e9ciera le niveau intellectuel et moral, implore Dieu pour que sa mal\u00e9diction (\u00abla\u00e2na\u00bb et \u00absokht\u00bb) s\u2019abatte sur ses adversaires politiques.<\/p>\n","protected":false},"author":8,"featured_media":341998,"comment_status":"open","ping_status":"open","sticky":false,"template":"","format":"standard","meta":{"footnotes":""},"categories":[997,2433],"tags":[61989,72051],"class_list":["post-341997","post","type-post","status-publish","format-standard","has-post-thumbnail","hentry","category-politique","category-tunisie","tag-qalb-tounes","tag-yadh-elloumi"],"yoast_head":"<!-- This site is optimized with the Yoast SEO plugin v26.6 - https:\/\/yoast.com\/wordpress\/plugins\/seo\/ -->\n<title>Yadh Elloumi prie Dieu pour qu\u2019Il abatte sa mal\u00e9diction sur ses adversaires politiques ! - Kapitalis<\/title>\n<meta name=\"robots\" content=\"index, follow, max-snippet:-1, max-image-preview:large, max-video-preview:-1\" \/>\n<link rel=\"canonical\" href=\"https:\/\/kapitalis.com\/tunisie\/2021\/03\/19\/yadh-elloumi-prie-dieu-pour-quil-abatte-sa-malediction-sur-ses-adversaires-politiques\/\" \/>\n<meta property=\"og:locale\" content=\"fr_FR\" \/>\n<meta property=\"og:type\" content=\"article\" \/>\n<meta property=\"og:title\" content=\"Yadh Elloumi prie Dieu pour qu\u2019Il abatte sa mal\u00e9diction sur ses adversaires politiques ! - Kapitalis\" \/>\n<meta property=\"og:description\" content=\"Dans un post Facebook publi\u00e9 hier, jeudi 18 mars 2021, le d\u00e9put\u00e9 Qalb Tounes Yadh Elloumi fait une dr\u00f4le de pri\u00e8re ou \u00abdou3a\u00bb qui n\u2019a rien de dr\u00f4le du tout. Le d\u00e9put\u00e9, dont on appr\u00e9ciera le niveau intellectuel et moral, implore Dieu pour que sa mal\u00e9diction (\u00abla\u00e2na\u00bb et \u00absokht\u00bb) s\u2019abatte sur ses adversaires politiques.\" \/>\n<meta property=\"og:url\" content=\"https:\/\/kapitalis.com\/tunisie\/2021\/03\/19\/yadh-elloumi-prie-dieu-pour-quil-abatte-sa-malediction-sur-ses-adversaires-politiques\/\" \/>\n<meta property=\"og:site_name\" content=\"Kapitalis\" \/>\n<meta property=\"article:publisher\" content=\"https:\/\/www.facebook.com\/KapitalisInfo\/\" \/>\n<meta property=\"article:published_time\" content=\"2021-03-19T13:00:29+00:00\" \/>\n<meta property=\"article:modified_time\" content=\"2021-03-19T13:00:33+00:00\" \/>\n<meta property=\"og:image\" content=\"https:\/\/kapitalis.com\/tunisie\/wp-content\/uploads\/2022\/05\/kapitalis-logo-fb.png\" \/>\n\t<meta property=\"og:image:width\" content=\"1200\" \/>\n\t<meta property=\"og:image:height\" content=\"630\" \/>\n\t<meta property=\"og:image:type\" content=\"image\/png\" \/>\n<meta name=\"author\" content=\"webmaster kapitalis\" \/>\n<meta name=\"twitter:card\" content=\"summary_large_image\" \/>\n<meta name=\"twitter:creator\" content=\"@KapitalisInfo\" \/>\n<meta name=\"twitter:site\" content=\"@KapitalisInfo\" \/>\n<meta name=\"twitter:label1\" content=\"\u00c9crit par\" \/>\n\t<meta name=\"twitter:data1\" content=\"webmaster kapitalis\" \/>\n\t<meta name=\"twitter:label2\" content=\"Dur\u00e9e de lecture estim\u00e9e\" \/>\n\t<meta name=\"twitter:data2\" content=\"1 minute\" \/>\n<script type=\"application\/ld+json\" class=\"yoast-schema-graph\">{\"@context\":\"https:\/\/schema.org\",\"@graph\":[{\"@type\":\"Article\",\"@id\":\"https:\/\/kapitalis.com\/tunisie\/2021\/03\/19\/yadh-elloumi-prie-dieu-pour-quil-abatte-sa-malediction-sur-ses-adversaires-politiques\/#article\",\"isPartOf\":{\"@id\":\"https:\/\/kapitalis.com\/tunisie\/2021\/03\/19\/yadh-elloumi-prie-dieu-pour-quil-abatte-sa-malediction-sur-ses-adversaires-politiques\/\"},\"author\":{\"name\":\"webmaster kapitalis\",\"@id\":\"https:\/\/kapitalis.com\/tunisie\/#\/schema\/person\/d71f33a9ca44f7bad4698210b480c8e9\"},\"headline\":\"Yadh Elloumi prie Dieu pour qu\u2019Il abatte sa mal\u00e9diction sur ses adversaires politiques !\",\"datePublished\":\"2021-03-19T13:00:29+00:00\",\"dateModified\":\"2021-03-19T13:00:33+00:00\",\"mainEntityOfPage\":{\"@id\":\"https:\/\/kapitalis.com\/tunisie\/2021\/03\/19\/yadh-elloumi-prie-dieu-pour-quil-abatte-sa-malediction-sur-ses-adversaires-politiques\/\"},\"wordCount\":214,\"commentCount\":4,\"publisher\":{\"@id\":\"https:\/\/kapitalis.com\/tunisie\/#organization\"},\"image\":{\"@id\":\"https:\/\/kapitalis.com\/tunisie\/2021\/03\/19\/yadh-elloumi-prie-dieu-pour-quil-abatte-sa-malediction-sur-ses-adversaires-politiques\/#primaryimage\"},\"thumbnailUrl\":\"\",\"keywords\":[\"Qalb Tounes\",\"Yadh Elloumi\"],\"articleSection\":[\"POLITIQUE\",\"Tunisie\"],\"inLanguage\":\"fr-FR\",\"potentialAction\":[{\"@type\":\"CommentAction\",\"name\":\"Comment\",\"target\":[\"https:\/\/kapitalis.com\/tunisie\/2021\/03\/19\/yadh-elloumi-prie-dieu-pour-quil-abatte-sa-malediction-sur-ses-adversaires-politiques\/#respond\"]}]},{\"@type\":\"WebPage\",\"@id\":\"https:\/\/kapitalis.com\/tunisie\/2021\/03\/19\/yadh-elloumi-prie-dieu-pour-quil-abatte-sa-malediction-sur-ses-adversaires-politiques\/\",\"url\":\"https:\/\/kapitalis.com\/tunisie\/2021\/03\/19\/yadh-elloumi-prie-dieu-pour-quil-abatte-sa-malediction-sur-ses-adversaires-politiques\/\",\"name\":\"Yadh Elloumi prie Dieu pour qu\u2019Il abatte sa mal\u00e9diction sur ses adversaires politiques ! - Kapitalis\",\"isPartOf\":{\"@id\":\"https:\/\/kapitalis.com\/tunisie\/#website\"},\"primaryImageOfPage\":{\"@id\":\"https:\/\/kapitalis.com\/tunisie\/2021\/03\/19\/yadh-elloumi-prie-dieu-pour-quil-abatte-sa-malediction-sur-ses-adversaires-politiques\/#primaryimage\"},\"image\":{\"@id\":\"https:\/\/kapitalis.com\/tunisie\/2021\/03\/19\/yadh-elloumi-prie-dieu-pour-quil-abatte-sa-malediction-sur-ses-adversaires-politiques\/#primaryimage\"},\"thumbnailUrl\":\"\",\"datePublished\":\"2021-03-19T13:00:29+00:00\",\"dateModified\":\"2021-03-19T13:00:33+00:00\",\"breadcrumb\":{\"@id\":\"https:\/\/kapitalis.com\/tunisie\/2021\/03\/19\/yadh-elloumi-prie-dieu-pour-quil-abatte-sa-malediction-sur-ses-adversaires-politiques\/#breadcrumb\"},\"inLanguage\":\"fr-FR\",\"potentialAction\":[{\"@type\":\"ReadAction\",\"target\":[\"https:\/\/kapitalis.com\/tunisie\/2021\/03\/19\/yadh-elloumi-prie-dieu-pour-quil-abatte-sa-malediction-sur-ses-adversaires-politiques\/\"]}]},{\"@type\":\"ImageObject\",\"inLanguage\":\"fr-FR\",\"@id\":\"https:\/\/kapitalis.com\/tunisie\/2021\/03\/19\/yadh-elloumi-prie-dieu-pour-quil-abatte-sa-malediction-sur-ses-adversaires-politiques\/#primaryimage\",\"url\":\"\",\"contentUrl\":\"\"},{\"@type\":\"BreadcrumbList\",\"@id\":\"https:\/\/kapitalis.com\/tunisie\/2021\/03\/19\/yadh-elloumi-prie-dieu-pour-quil-abatte-sa-malediction-sur-ses-adversaires-politiques\/#breadcrumb\",\"itemListElement\":[{\"@type\":\"ListItem\",\"position\":1,\"name\":\"Accueil\",\"item\":\"https:\/\/kapitalis.com\/tunisie\/\"},{\"@type\":\"ListItem\",\"position\":2,\"name\":\"Yadh Elloumi prie Dieu pour qu\u2019Il abatte sa mal\u00e9diction sur ses adversaires politiques !\"}]},{\"@type\":\"WebSite\",\"@id\":\"https:\/\/kapitalis.com\/tunisie\/#website\",\"url\":\"https:\/\/kapitalis.com\/tunisie\/\",\"name\":\"Kapitalis\",\"description\":\"L&#039;actualit\u00e9 en Tunisie et dans le monde\",\"publisher\":{\"@id\":\"https:\/\/kapitalis.com\/tunisie\/#organization\"},\"potentialAction\":[{\"@type\":\"SearchAction\",\"target\":{\"@type\":\"EntryPoint\",\"urlTemplate\":\"https:\/\/kapitalis.com\/tunisie\/?s={search_term_string}\"},\"query-input\":{\"@type\":\"PropertyValueSpecification\",\"valueRequired\":true,\"valueName\":\"search_term_string\"}}],\"inLanguage\":\"fr-FR\"},{\"@type\":\"Organization\",\"@id\":\"https:\/\/kapitalis.com\/tunisie\/#organization\",\"name\":\"Kapitalis\",\"url\":\"https:\/\/kapitalis.com\/tunisie\/\",\"logo\":{\"@type\":\"ImageObject\",\"inLanguage\":\"fr-FR\",\"@id\":\"https:\/\/kapitalis.com\/tunisie\/#\/schema\/logo\/image\/\",\"url\":\"https:\/\/kapitalis.com\/tunisie\/wp-content\/uploads\/2022\/05\/Kapitalis-big-size.png\",\"contentUrl\":\"https:\/\/kapitalis.com\/tunisie\/wp-content\/uploads\/2022\/05\/Kapitalis-big-size.png\",\"width\":5000,\"height\":1500,\"caption\":\"Kapitalis\"},\"image\":{\"@id\":\"https:\/\/kapitalis.com\/tunisie\/#\/schema\/logo\/image\/\"},\"sameAs\":[\"https:\/\/www.facebook.com\/KapitalisInfo\/\",\"https:\/\/x.com\/KapitalisInfo\",\"https:\/\/www.youtube.com\/channel\/UC-yDYrHyfFBWWZaOw3FPg9Q\"]},{\"@type\":\"Person\",\"@id\":\"https:\/\/kapitalis.com\/tunisie\/#\/schema\/person\/d71f33a9ca44f7bad4698210b480c8e9\",\"name\":\"webmaster kapitalis\",\"url\":\"https:\/\/kapitalis.com\/tunisie\/author\/webmaster-kapitalis\/\"}]}<\/script>\n<!-- \/ Yoast SEO plugin. -->","yoast_head_json":{"title":"Yadh Elloumi prie Dieu pour qu\u2019Il abatte sa mal\u00e9diction sur ses adversaires politiques ! - Kapitalis","robots":{"index":"index","follow":"follow","max-snippet":"max-snippet:-1","max-image-preview":"max-image-preview:large","max-video-preview":"max-video-preview:-1"},"canonical":"https:\/\/kapitalis.com\/tunisie\/2021\/03\/19\/yadh-elloumi-prie-dieu-pour-quil-abatte-sa-malediction-sur-ses-adversaires-politiques\/","og_locale":"fr_FR","og_type":"article","og_title":"Yadh Elloumi prie Dieu pour qu\u2019Il abatte sa mal\u00e9diction sur ses adversaires politiques ! - Kapitalis","og_description":"Dans un post Facebook publi\u00e9 hier, jeudi 18 mars 2021, le d\u00e9put\u00e9 Qalb Tounes Yadh Elloumi fait une dr\u00f4le de pri\u00e8re ou \u00abdou3a\u00bb qui n\u2019a rien de dr\u00f4le du tout. Le d\u00e9put\u00e9, dont on appr\u00e9ciera le niveau intellectuel et moral, implore Dieu pour que sa mal\u00e9diction (\u00abla\u00e2na\u00bb et \u00absokht\u00bb) s\u2019abatte sur ses adversaires politiques.","og_url":"https:\/\/kapitalis.com\/tunisie\/2021\/03\/19\/yadh-elloumi-prie-dieu-pour-quil-abatte-sa-malediction-sur-ses-adversaires-politiques\/","og_site_name":"Kapitalis","article_publisher":"https:\/\/www.facebook.com\/KapitalisInfo\/","article_published_time":"2021-03-19T13:00:29+00:00","article_modified_time":"2021-03-19T13:00:33+00:00","og_image":[{"width":1200,"height":630,"url":"https:\/\/kapitalis.com\/tunisie\/wp-content\/uploads\/2022\/05\/kapitalis-logo-fb.png","type":"image\/png"}],"author":"webmaster kapitalis","twitter_card":"summary_large_image","twitter_creator":"@KapitalisInfo","twitter_site":"@KapitalisInfo","twitter_misc":{"\u00c9crit par":"webmaster kapitalis","Dur\u00e9e de lecture estim\u00e9e":"1 minute"},"schema":{"@context":"https:\/\/schema.org","@graph":[{"@type":"Article","@id":"https:\/\/kapitalis.com\/tunisie\/2021\/03\/19\/yadh-elloumi-prie-dieu-pour-quil-abatte-sa-malediction-sur-ses-adversaires-politiques\/#article","isPartOf":{"@id":"https:\/\/kapitalis.com\/tunisie\/2021\/03\/19\/yadh-elloumi-prie-dieu-pour-quil-abatte-sa-malediction-sur-ses-adversaires-politiques\/"},"author":{"name":"webmaster kapitalis","@id":"https:\/\/kapitalis.com\/tunisie\/#\/schema\/person\/d71f33a9ca44f7bad4698210b480c8e9"},"headline":"Yadh Elloumi prie Dieu pour qu\u2019Il abatte sa mal\u00e9diction sur ses adversaires politiques !","datePublished":"2021-03-19T13:00:29+00:00","dateModified":"2021-03-19T13:00:33+00:00","mainEntityOfPage":{"@id":"https:\/\/kapitalis.com\/tunisie\/2021\/03\/19\/yadh-elloumi-prie-dieu-pour-quil-abatte-sa-malediction-sur-ses-adversaires-politiques\/"},"wordCount":214,"commentCount":4,"publisher":{"@id":"https:\/\/kapitalis.com\/tunisie\/#organization"},"image":{"@id":"https:\/\/kapitalis.com\/tunisie\/2021\/03\/19\/yadh-elloumi-prie-dieu-pour-quil-abatte-sa-malediction-sur-ses-adversaires-politiques\/#primaryimage"},"thumbnailUrl":"","keywords":["Qalb Tounes","Yadh Elloumi"],"articleSection":["POLITIQUE","Tunisie"],"inLanguage":"fr-FR","potentialAction":[{"@type":"CommentAction","name":"Comment","target":["https:\/\/kapitalis.com\/tunisie\/2021\/03\/19\/yadh-elloumi-prie-dieu-pour-quil-abatte-sa-malediction-sur-ses-adversaires-politiques\/#respond"]}]},{"@type":"WebPage","@id":"https:\/\/kapitalis.com\/tunisie\/2021\/03\/19\/yadh-elloumi-prie-dieu-pour-quil-abatte-sa-malediction-sur-ses-adversaires-politiques\/","url":"https:\/\/kapitalis.com\/tunisie\/2021\/03\/19\/yadh-elloumi-prie-dieu-pour-quil-abatte-sa-malediction-sur-ses-adversaires-politiques\/","name":"Yadh Elloumi prie Dieu pour qu\u2019Il abatte sa mal\u00e9diction sur ses adversaires politiques ! - Kapitalis","isPartOf":{"@id":"https:\/\/kapitalis.com\/tunisie\/#website"},"primaryImageOfPage":{"@id":"https:\/\/kapitalis.com\/tunisie\/2021\/03\/19\/yadh-elloumi-prie-dieu-pour-quil-abatte-sa-malediction-sur-ses-adversaires-politiques\/#primaryimage"},"image":{"@id":"https:\/\/kapitalis.com\/tunisie\/2021\/03\/19\/yadh-elloumi-prie-dieu-pour-quil-abatte-sa-malediction-sur-ses-adversaires-politiques\/#primaryimage"},"thumbnailUrl":"","datePublished":"2021-03-19T13:00:29+00:00","dateModified":"2021-03-19T13:00:33+00:00","breadcrumb":{"@id":"https:\/\/kapitalis.com\/tunisie\/2021\/03\/19\/yadh-elloumi-prie-dieu-pour-quil-abatte-sa-malediction-sur-ses-adversaires-politiques\/#breadcrumb"},"inLanguage":"fr-FR","potentialAction":[{"@type":"ReadAction","target":["https:\/\/kapitalis.com\/tunisie\/2021\/03\/19\/yadh-elloumi-prie-dieu-pour-quil-abatte-sa-malediction-sur-ses-adversaires-politiques\/"]}]},{"@type":"ImageObject","inLanguage":"fr-FR","@id":"https:\/\/kapitalis.com\/tunisie\/2021\/03\/19\/yadh-elloumi-prie-dieu-pour-quil-abatte-sa-malediction-sur-ses-adversaires-politiques\/#primaryimage","url":"","contentUrl":""},{"@type":"BreadcrumbList","@id":"https:\/\/kapitalis.com\/tunisie\/2021\/03\/19\/yadh-elloumi-prie-dieu-pour-quil-abatte-sa-malediction-sur-ses-adversaires-politiques\/#breadcrumb","itemListElement":[{"@type":"ListItem","position":1,"name":"Accueil","item":"https:\/\/kapitalis.com\/tunisie\/"},{"@type":"ListItem","position":2,"name":"Yadh Elloumi prie Dieu pour qu\u2019Il abatte sa mal\u00e9diction sur ses adversaires politiques !"}]},{"@type":"WebSite","@id":"https:\/\/kapitalis.com\/tunisie\/#website","url":"https:\/\/kapitalis.com\/tunisie\/","name":"Kapitalis","description":"L&#039;actualit\u00e9 en Tunisie et dans le monde","publisher":{"@id":"https:\/\/kapitalis.com\/tunisie\/#organization"},"potentialAction":[{"@type":"SearchAction","target":{"@type":"EntryPoint","urlTemplate":"https:\/\/kapitalis.com\/tunisie\/?s={search_term_string}"},"query-input":{"@type":"PropertyValueSpecification","valueRequired":true,"valueName":"search_term_string"}}],"inLanguage":"fr-FR"},{"@type":"Organization","@id":"https:\/\/kapitalis.com\/tunisie\/#organization","name":"Kapitalis","url":"https:\/\/kapitalis.com\/tunisie\/","logo":{"@type":"ImageObject","inLanguage":"fr-FR","@id":"https:\/\/kapitalis.com\/tunisie\/#\/schema\/logo\/image\/","url":"https:\/\/kapitalis.com\/tunisie\/wp-content\/uploads\/2022\/05\/Kapitalis-big-size.png","contentUrl":"https:\/\/kapitalis.com\/tunisie\/wp-content\/uploads\/2022\/05\/Kapitalis-big-size.png","width":5000,"height":1500,"caption":"Kapitalis"},"image":{"@id":"https:\/\/kapitalis.com\/tunisie\/#\/schema\/logo\/image\/"},"sameAs":["https:\/\/www.facebook.com\/KapitalisInfo\/","https:\/\/x.com\/KapitalisInfo","https:\/\/www.youtube.com\/channel\/UC-yDYrHyfFBWWZaOw3FPg9Q"]},{"@type":"Person","@id":"https:\/\/kapitalis.com\/tunisie\/#\/schema\/person\/d71f33a9ca44f7bad4698210b480c8e9","name":"webmaster kapitalis","url":"https:\/\/kapitalis.com\/tunisie\/author\/webmaster-kapitalis\/"}]}},"_links":{"self":[{"href":"https:\/\/kapitalis.com\/tunisie\/wp-json\/wp\/v2\/posts\/341997","targetHints":{"allow":["GET"]}}],"collection":[{"href":"https:\/\/kapitalis.com\/tunisie\/wp-json\/wp\/v2\/posts"}],"about":[{"href":"https:\/\/kapitalis.com\/tunisie\/wp-json\/wp\/v2\/types\/post"}],"author":[{"embeddable":true,"href":"https:\/\/kapitalis.com\/tunisie\/wp-json\/wp\/v2\/users\/8"}],"replies":[{"embeddable":true,"href":"https:\/\/kapitalis.com\/tunisie\/wp-json\/wp\/v2\/comments?post=341997"}],"version-history":[{"count":0,"href":"https:\/\/kapitalis.com\/tunisie\/wp-json\/wp\/v2\/posts\/341997\/revisions"}],"wp:featuredmedia":[{"embeddable":true,"href":"https:\/\/kapitalis.com\/tunisie\/wp-json\/wp\/v2\/media\/341998"}],"wp:attachment":[{"href":"https:\/\/kapitalis.com\/tunisie\/wp-json\/wp\/v2\/media?parent=341997"}],"wp:term":[{"taxonomy":"category","embeddable":true,"href":"https:\/\/kapitalis.com\/tunisie\/wp-json\/wp\/v2\/categories?post=341997"},{"taxonomy":"post_tag","embeddable":true,"href":"https:\/\/kapitalis.com\/tunisie\/wp-json\/wp\/v2\/tags?post=341997"}],"curies":[{"name":"wp","href":"https:\/\/api.w.org\/{rel}","templated":true}]}}