{"id":342022,"date":"2021-03-19T16:21:09","date_gmt":"2021-03-19T15:21:09","guid":{"rendered":"http:\/\/kapitalis.com\/tunisie\/?p=342022"},"modified":"2021-03-20T00:58:33","modified_gmt":"2021-03-19T23:58:33","slug":"le-tunisien-achraf-tarsim-nomme-chef-de-bureau-de-la-bad-pour-le-maroc","status":"publish","type":"post","link":"https:\/\/kapitalis.com\/tunisie\/2021\/03\/19\/le-tunisien-achraf-tarsim-nomme-chef-de-bureau-de-la-bad-pour-le-maroc\/","title":{"rendered":"Le Tunisien Achraf Tarsim, nomm\u00e9 chef de bureau de la BAD pour le Maroc"},"content":{"rendered":"\n<figure class=\"wp-block-image size-large\"><img decoding=\"async\" src=\"http:\/\/kapitalis.com\/tunisie\/wp-content\/uploads\/2021\/03\/Achraf-Tarsim-BAD.jpg\" alt=\"\" class=\"wp-image-342027\"\/><\/figure>\n\n\n\n<p><strong><em>La Banque africaine de d\u00e9veloppement (BAD) a annonc\u00e9 hier, jeudi 18 mars 2021, la nomination du Tunisien Achraf Tarsim au poste de Chef de bureau pays d\u00e9sign\u00e9 pour le Maroc.<\/em><\/strong><\/p>\n\n\n\n<!--more-->\n\n\n\n<p>Titulaire d&rsquo;un Dipl\u00f4me d&rsquo;\u00e9tudes approfondies en \u00e9conomie internationale et d\u00e9veloppement de l&rsquo;Universit\u00e9 Paris Panth\u00e9on \u2013 Sorbonne (2005) en France, d&rsquo;un Master en \u00e9conomie de HEC Li\u00e8ge &#8211; \u00c9cole de Gestion de l&rsquo;Universit\u00e9 de Li\u00e8ge (2004), d&rsquo;un Master en droit de l&rsquo;Universit\u00e9 de Li\u00e8ge (2004) en Belgique et d&rsquo;un dipl\u00f4me de l&rsquo;\u00c9cole royale militaire de Belgique (2000), Achraf Tarsim a \u00e9galement suivi plusieurs formations et obtenu diverses certifications, notamment en finance publique \u00e0 la John F. Kennedy School of Gouvernement de l&rsquo;Universit\u00e9 de Harvard.<\/p>\n\n\n\n<p>avant de rejoindre la BAD en 2009, il a travaill\u00e9 dans le milieu universitaire, dans le domaine du conseil et dans des institutions gouvernementales, en gestion du secteur public, d\u00e9veloppement des infrastructures et investissement priv\u00e9, notamment en Belgique et en France.<\/p>\n\n\n\n<p>Achraf Tarsim, qui a rejoint la BAD en 2009, au sein du D\u00e9partement de la gouvernance et des r\u00e9formes \u00e9conomiques et financi\u00e8res, avait occup\u00e9 le poste de chef de division pour l&rsquo;Afrique du Nord, o\u00f9 il \u00e9tait en charge de l&rsquo;\u00e9nergie, de l&rsquo;infrastructure et du secteur financier et avait pour mission de mener le dialogue sectoriel avec les six pays d&rsquo;Afrique du Nord et de concevoir de nouvelles op\u00e9rations dans les secteurs susmentionn\u00e9s \u00bb, a pr\u00e9cis\u00e9 la BAD, jeudi, dans son communiqu\u00e9.<\/p>\n\n\n\n<p>La Banque ajoute que M. Tarsim a jou\u00e9 un r\u00f4le d\u00e9terminant dans le lancement de plus de 20 nouveaux projets pour un montant de 2,2 milliards de dollars au Maroc, en Tunisie, en \u00c9gypte, en Mauritanie et dans d&rsquo;autres pays de la r\u00e9gion Nord et a \u00e9galement particip\u00e9 \u00e0 l&rsquo;\u00e9laboration et \u00e0 la mise en \u0153uvre de plusieurs strat\u00e9gies de la Banque, notamment le plan d&rsquo;action pour la gouvernance, la strat\u00e9gie de d\u00e9veloppement du secteur financier et la strat\u00e9gie d&rsquo;industrialisation de l&rsquo;Afrique.<\/p>\n\n\n\n<p>\u00ab<em>Je suis tr\u00e8s ravi de cette nomination et je remercie le Pr\u00e9sident Adesina pour cette marque de confiance. Le Maroc est un des partenaires essentiels de la Banque et je mettrai tout en \u0153uvre pour renforcer davantage ce partenariat privil\u00e9gi\u00e9<\/em>\u00bb, a-t-il d\u00e9clar\u00e9 en commentant sa nomination.<\/p>\n\n\n\n<p>Akinwumi Adesina, pr\u00e9sident de la BAD, a pour sa part d\u00e9clar\u00e9 : \u00ab<em> Achraf est un professionnel chevronn\u00e9 et accompli qui poss\u00e8de une connaissance approfondie de la r\u00e9gion de l&rsquo;Afrique du Nord. Ses solides r\u00e9sultats en mati\u00e8re de mise en \u0153uvre sur le terrain et sa riche exp\u00e9rience dans la gestion de larges portefeuilles aideront la Banque \u00e0 acc\u00e9l\u00e9rer l&rsquo;ex\u00e9cution des projets au Maroc\u00bb.<\/em><\/p>\n\n\n\n<p>Rappelons qu&rsquo;en janvier dernier, la BAD avait annonc\u00e9 la nomination de la Tunisienne Le\u00efla Farah Mokaddem au poste de Directrice G\u00e9n\u00e9rale pour la r\u00e9gion d\u2019Afrique australe.<\/p>\n\n\n\n<p class=\"has-text-align-right\"><strong>Y. N.<\/strong><\/p>\n\n\n\n<figure class=\"wp-block-embed is-type-wp-embed is-provider-kapitalis wp-block-embed-kapitalis\"><div class=\"wp-block-embed__wrapper\">\n<blockquote class=\"wp-embedded-content\" data-secret=\"Kxkjhsw51S\"><a href=\"https:\/\/kapitalis.com\/tunisie\/2021\/01\/07\/la-tunisienne-leila-farah-mokaddem-nommee-dg-de-la-bad-pour-lafrique-australe\/\">La Tunisienne Le\u00efla Farah Mokaddem nomm\u00e9e DG de la BAD pour l\u2019Afrique australe<\/a><\/blockquote><iframe loading=\"lazy\" class=\"wp-embedded-content\" sandbox=\"allow-scripts\" security=\"restricted\" style=\"position: absolute; clip: rect(1px, 1px, 1px, 1px);\" title=\"\u00ab\u00a0La Tunisienne Le\u00efla Farah Mokaddem nomm\u00e9e DG de la BAD pour l\u2019Afrique australe\u00a0\u00bb &#8212; Kapitalis\" src=\"https:\/\/kapitalis.com\/tunisie\/2021\/01\/07\/la-tunisienne-leila-farah-mokaddem-nommee-dg-de-la-bad-pour-lafrique-australe\/embed\/#?secret=lsLVyhw6iT#?secret=Kxkjhsw51S\" data-secret=\"Kxkjhsw51S\" width=\"600\" height=\"338\" frameborder=\"0\" marginwidth=\"0\" marginheight=\"0\" scrolling=\"no\"><\/iframe>\n<\/div><\/figure>\n","protected":false},"excerpt":{"rendered":"<p>La Banque africaine de d\u00e9veloppement (BAD) a annonc\u00e9 hier, jeudi 18 mars 2021, la nomination du Tunisien Achraf Tarsim au poste de Chef de bureau pays d\u00e9sign\u00e9 pour le Maroc.<\/p>\n","protected":false},"author":6,"featured_media":342027,"comment_status":"open","ping_status":"open","sticky":false,"template":"","format":"standard","meta":{"footnotes":""},"categories":[995,2433],"tags":[88494,119,127,577,1283,931],"class_list":["post-342022","post","type-post","status-publish","format-standard","has-post-thumbnail","hentry","category-economie","category-tunisie","tag-achraf-tarsim","tag-bad","tag-banque-africaine-de-developpement","tag-maroc","tag-nomination","tag-tunisien"],"yoast_head":"<!-- This site is optimized with the Yoast SEO plugin v26.6 - https:\/\/yoast.com\/wordpress\/plugins\/seo\/ -->\n<title>Le Tunisien Achraf Tarsim, nomm\u00e9 chef de bureau de la BAD pour le Maroc - Kapitalis<\/title>\n<meta name=\"robots\" content=\"index, follow, max-snippet:-1, max-image-preview:large, max-video-preview:-1\" \/>\n<link rel=\"canonical\" href=\"https:\/\/kapitalis.com\/tunisie\/2021\/03\/19\/le-tunisien-achraf-tarsim-nomme-chef-de-bureau-de-la-bad-pour-le-maroc\/\" \/>\n<meta property=\"og:locale\" content=\"fr_FR\" \/>\n<meta property=\"og:type\" content=\"article\" \/>\n<meta property=\"og:title\" content=\"Le Tunisien Achraf Tarsim, nomm\u00e9 chef de bureau de la BAD pour le Maroc - Kapitalis\" \/>\n<meta property=\"og:description\" content=\"La Banque africaine de d\u00e9veloppement (BAD) a annonc\u00e9 hier, jeudi 18 mars 2021, la nomination du Tunisien Achraf Tarsim au poste de Chef de bureau pays d\u00e9sign\u00e9 pour le Maroc.\" \/>\n<meta property=\"og:url\" content=\"https:\/\/kapitalis.com\/tunisie\/2021\/03\/19\/le-tunisien-achraf-tarsim-nomme-chef-de-bureau-de-la-bad-pour-le-maroc\/\" \/>\n<meta property=\"og:site_name\" content=\"Kapitalis\" \/>\n<meta property=\"article:publisher\" content=\"https:\/\/www.facebook.com\/KapitalisInfo\/\" \/>\n<meta property=\"article:published_time\" content=\"2021-03-19T15:21:09+00:00\" \/>\n<meta property=\"article:modified_time\" content=\"2021-03-19T23:58:33+00:00\" \/>\n<meta property=\"og:image\" content=\"https:\/\/kapitalis.com\/tunisie\/wp-content\/uploads\/2022\/05\/kapitalis-logo-fb.png\" \/>\n\t<meta property=\"og:image:width\" content=\"1200\" \/>\n\t<meta property=\"og:image:height\" content=\"630\" \/>\n\t<meta property=\"og:image:type\" content=\"image\/png\" \/>\n<meta name=\"author\" content=\"Yusra NY\" \/>\n<meta name=\"twitter:card\" content=\"summary_large_image\" \/>\n<meta name=\"twitter:creator\" content=\"@KapitalisInfo\" \/>\n<meta name=\"twitter:site\" content=\"@KapitalisInfo\" \/>\n<meta name=\"twitter:label1\" content=\"\u00c9crit par\" \/>\n\t<meta name=\"twitter:data1\" content=\"Yusra NY\" \/>\n\t<meta name=\"twitter:label2\" content=\"Dur\u00e9e de lecture estim\u00e9e\" \/>\n\t<meta name=\"twitter:data2\" content=\"2 minutes\" \/>\n<script type=\"application\/ld+json\" class=\"yoast-schema-graph\">{\"@context\":\"https:\/\/schema.org\",\"@graph\":[{\"@type\":\"Article\",\"@id\":\"https:\/\/kapitalis.com\/tunisie\/2021\/03\/19\/le-tunisien-achraf-tarsim-nomme-chef-de-bureau-de-la-bad-pour-le-maroc\/#article\",\"isPartOf\":{\"@id\":\"https:\/\/kapitalis.com\/tunisie\/2021\/03\/19\/le-tunisien-achraf-tarsim-nomme-chef-de-bureau-de-la-bad-pour-le-maroc\/\"},\"author\":{\"name\":\"Yusra NY\",\"@id\":\"https:\/\/kapitalis.com\/tunisie\/#\/schema\/person\/74bbde0154d49d790a92aaeac5bc01d5\"},\"headline\":\"Le Tunisien Achraf Tarsim, nomm\u00e9 chef de bureau de la BAD pour le Maroc\",\"datePublished\":\"2021-03-19T15:21:09+00:00\",\"dateModified\":\"2021-03-19T23:58:33+00:00\",\"mainEntityOfPage\":{\"@id\":\"https:\/\/kapitalis.com\/tunisie\/2021\/03\/19\/le-tunisien-achraf-tarsim-nomme-chef-de-bureau-de-la-bad-pour-le-maroc\/\"},\"wordCount\":503,\"commentCount\":0,\"publisher\":{\"@id\":\"https:\/\/kapitalis.com\/tunisie\/#organization\"},\"image\":{\"@id\":\"https:\/\/kapitalis.com\/tunisie\/2021\/03\/19\/le-tunisien-achraf-tarsim-nomme-chef-de-bureau-de-la-bad-pour-le-maroc\/#primaryimage\"},\"thumbnailUrl\":\"\",\"keywords\":[\"Achraf Tarsim\",\"BAD\",\"Banque africaine de d\u00e9veloppement\",\"Maroc\",\"nomination\",\"Tunisien\"],\"articleSection\":[\"ECONOMIE\",\"Tunisie\"],\"inLanguage\":\"fr-FR\",\"potentialAction\":[{\"@type\":\"CommentAction\",\"name\":\"Comment\",\"target\":[\"https:\/\/kapitalis.com\/tunisie\/2021\/03\/19\/le-tunisien-achraf-tarsim-nomme-chef-de-bureau-de-la-bad-pour-le-maroc\/#respond\"]}]},{\"@type\":\"WebPage\",\"@id\":\"https:\/\/kapitalis.com\/tunisie\/2021\/03\/19\/le-tunisien-achraf-tarsim-nomme-chef-de-bureau-de-la-bad-pour-le-maroc\/\",\"url\":\"https:\/\/kapitalis.com\/tunisie\/2021\/03\/19\/le-tunisien-achraf-tarsim-nomme-chef-de-bureau-de-la-bad-pour-le-maroc\/\",\"name\":\"Le Tunisien Achraf Tarsim, nomm\u00e9 chef de bureau de la BAD pour le Maroc - Kapitalis\",\"isPartOf\":{\"@id\":\"https:\/\/kapitalis.com\/tunisie\/#website\"},\"primaryImageOfPage\":{\"@id\":\"https:\/\/kapitalis.com\/tunisie\/2021\/03\/19\/le-tunisien-achraf-tarsim-nomme-chef-de-bureau-de-la-bad-pour-le-maroc\/#primaryimage\"},\"image\":{\"@id\":\"https:\/\/kapitalis.com\/tunisie\/2021\/03\/19\/le-tunisien-achraf-tarsim-nomme-chef-de-bureau-de-la-bad-pour-le-maroc\/#primaryimage\"},\"thumbnailUrl\":\"\",\"datePublished\":\"2021-03-19T15:21:09+00:00\",\"dateModified\":\"2021-03-19T23:58:33+00:00\",\"breadcrumb\":{\"@id\":\"https:\/\/kapitalis.com\/tunisie\/2021\/03\/19\/le-tunisien-achraf-tarsim-nomme-chef-de-bureau-de-la-bad-pour-le-maroc\/#breadcrumb\"},\"inLanguage\":\"fr-FR\",\"potentialAction\":[{\"@type\":\"ReadAction\",\"target\":[\"https:\/\/kapitalis.com\/tunisie\/2021\/03\/19\/le-tunisien-achraf-tarsim-nomme-chef-de-bureau-de-la-bad-pour-le-maroc\/\"]}]},{\"@type\":\"ImageObject\",\"inLanguage\":\"fr-FR\",\"@id\":\"https:\/\/kapitalis.com\/tunisie\/2021\/03\/19\/le-tunisien-achraf-tarsim-nomme-chef-de-bureau-de-la-bad-pour-le-maroc\/#primaryimage\",\"url\":\"\",\"contentUrl\":\"\"},{\"@type\":\"BreadcrumbList\",\"@id\":\"https:\/\/kapitalis.com\/tunisie\/2021\/03\/19\/le-tunisien-achraf-tarsim-nomme-chef-de-bureau-de-la-bad-pour-le-maroc\/#breadcrumb\",\"itemListElement\":[{\"@type\":\"ListItem\",\"position\":1,\"name\":\"Accueil\",\"item\":\"https:\/\/kapitalis.com\/tunisie\/\"},{\"@type\":\"ListItem\",\"position\":2,\"name\":\"Le Tunisien Achraf Tarsim, nomm\u00e9 chef de bureau de la BAD pour le Maroc\"}]},{\"@type\":\"WebSite\",\"@id\":\"https:\/\/kapitalis.com\/tunisie\/#website\",\"url\":\"https:\/\/kapitalis.com\/tunisie\/\",\"name\":\"Kapitalis\",\"description\":\"L&#039;actualit\u00e9 en Tunisie et dans le monde\",\"publisher\":{\"@id\":\"https:\/\/kapitalis.com\/tunisie\/#organization\"},\"potentialAction\":[{\"@type\":\"SearchAction\",\"target\":{\"@type\":\"EntryPoint\",\"urlTemplate\":\"https:\/\/kapitalis.com\/tunisie\/?s={search_term_string}\"},\"query-input\":{\"@type\":\"PropertyValueSpecification\",\"valueRequired\":true,\"valueName\":\"search_term_string\"}}],\"inLanguage\":\"fr-FR\"},{\"@type\":\"Organization\",\"@id\":\"https:\/\/kapitalis.com\/tunisie\/#organization\",\"name\":\"Kapitalis\",\"url\":\"https:\/\/kapitalis.com\/tunisie\/\",\"logo\":{\"@type\":\"ImageObject\",\"inLanguage\":\"fr-FR\",\"@id\":\"https:\/\/kapitalis.com\/tunisie\/#\/schema\/logo\/image\/\",\"url\":\"https:\/\/kapitalis.com\/tunisie\/wp-content\/uploads\/2022\/05\/Kapitalis-big-size.png\",\"contentUrl\":\"https:\/\/kapitalis.com\/tunisie\/wp-content\/uploads\/2022\/05\/Kapitalis-big-size.png\",\"width\":5000,\"height\":1500,\"caption\":\"Kapitalis\"},\"image\":{\"@id\":\"https:\/\/kapitalis.com\/tunisie\/#\/schema\/logo\/image\/\"},\"sameAs\":[\"https:\/\/www.facebook.com\/KapitalisInfo\/\",\"https:\/\/x.com\/KapitalisInfo\",\"https:\/\/www.youtube.com\/channel\/UC-yDYrHyfFBWWZaOw3FPg9Q\"]},{\"@type\":\"Person\",\"@id\":\"https:\/\/kapitalis.com\/tunisie\/#\/schema\/person\/74bbde0154d49d790a92aaeac5bc01d5\",\"name\":\"Yusra NY\",\"url\":\"https:\/\/kapitalis.com\/tunisie\/author\/yuza_adam\/\"}]}<\/script>\n<!-- \/ Yoast SEO plugin. -->","yoast_head_json":{"title":"Le Tunisien Achraf Tarsim, nomm\u00e9 chef de bureau de la BAD pour le Maroc - Kapitalis","robots":{"index":"index","follow":"follow","max-snippet":"max-snippet:-1","max-image-preview":"max-image-preview:large","max-video-preview":"max-video-preview:-1"},"canonical":"https:\/\/kapitalis.com\/tunisie\/2021\/03\/19\/le-tunisien-achraf-tarsim-nomme-chef-de-bureau-de-la-bad-pour-le-maroc\/","og_locale":"fr_FR","og_type":"article","og_title":"Le Tunisien Achraf Tarsim, nomm\u00e9 chef de bureau de la BAD pour le Maroc - Kapitalis","og_description":"La Banque africaine de d\u00e9veloppement (BAD) a annonc\u00e9 hier, jeudi 18 mars 2021, la nomination du Tunisien Achraf Tarsim au poste de Chef de bureau pays d\u00e9sign\u00e9 pour le Maroc.","og_url":"https:\/\/kapitalis.com\/tunisie\/2021\/03\/19\/le-tunisien-achraf-tarsim-nomme-chef-de-bureau-de-la-bad-pour-le-maroc\/","og_site_name":"Kapitalis","article_publisher":"https:\/\/www.facebook.com\/KapitalisInfo\/","article_published_time":"2021-03-19T15:21:09+00:00","article_modified_time":"2021-03-19T23:58:33+00:00","og_image":[{"width":1200,"height":630,"url":"https:\/\/kapitalis.com\/tunisie\/wp-content\/uploads\/2022\/05\/kapitalis-logo-fb.png","type":"image\/png"}],"author":"Yusra NY","twitter_card":"summary_large_image","twitter_creator":"@KapitalisInfo","twitter_site":"@KapitalisInfo","twitter_misc":{"\u00c9crit par":"Yusra NY","Dur\u00e9e de lecture estim\u00e9e":"2 minutes"},"schema":{"@context":"https:\/\/schema.org","@graph":[{"@type":"Article","@id":"https:\/\/kapitalis.com\/tunisie\/2021\/03\/19\/le-tunisien-achraf-tarsim-nomme-chef-de-bureau-de-la-bad-pour-le-maroc\/#article","isPartOf":{"@id":"https:\/\/kapitalis.com\/tunisie\/2021\/03\/19\/le-tunisien-achraf-tarsim-nomme-chef-de-bureau-de-la-bad-pour-le-maroc\/"},"author":{"name":"Yusra NY","@id":"https:\/\/kapitalis.com\/tunisie\/#\/schema\/person\/74bbde0154d49d790a92aaeac5bc01d5"},"headline":"Le Tunisien Achraf Tarsim, nomm\u00e9 chef de bureau de la BAD pour le Maroc","datePublished":"2021-03-19T15:21:09+00:00","dateModified":"2021-03-19T23:58:33+00:00","mainEntityOfPage":{"@id":"https:\/\/kapitalis.com\/tunisie\/2021\/03\/19\/le-tunisien-achraf-tarsim-nomme-chef-de-bureau-de-la-bad-pour-le-maroc\/"},"wordCount":503,"commentCount":0,"publisher":{"@id":"https:\/\/kapitalis.com\/tunisie\/#organization"},"image":{"@id":"https:\/\/kapitalis.com\/tunisie\/2021\/03\/19\/le-tunisien-achraf-tarsim-nomme-chef-de-bureau-de-la-bad-pour-le-maroc\/#primaryimage"},"thumbnailUrl":"","keywords":["Achraf Tarsim","BAD","Banque africaine de d\u00e9veloppement","Maroc","nomination","Tunisien"],"articleSection":["ECONOMIE","Tunisie"],"inLanguage":"fr-FR","potentialAction":[{"@type":"CommentAction","name":"Comment","target":["https:\/\/kapitalis.com\/tunisie\/2021\/03\/19\/le-tunisien-achraf-tarsim-nomme-chef-de-bureau-de-la-bad-pour-le-maroc\/#respond"]}]},{"@type":"WebPage","@id":"https:\/\/kapitalis.com\/tunisie\/2021\/03\/19\/le-tunisien-achraf-tarsim-nomme-chef-de-bureau-de-la-bad-pour-le-maroc\/","url":"https:\/\/kapitalis.com\/tunisie\/2021\/03\/19\/le-tunisien-achraf-tarsim-nomme-chef-de-bureau-de-la-bad-pour-le-maroc\/","name":"Le Tunisien Achraf Tarsim, nomm\u00e9 chef de bureau de la BAD pour le Maroc - Kapitalis","isPartOf":{"@id":"https:\/\/kapitalis.com\/tunisie\/#website"},"primaryImageOfPage":{"@id":"https:\/\/kapitalis.com\/tunisie\/2021\/03\/19\/le-tunisien-achraf-tarsim-nomme-chef-de-bureau-de-la-bad-pour-le-maroc\/#primaryimage"},"image":{"@id":"https:\/\/kapitalis.com\/tunisie\/2021\/03\/19\/le-tunisien-achraf-tarsim-nomme-chef-de-bureau-de-la-bad-pour-le-maroc\/#primaryimage"},"thumbnailUrl":"","datePublished":"2021-03-19T15:21:09+00:00","dateModified":"2021-03-19T23:58:33+00:00","breadcrumb":{"@id":"https:\/\/kapitalis.com\/tunisie\/2021\/03\/19\/le-tunisien-achraf-tarsim-nomme-chef-de-bureau-de-la-bad-pour-le-maroc\/#breadcrumb"},"inLanguage":"fr-FR","potentialAction":[{"@type":"ReadAction","target":["https:\/\/kapitalis.com\/tunisie\/2021\/03\/19\/le-tunisien-achraf-tarsim-nomme-chef-de-bureau-de-la-bad-pour-le-maroc\/"]}]},{"@type":"ImageObject","inLanguage":"fr-FR","@id":"https:\/\/kapitalis.com\/tunisie\/2021\/03\/19\/le-tunisien-achraf-tarsim-nomme-chef-de-bureau-de-la-bad-pour-le-maroc\/#primaryimage","url":"","contentUrl":""},{"@type":"BreadcrumbList","@id":"https:\/\/kapitalis.com\/tunisie\/2021\/03\/19\/le-tunisien-achraf-tarsim-nomme-chef-de-bureau-de-la-bad-pour-le-maroc\/#breadcrumb","itemListElement":[{"@type":"ListItem","position":1,"name":"Accueil","item":"https:\/\/kapitalis.com\/tunisie\/"},{"@type":"ListItem","position":2,"name":"Le Tunisien Achraf Tarsim, nomm\u00e9 chef de bureau de la BAD pour le Maroc"}]},{"@type":"WebSite","@id":"https:\/\/kapitalis.com\/tunisie\/#website","url":"https:\/\/kapitalis.com\/tunisie\/","name":"Kapitalis","description":"L&#039;actualit\u00e9 en Tunisie et dans le monde","publisher":{"@id":"https:\/\/kapitalis.com\/tunisie\/#organization"},"potentialAction":[{"@type":"SearchAction","target":{"@type":"EntryPoint","urlTemplate":"https:\/\/kapitalis.com\/tunisie\/?s={search_term_string}"},"query-input":{"@type":"PropertyValueSpecification","valueRequired":true,"valueName":"search_term_string"}}],"inLanguage":"fr-FR"},{"@type":"Organization","@id":"https:\/\/kapitalis.com\/tunisie\/#organization","name":"Kapitalis","url":"https:\/\/kapitalis.com\/tunisie\/","logo":{"@type":"ImageObject","inLanguage":"fr-FR","@id":"https:\/\/kapitalis.com\/tunisie\/#\/schema\/logo\/image\/","url":"https:\/\/kapitalis.com\/tunisie\/wp-content\/uploads\/2022\/05\/Kapitalis-big-size.png","contentUrl":"https:\/\/kapitalis.com\/tunisie\/wp-content\/uploads\/2022\/05\/Kapitalis-big-size.png","width":5000,"height":1500,"caption":"Kapitalis"},"image":{"@id":"https:\/\/kapitalis.com\/tunisie\/#\/schema\/logo\/image\/"},"sameAs":["https:\/\/www.facebook.com\/KapitalisInfo\/","https:\/\/x.com\/KapitalisInfo","https:\/\/www.youtube.com\/channel\/UC-yDYrHyfFBWWZaOw3FPg9Q"]},{"@type":"Person","@id":"https:\/\/kapitalis.com\/tunisie\/#\/schema\/person\/74bbde0154d49d790a92aaeac5bc01d5","name":"Yusra NY","url":"https:\/\/kapitalis.com\/tunisie\/author\/yuza_adam\/"}]}},"_links":{"self":[{"href":"https:\/\/kapitalis.com\/tunisie\/wp-json\/wp\/v2\/posts\/342022","targetHints":{"allow":["GET"]}}],"collection":[{"href":"https:\/\/kapitalis.com\/tunisie\/wp-json\/wp\/v2\/posts"}],"about":[{"href":"https:\/\/kapitalis.com\/tunisie\/wp-json\/wp\/v2\/types\/post"}],"author":[{"embeddable":true,"href":"https:\/\/kapitalis.com\/tunisie\/wp-json\/wp\/v2\/users\/6"}],"replies":[{"embeddable":true,"href":"https:\/\/kapitalis.com\/tunisie\/wp-json\/wp\/v2\/comments?post=342022"}],"version-history":[{"count":0,"href":"https:\/\/kapitalis.com\/tunisie\/wp-json\/wp\/v2\/posts\/342022\/revisions"}],"wp:featuredmedia":[{"embeddable":true,"href":"https:\/\/kapitalis.com\/tunisie\/wp-json\/wp\/v2\/media\/342027"}],"wp:attachment":[{"href":"https:\/\/kapitalis.com\/tunisie\/wp-json\/wp\/v2\/media?parent=342022"}],"wp:term":[{"taxonomy":"category","embeddable":true,"href":"https:\/\/kapitalis.com\/tunisie\/wp-json\/wp\/v2\/categories?post=342022"},{"taxonomy":"post_tag","embeddable":true,"href":"https:\/\/kapitalis.com\/tunisie\/wp-json\/wp\/v2\/tags?post=342022"}],"curies":[{"name":"wp","href":"https:\/\/api.w.org\/{rel}","templated":true}]}}