{"id":342259,"date":"2021-03-22T11:01:20","date_gmt":"2021-03-22T10:01:20","guid":{"rendered":"http:\/\/kapitalis.com\/tunisie\/?p=342259"},"modified":"2021-03-22T11:03:26","modified_gmt":"2021-03-22T10:03:26","slug":"m-kais-saied-la-premiere-urgence-cest-la-dissolution-de-lassemblee","status":"publish","type":"post","link":"https:\/\/kapitalis.com\/tunisie\/2021\/03\/22\/m-kais-saied-la-premiere-urgence-cest-la-dissolution-de-lassemblee\/","title":{"rendered":"M. Kais Saied, la premi\u00e8re urgence, c\u2019est la dissolution de l\u2019Assembl\u00e9e"},"content":{"rendered":"\n<figure class=\"wp-block-image size-large\"><img decoding=\"async\" src=\"http:\/\/kapitalis.com\/tunisie\/wp-content\/uploads\/2020\/07\/Kais-saied.jpg\" alt=\"\" class=\"wp-image-309063\"\/><\/figure>\n\n\n\n<p><strong><em>M. Kais Saied, vous \u00eates pr\u00e9sident de la r\u00e9publique et aussi un t\u00e9moin des sc\u00e8nes de violence hebdomadaires au sein de l\u2019Assembl\u00e9e des repr\u00e9sentants du peuple (ARP). Si vous \u00eates garant de la Constitution, vous \u00eates aussi garant de la s\u00e9r\u00e9nit\u00e9 et de la p\u00e9rennit\u00e9 des institutions. Alors qu\u2019est-ce que vous attendez pour dissoudre cette assembl\u00e9e si d\u00e9cri\u00e9e? Un drame?<\/em><\/strong><\/p>\n\n\n\n<p>Par <strong>Helal Jelali <\/strong>*<\/p>\n\n\n\n<!--more-->\n\n\n\n<div class=\"wp-block-image\"><figure class=\"alignleft size-large\"><img decoding=\"async\" src=\"http:\/\/kapitalis.com\/tunisie\/wp-content\/uploads\/2020\/08\/Helal-Jelali.jpg\" alt=\"\" class=\"wp-image-311626\"\/><\/figure><\/div>\n\n\n\n<p>Ce n\u2019est \u00e9crit nulle part, mais certains Tunisiens bien install\u00e9s et m\u00eame ceux de la petite classe moyenne commencent \u00e0 pr\u00e9parer leurs valises pour d\u00e9guerpir. <em>\u00ab\u00c7a commence \u00e0 sentir le roussi\u00bb<\/em>, disent-ils. N\u2019en parlons pas des milliers d\u2019immigr\u00e9s retrait\u00e9s revenus d\u00e9finitivement en Tunisie, et \u00e9c\u0153ur\u00e9s par ce qui s\u2019y passe, et qui, l\u2019angoisse au ventre, se sont d\u00e9j\u00e0 r\u00e9install\u00e9s \u00e0 nouveau dans les pays europ\u00e9ens. L\u2019air est devenu irrespirable et votre peuple n\u2019en peut plus\u2026<\/p>\n\n\n\n<p>Un vieux chauffeur de taxi de 82 ans, oblig\u00e9 de travailler \u00e0 cet \u00e2ge, m\u2019avait dit cette semaine :<em> \u00abQu\u2019ils pillent, qu\u2019ils se chamaillent, mais qu\u2019ils n\u2019engagent pas le pays sur la voie syrienne, parce le pays est devenu la Syrie sans les armes\u00bb<\/em>. C\u2019est le sommet du d\u00e9sespoir.<\/p>\n\n\n\n<h3 class=\"wp-block-heading\">La coh\u00e9sion nationale est gravement menac\u00e9e<\/h3>\n\n\n\n<p>Le plus grave, ce ne sont pas la faillite \u00e9conomique ou la corruption end\u00e9mique et presque banalis\u00e9e, mais l\u2019\u00e9mergence d\u2019une minorit\u00e9 \u2013 islamiste pour \u00eatre clair \u2013 qui voudrait fonder <em>\u00abune contre-soci\u00e9t\u00e9\u00bb<\/em> et <em>\u00abune rupture culturelle\u00bb<\/em>. Une vraie menace pour la coh\u00e9sion nationale.<\/p>\n\n\n\n<p>Nous sommes dans le sc\u00e9nario de la <em>\u00abTro\u00efka\u00bb<\/em>, la coalition domin\u00e9e par les islamistes d\u2019Ennahdha ayant gouvern\u00e9 le pays de janvier 2012 \u00e0 janvier 2014, avec une crise financi\u00e8re aigu\u00eb en plus.<\/p>\n\n\n\n<p>Un climat de peur diffuse commence \u00e0 gangrener la vie sociale. De la peur \u00e0 la r\u00e9signation, et votre voix ne serait plus audible, monsieur le pr\u00e9sident\u2026 Aucune voix ne serait perceptible quand la violence politique et physique domine dans les institutions r\u00e9publicaines. Votre strat\u00e9gie, qui consiste \u00e0 \u00eatre au-dessus de la m\u00eal\u00e9e, est-elle toujours tenable ? Vos \u00e9lecteurs et m\u00eame les autres commencent par en douter.<\/p>\n\n\n\n<p>Le plus grand risque pour un politique est d\u2019\u00eatre d\u00e9pass\u00e9 par les \u00e9v\u00e9nements, par l\u2019acc\u00e9l\u00e9ration des agendas et par la paralysie de son action. Les constats, les diagnostics, et m\u00eame l\u2019<em>\u00abIRM\u00bb<\/em> de la Tunisie sont clairs comme l\u2019eau de roche. En m\u00e9decine, on dit que nous sommes devant <em>\u00abun noyau enkyst\u00e9\u00bb<\/em>.<\/p>\n\n\n\n<p>Vous \u00eates sp\u00e9cialiste en droit constitutionnel, donc vous savez que vous disposez de trois sorties de crise, inutile de vous les rappeler\u2026<\/p>\n\n\n\n<p>Les paroles n\u2019ont plus de sens devant une telle situation. L\u2019enlisement pourrait devenir facilement incontr\u00f4lable pour tous.<\/p>\n\n\n\n<h3 class=\"wp-block-heading\">\u00abAttention, sous les cendres, il y a des braises\u00bb, disait Chebbi<\/h3>\n\n\n\n<p>Goethe, f\u00e9ru de po\u00e9sie, mais aussi de politique, conseillait \u00e0 ses contemporains d\u2019<em>\u00ab\u00eatre diligents pendant qu\u2019ils sont \u00e9veill\u00e9s\u00bb<\/em>. Je n\u2019oublie pas que vous pr\u00e9f\u00e9rez la litt\u00e9rature arabe classique, donc je vous laisse r\u00e9fl\u00e9chir sur cette phrase d\u2019Abou El-Kacem Chebbi : <em>\u00abAttention, sous les cendres, il y a des braises\u00bb<\/em>. C\u2019est <em>\u00abl\u2019effet papillon\u00bb<\/em> dont les cons\u00e9quences ne sont pas pr\u00e9visibles.<\/p>\n\n\n\n<p>\u00c2g\u00e9 et malade, votre humble serviteur commence \u00e0 pr\u00e9parer ses valises pour repartir dans le pays o\u00f9 il avait v\u00e9cu 42 ans avant de rentrer passer sa retraite dans sa Tunisie natale. Et je ne suis pas le seul \u00e0 y penser\u2026<\/p>\n\n\n\n<p>Le bien-\u00eatre du citoyen est aussi un droit, monsieur le pr\u00e9sident de la r\u00e9publique. C\u2019est l\u2019esprit de l\u2019article 6 de la Constitution qui le stipule. Il n\u2019est pas vrai que cette constitution vous condamne \u00e0 l\u2019immobilisme. Le statu quo observ\u00e9 par l\u2019ancien pr\u00e9sident B\u00e9ji Caid Essebsi \u00e9tait synonyme d\u2019impuissance.<\/p>\n\n\n\n<p>* <em>Ancien journaliste bas\u00e9 en France.<\/em><\/p>\n\n\n\n<h4 class=\"wp-block-heading\"><em>Articles du m\u00eame auteur dans Kapitalis :<\/em><\/h4>\n\n\n\n<figure class=\"wp-block-embed is-type-wp-embed is-provider-kapitalis wp-block-embed-kapitalis\"><div class=\"wp-block-embed__wrapper\">\n<blockquote class=\"wp-embedded-content\" data-secret=\"x2voICzX54\"><a href=\"https:\/\/kapitalis.com\/tunisie\/2021\/02\/27\/monsieur-le-gouverneur-de-la-bct-devaluez-le-dinar-ou-ce-serait-la-berezina\/\">Monsieur le gouverneur de la BCT, d\u00e9valuez le dinar ou ce serait la Berezina !<\/a><\/blockquote><iframe loading=\"lazy\" class=\"wp-embedded-content\" sandbox=\"allow-scripts\" security=\"restricted\" style=\"position: absolute; clip: rect(1px, 1px, 1px, 1px);\" title=\"\u00ab\u00a0Monsieur le gouverneur de la BCT, d\u00e9valuez le dinar ou ce serait la Berezina !\u00a0\u00bb &#8212; Kapitalis\" src=\"https:\/\/kapitalis.com\/tunisie\/2021\/02\/27\/monsieur-le-gouverneur-de-la-bct-devaluez-le-dinar-ou-ce-serait-la-berezina\/embed\/#?secret=HhexoUmWlU#?secret=x2voICzX54\" data-secret=\"x2voICzX54\" width=\"600\" height=\"338\" frameborder=\"0\" marginwidth=\"0\" marginheight=\"0\" scrolling=\"no\"><\/iframe>\n<\/div><\/figure>\n\n\n\n<figure class=\"wp-block-embed is-type-wp-embed is-provider-kapitalis wp-block-embed-kapitalis\"><div class=\"wp-block-embed__wrapper\">\n<blockquote class=\"wp-embedded-content\" data-secret=\"kvI2anMwFX\"><a href=\"https:\/\/kapitalis.com\/tunisie\/2021\/02\/25\/kais-saied-ou-le-pouvoir-imprevu\/\">Kais Saied ou le pouvoir impr\u00e9vu<\/a><\/blockquote><iframe loading=\"lazy\" class=\"wp-embedded-content\" sandbox=\"allow-scripts\" security=\"restricted\" style=\"position: absolute; clip: rect(1px, 1px, 1px, 1px);\" title=\"\u00ab\u00a0Kais Saied ou le pouvoir impr\u00e9vu\u00a0\u00bb &#8212; Kapitalis\" src=\"https:\/\/kapitalis.com\/tunisie\/2021\/02\/25\/kais-saied-ou-le-pouvoir-imprevu\/embed\/#?secret=KZNSONcl8O#?secret=kvI2anMwFX\" data-secret=\"kvI2anMwFX\" width=\"600\" height=\"338\" frameborder=\"0\" marginwidth=\"0\" marginheight=\"0\" scrolling=\"no\"><\/iframe>\n<\/div><\/figure>\n\n\n\n<figure class=\"wp-block-embed is-type-wp-embed is-provider-kapitalis wp-block-embed-kapitalis\"><div class=\"wp-block-embed__wrapper\">\n<blockquote class=\"wp-embedded-content\" data-secret=\"9jl8LJhnYx\"><a href=\"https:\/\/kapitalis.com\/tunisie\/2021\/02\/10\/tunisie-politique-la-malediction-de-la-kasbah\/\">Tunisie &#8211; politique : la mal\u00e9diction de la Kasbah<\/a><\/blockquote><iframe loading=\"lazy\" class=\"wp-embedded-content\" sandbox=\"allow-scripts\" security=\"restricted\" style=\"position: absolute; clip: rect(1px, 1px, 1px, 1px);\" title=\"\u00ab\u00a0Tunisie &#8211; politique : la mal\u00e9diction de la Kasbah\u00a0\u00bb &#8212; Kapitalis\" src=\"https:\/\/kapitalis.com\/tunisie\/2021\/02\/10\/tunisie-politique-la-malediction-de-la-kasbah\/embed\/#?secret=OUWjRGAryM#?secret=9jl8LJhnYx\" data-secret=\"9jl8LJhnYx\" width=\"600\" height=\"338\" frameborder=\"0\" marginwidth=\"0\" marginheight=\"0\" scrolling=\"no\"><\/iframe>\n<\/div><\/figure>\n","protected":false},"excerpt":{"rendered":"<p>M. Kais Saied, vous \u00eates pr\u00e9sident de la r\u00e9publique et aussi un t\u00e9moin des sc\u00e8nes de violence hebdomadaires au sein de l\u2019Assembl\u00e9e des repr\u00e9sentants du peuple (ARP). Si vous \u00eates garant de la Constitution, vous \u00eates aussi garant de la s\u00e9r\u00e9nit\u00e9 et de la p\u00e9rennit\u00e9 des institutions. Alors qu\u2019est-ce que vous attendez pour dissoudre cette&#8230;<\/p>\n","protected":false},"author":8,"featured_media":0,"comment_status":"open","ping_status":"open","sticky":false,"template":"","format":"standard","meta":{"footnotes":""},"categories":[992,997,1000,2433],"tags":[87559,49543,76012,1117],"class_list":["post-342259","post","type-post","status-publish","format-standard","hentry","category-a-la-une","category-politique","category-tribune","category-tunisie","tag-beji-caid-essebsi-3","tag-ennahdha","tag-kais-saied-2","tag-tunisiens"],"yoast_head":"<!-- This site is optimized with the Yoast SEO plugin v26.6 - https:\/\/yoast.com\/wordpress\/plugins\/seo\/ -->\n<title>M. Kais Saied, la premi\u00e8re urgence, c\u2019est la dissolution de l\u2019Assembl\u00e9e - Kapitalis<\/title>\n<meta name=\"robots\" content=\"index, follow, max-snippet:-1, max-image-preview:large, max-video-preview:-1\" \/>\n<link rel=\"canonical\" href=\"https:\/\/kapitalis.com\/tunisie\/2021\/03\/22\/m-kais-saied-la-premiere-urgence-cest-la-dissolution-de-lassemblee\/\" \/>\n<meta property=\"og:locale\" content=\"fr_FR\" \/>\n<meta property=\"og:type\" content=\"article\" \/>\n<meta property=\"og:title\" content=\"M. Kais Saied, la premi\u00e8re urgence, c\u2019est la dissolution de l\u2019Assembl\u00e9e - Kapitalis\" \/>\n<meta property=\"og:description\" content=\"M. Kais Saied, vous \u00eates pr\u00e9sident de la r\u00e9publique et aussi un t\u00e9moin des sc\u00e8nes de violence hebdomadaires au sein de l\u2019Assembl\u00e9e des repr\u00e9sentants du peuple (ARP). Si vous \u00eates garant de la Constitution, vous \u00eates aussi garant de la s\u00e9r\u00e9nit\u00e9 et de la p\u00e9rennit\u00e9 des institutions. Alors qu\u2019est-ce que vous attendez pour dissoudre cette...\" \/>\n<meta property=\"og:url\" content=\"https:\/\/kapitalis.com\/tunisie\/2021\/03\/22\/m-kais-saied-la-premiere-urgence-cest-la-dissolution-de-lassemblee\/\" \/>\n<meta property=\"og:site_name\" content=\"Kapitalis\" \/>\n<meta property=\"article:publisher\" content=\"https:\/\/www.facebook.com\/KapitalisInfo\/\" \/>\n<meta property=\"article:published_time\" content=\"2021-03-22T10:01:20+00:00\" \/>\n<meta property=\"article:modified_time\" content=\"2021-03-22T10:03:26+00:00\" \/>\n<meta property=\"og:image\" content=\"http:\/\/kapitalis.com\/tunisie\/wp-content\/uploads\/2020\/07\/Kais-saied.jpg\" \/>\n<meta name=\"author\" content=\"webmaster kapitalis\" \/>\n<meta name=\"twitter:card\" content=\"summary_large_image\" \/>\n<meta name=\"twitter:creator\" content=\"@KapitalisInfo\" \/>\n<meta name=\"twitter:site\" content=\"@KapitalisInfo\" \/>\n<meta name=\"twitter:label1\" content=\"\u00c9crit par\" \/>\n\t<meta name=\"twitter:data1\" content=\"webmaster kapitalis\" \/>\n\t<meta name=\"twitter:label2\" content=\"Dur\u00e9e de lecture estim\u00e9e\" \/>\n\t<meta name=\"twitter:data2\" content=\"3 minutes\" \/>\n<script type=\"application\/ld+json\" class=\"yoast-schema-graph\">{\"@context\":\"https:\/\/schema.org\",\"@graph\":[{\"@type\":\"Article\",\"@id\":\"https:\/\/kapitalis.com\/tunisie\/2021\/03\/22\/m-kais-saied-la-premiere-urgence-cest-la-dissolution-de-lassemblee\/#article\",\"isPartOf\":{\"@id\":\"https:\/\/kapitalis.com\/tunisie\/2021\/03\/22\/m-kais-saied-la-premiere-urgence-cest-la-dissolution-de-lassemblee\/\"},\"author\":{\"name\":\"webmaster kapitalis\",\"@id\":\"https:\/\/kapitalis.com\/tunisie\/#\/schema\/person\/d71f33a9ca44f7bad4698210b480c8e9\"},\"headline\":\"M. Kais Saied, la premi\u00e8re urgence, c\u2019est la dissolution de l\u2019Assembl\u00e9e\",\"datePublished\":\"2021-03-22T10:01:20+00:00\",\"dateModified\":\"2021-03-22T10:03:26+00:00\",\"mainEntityOfPage\":{\"@id\":\"https:\/\/kapitalis.com\/tunisie\/2021\/03\/22\/m-kais-saied-la-premiere-urgence-cest-la-dissolution-de-lassemblee\/\"},\"wordCount\":711,\"commentCount\":4,\"publisher\":{\"@id\":\"https:\/\/kapitalis.com\/tunisie\/#organization\"},\"image\":{\"@id\":\"https:\/\/kapitalis.com\/tunisie\/2021\/03\/22\/m-kais-saied-la-premiere-urgence-cest-la-dissolution-de-lassemblee\/#primaryimage\"},\"thumbnailUrl\":\"http:\/\/kapitalis.com\/tunisie\/wp-content\/uploads\/2020\/07\/Kais-saied.jpg\",\"keywords\":[\"B\u00e9ji Caid Essebsi\",\"Ennahdha\",\"Ka\u00efs Sa\u00efed\",\"tunisiens\"],\"articleSection\":[\"A LA UNE\",\"POLITIQUE\",\"TRIBUNE\",\"Tunisie\"],\"inLanguage\":\"fr-FR\",\"potentialAction\":[{\"@type\":\"CommentAction\",\"name\":\"Comment\",\"target\":[\"https:\/\/kapitalis.com\/tunisie\/2021\/03\/22\/m-kais-saied-la-premiere-urgence-cest-la-dissolution-de-lassemblee\/#respond\"]}]},{\"@type\":\"WebPage\",\"@id\":\"https:\/\/kapitalis.com\/tunisie\/2021\/03\/22\/m-kais-saied-la-premiere-urgence-cest-la-dissolution-de-lassemblee\/\",\"url\":\"https:\/\/kapitalis.com\/tunisie\/2021\/03\/22\/m-kais-saied-la-premiere-urgence-cest-la-dissolution-de-lassemblee\/\",\"name\":\"M. Kais Saied, la premi\u00e8re urgence, c\u2019est la dissolution de l\u2019Assembl\u00e9e - Kapitalis\",\"isPartOf\":{\"@id\":\"https:\/\/kapitalis.com\/tunisie\/#website\"},\"primaryImageOfPage\":{\"@id\":\"https:\/\/kapitalis.com\/tunisie\/2021\/03\/22\/m-kais-saied-la-premiere-urgence-cest-la-dissolution-de-lassemblee\/#primaryimage\"},\"image\":{\"@id\":\"https:\/\/kapitalis.com\/tunisie\/2021\/03\/22\/m-kais-saied-la-premiere-urgence-cest-la-dissolution-de-lassemblee\/#primaryimage\"},\"thumbnailUrl\":\"http:\/\/kapitalis.com\/tunisie\/wp-content\/uploads\/2020\/07\/Kais-saied.jpg\",\"datePublished\":\"2021-03-22T10:01:20+00:00\",\"dateModified\":\"2021-03-22T10:03:26+00:00\",\"breadcrumb\":{\"@id\":\"https:\/\/kapitalis.com\/tunisie\/2021\/03\/22\/m-kais-saied-la-premiere-urgence-cest-la-dissolution-de-lassemblee\/#breadcrumb\"},\"inLanguage\":\"fr-FR\",\"potentialAction\":[{\"@type\":\"ReadAction\",\"target\":[\"https:\/\/kapitalis.com\/tunisie\/2021\/03\/22\/m-kais-saied-la-premiere-urgence-cest-la-dissolution-de-lassemblee\/\"]}]},{\"@type\":\"ImageObject\",\"inLanguage\":\"fr-FR\",\"@id\":\"https:\/\/kapitalis.com\/tunisie\/2021\/03\/22\/m-kais-saied-la-premiere-urgence-cest-la-dissolution-de-lassemblee\/#primaryimage\",\"url\":\"\",\"contentUrl\":\"\"},{\"@type\":\"BreadcrumbList\",\"@id\":\"https:\/\/kapitalis.com\/tunisie\/2021\/03\/22\/m-kais-saied-la-premiere-urgence-cest-la-dissolution-de-lassemblee\/#breadcrumb\",\"itemListElement\":[{\"@type\":\"ListItem\",\"position\":1,\"name\":\"Accueil\",\"item\":\"https:\/\/kapitalis.com\/tunisie\/\"},{\"@type\":\"ListItem\",\"position\":2,\"name\":\"M. Kais Saied, la premi\u00e8re urgence, c\u2019est la dissolution de l\u2019Assembl\u00e9e\"}]},{\"@type\":\"WebSite\",\"@id\":\"https:\/\/kapitalis.com\/tunisie\/#website\",\"url\":\"https:\/\/kapitalis.com\/tunisie\/\",\"name\":\"Kapitalis\",\"description\":\"L&#039;actualit\u00e9 en Tunisie et dans le monde\",\"publisher\":{\"@id\":\"https:\/\/kapitalis.com\/tunisie\/#organization\"},\"potentialAction\":[{\"@type\":\"SearchAction\",\"target\":{\"@type\":\"EntryPoint\",\"urlTemplate\":\"https:\/\/kapitalis.com\/tunisie\/?s={search_term_string}\"},\"query-input\":{\"@type\":\"PropertyValueSpecification\",\"valueRequired\":true,\"valueName\":\"search_term_string\"}}],\"inLanguage\":\"fr-FR\"},{\"@type\":\"Organization\",\"@id\":\"https:\/\/kapitalis.com\/tunisie\/#organization\",\"name\":\"Kapitalis\",\"url\":\"https:\/\/kapitalis.com\/tunisie\/\",\"logo\":{\"@type\":\"ImageObject\",\"inLanguage\":\"fr-FR\",\"@id\":\"https:\/\/kapitalis.com\/tunisie\/#\/schema\/logo\/image\/\",\"url\":\"https:\/\/kapitalis.com\/tunisie\/wp-content\/uploads\/2022\/05\/Kapitalis-big-size.png\",\"contentUrl\":\"https:\/\/kapitalis.com\/tunisie\/wp-content\/uploads\/2022\/05\/Kapitalis-big-size.png\",\"width\":5000,\"height\":1500,\"caption\":\"Kapitalis\"},\"image\":{\"@id\":\"https:\/\/kapitalis.com\/tunisie\/#\/schema\/logo\/image\/\"},\"sameAs\":[\"https:\/\/www.facebook.com\/KapitalisInfo\/\",\"https:\/\/x.com\/KapitalisInfo\",\"https:\/\/www.youtube.com\/channel\/UC-yDYrHyfFBWWZaOw3FPg9Q\"]},{\"@type\":\"Person\",\"@id\":\"https:\/\/kapitalis.com\/tunisie\/#\/schema\/person\/d71f33a9ca44f7bad4698210b480c8e9\",\"name\":\"webmaster kapitalis\",\"url\":\"https:\/\/kapitalis.com\/tunisie\/author\/webmaster-kapitalis\/\"}]}<\/script>\n<!-- \/ Yoast SEO plugin. -->","yoast_head_json":{"title":"M. Kais Saied, la premi\u00e8re urgence, c\u2019est la dissolution de l\u2019Assembl\u00e9e - Kapitalis","robots":{"index":"index","follow":"follow","max-snippet":"max-snippet:-1","max-image-preview":"max-image-preview:large","max-video-preview":"max-video-preview:-1"},"canonical":"https:\/\/kapitalis.com\/tunisie\/2021\/03\/22\/m-kais-saied-la-premiere-urgence-cest-la-dissolution-de-lassemblee\/","og_locale":"fr_FR","og_type":"article","og_title":"M. Kais Saied, la premi\u00e8re urgence, c\u2019est la dissolution de l\u2019Assembl\u00e9e - Kapitalis","og_description":"M. Kais Saied, vous \u00eates pr\u00e9sident de la r\u00e9publique et aussi un t\u00e9moin des sc\u00e8nes de violence hebdomadaires au sein de l\u2019Assembl\u00e9e des repr\u00e9sentants du peuple (ARP). Si vous \u00eates garant de la Constitution, vous \u00eates aussi garant de la s\u00e9r\u00e9nit\u00e9 et de la p\u00e9rennit\u00e9 des institutions. Alors qu\u2019est-ce que vous attendez pour dissoudre cette...","og_url":"https:\/\/kapitalis.com\/tunisie\/2021\/03\/22\/m-kais-saied-la-premiere-urgence-cest-la-dissolution-de-lassemblee\/","og_site_name":"Kapitalis","article_publisher":"https:\/\/www.facebook.com\/KapitalisInfo\/","article_published_time":"2021-03-22T10:01:20+00:00","article_modified_time":"2021-03-22T10:03:26+00:00","og_image":[{"url":"http:\/\/kapitalis.com\/tunisie\/wp-content\/uploads\/2020\/07\/Kais-saied.jpg","type":"","width":"","height":""}],"author":"webmaster kapitalis","twitter_card":"summary_large_image","twitter_creator":"@KapitalisInfo","twitter_site":"@KapitalisInfo","twitter_misc":{"\u00c9crit par":"webmaster kapitalis","Dur\u00e9e de lecture estim\u00e9e":"3 minutes"},"schema":{"@context":"https:\/\/schema.org","@graph":[{"@type":"Article","@id":"https:\/\/kapitalis.com\/tunisie\/2021\/03\/22\/m-kais-saied-la-premiere-urgence-cest-la-dissolution-de-lassemblee\/#article","isPartOf":{"@id":"https:\/\/kapitalis.com\/tunisie\/2021\/03\/22\/m-kais-saied-la-premiere-urgence-cest-la-dissolution-de-lassemblee\/"},"author":{"name":"webmaster kapitalis","@id":"https:\/\/kapitalis.com\/tunisie\/#\/schema\/person\/d71f33a9ca44f7bad4698210b480c8e9"},"headline":"M. Kais Saied, la premi\u00e8re urgence, c\u2019est la dissolution de l\u2019Assembl\u00e9e","datePublished":"2021-03-22T10:01:20+00:00","dateModified":"2021-03-22T10:03:26+00:00","mainEntityOfPage":{"@id":"https:\/\/kapitalis.com\/tunisie\/2021\/03\/22\/m-kais-saied-la-premiere-urgence-cest-la-dissolution-de-lassemblee\/"},"wordCount":711,"commentCount":4,"publisher":{"@id":"https:\/\/kapitalis.com\/tunisie\/#organization"},"image":{"@id":"https:\/\/kapitalis.com\/tunisie\/2021\/03\/22\/m-kais-saied-la-premiere-urgence-cest-la-dissolution-de-lassemblee\/#primaryimage"},"thumbnailUrl":"http:\/\/kapitalis.com\/tunisie\/wp-content\/uploads\/2020\/07\/Kais-saied.jpg","keywords":["B\u00e9ji Caid Essebsi","Ennahdha","Ka\u00efs Sa\u00efed","tunisiens"],"articleSection":["A LA UNE","POLITIQUE","TRIBUNE","Tunisie"],"inLanguage":"fr-FR","potentialAction":[{"@type":"CommentAction","name":"Comment","target":["https:\/\/kapitalis.com\/tunisie\/2021\/03\/22\/m-kais-saied-la-premiere-urgence-cest-la-dissolution-de-lassemblee\/#respond"]}]},{"@type":"WebPage","@id":"https:\/\/kapitalis.com\/tunisie\/2021\/03\/22\/m-kais-saied-la-premiere-urgence-cest-la-dissolution-de-lassemblee\/","url":"https:\/\/kapitalis.com\/tunisie\/2021\/03\/22\/m-kais-saied-la-premiere-urgence-cest-la-dissolution-de-lassemblee\/","name":"M. Kais Saied, la premi\u00e8re urgence, c\u2019est la dissolution de l\u2019Assembl\u00e9e - Kapitalis","isPartOf":{"@id":"https:\/\/kapitalis.com\/tunisie\/#website"},"primaryImageOfPage":{"@id":"https:\/\/kapitalis.com\/tunisie\/2021\/03\/22\/m-kais-saied-la-premiere-urgence-cest-la-dissolution-de-lassemblee\/#primaryimage"},"image":{"@id":"https:\/\/kapitalis.com\/tunisie\/2021\/03\/22\/m-kais-saied-la-premiere-urgence-cest-la-dissolution-de-lassemblee\/#primaryimage"},"thumbnailUrl":"http:\/\/kapitalis.com\/tunisie\/wp-content\/uploads\/2020\/07\/Kais-saied.jpg","datePublished":"2021-03-22T10:01:20+00:00","dateModified":"2021-03-22T10:03:26+00:00","breadcrumb":{"@id":"https:\/\/kapitalis.com\/tunisie\/2021\/03\/22\/m-kais-saied-la-premiere-urgence-cest-la-dissolution-de-lassemblee\/#breadcrumb"},"inLanguage":"fr-FR","potentialAction":[{"@type":"ReadAction","target":["https:\/\/kapitalis.com\/tunisie\/2021\/03\/22\/m-kais-saied-la-premiere-urgence-cest-la-dissolution-de-lassemblee\/"]}]},{"@type":"ImageObject","inLanguage":"fr-FR","@id":"https:\/\/kapitalis.com\/tunisie\/2021\/03\/22\/m-kais-saied-la-premiere-urgence-cest-la-dissolution-de-lassemblee\/#primaryimage","url":"","contentUrl":""},{"@type":"BreadcrumbList","@id":"https:\/\/kapitalis.com\/tunisie\/2021\/03\/22\/m-kais-saied-la-premiere-urgence-cest-la-dissolution-de-lassemblee\/#breadcrumb","itemListElement":[{"@type":"ListItem","position":1,"name":"Accueil","item":"https:\/\/kapitalis.com\/tunisie\/"},{"@type":"ListItem","position":2,"name":"M. Kais Saied, la premi\u00e8re urgence, c\u2019est la dissolution de l\u2019Assembl\u00e9e"}]},{"@type":"WebSite","@id":"https:\/\/kapitalis.com\/tunisie\/#website","url":"https:\/\/kapitalis.com\/tunisie\/","name":"Kapitalis","description":"L&#039;actualit\u00e9 en Tunisie et dans le monde","publisher":{"@id":"https:\/\/kapitalis.com\/tunisie\/#organization"},"potentialAction":[{"@type":"SearchAction","target":{"@type":"EntryPoint","urlTemplate":"https:\/\/kapitalis.com\/tunisie\/?s={search_term_string}"},"query-input":{"@type":"PropertyValueSpecification","valueRequired":true,"valueName":"search_term_string"}}],"inLanguage":"fr-FR"},{"@type":"Organization","@id":"https:\/\/kapitalis.com\/tunisie\/#organization","name":"Kapitalis","url":"https:\/\/kapitalis.com\/tunisie\/","logo":{"@type":"ImageObject","inLanguage":"fr-FR","@id":"https:\/\/kapitalis.com\/tunisie\/#\/schema\/logo\/image\/","url":"https:\/\/kapitalis.com\/tunisie\/wp-content\/uploads\/2022\/05\/Kapitalis-big-size.png","contentUrl":"https:\/\/kapitalis.com\/tunisie\/wp-content\/uploads\/2022\/05\/Kapitalis-big-size.png","width":5000,"height":1500,"caption":"Kapitalis"},"image":{"@id":"https:\/\/kapitalis.com\/tunisie\/#\/schema\/logo\/image\/"},"sameAs":["https:\/\/www.facebook.com\/KapitalisInfo\/","https:\/\/x.com\/KapitalisInfo","https:\/\/www.youtube.com\/channel\/UC-yDYrHyfFBWWZaOw3FPg9Q"]},{"@type":"Person","@id":"https:\/\/kapitalis.com\/tunisie\/#\/schema\/person\/d71f33a9ca44f7bad4698210b480c8e9","name":"webmaster kapitalis","url":"https:\/\/kapitalis.com\/tunisie\/author\/webmaster-kapitalis\/"}]}},"_links":{"self":[{"href":"https:\/\/kapitalis.com\/tunisie\/wp-json\/wp\/v2\/posts\/342259","targetHints":{"allow":["GET"]}}],"collection":[{"href":"https:\/\/kapitalis.com\/tunisie\/wp-json\/wp\/v2\/posts"}],"about":[{"href":"https:\/\/kapitalis.com\/tunisie\/wp-json\/wp\/v2\/types\/post"}],"author":[{"embeddable":true,"href":"https:\/\/kapitalis.com\/tunisie\/wp-json\/wp\/v2\/users\/8"}],"replies":[{"embeddable":true,"href":"https:\/\/kapitalis.com\/tunisie\/wp-json\/wp\/v2\/comments?post=342259"}],"version-history":[{"count":0,"href":"https:\/\/kapitalis.com\/tunisie\/wp-json\/wp\/v2\/posts\/342259\/revisions"}],"wp:attachment":[{"href":"https:\/\/kapitalis.com\/tunisie\/wp-json\/wp\/v2\/media?parent=342259"}],"wp:term":[{"taxonomy":"category","embeddable":true,"href":"https:\/\/kapitalis.com\/tunisie\/wp-json\/wp\/v2\/categories?post=342259"},{"taxonomy":"post_tag","embeddable":true,"href":"https:\/\/kapitalis.com\/tunisie\/wp-json\/wp\/v2\/tags?post=342259"}],"curies":[{"name":"wp","href":"https:\/\/api.w.org\/{rel}","templated":true}]}}