{"id":343168,"date":"2021-03-28T22:54:14","date_gmt":"2021-03-28T21:54:14","guid":{"rendered":"http:\/\/kapitalis.com\/tunisie\/?p=343168"},"modified":"2021-03-29T01:54:35","modified_gmt":"2021-03-29T00:54:35","slug":"ghazi-chaouachi-se-ravise-et-reprend-le-secretariat-general-du-courant-democrate","status":"publish","type":"post","link":"https:\/\/kapitalis.com\/tunisie\/2021\/03\/28\/ghazi-chaouachi-se-ravise-et-reprend-le-secretariat-general-du-courant-democrate\/","title":{"rendered":"Ghazi Chaouachi se ravise et reprend le secr\u00e9tariat g\u00e9n\u00e9ral du Courant D\u00e9mocrate"},"content":{"rendered":"\n<figure class=\"wp-block-image size-large\"><img decoding=\"async\" src=\"http:\/\/kapitalis.com\/tunisie\/wp-content\/uploads\/2019\/11\/Ghazi-Chaouachi.jpg\" alt=\"\" class=\"wp-image-256162\"\/><\/figure>\n\n\n\n<p><strong><em>Seize jours apr\u00e8s avoir annonc\u00e9 sa d\u00e9mission du Courant D\u00e9mocrate (Attayar), Ghazi Chaouachi a fini par revenir sur sa d\u00e9cision, pour reprendre le secr\u00e9tariat g\u00e9n\u00e9ral de ce parti.<\/em><\/strong><\/p>\n\n\n\n<!--more-->\n\n\n\n<p>C&rsquo;est ce qu&rsquo;a confirm\u00e9 le d\u00e9put\u00e9 Attayar Zied Ghanney, ce soir, dimanche 28 mardi 2021, dans une d\u00e9claration \u00e0 Kapitalis, sachant que Ghazi Chaouachi, a pris part aujourd&rsquo;hui, \u00e0 la r\u00e9union du bureau politique du parti.<\/p>\n\n\n\n<p>Rappelons que le 12 mars dernier, M. Chaouachi, ancien d\u00e9put\u00e9 et ancien ministre avait annonc\u00e9 sa d\u00e9mission d&rsquo;Attayar, dans un bref post publi\u00e9 sur son compte Facebook.<\/p>\n\n\n\n<p>On notera aussi que le parti avait publi\u00e9 hier, un communiqu\u00e9 pour d\u00e9noncer la campagne de d\u00e9nigrement men\u00e9e par des islamistes contre Ghazi Chaouchi. Dans ledit communiqu\u00e9 Attayar avait pr\u00e9sent\u00e9 M. Chaouachi comme son SG, sachant qu&rsquo;il avait lui aussi affirm\u00e9 quelques jours auparavant que son retour n&rsquo;\u00e9tait pas exclus.<\/p>\n\n\n\n<p class=\"has-text-align-right\"><strong>Y. N.<\/strong><\/p>\n","protected":false},"excerpt":{"rendered":"<p>Seize jours apr\u00e8s avoir annonc\u00e9 sa d\u00e9mission du Courant D\u00e9mocrate (Attayar), Ghazi Chaouachi a fini par revenir sur sa d\u00e9cision, pour reprendre le secr\u00e9tariat g\u00e9n\u00e9ral de ce parti.<\/p>\n","protected":false},"author":6,"featured_media":0,"comment_status":"open","ping_status":"open","sticky":false,"template":"","format":"standard","meta":{"footnotes":""},"categories":[997,2433],"tags":[15519,67134,15936],"class_list":["post-343168","post","type-post","status-publish","format-standard","hentry","category-politique","category-tunisie","tag-attayar","tag-courant-democrate","tag-ghazi-chaouachi"],"yoast_head":"<!-- This site is optimized with the Yoast SEO plugin v26.6 - https:\/\/yoast.com\/wordpress\/plugins\/seo\/ -->\n<title>Ghazi Chaouachi se ravise et reprend le secr\u00e9tariat g\u00e9n\u00e9ral du Courant D\u00e9mocrate - Kapitalis<\/title>\n<meta name=\"robots\" content=\"index, follow, max-snippet:-1, max-image-preview:large, max-video-preview:-1\" \/>\n<link rel=\"canonical\" href=\"https:\/\/kapitalis.com\/tunisie\/2021\/03\/28\/ghazi-chaouachi-se-ravise-et-reprend-le-secretariat-general-du-courant-democrate\/\" \/>\n<meta property=\"og:locale\" content=\"fr_FR\" \/>\n<meta property=\"og:type\" content=\"article\" \/>\n<meta property=\"og:title\" content=\"Ghazi Chaouachi se ravise et reprend le secr\u00e9tariat g\u00e9n\u00e9ral du Courant D\u00e9mocrate - Kapitalis\" \/>\n<meta property=\"og:description\" content=\"Seize jours apr\u00e8s avoir annonc\u00e9 sa d\u00e9mission du Courant D\u00e9mocrate (Attayar), Ghazi Chaouachi a fini par revenir sur sa d\u00e9cision, pour reprendre le secr\u00e9tariat g\u00e9n\u00e9ral de ce parti.\" \/>\n<meta property=\"og:url\" content=\"https:\/\/kapitalis.com\/tunisie\/2021\/03\/28\/ghazi-chaouachi-se-ravise-et-reprend-le-secretariat-general-du-courant-democrate\/\" \/>\n<meta property=\"og:site_name\" content=\"Kapitalis\" \/>\n<meta property=\"article:publisher\" content=\"https:\/\/www.facebook.com\/KapitalisInfo\/\" \/>\n<meta property=\"article:published_time\" content=\"2021-03-28T21:54:14+00:00\" \/>\n<meta property=\"article:modified_time\" content=\"2021-03-29T00:54:35+00:00\" \/>\n<meta property=\"og:image\" content=\"http:\/\/kapitalis.com\/tunisie\/wp-content\/uploads\/2019\/11\/Ghazi-Chaouachi.jpg\" \/>\n<meta name=\"author\" content=\"Yusra NY\" \/>\n<meta name=\"twitter:card\" content=\"summary_large_image\" \/>\n<meta name=\"twitter:creator\" content=\"@KapitalisInfo\" \/>\n<meta name=\"twitter:site\" content=\"@KapitalisInfo\" \/>\n<meta name=\"twitter:label1\" content=\"\u00c9crit par\" \/>\n\t<meta name=\"twitter:data1\" content=\"Yusra NY\" \/>\n\t<meta name=\"twitter:label2\" content=\"Dur\u00e9e de lecture estim\u00e9e\" \/>\n\t<meta name=\"twitter:data2\" content=\"1 minute\" \/>\n<script type=\"application\/ld+json\" class=\"yoast-schema-graph\">{\"@context\":\"https:\/\/schema.org\",\"@graph\":[{\"@type\":\"Article\",\"@id\":\"https:\/\/kapitalis.com\/tunisie\/2021\/03\/28\/ghazi-chaouachi-se-ravise-et-reprend-le-secretariat-general-du-courant-democrate\/#article\",\"isPartOf\":{\"@id\":\"https:\/\/kapitalis.com\/tunisie\/2021\/03\/28\/ghazi-chaouachi-se-ravise-et-reprend-le-secretariat-general-du-courant-democrate\/\"},\"author\":{\"name\":\"Yusra NY\",\"@id\":\"https:\/\/kapitalis.com\/tunisie\/#\/schema\/person\/74bbde0154d49d790a92aaeac5bc01d5\"},\"headline\":\"Ghazi Chaouachi se ravise et reprend le secr\u00e9tariat g\u00e9n\u00e9ral du Courant D\u00e9mocrate\",\"datePublished\":\"2021-03-28T21:54:14+00:00\",\"dateModified\":\"2021-03-29T00:54:35+00:00\",\"mainEntityOfPage\":{\"@id\":\"https:\/\/kapitalis.com\/tunisie\/2021\/03\/28\/ghazi-chaouachi-se-ravise-et-reprend-le-secretariat-general-du-courant-democrate\/\"},\"wordCount\":171,\"commentCount\":2,\"publisher\":{\"@id\":\"https:\/\/kapitalis.com\/tunisie\/#organization\"},\"image\":{\"@id\":\"https:\/\/kapitalis.com\/tunisie\/2021\/03\/28\/ghazi-chaouachi-se-ravise-et-reprend-le-secretariat-general-du-courant-democrate\/#primaryimage\"},\"thumbnailUrl\":\"http:\/\/kapitalis.com\/tunisie\/wp-content\/uploads\/2019\/11\/Ghazi-Chaouachi.jpg\",\"keywords\":[\"Attayar\",\"Courant d\u00e9mocrate\",\"Ghazi Chaouachi\"],\"articleSection\":[\"POLITIQUE\",\"Tunisie\"],\"inLanguage\":\"fr-FR\",\"potentialAction\":[{\"@type\":\"CommentAction\",\"name\":\"Comment\",\"target\":[\"https:\/\/kapitalis.com\/tunisie\/2021\/03\/28\/ghazi-chaouachi-se-ravise-et-reprend-le-secretariat-general-du-courant-democrate\/#respond\"]}]},{\"@type\":\"WebPage\",\"@id\":\"https:\/\/kapitalis.com\/tunisie\/2021\/03\/28\/ghazi-chaouachi-se-ravise-et-reprend-le-secretariat-general-du-courant-democrate\/\",\"url\":\"https:\/\/kapitalis.com\/tunisie\/2021\/03\/28\/ghazi-chaouachi-se-ravise-et-reprend-le-secretariat-general-du-courant-democrate\/\",\"name\":\"Ghazi Chaouachi se ravise et reprend le secr\u00e9tariat g\u00e9n\u00e9ral du Courant D\u00e9mocrate - Kapitalis\",\"isPartOf\":{\"@id\":\"https:\/\/kapitalis.com\/tunisie\/#website\"},\"primaryImageOfPage\":{\"@id\":\"https:\/\/kapitalis.com\/tunisie\/2021\/03\/28\/ghazi-chaouachi-se-ravise-et-reprend-le-secretariat-general-du-courant-democrate\/#primaryimage\"},\"image\":{\"@id\":\"https:\/\/kapitalis.com\/tunisie\/2021\/03\/28\/ghazi-chaouachi-se-ravise-et-reprend-le-secretariat-general-du-courant-democrate\/#primaryimage\"},\"thumbnailUrl\":\"http:\/\/kapitalis.com\/tunisie\/wp-content\/uploads\/2019\/11\/Ghazi-Chaouachi.jpg\",\"datePublished\":\"2021-03-28T21:54:14+00:00\",\"dateModified\":\"2021-03-29T00:54:35+00:00\",\"breadcrumb\":{\"@id\":\"https:\/\/kapitalis.com\/tunisie\/2021\/03\/28\/ghazi-chaouachi-se-ravise-et-reprend-le-secretariat-general-du-courant-democrate\/#breadcrumb\"},\"inLanguage\":\"fr-FR\",\"potentialAction\":[{\"@type\":\"ReadAction\",\"target\":[\"https:\/\/kapitalis.com\/tunisie\/2021\/03\/28\/ghazi-chaouachi-se-ravise-et-reprend-le-secretariat-general-du-courant-democrate\/\"]}]},{\"@type\":\"ImageObject\",\"inLanguage\":\"fr-FR\",\"@id\":\"https:\/\/kapitalis.com\/tunisie\/2021\/03\/28\/ghazi-chaouachi-se-ravise-et-reprend-le-secretariat-general-du-courant-democrate\/#primaryimage\",\"url\":\"\",\"contentUrl\":\"\"},{\"@type\":\"BreadcrumbList\",\"@id\":\"https:\/\/kapitalis.com\/tunisie\/2021\/03\/28\/ghazi-chaouachi-se-ravise-et-reprend-le-secretariat-general-du-courant-democrate\/#breadcrumb\",\"itemListElement\":[{\"@type\":\"ListItem\",\"position\":1,\"name\":\"Accueil\",\"item\":\"https:\/\/kapitalis.com\/tunisie\/\"},{\"@type\":\"ListItem\",\"position\":2,\"name\":\"Ghazi Chaouachi se ravise et reprend le secr\u00e9tariat g\u00e9n\u00e9ral du Courant D\u00e9mocrate\"}]},{\"@type\":\"WebSite\",\"@id\":\"https:\/\/kapitalis.com\/tunisie\/#website\",\"url\":\"https:\/\/kapitalis.com\/tunisie\/\",\"name\":\"Kapitalis\",\"description\":\"L&#039;actualit\u00e9 en Tunisie et dans le monde\",\"publisher\":{\"@id\":\"https:\/\/kapitalis.com\/tunisie\/#organization\"},\"potentialAction\":[{\"@type\":\"SearchAction\",\"target\":{\"@type\":\"EntryPoint\",\"urlTemplate\":\"https:\/\/kapitalis.com\/tunisie\/?s={search_term_string}\"},\"query-input\":{\"@type\":\"PropertyValueSpecification\",\"valueRequired\":true,\"valueName\":\"search_term_string\"}}],\"inLanguage\":\"fr-FR\"},{\"@type\":\"Organization\",\"@id\":\"https:\/\/kapitalis.com\/tunisie\/#organization\",\"name\":\"Kapitalis\",\"url\":\"https:\/\/kapitalis.com\/tunisie\/\",\"logo\":{\"@type\":\"ImageObject\",\"inLanguage\":\"fr-FR\",\"@id\":\"https:\/\/kapitalis.com\/tunisie\/#\/schema\/logo\/image\/\",\"url\":\"https:\/\/kapitalis.com\/tunisie\/wp-content\/uploads\/2022\/05\/Kapitalis-big-size.png\",\"contentUrl\":\"https:\/\/kapitalis.com\/tunisie\/wp-content\/uploads\/2022\/05\/Kapitalis-big-size.png\",\"width\":5000,\"height\":1500,\"caption\":\"Kapitalis\"},\"image\":{\"@id\":\"https:\/\/kapitalis.com\/tunisie\/#\/schema\/logo\/image\/\"},\"sameAs\":[\"https:\/\/www.facebook.com\/KapitalisInfo\/\",\"https:\/\/x.com\/KapitalisInfo\",\"https:\/\/www.youtube.com\/channel\/UC-yDYrHyfFBWWZaOw3FPg9Q\"]},{\"@type\":\"Person\",\"@id\":\"https:\/\/kapitalis.com\/tunisie\/#\/schema\/person\/74bbde0154d49d790a92aaeac5bc01d5\",\"name\":\"Yusra NY\",\"url\":\"https:\/\/kapitalis.com\/tunisie\/author\/yuza_adam\/\"}]}<\/script>\n<!-- \/ Yoast SEO plugin. -->","yoast_head_json":{"title":"Ghazi Chaouachi se ravise et reprend le secr\u00e9tariat g\u00e9n\u00e9ral du Courant D\u00e9mocrate - Kapitalis","robots":{"index":"index","follow":"follow","max-snippet":"max-snippet:-1","max-image-preview":"max-image-preview:large","max-video-preview":"max-video-preview:-1"},"canonical":"https:\/\/kapitalis.com\/tunisie\/2021\/03\/28\/ghazi-chaouachi-se-ravise-et-reprend-le-secretariat-general-du-courant-democrate\/","og_locale":"fr_FR","og_type":"article","og_title":"Ghazi Chaouachi se ravise et reprend le secr\u00e9tariat g\u00e9n\u00e9ral du Courant D\u00e9mocrate - Kapitalis","og_description":"Seize jours apr\u00e8s avoir annonc\u00e9 sa d\u00e9mission du Courant D\u00e9mocrate (Attayar), Ghazi Chaouachi a fini par revenir sur sa d\u00e9cision, pour reprendre le secr\u00e9tariat g\u00e9n\u00e9ral de ce parti.","og_url":"https:\/\/kapitalis.com\/tunisie\/2021\/03\/28\/ghazi-chaouachi-se-ravise-et-reprend-le-secretariat-general-du-courant-democrate\/","og_site_name":"Kapitalis","article_publisher":"https:\/\/www.facebook.com\/KapitalisInfo\/","article_published_time":"2021-03-28T21:54:14+00:00","article_modified_time":"2021-03-29T00:54:35+00:00","og_image":[{"url":"http:\/\/kapitalis.com\/tunisie\/wp-content\/uploads\/2019\/11\/Ghazi-Chaouachi.jpg","type":"","width":"","height":""}],"author":"Yusra NY","twitter_card":"summary_large_image","twitter_creator":"@KapitalisInfo","twitter_site":"@KapitalisInfo","twitter_misc":{"\u00c9crit par":"Yusra NY","Dur\u00e9e de lecture estim\u00e9e":"1 minute"},"schema":{"@context":"https:\/\/schema.org","@graph":[{"@type":"Article","@id":"https:\/\/kapitalis.com\/tunisie\/2021\/03\/28\/ghazi-chaouachi-se-ravise-et-reprend-le-secretariat-general-du-courant-democrate\/#article","isPartOf":{"@id":"https:\/\/kapitalis.com\/tunisie\/2021\/03\/28\/ghazi-chaouachi-se-ravise-et-reprend-le-secretariat-general-du-courant-democrate\/"},"author":{"name":"Yusra NY","@id":"https:\/\/kapitalis.com\/tunisie\/#\/schema\/person\/74bbde0154d49d790a92aaeac5bc01d5"},"headline":"Ghazi Chaouachi se ravise et reprend le secr\u00e9tariat g\u00e9n\u00e9ral du Courant D\u00e9mocrate","datePublished":"2021-03-28T21:54:14+00:00","dateModified":"2021-03-29T00:54:35+00:00","mainEntityOfPage":{"@id":"https:\/\/kapitalis.com\/tunisie\/2021\/03\/28\/ghazi-chaouachi-se-ravise-et-reprend-le-secretariat-general-du-courant-democrate\/"},"wordCount":171,"commentCount":2,"publisher":{"@id":"https:\/\/kapitalis.com\/tunisie\/#organization"},"image":{"@id":"https:\/\/kapitalis.com\/tunisie\/2021\/03\/28\/ghazi-chaouachi-se-ravise-et-reprend-le-secretariat-general-du-courant-democrate\/#primaryimage"},"thumbnailUrl":"http:\/\/kapitalis.com\/tunisie\/wp-content\/uploads\/2019\/11\/Ghazi-Chaouachi.jpg","keywords":["Attayar","Courant d\u00e9mocrate","Ghazi Chaouachi"],"articleSection":["POLITIQUE","Tunisie"],"inLanguage":"fr-FR","potentialAction":[{"@type":"CommentAction","name":"Comment","target":["https:\/\/kapitalis.com\/tunisie\/2021\/03\/28\/ghazi-chaouachi-se-ravise-et-reprend-le-secretariat-general-du-courant-democrate\/#respond"]}]},{"@type":"WebPage","@id":"https:\/\/kapitalis.com\/tunisie\/2021\/03\/28\/ghazi-chaouachi-se-ravise-et-reprend-le-secretariat-general-du-courant-democrate\/","url":"https:\/\/kapitalis.com\/tunisie\/2021\/03\/28\/ghazi-chaouachi-se-ravise-et-reprend-le-secretariat-general-du-courant-democrate\/","name":"Ghazi Chaouachi se ravise et reprend le secr\u00e9tariat g\u00e9n\u00e9ral du Courant D\u00e9mocrate - Kapitalis","isPartOf":{"@id":"https:\/\/kapitalis.com\/tunisie\/#website"},"primaryImageOfPage":{"@id":"https:\/\/kapitalis.com\/tunisie\/2021\/03\/28\/ghazi-chaouachi-se-ravise-et-reprend-le-secretariat-general-du-courant-democrate\/#primaryimage"},"image":{"@id":"https:\/\/kapitalis.com\/tunisie\/2021\/03\/28\/ghazi-chaouachi-se-ravise-et-reprend-le-secretariat-general-du-courant-democrate\/#primaryimage"},"thumbnailUrl":"http:\/\/kapitalis.com\/tunisie\/wp-content\/uploads\/2019\/11\/Ghazi-Chaouachi.jpg","datePublished":"2021-03-28T21:54:14+00:00","dateModified":"2021-03-29T00:54:35+00:00","breadcrumb":{"@id":"https:\/\/kapitalis.com\/tunisie\/2021\/03\/28\/ghazi-chaouachi-se-ravise-et-reprend-le-secretariat-general-du-courant-democrate\/#breadcrumb"},"inLanguage":"fr-FR","potentialAction":[{"@type":"ReadAction","target":["https:\/\/kapitalis.com\/tunisie\/2021\/03\/28\/ghazi-chaouachi-se-ravise-et-reprend-le-secretariat-general-du-courant-democrate\/"]}]},{"@type":"ImageObject","inLanguage":"fr-FR","@id":"https:\/\/kapitalis.com\/tunisie\/2021\/03\/28\/ghazi-chaouachi-se-ravise-et-reprend-le-secretariat-general-du-courant-democrate\/#primaryimage","url":"","contentUrl":""},{"@type":"BreadcrumbList","@id":"https:\/\/kapitalis.com\/tunisie\/2021\/03\/28\/ghazi-chaouachi-se-ravise-et-reprend-le-secretariat-general-du-courant-democrate\/#breadcrumb","itemListElement":[{"@type":"ListItem","position":1,"name":"Accueil","item":"https:\/\/kapitalis.com\/tunisie\/"},{"@type":"ListItem","position":2,"name":"Ghazi Chaouachi se ravise et reprend le secr\u00e9tariat g\u00e9n\u00e9ral du Courant D\u00e9mocrate"}]},{"@type":"WebSite","@id":"https:\/\/kapitalis.com\/tunisie\/#website","url":"https:\/\/kapitalis.com\/tunisie\/","name":"Kapitalis","description":"L&#039;actualit\u00e9 en Tunisie et dans le monde","publisher":{"@id":"https:\/\/kapitalis.com\/tunisie\/#organization"},"potentialAction":[{"@type":"SearchAction","target":{"@type":"EntryPoint","urlTemplate":"https:\/\/kapitalis.com\/tunisie\/?s={search_term_string}"},"query-input":{"@type":"PropertyValueSpecification","valueRequired":true,"valueName":"search_term_string"}}],"inLanguage":"fr-FR"},{"@type":"Organization","@id":"https:\/\/kapitalis.com\/tunisie\/#organization","name":"Kapitalis","url":"https:\/\/kapitalis.com\/tunisie\/","logo":{"@type":"ImageObject","inLanguage":"fr-FR","@id":"https:\/\/kapitalis.com\/tunisie\/#\/schema\/logo\/image\/","url":"https:\/\/kapitalis.com\/tunisie\/wp-content\/uploads\/2022\/05\/Kapitalis-big-size.png","contentUrl":"https:\/\/kapitalis.com\/tunisie\/wp-content\/uploads\/2022\/05\/Kapitalis-big-size.png","width":5000,"height":1500,"caption":"Kapitalis"},"image":{"@id":"https:\/\/kapitalis.com\/tunisie\/#\/schema\/logo\/image\/"},"sameAs":["https:\/\/www.facebook.com\/KapitalisInfo\/","https:\/\/x.com\/KapitalisInfo","https:\/\/www.youtube.com\/channel\/UC-yDYrHyfFBWWZaOw3FPg9Q"]},{"@type":"Person","@id":"https:\/\/kapitalis.com\/tunisie\/#\/schema\/person\/74bbde0154d49d790a92aaeac5bc01d5","name":"Yusra NY","url":"https:\/\/kapitalis.com\/tunisie\/author\/yuza_adam\/"}]}},"_links":{"self":[{"href":"https:\/\/kapitalis.com\/tunisie\/wp-json\/wp\/v2\/posts\/343168","targetHints":{"allow":["GET"]}}],"collection":[{"href":"https:\/\/kapitalis.com\/tunisie\/wp-json\/wp\/v2\/posts"}],"about":[{"href":"https:\/\/kapitalis.com\/tunisie\/wp-json\/wp\/v2\/types\/post"}],"author":[{"embeddable":true,"href":"https:\/\/kapitalis.com\/tunisie\/wp-json\/wp\/v2\/users\/6"}],"replies":[{"embeddable":true,"href":"https:\/\/kapitalis.com\/tunisie\/wp-json\/wp\/v2\/comments?post=343168"}],"version-history":[{"count":0,"href":"https:\/\/kapitalis.com\/tunisie\/wp-json\/wp\/v2\/posts\/343168\/revisions"}],"wp:attachment":[{"href":"https:\/\/kapitalis.com\/tunisie\/wp-json\/wp\/v2\/media?parent=343168"}],"wp:term":[{"taxonomy":"category","embeddable":true,"href":"https:\/\/kapitalis.com\/tunisie\/wp-json\/wp\/v2\/categories?post=343168"},{"taxonomy":"post_tag","embeddable":true,"href":"https:\/\/kapitalis.com\/tunisie\/wp-json\/wp\/v2\/tags?post=343168"}],"curies":[{"name":"wp","href":"https:\/\/api.w.org\/{rel}","templated":true}]}}