{"id":343478,"date":"2021-03-31T09:34:38","date_gmt":"2021-03-31T08:34:38","guid":{"rendered":"http:\/\/kapitalis.com\/tunisie\/?p=343478"},"modified":"2021-03-31T09:34:40","modified_gmt":"2021-03-31T08:34:40","slug":"le-cmf-sanctionne-la-societe-cgf-et-son-patron-khaled-zribi","status":"publish","type":"post","link":"https:\/\/kapitalis.com\/tunisie\/2021\/03\/31\/le-cmf-sanctionne-la-societe-cgf-et-son-patron-khaled-zribi\/","title":{"rendered":"Le CMF sanctionne la soci\u00e9t\u00e9 CGF et son patron Khaled Zribi"},"content":{"rendered":"\n<figure class=\"wp-block-image size-large\"><img decoding=\"async\" src=\"http:\/\/kapitalis.com\/tunisie\/wp-content\/uploads\/2021\/03\/Khaled-Zribi-CGF.jpg\" alt=\"\" class=\"wp-image-343479\"\/><\/figure>\n\n\n\n<p><strong><em>C\u2019est une premi\u00e8re dans l\u2019histoire de la Bourse des valeurs mobili\u00e8res de Tunis (BVMT) : des sanctions ont \u00e9t\u00e9 inflig\u00e9es \u00e0 l\u2019interm\u00e9diaire en bourse CGF et \u00e0 son repr\u00e9sentant l\u00e9gal et directeur g\u00e9n\u00e9ral, Khaled Zribi, l\u2019ancien pr\u00e9sident du conseil d\u2019administration de la Bourse de Tunis.<\/em><\/strong><\/p>\n\n\n\n<!--more-->\n\n\n\n<p>C\u2019est ce qu\u2019a annonc\u00e9 le Conseil du march\u00e9 financier (CMF) dans un communiqu\u00e9 publi\u00e9 le 30 mars 2021, ajoutant que cette d\u00e9cision a \u00e9t\u00e9 prise \u00e0 l&rsquo;unanimit\u00e9, conform\u00e9ment aux dispositions de l\u2019article 42 de la loi n\u00b0 117 de l\u2019ann\u00e9e 1994 du 14 novembre 1994 relative \u00e0 la r\u00e9organisation du march\u00e9 financier.<\/p>\n\n\n\n<p>La soci\u00e9t\u00e9 CGF a \u00e9t\u00e9 suspendue pendant une p\u00e9riode de trois mois et son repr\u00e9sentant l\u00e9gal et directeur g\u00e9n\u00e9ral, Khaled Zribi, a \u00e9t\u00e9 suspendu d\u00e9finitivement et totalement de l\u2019exercice de l\u2019activit\u00e9 sur le march\u00e9 financier et l\u2019agr\u00e9ment qui lui est assign\u00e9 pour exercer les fonctions de directeur g\u00e9n\u00e9ral d\u2019une soci\u00e9t\u00e9 d\u2019interm\u00e9diation en bourse lui a m\u00eame \u00e9t\u00e9 retir\u00e9.<\/p>\n\n\n\n<p>Ces d\u00e9cisions sont justifi\u00e9es par des d\u00e9lits financiers prouv\u00e9s par le CMF comme l\u2019utilisation des fonds des clients pour le compte de la soci\u00e9t\u00e9, le b\u00e9n\u00e9fice des int\u00e9r\u00eats bancaires provenant des comptes de ces derniers, dont l\u2019argent a \u00e9t\u00e9 utilis\u00e9 pour financer une soci\u00e9t\u00e9 de leasing. Autre grief reproch\u00e9 \u00e0 CGF, la soci\u00e9t\u00e9 a permis aux personnes physiques d\u2019obtenir des certificats pour b\u00e9n\u00e9ficier d\u2019un privil\u00e8ge fiscal indu.<\/p>\n\n\n\n<p>Khaled Zribi, pour sa part, s\u2019est rendu coupable d\u2019utilisation des fonds des clients de la soci\u00e9t\u00e9 CGF, dont il a la charge, pour son propre compte et d\u2019avoir permis la saisie par l\u2019entreprise des fonds restitu\u00e9s au tr\u00e9sor public au titre de prescription de l\u2019imp\u00f4t sur les b\u00e9n\u00e9fices.<\/p>\n","protected":false},"excerpt":{"rendered":"<p>C\u2019est une premi\u00e8re dans l\u2019histoire de la Bourse des valeurs mobili\u00e8res de Tunis (BVMT) : des sanctions ont \u00e9t\u00e9 inflig\u00e9es \u00e0 l\u2019interm\u00e9diaire en bourse CGF et \u00e0 son repr\u00e9sentant l\u00e9gal et directeur g\u00e9n\u00e9ral, Khaled Zribi, l\u2019ancien pr\u00e9sident du conseil d\u2019administration de la Bourse de Tunis.<\/p>\n","protected":false},"author":8,"featured_media":343479,"comment_status":"open","ping_status":"open","sticky":false,"template":"","format":"standard","meta":{"footnotes":""},"categories":[995,2433],"tags":[3268,88832,4778,88831],"class_list":["post-343478","post","type-post","status-publish","format-standard","has-post-thumbnail","hentry","category-economie","category-tunisie","tag-bourse-de-tunis","tag-cgf","tag-conseil-du-marche-financier","tag-khaled-zribi"],"yoast_head":"<!-- This site is optimized with the Yoast SEO plugin v26.6 - https:\/\/yoast.com\/wordpress\/plugins\/seo\/ -->\n<title>Le CMF sanctionne la soci\u00e9t\u00e9 CGF et son patron Khaled Zribi - Kapitalis<\/title>\n<meta name=\"robots\" content=\"index, follow, max-snippet:-1, max-image-preview:large, max-video-preview:-1\" \/>\n<link rel=\"canonical\" href=\"https:\/\/kapitalis.com\/tunisie\/2021\/03\/31\/le-cmf-sanctionne-la-societe-cgf-et-son-patron-khaled-zribi\/\" \/>\n<meta property=\"og:locale\" content=\"fr_FR\" \/>\n<meta property=\"og:type\" content=\"article\" \/>\n<meta property=\"og:title\" content=\"Le CMF sanctionne la soci\u00e9t\u00e9 CGF et son patron Khaled Zribi - Kapitalis\" \/>\n<meta property=\"og:description\" content=\"C\u2019est une premi\u00e8re dans l\u2019histoire de la Bourse des valeurs mobili\u00e8res de Tunis (BVMT) : des sanctions ont \u00e9t\u00e9 inflig\u00e9es \u00e0 l\u2019interm\u00e9diaire en bourse CGF et \u00e0 son repr\u00e9sentant l\u00e9gal et directeur g\u00e9n\u00e9ral, Khaled Zribi, l\u2019ancien pr\u00e9sident du conseil d\u2019administration de la Bourse de Tunis.\" \/>\n<meta property=\"og:url\" content=\"https:\/\/kapitalis.com\/tunisie\/2021\/03\/31\/le-cmf-sanctionne-la-societe-cgf-et-son-patron-khaled-zribi\/\" \/>\n<meta property=\"og:site_name\" content=\"Kapitalis\" \/>\n<meta property=\"article:publisher\" content=\"https:\/\/www.facebook.com\/KapitalisInfo\/\" \/>\n<meta property=\"article:published_time\" content=\"2021-03-31T08:34:38+00:00\" \/>\n<meta property=\"article:modified_time\" content=\"2021-03-31T08:34:40+00:00\" \/>\n<meta property=\"og:image\" content=\"https:\/\/kapitalis.com\/tunisie\/wp-content\/uploads\/2022\/05\/kapitalis-logo-fb.png\" \/>\n\t<meta property=\"og:image:width\" content=\"1200\" \/>\n\t<meta property=\"og:image:height\" content=\"630\" \/>\n\t<meta property=\"og:image:type\" content=\"image\/png\" \/>\n<meta name=\"author\" content=\"webmaster kapitalis\" \/>\n<meta name=\"twitter:card\" content=\"summary_large_image\" \/>\n<meta name=\"twitter:creator\" content=\"@KapitalisInfo\" \/>\n<meta name=\"twitter:site\" content=\"@KapitalisInfo\" \/>\n<meta name=\"twitter:label1\" content=\"\u00c9crit par\" \/>\n\t<meta name=\"twitter:data1\" content=\"webmaster kapitalis\" \/>\n\t<meta name=\"twitter:label2\" content=\"Dur\u00e9e de lecture estim\u00e9e\" \/>\n\t<meta name=\"twitter:data2\" content=\"2 minutes\" \/>\n<script type=\"application\/ld+json\" class=\"yoast-schema-graph\">{\"@context\":\"https:\/\/schema.org\",\"@graph\":[{\"@type\":\"Article\",\"@id\":\"https:\/\/kapitalis.com\/tunisie\/2021\/03\/31\/le-cmf-sanctionne-la-societe-cgf-et-son-patron-khaled-zribi\/#article\",\"isPartOf\":{\"@id\":\"https:\/\/kapitalis.com\/tunisie\/2021\/03\/31\/le-cmf-sanctionne-la-societe-cgf-et-son-patron-khaled-zribi\/\"},\"author\":{\"name\":\"webmaster kapitalis\",\"@id\":\"https:\/\/kapitalis.com\/tunisie\/#\/schema\/person\/d71f33a9ca44f7bad4698210b480c8e9\"},\"headline\":\"Le CMF sanctionne la soci\u00e9t\u00e9 CGF et son patron Khaled Zribi\",\"datePublished\":\"2021-03-31T08:34:38+00:00\",\"dateModified\":\"2021-03-31T08:34:40+00:00\",\"mainEntityOfPage\":{\"@id\":\"https:\/\/kapitalis.com\/tunisie\/2021\/03\/31\/le-cmf-sanctionne-la-societe-cgf-et-son-patron-khaled-zribi\/\"},\"wordCount\":338,\"commentCount\":0,\"publisher\":{\"@id\":\"https:\/\/kapitalis.com\/tunisie\/#organization\"},\"image\":{\"@id\":\"https:\/\/kapitalis.com\/tunisie\/2021\/03\/31\/le-cmf-sanctionne-la-societe-cgf-et-son-patron-khaled-zribi\/#primaryimage\"},\"thumbnailUrl\":\"\",\"keywords\":[\"Bourse de Tunis\",\"CGF\",\"Conseil du march\u00e9 financier\",\"Khaled Zribi\"],\"articleSection\":[\"ECONOMIE\",\"Tunisie\"],\"inLanguage\":\"fr-FR\",\"potentialAction\":[{\"@type\":\"CommentAction\",\"name\":\"Comment\",\"target\":[\"https:\/\/kapitalis.com\/tunisie\/2021\/03\/31\/le-cmf-sanctionne-la-societe-cgf-et-son-patron-khaled-zribi\/#respond\"]}]},{\"@type\":\"WebPage\",\"@id\":\"https:\/\/kapitalis.com\/tunisie\/2021\/03\/31\/le-cmf-sanctionne-la-societe-cgf-et-son-patron-khaled-zribi\/\",\"url\":\"https:\/\/kapitalis.com\/tunisie\/2021\/03\/31\/le-cmf-sanctionne-la-societe-cgf-et-son-patron-khaled-zribi\/\",\"name\":\"Le CMF sanctionne la soci\u00e9t\u00e9 CGF et son patron Khaled Zribi - Kapitalis\",\"isPartOf\":{\"@id\":\"https:\/\/kapitalis.com\/tunisie\/#website\"},\"primaryImageOfPage\":{\"@id\":\"https:\/\/kapitalis.com\/tunisie\/2021\/03\/31\/le-cmf-sanctionne-la-societe-cgf-et-son-patron-khaled-zribi\/#primaryimage\"},\"image\":{\"@id\":\"https:\/\/kapitalis.com\/tunisie\/2021\/03\/31\/le-cmf-sanctionne-la-societe-cgf-et-son-patron-khaled-zribi\/#primaryimage\"},\"thumbnailUrl\":\"\",\"datePublished\":\"2021-03-31T08:34:38+00:00\",\"dateModified\":\"2021-03-31T08:34:40+00:00\",\"breadcrumb\":{\"@id\":\"https:\/\/kapitalis.com\/tunisie\/2021\/03\/31\/le-cmf-sanctionne-la-societe-cgf-et-son-patron-khaled-zribi\/#breadcrumb\"},\"inLanguage\":\"fr-FR\",\"potentialAction\":[{\"@type\":\"ReadAction\",\"target\":[\"https:\/\/kapitalis.com\/tunisie\/2021\/03\/31\/le-cmf-sanctionne-la-societe-cgf-et-son-patron-khaled-zribi\/\"]}]},{\"@type\":\"ImageObject\",\"inLanguage\":\"fr-FR\",\"@id\":\"https:\/\/kapitalis.com\/tunisie\/2021\/03\/31\/le-cmf-sanctionne-la-societe-cgf-et-son-patron-khaled-zribi\/#primaryimage\",\"url\":\"\",\"contentUrl\":\"\"},{\"@type\":\"BreadcrumbList\",\"@id\":\"https:\/\/kapitalis.com\/tunisie\/2021\/03\/31\/le-cmf-sanctionne-la-societe-cgf-et-son-patron-khaled-zribi\/#breadcrumb\",\"itemListElement\":[{\"@type\":\"ListItem\",\"position\":1,\"name\":\"Accueil\",\"item\":\"https:\/\/kapitalis.com\/tunisie\/\"},{\"@type\":\"ListItem\",\"position\":2,\"name\":\"Le CMF sanctionne la soci\u00e9t\u00e9 CGF et son patron Khaled Zribi\"}]},{\"@type\":\"WebSite\",\"@id\":\"https:\/\/kapitalis.com\/tunisie\/#website\",\"url\":\"https:\/\/kapitalis.com\/tunisie\/\",\"name\":\"Kapitalis\",\"description\":\"L&#039;actualit\u00e9 en Tunisie et dans le monde\",\"publisher\":{\"@id\":\"https:\/\/kapitalis.com\/tunisie\/#organization\"},\"potentialAction\":[{\"@type\":\"SearchAction\",\"target\":{\"@type\":\"EntryPoint\",\"urlTemplate\":\"https:\/\/kapitalis.com\/tunisie\/?s={search_term_string}\"},\"query-input\":{\"@type\":\"PropertyValueSpecification\",\"valueRequired\":true,\"valueName\":\"search_term_string\"}}],\"inLanguage\":\"fr-FR\"},{\"@type\":\"Organization\",\"@id\":\"https:\/\/kapitalis.com\/tunisie\/#organization\",\"name\":\"Kapitalis\",\"url\":\"https:\/\/kapitalis.com\/tunisie\/\",\"logo\":{\"@type\":\"ImageObject\",\"inLanguage\":\"fr-FR\",\"@id\":\"https:\/\/kapitalis.com\/tunisie\/#\/schema\/logo\/image\/\",\"url\":\"https:\/\/kapitalis.com\/tunisie\/wp-content\/uploads\/2022\/05\/Kapitalis-big-size.png\",\"contentUrl\":\"https:\/\/kapitalis.com\/tunisie\/wp-content\/uploads\/2022\/05\/Kapitalis-big-size.png\",\"width\":5000,\"height\":1500,\"caption\":\"Kapitalis\"},\"image\":{\"@id\":\"https:\/\/kapitalis.com\/tunisie\/#\/schema\/logo\/image\/\"},\"sameAs\":[\"https:\/\/www.facebook.com\/KapitalisInfo\/\",\"https:\/\/x.com\/KapitalisInfo\",\"https:\/\/www.youtube.com\/channel\/UC-yDYrHyfFBWWZaOw3FPg9Q\"]},{\"@type\":\"Person\",\"@id\":\"https:\/\/kapitalis.com\/tunisie\/#\/schema\/person\/d71f33a9ca44f7bad4698210b480c8e9\",\"name\":\"webmaster kapitalis\",\"url\":\"https:\/\/kapitalis.com\/tunisie\/author\/webmaster-kapitalis\/\"}]}<\/script>\n<!-- \/ Yoast SEO plugin. -->","yoast_head_json":{"title":"Le CMF sanctionne la soci\u00e9t\u00e9 CGF et son patron Khaled Zribi - Kapitalis","robots":{"index":"index","follow":"follow","max-snippet":"max-snippet:-1","max-image-preview":"max-image-preview:large","max-video-preview":"max-video-preview:-1"},"canonical":"https:\/\/kapitalis.com\/tunisie\/2021\/03\/31\/le-cmf-sanctionne-la-societe-cgf-et-son-patron-khaled-zribi\/","og_locale":"fr_FR","og_type":"article","og_title":"Le CMF sanctionne la soci\u00e9t\u00e9 CGF et son patron Khaled Zribi - Kapitalis","og_description":"C\u2019est une premi\u00e8re dans l\u2019histoire de la Bourse des valeurs mobili\u00e8res de Tunis (BVMT) : des sanctions ont \u00e9t\u00e9 inflig\u00e9es \u00e0 l\u2019interm\u00e9diaire en bourse CGF et \u00e0 son repr\u00e9sentant l\u00e9gal et directeur g\u00e9n\u00e9ral, Khaled Zribi, l\u2019ancien pr\u00e9sident du conseil d\u2019administration de la Bourse de Tunis.","og_url":"https:\/\/kapitalis.com\/tunisie\/2021\/03\/31\/le-cmf-sanctionne-la-societe-cgf-et-son-patron-khaled-zribi\/","og_site_name":"Kapitalis","article_publisher":"https:\/\/www.facebook.com\/KapitalisInfo\/","article_published_time":"2021-03-31T08:34:38+00:00","article_modified_time":"2021-03-31T08:34:40+00:00","og_image":[{"width":1200,"height":630,"url":"https:\/\/kapitalis.com\/tunisie\/wp-content\/uploads\/2022\/05\/kapitalis-logo-fb.png","type":"image\/png"}],"author":"webmaster kapitalis","twitter_card":"summary_large_image","twitter_creator":"@KapitalisInfo","twitter_site":"@KapitalisInfo","twitter_misc":{"\u00c9crit par":"webmaster kapitalis","Dur\u00e9e de lecture estim\u00e9e":"2 minutes"},"schema":{"@context":"https:\/\/schema.org","@graph":[{"@type":"Article","@id":"https:\/\/kapitalis.com\/tunisie\/2021\/03\/31\/le-cmf-sanctionne-la-societe-cgf-et-son-patron-khaled-zribi\/#article","isPartOf":{"@id":"https:\/\/kapitalis.com\/tunisie\/2021\/03\/31\/le-cmf-sanctionne-la-societe-cgf-et-son-patron-khaled-zribi\/"},"author":{"name":"webmaster kapitalis","@id":"https:\/\/kapitalis.com\/tunisie\/#\/schema\/person\/d71f33a9ca44f7bad4698210b480c8e9"},"headline":"Le CMF sanctionne la soci\u00e9t\u00e9 CGF et son patron Khaled Zribi","datePublished":"2021-03-31T08:34:38+00:00","dateModified":"2021-03-31T08:34:40+00:00","mainEntityOfPage":{"@id":"https:\/\/kapitalis.com\/tunisie\/2021\/03\/31\/le-cmf-sanctionne-la-societe-cgf-et-son-patron-khaled-zribi\/"},"wordCount":338,"commentCount":0,"publisher":{"@id":"https:\/\/kapitalis.com\/tunisie\/#organization"},"image":{"@id":"https:\/\/kapitalis.com\/tunisie\/2021\/03\/31\/le-cmf-sanctionne-la-societe-cgf-et-son-patron-khaled-zribi\/#primaryimage"},"thumbnailUrl":"","keywords":["Bourse de Tunis","CGF","Conseil du march\u00e9 financier","Khaled Zribi"],"articleSection":["ECONOMIE","Tunisie"],"inLanguage":"fr-FR","potentialAction":[{"@type":"CommentAction","name":"Comment","target":["https:\/\/kapitalis.com\/tunisie\/2021\/03\/31\/le-cmf-sanctionne-la-societe-cgf-et-son-patron-khaled-zribi\/#respond"]}]},{"@type":"WebPage","@id":"https:\/\/kapitalis.com\/tunisie\/2021\/03\/31\/le-cmf-sanctionne-la-societe-cgf-et-son-patron-khaled-zribi\/","url":"https:\/\/kapitalis.com\/tunisie\/2021\/03\/31\/le-cmf-sanctionne-la-societe-cgf-et-son-patron-khaled-zribi\/","name":"Le CMF sanctionne la soci\u00e9t\u00e9 CGF et son patron Khaled Zribi - Kapitalis","isPartOf":{"@id":"https:\/\/kapitalis.com\/tunisie\/#website"},"primaryImageOfPage":{"@id":"https:\/\/kapitalis.com\/tunisie\/2021\/03\/31\/le-cmf-sanctionne-la-societe-cgf-et-son-patron-khaled-zribi\/#primaryimage"},"image":{"@id":"https:\/\/kapitalis.com\/tunisie\/2021\/03\/31\/le-cmf-sanctionne-la-societe-cgf-et-son-patron-khaled-zribi\/#primaryimage"},"thumbnailUrl":"","datePublished":"2021-03-31T08:34:38+00:00","dateModified":"2021-03-31T08:34:40+00:00","breadcrumb":{"@id":"https:\/\/kapitalis.com\/tunisie\/2021\/03\/31\/le-cmf-sanctionne-la-societe-cgf-et-son-patron-khaled-zribi\/#breadcrumb"},"inLanguage":"fr-FR","potentialAction":[{"@type":"ReadAction","target":["https:\/\/kapitalis.com\/tunisie\/2021\/03\/31\/le-cmf-sanctionne-la-societe-cgf-et-son-patron-khaled-zribi\/"]}]},{"@type":"ImageObject","inLanguage":"fr-FR","@id":"https:\/\/kapitalis.com\/tunisie\/2021\/03\/31\/le-cmf-sanctionne-la-societe-cgf-et-son-patron-khaled-zribi\/#primaryimage","url":"","contentUrl":""},{"@type":"BreadcrumbList","@id":"https:\/\/kapitalis.com\/tunisie\/2021\/03\/31\/le-cmf-sanctionne-la-societe-cgf-et-son-patron-khaled-zribi\/#breadcrumb","itemListElement":[{"@type":"ListItem","position":1,"name":"Accueil","item":"https:\/\/kapitalis.com\/tunisie\/"},{"@type":"ListItem","position":2,"name":"Le CMF sanctionne la soci\u00e9t\u00e9 CGF et son patron Khaled Zribi"}]},{"@type":"WebSite","@id":"https:\/\/kapitalis.com\/tunisie\/#website","url":"https:\/\/kapitalis.com\/tunisie\/","name":"Kapitalis","description":"L&#039;actualit\u00e9 en Tunisie et dans le monde","publisher":{"@id":"https:\/\/kapitalis.com\/tunisie\/#organization"},"potentialAction":[{"@type":"SearchAction","target":{"@type":"EntryPoint","urlTemplate":"https:\/\/kapitalis.com\/tunisie\/?s={search_term_string}"},"query-input":{"@type":"PropertyValueSpecification","valueRequired":true,"valueName":"search_term_string"}}],"inLanguage":"fr-FR"},{"@type":"Organization","@id":"https:\/\/kapitalis.com\/tunisie\/#organization","name":"Kapitalis","url":"https:\/\/kapitalis.com\/tunisie\/","logo":{"@type":"ImageObject","inLanguage":"fr-FR","@id":"https:\/\/kapitalis.com\/tunisie\/#\/schema\/logo\/image\/","url":"https:\/\/kapitalis.com\/tunisie\/wp-content\/uploads\/2022\/05\/Kapitalis-big-size.png","contentUrl":"https:\/\/kapitalis.com\/tunisie\/wp-content\/uploads\/2022\/05\/Kapitalis-big-size.png","width":5000,"height":1500,"caption":"Kapitalis"},"image":{"@id":"https:\/\/kapitalis.com\/tunisie\/#\/schema\/logo\/image\/"},"sameAs":["https:\/\/www.facebook.com\/KapitalisInfo\/","https:\/\/x.com\/KapitalisInfo","https:\/\/www.youtube.com\/channel\/UC-yDYrHyfFBWWZaOw3FPg9Q"]},{"@type":"Person","@id":"https:\/\/kapitalis.com\/tunisie\/#\/schema\/person\/d71f33a9ca44f7bad4698210b480c8e9","name":"webmaster kapitalis","url":"https:\/\/kapitalis.com\/tunisie\/author\/webmaster-kapitalis\/"}]}},"_links":{"self":[{"href":"https:\/\/kapitalis.com\/tunisie\/wp-json\/wp\/v2\/posts\/343478","targetHints":{"allow":["GET"]}}],"collection":[{"href":"https:\/\/kapitalis.com\/tunisie\/wp-json\/wp\/v2\/posts"}],"about":[{"href":"https:\/\/kapitalis.com\/tunisie\/wp-json\/wp\/v2\/types\/post"}],"author":[{"embeddable":true,"href":"https:\/\/kapitalis.com\/tunisie\/wp-json\/wp\/v2\/users\/8"}],"replies":[{"embeddable":true,"href":"https:\/\/kapitalis.com\/tunisie\/wp-json\/wp\/v2\/comments?post=343478"}],"version-history":[{"count":0,"href":"https:\/\/kapitalis.com\/tunisie\/wp-json\/wp\/v2\/posts\/343478\/revisions"}],"wp:featuredmedia":[{"embeddable":true,"href":"https:\/\/kapitalis.com\/tunisie\/wp-json\/wp\/v2\/media\/343479"}],"wp:attachment":[{"href":"https:\/\/kapitalis.com\/tunisie\/wp-json\/wp\/v2\/media?parent=343478"}],"wp:term":[{"taxonomy":"category","embeddable":true,"href":"https:\/\/kapitalis.com\/tunisie\/wp-json\/wp\/v2\/categories?post=343478"},{"taxonomy":"post_tag","embeddable":true,"href":"https:\/\/kapitalis.com\/tunisie\/wp-json\/wp\/v2\/tags?post=343478"}],"curies":[{"name":"wp","href":"https:\/\/api.w.org\/{rel}","templated":true}]}}