{"id":343677,"date":"2021-04-01T09:49:17","date_gmt":"2021-04-01T08:49:17","guid":{"rendered":"http:\/\/kapitalis.com\/tunisie\/?p=343677"},"modified":"2021-04-01T09:49:20","modified_gmt":"2021-04-01T08:49:20","slug":"covid-19-pour-soutenir-les-entreprises-impactees-lallemagne-fait-don-a-la-tunisie-de-25-millions-deuros","status":"publish","type":"post","link":"https:\/\/kapitalis.com\/tunisie\/2021\/04\/01\/covid-19-pour-soutenir-les-entreprises-impactees-lallemagne-fait-don-a-la-tunisie-de-25-millions-deuros\/","title":{"rendered":"Covid-19 : Pour soutenir les entreprises impact\u00e9es, l&rsquo;Allemagne fait don \u00e0 la Tunisie de 25 millions d&rsquo;euros"},"content":{"rendered":"\n<figure class=\"wp-block-image size-large\"><img decoding=\"async\" src=\"http:\/\/kapitalis.com\/tunisie\/wp-content\/uploads\/2021\/04\/don-allemand-MAE.jpg\" alt=\"\" class=\"wp-image-343684\"\/><\/figure>\n\n\n\n<p><em><strong>La banque allemande de d\u00e9veloppement, KFW, a d\u00e9cid\u00e9 de faire don de 25 millions d&rsquo;euros \u00e0 la Tunisie, qui sera allou\u00e9 au m\u00e9canisme de garantie \u00abSoutien et appui \u00e0 la r\u00e9silience des entreprises\u00bb (Sare), pour soutenir les petites et moyennes entreprises (PME) touch\u00e9es par la crise du coronavirus.<\/strong><\/em><\/p>\n\n\n\n<!--more-->\n\n\n\n<p>La c\u00e9r\u00e9monie de signature de l&rsquo;accord d&rsquo;aide financi\u00e8re avec le gouvernement tunisien s\u2019est tenue, hier, mercredi 31 mars 2021, au si\u00e8ge du minist\u00e8re des Affaires \u00e9trang\u00e8res, en pr\u00e9sence notamment du ministre, Othman Jerandi, et de l&rsquo;ambassadeur d&rsquo;Allemagne en Tunisie, Peter Pr\u00fcgel.<\/p>\n\n\n\n<p>Cette enveloppe importante permettra d\u2019\u00e9largir la taille du m\u00e9canisme Sare et d\u2019augmenter sa capacit\u00e9 d\u2019engagement. Un m\u00e9canisme initi\u00e9 par la Tunisie en mars 2020 et d\u2019une taille de 200 millions de dinars, qui est g\u00e9r\u00e9 par la Soci\u00e9t\u00e9 tunisienne de garantie (Sotugar). Il constitue une r\u00e9ponse d\u2019impact massif permettant aux entreprises de passer ce cap difficile.<\/p>\n\n\n\n<p>Pour b\u00e9n\u00e9ficier de ce m\u00e9canisme, les entreprises \u00e9ligibles doivent, dans un premier lieu, s\u2019inscrire sur la plateforme <strong><a href=\"https:\/\/www.entreprises.finances.gov.tn\/\">entreprises.finances.gov.tn<\/a><\/strong>, qui a \u00e9t\u00e9 r\u00e9ouverte suite \u00e0 la prorogation de la p\u00e9riode d\u2019activit\u00e9 des m\u00e9canismes au 31 d\u00e9cembre 2021, et satisfaire aux 5 conditions suivantes :<br>&#8211; Ne pas \u00eatre en cessation d\u2019activit\u00e9 avant fin f\u00e9vrier 2020\u00a0;<br>&#8211; Ne pas \u00eatre soumises aux proc\u00e9dures de redressement judiciaire\u00a0;<br>&#8211; Ayant enregistr\u00e9 une baisse du chiffre d\u2019affaires de 25% mars 2020\/mars 2019 ou de 40% avril 2020\/ avril 2019 ;<br>&#8211; Maintien du personnel;<br>&#8211; Situation fiscale en r\u00e8gle \u00e0 fin f\u00e9vrier 2020.<\/p>\n\n\n\n<p class=\"has-text-align-right\"><strong>C. B. Y.<\/strong><\/p>\n\n\n\n<p><a href=\"http:\/\/www.linkedin.com\/shareArticle?mini=true&amp;ro=true&amp;trk=EasySocialShareButtons&amp;title=Don+allemand+de+25+millions+d%E2%80%99euros+au+profit+des+TPME&amp;url=https:\/\/www.webmanagercenter.com\/2021\/03\/31\/465881\/don-allemand-de-25-millions-deuros-au-profit-des-tpme\/\" target=\"_blank\" rel=\"noreferrer noopener\"><\/a><\/p>\n\n\n\n<p><a href=\"https:\/\/www.facebook.com\/sharer\/sharer.php?u=https:\/\/www.webmanagercenter.com\/2021\/03\/31\/465881\/don-allemand-de-25-millions-deuros-au-profit-des-tpme\/&amp;t=Don+allemand+de+25+millions+d%E2%80%99euros+au+profit+des+TPME&amp;redirect_uri=https:\/\/www.webmanagercenter.com?sharing-thankyou=yes\" target=\"_blank\" rel=\"noreferrer noopener\"><\/a><\/p>\n\n\n\n<p><a href=\"https:\/\/www.webmanagercenter.com\/2021\/03\/31\/465881\/don-allemand-de-25-millions-deuros-au-profit-des-tpme\/#\" target=\"_blank\" rel=\"noreferrer noopener\"><\/a><\/p>\n","protected":false},"excerpt":{"rendered":"<p>La banque allemande de d\u00e9veloppement, KFW, a d\u00e9cid\u00e9 de faire don de 25 millions d&rsquo;euros \u00e0 la Tunisie, qui sera allou\u00e9 au m\u00e9canisme de garantie \u00abSoutien et appui \u00e0 la r\u00e9silience des entreprises\u00bb (Sare), pour soutenir les petites et moyennes entreprises (PME) touch\u00e9es par la crise du coronavirus.<\/p>\n","protected":false},"author":24,"featured_media":343684,"comment_status":"open","ping_status":"open","sticky":false,"template":"","format":"standard","meta":{"footnotes":""},"categories":[995,2433],"tags":[88867,73060,75291,17872,81850,82850,88868,77612],"class_list":["post-343677","post","type-post","status-publish","format-standard","has-post-thumbnail","hentry","category-economie","category-tunisie","tag-banque-allemande-de-developpement","tag-coronavirus","tag-covid-19","tag-kfw","tag-othman-jerandi","tag-peter-prugel","tag-sare","tag-sotugar"],"yoast_head":"<!-- This site is optimized with the Yoast SEO plugin v26.6 - https:\/\/yoast.com\/wordpress\/plugins\/seo\/ -->\n<title>Covid-19 : Pour soutenir les entreprises impact\u00e9es, l&#039;Allemagne fait don \u00e0 la Tunisie de 25 millions d&#039;euros - Kapitalis<\/title>\n<meta name=\"robots\" content=\"index, follow, max-snippet:-1, max-image-preview:large, max-video-preview:-1\" \/>\n<link rel=\"canonical\" href=\"https:\/\/kapitalis.com\/tunisie\/2021\/04\/01\/covid-19-pour-soutenir-les-entreprises-impactees-lallemagne-fait-don-a-la-tunisie-de-25-millions-deuros\/\" \/>\n<meta property=\"og:locale\" content=\"fr_FR\" \/>\n<meta property=\"og:type\" content=\"article\" \/>\n<meta property=\"og:title\" content=\"Covid-19 : Pour soutenir les entreprises impact\u00e9es, l&#039;Allemagne fait don \u00e0 la Tunisie de 25 millions d&#039;euros - Kapitalis\" \/>\n<meta property=\"og:description\" content=\"La banque allemande de d\u00e9veloppement, KFW, a d\u00e9cid\u00e9 de faire don de 25 millions d&rsquo;euros \u00e0 la Tunisie, qui sera allou\u00e9 au m\u00e9canisme de garantie \u00abSoutien et appui \u00e0 la r\u00e9silience des entreprises\u00bb (Sare), pour soutenir les petites et moyennes entreprises (PME) touch\u00e9es par la crise du coronavirus.\" \/>\n<meta property=\"og:url\" content=\"https:\/\/kapitalis.com\/tunisie\/2021\/04\/01\/covid-19-pour-soutenir-les-entreprises-impactees-lallemagne-fait-don-a-la-tunisie-de-25-millions-deuros\/\" \/>\n<meta property=\"og:site_name\" content=\"Kapitalis\" \/>\n<meta property=\"article:publisher\" content=\"https:\/\/www.facebook.com\/KapitalisInfo\/\" \/>\n<meta property=\"article:published_time\" content=\"2021-04-01T08:49:17+00:00\" \/>\n<meta property=\"article:modified_time\" content=\"2021-04-01T08:49:20+00:00\" \/>\n<meta property=\"og:image\" content=\"https:\/\/kapitalis.com\/tunisie\/wp-content\/uploads\/2022\/05\/kapitalis-logo-fb.png\" \/>\n\t<meta property=\"og:image:width\" content=\"1200\" \/>\n\t<meta property=\"og:image:height\" content=\"630\" \/>\n\t<meta property=\"og:image:type\" content=\"image\/png\" \/>\n<meta name=\"author\" content=\"Cherif Benyounes\" \/>\n<meta name=\"twitter:card\" content=\"summary_large_image\" \/>\n<meta name=\"twitter:creator\" content=\"@KapitalisInfo\" \/>\n<meta name=\"twitter:site\" content=\"@KapitalisInfo\" \/>\n<meta name=\"twitter:label1\" content=\"\u00c9crit par\" \/>\n\t<meta name=\"twitter:data1\" content=\"Cherif Benyounes\" \/>\n\t<meta name=\"twitter:label2\" content=\"Dur\u00e9e de lecture estim\u00e9e\" \/>\n\t<meta name=\"twitter:data2\" content=\"1 minute\" \/>\n<script type=\"application\/ld+json\" class=\"yoast-schema-graph\">{\"@context\":\"https:\/\/schema.org\",\"@graph\":[{\"@type\":\"Article\",\"@id\":\"https:\/\/kapitalis.com\/tunisie\/2021\/04\/01\/covid-19-pour-soutenir-les-entreprises-impactees-lallemagne-fait-don-a-la-tunisie-de-25-millions-deuros\/#article\",\"isPartOf\":{\"@id\":\"https:\/\/kapitalis.com\/tunisie\/2021\/04\/01\/covid-19-pour-soutenir-les-entreprises-impactees-lallemagne-fait-don-a-la-tunisie-de-25-millions-deuros\/\"},\"author\":{\"name\":\"Cherif Benyounes\",\"@id\":\"https:\/\/kapitalis.com\/tunisie\/#\/schema\/person\/b35b8d631961131107263178aeb8019e\"},\"headline\":\"Covid-19 : Pour soutenir les entreprises impact\u00e9es, l&rsquo;Allemagne fait don \u00e0 la Tunisie de 25 millions d&rsquo;euros\",\"datePublished\":\"2021-04-01T08:49:17+00:00\",\"dateModified\":\"2021-04-01T08:49:20+00:00\",\"mainEntityOfPage\":{\"@id\":\"https:\/\/kapitalis.com\/tunisie\/2021\/04\/01\/covid-19-pour-soutenir-les-entreprises-impactees-lallemagne-fait-don-a-la-tunisie-de-25-millions-deuros\/\"},\"wordCount\":282,\"commentCount\":0,\"publisher\":{\"@id\":\"https:\/\/kapitalis.com\/tunisie\/#organization\"},\"image\":{\"@id\":\"https:\/\/kapitalis.com\/tunisie\/2021\/04\/01\/covid-19-pour-soutenir-les-entreprises-impactees-lallemagne-fait-don-a-la-tunisie-de-25-millions-deuros\/#primaryimage\"},\"thumbnailUrl\":\"\",\"keywords\":[\"banque allemande de d\u00e9veloppement\",\"Coronavirus\",\"Covid-19\",\"KfW\",\"Othman Jerandi\",\"Peter Pr\u00fcgel\",\"Sare\",\"Sotugar\"],\"articleSection\":[\"ECONOMIE\",\"Tunisie\"],\"inLanguage\":\"fr-FR\",\"potentialAction\":[{\"@type\":\"CommentAction\",\"name\":\"Comment\",\"target\":[\"https:\/\/kapitalis.com\/tunisie\/2021\/04\/01\/covid-19-pour-soutenir-les-entreprises-impactees-lallemagne-fait-don-a-la-tunisie-de-25-millions-deuros\/#respond\"]}]},{\"@type\":\"WebPage\",\"@id\":\"https:\/\/kapitalis.com\/tunisie\/2021\/04\/01\/covid-19-pour-soutenir-les-entreprises-impactees-lallemagne-fait-don-a-la-tunisie-de-25-millions-deuros\/\",\"url\":\"https:\/\/kapitalis.com\/tunisie\/2021\/04\/01\/covid-19-pour-soutenir-les-entreprises-impactees-lallemagne-fait-don-a-la-tunisie-de-25-millions-deuros\/\",\"name\":\"Covid-19 : Pour soutenir les entreprises impact\u00e9es, l'Allemagne fait don \u00e0 la Tunisie de 25 millions d'euros - Kapitalis\",\"isPartOf\":{\"@id\":\"https:\/\/kapitalis.com\/tunisie\/#website\"},\"primaryImageOfPage\":{\"@id\":\"https:\/\/kapitalis.com\/tunisie\/2021\/04\/01\/covid-19-pour-soutenir-les-entreprises-impactees-lallemagne-fait-don-a-la-tunisie-de-25-millions-deuros\/#primaryimage\"},\"image\":{\"@id\":\"https:\/\/kapitalis.com\/tunisie\/2021\/04\/01\/covid-19-pour-soutenir-les-entreprises-impactees-lallemagne-fait-don-a-la-tunisie-de-25-millions-deuros\/#primaryimage\"},\"thumbnailUrl\":\"\",\"datePublished\":\"2021-04-01T08:49:17+00:00\",\"dateModified\":\"2021-04-01T08:49:20+00:00\",\"breadcrumb\":{\"@id\":\"https:\/\/kapitalis.com\/tunisie\/2021\/04\/01\/covid-19-pour-soutenir-les-entreprises-impactees-lallemagne-fait-don-a-la-tunisie-de-25-millions-deuros\/#breadcrumb\"},\"inLanguage\":\"fr-FR\",\"potentialAction\":[{\"@type\":\"ReadAction\",\"target\":[\"https:\/\/kapitalis.com\/tunisie\/2021\/04\/01\/covid-19-pour-soutenir-les-entreprises-impactees-lallemagne-fait-don-a-la-tunisie-de-25-millions-deuros\/\"]}]},{\"@type\":\"ImageObject\",\"inLanguage\":\"fr-FR\",\"@id\":\"https:\/\/kapitalis.com\/tunisie\/2021\/04\/01\/covid-19-pour-soutenir-les-entreprises-impactees-lallemagne-fait-don-a-la-tunisie-de-25-millions-deuros\/#primaryimage\",\"url\":\"\",\"contentUrl\":\"\"},{\"@type\":\"BreadcrumbList\",\"@id\":\"https:\/\/kapitalis.com\/tunisie\/2021\/04\/01\/covid-19-pour-soutenir-les-entreprises-impactees-lallemagne-fait-don-a-la-tunisie-de-25-millions-deuros\/#breadcrumb\",\"itemListElement\":[{\"@type\":\"ListItem\",\"position\":1,\"name\":\"Accueil\",\"item\":\"https:\/\/kapitalis.com\/tunisie\/\"},{\"@type\":\"ListItem\",\"position\":2,\"name\":\"Covid-19 : Pour soutenir les entreprises impact\u00e9es, l&rsquo;Allemagne fait don \u00e0 la Tunisie de 25 millions d&rsquo;euros\"}]},{\"@type\":\"WebSite\",\"@id\":\"https:\/\/kapitalis.com\/tunisie\/#website\",\"url\":\"https:\/\/kapitalis.com\/tunisie\/\",\"name\":\"Kapitalis\",\"description\":\"L&#039;actualit\u00e9 en Tunisie et dans le monde\",\"publisher\":{\"@id\":\"https:\/\/kapitalis.com\/tunisie\/#organization\"},\"potentialAction\":[{\"@type\":\"SearchAction\",\"target\":{\"@type\":\"EntryPoint\",\"urlTemplate\":\"https:\/\/kapitalis.com\/tunisie\/?s={search_term_string}\"},\"query-input\":{\"@type\":\"PropertyValueSpecification\",\"valueRequired\":true,\"valueName\":\"search_term_string\"}}],\"inLanguage\":\"fr-FR\"},{\"@type\":\"Organization\",\"@id\":\"https:\/\/kapitalis.com\/tunisie\/#organization\",\"name\":\"Kapitalis\",\"url\":\"https:\/\/kapitalis.com\/tunisie\/\",\"logo\":{\"@type\":\"ImageObject\",\"inLanguage\":\"fr-FR\",\"@id\":\"https:\/\/kapitalis.com\/tunisie\/#\/schema\/logo\/image\/\",\"url\":\"https:\/\/kapitalis.com\/tunisie\/wp-content\/uploads\/2022\/05\/Kapitalis-big-size.png\",\"contentUrl\":\"https:\/\/kapitalis.com\/tunisie\/wp-content\/uploads\/2022\/05\/Kapitalis-big-size.png\",\"width\":5000,\"height\":1500,\"caption\":\"Kapitalis\"},\"image\":{\"@id\":\"https:\/\/kapitalis.com\/tunisie\/#\/schema\/logo\/image\/\"},\"sameAs\":[\"https:\/\/www.facebook.com\/KapitalisInfo\/\",\"https:\/\/x.com\/KapitalisInfo\",\"https:\/\/www.youtube.com\/channel\/UC-yDYrHyfFBWWZaOw3FPg9Q\"]},{\"@type\":\"Person\",\"@id\":\"https:\/\/kapitalis.com\/tunisie\/#\/schema\/person\/b35b8d631961131107263178aeb8019e\",\"name\":\"Cherif Benyounes\",\"url\":\"https:\/\/kapitalis.com\/tunisie\/author\/cherif\/\"}]}<\/script>\n<!-- \/ Yoast SEO plugin. -->","yoast_head_json":{"title":"Covid-19 : Pour soutenir les entreprises impact\u00e9es, l'Allemagne fait don \u00e0 la Tunisie de 25 millions d'euros - Kapitalis","robots":{"index":"index","follow":"follow","max-snippet":"max-snippet:-1","max-image-preview":"max-image-preview:large","max-video-preview":"max-video-preview:-1"},"canonical":"https:\/\/kapitalis.com\/tunisie\/2021\/04\/01\/covid-19-pour-soutenir-les-entreprises-impactees-lallemagne-fait-don-a-la-tunisie-de-25-millions-deuros\/","og_locale":"fr_FR","og_type":"article","og_title":"Covid-19 : Pour soutenir les entreprises impact\u00e9es, l'Allemagne fait don \u00e0 la Tunisie de 25 millions d'euros - Kapitalis","og_description":"La banque allemande de d\u00e9veloppement, KFW, a d\u00e9cid\u00e9 de faire don de 25 millions d&rsquo;euros \u00e0 la Tunisie, qui sera allou\u00e9 au m\u00e9canisme de garantie \u00abSoutien et appui \u00e0 la r\u00e9silience des entreprises\u00bb (Sare), pour soutenir les petites et moyennes entreprises (PME) touch\u00e9es par la crise du coronavirus.","og_url":"https:\/\/kapitalis.com\/tunisie\/2021\/04\/01\/covid-19-pour-soutenir-les-entreprises-impactees-lallemagne-fait-don-a-la-tunisie-de-25-millions-deuros\/","og_site_name":"Kapitalis","article_publisher":"https:\/\/www.facebook.com\/KapitalisInfo\/","article_published_time":"2021-04-01T08:49:17+00:00","article_modified_time":"2021-04-01T08:49:20+00:00","og_image":[{"width":1200,"height":630,"url":"https:\/\/kapitalis.com\/tunisie\/wp-content\/uploads\/2022\/05\/kapitalis-logo-fb.png","type":"image\/png"}],"author":"Cherif Benyounes","twitter_card":"summary_large_image","twitter_creator":"@KapitalisInfo","twitter_site":"@KapitalisInfo","twitter_misc":{"\u00c9crit par":"Cherif Benyounes","Dur\u00e9e de lecture estim\u00e9e":"1 minute"},"schema":{"@context":"https:\/\/schema.org","@graph":[{"@type":"Article","@id":"https:\/\/kapitalis.com\/tunisie\/2021\/04\/01\/covid-19-pour-soutenir-les-entreprises-impactees-lallemagne-fait-don-a-la-tunisie-de-25-millions-deuros\/#article","isPartOf":{"@id":"https:\/\/kapitalis.com\/tunisie\/2021\/04\/01\/covid-19-pour-soutenir-les-entreprises-impactees-lallemagne-fait-don-a-la-tunisie-de-25-millions-deuros\/"},"author":{"name":"Cherif Benyounes","@id":"https:\/\/kapitalis.com\/tunisie\/#\/schema\/person\/b35b8d631961131107263178aeb8019e"},"headline":"Covid-19 : Pour soutenir les entreprises impact\u00e9es, l&rsquo;Allemagne fait don \u00e0 la Tunisie de 25 millions d&rsquo;euros","datePublished":"2021-04-01T08:49:17+00:00","dateModified":"2021-04-01T08:49:20+00:00","mainEntityOfPage":{"@id":"https:\/\/kapitalis.com\/tunisie\/2021\/04\/01\/covid-19-pour-soutenir-les-entreprises-impactees-lallemagne-fait-don-a-la-tunisie-de-25-millions-deuros\/"},"wordCount":282,"commentCount":0,"publisher":{"@id":"https:\/\/kapitalis.com\/tunisie\/#organization"},"image":{"@id":"https:\/\/kapitalis.com\/tunisie\/2021\/04\/01\/covid-19-pour-soutenir-les-entreprises-impactees-lallemagne-fait-don-a-la-tunisie-de-25-millions-deuros\/#primaryimage"},"thumbnailUrl":"","keywords":["banque allemande de d\u00e9veloppement","Coronavirus","Covid-19","KfW","Othman Jerandi","Peter Pr\u00fcgel","Sare","Sotugar"],"articleSection":["ECONOMIE","Tunisie"],"inLanguage":"fr-FR","potentialAction":[{"@type":"CommentAction","name":"Comment","target":["https:\/\/kapitalis.com\/tunisie\/2021\/04\/01\/covid-19-pour-soutenir-les-entreprises-impactees-lallemagne-fait-don-a-la-tunisie-de-25-millions-deuros\/#respond"]}]},{"@type":"WebPage","@id":"https:\/\/kapitalis.com\/tunisie\/2021\/04\/01\/covid-19-pour-soutenir-les-entreprises-impactees-lallemagne-fait-don-a-la-tunisie-de-25-millions-deuros\/","url":"https:\/\/kapitalis.com\/tunisie\/2021\/04\/01\/covid-19-pour-soutenir-les-entreprises-impactees-lallemagne-fait-don-a-la-tunisie-de-25-millions-deuros\/","name":"Covid-19 : Pour soutenir les entreprises impact\u00e9es, l'Allemagne fait don \u00e0 la Tunisie de 25 millions d'euros - Kapitalis","isPartOf":{"@id":"https:\/\/kapitalis.com\/tunisie\/#website"},"primaryImageOfPage":{"@id":"https:\/\/kapitalis.com\/tunisie\/2021\/04\/01\/covid-19-pour-soutenir-les-entreprises-impactees-lallemagne-fait-don-a-la-tunisie-de-25-millions-deuros\/#primaryimage"},"image":{"@id":"https:\/\/kapitalis.com\/tunisie\/2021\/04\/01\/covid-19-pour-soutenir-les-entreprises-impactees-lallemagne-fait-don-a-la-tunisie-de-25-millions-deuros\/#primaryimage"},"thumbnailUrl":"","datePublished":"2021-04-01T08:49:17+00:00","dateModified":"2021-04-01T08:49:20+00:00","breadcrumb":{"@id":"https:\/\/kapitalis.com\/tunisie\/2021\/04\/01\/covid-19-pour-soutenir-les-entreprises-impactees-lallemagne-fait-don-a-la-tunisie-de-25-millions-deuros\/#breadcrumb"},"inLanguage":"fr-FR","potentialAction":[{"@type":"ReadAction","target":["https:\/\/kapitalis.com\/tunisie\/2021\/04\/01\/covid-19-pour-soutenir-les-entreprises-impactees-lallemagne-fait-don-a-la-tunisie-de-25-millions-deuros\/"]}]},{"@type":"ImageObject","inLanguage":"fr-FR","@id":"https:\/\/kapitalis.com\/tunisie\/2021\/04\/01\/covid-19-pour-soutenir-les-entreprises-impactees-lallemagne-fait-don-a-la-tunisie-de-25-millions-deuros\/#primaryimage","url":"","contentUrl":""},{"@type":"BreadcrumbList","@id":"https:\/\/kapitalis.com\/tunisie\/2021\/04\/01\/covid-19-pour-soutenir-les-entreprises-impactees-lallemagne-fait-don-a-la-tunisie-de-25-millions-deuros\/#breadcrumb","itemListElement":[{"@type":"ListItem","position":1,"name":"Accueil","item":"https:\/\/kapitalis.com\/tunisie\/"},{"@type":"ListItem","position":2,"name":"Covid-19 : Pour soutenir les entreprises impact\u00e9es, l&rsquo;Allemagne fait don \u00e0 la Tunisie de 25 millions d&rsquo;euros"}]},{"@type":"WebSite","@id":"https:\/\/kapitalis.com\/tunisie\/#website","url":"https:\/\/kapitalis.com\/tunisie\/","name":"Kapitalis","description":"L&#039;actualit\u00e9 en Tunisie et dans le monde","publisher":{"@id":"https:\/\/kapitalis.com\/tunisie\/#organization"},"potentialAction":[{"@type":"SearchAction","target":{"@type":"EntryPoint","urlTemplate":"https:\/\/kapitalis.com\/tunisie\/?s={search_term_string}"},"query-input":{"@type":"PropertyValueSpecification","valueRequired":true,"valueName":"search_term_string"}}],"inLanguage":"fr-FR"},{"@type":"Organization","@id":"https:\/\/kapitalis.com\/tunisie\/#organization","name":"Kapitalis","url":"https:\/\/kapitalis.com\/tunisie\/","logo":{"@type":"ImageObject","inLanguage":"fr-FR","@id":"https:\/\/kapitalis.com\/tunisie\/#\/schema\/logo\/image\/","url":"https:\/\/kapitalis.com\/tunisie\/wp-content\/uploads\/2022\/05\/Kapitalis-big-size.png","contentUrl":"https:\/\/kapitalis.com\/tunisie\/wp-content\/uploads\/2022\/05\/Kapitalis-big-size.png","width":5000,"height":1500,"caption":"Kapitalis"},"image":{"@id":"https:\/\/kapitalis.com\/tunisie\/#\/schema\/logo\/image\/"},"sameAs":["https:\/\/www.facebook.com\/KapitalisInfo\/","https:\/\/x.com\/KapitalisInfo","https:\/\/www.youtube.com\/channel\/UC-yDYrHyfFBWWZaOw3FPg9Q"]},{"@type":"Person","@id":"https:\/\/kapitalis.com\/tunisie\/#\/schema\/person\/b35b8d631961131107263178aeb8019e","name":"Cherif Benyounes","url":"https:\/\/kapitalis.com\/tunisie\/author\/cherif\/"}]}},"_links":{"self":[{"href":"https:\/\/kapitalis.com\/tunisie\/wp-json\/wp\/v2\/posts\/343677","targetHints":{"allow":["GET"]}}],"collection":[{"href":"https:\/\/kapitalis.com\/tunisie\/wp-json\/wp\/v2\/posts"}],"about":[{"href":"https:\/\/kapitalis.com\/tunisie\/wp-json\/wp\/v2\/types\/post"}],"author":[{"embeddable":true,"href":"https:\/\/kapitalis.com\/tunisie\/wp-json\/wp\/v2\/users\/24"}],"replies":[{"embeddable":true,"href":"https:\/\/kapitalis.com\/tunisie\/wp-json\/wp\/v2\/comments?post=343677"}],"version-history":[{"count":0,"href":"https:\/\/kapitalis.com\/tunisie\/wp-json\/wp\/v2\/posts\/343677\/revisions"}],"wp:featuredmedia":[{"embeddable":true,"href":"https:\/\/kapitalis.com\/tunisie\/wp-json\/wp\/v2\/media\/343684"}],"wp:attachment":[{"href":"https:\/\/kapitalis.com\/tunisie\/wp-json\/wp\/v2\/media?parent=343677"}],"wp:term":[{"taxonomy":"category","embeddable":true,"href":"https:\/\/kapitalis.com\/tunisie\/wp-json\/wp\/v2\/categories?post=343677"},{"taxonomy":"post_tag","embeddable":true,"href":"https:\/\/kapitalis.com\/tunisie\/wp-json\/wp\/v2\/tags?post=343677"}],"curies":[{"name":"wp","href":"https:\/\/api.w.org\/{rel}","templated":true}]}}