{"id":344199,"date":"2021-04-05T12:50:19","date_gmt":"2021-04-05T11:50:19","guid":{"rendered":"http:\/\/kapitalis.com\/tunisie\/?p=344199"},"modified":"2021-04-05T12:50:22","modified_gmt":"2021-04-05T11:50:22","slug":"nomination-dun-administrateur-judiciaire-a-la-tete-de-la-societe-ams","status":"publish","type":"post","link":"https:\/\/kapitalis.com\/tunisie\/2021\/04\/05\/nomination-dun-administrateur-judiciaire-a-la-tete-de-la-societe-ams\/","title":{"rendered":"Nomination d\u2019un administrateur judiciaire \u00e0 la t\u00eate de la soci\u00e9t\u00e9 AMS"},"content":{"rendered":"\n<figure class=\"wp-block-image size-large\"><img decoding=\"async\" src=\"http:\/\/kapitalis.com\/tunisie\/wp-content\/uploads\/2018\/12\/Les-AMS.jpg\" alt=\"\" class=\"wp-image-189353\"\/><\/figure>\n\n\n\n<p><strong><em>En vertu d\u2019une d\u00e9cision du tribunal de premi\u00e8re instance de Sousse, un administrateur judiciaire sera nomm\u00e9 \u00e0 la t\u00eate de la soci\u00e9t\u00e9 les Ateliers m\u00e9caniques du Sahel (AMS) et l\u2019ouverture d\u2019un p\u00e9riode d\u2019observation de 9 mois. Nous publions ci-dessous le communiqu\u00e9 de la soci\u00e9t\u00e9 qui traverse une grave crise depuis plusieurs ann\u00e9es.<\/em><\/strong><\/p>\n\n\n\n<!--more-->\n\n\n\n<p>La soci\u00e9t\u00e9 AMS porte \u00e0 la connaissance de ses actionnaires et le grand public que par d\u00e9cision du tribunal de premi\u00e8re instance de Sousse, en date du 31 mars 2021, il a \u00e9t\u00e9 ordonn\u00e9 le refus de la demande d\u2019admission de la soci\u00e9t\u00e9 au b\u00e9n\u00e9fice du r\u00e8glement amiable; l\u2019admission de la soci\u00e9t\u00e9 sous la proc\u00e9dure du r\u00e8glement judicaire conform\u00e9ment aux dispositions de la loi n\u00b036-2016 du 29\/04\/2016 relative aux proc\u00e9dures collectives.<\/p>\n\n\n\n<p>Ainsi, il a \u00e9t\u00e9 ordonn\u00e9, dans ce sens, la nomination d\u2019un administrateur judiciaire et l\u2019ouverture d\u2019une p\u00e9riode d\u2019observation de 9 mois. Courant cette p\u00e9riode, l\u2019administrateur judiciaire d\u00e9sign\u00e9 par le tribunal est charg\u00e9 d\u2019examiner la situation \u00e9conomique et financi\u00e8re de la soci\u00e9t\u00e9, ainsi que prendre acte du plan de restructuration financi\u00e8re et op\u00e9rationnelle d\u00e9j\u00e0 \u00e9tabli.<\/p>\n\n\n\n<p>Ainsi, l\u2019actionnaire de r\u00e9f\u00e9rence de la soci\u00e9t\u00e9 et la direction g\u00e9n\u00e9rale ne vont \u00e9pargner aucun effort pour collaborer avec l\u2019administrateur judiciaire d\u00e9sign\u00e9 dans le but de pr\u00e9server et assurer la continuit\u00e9 de l\u2019activit\u00e9 de la soci\u00e9t\u00e9, sauvegarder son patrimoine et conserver les emplois.<\/p>\n\n\n\n<p>Dans ce sens, le plan de restructuration financi\u00e8re et op\u00e9rationnelle \u00e9tabli depuis 2018 et approuv\u00e9 par l\u2019assembl\u00e9e g\u00e9n\u00e9rale des actionnaires sera mis \u00e0 la disposition de l\u2019administrateur judiciaire. Lequel plan a \u00e9t\u00e9 \u00e9labor\u00e9 en concertation avec des cabinets de renom, chacun dans son domaine d\u2019expertise (due diligence, montage financier, am\u00e9lioration op\u00e9rationnelle, etc.).<\/p>\n\n\n\n<p>De plus, l\u2019actionnaire de r\u00e9f\u00e9rence continuera dans les m\u00eames d\u00e9marches lanc\u00e9es auparavant dans l\u2019objectif d\u2019apporter \u00e0 la soci\u00e9t\u00e9 le soutien financier n\u00e9cessaire \u00e0 travers une lev\u00e9e de fonds \u00e0 r\u00e9aliser par un fonds d\u2019investissement. Une lev\u00e9e de fonds autant convoit\u00e9e pour assurer la reprise de l\u2019activit\u00e9 de la soci\u00e9t\u00e9 et rompre d\u00e9finitivement avec les difficult\u00e9s qu\u2019avaient rencontr\u00e9es depuis des ann\u00e9es. Ces difficult\u00e9s, qui se sont accentu\u00e9es depuis la r\u00e9volution de 2011 et particuli\u00e8rement la mont\u00e9e en puissance du march\u00e9 parall\u00e8le et qui ont \u00e9t\u00e9 identifi\u00e9es par toutes les analyses financi\u00e8res faites et annonc\u00e9es par tous les pr\u00e9c\u00e9dents communiqu\u00e9s publi\u00e9s par la soci\u00e9t\u00e9.<\/p>\n","protected":false},"excerpt":{"rendered":"<p>En vertu d\u2019une d\u00e9cision du tribunal de premi\u00e8re instance de Sousse, un administrateur judiciaire sera nomm\u00e9 \u00e0 la t\u00eate de la soci\u00e9t\u00e9 les Ateliers m\u00e9caniques du Sahel (AMS) et l\u2019ouverture d\u2019un p\u00e9riode d\u2019observation de 9 mois. Nous publions ci-dessous le communiqu\u00e9 de la soci\u00e9t\u00e9 qui traverse une grave crise depuis plusieurs ann\u00e9es.<\/p>\n","protected":false},"author":8,"featured_media":0,"comment_status":"open","ping_status":"open","sticky":false,"template":"","format":"standard","meta":{"footnotes":""},"categories":[995,2433],"tags":[89052,3063,1047,854],"class_list":["post-344199","post","type-post","status-publish","format-standard","hentry","category-economie","category-tunisie","tag-administrateur-judiciaire","tag-ams","tag-ateliers-mecaniques-du-sahel","tag-sousse"],"yoast_head":"<!-- This site is optimized with the Yoast SEO plugin v26.6 - https:\/\/yoast.com\/wordpress\/plugins\/seo\/ -->\n<title>Nomination d\u2019un administrateur judiciaire \u00e0 la t\u00eate de la soci\u00e9t\u00e9 AMS - Kapitalis<\/title>\n<meta name=\"robots\" content=\"index, follow, max-snippet:-1, max-image-preview:large, max-video-preview:-1\" \/>\n<link rel=\"canonical\" href=\"https:\/\/kapitalis.com\/tunisie\/2021\/04\/05\/nomination-dun-administrateur-judiciaire-a-la-tete-de-la-societe-ams\/\" \/>\n<meta property=\"og:locale\" content=\"fr_FR\" \/>\n<meta property=\"og:type\" content=\"article\" \/>\n<meta property=\"og:title\" content=\"Nomination d\u2019un administrateur judiciaire \u00e0 la t\u00eate de la soci\u00e9t\u00e9 AMS - Kapitalis\" \/>\n<meta property=\"og:description\" content=\"En vertu d\u2019une d\u00e9cision du tribunal de premi\u00e8re instance de Sousse, un administrateur judiciaire sera nomm\u00e9 \u00e0 la t\u00eate de la soci\u00e9t\u00e9 les Ateliers m\u00e9caniques du Sahel (AMS) et l\u2019ouverture d\u2019un p\u00e9riode d\u2019observation de 9 mois. Nous publions ci-dessous le communiqu\u00e9 de la soci\u00e9t\u00e9 qui traverse une grave crise depuis plusieurs ann\u00e9es.\" \/>\n<meta property=\"og:url\" content=\"https:\/\/kapitalis.com\/tunisie\/2021\/04\/05\/nomination-dun-administrateur-judiciaire-a-la-tete-de-la-societe-ams\/\" \/>\n<meta property=\"og:site_name\" content=\"Kapitalis\" \/>\n<meta property=\"article:publisher\" content=\"https:\/\/www.facebook.com\/KapitalisInfo\/\" \/>\n<meta property=\"article:published_time\" content=\"2021-04-05T11:50:19+00:00\" \/>\n<meta property=\"article:modified_time\" content=\"2021-04-05T11:50:22+00:00\" \/>\n<meta property=\"og:image\" content=\"http:\/\/kapitalis.com\/tunisie\/wp-content\/uploads\/2018\/12\/Les-AMS.jpg\" \/>\n<meta name=\"author\" content=\"webmaster kapitalis\" \/>\n<meta name=\"twitter:card\" content=\"summary_large_image\" \/>\n<meta name=\"twitter:creator\" content=\"@KapitalisInfo\" \/>\n<meta name=\"twitter:site\" content=\"@KapitalisInfo\" \/>\n<meta name=\"twitter:label1\" content=\"\u00c9crit par\" \/>\n\t<meta name=\"twitter:data1\" content=\"webmaster kapitalis\" \/>\n\t<meta name=\"twitter:label2\" content=\"Dur\u00e9e de lecture estim\u00e9e\" \/>\n\t<meta name=\"twitter:data2\" content=\"2 minutes\" \/>\n<script type=\"application\/ld+json\" class=\"yoast-schema-graph\">{\"@context\":\"https:\/\/schema.org\",\"@graph\":[{\"@type\":\"Article\",\"@id\":\"https:\/\/kapitalis.com\/tunisie\/2021\/04\/05\/nomination-dun-administrateur-judiciaire-a-la-tete-de-la-societe-ams\/#article\",\"isPartOf\":{\"@id\":\"https:\/\/kapitalis.com\/tunisie\/2021\/04\/05\/nomination-dun-administrateur-judiciaire-a-la-tete-de-la-societe-ams\/\"},\"author\":{\"name\":\"webmaster kapitalis\",\"@id\":\"https:\/\/kapitalis.com\/tunisie\/#\/schema\/person\/d71f33a9ca44f7bad4698210b480c8e9\"},\"headline\":\"Nomination d\u2019un administrateur judiciaire \u00e0 la t\u00eate de la soci\u00e9t\u00e9 AMS\",\"datePublished\":\"2021-04-05T11:50:19+00:00\",\"dateModified\":\"2021-04-05T11:50:22+00:00\",\"mainEntityOfPage\":{\"@id\":\"https:\/\/kapitalis.com\/tunisie\/2021\/04\/05\/nomination-dun-administrateur-judiciaire-a-la-tete-de-la-societe-ams\/\"},\"wordCount\":472,\"commentCount\":0,\"publisher\":{\"@id\":\"https:\/\/kapitalis.com\/tunisie\/#organization\"},\"image\":{\"@id\":\"https:\/\/kapitalis.com\/tunisie\/2021\/04\/05\/nomination-dun-administrateur-judiciaire-a-la-tete-de-la-societe-ams\/#primaryimage\"},\"thumbnailUrl\":\"http:\/\/kapitalis.com\/tunisie\/wp-content\/uploads\/2018\/12\/Les-AMS.jpg\",\"keywords\":[\"administrateur judiciaire\",\"AMS\",\"Ateliers m\u00e9caniques du Sahel\",\"Sousse\"],\"articleSection\":[\"ECONOMIE\",\"Tunisie\"],\"inLanguage\":\"fr-FR\",\"potentialAction\":[{\"@type\":\"CommentAction\",\"name\":\"Comment\",\"target\":[\"https:\/\/kapitalis.com\/tunisie\/2021\/04\/05\/nomination-dun-administrateur-judiciaire-a-la-tete-de-la-societe-ams\/#respond\"]}]},{\"@type\":\"WebPage\",\"@id\":\"https:\/\/kapitalis.com\/tunisie\/2021\/04\/05\/nomination-dun-administrateur-judiciaire-a-la-tete-de-la-societe-ams\/\",\"url\":\"https:\/\/kapitalis.com\/tunisie\/2021\/04\/05\/nomination-dun-administrateur-judiciaire-a-la-tete-de-la-societe-ams\/\",\"name\":\"Nomination d\u2019un administrateur judiciaire \u00e0 la t\u00eate de la soci\u00e9t\u00e9 AMS - Kapitalis\",\"isPartOf\":{\"@id\":\"https:\/\/kapitalis.com\/tunisie\/#website\"},\"primaryImageOfPage\":{\"@id\":\"https:\/\/kapitalis.com\/tunisie\/2021\/04\/05\/nomination-dun-administrateur-judiciaire-a-la-tete-de-la-societe-ams\/#primaryimage\"},\"image\":{\"@id\":\"https:\/\/kapitalis.com\/tunisie\/2021\/04\/05\/nomination-dun-administrateur-judiciaire-a-la-tete-de-la-societe-ams\/#primaryimage\"},\"thumbnailUrl\":\"http:\/\/kapitalis.com\/tunisie\/wp-content\/uploads\/2018\/12\/Les-AMS.jpg\",\"datePublished\":\"2021-04-05T11:50:19+00:00\",\"dateModified\":\"2021-04-05T11:50:22+00:00\",\"breadcrumb\":{\"@id\":\"https:\/\/kapitalis.com\/tunisie\/2021\/04\/05\/nomination-dun-administrateur-judiciaire-a-la-tete-de-la-societe-ams\/#breadcrumb\"},\"inLanguage\":\"fr-FR\",\"potentialAction\":[{\"@type\":\"ReadAction\",\"target\":[\"https:\/\/kapitalis.com\/tunisie\/2021\/04\/05\/nomination-dun-administrateur-judiciaire-a-la-tete-de-la-societe-ams\/\"]}]},{\"@type\":\"ImageObject\",\"inLanguage\":\"fr-FR\",\"@id\":\"https:\/\/kapitalis.com\/tunisie\/2021\/04\/05\/nomination-dun-administrateur-judiciaire-a-la-tete-de-la-societe-ams\/#primaryimage\",\"url\":\"http:\/\/kapitalis.com\/tunisie\/wp-content\/uploads\/2018\/12\/Les-AMS.jpg\",\"contentUrl\":\"http:\/\/kapitalis.com\/tunisie\/wp-content\/uploads\/2018\/12\/Les-AMS.jpg\"},{\"@type\":\"BreadcrumbList\",\"@id\":\"https:\/\/kapitalis.com\/tunisie\/2021\/04\/05\/nomination-dun-administrateur-judiciaire-a-la-tete-de-la-societe-ams\/#breadcrumb\",\"itemListElement\":[{\"@type\":\"ListItem\",\"position\":1,\"name\":\"Accueil\",\"item\":\"https:\/\/kapitalis.com\/tunisie\/\"},{\"@type\":\"ListItem\",\"position\":2,\"name\":\"Nomination d\u2019un administrateur judiciaire \u00e0 la t\u00eate de la soci\u00e9t\u00e9 AMS\"}]},{\"@type\":\"WebSite\",\"@id\":\"https:\/\/kapitalis.com\/tunisie\/#website\",\"url\":\"https:\/\/kapitalis.com\/tunisie\/\",\"name\":\"Kapitalis\",\"description\":\"L&#039;actualit\u00e9 en Tunisie et dans le monde\",\"publisher\":{\"@id\":\"https:\/\/kapitalis.com\/tunisie\/#organization\"},\"potentialAction\":[{\"@type\":\"SearchAction\",\"target\":{\"@type\":\"EntryPoint\",\"urlTemplate\":\"https:\/\/kapitalis.com\/tunisie\/?s={search_term_string}\"},\"query-input\":{\"@type\":\"PropertyValueSpecification\",\"valueRequired\":true,\"valueName\":\"search_term_string\"}}],\"inLanguage\":\"fr-FR\"},{\"@type\":\"Organization\",\"@id\":\"https:\/\/kapitalis.com\/tunisie\/#organization\",\"name\":\"Kapitalis\",\"url\":\"https:\/\/kapitalis.com\/tunisie\/\",\"logo\":{\"@type\":\"ImageObject\",\"inLanguage\":\"fr-FR\",\"@id\":\"https:\/\/kapitalis.com\/tunisie\/#\/schema\/logo\/image\/\",\"url\":\"https:\/\/kapitalis.com\/tunisie\/wp-content\/uploads\/2022\/05\/Kapitalis-big-size.png\",\"contentUrl\":\"https:\/\/kapitalis.com\/tunisie\/wp-content\/uploads\/2022\/05\/Kapitalis-big-size.png\",\"width\":5000,\"height\":1500,\"caption\":\"Kapitalis\"},\"image\":{\"@id\":\"https:\/\/kapitalis.com\/tunisie\/#\/schema\/logo\/image\/\"},\"sameAs\":[\"https:\/\/www.facebook.com\/KapitalisInfo\/\",\"https:\/\/x.com\/KapitalisInfo\",\"https:\/\/www.youtube.com\/channel\/UC-yDYrHyfFBWWZaOw3FPg9Q\"]},{\"@type\":\"Person\",\"@id\":\"https:\/\/kapitalis.com\/tunisie\/#\/schema\/person\/d71f33a9ca44f7bad4698210b480c8e9\",\"name\":\"webmaster kapitalis\",\"url\":\"https:\/\/kapitalis.com\/tunisie\/author\/webmaster-kapitalis\/\"}]}<\/script>\n<!-- \/ Yoast SEO plugin. -->","yoast_head_json":{"title":"Nomination d\u2019un administrateur judiciaire \u00e0 la t\u00eate de la soci\u00e9t\u00e9 AMS - Kapitalis","robots":{"index":"index","follow":"follow","max-snippet":"max-snippet:-1","max-image-preview":"max-image-preview:large","max-video-preview":"max-video-preview:-1"},"canonical":"https:\/\/kapitalis.com\/tunisie\/2021\/04\/05\/nomination-dun-administrateur-judiciaire-a-la-tete-de-la-societe-ams\/","og_locale":"fr_FR","og_type":"article","og_title":"Nomination d\u2019un administrateur judiciaire \u00e0 la t\u00eate de la soci\u00e9t\u00e9 AMS - Kapitalis","og_description":"En vertu d\u2019une d\u00e9cision du tribunal de premi\u00e8re instance de Sousse, un administrateur judiciaire sera nomm\u00e9 \u00e0 la t\u00eate de la soci\u00e9t\u00e9 les Ateliers m\u00e9caniques du Sahel (AMS) et l\u2019ouverture d\u2019un p\u00e9riode d\u2019observation de 9 mois. Nous publions ci-dessous le communiqu\u00e9 de la soci\u00e9t\u00e9 qui traverse une grave crise depuis plusieurs ann\u00e9es.","og_url":"https:\/\/kapitalis.com\/tunisie\/2021\/04\/05\/nomination-dun-administrateur-judiciaire-a-la-tete-de-la-societe-ams\/","og_site_name":"Kapitalis","article_publisher":"https:\/\/www.facebook.com\/KapitalisInfo\/","article_published_time":"2021-04-05T11:50:19+00:00","article_modified_time":"2021-04-05T11:50:22+00:00","og_image":[{"url":"http:\/\/kapitalis.com\/tunisie\/wp-content\/uploads\/2018\/12\/Les-AMS.jpg","type":"","width":"","height":""}],"author":"webmaster kapitalis","twitter_card":"summary_large_image","twitter_creator":"@KapitalisInfo","twitter_site":"@KapitalisInfo","twitter_misc":{"\u00c9crit par":"webmaster kapitalis","Dur\u00e9e de lecture estim\u00e9e":"2 minutes"},"schema":{"@context":"https:\/\/schema.org","@graph":[{"@type":"Article","@id":"https:\/\/kapitalis.com\/tunisie\/2021\/04\/05\/nomination-dun-administrateur-judiciaire-a-la-tete-de-la-societe-ams\/#article","isPartOf":{"@id":"https:\/\/kapitalis.com\/tunisie\/2021\/04\/05\/nomination-dun-administrateur-judiciaire-a-la-tete-de-la-societe-ams\/"},"author":{"name":"webmaster kapitalis","@id":"https:\/\/kapitalis.com\/tunisie\/#\/schema\/person\/d71f33a9ca44f7bad4698210b480c8e9"},"headline":"Nomination d\u2019un administrateur judiciaire \u00e0 la t\u00eate de la soci\u00e9t\u00e9 AMS","datePublished":"2021-04-05T11:50:19+00:00","dateModified":"2021-04-05T11:50:22+00:00","mainEntityOfPage":{"@id":"https:\/\/kapitalis.com\/tunisie\/2021\/04\/05\/nomination-dun-administrateur-judiciaire-a-la-tete-de-la-societe-ams\/"},"wordCount":472,"commentCount":0,"publisher":{"@id":"https:\/\/kapitalis.com\/tunisie\/#organization"},"image":{"@id":"https:\/\/kapitalis.com\/tunisie\/2021\/04\/05\/nomination-dun-administrateur-judiciaire-a-la-tete-de-la-societe-ams\/#primaryimage"},"thumbnailUrl":"http:\/\/kapitalis.com\/tunisie\/wp-content\/uploads\/2018\/12\/Les-AMS.jpg","keywords":["administrateur judiciaire","AMS","Ateliers m\u00e9caniques du Sahel","Sousse"],"articleSection":["ECONOMIE","Tunisie"],"inLanguage":"fr-FR","potentialAction":[{"@type":"CommentAction","name":"Comment","target":["https:\/\/kapitalis.com\/tunisie\/2021\/04\/05\/nomination-dun-administrateur-judiciaire-a-la-tete-de-la-societe-ams\/#respond"]}]},{"@type":"WebPage","@id":"https:\/\/kapitalis.com\/tunisie\/2021\/04\/05\/nomination-dun-administrateur-judiciaire-a-la-tete-de-la-societe-ams\/","url":"https:\/\/kapitalis.com\/tunisie\/2021\/04\/05\/nomination-dun-administrateur-judiciaire-a-la-tete-de-la-societe-ams\/","name":"Nomination d\u2019un administrateur judiciaire \u00e0 la t\u00eate de la soci\u00e9t\u00e9 AMS - Kapitalis","isPartOf":{"@id":"https:\/\/kapitalis.com\/tunisie\/#website"},"primaryImageOfPage":{"@id":"https:\/\/kapitalis.com\/tunisie\/2021\/04\/05\/nomination-dun-administrateur-judiciaire-a-la-tete-de-la-societe-ams\/#primaryimage"},"image":{"@id":"https:\/\/kapitalis.com\/tunisie\/2021\/04\/05\/nomination-dun-administrateur-judiciaire-a-la-tete-de-la-societe-ams\/#primaryimage"},"thumbnailUrl":"http:\/\/kapitalis.com\/tunisie\/wp-content\/uploads\/2018\/12\/Les-AMS.jpg","datePublished":"2021-04-05T11:50:19+00:00","dateModified":"2021-04-05T11:50:22+00:00","breadcrumb":{"@id":"https:\/\/kapitalis.com\/tunisie\/2021\/04\/05\/nomination-dun-administrateur-judiciaire-a-la-tete-de-la-societe-ams\/#breadcrumb"},"inLanguage":"fr-FR","potentialAction":[{"@type":"ReadAction","target":["https:\/\/kapitalis.com\/tunisie\/2021\/04\/05\/nomination-dun-administrateur-judiciaire-a-la-tete-de-la-societe-ams\/"]}]},{"@type":"ImageObject","inLanguage":"fr-FR","@id":"https:\/\/kapitalis.com\/tunisie\/2021\/04\/05\/nomination-dun-administrateur-judiciaire-a-la-tete-de-la-societe-ams\/#primaryimage","url":"http:\/\/kapitalis.com\/tunisie\/wp-content\/uploads\/2018\/12\/Les-AMS.jpg","contentUrl":"http:\/\/kapitalis.com\/tunisie\/wp-content\/uploads\/2018\/12\/Les-AMS.jpg"},{"@type":"BreadcrumbList","@id":"https:\/\/kapitalis.com\/tunisie\/2021\/04\/05\/nomination-dun-administrateur-judiciaire-a-la-tete-de-la-societe-ams\/#breadcrumb","itemListElement":[{"@type":"ListItem","position":1,"name":"Accueil","item":"https:\/\/kapitalis.com\/tunisie\/"},{"@type":"ListItem","position":2,"name":"Nomination d\u2019un administrateur judiciaire \u00e0 la t\u00eate de la soci\u00e9t\u00e9 AMS"}]},{"@type":"WebSite","@id":"https:\/\/kapitalis.com\/tunisie\/#website","url":"https:\/\/kapitalis.com\/tunisie\/","name":"Kapitalis","description":"L&#039;actualit\u00e9 en Tunisie et dans le monde","publisher":{"@id":"https:\/\/kapitalis.com\/tunisie\/#organization"},"potentialAction":[{"@type":"SearchAction","target":{"@type":"EntryPoint","urlTemplate":"https:\/\/kapitalis.com\/tunisie\/?s={search_term_string}"},"query-input":{"@type":"PropertyValueSpecification","valueRequired":true,"valueName":"search_term_string"}}],"inLanguage":"fr-FR"},{"@type":"Organization","@id":"https:\/\/kapitalis.com\/tunisie\/#organization","name":"Kapitalis","url":"https:\/\/kapitalis.com\/tunisie\/","logo":{"@type":"ImageObject","inLanguage":"fr-FR","@id":"https:\/\/kapitalis.com\/tunisie\/#\/schema\/logo\/image\/","url":"https:\/\/kapitalis.com\/tunisie\/wp-content\/uploads\/2022\/05\/Kapitalis-big-size.png","contentUrl":"https:\/\/kapitalis.com\/tunisie\/wp-content\/uploads\/2022\/05\/Kapitalis-big-size.png","width":5000,"height":1500,"caption":"Kapitalis"},"image":{"@id":"https:\/\/kapitalis.com\/tunisie\/#\/schema\/logo\/image\/"},"sameAs":["https:\/\/www.facebook.com\/KapitalisInfo\/","https:\/\/x.com\/KapitalisInfo","https:\/\/www.youtube.com\/channel\/UC-yDYrHyfFBWWZaOw3FPg9Q"]},{"@type":"Person","@id":"https:\/\/kapitalis.com\/tunisie\/#\/schema\/person\/d71f33a9ca44f7bad4698210b480c8e9","name":"webmaster kapitalis","url":"https:\/\/kapitalis.com\/tunisie\/author\/webmaster-kapitalis\/"}]}},"_links":{"self":[{"href":"https:\/\/kapitalis.com\/tunisie\/wp-json\/wp\/v2\/posts\/344199","targetHints":{"allow":["GET"]}}],"collection":[{"href":"https:\/\/kapitalis.com\/tunisie\/wp-json\/wp\/v2\/posts"}],"about":[{"href":"https:\/\/kapitalis.com\/tunisie\/wp-json\/wp\/v2\/types\/post"}],"author":[{"embeddable":true,"href":"https:\/\/kapitalis.com\/tunisie\/wp-json\/wp\/v2\/users\/8"}],"replies":[{"embeddable":true,"href":"https:\/\/kapitalis.com\/tunisie\/wp-json\/wp\/v2\/comments?post=344199"}],"version-history":[{"count":0,"href":"https:\/\/kapitalis.com\/tunisie\/wp-json\/wp\/v2\/posts\/344199\/revisions"}],"wp:attachment":[{"href":"https:\/\/kapitalis.com\/tunisie\/wp-json\/wp\/v2\/media?parent=344199"}],"wp:term":[{"taxonomy":"category","embeddable":true,"href":"https:\/\/kapitalis.com\/tunisie\/wp-json\/wp\/v2\/categories?post=344199"},{"taxonomy":"post_tag","embeddable":true,"href":"https:\/\/kapitalis.com\/tunisie\/wp-json\/wp\/v2\/tags?post=344199"}],"curies":[{"name":"wp","href":"https:\/\/api.w.org\/{rel}","templated":true}]}}