{"id":344228,"date":"2021-04-05T14:24:44","date_gmt":"2021-04-05T13:24:44","guid":{"rendered":"http:\/\/kapitalis.com\/tunisie\/?p=344228"},"modified":"2021-04-06T00:16:28","modified_gmt":"2021-04-05T23:16:28","slug":"coronavirus-il-faut-se-preparer-a-leventualite-dun-confinement-general-en-tunisie-estime-attayar-en-tirant-la-sonnette-dalarme","status":"publish","type":"post","link":"https:\/\/kapitalis.com\/tunisie\/2021\/04\/05\/coronavirus-il-faut-se-preparer-a-leventualite-dun-confinement-general-en-tunisie-estime-attayar-en-tirant-la-sonnette-dalarme\/","title":{"rendered":"Coronavirus : \u00abIl faut se pr\u00e9parer \u00e0 l&rsquo;\u00e9ventualit\u00e9 d&rsquo;un confinement g\u00e9n\u00e9ral en Tunisie\u00bb, estime Attayar, en tirant la sonnette d&rsquo;alarme"},"content":{"rendered":"\n<figure class=\"wp-block-image size-large\"><img decoding=\"async\" src=\"http:\/\/kapitalis.com\/tunisie\/wp-content\/uploads\/2021\/04\/Confinement-Tunisie.jpg\" alt=\"\" class=\"wp-image-344232\"\/><\/figure>\n\n\n\n<p><strong><em>Le courant d\u00e9mocrate (Attayar) a exprim\u00e9 son inqui\u00e9tude face \u00e0 la d\u00e9t\u00e9rioration de la situation sanitaire en Tunisie et a appel\u00e9 les commissions charg\u00e9es de la lutte contre le coronavirus \u00e0 faire face \u00e0 cette troisi\u00e8me vague, tout en proposant des mesures sanitaires \u00e0 ce propos. \u00abIl faut se pr\u00e9parer d\u00e8s maintenant \u00e0 l&rsquo;\u00e9ventualit\u00e9 d&rsquo;un confinement g\u00e9n\u00e9ral\u00bb, estime le parti.<\/em><\/strong><\/p>\n\n\n\n<!--more-->\n\n\n\n<p>Dans un communiqu\u00e9 publi\u00e9 ce lundi 5 avril 2021, Attayar a d\u00e9plor\u00e9 le laxisme dans l\u2019application des mesures sanitaires et des gestes barri\u00e8res et a appel\u00e9 \u00e0 les autorit\u00e9s \u00e0 veiller \u00e0 leur application, \u00e0 interdire les rassemblements et les manifestation, ainsi que les d\u00e9placements entre les r\u00e9gions, et ce, pour \u00e9viter la propagation du virus en g\u00e9n\u00e9ral et le variant britannique en particulier.<\/p>\n\n\n\n<p>Attayar, qui a demand\u00e9 \u00e0 fournir des moyens de protection et de soutien aux groupes n\u00e9cessiteux, a \u00e9galement appel\u00e9 \u00e0 soutenir les efforts de la campagne nationale de vaccination et \u00e0 l\u2019acc\u00e9l\u00e9rer : \u00ab<em>Il est n\u00e9cessaire de coordonner avec les minist\u00e8res de la Sant\u00e9 et des Affaires \u00e9trang\u00e8res ainsi que la pr\u00e9sidence de la r\u00e9publique pour renforcer la r\u00e9ception des doses de vaccin\u00bb.<\/em><\/p>\n\n\n\n<p>Dans ce m\u00eame communiqu\u00e9, le parti a appel\u00e9 \u00e0 se pr\u00e9parer d\u00e8s maintenant \u00e0 l&rsquo;\u00e9ventualit\u00e9 d&rsquo;un confinement g\u00e9n\u00e9ral, avec la mise en place des mesures sociales et \u00e9conomiques qui l\u2019accompagnent.<\/p>\n\n\n\n<p class=\"has-text-align-right\"><strong>Y. N.<\/strong><\/p>\n","protected":false},"excerpt":{"rendered":"<p>Le courant d\u00e9mocrate (Attayar) a exprim\u00e9 son inqui\u00e9tude face \u00e0 la d\u00e9t\u00e9rioration de la situation sanitaire en Tunisie et a appel\u00e9 les commissions charg\u00e9es de la lutte contre le coronavirus \u00e0 faire face \u00e0 cette troisi\u00e8me vague, tout en proposant des mesures sanitaires \u00e0 ce propos. \u00abIl faut se pr\u00e9parer d\u00e8s maintenant \u00e0 l&rsquo;\u00e9ventualit\u00e9 d&rsquo;un&#8230;<\/p>\n","protected":false},"author":6,"featured_media":344232,"comment_status":"open","ping_status":"open","sticky":false,"template":"","format":"standard","meta":{"footnotes":""},"categories":[997,998,2433],"tags":[15519,76605,73060,67134,78820,62643],"class_list":["post-344228","post","type-post","status-publish","format-standard","has-post-thumbnail","hentry","category-politique","category-societe","category-tunisie","tag-attayar","tag-confinement","tag-coronavirus","tag-courant-democrate","tag-covid-2","tag-tunisie"],"yoast_head":"<!-- This site is optimized with the Yoast SEO plugin v26.6 - https:\/\/yoast.com\/wordpress\/plugins\/seo\/ -->\n<title>Coronavirus : \u00abIl faut se pr\u00e9parer \u00e0 l&#039;\u00e9ventualit\u00e9 d&#039;un confinement g\u00e9n\u00e9ral en Tunisie\u00bb, estime Attayar, en tirant la sonnette d&#039;alarme - Kapitalis<\/title>\n<meta name=\"robots\" content=\"index, follow, max-snippet:-1, max-image-preview:large, max-video-preview:-1\" \/>\n<link rel=\"canonical\" href=\"https:\/\/kapitalis.com\/tunisie\/2021\/04\/05\/coronavirus-il-faut-se-preparer-a-leventualite-dun-confinement-general-en-tunisie-estime-attayar-en-tirant-la-sonnette-dalarme\/\" \/>\n<meta property=\"og:locale\" content=\"fr_FR\" \/>\n<meta property=\"og:type\" content=\"article\" \/>\n<meta property=\"og:title\" content=\"Coronavirus : \u00abIl faut se pr\u00e9parer \u00e0 l&#039;\u00e9ventualit\u00e9 d&#039;un confinement g\u00e9n\u00e9ral en Tunisie\u00bb, estime Attayar, en tirant la sonnette d&#039;alarme - Kapitalis\" \/>\n<meta property=\"og:description\" content=\"Le courant d\u00e9mocrate (Attayar) a exprim\u00e9 son inqui\u00e9tude face \u00e0 la d\u00e9t\u00e9rioration de la situation sanitaire en Tunisie et a appel\u00e9 les commissions charg\u00e9es de la lutte contre le coronavirus \u00e0 faire face \u00e0 cette troisi\u00e8me vague, tout en proposant des mesures sanitaires \u00e0 ce propos. \u00abIl faut se pr\u00e9parer d\u00e8s maintenant \u00e0 l&rsquo;\u00e9ventualit\u00e9 d&rsquo;un...\" \/>\n<meta property=\"og:url\" content=\"https:\/\/kapitalis.com\/tunisie\/2021\/04\/05\/coronavirus-il-faut-se-preparer-a-leventualite-dun-confinement-general-en-tunisie-estime-attayar-en-tirant-la-sonnette-dalarme\/\" \/>\n<meta property=\"og:site_name\" content=\"Kapitalis\" \/>\n<meta property=\"article:publisher\" content=\"https:\/\/www.facebook.com\/KapitalisInfo\/\" \/>\n<meta property=\"article:published_time\" content=\"2021-04-05T13:24:44+00:00\" \/>\n<meta property=\"article:modified_time\" content=\"2021-04-05T23:16:28+00:00\" \/>\n<meta property=\"og:image\" content=\"https:\/\/kapitalis.com\/tunisie\/wp-content\/uploads\/2022\/05\/kapitalis-logo-fb.png\" \/>\n\t<meta property=\"og:image:width\" content=\"1200\" \/>\n\t<meta property=\"og:image:height\" content=\"630\" \/>\n\t<meta property=\"og:image:type\" content=\"image\/png\" \/>\n<meta name=\"author\" content=\"Yusra NY\" \/>\n<meta name=\"twitter:card\" content=\"summary_large_image\" \/>\n<meta name=\"twitter:creator\" content=\"@KapitalisInfo\" \/>\n<meta name=\"twitter:site\" content=\"@KapitalisInfo\" \/>\n<meta name=\"twitter:label1\" content=\"\u00c9crit par\" \/>\n\t<meta name=\"twitter:data1\" content=\"Yusra NY\" \/>\n\t<meta name=\"twitter:label2\" content=\"Dur\u00e9e de lecture estim\u00e9e\" \/>\n\t<meta name=\"twitter:data2\" content=\"1 minute\" \/>\n<script type=\"application\/ld+json\" class=\"yoast-schema-graph\">{\"@context\":\"https:\/\/schema.org\",\"@graph\":[{\"@type\":\"Article\",\"@id\":\"https:\/\/kapitalis.com\/tunisie\/2021\/04\/05\/coronavirus-il-faut-se-preparer-a-leventualite-dun-confinement-general-en-tunisie-estime-attayar-en-tirant-la-sonnette-dalarme\/#article\",\"isPartOf\":{\"@id\":\"https:\/\/kapitalis.com\/tunisie\/2021\/04\/05\/coronavirus-il-faut-se-preparer-a-leventualite-dun-confinement-general-en-tunisie-estime-attayar-en-tirant-la-sonnette-dalarme\/\"},\"author\":{\"name\":\"Yusra NY\",\"@id\":\"https:\/\/kapitalis.com\/tunisie\/#\/schema\/person\/74bbde0154d49d790a92aaeac5bc01d5\"},\"headline\":\"Coronavirus : \u00abIl faut se pr\u00e9parer \u00e0 l&rsquo;\u00e9ventualit\u00e9 d&rsquo;un confinement g\u00e9n\u00e9ral en Tunisie\u00bb, estime Attayar, en tirant la sonnette d&rsquo;alarme\",\"datePublished\":\"2021-04-05T13:24:44+00:00\",\"dateModified\":\"2021-04-05T23:16:28+00:00\",\"mainEntityOfPage\":{\"@id\":\"https:\/\/kapitalis.com\/tunisie\/2021\/04\/05\/coronavirus-il-faut-se-preparer-a-leventualite-dun-confinement-general-en-tunisie-estime-attayar-en-tirant-la-sonnette-dalarme\/\"},\"wordCount\":260,\"commentCount\":1,\"publisher\":{\"@id\":\"https:\/\/kapitalis.com\/tunisie\/#organization\"},\"image\":{\"@id\":\"https:\/\/kapitalis.com\/tunisie\/2021\/04\/05\/coronavirus-il-faut-se-preparer-a-leventualite-dun-confinement-general-en-tunisie-estime-attayar-en-tirant-la-sonnette-dalarme\/#primaryimage\"},\"thumbnailUrl\":\"\",\"keywords\":[\"Attayar\",\"confinement\",\"Coronavirus\",\"Courant d\u00e9mocrate\",\"covid\",\"Tunisie\"],\"articleSection\":[\"POLITIQUE\",\"SOCIETE\",\"Tunisie\"],\"inLanguage\":\"fr-FR\",\"potentialAction\":[{\"@type\":\"CommentAction\",\"name\":\"Comment\",\"target\":[\"https:\/\/kapitalis.com\/tunisie\/2021\/04\/05\/coronavirus-il-faut-se-preparer-a-leventualite-dun-confinement-general-en-tunisie-estime-attayar-en-tirant-la-sonnette-dalarme\/#respond\"]}]},{\"@type\":\"WebPage\",\"@id\":\"https:\/\/kapitalis.com\/tunisie\/2021\/04\/05\/coronavirus-il-faut-se-preparer-a-leventualite-dun-confinement-general-en-tunisie-estime-attayar-en-tirant-la-sonnette-dalarme\/\",\"url\":\"https:\/\/kapitalis.com\/tunisie\/2021\/04\/05\/coronavirus-il-faut-se-preparer-a-leventualite-dun-confinement-general-en-tunisie-estime-attayar-en-tirant-la-sonnette-dalarme\/\",\"name\":\"Coronavirus : \u00abIl faut se pr\u00e9parer \u00e0 l'\u00e9ventualit\u00e9 d'un confinement g\u00e9n\u00e9ral en Tunisie\u00bb, estime Attayar, en tirant la sonnette d'alarme - Kapitalis\",\"isPartOf\":{\"@id\":\"https:\/\/kapitalis.com\/tunisie\/#website\"},\"primaryImageOfPage\":{\"@id\":\"https:\/\/kapitalis.com\/tunisie\/2021\/04\/05\/coronavirus-il-faut-se-preparer-a-leventualite-dun-confinement-general-en-tunisie-estime-attayar-en-tirant-la-sonnette-dalarme\/#primaryimage\"},\"image\":{\"@id\":\"https:\/\/kapitalis.com\/tunisie\/2021\/04\/05\/coronavirus-il-faut-se-preparer-a-leventualite-dun-confinement-general-en-tunisie-estime-attayar-en-tirant-la-sonnette-dalarme\/#primaryimage\"},\"thumbnailUrl\":\"\",\"datePublished\":\"2021-04-05T13:24:44+00:00\",\"dateModified\":\"2021-04-05T23:16:28+00:00\",\"breadcrumb\":{\"@id\":\"https:\/\/kapitalis.com\/tunisie\/2021\/04\/05\/coronavirus-il-faut-se-preparer-a-leventualite-dun-confinement-general-en-tunisie-estime-attayar-en-tirant-la-sonnette-dalarme\/#breadcrumb\"},\"inLanguage\":\"fr-FR\",\"potentialAction\":[{\"@type\":\"ReadAction\",\"target\":[\"https:\/\/kapitalis.com\/tunisie\/2021\/04\/05\/coronavirus-il-faut-se-preparer-a-leventualite-dun-confinement-general-en-tunisie-estime-attayar-en-tirant-la-sonnette-dalarme\/\"]}]},{\"@type\":\"ImageObject\",\"inLanguage\":\"fr-FR\",\"@id\":\"https:\/\/kapitalis.com\/tunisie\/2021\/04\/05\/coronavirus-il-faut-se-preparer-a-leventualite-dun-confinement-general-en-tunisie-estime-attayar-en-tirant-la-sonnette-dalarme\/#primaryimage\",\"url\":\"\",\"contentUrl\":\"\"},{\"@type\":\"BreadcrumbList\",\"@id\":\"https:\/\/kapitalis.com\/tunisie\/2021\/04\/05\/coronavirus-il-faut-se-preparer-a-leventualite-dun-confinement-general-en-tunisie-estime-attayar-en-tirant-la-sonnette-dalarme\/#breadcrumb\",\"itemListElement\":[{\"@type\":\"ListItem\",\"position\":1,\"name\":\"Accueil\",\"item\":\"https:\/\/kapitalis.com\/tunisie\/\"},{\"@type\":\"ListItem\",\"position\":2,\"name\":\"Coronavirus : \u00abIl faut se pr\u00e9parer \u00e0 l&rsquo;\u00e9ventualit\u00e9 d&rsquo;un confinement g\u00e9n\u00e9ral en Tunisie\u00bb, estime Attayar, en tirant la sonnette d&rsquo;alarme\"}]},{\"@type\":\"WebSite\",\"@id\":\"https:\/\/kapitalis.com\/tunisie\/#website\",\"url\":\"https:\/\/kapitalis.com\/tunisie\/\",\"name\":\"Kapitalis\",\"description\":\"L&#039;actualit\u00e9 en Tunisie et dans le monde\",\"publisher\":{\"@id\":\"https:\/\/kapitalis.com\/tunisie\/#organization\"},\"potentialAction\":[{\"@type\":\"SearchAction\",\"target\":{\"@type\":\"EntryPoint\",\"urlTemplate\":\"https:\/\/kapitalis.com\/tunisie\/?s={search_term_string}\"},\"query-input\":{\"@type\":\"PropertyValueSpecification\",\"valueRequired\":true,\"valueName\":\"search_term_string\"}}],\"inLanguage\":\"fr-FR\"},{\"@type\":\"Organization\",\"@id\":\"https:\/\/kapitalis.com\/tunisie\/#organization\",\"name\":\"Kapitalis\",\"url\":\"https:\/\/kapitalis.com\/tunisie\/\",\"logo\":{\"@type\":\"ImageObject\",\"inLanguage\":\"fr-FR\",\"@id\":\"https:\/\/kapitalis.com\/tunisie\/#\/schema\/logo\/image\/\",\"url\":\"https:\/\/kapitalis.com\/tunisie\/wp-content\/uploads\/2022\/05\/Kapitalis-big-size.png\",\"contentUrl\":\"https:\/\/kapitalis.com\/tunisie\/wp-content\/uploads\/2022\/05\/Kapitalis-big-size.png\",\"width\":5000,\"height\":1500,\"caption\":\"Kapitalis\"},\"image\":{\"@id\":\"https:\/\/kapitalis.com\/tunisie\/#\/schema\/logo\/image\/\"},\"sameAs\":[\"https:\/\/www.facebook.com\/KapitalisInfo\/\",\"https:\/\/x.com\/KapitalisInfo\",\"https:\/\/www.youtube.com\/channel\/UC-yDYrHyfFBWWZaOw3FPg9Q\"]},{\"@type\":\"Person\",\"@id\":\"https:\/\/kapitalis.com\/tunisie\/#\/schema\/person\/74bbde0154d49d790a92aaeac5bc01d5\",\"name\":\"Yusra NY\",\"url\":\"https:\/\/kapitalis.com\/tunisie\/author\/yuza_adam\/\"}]}<\/script>\n<!-- \/ Yoast SEO plugin. -->","yoast_head_json":{"title":"Coronavirus : \u00abIl faut se pr\u00e9parer \u00e0 l'\u00e9ventualit\u00e9 d'un confinement g\u00e9n\u00e9ral en Tunisie\u00bb, estime Attayar, en tirant la sonnette d'alarme - Kapitalis","robots":{"index":"index","follow":"follow","max-snippet":"max-snippet:-1","max-image-preview":"max-image-preview:large","max-video-preview":"max-video-preview:-1"},"canonical":"https:\/\/kapitalis.com\/tunisie\/2021\/04\/05\/coronavirus-il-faut-se-preparer-a-leventualite-dun-confinement-general-en-tunisie-estime-attayar-en-tirant-la-sonnette-dalarme\/","og_locale":"fr_FR","og_type":"article","og_title":"Coronavirus : \u00abIl faut se pr\u00e9parer \u00e0 l'\u00e9ventualit\u00e9 d'un confinement g\u00e9n\u00e9ral en Tunisie\u00bb, estime Attayar, en tirant la sonnette d'alarme - Kapitalis","og_description":"Le courant d\u00e9mocrate (Attayar) a exprim\u00e9 son inqui\u00e9tude face \u00e0 la d\u00e9t\u00e9rioration de la situation sanitaire en Tunisie et a appel\u00e9 les commissions charg\u00e9es de la lutte contre le coronavirus \u00e0 faire face \u00e0 cette troisi\u00e8me vague, tout en proposant des mesures sanitaires \u00e0 ce propos. \u00abIl faut se pr\u00e9parer d\u00e8s maintenant \u00e0 l&rsquo;\u00e9ventualit\u00e9 d&rsquo;un...","og_url":"https:\/\/kapitalis.com\/tunisie\/2021\/04\/05\/coronavirus-il-faut-se-preparer-a-leventualite-dun-confinement-general-en-tunisie-estime-attayar-en-tirant-la-sonnette-dalarme\/","og_site_name":"Kapitalis","article_publisher":"https:\/\/www.facebook.com\/KapitalisInfo\/","article_published_time":"2021-04-05T13:24:44+00:00","article_modified_time":"2021-04-05T23:16:28+00:00","og_image":[{"width":1200,"height":630,"url":"https:\/\/kapitalis.com\/tunisie\/wp-content\/uploads\/2022\/05\/kapitalis-logo-fb.png","type":"image\/png"}],"author":"Yusra NY","twitter_card":"summary_large_image","twitter_creator":"@KapitalisInfo","twitter_site":"@KapitalisInfo","twitter_misc":{"\u00c9crit par":"Yusra NY","Dur\u00e9e de lecture estim\u00e9e":"1 minute"},"schema":{"@context":"https:\/\/schema.org","@graph":[{"@type":"Article","@id":"https:\/\/kapitalis.com\/tunisie\/2021\/04\/05\/coronavirus-il-faut-se-preparer-a-leventualite-dun-confinement-general-en-tunisie-estime-attayar-en-tirant-la-sonnette-dalarme\/#article","isPartOf":{"@id":"https:\/\/kapitalis.com\/tunisie\/2021\/04\/05\/coronavirus-il-faut-se-preparer-a-leventualite-dun-confinement-general-en-tunisie-estime-attayar-en-tirant-la-sonnette-dalarme\/"},"author":{"name":"Yusra NY","@id":"https:\/\/kapitalis.com\/tunisie\/#\/schema\/person\/74bbde0154d49d790a92aaeac5bc01d5"},"headline":"Coronavirus : \u00abIl faut se pr\u00e9parer \u00e0 l&rsquo;\u00e9ventualit\u00e9 d&rsquo;un confinement g\u00e9n\u00e9ral en Tunisie\u00bb, estime Attayar, en tirant la sonnette d&rsquo;alarme","datePublished":"2021-04-05T13:24:44+00:00","dateModified":"2021-04-05T23:16:28+00:00","mainEntityOfPage":{"@id":"https:\/\/kapitalis.com\/tunisie\/2021\/04\/05\/coronavirus-il-faut-se-preparer-a-leventualite-dun-confinement-general-en-tunisie-estime-attayar-en-tirant-la-sonnette-dalarme\/"},"wordCount":260,"commentCount":1,"publisher":{"@id":"https:\/\/kapitalis.com\/tunisie\/#organization"},"image":{"@id":"https:\/\/kapitalis.com\/tunisie\/2021\/04\/05\/coronavirus-il-faut-se-preparer-a-leventualite-dun-confinement-general-en-tunisie-estime-attayar-en-tirant-la-sonnette-dalarme\/#primaryimage"},"thumbnailUrl":"","keywords":["Attayar","confinement","Coronavirus","Courant d\u00e9mocrate","covid","Tunisie"],"articleSection":["POLITIQUE","SOCIETE","Tunisie"],"inLanguage":"fr-FR","potentialAction":[{"@type":"CommentAction","name":"Comment","target":["https:\/\/kapitalis.com\/tunisie\/2021\/04\/05\/coronavirus-il-faut-se-preparer-a-leventualite-dun-confinement-general-en-tunisie-estime-attayar-en-tirant-la-sonnette-dalarme\/#respond"]}]},{"@type":"WebPage","@id":"https:\/\/kapitalis.com\/tunisie\/2021\/04\/05\/coronavirus-il-faut-se-preparer-a-leventualite-dun-confinement-general-en-tunisie-estime-attayar-en-tirant-la-sonnette-dalarme\/","url":"https:\/\/kapitalis.com\/tunisie\/2021\/04\/05\/coronavirus-il-faut-se-preparer-a-leventualite-dun-confinement-general-en-tunisie-estime-attayar-en-tirant-la-sonnette-dalarme\/","name":"Coronavirus : \u00abIl faut se pr\u00e9parer \u00e0 l'\u00e9ventualit\u00e9 d'un confinement g\u00e9n\u00e9ral en Tunisie\u00bb, estime Attayar, en tirant la sonnette d'alarme - Kapitalis","isPartOf":{"@id":"https:\/\/kapitalis.com\/tunisie\/#website"},"primaryImageOfPage":{"@id":"https:\/\/kapitalis.com\/tunisie\/2021\/04\/05\/coronavirus-il-faut-se-preparer-a-leventualite-dun-confinement-general-en-tunisie-estime-attayar-en-tirant-la-sonnette-dalarme\/#primaryimage"},"image":{"@id":"https:\/\/kapitalis.com\/tunisie\/2021\/04\/05\/coronavirus-il-faut-se-preparer-a-leventualite-dun-confinement-general-en-tunisie-estime-attayar-en-tirant-la-sonnette-dalarme\/#primaryimage"},"thumbnailUrl":"","datePublished":"2021-04-05T13:24:44+00:00","dateModified":"2021-04-05T23:16:28+00:00","breadcrumb":{"@id":"https:\/\/kapitalis.com\/tunisie\/2021\/04\/05\/coronavirus-il-faut-se-preparer-a-leventualite-dun-confinement-general-en-tunisie-estime-attayar-en-tirant-la-sonnette-dalarme\/#breadcrumb"},"inLanguage":"fr-FR","potentialAction":[{"@type":"ReadAction","target":["https:\/\/kapitalis.com\/tunisie\/2021\/04\/05\/coronavirus-il-faut-se-preparer-a-leventualite-dun-confinement-general-en-tunisie-estime-attayar-en-tirant-la-sonnette-dalarme\/"]}]},{"@type":"ImageObject","inLanguage":"fr-FR","@id":"https:\/\/kapitalis.com\/tunisie\/2021\/04\/05\/coronavirus-il-faut-se-preparer-a-leventualite-dun-confinement-general-en-tunisie-estime-attayar-en-tirant-la-sonnette-dalarme\/#primaryimage","url":"","contentUrl":""},{"@type":"BreadcrumbList","@id":"https:\/\/kapitalis.com\/tunisie\/2021\/04\/05\/coronavirus-il-faut-se-preparer-a-leventualite-dun-confinement-general-en-tunisie-estime-attayar-en-tirant-la-sonnette-dalarme\/#breadcrumb","itemListElement":[{"@type":"ListItem","position":1,"name":"Accueil","item":"https:\/\/kapitalis.com\/tunisie\/"},{"@type":"ListItem","position":2,"name":"Coronavirus : \u00abIl faut se pr\u00e9parer \u00e0 l&rsquo;\u00e9ventualit\u00e9 d&rsquo;un confinement g\u00e9n\u00e9ral en Tunisie\u00bb, estime Attayar, en tirant la sonnette d&rsquo;alarme"}]},{"@type":"WebSite","@id":"https:\/\/kapitalis.com\/tunisie\/#website","url":"https:\/\/kapitalis.com\/tunisie\/","name":"Kapitalis","description":"L&#039;actualit\u00e9 en Tunisie et dans le monde","publisher":{"@id":"https:\/\/kapitalis.com\/tunisie\/#organization"},"potentialAction":[{"@type":"SearchAction","target":{"@type":"EntryPoint","urlTemplate":"https:\/\/kapitalis.com\/tunisie\/?s={search_term_string}"},"query-input":{"@type":"PropertyValueSpecification","valueRequired":true,"valueName":"search_term_string"}}],"inLanguage":"fr-FR"},{"@type":"Organization","@id":"https:\/\/kapitalis.com\/tunisie\/#organization","name":"Kapitalis","url":"https:\/\/kapitalis.com\/tunisie\/","logo":{"@type":"ImageObject","inLanguage":"fr-FR","@id":"https:\/\/kapitalis.com\/tunisie\/#\/schema\/logo\/image\/","url":"https:\/\/kapitalis.com\/tunisie\/wp-content\/uploads\/2022\/05\/Kapitalis-big-size.png","contentUrl":"https:\/\/kapitalis.com\/tunisie\/wp-content\/uploads\/2022\/05\/Kapitalis-big-size.png","width":5000,"height":1500,"caption":"Kapitalis"},"image":{"@id":"https:\/\/kapitalis.com\/tunisie\/#\/schema\/logo\/image\/"},"sameAs":["https:\/\/www.facebook.com\/KapitalisInfo\/","https:\/\/x.com\/KapitalisInfo","https:\/\/www.youtube.com\/channel\/UC-yDYrHyfFBWWZaOw3FPg9Q"]},{"@type":"Person","@id":"https:\/\/kapitalis.com\/tunisie\/#\/schema\/person\/74bbde0154d49d790a92aaeac5bc01d5","name":"Yusra NY","url":"https:\/\/kapitalis.com\/tunisie\/author\/yuza_adam\/"}]}},"_links":{"self":[{"href":"https:\/\/kapitalis.com\/tunisie\/wp-json\/wp\/v2\/posts\/344228","targetHints":{"allow":["GET"]}}],"collection":[{"href":"https:\/\/kapitalis.com\/tunisie\/wp-json\/wp\/v2\/posts"}],"about":[{"href":"https:\/\/kapitalis.com\/tunisie\/wp-json\/wp\/v2\/types\/post"}],"author":[{"embeddable":true,"href":"https:\/\/kapitalis.com\/tunisie\/wp-json\/wp\/v2\/users\/6"}],"replies":[{"embeddable":true,"href":"https:\/\/kapitalis.com\/tunisie\/wp-json\/wp\/v2\/comments?post=344228"}],"version-history":[{"count":0,"href":"https:\/\/kapitalis.com\/tunisie\/wp-json\/wp\/v2\/posts\/344228\/revisions"}],"wp:featuredmedia":[{"embeddable":true,"href":"https:\/\/kapitalis.com\/tunisie\/wp-json\/wp\/v2\/media\/344232"}],"wp:attachment":[{"href":"https:\/\/kapitalis.com\/tunisie\/wp-json\/wp\/v2\/media?parent=344228"}],"wp:term":[{"taxonomy":"category","embeddable":true,"href":"https:\/\/kapitalis.com\/tunisie\/wp-json\/wp\/v2\/categories?post=344228"},{"taxonomy":"post_tag","embeddable":true,"href":"https:\/\/kapitalis.com\/tunisie\/wp-json\/wp\/v2\/tags?post=344228"}],"curies":[{"name":"wp","href":"https:\/\/api.w.org\/{rel}","templated":true}]}}