{"id":344638,"date":"2021-04-08T07:39:49","date_gmt":"2021-04-08T06:39:49","guid":{"rendered":"http:\/\/kapitalis.com\/tunisie\/?p=344638"},"modified":"2021-04-08T07:39:55","modified_gmt":"2021-04-08T06:39:55","slug":"ooredoo-appuie-larmee-blanche-dans-la-lutte-contre-la-covid-19","status":"publish","type":"post","link":"https:\/\/kapitalis.com\/tunisie\/2021\/04\/08\/ooredoo-appuie-larmee-blanche-dans-la-lutte-contre-la-covid-19\/","title":{"rendered":"Ooredoo appuie l\u2019arm\u00e9e blanche dans la lutte contre la Covid-19"},"content":{"rendered":"\n<figure class=\"wp-block-image size-large\"><img decoding=\"async\" src=\"http:\/\/kapitalis.com\/tunisie\/wp-content\/uploads\/2021\/04\/Ooredoo-Evax.jpg\" alt=\"\" class=\"wp-image-344639\"\/><\/figure>\n\n\n\n<p><strong><em>Ooredoo poursuit ses efforts de soutien au minist\u00e8re de la Sant\u00e9 et remet ses moyens techniques \u00e0 la disposition du cadre m\u00e9dical dans le cadre des campagnes de lutte contre la pand\u00e9mie de la Covid-19.<\/em><\/strong><\/p>\n\n\n\n<!--more-->\n\n\n\n<p>L\u2019op\u00e9rateur s\u2019est ainsi engag\u00e9 \u00e0 assurer la connectivit\u00e9 mobile dans les 8 centres d\u00e9di\u00e9s \u00e0 la vaccination r\u00e9partis sur l\u2019ensemble du territoire tunisien \u00e0 travers la fourniture et l\u2019installation de 4G BOX, et notamment celle la Coupole d\u2019El Menzah, qui est le plus grand centre mis \u00e0 la disposition de la campagne.<\/p>\n\n\n\n<p>L\u2019\u00e9quipe m\u00e9dicale charg\u00e9e d\u2019assurer l\u2019accueil des citoyens et de leur vaccination aura ainsi un acc\u00e8s mobile gratuit \u00e0 la plateforme Evax, lui permettant de g\u00e9rer tout le processus de bout en bout d\u2019une mani\u00e8re totalement num\u00e9rique. Allant de v\u00e9rification de la pr\u00e9-inscription sur la plateforme, \u00e0 la saisie des donn\u00e9es, jusqu\u2019au suivi en vue de la 2e vaccination.<\/p>\n\n\n\n<p>Dans le cadre de son programme de responsabilit\u00e9 soci\u00e9tale (RSE), Ooredoo s\u2019implique dans tout effort national citoyen visant un retour \u00e0 la vie normale et s\u2019inscrit dans la continuit\u00e9 des efforts de soutien \u00e0 l\u2019arm\u00e9e blanche dans ce combat national contre la Covid-19.<\/p>\n\n\n\n<p>\u00abNous continuerons \u00e0 accomplir notre devoir envers la soci\u00e9t\u00e9 tunisienne durant cette ann\u00e9e de pand\u00e9mie en mettant nos comp\u00e9tences techniques et logistiques \u00e0 la disposition d\u2019un effort national de vaccination des personnes inscrites. Nous r\u00e9it\u00e9rons notre engagement \u00e0 aider le cadre m\u00e9dical et les tunisiens pour un retour \u00e0 la vie normale dans les plus brefs d\u00e9lais\u00bb, a d\u00e9clar\u00e9 Mansoor Rashid Al Khater, directeur g\u00e9n\u00e9ral d\u2019Ooredoo Tunisie.<\/p>\n\n\n\n<p>La couverture par la technologie 4G des 8 centres ainsi que les frais de connectivit\u00e9 mobile du personnel m\u00e9dical seront pris en charge par l\u2019op\u00e9rateur, et ce, tout le long de la campagne de vaccination. Cette prise en charge sera renouvel\u00e9e pour une dur\u00e9e totale d\u2019un an.<\/p>\n\n\n\n<p>Ce soutien technique permettra aux \u00e9quipes sanitaires charg\u00e9es de la campagne de bien g\u00e9rer les flux des inscrits sur la plateforme Evax (gestion des rendez-vous, gestion des plannings de vaccination, suivi du d\u00e9ploiement de la campagne\u2026) en plus de garder contact avec leurs familles et leurs proches jusqu\u2019\u00e0 la fin de leur mission nationale.<\/p>\n\n\n\n<h3 class=\"wp-block-heading\">Ooredoo, au c\u0153ur d\u2019un effort national contre le covid-19<\/h3>\n\n\n\n<p>Depuis plus d\u2019un an, Ooredoo n\u2019a pas cess\u00e9 d\u2019accompagner les Tunisiens dans les moments difficiles. Outre les efforts techniques pour concilier confinement et t\u00e9l\u00e9travail, l\u2019op\u00e9rateur a contribu\u00e9 \u00e0 un effort citoyen en perp\u00e9tuel \u00e9volution pour accompagner l\u2019arm\u00e9e blanche d\u2019une part et les Tunisiens les plus vuln\u00e9rables d\u2019autre part.<\/p>\n\n\n\n<p>En soutien \u00e0 la sant\u00e9 publique, Ooredoo a investi dans la fourniture d\u2019\u00e9quipements et de fournitures de connexion n\u00e9cessaires \u00e0 toutes les directions r\u00e9gionales de la sant\u00e9 des 24 gouvernorats de Tunisie.<\/p>\n\n\n\n<p>Afin de maximiser la sensibilisation de tous, Ooredoo a lanc\u00e9 une campagne de sensibilisation sur terrain qui consiste \u00e0 distribuer des kits sanitaires dans les stations de bus, universit\u00e9s et \u00e9coles des 24 gouvernorats. Un engagement qui tend \u00e0 r\u00e9tablir le bonheur d\u2019une vie normale pour un meilleur avenir.<\/p>\n\n\n\n<p><strong><em>Communiqu\u00e9.<\/em><\/strong><\/p>\n","protected":false},"excerpt":{"rendered":"<p>Ooredoo poursuit ses efforts de soutien au minist\u00e8re de la Sant\u00e9 et remet ses moyens techniques \u00e0 la disposition du cadre m\u00e9dical dans le cadre des campagnes de lutte contre la pand\u00e9mie de la Covid-19.<\/p>\n","protected":false},"author":8,"featured_media":344639,"comment_status":"open","ping_status":"open","sticky":false,"template":"","format":"standard","meta":{"footnotes":""},"categories":[995,998,2433],"tags":[89122,89123,75291,76824,6218],"class_list":["post-344638","post","type-post","status-publish","format-standard","has-post-thumbnail","hentry","category-economie","category-societe","category-tunisie","tag-centres-de-vaccination","tag-coupole-del-menzah","tag-covid-19","tag-mansoor-rashid-al-khater","tag-ooredoo-tunisie"],"yoast_head":"<!-- This site is optimized with the Yoast SEO plugin v26.6 - https:\/\/yoast.com\/wordpress\/plugins\/seo\/ -->\n<title>Ooredoo appuie l\u2019arm\u00e9e blanche dans la lutte contre la Covid-19 - Kapitalis<\/title>\n<meta name=\"robots\" content=\"index, follow, max-snippet:-1, max-image-preview:large, max-video-preview:-1\" \/>\n<link rel=\"canonical\" href=\"https:\/\/kapitalis.com\/tunisie\/2021\/04\/08\/ooredoo-appuie-larmee-blanche-dans-la-lutte-contre-la-covid-19\/\" \/>\n<meta property=\"og:locale\" content=\"fr_FR\" \/>\n<meta property=\"og:type\" content=\"article\" \/>\n<meta property=\"og:title\" content=\"Ooredoo appuie l\u2019arm\u00e9e blanche dans la lutte contre la Covid-19 - Kapitalis\" \/>\n<meta property=\"og:description\" content=\"Ooredoo poursuit ses efforts de soutien au minist\u00e8re de la Sant\u00e9 et remet ses moyens techniques \u00e0 la disposition du cadre m\u00e9dical dans le cadre des campagnes de lutte contre la pand\u00e9mie de la Covid-19.\" \/>\n<meta property=\"og:url\" content=\"https:\/\/kapitalis.com\/tunisie\/2021\/04\/08\/ooredoo-appuie-larmee-blanche-dans-la-lutte-contre-la-covid-19\/\" \/>\n<meta property=\"og:site_name\" content=\"Kapitalis\" \/>\n<meta property=\"article:publisher\" content=\"https:\/\/www.facebook.com\/KapitalisInfo\/\" \/>\n<meta property=\"article:published_time\" content=\"2021-04-08T06:39:49+00:00\" \/>\n<meta property=\"article:modified_time\" content=\"2021-04-08T06:39:55+00:00\" \/>\n<meta property=\"og:image\" content=\"https:\/\/kapitalis.com\/tunisie\/wp-content\/uploads\/2022\/05\/kapitalis-logo-fb.png\" \/>\n\t<meta property=\"og:image:width\" content=\"1200\" \/>\n\t<meta property=\"og:image:height\" content=\"630\" \/>\n\t<meta property=\"og:image:type\" content=\"image\/png\" \/>\n<meta name=\"author\" content=\"webmaster kapitalis\" \/>\n<meta name=\"twitter:card\" content=\"summary_large_image\" \/>\n<meta name=\"twitter:creator\" content=\"@KapitalisInfo\" \/>\n<meta name=\"twitter:site\" content=\"@KapitalisInfo\" \/>\n<meta name=\"twitter:label1\" content=\"\u00c9crit par\" \/>\n\t<meta name=\"twitter:data1\" content=\"webmaster kapitalis\" \/>\n\t<meta name=\"twitter:label2\" content=\"Dur\u00e9e de lecture estim\u00e9e\" \/>\n\t<meta name=\"twitter:data2\" content=\"3 minutes\" \/>\n<script type=\"application\/ld+json\" class=\"yoast-schema-graph\">{\"@context\":\"https:\/\/schema.org\",\"@graph\":[{\"@type\":\"Article\",\"@id\":\"https:\/\/kapitalis.com\/tunisie\/2021\/04\/08\/ooredoo-appuie-larmee-blanche-dans-la-lutte-contre-la-covid-19\/#article\",\"isPartOf\":{\"@id\":\"https:\/\/kapitalis.com\/tunisie\/2021\/04\/08\/ooredoo-appuie-larmee-blanche-dans-la-lutte-contre-la-covid-19\/\"},\"author\":{\"name\":\"webmaster kapitalis\",\"@id\":\"https:\/\/kapitalis.com\/tunisie\/#\/schema\/person\/d71f33a9ca44f7bad4698210b480c8e9\"},\"headline\":\"Ooredoo appuie l\u2019arm\u00e9e blanche dans la lutte contre la Covid-19\",\"datePublished\":\"2021-04-08T06:39:49+00:00\",\"dateModified\":\"2021-04-08T06:39:55+00:00\",\"mainEntityOfPage\":{\"@id\":\"https:\/\/kapitalis.com\/tunisie\/2021\/04\/08\/ooredoo-appuie-larmee-blanche-dans-la-lutte-contre-la-covid-19\/\"},\"wordCount\":559,\"commentCount\":0,\"publisher\":{\"@id\":\"https:\/\/kapitalis.com\/tunisie\/#organization\"},\"image\":{\"@id\":\"https:\/\/kapitalis.com\/tunisie\/2021\/04\/08\/ooredoo-appuie-larmee-blanche-dans-la-lutte-contre-la-covid-19\/#primaryimage\"},\"thumbnailUrl\":\"\",\"keywords\":[\"centres de vaccination\",\"Coupole d\u2019El Menzah\",\"Covid-19\",\"Mansoor Rashid Al Khater\",\"Ooredoo Tunisie\"],\"articleSection\":[\"ECONOMIE\",\"SOCIETE\",\"Tunisie\"],\"inLanguage\":\"fr-FR\",\"potentialAction\":[{\"@type\":\"CommentAction\",\"name\":\"Comment\",\"target\":[\"https:\/\/kapitalis.com\/tunisie\/2021\/04\/08\/ooredoo-appuie-larmee-blanche-dans-la-lutte-contre-la-covid-19\/#respond\"]}]},{\"@type\":\"WebPage\",\"@id\":\"https:\/\/kapitalis.com\/tunisie\/2021\/04\/08\/ooredoo-appuie-larmee-blanche-dans-la-lutte-contre-la-covid-19\/\",\"url\":\"https:\/\/kapitalis.com\/tunisie\/2021\/04\/08\/ooredoo-appuie-larmee-blanche-dans-la-lutte-contre-la-covid-19\/\",\"name\":\"Ooredoo appuie l\u2019arm\u00e9e blanche dans la lutte contre la Covid-19 - Kapitalis\",\"isPartOf\":{\"@id\":\"https:\/\/kapitalis.com\/tunisie\/#website\"},\"primaryImageOfPage\":{\"@id\":\"https:\/\/kapitalis.com\/tunisie\/2021\/04\/08\/ooredoo-appuie-larmee-blanche-dans-la-lutte-contre-la-covid-19\/#primaryimage\"},\"image\":{\"@id\":\"https:\/\/kapitalis.com\/tunisie\/2021\/04\/08\/ooredoo-appuie-larmee-blanche-dans-la-lutte-contre-la-covid-19\/#primaryimage\"},\"thumbnailUrl\":\"\",\"datePublished\":\"2021-04-08T06:39:49+00:00\",\"dateModified\":\"2021-04-08T06:39:55+00:00\",\"breadcrumb\":{\"@id\":\"https:\/\/kapitalis.com\/tunisie\/2021\/04\/08\/ooredoo-appuie-larmee-blanche-dans-la-lutte-contre-la-covid-19\/#breadcrumb\"},\"inLanguage\":\"fr-FR\",\"potentialAction\":[{\"@type\":\"ReadAction\",\"target\":[\"https:\/\/kapitalis.com\/tunisie\/2021\/04\/08\/ooredoo-appuie-larmee-blanche-dans-la-lutte-contre-la-covid-19\/\"]}]},{\"@type\":\"ImageObject\",\"inLanguage\":\"fr-FR\",\"@id\":\"https:\/\/kapitalis.com\/tunisie\/2021\/04\/08\/ooredoo-appuie-larmee-blanche-dans-la-lutte-contre-la-covid-19\/#primaryimage\",\"url\":\"\",\"contentUrl\":\"\"},{\"@type\":\"BreadcrumbList\",\"@id\":\"https:\/\/kapitalis.com\/tunisie\/2021\/04\/08\/ooredoo-appuie-larmee-blanche-dans-la-lutte-contre-la-covid-19\/#breadcrumb\",\"itemListElement\":[{\"@type\":\"ListItem\",\"position\":1,\"name\":\"Accueil\",\"item\":\"https:\/\/kapitalis.com\/tunisie\/\"},{\"@type\":\"ListItem\",\"position\":2,\"name\":\"Ooredoo appuie l\u2019arm\u00e9e blanche dans la lutte contre la Covid-19\"}]},{\"@type\":\"WebSite\",\"@id\":\"https:\/\/kapitalis.com\/tunisie\/#website\",\"url\":\"https:\/\/kapitalis.com\/tunisie\/\",\"name\":\"Kapitalis\",\"description\":\"L&#039;actualit\u00e9 en Tunisie et dans le monde\",\"publisher\":{\"@id\":\"https:\/\/kapitalis.com\/tunisie\/#organization\"},\"potentialAction\":[{\"@type\":\"SearchAction\",\"target\":{\"@type\":\"EntryPoint\",\"urlTemplate\":\"https:\/\/kapitalis.com\/tunisie\/?s={search_term_string}\"},\"query-input\":{\"@type\":\"PropertyValueSpecification\",\"valueRequired\":true,\"valueName\":\"search_term_string\"}}],\"inLanguage\":\"fr-FR\"},{\"@type\":\"Organization\",\"@id\":\"https:\/\/kapitalis.com\/tunisie\/#organization\",\"name\":\"Kapitalis\",\"url\":\"https:\/\/kapitalis.com\/tunisie\/\",\"logo\":{\"@type\":\"ImageObject\",\"inLanguage\":\"fr-FR\",\"@id\":\"https:\/\/kapitalis.com\/tunisie\/#\/schema\/logo\/image\/\",\"url\":\"https:\/\/kapitalis.com\/tunisie\/wp-content\/uploads\/2022\/05\/Kapitalis-big-size.png\",\"contentUrl\":\"https:\/\/kapitalis.com\/tunisie\/wp-content\/uploads\/2022\/05\/Kapitalis-big-size.png\",\"width\":5000,\"height\":1500,\"caption\":\"Kapitalis\"},\"image\":{\"@id\":\"https:\/\/kapitalis.com\/tunisie\/#\/schema\/logo\/image\/\"},\"sameAs\":[\"https:\/\/www.facebook.com\/KapitalisInfo\/\",\"https:\/\/x.com\/KapitalisInfo\",\"https:\/\/www.youtube.com\/channel\/UC-yDYrHyfFBWWZaOw3FPg9Q\"]},{\"@type\":\"Person\",\"@id\":\"https:\/\/kapitalis.com\/tunisie\/#\/schema\/person\/d71f33a9ca44f7bad4698210b480c8e9\",\"name\":\"webmaster kapitalis\",\"url\":\"https:\/\/kapitalis.com\/tunisie\/author\/webmaster-kapitalis\/\"}]}<\/script>\n<!-- \/ Yoast SEO plugin. -->","yoast_head_json":{"title":"Ooredoo appuie l\u2019arm\u00e9e blanche dans la lutte contre la Covid-19 - Kapitalis","robots":{"index":"index","follow":"follow","max-snippet":"max-snippet:-1","max-image-preview":"max-image-preview:large","max-video-preview":"max-video-preview:-1"},"canonical":"https:\/\/kapitalis.com\/tunisie\/2021\/04\/08\/ooredoo-appuie-larmee-blanche-dans-la-lutte-contre-la-covid-19\/","og_locale":"fr_FR","og_type":"article","og_title":"Ooredoo appuie l\u2019arm\u00e9e blanche dans la lutte contre la Covid-19 - Kapitalis","og_description":"Ooredoo poursuit ses efforts de soutien au minist\u00e8re de la Sant\u00e9 et remet ses moyens techniques \u00e0 la disposition du cadre m\u00e9dical dans le cadre des campagnes de lutte contre la pand\u00e9mie de la Covid-19.","og_url":"https:\/\/kapitalis.com\/tunisie\/2021\/04\/08\/ooredoo-appuie-larmee-blanche-dans-la-lutte-contre-la-covid-19\/","og_site_name":"Kapitalis","article_publisher":"https:\/\/www.facebook.com\/KapitalisInfo\/","article_published_time":"2021-04-08T06:39:49+00:00","article_modified_time":"2021-04-08T06:39:55+00:00","og_image":[{"width":1200,"height":630,"url":"https:\/\/kapitalis.com\/tunisie\/wp-content\/uploads\/2022\/05\/kapitalis-logo-fb.png","type":"image\/png"}],"author":"webmaster kapitalis","twitter_card":"summary_large_image","twitter_creator":"@KapitalisInfo","twitter_site":"@KapitalisInfo","twitter_misc":{"\u00c9crit par":"webmaster kapitalis","Dur\u00e9e de lecture estim\u00e9e":"3 minutes"},"schema":{"@context":"https:\/\/schema.org","@graph":[{"@type":"Article","@id":"https:\/\/kapitalis.com\/tunisie\/2021\/04\/08\/ooredoo-appuie-larmee-blanche-dans-la-lutte-contre-la-covid-19\/#article","isPartOf":{"@id":"https:\/\/kapitalis.com\/tunisie\/2021\/04\/08\/ooredoo-appuie-larmee-blanche-dans-la-lutte-contre-la-covid-19\/"},"author":{"name":"webmaster kapitalis","@id":"https:\/\/kapitalis.com\/tunisie\/#\/schema\/person\/d71f33a9ca44f7bad4698210b480c8e9"},"headline":"Ooredoo appuie l\u2019arm\u00e9e blanche dans la lutte contre la Covid-19","datePublished":"2021-04-08T06:39:49+00:00","dateModified":"2021-04-08T06:39:55+00:00","mainEntityOfPage":{"@id":"https:\/\/kapitalis.com\/tunisie\/2021\/04\/08\/ooredoo-appuie-larmee-blanche-dans-la-lutte-contre-la-covid-19\/"},"wordCount":559,"commentCount":0,"publisher":{"@id":"https:\/\/kapitalis.com\/tunisie\/#organization"},"image":{"@id":"https:\/\/kapitalis.com\/tunisie\/2021\/04\/08\/ooredoo-appuie-larmee-blanche-dans-la-lutte-contre-la-covid-19\/#primaryimage"},"thumbnailUrl":"","keywords":["centres de vaccination","Coupole d\u2019El Menzah","Covid-19","Mansoor Rashid Al Khater","Ooredoo Tunisie"],"articleSection":["ECONOMIE","SOCIETE","Tunisie"],"inLanguage":"fr-FR","potentialAction":[{"@type":"CommentAction","name":"Comment","target":["https:\/\/kapitalis.com\/tunisie\/2021\/04\/08\/ooredoo-appuie-larmee-blanche-dans-la-lutte-contre-la-covid-19\/#respond"]}]},{"@type":"WebPage","@id":"https:\/\/kapitalis.com\/tunisie\/2021\/04\/08\/ooredoo-appuie-larmee-blanche-dans-la-lutte-contre-la-covid-19\/","url":"https:\/\/kapitalis.com\/tunisie\/2021\/04\/08\/ooredoo-appuie-larmee-blanche-dans-la-lutte-contre-la-covid-19\/","name":"Ooredoo appuie l\u2019arm\u00e9e blanche dans la lutte contre la Covid-19 - Kapitalis","isPartOf":{"@id":"https:\/\/kapitalis.com\/tunisie\/#website"},"primaryImageOfPage":{"@id":"https:\/\/kapitalis.com\/tunisie\/2021\/04\/08\/ooredoo-appuie-larmee-blanche-dans-la-lutte-contre-la-covid-19\/#primaryimage"},"image":{"@id":"https:\/\/kapitalis.com\/tunisie\/2021\/04\/08\/ooredoo-appuie-larmee-blanche-dans-la-lutte-contre-la-covid-19\/#primaryimage"},"thumbnailUrl":"","datePublished":"2021-04-08T06:39:49+00:00","dateModified":"2021-04-08T06:39:55+00:00","breadcrumb":{"@id":"https:\/\/kapitalis.com\/tunisie\/2021\/04\/08\/ooredoo-appuie-larmee-blanche-dans-la-lutte-contre-la-covid-19\/#breadcrumb"},"inLanguage":"fr-FR","potentialAction":[{"@type":"ReadAction","target":["https:\/\/kapitalis.com\/tunisie\/2021\/04\/08\/ooredoo-appuie-larmee-blanche-dans-la-lutte-contre-la-covid-19\/"]}]},{"@type":"ImageObject","inLanguage":"fr-FR","@id":"https:\/\/kapitalis.com\/tunisie\/2021\/04\/08\/ooredoo-appuie-larmee-blanche-dans-la-lutte-contre-la-covid-19\/#primaryimage","url":"","contentUrl":""},{"@type":"BreadcrumbList","@id":"https:\/\/kapitalis.com\/tunisie\/2021\/04\/08\/ooredoo-appuie-larmee-blanche-dans-la-lutte-contre-la-covid-19\/#breadcrumb","itemListElement":[{"@type":"ListItem","position":1,"name":"Accueil","item":"https:\/\/kapitalis.com\/tunisie\/"},{"@type":"ListItem","position":2,"name":"Ooredoo appuie l\u2019arm\u00e9e blanche dans la lutte contre la Covid-19"}]},{"@type":"WebSite","@id":"https:\/\/kapitalis.com\/tunisie\/#website","url":"https:\/\/kapitalis.com\/tunisie\/","name":"Kapitalis","description":"L&#039;actualit\u00e9 en Tunisie et dans le monde","publisher":{"@id":"https:\/\/kapitalis.com\/tunisie\/#organization"},"potentialAction":[{"@type":"SearchAction","target":{"@type":"EntryPoint","urlTemplate":"https:\/\/kapitalis.com\/tunisie\/?s={search_term_string}"},"query-input":{"@type":"PropertyValueSpecification","valueRequired":true,"valueName":"search_term_string"}}],"inLanguage":"fr-FR"},{"@type":"Organization","@id":"https:\/\/kapitalis.com\/tunisie\/#organization","name":"Kapitalis","url":"https:\/\/kapitalis.com\/tunisie\/","logo":{"@type":"ImageObject","inLanguage":"fr-FR","@id":"https:\/\/kapitalis.com\/tunisie\/#\/schema\/logo\/image\/","url":"https:\/\/kapitalis.com\/tunisie\/wp-content\/uploads\/2022\/05\/Kapitalis-big-size.png","contentUrl":"https:\/\/kapitalis.com\/tunisie\/wp-content\/uploads\/2022\/05\/Kapitalis-big-size.png","width":5000,"height":1500,"caption":"Kapitalis"},"image":{"@id":"https:\/\/kapitalis.com\/tunisie\/#\/schema\/logo\/image\/"},"sameAs":["https:\/\/www.facebook.com\/KapitalisInfo\/","https:\/\/x.com\/KapitalisInfo","https:\/\/www.youtube.com\/channel\/UC-yDYrHyfFBWWZaOw3FPg9Q"]},{"@type":"Person","@id":"https:\/\/kapitalis.com\/tunisie\/#\/schema\/person\/d71f33a9ca44f7bad4698210b480c8e9","name":"webmaster kapitalis","url":"https:\/\/kapitalis.com\/tunisie\/author\/webmaster-kapitalis\/"}]}},"_links":{"self":[{"href":"https:\/\/kapitalis.com\/tunisie\/wp-json\/wp\/v2\/posts\/344638","targetHints":{"allow":["GET"]}}],"collection":[{"href":"https:\/\/kapitalis.com\/tunisie\/wp-json\/wp\/v2\/posts"}],"about":[{"href":"https:\/\/kapitalis.com\/tunisie\/wp-json\/wp\/v2\/types\/post"}],"author":[{"embeddable":true,"href":"https:\/\/kapitalis.com\/tunisie\/wp-json\/wp\/v2\/users\/8"}],"replies":[{"embeddable":true,"href":"https:\/\/kapitalis.com\/tunisie\/wp-json\/wp\/v2\/comments?post=344638"}],"version-history":[{"count":0,"href":"https:\/\/kapitalis.com\/tunisie\/wp-json\/wp\/v2\/posts\/344638\/revisions"}],"wp:featuredmedia":[{"embeddable":true,"href":"https:\/\/kapitalis.com\/tunisie\/wp-json\/wp\/v2\/media\/344639"}],"wp:attachment":[{"href":"https:\/\/kapitalis.com\/tunisie\/wp-json\/wp\/v2\/media?parent=344638"}],"wp:term":[{"taxonomy":"category","embeddable":true,"href":"https:\/\/kapitalis.com\/tunisie\/wp-json\/wp\/v2\/categories?post=344638"},{"taxonomy":"post_tag","embeddable":true,"href":"https:\/\/kapitalis.com\/tunisie\/wp-json\/wp\/v2\/tags?post=344638"}],"curies":[{"name":"wp","href":"https:\/\/api.w.org\/{rel}","templated":true}]}}