{"id":3447023,"date":"2022-08-26T09:28:42","date_gmt":"2022-08-26T08:28:42","guid":{"rendered":"https:\/\/kapitalis.com\/tunisie\/?p=3447023"},"modified":"2022-08-26T10:09:38","modified_gmt":"2022-08-26T09:09:38","slug":"la-tunisie-veut-se-doter-dune-agence-spatiale-mais-en-t-elle-les-moyens","status":"publish","type":"post","link":"https:\/\/kapitalis.com\/tunisie\/2022\/08\/26\/la-tunisie-veut-se-doter-dune-agence-spatiale-mais-en-t-elle-les-moyens\/","title":{"rendered":"La Tunisie veut se doter d\u2019une agence spatiale, mais en a-t-elle les moyens\u00a0? \u00a0"},"content":{"rendered":"\n<p><strong><em>La Tunisie cherche \u00e0 cr\u00e9er sa propre agence spatiale, a d\u00e9clar\u00e9, jeudi 25 ao\u00fbt 2022, le ministre de l\u2019Enseignement sup\u00e9rieur et de la Recherche scientifique, Moncef Boukthir. Vit-il avec nous dans cette m\u00eame Tunisie qui a du mal \u00e0 mobiliser les financements n\u00e9cessaires \u00e0 ses importations d\u2019\u00e9nergie et de c\u00e9r\u00e9ales\u00a0? <\/em><\/strong>\u00a0<em>(Illustration: Moncef Boukthir).<\/em><\/p>\n\n\n\n<!--more-->\n\n\n\n<p>Cette agence n&rsquo;est pas un projet urgent : elle est encore \u00e0 la phase d&rsquo;id\u00e9e qui fait son chemin dans les m\u00e9andres de l&rsquo;administration publique. Esp\u00e9rons qu&rsquo;elle ne se perdra pas en chemin. <\/p>\n\n\n\n<p>Le ministre, qui \u00e9tait visiblement dans une bulle ou sur un nuage, s\u2019exprimait lors d\u2019une table-ronde sur le th\u00e8me <em>\u00abActivit\u00e9s spatiales en Afrique : d\u00e9fis et opportunit\u00e9s\u00bb<\/em>, organis\u00e9e dans le cadre des \u00e9v\u00e9nements scientifiques parall\u00e8les de la 8e Conf\u00e9rence internationale de Tokyo sur le d\u00e9veloppement de l\u2019Afrique (Ticad 8) qui se tiendra \u00e0 Tunis le 27 et 28 ao\u00fbt.<\/p>\n\n\n\n<p>Un projet d\u2019agence spatiale tunisienne est d\u00e9j\u00e0 \u00e0 l\u2019\u00e9tude par des ing\u00e9nieurs sp\u00e9cialis\u00e9s dans ce domaine, a annonc\u00e9 le ministre. Et d\u2019ajouter&nbsp;: <em>\u00abLa Tunisie poss\u00e8de tous les atouts techniques et scientifiques qui lui permettent d\u2019acc\u00e9der au monde des technologies spatiales.\u00bb<\/em><\/p>\n\n\n\n<p>L\u2019effet d\u2019annonce est visiblement recherch\u00e9 par M. Boukthir qui a d\u00e9clar\u00e9 que cet \u00e9v\u00e9nement continental est une opportunit\u00e9 pour la Tunisie, qui pourra ainsi renforcer ses capacit\u00e9s de r\u00e9seautage avec les pays africains qui ont des projets, achev\u00e9s ou en cours, pour la cr\u00e9ation d\u2019une agence spatiale. C\u2019est aussi l&rsquo;occasion de d\u00e9couvrir les savoir-faire japonais et africains dans ce domaine.<\/p>\n\n\n<div class=\"wp-block-image\">\n<figure class=\"aligncenter size-large is-resized\"><img decoding=\"async\" src=\"https:\/\/kapitalis.com\/tunisie\/wp-content\/uploads\/2022\/08\/Nizar-Ben-Neji-1024x538.jpg\" alt=\"\" class=\"wp-image-3447115\" width=\"600\" srcset=\"https:\/\/kapitalis.com\/tunisie\/wp-content\/uploads\/2022\/08\/Nizar-Ben-Neji-1024x538.jpg 1024w, https:\/\/kapitalis.com\/tunisie\/wp-content\/uploads\/2022\/08\/Nizar-Ben-Neji-300x158.jpg 300w, https:\/\/kapitalis.com\/tunisie\/wp-content\/uploads\/2022\/08\/Nizar-Ben-Neji-768x403.jpg 768w, https:\/\/kapitalis.com\/tunisie\/wp-content\/uploads\/2022\/08\/Nizar-Ben-Neji-580x305.jpg 580w, https:\/\/kapitalis.com\/tunisie\/wp-content\/uploads\/2022\/08\/Nizar-Ben-Neji-860x452.jpg 860w, https:\/\/kapitalis.com\/tunisie\/wp-content\/uploads\/2022\/08\/Nizar-Ben-Neji-1160x609.jpg 1160w, https:\/\/kapitalis.com\/tunisie\/wp-content\/uploads\/2022\/08\/Nizar-Ben-Neji.jpg 1200w\" sizes=\"(max-width: 1024px) 100vw, 1024px\" \/><figcaption><em>Nizar Ben N\u00e9ji.<\/em><\/figcaption><\/figure>\n<\/div>\n\n\n<p>Pour le ministre des Technologies de la communication, Nizar Ben N\u00e9ji, un cadre juridique et institutionnel appropri\u00e9 doit \u00eatre mis en place pour g\u00e9rer et r\u00e9glementer efficacement l\u2019espace national afin d\u2019attirer les investissements dans ce domaine porteur.<\/p>\n\n\n\n<p>La technologie spatiale est utile pour d\u00e9velopper des bases de donn\u00e9es pr\u00e9cises et actualis\u00e9es, qui permettent de prendre des d\u00e9cisions ad\u00e9quates en termes de d\u00e9veloppement, y compris les ressources naturelles, la protection et la gestion de l\u2019environnement, et le suivi de la s\u00e9curit\u00e9 alimentaire.<\/p>\n\n\n\n<p>M. Ben N\u00e9ji a \u00e9galement rappel\u00e9 que le continent africain est actuellement confront\u00e9 \u00e0 des probl\u00e8mes urgents, tels que l\u2019impact du changement climatique, la p\u00e9nurie d\u2019eau, la p\u00e9nurie d\u2019\u00e9nergie, le stress environnemental et la crise alimentaire, qui affectent les citoyens, les entreprises et le continent en g\u00e9n\u00e9ral.<\/p>\n\n\n\n<p>Face \u00e0 tous ces d\u00e9fis, la fourniture d\u2019informations g\u00e9o-r\u00e9f\u00e9renc\u00e9es coh\u00e9rentes, fluides et opportunes est une exigence essentielle pour une politique et une strat\u00e9gie coordonn\u00e9es, a encore d\u00e9clar\u00e9 le ministre.<\/p>\n\n\n\n<p class=\"has-text-align-right\"><strong>I. B. <\/strong>(avec Tap)<\/p>\n","protected":false},"excerpt":{"rendered":"<p>La Tunisie, qui a du mal \u00e0 mobiliser les financements n\u00e9cessaires \u00e0 ses importations d\u2019\u00e9nergie et de c\u00e9r\u00e9ales, cherche \u00e0 cr\u00e9er sa propre agence spatiale.<\/p>\n","protected":false},"author":8,"featured_media":3447092,"comment_status":"open","ping_status":"open","sticky":false,"template":"","format":"standard","meta":{"footnotes":""},"categories":[995,2433],"tags":[102319,94475,97463,102320,80888,62643],"class_list":["post-3447023","post","type-post","status-publish","format-standard","has-post-thumbnail","hentry","category-economie","category-tunisie","tag-agence-spatiale","tag-moncef-boukthir","tag-nizar-ben-neji","tag-technologie-spatiale","tag-ticad-8","tag-tunisie"],"yoast_head":"<!-- This site is optimized with the Yoast SEO plugin v26.6 - https:\/\/yoast.com\/wordpress\/plugins\/seo\/ -->\n<title>La Tunisie veut se doter d\u2019une agence spatiale, mais en a-t-elle les moyens\u00a0? \u00a0 - Kapitalis<\/title>\n<meta name=\"robots\" content=\"index, follow, max-snippet:-1, max-image-preview:large, max-video-preview:-1\" \/>\n<link rel=\"canonical\" href=\"https:\/\/kapitalis.com\/tunisie\/2022\/08\/26\/la-tunisie-veut-se-doter-dune-agence-spatiale-mais-en-t-elle-les-moyens\/\" \/>\n<meta property=\"og:locale\" content=\"fr_FR\" \/>\n<meta property=\"og:type\" content=\"article\" \/>\n<meta property=\"og:title\" content=\"La Tunisie veut se doter d\u2019une agence spatiale, mais en a-t-elle les moyens\u00a0? \u00a0 - Kapitalis\" \/>\n<meta property=\"og:description\" content=\"La Tunisie, qui a du mal \u00e0 mobiliser les financements n\u00e9cessaires \u00e0 ses importations d\u2019\u00e9nergie et de c\u00e9r\u00e9ales, cherche \u00e0 cr\u00e9er sa propre agence spatiale.\" \/>\n<meta property=\"og:url\" content=\"https:\/\/kapitalis.com\/tunisie\/2022\/08\/26\/la-tunisie-veut-se-doter-dune-agence-spatiale-mais-en-t-elle-les-moyens\/\" \/>\n<meta property=\"og:site_name\" content=\"Kapitalis\" \/>\n<meta property=\"article:publisher\" content=\"https:\/\/www.facebook.com\/KapitalisInfo\/\" \/>\n<meta property=\"article:published_time\" content=\"2022-08-26T08:28:42+00:00\" \/>\n<meta property=\"article:modified_time\" content=\"2022-08-26T09:09:38+00:00\" \/>\n<meta property=\"og:image\" content=\"https:\/\/kapitalis.com\/tunisie\/wp-content\/uploads\/2022\/08\/Moncef-Boukthir.jpg\" \/>\n\t<meta property=\"og:image:width\" content=\"1200\" \/>\n\t<meta property=\"og:image:height\" content=\"630\" \/>\n\t<meta property=\"og:image:type\" content=\"image\/jpeg\" \/>\n<meta name=\"author\" content=\"webmaster kapitalis\" \/>\n<meta name=\"twitter:card\" content=\"summary_large_image\" \/>\n<meta name=\"twitter:creator\" content=\"@KapitalisInfo\" \/>\n<meta name=\"twitter:site\" content=\"@KapitalisInfo\" \/>\n<meta name=\"twitter:label1\" content=\"\u00c9crit par\" \/>\n\t<meta name=\"twitter:data1\" content=\"webmaster kapitalis\" \/>\n\t<meta name=\"twitter:label2\" content=\"Dur\u00e9e de lecture estim\u00e9e\" \/>\n\t<meta name=\"twitter:data2\" content=\"3 minutes\" \/>\n<script type=\"application\/ld+json\" class=\"yoast-schema-graph\">{\"@context\":\"https:\/\/schema.org\",\"@graph\":[{\"@type\":\"Article\",\"@id\":\"https:\/\/kapitalis.com\/tunisie\/2022\/08\/26\/la-tunisie-veut-se-doter-dune-agence-spatiale-mais-en-t-elle-les-moyens\/#article\",\"isPartOf\":{\"@id\":\"https:\/\/kapitalis.com\/tunisie\/2022\/08\/26\/la-tunisie-veut-se-doter-dune-agence-spatiale-mais-en-t-elle-les-moyens\/\"},\"author\":{\"name\":\"webmaster kapitalis\",\"@id\":\"https:\/\/kapitalis.com\/tunisie\/#\/schema\/person\/d71f33a9ca44f7bad4698210b480c8e9\"},\"headline\":\"La Tunisie veut se doter d\u2019une agence spatiale, mais en a-t-elle les moyens\u00a0? \u00a0\",\"datePublished\":\"2022-08-26T08:28:42+00:00\",\"dateModified\":\"2022-08-26T09:09:38+00:00\",\"mainEntityOfPage\":{\"@id\":\"https:\/\/kapitalis.com\/tunisie\/2022\/08\/26\/la-tunisie-veut-se-doter-dune-agence-spatiale-mais-en-t-elle-les-moyens\/\"},\"wordCount\":490,\"commentCount\":4,\"publisher\":{\"@id\":\"https:\/\/kapitalis.com\/tunisie\/#organization\"},\"image\":{\"@id\":\"https:\/\/kapitalis.com\/tunisie\/2022\/08\/26\/la-tunisie-veut-se-doter-dune-agence-spatiale-mais-en-t-elle-les-moyens\/#primaryimage\"},\"thumbnailUrl\":\"https:\/\/kapitalis.com\/tunisie\/wp-content\/uploads\/2022\/08\/Moncef-Boukthir.jpg\",\"keywords\":[\"agence spatiale\",\"Moncef Boukthir\",\"Nizar Ben Neji\",\"technologie spatiale\",\"Ticad 8\",\"Tunisie\"],\"articleSection\":[\"ECONOMIE\",\"Tunisie\"],\"inLanguage\":\"fr-FR\",\"potentialAction\":[{\"@type\":\"CommentAction\",\"name\":\"Comment\",\"target\":[\"https:\/\/kapitalis.com\/tunisie\/2022\/08\/26\/la-tunisie-veut-se-doter-dune-agence-spatiale-mais-en-t-elle-les-moyens\/#respond\"]}]},{\"@type\":\"WebPage\",\"@id\":\"https:\/\/kapitalis.com\/tunisie\/2022\/08\/26\/la-tunisie-veut-se-doter-dune-agence-spatiale-mais-en-t-elle-les-moyens\/\",\"url\":\"https:\/\/kapitalis.com\/tunisie\/2022\/08\/26\/la-tunisie-veut-se-doter-dune-agence-spatiale-mais-en-t-elle-les-moyens\/\",\"name\":\"La Tunisie veut se doter d\u2019une agence spatiale, mais en a-t-elle les moyens\u00a0? \u00a0 - Kapitalis\",\"isPartOf\":{\"@id\":\"https:\/\/kapitalis.com\/tunisie\/#website\"},\"primaryImageOfPage\":{\"@id\":\"https:\/\/kapitalis.com\/tunisie\/2022\/08\/26\/la-tunisie-veut-se-doter-dune-agence-spatiale-mais-en-t-elle-les-moyens\/#primaryimage\"},\"image\":{\"@id\":\"https:\/\/kapitalis.com\/tunisie\/2022\/08\/26\/la-tunisie-veut-se-doter-dune-agence-spatiale-mais-en-t-elle-les-moyens\/#primaryimage\"},\"thumbnailUrl\":\"https:\/\/kapitalis.com\/tunisie\/wp-content\/uploads\/2022\/08\/Moncef-Boukthir.jpg\",\"datePublished\":\"2022-08-26T08:28:42+00:00\",\"dateModified\":\"2022-08-26T09:09:38+00:00\",\"breadcrumb\":{\"@id\":\"https:\/\/kapitalis.com\/tunisie\/2022\/08\/26\/la-tunisie-veut-se-doter-dune-agence-spatiale-mais-en-t-elle-les-moyens\/#breadcrumb\"},\"inLanguage\":\"fr-FR\",\"potentialAction\":[{\"@type\":\"ReadAction\",\"target\":[\"https:\/\/kapitalis.com\/tunisie\/2022\/08\/26\/la-tunisie-veut-se-doter-dune-agence-spatiale-mais-en-t-elle-les-moyens\/\"]}]},{\"@type\":\"ImageObject\",\"inLanguage\":\"fr-FR\",\"@id\":\"https:\/\/kapitalis.com\/tunisie\/2022\/08\/26\/la-tunisie-veut-se-doter-dune-agence-spatiale-mais-en-t-elle-les-moyens\/#primaryimage\",\"url\":\"https:\/\/kapitalis.com\/tunisie\/wp-content\/uploads\/2022\/08\/Moncef-Boukthir.jpg\",\"contentUrl\":\"https:\/\/kapitalis.com\/tunisie\/wp-content\/uploads\/2022\/08\/Moncef-Boukthir.jpg\",\"width\":1200,\"height\":630},{\"@type\":\"BreadcrumbList\",\"@id\":\"https:\/\/kapitalis.com\/tunisie\/2022\/08\/26\/la-tunisie-veut-se-doter-dune-agence-spatiale-mais-en-t-elle-les-moyens\/#breadcrumb\",\"itemListElement\":[{\"@type\":\"ListItem\",\"position\":1,\"name\":\"Accueil\",\"item\":\"https:\/\/kapitalis.com\/tunisie\/\"},{\"@type\":\"ListItem\",\"position\":2,\"name\":\"La Tunisie veut se doter d\u2019une agence spatiale, mais en a-t-elle les moyens\u00a0? \u00a0\"}]},{\"@type\":\"WebSite\",\"@id\":\"https:\/\/kapitalis.com\/tunisie\/#website\",\"url\":\"https:\/\/kapitalis.com\/tunisie\/\",\"name\":\"Kapitalis\",\"description\":\"L&#039;actualit\u00e9 en Tunisie et dans le monde\",\"publisher\":{\"@id\":\"https:\/\/kapitalis.com\/tunisie\/#organization\"},\"potentialAction\":[{\"@type\":\"SearchAction\",\"target\":{\"@type\":\"EntryPoint\",\"urlTemplate\":\"https:\/\/kapitalis.com\/tunisie\/?s={search_term_string}\"},\"query-input\":{\"@type\":\"PropertyValueSpecification\",\"valueRequired\":true,\"valueName\":\"search_term_string\"}}],\"inLanguage\":\"fr-FR\"},{\"@type\":\"Organization\",\"@id\":\"https:\/\/kapitalis.com\/tunisie\/#organization\",\"name\":\"Kapitalis\",\"url\":\"https:\/\/kapitalis.com\/tunisie\/\",\"logo\":{\"@type\":\"ImageObject\",\"inLanguage\":\"fr-FR\",\"@id\":\"https:\/\/kapitalis.com\/tunisie\/#\/schema\/logo\/image\/\",\"url\":\"https:\/\/kapitalis.com\/tunisie\/wp-content\/uploads\/2022\/05\/Kapitalis-big-size.png\",\"contentUrl\":\"https:\/\/kapitalis.com\/tunisie\/wp-content\/uploads\/2022\/05\/Kapitalis-big-size.png\",\"width\":5000,\"height\":1500,\"caption\":\"Kapitalis\"},\"image\":{\"@id\":\"https:\/\/kapitalis.com\/tunisie\/#\/schema\/logo\/image\/\"},\"sameAs\":[\"https:\/\/www.facebook.com\/KapitalisInfo\/\",\"https:\/\/x.com\/KapitalisInfo\",\"https:\/\/www.youtube.com\/channel\/UC-yDYrHyfFBWWZaOw3FPg9Q\"]},{\"@type\":\"Person\",\"@id\":\"https:\/\/kapitalis.com\/tunisie\/#\/schema\/person\/d71f33a9ca44f7bad4698210b480c8e9\",\"name\":\"webmaster kapitalis\",\"url\":\"https:\/\/kapitalis.com\/tunisie\/author\/webmaster-kapitalis\/\"}]}<\/script>\n<!-- \/ Yoast SEO plugin. -->","yoast_head_json":{"title":"La Tunisie veut se doter d\u2019une agence spatiale, mais en a-t-elle les moyens\u00a0? \u00a0 - Kapitalis","robots":{"index":"index","follow":"follow","max-snippet":"max-snippet:-1","max-image-preview":"max-image-preview:large","max-video-preview":"max-video-preview:-1"},"canonical":"https:\/\/kapitalis.com\/tunisie\/2022\/08\/26\/la-tunisie-veut-se-doter-dune-agence-spatiale-mais-en-t-elle-les-moyens\/","og_locale":"fr_FR","og_type":"article","og_title":"La Tunisie veut se doter d\u2019une agence spatiale, mais en a-t-elle les moyens\u00a0? \u00a0 - Kapitalis","og_description":"La Tunisie, qui a du mal \u00e0 mobiliser les financements n\u00e9cessaires \u00e0 ses importations d\u2019\u00e9nergie et de c\u00e9r\u00e9ales, cherche \u00e0 cr\u00e9er sa propre agence spatiale.","og_url":"https:\/\/kapitalis.com\/tunisie\/2022\/08\/26\/la-tunisie-veut-se-doter-dune-agence-spatiale-mais-en-t-elle-les-moyens\/","og_site_name":"Kapitalis","article_publisher":"https:\/\/www.facebook.com\/KapitalisInfo\/","article_published_time":"2022-08-26T08:28:42+00:00","article_modified_time":"2022-08-26T09:09:38+00:00","og_image":[{"width":1200,"height":630,"url":"https:\/\/kapitalis.com\/tunisie\/wp-content\/uploads\/2022\/08\/Moncef-Boukthir.jpg","type":"image\/jpeg"}],"author":"webmaster kapitalis","twitter_card":"summary_large_image","twitter_creator":"@KapitalisInfo","twitter_site":"@KapitalisInfo","twitter_misc":{"\u00c9crit par":"webmaster kapitalis","Dur\u00e9e de lecture estim\u00e9e":"3 minutes"},"schema":{"@context":"https:\/\/schema.org","@graph":[{"@type":"Article","@id":"https:\/\/kapitalis.com\/tunisie\/2022\/08\/26\/la-tunisie-veut-se-doter-dune-agence-spatiale-mais-en-t-elle-les-moyens\/#article","isPartOf":{"@id":"https:\/\/kapitalis.com\/tunisie\/2022\/08\/26\/la-tunisie-veut-se-doter-dune-agence-spatiale-mais-en-t-elle-les-moyens\/"},"author":{"name":"webmaster kapitalis","@id":"https:\/\/kapitalis.com\/tunisie\/#\/schema\/person\/d71f33a9ca44f7bad4698210b480c8e9"},"headline":"La Tunisie veut se doter d\u2019une agence spatiale, mais en a-t-elle les moyens\u00a0? \u00a0","datePublished":"2022-08-26T08:28:42+00:00","dateModified":"2022-08-26T09:09:38+00:00","mainEntityOfPage":{"@id":"https:\/\/kapitalis.com\/tunisie\/2022\/08\/26\/la-tunisie-veut-se-doter-dune-agence-spatiale-mais-en-t-elle-les-moyens\/"},"wordCount":490,"commentCount":4,"publisher":{"@id":"https:\/\/kapitalis.com\/tunisie\/#organization"},"image":{"@id":"https:\/\/kapitalis.com\/tunisie\/2022\/08\/26\/la-tunisie-veut-se-doter-dune-agence-spatiale-mais-en-t-elle-les-moyens\/#primaryimage"},"thumbnailUrl":"https:\/\/kapitalis.com\/tunisie\/wp-content\/uploads\/2022\/08\/Moncef-Boukthir.jpg","keywords":["agence spatiale","Moncef Boukthir","Nizar Ben Neji","technologie spatiale","Ticad 8","Tunisie"],"articleSection":["ECONOMIE","Tunisie"],"inLanguage":"fr-FR","potentialAction":[{"@type":"CommentAction","name":"Comment","target":["https:\/\/kapitalis.com\/tunisie\/2022\/08\/26\/la-tunisie-veut-se-doter-dune-agence-spatiale-mais-en-t-elle-les-moyens\/#respond"]}]},{"@type":"WebPage","@id":"https:\/\/kapitalis.com\/tunisie\/2022\/08\/26\/la-tunisie-veut-se-doter-dune-agence-spatiale-mais-en-t-elle-les-moyens\/","url":"https:\/\/kapitalis.com\/tunisie\/2022\/08\/26\/la-tunisie-veut-se-doter-dune-agence-spatiale-mais-en-t-elle-les-moyens\/","name":"La Tunisie veut se doter d\u2019une agence spatiale, mais en a-t-elle les moyens\u00a0? \u00a0 - Kapitalis","isPartOf":{"@id":"https:\/\/kapitalis.com\/tunisie\/#website"},"primaryImageOfPage":{"@id":"https:\/\/kapitalis.com\/tunisie\/2022\/08\/26\/la-tunisie-veut-se-doter-dune-agence-spatiale-mais-en-t-elle-les-moyens\/#primaryimage"},"image":{"@id":"https:\/\/kapitalis.com\/tunisie\/2022\/08\/26\/la-tunisie-veut-se-doter-dune-agence-spatiale-mais-en-t-elle-les-moyens\/#primaryimage"},"thumbnailUrl":"https:\/\/kapitalis.com\/tunisie\/wp-content\/uploads\/2022\/08\/Moncef-Boukthir.jpg","datePublished":"2022-08-26T08:28:42+00:00","dateModified":"2022-08-26T09:09:38+00:00","breadcrumb":{"@id":"https:\/\/kapitalis.com\/tunisie\/2022\/08\/26\/la-tunisie-veut-se-doter-dune-agence-spatiale-mais-en-t-elle-les-moyens\/#breadcrumb"},"inLanguage":"fr-FR","potentialAction":[{"@type":"ReadAction","target":["https:\/\/kapitalis.com\/tunisie\/2022\/08\/26\/la-tunisie-veut-se-doter-dune-agence-spatiale-mais-en-t-elle-les-moyens\/"]}]},{"@type":"ImageObject","inLanguage":"fr-FR","@id":"https:\/\/kapitalis.com\/tunisie\/2022\/08\/26\/la-tunisie-veut-se-doter-dune-agence-spatiale-mais-en-t-elle-les-moyens\/#primaryimage","url":"https:\/\/kapitalis.com\/tunisie\/wp-content\/uploads\/2022\/08\/Moncef-Boukthir.jpg","contentUrl":"https:\/\/kapitalis.com\/tunisie\/wp-content\/uploads\/2022\/08\/Moncef-Boukthir.jpg","width":1200,"height":630},{"@type":"BreadcrumbList","@id":"https:\/\/kapitalis.com\/tunisie\/2022\/08\/26\/la-tunisie-veut-se-doter-dune-agence-spatiale-mais-en-t-elle-les-moyens\/#breadcrumb","itemListElement":[{"@type":"ListItem","position":1,"name":"Accueil","item":"https:\/\/kapitalis.com\/tunisie\/"},{"@type":"ListItem","position":2,"name":"La Tunisie veut se doter d\u2019une agence spatiale, mais en a-t-elle les moyens\u00a0? \u00a0"}]},{"@type":"WebSite","@id":"https:\/\/kapitalis.com\/tunisie\/#website","url":"https:\/\/kapitalis.com\/tunisie\/","name":"Kapitalis","description":"L&#039;actualit\u00e9 en Tunisie et dans le monde","publisher":{"@id":"https:\/\/kapitalis.com\/tunisie\/#organization"},"potentialAction":[{"@type":"SearchAction","target":{"@type":"EntryPoint","urlTemplate":"https:\/\/kapitalis.com\/tunisie\/?s={search_term_string}"},"query-input":{"@type":"PropertyValueSpecification","valueRequired":true,"valueName":"search_term_string"}}],"inLanguage":"fr-FR"},{"@type":"Organization","@id":"https:\/\/kapitalis.com\/tunisie\/#organization","name":"Kapitalis","url":"https:\/\/kapitalis.com\/tunisie\/","logo":{"@type":"ImageObject","inLanguage":"fr-FR","@id":"https:\/\/kapitalis.com\/tunisie\/#\/schema\/logo\/image\/","url":"https:\/\/kapitalis.com\/tunisie\/wp-content\/uploads\/2022\/05\/Kapitalis-big-size.png","contentUrl":"https:\/\/kapitalis.com\/tunisie\/wp-content\/uploads\/2022\/05\/Kapitalis-big-size.png","width":5000,"height":1500,"caption":"Kapitalis"},"image":{"@id":"https:\/\/kapitalis.com\/tunisie\/#\/schema\/logo\/image\/"},"sameAs":["https:\/\/www.facebook.com\/KapitalisInfo\/","https:\/\/x.com\/KapitalisInfo","https:\/\/www.youtube.com\/channel\/UC-yDYrHyfFBWWZaOw3FPg9Q"]},{"@type":"Person","@id":"https:\/\/kapitalis.com\/tunisie\/#\/schema\/person\/d71f33a9ca44f7bad4698210b480c8e9","name":"webmaster kapitalis","url":"https:\/\/kapitalis.com\/tunisie\/author\/webmaster-kapitalis\/"}]}},"_links":{"self":[{"href":"https:\/\/kapitalis.com\/tunisie\/wp-json\/wp\/v2\/posts\/3447023","targetHints":{"allow":["GET"]}}],"collection":[{"href":"https:\/\/kapitalis.com\/tunisie\/wp-json\/wp\/v2\/posts"}],"about":[{"href":"https:\/\/kapitalis.com\/tunisie\/wp-json\/wp\/v2\/types\/post"}],"author":[{"embeddable":true,"href":"https:\/\/kapitalis.com\/tunisie\/wp-json\/wp\/v2\/users\/8"}],"replies":[{"embeddable":true,"href":"https:\/\/kapitalis.com\/tunisie\/wp-json\/wp\/v2\/comments?post=3447023"}],"version-history":[{"count":0,"href":"https:\/\/kapitalis.com\/tunisie\/wp-json\/wp\/v2\/posts\/3447023\/revisions"}],"wp:featuredmedia":[{"embeddable":true,"href":"https:\/\/kapitalis.com\/tunisie\/wp-json\/wp\/v2\/media\/3447092"}],"wp:attachment":[{"href":"https:\/\/kapitalis.com\/tunisie\/wp-json\/wp\/v2\/media?parent=3447023"}],"wp:term":[{"taxonomy":"category","embeddable":true,"href":"https:\/\/kapitalis.com\/tunisie\/wp-json\/wp\/v2\/categories?post=3447023"},{"taxonomy":"post_tag","embeddable":true,"href":"https:\/\/kapitalis.com\/tunisie\/wp-json\/wp\/v2\/tags?post=3447023"}],"curies":[{"name":"wp","href":"https:\/\/api.w.org\/{rel}","templated":true}]}}