{"id":344733,"date":"2021-04-08T15:25:52","date_gmt":"2021-04-08T14:25:52","guid":{"rendered":"http:\/\/kapitalis.com\/tunisie\/?p=344733"},"modified":"2021-04-08T21:31:06","modified_gmt":"2021-04-08T20:31:06","slug":"le-president-dutica-sousse-les-gens-vont-travailler-et-quils-les-mettent-tous-en-prison","status":"publish","type":"post","link":"https:\/\/kapitalis.com\/tunisie\/2021\/04\/08\/le-president-dutica-sousse-les-gens-vont-travailler-et-quils-les-mettent-tous-en-prison\/","title":{"rendered":"Le pr\u00e9sident d&rsquo;Utica-Sousse : \u00abLes gens vont travailler et qu&rsquo;ils les mettent tous en prison\u00bb"},"content":{"rendered":"\n<figure class=\"wp-block-image size-large\"><img decoding=\"async\" src=\"http:\/\/kapitalis.com\/tunisie\/wp-content\/uploads\/2021\/04\/ali-ben-yahya.jpg\" alt=\"\" class=\"wp-image-344743\"\/><\/figure>\n\n\n\n<p><em><strong>Dans une d\u00e9claration accord\u00e9e ce jeudi, 8 avril 2021, \u00e0 la radio Jawhra FM, le pr\u00e9sident de l&rsquo;Union r\u00e9gionale de l&rsquo;industrie, du commerce et de l&rsquo;artisanat \u00e0 Sousse, qui rel\u00e8ve de l&rsquo;Utica, Ali Ben Yahya, a v\u00e9h\u00e9mentement critiqu\u00e9 les mesures sanitaires prises par le gouvernement pour lutter contre la 3e vague de la Covid-19.<\/strong><\/em><\/p>\n\n\n\n<!--more-->\n\n\n\n<p>Il a m\u00eame lanc\u00e9 un message implicite \u00e0 la r\u00e9bellion en disant : \u00ab<em>Les gens vont travailler [pendant le couvre-feu] et qu&rsquo;il les mettent tous en prison<\/em>\u00bb, en parlant du chef du gouvernement, Hichem Mechichi.<\/p>\n\n\n\n<p>La d\u00e9cision gouvernementale d&rsquo;imposer un couvre-feu strict, \u00e0 partir de 19h, jusqu&rsquo;\u00e0 la fin d&rsquo;avril sera synonyme de fermeture des caf\u00e9s et des restaurants durant au moins les 15 premiers jours du mois de ramadan, puisque, de toute fa\u00e7on, la plupart d&rsquo;entre eux n&rsquo;ouvrent qu&rsquo;apr\u00e8s la rupture du je\u00fbne durant le mois \u00ab<em>sacr\u00e9<\/em>\u00bb.<\/p>\n\n\n\n<p>Mais voyons le bon c\u00f4t\u00e9 des choses : Nous sommes l\u00e0 devant une occasion id\u00e9ale pour d\u00e9sacraliser un peu ce mois, au profit des libert\u00e9s individuelles, en permettant, sans restrictions, aux propri\u00e9taires des caf\u00e9s et restaurants de servir la nourriture et les boissons, \u00e0 des fins commerciales, pendant le jour durant le ramadan. Dans tous les cas, c&rsquo;est mieux que de condamner <a href=\"http:\/\/kapitalis.com\/tunisie\/2021\/04\/08\/couvre-feu-au-ramadan-les-proprietaires-des-cafes-appellent-a-etre-autorises-a-ouvrir-pendant-le-jour\/\"><strong>pr\u00e8s de 250.000 familles<\/strong><\/a> \u00e0 la faim (dans le vrai sens du mot).<\/p>\n\n\n\n<figure class=\"wp-block-embed is-type-video is-provider-youtube wp-block-embed-youtube wp-embed-aspect-16-9 wp-has-aspect-ratio\"><div class=\"wp-block-embed__wrapper\">\n<iframe loading=\"lazy\" title=\"UTICA \u0633\u0648\u0633\u0629 : \u0627\u0644\u0646\u0627\u0633 \u0628\u0627\u0634 \u062a\u062e\u062f\u0645 .. \u0648\u0628\u0631\u0649 \u062d\u0637 \u0627\u0644\u0646\u0627\u0633 \u0627\u0644\u0643\u0644 \u0641\u064a \u0627\u0644\u062d\u0628\u0633\" width=\"1160\" height=\"653\" src=\"https:\/\/www.youtube.com\/embed\/aVI0JfXeZyo?feature=oembed\" frameborder=\"0\" allow=\"accelerometer; autoplay; clipboard-write; encrypted-media; gyroscope; picture-in-picture\" allowfullscreen><\/iframe>\n<\/div><\/figure>\n\n\n\n<p class=\"has-text-align-right\"><strong>C. B. Y.<\/strong><\/p>\n\n\n\n<p><\/p>\n","protected":false},"excerpt":{"rendered":"<p>Dans une d\u00e9claration accord\u00e9e ce jeudi, 8 avril 2021, \u00e0 la radio Jawhra FM, le pr\u00e9sident de l&rsquo;Union r\u00e9gionale de l&rsquo;industrie, du commerce et de l&rsquo;artisanat \u00e0 Sousse, qui rel\u00e8ve de l&rsquo;Utica, Ali Ben Yahya, a v\u00e9h\u00e9mentement critiqu\u00e9 les mesures sanitaires prises par le gouvernement pour lutter contre la 3e vague de la Covid-19.<\/p>\n","protected":false},"author":24,"featured_media":344743,"comment_status":"open","ping_status":"open","sticky":false,"template":"","format":"standard","meta":{"footnotes":""},"categories":[998,2433],"tags":[89158,74899,940,89157],"class_list":["post-344733","post","type-post","status-publish","format-standard","has-post-thumbnail","hentry","category-societe","category-tunisie","tag-ali-ben-yahya","tag-hichem-mechichi","tag-utica","tag-utica-sousse"],"yoast_head":"<!-- This site is optimized with the Yoast SEO plugin v26.6 - https:\/\/yoast.com\/wordpress\/plugins\/seo\/ -->\n<title>Le pr\u00e9sident d&#039;Utica-Sousse : \u00abLes gens vont travailler et qu&#039;ils les mettent tous en prison\u00bb - Kapitalis<\/title>\n<meta name=\"robots\" content=\"index, follow, max-snippet:-1, max-image-preview:large, max-video-preview:-1\" \/>\n<link rel=\"canonical\" href=\"https:\/\/kapitalis.com\/tunisie\/2021\/04\/08\/le-president-dutica-sousse-les-gens-vont-travailler-et-quils-les-mettent-tous-en-prison\/\" \/>\n<meta property=\"og:locale\" content=\"fr_FR\" \/>\n<meta property=\"og:type\" content=\"article\" \/>\n<meta property=\"og:title\" content=\"Le pr\u00e9sident d&#039;Utica-Sousse : \u00abLes gens vont travailler et qu&#039;ils les mettent tous en prison\u00bb - Kapitalis\" \/>\n<meta property=\"og:description\" content=\"Dans une d\u00e9claration accord\u00e9e ce jeudi, 8 avril 2021, \u00e0 la radio Jawhra FM, le pr\u00e9sident de l&rsquo;Union r\u00e9gionale de l&rsquo;industrie, du commerce et de l&rsquo;artisanat \u00e0 Sousse, qui rel\u00e8ve de l&rsquo;Utica, Ali Ben Yahya, a v\u00e9h\u00e9mentement critiqu\u00e9 les mesures sanitaires prises par le gouvernement pour lutter contre la 3e vague de la Covid-19.\" \/>\n<meta property=\"og:url\" content=\"https:\/\/kapitalis.com\/tunisie\/2021\/04\/08\/le-president-dutica-sousse-les-gens-vont-travailler-et-quils-les-mettent-tous-en-prison\/\" \/>\n<meta property=\"og:site_name\" content=\"Kapitalis\" \/>\n<meta property=\"article:publisher\" content=\"https:\/\/www.facebook.com\/KapitalisInfo\/\" \/>\n<meta property=\"article:published_time\" content=\"2021-04-08T14:25:52+00:00\" \/>\n<meta property=\"article:modified_time\" content=\"2021-04-08T20:31:06+00:00\" \/>\n<meta property=\"og:image\" content=\"https:\/\/kapitalis.com\/tunisie\/wp-content\/uploads\/2022\/05\/kapitalis-logo-fb.png\" \/>\n\t<meta property=\"og:image:width\" content=\"1200\" \/>\n\t<meta property=\"og:image:height\" content=\"630\" \/>\n\t<meta property=\"og:image:type\" content=\"image\/png\" \/>\n<meta name=\"author\" content=\"Cherif Benyounes\" \/>\n<meta name=\"twitter:card\" content=\"summary_large_image\" \/>\n<meta name=\"twitter:creator\" content=\"@KapitalisInfo\" \/>\n<meta name=\"twitter:site\" content=\"@KapitalisInfo\" \/>\n<meta name=\"twitter:label1\" content=\"\u00c9crit par\" \/>\n\t<meta name=\"twitter:data1\" content=\"Cherif Benyounes\" \/>\n\t<meta name=\"twitter:label2\" content=\"Dur\u00e9e de lecture estim\u00e9e\" \/>\n\t<meta name=\"twitter:data2\" content=\"1 minute\" \/>\n<script type=\"application\/ld+json\" class=\"yoast-schema-graph\">{\"@context\":\"https:\/\/schema.org\",\"@graph\":[{\"@type\":\"Article\",\"@id\":\"https:\/\/kapitalis.com\/tunisie\/2021\/04\/08\/le-president-dutica-sousse-les-gens-vont-travailler-et-quils-les-mettent-tous-en-prison\/#article\",\"isPartOf\":{\"@id\":\"https:\/\/kapitalis.com\/tunisie\/2021\/04\/08\/le-president-dutica-sousse-les-gens-vont-travailler-et-quils-les-mettent-tous-en-prison\/\"},\"author\":{\"name\":\"Cherif Benyounes\",\"@id\":\"https:\/\/kapitalis.com\/tunisie\/#\/schema\/person\/b35b8d631961131107263178aeb8019e\"},\"headline\":\"Le pr\u00e9sident d&rsquo;Utica-Sousse : \u00abLes gens vont travailler et qu&rsquo;ils les mettent tous en prison\u00bb\",\"datePublished\":\"2021-04-08T14:25:52+00:00\",\"dateModified\":\"2021-04-08T20:31:06+00:00\",\"mainEntityOfPage\":{\"@id\":\"https:\/\/kapitalis.com\/tunisie\/2021\/04\/08\/le-president-dutica-sousse-les-gens-vont-travailler-et-quils-les-mettent-tous-en-prison\/\"},\"wordCount\":256,\"commentCount\":1,\"publisher\":{\"@id\":\"https:\/\/kapitalis.com\/tunisie\/#organization\"},\"image\":{\"@id\":\"https:\/\/kapitalis.com\/tunisie\/2021\/04\/08\/le-president-dutica-sousse-les-gens-vont-travailler-et-quils-les-mettent-tous-en-prison\/#primaryimage\"},\"thumbnailUrl\":\"\",\"keywords\":[\"Ali Ben Yahya\",\"Hichem Mechichi\",\"Utica\",\"Utica-Sousse\"],\"articleSection\":[\"SOCIETE\",\"Tunisie\"],\"inLanguage\":\"fr-FR\",\"potentialAction\":[{\"@type\":\"CommentAction\",\"name\":\"Comment\",\"target\":[\"https:\/\/kapitalis.com\/tunisie\/2021\/04\/08\/le-president-dutica-sousse-les-gens-vont-travailler-et-quils-les-mettent-tous-en-prison\/#respond\"]}]},{\"@type\":\"WebPage\",\"@id\":\"https:\/\/kapitalis.com\/tunisie\/2021\/04\/08\/le-president-dutica-sousse-les-gens-vont-travailler-et-quils-les-mettent-tous-en-prison\/\",\"url\":\"https:\/\/kapitalis.com\/tunisie\/2021\/04\/08\/le-president-dutica-sousse-les-gens-vont-travailler-et-quils-les-mettent-tous-en-prison\/\",\"name\":\"Le pr\u00e9sident d'Utica-Sousse : \u00abLes gens vont travailler et qu'ils les mettent tous en prison\u00bb - Kapitalis\",\"isPartOf\":{\"@id\":\"https:\/\/kapitalis.com\/tunisie\/#website\"},\"primaryImageOfPage\":{\"@id\":\"https:\/\/kapitalis.com\/tunisie\/2021\/04\/08\/le-president-dutica-sousse-les-gens-vont-travailler-et-quils-les-mettent-tous-en-prison\/#primaryimage\"},\"image\":{\"@id\":\"https:\/\/kapitalis.com\/tunisie\/2021\/04\/08\/le-president-dutica-sousse-les-gens-vont-travailler-et-quils-les-mettent-tous-en-prison\/#primaryimage\"},\"thumbnailUrl\":\"\",\"datePublished\":\"2021-04-08T14:25:52+00:00\",\"dateModified\":\"2021-04-08T20:31:06+00:00\",\"breadcrumb\":{\"@id\":\"https:\/\/kapitalis.com\/tunisie\/2021\/04\/08\/le-president-dutica-sousse-les-gens-vont-travailler-et-quils-les-mettent-tous-en-prison\/#breadcrumb\"},\"inLanguage\":\"fr-FR\",\"potentialAction\":[{\"@type\":\"ReadAction\",\"target\":[\"https:\/\/kapitalis.com\/tunisie\/2021\/04\/08\/le-president-dutica-sousse-les-gens-vont-travailler-et-quils-les-mettent-tous-en-prison\/\"]}]},{\"@type\":\"ImageObject\",\"inLanguage\":\"fr-FR\",\"@id\":\"https:\/\/kapitalis.com\/tunisie\/2021\/04\/08\/le-president-dutica-sousse-les-gens-vont-travailler-et-quils-les-mettent-tous-en-prison\/#primaryimage\",\"url\":\"\",\"contentUrl\":\"\"},{\"@type\":\"BreadcrumbList\",\"@id\":\"https:\/\/kapitalis.com\/tunisie\/2021\/04\/08\/le-president-dutica-sousse-les-gens-vont-travailler-et-quils-les-mettent-tous-en-prison\/#breadcrumb\",\"itemListElement\":[{\"@type\":\"ListItem\",\"position\":1,\"name\":\"Accueil\",\"item\":\"https:\/\/kapitalis.com\/tunisie\/\"},{\"@type\":\"ListItem\",\"position\":2,\"name\":\"Le pr\u00e9sident d&rsquo;Utica-Sousse : \u00abLes gens vont travailler et qu&rsquo;ils les mettent tous en prison\u00bb\"}]},{\"@type\":\"WebSite\",\"@id\":\"https:\/\/kapitalis.com\/tunisie\/#website\",\"url\":\"https:\/\/kapitalis.com\/tunisie\/\",\"name\":\"Kapitalis\",\"description\":\"L&#039;actualit\u00e9 en Tunisie et dans le monde\",\"publisher\":{\"@id\":\"https:\/\/kapitalis.com\/tunisie\/#organization\"},\"potentialAction\":[{\"@type\":\"SearchAction\",\"target\":{\"@type\":\"EntryPoint\",\"urlTemplate\":\"https:\/\/kapitalis.com\/tunisie\/?s={search_term_string}\"},\"query-input\":{\"@type\":\"PropertyValueSpecification\",\"valueRequired\":true,\"valueName\":\"search_term_string\"}}],\"inLanguage\":\"fr-FR\"},{\"@type\":\"Organization\",\"@id\":\"https:\/\/kapitalis.com\/tunisie\/#organization\",\"name\":\"Kapitalis\",\"url\":\"https:\/\/kapitalis.com\/tunisie\/\",\"logo\":{\"@type\":\"ImageObject\",\"inLanguage\":\"fr-FR\",\"@id\":\"https:\/\/kapitalis.com\/tunisie\/#\/schema\/logo\/image\/\",\"url\":\"https:\/\/kapitalis.com\/tunisie\/wp-content\/uploads\/2022\/05\/Kapitalis-big-size.png\",\"contentUrl\":\"https:\/\/kapitalis.com\/tunisie\/wp-content\/uploads\/2022\/05\/Kapitalis-big-size.png\",\"width\":5000,\"height\":1500,\"caption\":\"Kapitalis\"},\"image\":{\"@id\":\"https:\/\/kapitalis.com\/tunisie\/#\/schema\/logo\/image\/\"},\"sameAs\":[\"https:\/\/www.facebook.com\/KapitalisInfo\/\",\"https:\/\/x.com\/KapitalisInfo\",\"https:\/\/www.youtube.com\/channel\/UC-yDYrHyfFBWWZaOw3FPg9Q\"]},{\"@type\":\"Person\",\"@id\":\"https:\/\/kapitalis.com\/tunisie\/#\/schema\/person\/b35b8d631961131107263178aeb8019e\",\"name\":\"Cherif Benyounes\",\"url\":\"https:\/\/kapitalis.com\/tunisie\/author\/cherif\/\"}]}<\/script>\n<!-- \/ Yoast SEO plugin. -->","yoast_head_json":{"title":"Le pr\u00e9sident d'Utica-Sousse : \u00abLes gens vont travailler et qu'ils les mettent tous en prison\u00bb - Kapitalis","robots":{"index":"index","follow":"follow","max-snippet":"max-snippet:-1","max-image-preview":"max-image-preview:large","max-video-preview":"max-video-preview:-1"},"canonical":"https:\/\/kapitalis.com\/tunisie\/2021\/04\/08\/le-president-dutica-sousse-les-gens-vont-travailler-et-quils-les-mettent-tous-en-prison\/","og_locale":"fr_FR","og_type":"article","og_title":"Le pr\u00e9sident d'Utica-Sousse : \u00abLes gens vont travailler et qu'ils les mettent tous en prison\u00bb - Kapitalis","og_description":"Dans une d\u00e9claration accord\u00e9e ce jeudi, 8 avril 2021, \u00e0 la radio Jawhra FM, le pr\u00e9sident de l&rsquo;Union r\u00e9gionale de l&rsquo;industrie, du commerce et de l&rsquo;artisanat \u00e0 Sousse, qui rel\u00e8ve de l&rsquo;Utica, Ali Ben Yahya, a v\u00e9h\u00e9mentement critiqu\u00e9 les mesures sanitaires prises par le gouvernement pour lutter contre la 3e vague de la Covid-19.","og_url":"https:\/\/kapitalis.com\/tunisie\/2021\/04\/08\/le-president-dutica-sousse-les-gens-vont-travailler-et-quils-les-mettent-tous-en-prison\/","og_site_name":"Kapitalis","article_publisher":"https:\/\/www.facebook.com\/KapitalisInfo\/","article_published_time":"2021-04-08T14:25:52+00:00","article_modified_time":"2021-04-08T20:31:06+00:00","og_image":[{"width":1200,"height":630,"url":"https:\/\/kapitalis.com\/tunisie\/wp-content\/uploads\/2022\/05\/kapitalis-logo-fb.png","type":"image\/png"}],"author":"Cherif Benyounes","twitter_card":"summary_large_image","twitter_creator":"@KapitalisInfo","twitter_site":"@KapitalisInfo","twitter_misc":{"\u00c9crit par":"Cherif Benyounes","Dur\u00e9e de lecture estim\u00e9e":"1 minute"},"schema":{"@context":"https:\/\/schema.org","@graph":[{"@type":"Article","@id":"https:\/\/kapitalis.com\/tunisie\/2021\/04\/08\/le-president-dutica-sousse-les-gens-vont-travailler-et-quils-les-mettent-tous-en-prison\/#article","isPartOf":{"@id":"https:\/\/kapitalis.com\/tunisie\/2021\/04\/08\/le-president-dutica-sousse-les-gens-vont-travailler-et-quils-les-mettent-tous-en-prison\/"},"author":{"name":"Cherif Benyounes","@id":"https:\/\/kapitalis.com\/tunisie\/#\/schema\/person\/b35b8d631961131107263178aeb8019e"},"headline":"Le pr\u00e9sident d&rsquo;Utica-Sousse : \u00abLes gens vont travailler et qu&rsquo;ils les mettent tous en prison\u00bb","datePublished":"2021-04-08T14:25:52+00:00","dateModified":"2021-04-08T20:31:06+00:00","mainEntityOfPage":{"@id":"https:\/\/kapitalis.com\/tunisie\/2021\/04\/08\/le-president-dutica-sousse-les-gens-vont-travailler-et-quils-les-mettent-tous-en-prison\/"},"wordCount":256,"commentCount":1,"publisher":{"@id":"https:\/\/kapitalis.com\/tunisie\/#organization"},"image":{"@id":"https:\/\/kapitalis.com\/tunisie\/2021\/04\/08\/le-president-dutica-sousse-les-gens-vont-travailler-et-quils-les-mettent-tous-en-prison\/#primaryimage"},"thumbnailUrl":"","keywords":["Ali Ben Yahya","Hichem Mechichi","Utica","Utica-Sousse"],"articleSection":["SOCIETE","Tunisie"],"inLanguage":"fr-FR","potentialAction":[{"@type":"CommentAction","name":"Comment","target":["https:\/\/kapitalis.com\/tunisie\/2021\/04\/08\/le-president-dutica-sousse-les-gens-vont-travailler-et-quils-les-mettent-tous-en-prison\/#respond"]}]},{"@type":"WebPage","@id":"https:\/\/kapitalis.com\/tunisie\/2021\/04\/08\/le-president-dutica-sousse-les-gens-vont-travailler-et-quils-les-mettent-tous-en-prison\/","url":"https:\/\/kapitalis.com\/tunisie\/2021\/04\/08\/le-president-dutica-sousse-les-gens-vont-travailler-et-quils-les-mettent-tous-en-prison\/","name":"Le pr\u00e9sident d'Utica-Sousse : \u00abLes gens vont travailler et qu'ils les mettent tous en prison\u00bb - Kapitalis","isPartOf":{"@id":"https:\/\/kapitalis.com\/tunisie\/#website"},"primaryImageOfPage":{"@id":"https:\/\/kapitalis.com\/tunisie\/2021\/04\/08\/le-president-dutica-sousse-les-gens-vont-travailler-et-quils-les-mettent-tous-en-prison\/#primaryimage"},"image":{"@id":"https:\/\/kapitalis.com\/tunisie\/2021\/04\/08\/le-president-dutica-sousse-les-gens-vont-travailler-et-quils-les-mettent-tous-en-prison\/#primaryimage"},"thumbnailUrl":"","datePublished":"2021-04-08T14:25:52+00:00","dateModified":"2021-04-08T20:31:06+00:00","breadcrumb":{"@id":"https:\/\/kapitalis.com\/tunisie\/2021\/04\/08\/le-president-dutica-sousse-les-gens-vont-travailler-et-quils-les-mettent-tous-en-prison\/#breadcrumb"},"inLanguage":"fr-FR","potentialAction":[{"@type":"ReadAction","target":["https:\/\/kapitalis.com\/tunisie\/2021\/04\/08\/le-president-dutica-sousse-les-gens-vont-travailler-et-quils-les-mettent-tous-en-prison\/"]}]},{"@type":"ImageObject","inLanguage":"fr-FR","@id":"https:\/\/kapitalis.com\/tunisie\/2021\/04\/08\/le-president-dutica-sousse-les-gens-vont-travailler-et-quils-les-mettent-tous-en-prison\/#primaryimage","url":"","contentUrl":""},{"@type":"BreadcrumbList","@id":"https:\/\/kapitalis.com\/tunisie\/2021\/04\/08\/le-president-dutica-sousse-les-gens-vont-travailler-et-quils-les-mettent-tous-en-prison\/#breadcrumb","itemListElement":[{"@type":"ListItem","position":1,"name":"Accueil","item":"https:\/\/kapitalis.com\/tunisie\/"},{"@type":"ListItem","position":2,"name":"Le pr\u00e9sident d&rsquo;Utica-Sousse : \u00abLes gens vont travailler et qu&rsquo;ils les mettent tous en prison\u00bb"}]},{"@type":"WebSite","@id":"https:\/\/kapitalis.com\/tunisie\/#website","url":"https:\/\/kapitalis.com\/tunisie\/","name":"Kapitalis","description":"L&#039;actualit\u00e9 en Tunisie et dans le monde","publisher":{"@id":"https:\/\/kapitalis.com\/tunisie\/#organization"},"potentialAction":[{"@type":"SearchAction","target":{"@type":"EntryPoint","urlTemplate":"https:\/\/kapitalis.com\/tunisie\/?s={search_term_string}"},"query-input":{"@type":"PropertyValueSpecification","valueRequired":true,"valueName":"search_term_string"}}],"inLanguage":"fr-FR"},{"@type":"Organization","@id":"https:\/\/kapitalis.com\/tunisie\/#organization","name":"Kapitalis","url":"https:\/\/kapitalis.com\/tunisie\/","logo":{"@type":"ImageObject","inLanguage":"fr-FR","@id":"https:\/\/kapitalis.com\/tunisie\/#\/schema\/logo\/image\/","url":"https:\/\/kapitalis.com\/tunisie\/wp-content\/uploads\/2022\/05\/Kapitalis-big-size.png","contentUrl":"https:\/\/kapitalis.com\/tunisie\/wp-content\/uploads\/2022\/05\/Kapitalis-big-size.png","width":5000,"height":1500,"caption":"Kapitalis"},"image":{"@id":"https:\/\/kapitalis.com\/tunisie\/#\/schema\/logo\/image\/"},"sameAs":["https:\/\/www.facebook.com\/KapitalisInfo\/","https:\/\/x.com\/KapitalisInfo","https:\/\/www.youtube.com\/channel\/UC-yDYrHyfFBWWZaOw3FPg9Q"]},{"@type":"Person","@id":"https:\/\/kapitalis.com\/tunisie\/#\/schema\/person\/b35b8d631961131107263178aeb8019e","name":"Cherif Benyounes","url":"https:\/\/kapitalis.com\/tunisie\/author\/cherif\/"}]}},"_links":{"self":[{"href":"https:\/\/kapitalis.com\/tunisie\/wp-json\/wp\/v2\/posts\/344733","targetHints":{"allow":["GET"]}}],"collection":[{"href":"https:\/\/kapitalis.com\/tunisie\/wp-json\/wp\/v2\/posts"}],"about":[{"href":"https:\/\/kapitalis.com\/tunisie\/wp-json\/wp\/v2\/types\/post"}],"author":[{"embeddable":true,"href":"https:\/\/kapitalis.com\/tunisie\/wp-json\/wp\/v2\/users\/24"}],"replies":[{"embeddable":true,"href":"https:\/\/kapitalis.com\/tunisie\/wp-json\/wp\/v2\/comments?post=344733"}],"version-history":[{"count":0,"href":"https:\/\/kapitalis.com\/tunisie\/wp-json\/wp\/v2\/posts\/344733\/revisions"}],"wp:featuredmedia":[{"embeddable":true,"href":"https:\/\/kapitalis.com\/tunisie\/wp-json\/wp\/v2\/media\/344743"}],"wp:attachment":[{"href":"https:\/\/kapitalis.com\/tunisie\/wp-json\/wp\/v2\/media?parent=344733"}],"wp:term":[{"taxonomy":"category","embeddable":true,"href":"https:\/\/kapitalis.com\/tunisie\/wp-json\/wp\/v2\/categories?post=344733"},{"taxonomy":"post_tag","embeddable":true,"href":"https:\/\/kapitalis.com\/tunisie\/wp-json\/wp\/v2\/tags?post=344733"}],"curies":[{"name":"wp","href":"https:\/\/api.w.org\/{rel}","templated":true}]}}