{"id":3447405,"date":"2022-08-26T10:40:44","date_gmt":"2022-08-26T09:40:44","guid":{"rendered":"https:\/\/kapitalis.com\/tunisie\/?p=3447405"},"modified":"2022-08-26T10:40:45","modified_gmt":"2022-08-26T09:40:45","slug":"le-musee-archeologique-de-sousse-accueille-la-10e-edition-des-nuits-du-musee","status":"publish","type":"post","link":"https:\/\/kapitalis.com\/tunisie\/2022\/08\/26\/le-musee-archeologique-de-sousse-accueille-la-10e-edition-des-nuits-du-musee\/","title":{"rendered":"Le Mus\u00e9e arch\u00e9ologique de Sousse accueille la 10e \u00e9dition des Nuits du Mus\u00e9e"},"content":{"rendered":"\n<p><strong><em>La 10<sup>e<\/sup> \u00e9dition des Nuits du Mus\u00e9e aura lieu du 31 ao\u00fbt au 5 septembre au Mus\u00e9e arch\u00e9ologique de Sousse.<\/em><\/strong><\/p>\n\n\n\n<!--more-->\n\n\n\n<p>Les Nuits du Mus\u00e9e de Sousse seront de retour la semaine prochaine avec une programmation musicale \u00e9clectique qui r\u00e9unit diff\u00e9rents genres musicaux entre le Jazz, l\u2019Op\u00e9ra, le Rock, la musique tunisienne et les musiques du monde, et ce dans le magnifique cadre du Mus\u00e9e arch\u00e9ologique de Sousse, une initiative organis\u00e9e par le minist\u00e8re des Affaires culturelles et l\u2019Agence de Mise en Valeur du Patrimoine et de Promotion culturelles.<\/p>\n\n\n\n<p>Le programme d\u00e9marrera avec un concert de Riadh Ben Amor et Mounir Troudi. Le public aura \u00e9galement rendez-vous avec Hassen Doss, Zohra Lajnef, le trio de Karim Ziad, The oriental String Quartet et un spectacle orchestral pour la soir\u00e9e de cl\u00f4ture avec d\u2019Adel Missaoui.<\/p>\n\n\n\n<p>En plus des spectacles musicaux, le festival propose cette ann\u00e9e un spectacle de vid\u00e9o Mapping intitul\u00e9 \u00ab&nbsp;<em>L\u2019Histoire du Mus\u00e9e arch\u00e9ologique de Sousse<\/em>&nbsp;\u00bb.<\/p>\n\n\n\n<p class=\"has-text-align-right\"><strong>F.B<\/strong><\/p>\n","protected":false},"excerpt":{"rendered":"<p>La 10e \u00e9dition des Nuits du Mus\u00e9e aura lieu du 31 ao\u00fbt au 5 septembre au Mus\u00e9e arch\u00e9ologique de Sousse.<\/p>\n","protected":false},"author":26,"featured_media":3448182,"comment_status":"open","ping_status":"open","sticky":false,"template":"","format":"standard","meta":{"footnotes":""},"categories":[994,2433],"tags":[75983,102323,854,62643],"class_list":["post-3447405","post","type-post","status-publish","format-standard","has-post-thumbnail","hentry","category-culture","category-tunisie","tag-musee-archeologique-de-sousse","tag-nuits-du-musee-de-sousse","tag-sousse","tag-tunisie"],"yoast_head":"<!-- This site is optimized with the Yoast SEO plugin v26.6 - https:\/\/yoast.com\/wordpress\/plugins\/seo\/ -->\n<title>Le Mus\u00e9e arch\u00e9ologique de Sousse accueille la 10e \u00e9dition des Nuits du Mus\u00e9e - Kapitalis<\/title>\n<meta name=\"robots\" content=\"index, follow, max-snippet:-1, max-image-preview:large, max-video-preview:-1\" \/>\n<link rel=\"canonical\" href=\"https:\/\/kapitalis.com\/tunisie\/2022\/08\/26\/le-musee-archeologique-de-sousse-accueille-la-10e-edition-des-nuits-du-musee\/\" \/>\n<meta property=\"og:locale\" content=\"fr_FR\" \/>\n<meta property=\"og:type\" content=\"article\" \/>\n<meta property=\"og:title\" content=\"Le Mus\u00e9e arch\u00e9ologique de Sousse accueille la 10e \u00e9dition des Nuits du Mus\u00e9e - Kapitalis\" \/>\n<meta property=\"og:description\" content=\"La 10e \u00e9dition des Nuits du Mus\u00e9e aura lieu du 31 ao\u00fbt au 5 septembre au Mus\u00e9e arch\u00e9ologique de Sousse.\" \/>\n<meta property=\"og:url\" content=\"https:\/\/kapitalis.com\/tunisie\/2022\/08\/26\/le-musee-archeologique-de-sousse-accueille-la-10e-edition-des-nuits-du-musee\/\" \/>\n<meta property=\"og:site_name\" content=\"Kapitalis\" \/>\n<meta property=\"article:publisher\" content=\"https:\/\/www.facebook.com\/KapitalisInfo\/\" \/>\n<meta property=\"article:published_time\" content=\"2022-08-26T09:40:44+00:00\" \/>\n<meta property=\"article:modified_time\" content=\"2022-08-26T09:40:45+00:00\" \/>\n<meta property=\"og:image\" content=\"https:\/\/kapitalis.com\/tunisie\/wp-content\/uploads\/2022\/08\/Nuits-du-Musee-de-Sousse.jpg\" \/>\n\t<meta property=\"og:image:width\" content=\"1200\" \/>\n\t<meta property=\"og:image:height\" content=\"630\" \/>\n\t<meta property=\"og:image:type\" content=\"image\/jpeg\" \/>\n<meta name=\"author\" content=\"Fawz BenAli\" \/>\n<meta name=\"twitter:card\" content=\"summary_large_image\" \/>\n<meta name=\"twitter:creator\" content=\"@KapitalisInfo\" \/>\n<meta name=\"twitter:site\" content=\"@KapitalisInfo\" \/>\n<meta name=\"twitter:label1\" content=\"\u00c9crit par\" \/>\n\t<meta name=\"twitter:data1\" content=\"Fawz BenAli\" \/>\n\t<meta name=\"twitter:label2\" content=\"Dur\u00e9e de lecture estim\u00e9e\" \/>\n\t<meta name=\"twitter:data2\" content=\"1 minute\" \/>\n<script type=\"application\/ld+json\" class=\"yoast-schema-graph\">{\"@context\":\"https:\/\/schema.org\",\"@graph\":[{\"@type\":\"Article\",\"@id\":\"https:\/\/kapitalis.com\/tunisie\/2022\/08\/26\/le-musee-archeologique-de-sousse-accueille-la-10e-edition-des-nuits-du-musee\/#article\",\"isPartOf\":{\"@id\":\"https:\/\/kapitalis.com\/tunisie\/2022\/08\/26\/le-musee-archeologique-de-sousse-accueille-la-10e-edition-des-nuits-du-musee\/\"},\"author\":{\"name\":\"Fawz BenAli\",\"@id\":\"https:\/\/kapitalis.com\/tunisie\/#\/schema\/person\/73a5ecc1f6ae540c6ed91342eadca948\"},\"headline\":\"Le Mus\u00e9e arch\u00e9ologique de Sousse accueille la 10e \u00e9dition des Nuits du Mus\u00e9e\",\"datePublished\":\"2022-08-26T09:40:44+00:00\",\"dateModified\":\"2022-08-26T09:40:45+00:00\",\"mainEntityOfPage\":{\"@id\":\"https:\/\/kapitalis.com\/tunisie\/2022\/08\/26\/le-musee-archeologique-de-sousse-accueille-la-10e-edition-des-nuits-du-musee\/\"},\"wordCount\":195,\"commentCount\":0,\"publisher\":{\"@id\":\"https:\/\/kapitalis.com\/tunisie\/#organization\"},\"image\":{\"@id\":\"https:\/\/kapitalis.com\/tunisie\/2022\/08\/26\/le-musee-archeologique-de-sousse-accueille-la-10e-edition-des-nuits-du-musee\/#primaryimage\"},\"thumbnailUrl\":\"https:\/\/kapitalis.com\/tunisie\/wp-content\/uploads\/2022\/08\/Nuits-du-Musee-de-Sousse.jpg\",\"keywords\":[\"Mus\u00e9e arch\u00e9ologique de Sousse\",\"Nuits du Mus\u00e9e de Sousse\",\"Sousse\",\"Tunisie\"],\"articleSection\":[\"CULTURE\",\"Tunisie\"],\"inLanguage\":\"fr-FR\",\"potentialAction\":[{\"@type\":\"CommentAction\",\"name\":\"Comment\",\"target\":[\"https:\/\/kapitalis.com\/tunisie\/2022\/08\/26\/le-musee-archeologique-de-sousse-accueille-la-10e-edition-des-nuits-du-musee\/#respond\"]}]},{\"@type\":\"WebPage\",\"@id\":\"https:\/\/kapitalis.com\/tunisie\/2022\/08\/26\/le-musee-archeologique-de-sousse-accueille-la-10e-edition-des-nuits-du-musee\/\",\"url\":\"https:\/\/kapitalis.com\/tunisie\/2022\/08\/26\/le-musee-archeologique-de-sousse-accueille-la-10e-edition-des-nuits-du-musee\/\",\"name\":\"Le Mus\u00e9e arch\u00e9ologique de Sousse accueille la 10e \u00e9dition des Nuits du Mus\u00e9e - Kapitalis\",\"isPartOf\":{\"@id\":\"https:\/\/kapitalis.com\/tunisie\/#website\"},\"primaryImageOfPage\":{\"@id\":\"https:\/\/kapitalis.com\/tunisie\/2022\/08\/26\/le-musee-archeologique-de-sousse-accueille-la-10e-edition-des-nuits-du-musee\/#primaryimage\"},\"image\":{\"@id\":\"https:\/\/kapitalis.com\/tunisie\/2022\/08\/26\/le-musee-archeologique-de-sousse-accueille-la-10e-edition-des-nuits-du-musee\/#primaryimage\"},\"thumbnailUrl\":\"https:\/\/kapitalis.com\/tunisie\/wp-content\/uploads\/2022\/08\/Nuits-du-Musee-de-Sousse.jpg\",\"datePublished\":\"2022-08-26T09:40:44+00:00\",\"dateModified\":\"2022-08-26T09:40:45+00:00\",\"breadcrumb\":{\"@id\":\"https:\/\/kapitalis.com\/tunisie\/2022\/08\/26\/le-musee-archeologique-de-sousse-accueille-la-10e-edition-des-nuits-du-musee\/#breadcrumb\"},\"inLanguage\":\"fr-FR\",\"potentialAction\":[{\"@type\":\"ReadAction\",\"target\":[\"https:\/\/kapitalis.com\/tunisie\/2022\/08\/26\/le-musee-archeologique-de-sousse-accueille-la-10e-edition-des-nuits-du-musee\/\"]}]},{\"@type\":\"ImageObject\",\"inLanguage\":\"fr-FR\",\"@id\":\"https:\/\/kapitalis.com\/tunisie\/2022\/08\/26\/le-musee-archeologique-de-sousse-accueille-la-10e-edition-des-nuits-du-musee\/#primaryimage\",\"url\":\"https:\/\/kapitalis.com\/tunisie\/wp-content\/uploads\/2022\/08\/Nuits-du-Musee-de-Sousse.jpg\",\"contentUrl\":\"https:\/\/kapitalis.com\/tunisie\/wp-content\/uploads\/2022\/08\/Nuits-du-Musee-de-Sousse.jpg\",\"width\":1200,\"height\":630},{\"@type\":\"BreadcrumbList\",\"@id\":\"https:\/\/kapitalis.com\/tunisie\/2022\/08\/26\/le-musee-archeologique-de-sousse-accueille-la-10e-edition-des-nuits-du-musee\/#breadcrumb\",\"itemListElement\":[{\"@type\":\"ListItem\",\"position\":1,\"name\":\"Accueil\",\"item\":\"https:\/\/kapitalis.com\/tunisie\/\"},{\"@type\":\"ListItem\",\"position\":2,\"name\":\"Le Mus\u00e9e arch\u00e9ologique de Sousse accueille la 10e \u00e9dition des Nuits du Mus\u00e9e\"}]},{\"@type\":\"WebSite\",\"@id\":\"https:\/\/kapitalis.com\/tunisie\/#website\",\"url\":\"https:\/\/kapitalis.com\/tunisie\/\",\"name\":\"Kapitalis\",\"description\":\"L&#039;actualit\u00e9 en Tunisie et dans le monde\",\"publisher\":{\"@id\":\"https:\/\/kapitalis.com\/tunisie\/#organization\"},\"potentialAction\":[{\"@type\":\"SearchAction\",\"target\":{\"@type\":\"EntryPoint\",\"urlTemplate\":\"https:\/\/kapitalis.com\/tunisie\/?s={search_term_string}\"},\"query-input\":{\"@type\":\"PropertyValueSpecification\",\"valueRequired\":true,\"valueName\":\"search_term_string\"}}],\"inLanguage\":\"fr-FR\"},{\"@type\":\"Organization\",\"@id\":\"https:\/\/kapitalis.com\/tunisie\/#organization\",\"name\":\"Kapitalis\",\"url\":\"https:\/\/kapitalis.com\/tunisie\/\",\"logo\":{\"@type\":\"ImageObject\",\"inLanguage\":\"fr-FR\",\"@id\":\"https:\/\/kapitalis.com\/tunisie\/#\/schema\/logo\/image\/\",\"url\":\"https:\/\/kapitalis.com\/tunisie\/wp-content\/uploads\/2022\/05\/Kapitalis-big-size.png\",\"contentUrl\":\"https:\/\/kapitalis.com\/tunisie\/wp-content\/uploads\/2022\/05\/Kapitalis-big-size.png\",\"width\":5000,\"height\":1500,\"caption\":\"Kapitalis\"},\"image\":{\"@id\":\"https:\/\/kapitalis.com\/tunisie\/#\/schema\/logo\/image\/\"},\"sameAs\":[\"https:\/\/www.facebook.com\/KapitalisInfo\/\",\"https:\/\/x.com\/KapitalisInfo\",\"https:\/\/www.youtube.com\/channel\/UC-yDYrHyfFBWWZaOw3FPg9Q\"]},{\"@type\":\"Person\",\"@id\":\"https:\/\/kapitalis.com\/tunisie\/#\/schema\/person\/73a5ecc1f6ae540c6ed91342eadca948\",\"name\":\"Fawz BenAli\",\"url\":\"https:\/\/kapitalis.com\/tunisie\/author\/fawz\/\"}]}<\/script>\n<!-- \/ Yoast SEO plugin. -->","yoast_head_json":{"title":"Le Mus\u00e9e arch\u00e9ologique de Sousse accueille la 10e \u00e9dition des Nuits du Mus\u00e9e - Kapitalis","robots":{"index":"index","follow":"follow","max-snippet":"max-snippet:-1","max-image-preview":"max-image-preview:large","max-video-preview":"max-video-preview:-1"},"canonical":"https:\/\/kapitalis.com\/tunisie\/2022\/08\/26\/le-musee-archeologique-de-sousse-accueille-la-10e-edition-des-nuits-du-musee\/","og_locale":"fr_FR","og_type":"article","og_title":"Le Mus\u00e9e arch\u00e9ologique de Sousse accueille la 10e \u00e9dition des Nuits du Mus\u00e9e - Kapitalis","og_description":"La 10e \u00e9dition des Nuits du Mus\u00e9e aura lieu du 31 ao\u00fbt au 5 septembre au Mus\u00e9e arch\u00e9ologique de Sousse.","og_url":"https:\/\/kapitalis.com\/tunisie\/2022\/08\/26\/le-musee-archeologique-de-sousse-accueille-la-10e-edition-des-nuits-du-musee\/","og_site_name":"Kapitalis","article_publisher":"https:\/\/www.facebook.com\/KapitalisInfo\/","article_published_time":"2022-08-26T09:40:44+00:00","article_modified_time":"2022-08-26T09:40:45+00:00","og_image":[{"width":1200,"height":630,"url":"https:\/\/kapitalis.com\/tunisie\/wp-content\/uploads\/2022\/08\/Nuits-du-Musee-de-Sousse.jpg","type":"image\/jpeg"}],"author":"Fawz BenAli","twitter_card":"summary_large_image","twitter_creator":"@KapitalisInfo","twitter_site":"@KapitalisInfo","twitter_misc":{"\u00c9crit par":"Fawz BenAli","Dur\u00e9e de lecture estim\u00e9e":"1 minute"},"schema":{"@context":"https:\/\/schema.org","@graph":[{"@type":"Article","@id":"https:\/\/kapitalis.com\/tunisie\/2022\/08\/26\/le-musee-archeologique-de-sousse-accueille-la-10e-edition-des-nuits-du-musee\/#article","isPartOf":{"@id":"https:\/\/kapitalis.com\/tunisie\/2022\/08\/26\/le-musee-archeologique-de-sousse-accueille-la-10e-edition-des-nuits-du-musee\/"},"author":{"name":"Fawz BenAli","@id":"https:\/\/kapitalis.com\/tunisie\/#\/schema\/person\/73a5ecc1f6ae540c6ed91342eadca948"},"headline":"Le Mus\u00e9e arch\u00e9ologique de Sousse accueille la 10e \u00e9dition des Nuits du Mus\u00e9e","datePublished":"2022-08-26T09:40:44+00:00","dateModified":"2022-08-26T09:40:45+00:00","mainEntityOfPage":{"@id":"https:\/\/kapitalis.com\/tunisie\/2022\/08\/26\/le-musee-archeologique-de-sousse-accueille-la-10e-edition-des-nuits-du-musee\/"},"wordCount":195,"commentCount":0,"publisher":{"@id":"https:\/\/kapitalis.com\/tunisie\/#organization"},"image":{"@id":"https:\/\/kapitalis.com\/tunisie\/2022\/08\/26\/le-musee-archeologique-de-sousse-accueille-la-10e-edition-des-nuits-du-musee\/#primaryimage"},"thumbnailUrl":"https:\/\/kapitalis.com\/tunisie\/wp-content\/uploads\/2022\/08\/Nuits-du-Musee-de-Sousse.jpg","keywords":["Mus\u00e9e arch\u00e9ologique de Sousse","Nuits du Mus\u00e9e de Sousse","Sousse","Tunisie"],"articleSection":["CULTURE","Tunisie"],"inLanguage":"fr-FR","potentialAction":[{"@type":"CommentAction","name":"Comment","target":["https:\/\/kapitalis.com\/tunisie\/2022\/08\/26\/le-musee-archeologique-de-sousse-accueille-la-10e-edition-des-nuits-du-musee\/#respond"]}]},{"@type":"WebPage","@id":"https:\/\/kapitalis.com\/tunisie\/2022\/08\/26\/le-musee-archeologique-de-sousse-accueille-la-10e-edition-des-nuits-du-musee\/","url":"https:\/\/kapitalis.com\/tunisie\/2022\/08\/26\/le-musee-archeologique-de-sousse-accueille-la-10e-edition-des-nuits-du-musee\/","name":"Le Mus\u00e9e arch\u00e9ologique de Sousse accueille la 10e \u00e9dition des Nuits du Mus\u00e9e - Kapitalis","isPartOf":{"@id":"https:\/\/kapitalis.com\/tunisie\/#website"},"primaryImageOfPage":{"@id":"https:\/\/kapitalis.com\/tunisie\/2022\/08\/26\/le-musee-archeologique-de-sousse-accueille-la-10e-edition-des-nuits-du-musee\/#primaryimage"},"image":{"@id":"https:\/\/kapitalis.com\/tunisie\/2022\/08\/26\/le-musee-archeologique-de-sousse-accueille-la-10e-edition-des-nuits-du-musee\/#primaryimage"},"thumbnailUrl":"https:\/\/kapitalis.com\/tunisie\/wp-content\/uploads\/2022\/08\/Nuits-du-Musee-de-Sousse.jpg","datePublished":"2022-08-26T09:40:44+00:00","dateModified":"2022-08-26T09:40:45+00:00","breadcrumb":{"@id":"https:\/\/kapitalis.com\/tunisie\/2022\/08\/26\/le-musee-archeologique-de-sousse-accueille-la-10e-edition-des-nuits-du-musee\/#breadcrumb"},"inLanguage":"fr-FR","potentialAction":[{"@type":"ReadAction","target":["https:\/\/kapitalis.com\/tunisie\/2022\/08\/26\/le-musee-archeologique-de-sousse-accueille-la-10e-edition-des-nuits-du-musee\/"]}]},{"@type":"ImageObject","inLanguage":"fr-FR","@id":"https:\/\/kapitalis.com\/tunisie\/2022\/08\/26\/le-musee-archeologique-de-sousse-accueille-la-10e-edition-des-nuits-du-musee\/#primaryimage","url":"https:\/\/kapitalis.com\/tunisie\/wp-content\/uploads\/2022\/08\/Nuits-du-Musee-de-Sousse.jpg","contentUrl":"https:\/\/kapitalis.com\/tunisie\/wp-content\/uploads\/2022\/08\/Nuits-du-Musee-de-Sousse.jpg","width":1200,"height":630},{"@type":"BreadcrumbList","@id":"https:\/\/kapitalis.com\/tunisie\/2022\/08\/26\/le-musee-archeologique-de-sousse-accueille-la-10e-edition-des-nuits-du-musee\/#breadcrumb","itemListElement":[{"@type":"ListItem","position":1,"name":"Accueil","item":"https:\/\/kapitalis.com\/tunisie\/"},{"@type":"ListItem","position":2,"name":"Le Mus\u00e9e arch\u00e9ologique de Sousse accueille la 10e \u00e9dition des Nuits du Mus\u00e9e"}]},{"@type":"WebSite","@id":"https:\/\/kapitalis.com\/tunisie\/#website","url":"https:\/\/kapitalis.com\/tunisie\/","name":"Kapitalis","description":"L&#039;actualit\u00e9 en Tunisie et dans le monde","publisher":{"@id":"https:\/\/kapitalis.com\/tunisie\/#organization"},"potentialAction":[{"@type":"SearchAction","target":{"@type":"EntryPoint","urlTemplate":"https:\/\/kapitalis.com\/tunisie\/?s={search_term_string}"},"query-input":{"@type":"PropertyValueSpecification","valueRequired":true,"valueName":"search_term_string"}}],"inLanguage":"fr-FR"},{"@type":"Organization","@id":"https:\/\/kapitalis.com\/tunisie\/#organization","name":"Kapitalis","url":"https:\/\/kapitalis.com\/tunisie\/","logo":{"@type":"ImageObject","inLanguage":"fr-FR","@id":"https:\/\/kapitalis.com\/tunisie\/#\/schema\/logo\/image\/","url":"https:\/\/kapitalis.com\/tunisie\/wp-content\/uploads\/2022\/05\/Kapitalis-big-size.png","contentUrl":"https:\/\/kapitalis.com\/tunisie\/wp-content\/uploads\/2022\/05\/Kapitalis-big-size.png","width":5000,"height":1500,"caption":"Kapitalis"},"image":{"@id":"https:\/\/kapitalis.com\/tunisie\/#\/schema\/logo\/image\/"},"sameAs":["https:\/\/www.facebook.com\/KapitalisInfo\/","https:\/\/x.com\/KapitalisInfo","https:\/\/www.youtube.com\/channel\/UC-yDYrHyfFBWWZaOw3FPg9Q"]},{"@type":"Person","@id":"https:\/\/kapitalis.com\/tunisie\/#\/schema\/person\/73a5ecc1f6ae540c6ed91342eadca948","name":"Fawz BenAli","url":"https:\/\/kapitalis.com\/tunisie\/author\/fawz\/"}]}},"_links":{"self":[{"href":"https:\/\/kapitalis.com\/tunisie\/wp-json\/wp\/v2\/posts\/3447405","targetHints":{"allow":["GET"]}}],"collection":[{"href":"https:\/\/kapitalis.com\/tunisie\/wp-json\/wp\/v2\/posts"}],"about":[{"href":"https:\/\/kapitalis.com\/tunisie\/wp-json\/wp\/v2\/types\/post"}],"author":[{"embeddable":true,"href":"https:\/\/kapitalis.com\/tunisie\/wp-json\/wp\/v2\/users\/26"}],"replies":[{"embeddable":true,"href":"https:\/\/kapitalis.com\/tunisie\/wp-json\/wp\/v2\/comments?post=3447405"}],"version-history":[{"count":0,"href":"https:\/\/kapitalis.com\/tunisie\/wp-json\/wp\/v2\/posts\/3447405\/revisions"}],"wp:featuredmedia":[{"embeddable":true,"href":"https:\/\/kapitalis.com\/tunisie\/wp-json\/wp\/v2\/media\/3448182"}],"wp:attachment":[{"href":"https:\/\/kapitalis.com\/tunisie\/wp-json\/wp\/v2\/media?parent=3447405"}],"wp:term":[{"taxonomy":"category","embeddable":true,"href":"https:\/\/kapitalis.com\/tunisie\/wp-json\/wp\/v2\/categories?post=3447405"},{"taxonomy":"post_tag","embeddable":true,"href":"https:\/\/kapitalis.com\/tunisie\/wp-json\/wp\/v2\/tags?post=3447405"}],"curies":[{"name":"wp","href":"https:\/\/api.w.org\/{rel}","templated":true}]}}