{"id":344750,"date":"2021-04-08T16:46:49","date_gmt":"2021-04-08T15:46:49","guid":{"rendered":"http:\/\/kapitalis.com\/tunisie\/?p=344750"},"modified":"2021-04-08T16:46:52","modified_gmt":"2021-04-08T15:46:52","slug":"parlement-samia-abbou-evoque-un-bras-de-fer-entre-qalb-tounes-et-ennahdha-apres-le-refus-de-liberation-de-nabil-karoui","status":"publish","type":"post","link":"https:\/\/kapitalis.com\/tunisie\/2021\/04\/08\/parlement-samia-abbou-evoque-un-bras-de-fer-entre-qalb-tounes-et-ennahdha-apres-le-refus-de-liberation-de-nabil-karoui\/","title":{"rendered":"Parlement : Samia Abbou \u00e9voque un bras de fer entre Qalb Tounes et Ennahdha apr\u00e8s le refus de lib\u00e9ration de Nabil Karoui"},"content":{"rendered":"\n<figure class=\"wp-block-image size-large\"><img decoding=\"async\" src=\"http:\/\/kapitalis.com\/tunisie\/wp-content\/uploads\/2021\/04\/samia-abbou.jpg\" alt=\"\" class=\"wp-image-344758\"\/><\/figure>\n\n\n\n<p><em><strong>La d\u00e9put\u00e9e d&rsquo;Attayar, Samia Abbou, est revenue, ce jeudi 8 avril 2021, sur le report de la pl\u00e9ni\u00e8re consacr\u00e9e \u00e0 l\u2019\u00e9lection des membres de la Cour constitutionnelle. Pour elle, un conflit entre les blocs parlementaires d&rsquo;Ennahdha et de Qalb Tounes l&rsquo;explique, apr\u00e8s le refus de lib\u00e9ration du pr\u00e9sident du 2e parti, Nabil Karoui.<\/strong><\/em><\/p>\n\n\n\n<!--more-->\n\n\n\n<p>Invit\u00e9e \u00e0 \u00ab<em>Midi show<\/em>\u00bb, sur Mosa\u00efque FM, l&rsquo;avocate a affirm\u00e9 qu&rsquo;il existe actuellement un bras de fer entre les d\u00e9put\u00e9s des deux partis, et que c&rsquo;est dans cette optique que ceux de Qalb Tounes commencent d\u00e9sormais \u00e0 s&rsquo;absenter aux pl\u00e9ni\u00e8res. C&rsquo;est leur fa\u00e7on de mettre la pression sur leurs alli\u00e9s islamistes, selon elle.<\/p>\n\n\n\n<p>Samia Abbou laisse entendre, par l\u00e0, que Nabil Karoui se serait attendu \u00e0 plus d&rsquo;efforts de la part du parti est pouvoir depuis 10 ans, et notamment de la part de son pr\u00e9sident, Rached Ghannouchi, pour obliger la magistrature \u00e0 le lib\u00e9rer, lui qui est en prison depuis plus de 3 mois dans le cadre d&rsquo;une affaire de corruption financi\u00e8re.<\/p>\n\n\n\n<p>Apr\u00e8s tout, le garder \u00e0 l&rsquo;abri de la justice, malgr\u00e9 les lourds soup\u00e7ons de corruption qui p\u00e8sent sur lui, fut probablement la raison principale pour laquelle Karoui a choisi de s&rsquo;allier avec les islamistes lors de la mandature actuelle, au risque de perdre, par la m\u00eame occasion, la majorit\u00e9 \u00e9crasante de sa base \u00e9lectorale.<\/p>\n\n\n\n<p>Abbou a assur\u00e9 que la pl\u00e9ni\u00e8re avait \u00e9t\u00e9 report\u00e9e pour \u00e9viter l\u2019\u00e9chec de l&rsquo;\u00e9lection des membres de la Cour constitutionnelle, et que, de toute fa\u00e7on, les d\u00e9put\u00e9s de Qalb Tounes n\u2019auraient pas vot\u00e9, soulignant, par ailleurs, que ce report n\u2019avait pas \u00e9t\u00e9 conforme au r\u00e8glement int\u00e9rieur du Parlement.<\/p>\n\n\n\n<p>Sur un autre plan, elle a\u00a0consid\u00e9r\u00e9 que le rejet de l&rsquo;amendement relatif \u00e0 la Cour constitutionnelle par le pr\u00e9sident de la r\u00e9publique, Ka\u00efs Sa\u00efed, \u00e9tait aussi bien pertinent que l\u00e9gal, ajoutant que le blocage qui en r\u00e9sulte n\u00e9cessite une solution politique.<\/p>\n\n\n\n<p>La d\u00e9put\u00e9e estime que Kais Sa\u00efed a eu raison en d\u00e9clarant que le Parlement avait enfreint la loi, expliquant qu&rsquo;Ennahdha et Nida Tounes auraient pu, s&rsquo;ils le voulaient, \u00e9lire les membres de ladite Cour lors de la mandature pr\u00e9c\u00e9dente.<\/p>\n\n\n\n<p>Toutefois, elle pense que le chef de l&rsquo;\u00c9tat aurait mieux fait de recourir plut\u00f4t \u00e0 un r\u00e9f\u00e9rendum pour trancher sur la question.<\/p>\n\n\n\n<p class=\"has-text-align-right\"><strong>Cherif Ben Youn\u00e8s<\/strong><\/p>\n","protected":false},"excerpt":{"rendered":"<p>La d\u00e9put\u00e9e d&rsquo;Attayar, Samia Abbou, est revenue, ce jeudi 8 avril 2021, sur le report de la pl\u00e9ni\u00e8re consacr\u00e9e \u00e0 l\u2019\u00e9lection des membres de la Cour constitutionnelle. Pour elle, un conflit entre les blocs parlementaires d&rsquo;Ennahdha et de Qalb Tounes l&rsquo;explique, apr\u00e8s le refus de lib\u00e9ration du pr\u00e9sident du 2e parti, Nabil Karoui.<\/p>\n","protected":false},"author":24,"featured_media":344758,"comment_status":"open","ping_status":"open","sticky":false,"template":"","format":"standard","meta":{"footnotes":""},"categories":[997,2433],"tags":[15519,82282,49543,651,61989,805],"class_list":["post-344750","post","type-post","status-publish","format-standard","has-post-thumbnail","hentry","category-politique","category-tunisie","tag-attayar","tag-attayat","tag-ennahdha","tag-nabil-karoui","tag-qalb-tounes","tag-samia-abbou"],"yoast_head":"<!-- This site is optimized with the Yoast SEO plugin v26.6 - https:\/\/yoast.com\/wordpress\/plugins\/seo\/ -->\n<title>Parlement : Samia Abbou \u00e9voque un bras de fer entre Qalb Tounes et Ennahdha apr\u00e8s le refus de lib\u00e9ration de Nabil Karoui - Kapitalis<\/title>\n<meta name=\"robots\" content=\"index, follow, max-snippet:-1, max-image-preview:large, max-video-preview:-1\" \/>\n<link rel=\"canonical\" href=\"https:\/\/kapitalis.com\/tunisie\/2021\/04\/08\/parlement-samia-abbou-evoque-un-bras-de-fer-entre-qalb-tounes-et-ennahdha-apres-le-refus-de-liberation-de-nabil-karoui\/\" \/>\n<meta property=\"og:locale\" content=\"fr_FR\" \/>\n<meta property=\"og:type\" content=\"article\" \/>\n<meta property=\"og:title\" content=\"Parlement : Samia Abbou \u00e9voque un bras de fer entre Qalb Tounes et Ennahdha apr\u00e8s le refus de lib\u00e9ration de Nabil Karoui - Kapitalis\" \/>\n<meta property=\"og:description\" content=\"La d\u00e9put\u00e9e d&rsquo;Attayar, Samia Abbou, est revenue, ce jeudi 8 avril 2021, sur le report de la pl\u00e9ni\u00e8re consacr\u00e9e \u00e0 l\u2019\u00e9lection des membres de la Cour constitutionnelle. Pour elle, un conflit entre les blocs parlementaires d&rsquo;Ennahdha et de Qalb Tounes l&rsquo;explique, apr\u00e8s le refus de lib\u00e9ration du pr\u00e9sident du 2e parti, Nabil Karoui.\" \/>\n<meta property=\"og:url\" content=\"https:\/\/kapitalis.com\/tunisie\/2021\/04\/08\/parlement-samia-abbou-evoque-un-bras-de-fer-entre-qalb-tounes-et-ennahdha-apres-le-refus-de-liberation-de-nabil-karoui\/\" \/>\n<meta property=\"og:site_name\" content=\"Kapitalis\" \/>\n<meta property=\"article:publisher\" content=\"https:\/\/www.facebook.com\/KapitalisInfo\/\" \/>\n<meta property=\"article:published_time\" content=\"2021-04-08T15:46:49+00:00\" \/>\n<meta property=\"article:modified_time\" content=\"2021-04-08T15:46:52+00:00\" \/>\n<meta property=\"og:image\" content=\"https:\/\/kapitalis.com\/tunisie\/wp-content\/uploads\/2022\/05\/kapitalis-logo-fb.png\" \/>\n\t<meta property=\"og:image:width\" content=\"1200\" \/>\n\t<meta property=\"og:image:height\" content=\"630\" \/>\n\t<meta property=\"og:image:type\" content=\"image\/png\" \/>\n<meta name=\"author\" content=\"Cherif Benyounes\" \/>\n<meta name=\"twitter:card\" content=\"summary_large_image\" \/>\n<meta name=\"twitter:creator\" content=\"@KapitalisInfo\" \/>\n<meta name=\"twitter:site\" content=\"@KapitalisInfo\" \/>\n<meta name=\"twitter:label1\" content=\"\u00c9crit par\" \/>\n\t<meta name=\"twitter:data1\" content=\"Cherif Benyounes\" \/>\n\t<meta name=\"twitter:label2\" content=\"Dur\u00e9e de lecture estim\u00e9e\" \/>\n\t<meta name=\"twitter:data2\" content=\"2 minutes\" \/>\n<script type=\"application\/ld+json\" class=\"yoast-schema-graph\">{\"@context\":\"https:\/\/schema.org\",\"@graph\":[{\"@type\":\"Article\",\"@id\":\"https:\/\/kapitalis.com\/tunisie\/2021\/04\/08\/parlement-samia-abbou-evoque-un-bras-de-fer-entre-qalb-tounes-et-ennahdha-apres-le-refus-de-liberation-de-nabil-karoui\/#article\",\"isPartOf\":{\"@id\":\"https:\/\/kapitalis.com\/tunisie\/2021\/04\/08\/parlement-samia-abbou-evoque-un-bras-de-fer-entre-qalb-tounes-et-ennahdha-apres-le-refus-de-liberation-de-nabil-karoui\/\"},\"author\":{\"name\":\"Cherif Benyounes\",\"@id\":\"https:\/\/kapitalis.com\/tunisie\/#\/schema\/person\/b35b8d631961131107263178aeb8019e\"},\"headline\":\"Parlement : Samia Abbou \u00e9voque un bras de fer entre Qalb Tounes et Ennahdha apr\u00e8s le refus de lib\u00e9ration de Nabil Karoui\",\"datePublished\":\"2021-04-08T15:46:49+00:00\",\"dateModified\":\"2021-04-08T15:46:52+00:00\",\"mainEntityOfPage\":{\"@id\":\"https:\/\/kapitalis.com\/tunisie\/2021\/04\/08\/parlement-samia-abbou-evoque-un-bras-de-fer-entre-qalb-tounes-et-ennahdha-apres-le-refus-de-liberation-de-nabil-karoui\/\"},\"wordCount\":441,\"commentCount\":1,\"publisher\":{\"@id\":\"https:\/\/kapitalis.com\/tunisie\/#organization\"},\"image\":{\"@id\":\"https:\/\/kapitalis.com\/tunisie\/2021\/04\/08\/parlement-samia-abbou-evoque-un-bras-de-fer-entre-qalb-tounes-et-ennahdha-apres-le-refus-de-liberation-de-nabil-karoui\/#primaryimage\"},\"thumbnailUrl\":\"\",\"keywords\":[\"Attayar\",\"Attayat\",\"Ennahdha\",\"Nabil Karoui\",\"Qalb Tounes\",\"Samia Abbou\"],\"articleSection\":[\"POLITIQUE\",\"Tunisie\"],\"inLanguage\":\"fr-FR\",\"potentialAction\":[{\"@type\":\"CommentAction\",\"name\":\"Comment\",\"target\":[\"https:\/\/kapitalis.com\/tunisie\/2021\/04\/08\/parlement-samia-abbou-evoque-un-bras-de-fer-entre-qalb-tounes-et-ennahdha-apres-le-refus-de-liberation-de-nabil-karoui\/#respond\"]}]},{\"@type\":\"WebPage\",\"@id\":\"https:\/\/kapitalis.com\/tunisie\/2021\/04\/08\/parlement-samia-abbou-evoque-un-bras-de-fer-entre-qalb-tounes-et-ennahdha-apres-le-refus-de-liberation-de-nabil-karoui\/\",\"url\":\"https:\/\/kapitalis.com\/tunisie\/2021\/04\/08\/parlement-samia-abbou-evoque-un-bras-de-fer-entre-qalb-tounes-et-ennahdha-apres-le-refus-de-liberation-de-nabil-karoui\/\",\"name\":\"Parlement : Samia Abbou \u00e9voque un bras de fer entre Qalb Tounes et Ennahdha apr\u00e8s le refus de lib\u00e9ration de Nabil Karoui - Kapitalis\",\"isPartOf\":{\"@id\":\"https:\/\/kapitalis.com\/tunisie\/#website\"},\"primaryImageOfPage\":{\"@id\":\"https:\/\/kapitalis.com\/tunisie\/2021\/04\/08\/parlement-samia-abbou-evoque-un-bras-de-fer-entre-qalb-tounes-et-ennahdha-apres-le-refus-de-liberation-de-nabil-karoui\/#primaryimage\"},\"image\":{\"@id\":\"https:\/\/kapitalis.com\/tunisie\/2021\/04\/08\/parlement-samia-abbou-evoque-un-bras-de-fer-entre-qalb-tounes-et-ennahdha-apres-le-refus-de-liberation-de-nabil-karoui\/#primaryimage\"},\"thumbnailUrl\":\"\",\"datePublished\":\"2021-04-08T15:46:49+00:00\",\"dateModified\":\"2021-04-08T15:46:52+00:00\",\"breadcrumb\":{\"@id\":\"https:\/\/kapitalis.com\/tunisie\/2021\/04\/08\/parlement-samia-abbou-evoque-un-bras-de-fer-entre-qalb-tounes-et-ennahdha-apres-le-refus-de-liberation-de-nabil-karoui\/#breadcrumb\"},\"inLanguage\":\"fr-FR\",\"potentialAction\":[{\"@type\":\"ReadAction\",\"target\":[\"https:\/\/kapitalis.com\/tunisie\/2021\/04\/08\/parlement-samia-abbou-evoque-un-bras-de-fer-entre-qalb-tounes-et-ennahdha-apres-le-refus-de-liberation-de-nabil-karoui\/\"]}]},{\"@type\":\"ImageObject\",\"inLanguage\":\"fr-FR\",\"@id\":\"https:\/\/kapitalis.com\/tunisie\/2021\/04\/08\/parlement-samia-abbou-evoque-un-bras-de-fer-entre-qalb-tounes-et-ennahdha-apres-le-refus-de-liberation-de-nabil-karoui\/#primaryimage\",\"url\":\"\",\"contentUrl\":\"\"},{\"@type\":\"BreadcrumbList\",\"@id\":\"https:\/\/kapitalis.com\/tunisie\/2021\/04\/08\/parlement-samia-abbou-evoque-un-bras-de-fer-entre-qalb-tounes-et-ennahdha-apres-le-refus-de-liberation-de-nabil-karoui\/#breadcrumb\",\"itemListElement\":[{\"@type\":\"ListItem\",\"position\":1,\"name\":\"Accueil\",\"item\":\"https:\/\/kapitalis.com\/tunisie\/\"},{\"@type\":\"ListItem\",\"position\":2,\"name\":\"Parlement : Samia Abbou \u00e9voque un bras de fer entre Qalb Tounes et Ennahdha apr\u00e8s le refus de lib\u00e9ration de Nabil Karoui\"}]},{\"@type\":\"WebSite\",\"@id\":\"https:\/\/kapitalis.com\/tunisie\/#website\",\"url\":\"https:\/\/kapitalis.com\/tunisie\/\",\"name\":\"Kapitalis\",\"description\":\"L&#039;actualit\u00e9 en Tunisie et dans le monde\",\"publisher\":{\"@id\":\"https:\/\/kapitalis.com\/tunisie\/#organization\"},\"potentialAction\":[{\"@type\":\"SearchAction\",\"target\":{\"@type\":\"EntryPoint\",\"urlTemplate\":\"https:\/\/kapitalis.com\/tunisie\/?s={search_term_string}\"},\"query-input\":{\"@type\":\"PropertyValueSpecification\",\"valueRequired\":true,\"valueName\":\"search_term_string\"}}],\"inLanguage\":\"fr-FR\"},{\"@type\":\"Organization\",\"@id\":\"https:\/\/kapitalis.com\/tunisie\/#organization\",\"name\":\"Kapitalis\",\"url\":\"https:\/\/kapitalis.com\/tunisie\/\",\"logo\":{\"@type\":\"ImageObject\",\"inLanguage\":\"fr-FR\",\"@id\":\"https:\/\/kapitalis.com\/tunisie\/#\/schema\/logo\/image\/\",\"url\":\"https:\/\/kapitalis.com\/tunisie\/wp-content\/uploads\/2022\/05\/Kapitalis-big-size.png\",\"contentUrl\":\"https:\/\/kapitalis.com\/tunisie\/wp-content\/uploads\/2022\/05\/Kapitalis-big-size.png\",\"width\":5000,\"height\":1500,\"caption\":\"Kapitalis\"},\"image\":{\"@id\":\"https:\/\/kapitalis.com\/tunisie\/#\/schema\/logo\/image\/\"},\"sameAs\":[\"https:\/\/www.facebook.com\/KapitalisInfo\/\",\"https:\/\/x.com\/KapitalisInfo\",\"https:\/\/www.youtube.com\/channel\/UC-yDYrHyfFBWWZaOw3FPg9Q\"]},{\"@type\":\"Person\",\"@id\":\"https:\/\/kapitalis.com\/tunisie\/#\/schema\/person\/b35b8d631961131107263178aeb8019e\",\"name\":\"Cherif Benyounes\",\"url\":\"https:\/\/kapitalis.com\/tunisie\/author\/cherif\/\"}]}<\/script>\n<!-- \/ Yoast SEO plugin. -->","yoast_head_json":{"title":"Parlement : Samia Abbou \u00e9voque un bras de fer entre Qalb Tounes et Ennahdha apr\u00e8s le refus de lib\u00e9ration de Nabil Karoui - Kapitalis","robots":{"index":"index","follow":"follow","max-snippet":"max-snippet:-1","max-image-preview":"max-image-preview:large","max-video-preview":"max-video-preview:-1"},"canonical":"https:\/\/kapitalis.com\/tunisie\/2021\/04\/08\/parlement-samia-abbou-evoque-un-bras-de-fer-entre-qalb-tounes-et-ennahdha-apres-le-refus-de-liberation-de-nabil-karoui\/","og_locale":"fr_FR","og_type":"article","og_title":"Parlement : Samia Abbou \u00e9voque un bras de fer entre Qalb Tounes et Ennahdha apr\u00e8s le refus de lib\u00e9ration de Nabil Karoui - Kapitalis","og_description":"La d\u00e9put\u00e9e d&rsquo;Attayar, Samia Abbou, est revenue, ce jeudi 8 avril 2021, sur le report de la pl\u00e9ni\u00e8re consacr\u00e9e \u00e0 l\u2019\u00e9lection des membres de la Cour constitutionnelle. Pour elle, un conflit entre les blocs parlementaires d&rsquo;Ennahdha et de Qalb Tounes l&rsquo;explique, apr\u00e8s le refus de lib\u00e9ration du pr\u00e9sident du 2e parti, Nabil Karoui.","og_url":"https:\/\/kapitalis.com\/tunisie\/2021\/04\/08\/parlement-samia-abbou-evoque-un-bras-de-fer-entre-qalb-tounes-et-ennahdha-apres-le-refus-de-liberation-de-nabil-karoui\/","og_site_name":"Kapitalis","article_publisher":"https:\/\/www.facebook.com\/KapitalisInfo\/","article_published_time":"2021-04-08T15:46:49+00:00","article_modified_time":"2021-04-08T15:46:52+00:00","og_image":[{"width":1200,"height":630,"url":"https:\/\/kapitalis.com\/tunisie\/wp-content\/uploads\/2022\/05\/kapitalis-logo-fb.png","type":"image\/png"}],"author":"Cherif Benyounes","twitter_card":"summary_large_image","twitter_creator":"@KapitalisInfo","twitter_site":"@KapitalisInfo","twitter_misc":{"\u00c9crit par":"Cherif Benyounes","Dur\u00e9e de lecture estim\u00e9e":"2 minutes"},"schema":{"@context":"https:\/\/schema.org","@graph":[{"@type":"Article","@id":"https:\/\/kapitalis.com\/tunisie\/2021\/04\/08\/parlement-samia-abbou-evoque-un-bras-de-fer-entre-qalb-tounes-et-ennahdha-apres-le-refus-de-liberation-de-nabil-karoui\/#article","isPartOf":{"@id":"https:\/\/kapitalis.com\/tunisie\/2021\/04\/08\/parlement-samia-abbou-evoque-un-bras-de-fer-entre-qalb-tounes-et-ennahdha-apres-le-refus-de-liberation-de-nabil-karoui\/"},"author":{"name":"Cherif Benyounes","@id":"https:\/\/kapitalis.com\/tunisie\/#\/schema\/person\/b35b8d631961131107263178aeb8019e"},"headline":"Parlement : Samia Abbou \u00e9voque un bras de fer entre Qalb Tounes et Ennahdha apr\u00e8s le refus de lib\u00e9ration de Nabil Karoui","datePublished":"2021-04-08T15:46:49+00:00","dateModified":"2021-04-08T15:46:52+00:00","mainEntityOfPage":{"@id":"https:\/\/kapitalis.com\/tunisie\/2021\/04\/08\/parlement-samia-abbou-evoque-un-bras-de-fer-entre-qalb-tounes-et-ennahdha-apres-le-refus-de-liberation-de-nabil-karoui\/"},"wordCount":441,"commentCount":1,"publisher":{"@id":"https:\/\/kapitalis.com\/tunisie\/#organization"},"image":{"@id":"https:\/\/kapitalis.com\/tunisie\/2021\/04\/08\/parlement-samia-abbou-evoque-un-bras-de-fer-entre-qalb-tounes-et-ennahdha-apres-le-refus-de-liberation-de-nabil-karoui\/#primaryimage"},"thumbnailUrl":"","keywords":["Attayar","Attayat","Ennahdha","Nabil Karoui","Qalb Tounes","Samia Abbou"],"articleSection":["POLITIQUE","Tunisie"],"inLanguage":"fr-FR","potentialAction":[{"@type":"CommentAction","name":"Comment","target":["https:\/\/kapitalis.com\/tunisie\/2021\/04\/08\/parlement-samia-abbou-evoque-un-bras-de-fer-entre-qalb-tounes-et-ennahdha-apres-le-refus-de-liberation-de-nabil-karoui\/#respond"]}]},{"@type":"WebPage","@id":"https:\/\/kapitalis.com\/tunisie\/2021\/04\/08\/parlement-samia-abbou-evoque-un-bras-de-fer-entre-qalb-tounes-et-ennahdha-apres-le-refus-de-liberation-de-nabil-karoui\/","url":"https:\/\/kapitalis.com\/tunisie\/2021\/04\/08\/parlement-samia-abbou-evoque-un-bras-de-fer-entre-qalb-tounes-et-ennahdha-apres-le-refus-de-liberation-de-nabil-karoui\/","name":"Parlement : Samia Abbou \u00e9voque un bras de fer entre Qalb Tounes et Ennahdha apr\u00e8s le refus de lib\u00e9ration de Nabil Karoui - Kapitalis","isPartOf":{"@id":"https:\/\/kapitalis.com\/tunisie\/#website"},"primaryImageOfPage":{"@id":"https:\/\/kapitalis.com\/tunisie\/2021\/04\/08\/parlement-samia-abbou-evoque-un-bras-de-fer-entre-qalb-tounes-et-ennahdha-apres-le-refus-de-liberation-de-nabil-karoui\/#primaryimage"},"image":{"@id":"https:\/\/kapitalis.com\/tunisie\/2021\/04\/08\/parlement-samia-abbou-evoque-un-bras-de-fer-entre-qalb-tounes-et-ennahdha-apres-le-refus-de-liberation-de-nabil-karoui\/#primaryimage"},"thumbnailUrl":"","datePublished":"2021-04-08T15:46:49+00:00","dateModified":"2021-04-08T15:46:52+00:00","breadcrumb":{"@id":"https:\/\/kapitalis.com\/tunisie\/2021\/04\/08\/parlement-samia-abbou-evoque-un-bras-de-fer-entre-qalb-tounes-et-ennahdha-apres-le-refus-de-liberation-de-nabil-karoui\/#breadcrumb"},"inLanguage":"fr-FR","potentialAction":[{"@type":"ReadAction","target":["https:\/\/kapitalis.com\/tunisie\/2021\/04\/08\/parlement-samia-abbou-evoque-un-bras-de-fer-entre-qalb-tounes-et-ennahdha-apres-le-refus-de-liberation-de-nabil-karoui\/"]}]},{"@type":"ImageObject","inLanguage":"fr-FR","@id":"https:\/\/kapitalis.com\/tunisie\/2021\/04\/08\/parlement-samia-abbou-evoque-un-bras-de-fer-entre-qalb-tounes-et-ennahdha-apres-le-refus-de-liberation-de-nabil-karoui\/#primaryimage","url":"","contentUrl":""},{"@type":"BreadcrumbList","@id":"https:\/\/kapitalis.com\/tunisie\/2021\/04\/08\/parlement-samia-abbou-evoque-un-bras-de-fer-entre-qalb-tounes-et-ennahdha-apres-le-refus-de-liberation-de-nabil-karoui\/#breadcrumb","itemListElement":[{"@type":"ListItem","position":1,"name":"Accueil","item":"https:\/\/kapitalis.com\/tunisie\/"},{"@type":"ListItem","position":2,"name":"Parlement : Samia Abbou \u00e9voque un bras de fer entre Qalb Tounes et Ennahdha apr\u00e8s le refus de lib\u00e9ration de Nabil Karoui"}]},{"@type":"WebSite","@id":"https:\/\/kapitalis.com\/tunisie\/#website","url":"https:\/\/kapitalis.com\/tunisie\/","name":"Kapitalis","description":"L&#039;actualit\u00e9 en Tunisie et dans le monde","publisher":{"@id":"https:\/\/kapitalis.com\/tunisie\/#organization"},"potentialAction":[{"@type":"SearchAction","target":{"@type":"EntryPoint","urlTemplate":"https:\/\/kapitalis.com\/tunisie\/?s={search_term_string}"},"query-input":{"@type":"PropertyValueSpecification","valueRequired":true,"valueName":"search_term_string"}}],"inLanguage":"fr-FR"},{"@type":"Organization","@id":"https:\/\/kapitalis.com\/tunisie\/#organization","name":"Kapitalis","url":"https:\/\/kapitalis.com\/tunisie\/","logo":{"@type":"ImageObject","inLanguage":"fr-FR","@id":"https:\/\/kapitalis.com\/tunisie\/#\/schema\/logo\/image\/","url":"https:\/\/kapitalis.com\/tunisie\/wp-content\/uploads\/2022\/05\/Kapitalis-big-size.png","contentUrl":"https:\/\/kapitalis.com\/tunisie\/wp-content\/uploads\/2022\/05\/Kapitalis-big-size.png","width":5000,"height":1500,"caption":"Kapitalis"},"image":{"@id":"https:\/\/kapitalis.com\/tunisie\/#\/schema\/logo\/image\/"},"sameAs":["https:\/\/www.facebook.com\/KapitalisInfo\/","https:\/\/x.com\/KapitalisInfo","https:\/\/www.youtube.com\/channel\/UC-yDYrHyfFBWWZaOw3FPg9Q"]},{"@type":"Person","@id":"https:\/\/kapitalis.com\/tunisie\/#\/schema\/person\/b35b8d631961131107263178aeb8019e","name":"Cherif Benyounes","url":"https:\/\/kapitalis.com\/tunisie\/author\/cherif\/"}]}},"_links":{"self":[{"href":"https:\/\/kapitalis.com\/tunisie\/wp-json\/wp\/v2\/posts\/344750","targetHints":{"allow":["GET"]}}],"collection":[{"href":"https:\/\/kapitalis.com\/tunisie\/wp-json\/wp\/v2\/posts"}],"about":[{"href":"https:\/\/kapitalis.com\/tunisie\/wp-json\/wp\/v2\/types\/post"}],"author":[{"embeddable":true,"href":"https:\/\/kapitalis.com\/tunisie\/wp-json\/wp\/v2\/users\/24"}],"replies":[{"embeddable":true,"href":"https:\/\/kapitalis.com\/tunisie\/wp-json\/wp\/v2\/comments?post=344750"}],"version-history":[{"count":0,"href":"https:\/\/kapitalis.com\/tunisie\/wp-json\/wp\/v2\/posts\/344750\/revisions"}],"wp:featuredmedia":[{"embeddable":true,"href":"https:\/\/kapitalis.com\/tunisie\/wp-json\/wp\/v2\/media\/344758"}],"wp:attachment":[{"href":"https:\/\/kapitalis.com\/tunisie\/wp-json\/wp\/v2\/media?parent=344750"}],"wp:term":[{"taxonomy":"category","embeddable":true,"href":"https:\/\/kapitalis.com\/tunisie\/wp-json\/wp\/v2\/categories?post=344750"},{"taxonomy":"post_tag","embeddable":true,"href":"https:\/\/kapitalis.com\/tunisie\/wp-json\/wp\/v2\/tags?post=344750"}],"curies":[{"name":"wp","href":"https:\/\/api.w.org\/{rel}","templated":true}]}}