{"id":344835,"date":"2021-04-09T09:30:50","date_gmt":"2021-04-09T08:30:50","guid":{"rendered":"http:\/\/kapitalis.com\/tunisie\/?p=344835"},"modified":"2021-04-09T09:34:06","modified_gmt":"2021-04-09T08:34:06","slug":"craft-exports-tunisia-1ere-foire-virtuelle-internationale-de-lartisanat-en-tunisie","status":"publish","type":"post","link":"https:\/\/kapitalis.com\/tunisie\/2021\/04\/09\/craft-exports-tunisia-1ere-foire-virtuelle-internationale-de-lartisanat-en-tunisie\/","title":{"rendered":"Craft Exports Tunisia, 1\u00e8re foire virtuelle internationale de l\u2019artisanat en Tunisie"},"content":{"rendered":"\n<div class=\"wp-block-image\"><figure class=\"aligncenter size-large\"><img decoding=\"async\" src=\"http:\/\/kapitalis.com\/tunisie\/wp-content\/uploads\/2021\/04\/Craft-Exports-Tunisia-Ban.jpg\" alt=\"\" class=\"wp-image-344836\"\/><\/figure><\/div>\n\n\n\n<p><strong><em>Hier, jeudi 8 avril 2021, s\u2019est tenue \u00e0 Tunis, la premi\u00e8re Foire virtuelle internationale de l\u2019artisanat en Tunisie, organis\u00e9e par Action collaborative pour les exportations artisanales (ACEA), en partenariat avec l\u2019Office national de l\u2019artisanat tunisien (Onat) et l\u2019ambassade des Etats-Unis en Tunisie. <a aria-label=\"undefined (s\u2019ouvre dans un nouvel onglet)\" href=\"https:\/\/www.facebook.com\/watch\/live\/?v=1410278349308411&amp;ref=watch_permalink\" target=\"_blank\" rel=\"noreferrer noopener\">Vid\u00e9o de l&rsquo;\u00e9v\u00e9nement.<\/a><\/em><\/strong><\/p>\n\n\n\n<!--more-->\n\n\n\n<p>L\u2019\u00e9v\u00e9nement s\u2019est tenu en pr\u00e9sence de Fawzi Ben Halima, directeur g\u00e9n\u00e9ral de l\u2019Onat, et de Donald Blome, ambassadeur des \u00c9tats-Unis en Tunisie.<\/p>\n\n\n\n<p>Cet \u00e9v\u00e9nement in\u00e9dit a pour objectif d\u2019offrir une plateforme virtuelle aux artisans des clusters des plantes aromatiques et m\u00e9dicinales et bois d\u2019olivier pour la promotion et la commercialisation de leurs produits aupr\u00e8s des acheteurs potentiels \u00e0 l\u2019\u00e9chelle internationale et locale.<\/p>\n\n\n\n<div class=\"wp-block-image\"><figure class=\"aligncenter size-large is-resized\"><img decoding=\"async\" src=\"http:\/\/kapitalis.com\/tunisie\/wp-content\/uploads\/2021\/04\/Craft-Exports-Tunisia-3.jpg\" alt=\"\" class=\"wp-image-344837\" width=\"500\"\/><figcaption><em>Donald Blome.<\/em><\/figcaption><\/figure><\/div>\n\n\n\n<p>C\u2019est dans ce cadre que le projet ACEA, lanc\u00e9 en 2018 et financ\u00e9 par le d\u00e9partement d\u2019\u00c9tat am\u00e9ricain, aide les artisans tunisiens \u00e0 moderniser et \u00e0 exporter leurs produits en appliquant une m\u00e9thodologie de clustering pour soutenir tous les composants des cha\u00eenes de valeur de ces produits.<\/p>\n\n\n\n<p>Depuis son lancement, ACEA a mis en \u0153uvre une strat\u00e9gie holistique et locale pour soutenir les artisans du secteur des plantes aromatiques et m\u00e9dicinales, dont la plupart sont des femmes rurales qui sont \u00e9galement les gardiennes des connaissances et de la sagesse m\u00e9dicinale traditionnelle dans leurs communaut\u00e9s.<\/p>\n\n\n\n<div class=\"wp-block-image\"><figure class=\"aligncenter size-large is-resized\"><img decoding=\"async\" src=\"http:\/\/kapitalis.com\/tunisie\/wp-content\/uploads\/2021\/04\/Craft-Exports-Tunisia-5.jpg\" alt=\"\" class=\"wp-image-344838\" width=\"500\"\/><figcaption><em>Fawzi Ben Halima.<\/em><\/figcaption><\/figure><\/div>\n\n\n\n<p>Un nouveau chapitre du projet ACEA a \u00e9galement d\u00e9but\u00e9 en 2020 avec le lancement du premier cluster interr\u00e9gional du bois d\u2019olivier dans les gouvernorats de Sfax et de Sidi Bouzid.<\/p>\n\n\n\n<p>Le secteur du bois d\u2019olivier repr\u00e9sente plus d\u2019un tiers des exportations artisanales. La moiti\u00e9 de ces exportations est destin\u00e9e au march\u00e9 am\u00e9ricain.<\/p>\n\n\n\n<p>Le cluster du bois d\u2019olivier Sfax-Sidi Bouzid repr\u00e9sente une excellente opportunit\u00e9 pour d\u00e9velopper le secteur et assurer sa p\u00e9rennit\u00e9 \u00e0 travers un programme ax\u00e9 sur la r\u00e9solution des d\u00e9fis susmentionn\u00e9s.<\/p>\n\n\n\n<figure class=\"wp-block-gallery columns-2 is-cropped wp-block-gallery-1 is-layout-flex wp-block-gallery-is-layout-flex\"><ul class=\"blocks-gallery-grid\"><li class=\"blocks-gallery-item\"><figure><img decoding=\"async\" src=\"http:\/\/kapitalis.com\/tunisie\/wp-content\/uploads\/2021\/04\/Craft-Exports-Tunisia-2.jpg\" alt=\"\" data-id=\"344839\" data-link=\"http:\/\/kapitalis.com\/tunisie\/?attachment_id=344839\" class=\"wp-image-344839\"\/><\/figure><\/li><li class=\"blocks-gallery-item\"><figure><img decoding=\"async\" src=\"http:\/\/kapitalis.com\/tunisie\/wp-content\/uploads\/2021\/04\/Craft-Exports-Tunisia-4.jpg\" alt=\"\" data-id=\"344840\" data-full-url=\"http:\/\/kapitalis.com\/tunisie\/wp-content\/uploads\/2021\/04\/Craft-Exports-Tunisia-4.jpg\" data-link=\"http:\/\/kapitalis.com\/tunisie\/?attachment_id=344840\" class=\"wp-image-344840\"\/><\/figure><\/li><\/ul><\/figure>\n\n\n\n<p><strong><em><a aria-label=\"undefined (s\u2019ouvre dans un nouvel onglet)\" href=\"https:\/\/www.acea-tunisia.com\/\" target=\"_blank\" rel=\"noreferrer noopener\">Le site\u202fweb du projet ACEA.<\/a><\/em><\/strong> <\/p>\n\n\n\n<p><strong><em><a href=\"https:\/\/www.facebook.com\/watch\/live\/?v=1410278349308411&amp;ref=watch_permalink\" target=\"_blank\" aria-label=\"undefined (s\u2019ouvre dans un nouvel onglet)\" rel=\"noreferrer noopener\">Vid\u00e9o de l&rsquo;\u00e9v\u00e9nement. <\/a><\/em><\/strong><\/p>\n","protected":false},"excerpt":{"rendered":"<p>Hier, jeudi 8 avril 2021, s\u2019est tenue \u00e0 Tunis, la premi\u00e8re Foire virtuelle internationale de l\u2019artisanat en Tunisie, organis\u00e9e par Action collaborative pour les exportations artisanales (ACEA), en partenariat avec l\u2019Office national de l\u2019artisanat tunisien (Onat) et l\u2019ambassade des Etats-Unis en Tunisie. Vid\u00e9o de l&rsquo;\u00e9v\u00e9nement.<\/p>\n","protected":false},"author":8,"featured_media":344836,"comment_status":"open","ping_status":"open","sticky":false,"template":"","format":"standard","meta":{"footnotes":""},"categories":[995,2433],"tags":[89174,89173,89177,89172,65491,75918,89176,89175,9201,80180],"class_list":["post-344835","post","type-post","status-publish","format-standard","has-post-thumbnail","hentry","category-economie","category-tunisie","tag-acea","tag-action-collaborative-pour-les-exportations-artisanales","tag-bois-dolivier","tag-craft-exports-tunisia","tag-donald-blome","tag-etats-unis-2","tag-fawzi-ben-halima","tag-office-national-de-lartisanat-tunisien","tag-onat","tag-plantes-aromatiques-et-medicinales"],"yoast_head":"<!-- This site is optimized with the Yoast SEO plugin v26.6 - https:\/\/yoast.com\/wordpress\/plugins\/seo\/ -->\n<title>Craft Exports Tunisia, 1\u00e8re foire virtuelle internationale de l\u2019artisanat en Tunisie - Kapitalis<\/title>\n<meta name=\"robots\" content=\"index, follow, max-snippet:-1, max-image-preview:large, max-video-preview:-1\" \/>\n<link rel=\"canonical\" href=\"https:\/\/kapitalis.com\/tunisie\/2021\/04\/09\/craft-exports-tunisia-1ere-foire-virtuelle-internationale-de-lartisanat-en-tunisie\/\" \/>\n<meta property=\"og:locale\" content=\"fr_FR\" \/>\n<meta property=\"og:type\" content=\"article\" \/>\n<meta property=\"og:title\" content=\"Craft Exports Tunisia, 1\u00e8re foire virtuelle internationale de l\u2019artisanat en Tunisie - Kapitalis\" \/>\n<meta property=\"og:description\" content=\"Hier, jeudi 8 avril 2021, s\u2019est tenue \u00e0 Tunis, la premi\u00e8re Foire virtuelle internationale de l\u2019artisanat en Tunisie, organis\u00e9e par Action collaborative pour les exportations artisanales (ACEA), en partenariat avec l\u2019Office national de l\u2019artisanat tunisien (Onat) et l\u2019ambassade des Etats-Unis en Tunisie. Vid\u00e9o de l&rsquo;\u00e9v\u00e9nement.\" \/>\n<meta property=\"og:url\" content=\"https:\/\/kapitalis.com\/tunisie\/2021\/04\/09\/craft-exports-tunisia-1ere-foire-virtuelle-internationale-de-lartisanat-en-tunisie\/\" \/>\n<meta property=\"og:site_name\" content=\"Kapitalis\" \/>\n<meta property=\"article:publisher\" content=\"https:\/\/www.facebook.com\/KapitalisInfo\/\" \/>\n<meta property=\"article:published_time\" content=\"2021-04-09T08:30:50+00:00\" \/>\n<meta property=\"article:modified_time\" content=\"2021-04-09T08:34:06+00:00\" \/>\n<meta property=\"og:image\" content=\"https:\/\/kapitalis.com\/tunisie\/wp-content\/uploads\/2022\/05\/kapitalis-logo-fb.png\" \/>\n\t<meta property=\"og:image:width\" content=\"1200\" \/>\n\t<meta property=\"og:image:height\" content=\"630\" \/>\n\t<meta property=\"og:image:type\" content=\"image\/png\" \/>\n<meta name=\"author\" content=\"webmaster kapitalis\" \/>\n<meta name=\"twitter:card\" content=\"summary_large_image\" \/>\n<meta name=\"twitter:creator\" content=\"@KapitalisInfo\" \/>\n<meta name=\"twitter:site\" content=\"@KapitalisInfo\" \/>\n<meta name=\"twitter:label1\" content=\"\u00c9crit par\" \/>\n\t<meta name=\"twitter:data1\" content=\"webmaster kapitalis\" \/>\n\t<meta name=\"twitter:label2\" content=\"Dur\u00e9e de lecture estim\u00e9e\" \/>\n\t<meta name=\"twitter:data2\" content=\"2 minutes\" \/>\n<script type=\"application\/ld+json\" class=\"yoast-schema-graph\">{\"@context\":\"https:\/\/schema.org\",\"@graph\":[{\"@type\":\"Article\",\"@id\":\"https:\/\/kapitalis.com\/tunisie\/2021\/04\/09\/craft-exports-tunisia-1ere-foire-virtuelle-internationale-de-lartisanat-en-tunisie\/#article\",\"isPartOf\":{\"@id\":\"https:\/\/kapitalis.com\/tunisie\/2021\/04\/09\/craft-exports-tunisia-1ere-foire-virtuelle-internationale-de-lartisanat-en-tunisie\/\"},\"author\":{\"name\":\"webmaster kapitalis\",\"@id\":\"https:\/\/kapitalis.com\/tunisie\/#\/schema\/person\/d71f33a9ca44f7bad4698210b480c8e9\"},\"headline\":\"Craft Exports Tunisia, 1\u00e8re foire virtuelle internationale de l\u2019artisanat en Tunisie\",\"datePublished\":\"2021-04-09T08:30:50+00:00\",\"dateModified\":\"2021-04-09T08:34:06+00:00\",\"mainEntityOfPage\":{\"@id\":\"https:\/\/kapitalis.com\/tunisie\/2021\/04\/09\/craft-exports-tunisia-1ere-foire-virtuelle-internationale-de-lartisanat-en-tunisie\/\"},\"wordCount\":352,\"commentCount\":0,\"publisher\":{\"@id\":\"https:\/\/kapitalis.com\/tunisie\/#organization\"},\"image\":{\"@id\":\"https:\/\/kapitalis.com\/tunisie\/2021\/04\/09\/craft-exports-tunisia-1ere-foire-virtuelle-internationale-de-lartisanat-en-tunisie\/#primaryimage\"},\"thumbnailUrl\":\"\",\"keywords\":[\"ACEA\",\"Action collaborative pour les exportations artisanales\",\"bois d\u2019olivier\",\"Craft Exports Tunisia\",\"Donald Blome\",\"Etats-Unis\",\"Fawzi Ben Halima\",\"Office national de l\u2019artisanat tunisien\",\"Onat\",\"plantes aromatiques et m\u00e9dicinales\"],\"articleSection\":[\"ECONOMIE\",\"Tunisie\"],\"inLanguage\":\"fr-FR\",\"potentialAction\":[{\"@type\":\"CommentAction\",\"name\":\"Comment\",\"target\":[\"https:\/\/kapitalis.com\/tunisie\/2021\/04\/09\/craft-exports-tunisia-1ere-foire-virtuelle-internationale-de-lartisanat-en-tunisie\/#respond\"]}]},{\"@type\":\"WebPage\",\"@id\":\"https:\/\/kapitalis.com\/tunisie\/2021\/04\/09\/craft-exports-tunisia-1ere-foire-virtuelle-internationale-de-lartisanat-en-tunisie\/\",\"url\":\"https:\/\/kapitalis.com\/tunisie\/2021\/04\/09\/craft-exports-tunisia-1ere-foire-virtuelle-internationale-de-lartisanat-en-tunisie\/\",\"name\":\"Craft Exports Tunisia, 1\u00e8re foire virtuelle internationale de l\u2019artisanat en Tunisie - Kapitalis\",\"isPartOf\":{\"@id\":\"https:\/\/kapitalis.com\/tunisie\/#website\"},\"primaryImageOfPage\":{\"@id\":\"https:\/\/kapitalis.com\/tunisie\/2021\/04\/09\/craft-exports-tunisia-1ere-foire-virtuelle-internationale-de-lartisanat-en-tunisie\/#primaryimage\"},\"image\":{\"@id\":\"https:\/\/kapitalis.com\/tunisie\/2021\/04\/09\/craft-exports-tunisia-1ere-foire-virtuelle-internationale-de-lartisanat-en-tunisie\/#primaryimage\"},\"thumbnailUrl\":\"\",\"datePublished\":\"2021-04-09T08:30:50+00:00\",\"dateModified\":\"2021-04-09T08:34:06+00:00\",\"breadcrumb\":{\"@id\":\"https:\/\/kapitalis.com\/tunisie\/2021\/04\/09\/craft-exports-tunisia-1ere-foire-virtuelle-internationale-de-lartisanat-en-tunisie\/#breadcrumb\"},\"inLanguage\":\"fr-FR\",\"potentialAction\":[{\"@type\":\"ReadAction\",\"target\":[\"https:\/\/kapitalis.com\/tunisie\/2021\/04\/09\/craft-exports-tunisia-1ere-foire-virtuelle-internationale-de-lartisanat-en-tunisie\/\"]}]},{\"@type\":\"ImageObject\",\"inLanguage\":\"fr-FR\",\"@id\":\"https:\/\/kapitalis.com\/tunisie\/2021\/04\/09\/craft-exports-tunisia-1ere-foire-virtuelle-internationale-de-lartisanat-en-tunisie\/#primaryimage\",\"url\":\"\",\"contentUrl\":\"\"},{\"@type\":\"BreadcrumbList\",\"@id\":\"https:\/\/kapitalis.com\/tunisie\/2021\/04\/09\/craft-exports-tunisia-1ere-foire-virtuelle-internationale-de-lartisanat-en-tunisie\/#breadcrumb\",\"itemListElement\":[{\"@type\":\"ListItem\",\"position\":1,\"name\":\"Accueil\",\"item\":\"https:\/\/kapitalis.com\/tunisie\/\"},{\"@type\":\"ListItem\",\"position\":2,\"name\":\"Craft Exports Tunisia, 1\u00e8re foire virtuelle internationale de l\u2019artisanat en Tunisie\"}]},{\"@type\":\"WebSite\",\"@id\":\"https:\/\/kapitalis.com\/tunisie\/#website\",\"url\":\"https:\/\/kapitalis.com\/tunisie\/\",\"name\":\"Kapitalis\",\"description\":\"L&#039;actualit\u00e9 en Tunisie et dans le monde\",\"publisher\":{\"@id\":\"https:\/\/kapitalis.com\/tunisie\/#organization\"},\"potentialAction\":[{\"@type\":\"SearchAction\",\"target\":{\"@type\":\"EntryPoint\",\"urlTemplate\":\"https:\/\/kapitalis.com\/tunisie\/?s={search_term_string}\"},\"query-input\":{\"@type\":\"PropertyValueSpecification\",\"valueRequired\":true,\"valueName\":\"search_term_string\"}}],\"inLanguage\":\"fr-FR\"},{\"@type\":\"Organization\",\"@id\":\"https:\/\/kapitalis.com\/tunisie\/#organization\",\"name\":\"Kapitalis\",\"url\":\"https:\/\/kapitalis.com\/tunisie\/\",\"logo\":{\"@type\":\"ImageObject\",\"inLanguage\":\"fr-FR\",\"@id\":\"https:\/\/kapitalis.com\/tunisie\/#\/schema\/logo\/image\/\",\"url\":\"https:\/\/kapitalis.com\/tunisie\/wp-content\/uploads\/2022\/05\/Kapitalis-big-size.png\",\"contentUrl\":\"https:\/\/kapitalis.com\/tunisie\/wp-content\/uploads\/2022\/05\/Kapitalis-big-size.png\",\"width\":5000,\"height\":1500,\"caption\":\"Kapitalis\"},\"image\":{\"@id\":\"https:\/\/kapitalis.com\/tunisie\/#\/schema\/logo\/image\/\"},\"sameAs\":[\"https:\/\/www.facebook.com\/KapitalisInfo\/\",\"https:\/\/x.com\/KapitalisInfo\",\"https:\/\/www.youtube.com\/channel\/UC-yDYrHyfFBWWZaOw3FPg9Q\"]},{\"@type\":\"Person\",\"@id\":\"https:\/\/kapitalis.com\/tunisie\/#\/schema\/person\/d71f33a9ca44f7bad4698210b480c8e9\",\"name\":\"webmaster kapitalis\",\"url\":\"https:\/\/kapitalis.com\/tunisie\/author\/webmaster-kapitalis\/\"}]}<\/script>\n<!-- \/ Yoast SEO plugin. -->","yoast_head_json":{"title":"Craft Exports Tunisia, 1\u00e8re foire virtuelle internationale de l\u2019artisanat en Tunisie - Kapitalis","robots":{"index":"index","follow":"follow","max-snippet":"max-snippet:-1","max-image-preview":"max-image-preview:large","max-video-preview":"max-video-preview:-1"},"canonical":"https:\/\/kapitalis.com\/tunisie\/2021\/04\/09\/craft-exports-tunisia-1ere-foire-virtuelle-internationale-de-lartisanat-en-tunisie\/","og_locale":"fr_FR","og_type":"article","og_title":"Craft Exports Tunisia, 1\u00e8re foire virtuelle internationale de l\u2019artisanat en Tunisie - Kapitalis","og_description":"Hier, jeudi 8 avril 2021, s\u2019est tenue \u00e0 Tunis, la premi\u00e8re Foire virtuelle internationale de l\u2019artisanat en Tunisie, organis\u00e9e par Action collaborative pour les exportations artisanales (ACEA), en partenariat avec l\u2019Office national de l\u2019artisanat tunisien (Onat) et l\u2019ambassade des Etats-Unis en Tunisie. Vid\u00e9o de l&rsquo;\u00e9v\u00e9nement.","og_url":"https:\/\/kapitalis.com\/tunisie\/2021\/04\/09\/craft-exports-tunisia-1ere-foire-virtuelle-internationale-de-lartisanat-en-tunisie\/","og_site_name":"Kapitalis","article_publisher":"https:\/\/www.facebook.com\/KapitalisInfo\/","article_published_time":"2021-04-09T08:30:50+00:00","article_modified_time":"2021-04-09T08:34:06+00:00","og_image":[{"width":1200,"height":630,"url":"https:\/\/kapitalis.com\/tunisie\/wp-content\/uploads\/2022\/05\/kapitalis-logo-fb.png","type":"image\/png"}],"author":"webmaster kapitalis","twitter_card":"summary_large_image","twitter_creator":"@KapitalisInfo","twitter_site":"@KapitalisInfo","twitter_misc":{"\u00c9crit par":"webmaster kapitalis","Dur\u00e9e de lecture estim\u00e9e":"2 minutes"},"schema":{"@context":"https:\/\/schema.org","@graph":[{"@type":"Article","@id":"https:\/\/kapitalis.com\/tunisie\/2021\/04\/09\/craft-exports-tunisia-1ere-foire-virtuelle-internationale-de-lartisanat-en-tunisie\/#article","isPartOf":{"@id":"https:\/\/kapitalis.com\/tunisie\/2021\/04\/09\/craft-exports-tunisia-1ere-foire-virtuelle-internationale-de-lartisanat-en-tunisie\/"},"author":{"name":"webmaster kapitalis","@id":"https:\/\/kapitalis.com\/tunisie\/#\/schema\/person\/d71f33a9ca44f7bad4698210b480c8e9"},"headline":"Craft Exports Tunisia, 1\u00e8re foire virtuelle internationale de l\u2019artisanat en Tunisie","datePublished":"2021-04-09T08:30:50+00:00","dateModified":"2021-04-09T08:34:06+00:00","mainEntityOfPage":{"@id":"https:\/\/kapitalis.com\/tunisie\/2021\/04\/09\/craft-exports-tunisia-1ere-foire-virtuelle-internationale-de-lartisanat-en-tunisie\/"},"wordCount":352,"commentCount":0,"publisher":{"@id":"https:\/\/kapitalis.com\/tunisie\/#organization"},"image":{"@id":"https:\/\/kapitalis.com\/tunisie\/2021\/04\/09\/craft-exports-tunisia-1ere-foire-virtuelle-internationale-de-lartisanat-en-tunisie\/#primaryimage"},"thumbnailUrl":"","keywords":["ACEA","Action collaborative pour les exportations artisanales","bois d\u2019olivier","Craft Exports Tunisia","Donald Blome","Etats-Unis","Fawzi Ben Halima","Office national de l\u2019artisanat tunisien","Onat","plantes aromatiques et m\u00e9dicinales"],"articleSection":["ECONOMIE","Tunisie"],"inLanguage":"fr-FR","potentialAction":[{"@type":"CommentAction","name":"Comment","target":["https:\/\/kapitalis.com\/tunisie\/2021\/04\/09\/craft-exports-tunisia-1ere-foire-virtuelle-internationale-de-lartisanat-en-tunisie\/#respond"]}]},{"@type":"WebPage","@id":"https:\/\/kapitalis.com\/tunisie\/2021\/04\/09\/craft-exports-tunisia-1ere-foire-virtuelle-internationale-de-lartisanat-en-tunisie\/","url":"https:\/\/kapitalis.com\/tunisie\/2021\/04\/09\/craft-exports-tunisia-1ere-foire-virtuelle-internationale-de-lartisanat-en-tunisie\/","name":"Craft Exports Tunisia, 1\u00e8re foire virtuelle internationale de l\u2019artisanat en Tunisie - Kapitalis","isPartOf":{"@id":"https:\/\/kapitalis.com\/tunisie\/#website"},"primaryImageOfPage":{"@id":"https:\/\/kapitalis.com\/tunisie\/2021\/04\/09\/craft-exports-tunisia-1ere-foire-virtuelle-internationale-de-lartisanat-en-tunisie\/#primaryimage"},"image":{"@id":"https:\/\/kapitalis.com\/tunisie\/2021\/04\/09\/craft-exports-tunisia-1ere-foire-virtuelle-internationale-de-lartisanat-en-tunisie\/#primaryimage"},"thumbnailUrl":"","datePublished":"2021-04-09T08:30:50+00:00","dateModified":"2021-04-09T08:34:06+00:00","breadcrumb":{"@id":"https:\/\/kapitalis.com\/tunisie\/2021\/04\/09\/craft-exports-tunisia-1ere-foire-virtuelle-internationale-de-lartisanat-en-tunisie\/#breadcrumb"},"inLanguage":"fr-FR","potentialAction":[{"@type":"ReadAction","target":["https:\/\/kapitalis.com\/tunisie\/2021\/04\/09\/craft-exports-tunisia-1ere-foire-virtuelle-internationale-de-lartisanat-en-tunisie\/"]}]},{"@type":"ImageObject","inLanguage":"fr-FR","@id":"https:\/\/kapitalis.com\/tunisie\/2021\/04\/09\/craft-exports-tunisia-1ere-foire-virtuelle-internationale-de-lartisanat-en-tunisie\/#primaryimage","url":"","contentUrl":""},{"@type":"BreadcrumbList","@id":"https:\/\/kapitalis.com\/tunisie\/2021\/04\/09\/craft-exports-tunisia-1ere-foire-virtuelle-internationale-de-lartisanat-en-tunisie\/#breadcrumb","itemListElement":[{"@type":"ListItem","position":1,"name":"Accueil","item":"https:\/\/kapitalis.com\/tunisie\/"},{"@type":"ListItem","position":2,"name":"Craft Exports Tunisia, 1\u00e8re foire virtuelle internationale de l\u2019artisanat en Tunisie"}]},{"@type":"WebSite","@id":"https:\/\/kapitalis.com\/tunisie\/#website","url":"https:\/\/kapitalis.com\/tunisie\/","name":"Kapitalis","description":"L&#039;actualit\u00e9 en Tunisie et dans le monde","publisher":{"@id":"https:\/\/kapitalis.com\/tunisie\/#organization"},"potentialAction":[{"@type":"SearchAction","target":{"@type":"EntryPoint","urlTemplate":"https:\/\/kapitalis.com\/tunisie\/?s={search_term_string}"},"query-input":{"@type":"PropertyValueSpecification","valueRequired":true,"valueName":"search_term_string"}}],"inLanguage":"fr-FR"},{"@type":"Organization","@id":"https:\/\/kapitalis.com\/tunisie\/#organization","name":"Kapitalis","url":"https:\/\/kapitalis.com\/tunisie\/","logo":{"@type":"ImageObject","inLanguage":"fr-FR","@id":"https:\/\/kapitalis.com\/tunisie\/#\/schema\/logo\/image\/","url":"https:\/\/kapitalis.com\/tunisie\/wp-content\/uploads\/2022\/05\/Kapitalis-big-size.png","contentUrl":"https:\/\/kapitalis.com\/tunisie\/wp-content\/uploads\/2022\/05\/Kapitalis-big-size.png","width":5000,"height":1500,"caption":"Kapitalis"},"image":{"@id":"https:\/\/kapitalis.com\/tunisie\/#\/schema\/logo\/image\/"},"sameAs":["https:\/\/www.facebook.com\/KapitalisInfo\/","https:\/\/x.com\/KapitalisInfo","https:\/\/www.youtube.com\/channel\/UC-yDYrHyfFBWWZaOw3FPg9Q"]},{"@type":"Person","@id":"https:\/\/kapitalis.com\/tunisie\/#\/schema\/person\/d71f33a9ca44f7bad4698210b480c8e9","name":"webmaster kapitalis","url":"https:\/\/kapitalis.com\/tunisie\/author\/webmaster-kapitalis\/"}]}},"_links":{"self":[{"href":"https:\/\/kapitalis.com\/tunisie\/wp-json\/wp\/v2\/posts\/344835","targetHints":{"allow":["GET"]}}],"collection":[{"href":"https:\/\/kapitalis.com\/tunisie\/wp-json\/wp\/v2\/posts"}],"about":[{"href":"https:\/\/kapitalis.com\/tunisie\/wp-json\/wp\/v2\/types\/post"}],"author":[{"embeddable":true,"href":"https:\/\/kapitalis.com\/tunisie\/wp-json\/wp\/v2\/users\/8"}],"replies":[{"embeddable":true,"href":"https:\/\/kapitalis.com\/tunisie\/wp-json\/wp\/v2\/comments?post=344835"}],"version-history":[{"count":0,"href":"https:\/\/kapitalis.com\/tunisie\/wp-json\/wp\/v2\/posts\/344835\/revisions"}],"wp:featuredmedia":[{"embeddable":true,"href":"https:\/\/kapitalis.com\/tunisie\/wp-json\/wp\/v2\/media\/344836"}],"wp:attachment":[{"href":"https:\/\/kapitalis.com\/tunisie\/wp-json\/wp\/v2\/media?parent=344835"}],"wp:term":[{"taxonomy":"category","embeddable":true,"href":"https:\/\/kapitalis.com\/tunisie\/wp-json\/wp\/v2\/categories?post=344835"},{"taxonomy":"post_tag","embeddable":true,"href":"https:\/\/kapitalis.com\/tunisie\/wp-json\/wp\/v2\/tags?post=344835"}],"curies":[{"name":"wp","href":"https:\/\/api.w.org\/{rel}","templated":true}]}}