{"id":345099,"date":"2021-04-11T10:23:26","date_gmt":"2021-04-11T09:23:26","guid":{"rendered":"http:\/\/kapitalis.com\/tunisie\/?p=345099"},"modified":"2021-04-11T22:03:35","modified_gmt":"2021-04-11T21:03:35","slug":"charite-et-politique-k2-rhym-le-nouveau-nabil-karoui","status":"publish","type":"post","link":"https:\/\/kapitalis.com\/tunisie\/2021\/04\/11\/charite-et-politique-k2-rhym-le-nouveau-nabil-karoui\/","title":{"rendered":"Charit\u00e9 et politique : K2 Rhym, le nouveau Nabil Karoui"},"content":{"rendered":"\n<figure class=\"wp-block-image size-large\"><img decoding=\"async\" src=\"http:\/\/kapitalis.com\/tunisie\/wp-content\/uploads\/2021\/04\/K2-Rhym-Charite.jpg\" alt=\"\" class=\"wp-image-345100\"\/><\/figure>\n\n\n\n<p><strong><em>Karim Gharbi, alias K2 (ex-K2 Rhym), un rappeur dont personne ne conna\u00eet le moindre succ\u00e8s au box-office et dont personne ne conna\u00eet non plus l\u2019origine de la fortune, est sur les pas du magnat de la t\u00e9l\u00e9vision et de la publicit\u00e9, Nabil Karoui, poursuivi en justice pour \u00e9vasion fiscale et blanchiment d\u2019argent. <a aria-label=\"undefined (s\u2019ouvre dans un nouvel onglet)\" href=\"https:\/\/www.facebook.com\/k2rhym\/videos\/285096039914235\" target=\"_blank\" rel=\"noreferrer noopener\">Vid\u00e9o.<\/a><\/em><\/strong><\/p>\n\n\n\n<p>Par<strong> Imed Bahri<\/strong><\/p>\n\n\n\n<!--more-->\n\n\n\n<p>En effet, K2 multiplie les passages sur les plateaux de t\u00e9l\u00e9vision et les studios des radios pour faire \u00e9talage de sa g\u00e9n\u00e9rosit\u00e9 et parler de ses actions caritatives aux quatre coins de la Tunisie : il \u00e9quipe les <a href=\"http:\/\/kapitalis.com\/tunisie\/2020\/12\/07\/tunisie-k2rhym-sengage-a-venir-en-aide-aux-ecoles-et-aux-hopitaux-publics\/\" target=\"_blank\" aria-label=\"undefined (s\u2019ouvre dans un nouvel onglet)\" rel=\"noreferrer noopener\">\u00e9coles et les h\u00f4pitaux publics<\/a>, donne des aides aux <a href=\"http:\/\/kapitalis.com\/tunisie\/2019\/05\/01\/k2rhym-sengage-a-aider-les-familles-et-les-enfants-des-ouvriers-agricoles-de-sabbala\/\" target=\"_blank\" aria-label=\"undefined (s\u2019ouvre dans un nouvel onglet)\" rel=\"noreferrer noopener\">familles n\u00e9cessiteuses<\/a>, se rend au chevet des enfants hospitalis\u00e9s&#8230; Le bon sens veut que l\u2019on se f\u00e9licite que, par ces temps de crise et de disette, il y ait des gens au grand c\u0153ur pour aider leur prochain dans le besoin. Sauf que, dans ce cas, il y a au moins trois b\u00e9mols.<\/p>\n\n\n\n<h3 class=\"wp-block-heading\">L\u2019action caritative au service des ambitions politiques<\/h3>\n\n\n\n<p>D\u2019abord, K2 semble embo\u00eeter le pas au patron de Nessma TV, qui a fait de l\u2019action caritative un moyen pour construire une image de bienfaiteur de l\u2019humanit\u00e9, d\u2019homme g\u00e9n\u00e9reux et proche des petites gens, qui met la main \u00e0 la poche pour aider les n\u00e9cessiteux et parer aux manquements de l\u2019Etat, incapable de satisfaire les besoins de la population, avec, derri\u00e8re la t\u00eate, comme souvent, un projet politique. Il s\u2019agit, on l\u2019a compris, de se construire une popularit\u00e9, pr\u00e9lude \u00e0 engagement futur en politique, sans pass\u00e9 militant, ni id\u00e9es ni programmes.<\/p>\n\n\n\n<p>Le parti islamiste Ennahdha, au pouvoir depuis 2011, a suivi ce m\u00eame sch\u00e9ma, en mettant \u00e0 contribution des centaines d\u2019associations caritatives aux financements douteux, souvent ext\u00e9rieurs, ainsi que les nombreux barons de la contrebande si\u00e9geant aujourd\u2019hui \u00e0 l\u2019Assembl\u00e9e des repr\u00e9sentants du peuple (ARP), qui se sont fait \u00e9lire dans leurs r\u00e9gions respectives en distribuant des liasses de billets ou en organisant des <em>\u00abzardas\u00bb <\/em>(banquets) pour les pauvres.<\/p>\n\n\n\n<p>Olfa Terres, d\u00e9put\u00e9e de Bizerte, avait opt\u00e9 pour une m\u00e9thode encore plus sophistiqu\u00e9e. Elle a cr\u00e9\u00e9 la Fondation Rambourg, avec l\u2019argent de son \u00e9poux fran\u00e7ais, pour mener des actions en faveur des artistes, des petits artisans et des jeunes dans les r\u00e9gions d\u00e9sh\u00e9rit\u00e9s\u2026 avant de cr\u00e9er son mouvement 3ich Tounsi, \u00e0 grand renfort de publicit\u00e9 et de communication sonnante et tr\u00e9buchante, et de s\u2019engager en politique, avec des r\u00e9sultats jusque-l\u00e0 mitig\u00e9s, les r\u00e9alisations \u00e9tant tr\u00e8s en-de\u00e7\u00e0 de la mise consentie.<\/p>\n\n\n\n<p>Pour revenir \u00e0 K2, le second b\u00e9mol a trait \u00e0 son pass\u00e9 pour le moins myst\u00e9rieux et obscur. Officiellement, c\u2019est un self made man, tr\u00e8s riche, qui se d\u00e9place \u00e0 bord d\u2018un jet priv\u00e9. Dans une \u00e9mission t\u00e9l\u00e9vis\u00e9e, il avait d\u00e9clar\u00e9 avoir roul\u00e9 sa bosse un peu partout. Il aurait \u00e9t\u00e9 ma\u00e7on, peintre et gar\u00e7on de caf\u00e9, en France et ailleurs, avant d\u2019amasser la fortune qu\u2019il affiche ostensiblement et dont on ne conna\u00eet pas l\u2019origine. Il n\u2019est pas un homme d\u2019affaires, on ne conna\u00eet pas de soci\u00e9t\u00e9s en son nom ni de grands projets lui ayant permis de devenir un milliardaire.<\/p>\n\n\n\n<p>Par ailleurs, K2 a \u00e9pous\u00e9, il y a quelques ann\u00e9es, <a href=\"http:\/\/kapitalis.com\/tunisie\/2018\/12\/23\/k2rhym-et-nesrine-ben-ali-le-rappeur-endurci-et-la-fille-du-president-dechu\/\" target=\"_blank\" aria-label=\"undefined (s\u2019ouvre dans un nouvel onglet)\" rel=\"noreferrer noopener\">Nesrine,<\/a> la fille de l\u2019ancien pr\u00e9sident Zine El Abidine Ben Ali, n\u00e9e de son second mariage avec Leila Trabselsi, et en a divorc\u00e9 dans des circonstances pour le moins myst\u00e9rieuses et dont il refuse de parler. L\u00e0 aussi, on est en droit de soup\u00e7onner, chez ce gar\u00e7on, une volont\u00e9 de construire une notori\u00e9t\u00e9 politique, qui pourrait lui \u00eatre utile \u00e0 terme, d\u2019autant que les prochaines \u00e9lections approchent : elles sont pr\u00e9vues en 2024.<\/p>\n\n\n\n<p>Il y a quelques semaines, le rappeur a encore fait une intrusion dans le champ politique en annon\u00e7ant avoir pris contact avec les autorit\u00e9s chinoises pour acheter une quantit\u00e9 de vaccins Sinovac, lancer la campagne de vaccination contre la pand\u00e9mie de la Covid-19, qui prend beaucoup de retard en Tunisie, et parer ainsi aux manquements du gouvernement. L&rsquo;information ne va pas tarder \u00e0 \u00eatre <a aria-label=\"undefined (s\u2019ouvre dans un nouvel onglet)\" href=\"http:\/\/kapitalis.com\/tunisie\/2021\/01\/12\/k2rhym-evoque-un-accord-pour-acquerir-le-vaccin-chinois-lambassade-de-chine-en-tunisie-repond\/\" target=\"_blank\" rel=\"noreferrer noopener\">d\u00e9mentie par l&rsquo;ambassade de Chine en Tunisie<\/a>.     <\/p>\n\n\n\n<h3 class=\"wp-block-heading\">Le p\u00e8re No\u00ebl est un rappeur<\/h3>\n\n\n\n<p>Hier, samedi 10 avril 2021, K2 a diffus\u00e9 une vid\u00e9o sur sa page Facebook o\u00f9 il s\u2019attaque au gouvernement, qui a annonc\u00e9 des mesures pr\u00e9ventives contre la pand\u00e9mie de la Covid-19, pr\u00e9voyant notamment la fermeture des caf\u00e9s, des restaurants, des souks hebdomadaires, etc., sans pr\u00e9voir, en m\u00eame temps, des compensations pour tous ceux et celles, travailleurs journaliers, qui vont \u00eatre ainsi priv\u00e9s de leurs seules ressources. Le pr\u00e9sum\u00e9 rappeur \u2013 c\u2019est ainsi en tout cas qu\u2019il est pr\u00e9sent\u00e9 par ces chers animateurs t\u00e9l\u00e9vis\u00e9s complaisants \u2013 promet de lancer une campagne d\u2019aide \u00e0 un grand nombre de ces gens. Autant dire qu\u2019il va remplacer un Etat d\u00e9faillant.<\/p>\n\n\n\n<p>Quand on sait les difficult\u00e9s auxquelles font face actuellement les finances publiques, on peut se demander si K2 ne va-t-il pas, demain, payer les salaires des employ\u00e9s de la fonction publique et les pensions de retraite. Tant qu\u2019\u00e0 faire\u2026<\/p>\n\n\n\n<p>Dans sa vid\u00e9o, K2 ajoute qu\u2019il ne se contentera pas des aides de ramadan, qui b\u00e9n\u00e9ficieront au plus grand nombre possible de gens, et qu\u2019il annoncera bient\u00f4t de grands projets (sic !) sans en dire plus, pr\u00e9cisant seulement que le premier de ces projets sera lanc\u00e9 dans le quartier o\u00f9 il a pass\u00e9 son enfance.<\/p>\n\n\n\n<p>Non vraiment, il y a quelque chose de bizarre dans tout ce que fait et entreprend cet homme et on est en droit d\u2019exprimer des doutes sur ses v\u00e9ritables intentions et d\u2019exiger qu\u2019il nous explique une fois pour toute l\u2019origine de sa fortune. Le fisc aussi doit savoir. Il est m\u00eame tenu d\u2019enqu\u00eater sur les sources de revenus de cet homme que l\u2019on risque de retrouver bient\u00f4t dans la course pour le Palais du Bardo ou m\u00eame pour celui de Carthage.<\/p>\n\n\n\n<p><strong><em><a aria-label=\"undefined (s\u2019ouvre dans un nouvel onglet)\" href=\"https:\/\/www.facebook.com\/k2rhym\/videos\/285096039914235\" target=\"_blank\" rel=\"noreferrer noopener\">Vid\u00e9o. <\/a><\/em><\/strong><\/p>\n\n\n\n<p><strong><em><a aria-label=\"undefined (s\u2019ouvre dans un nouvel onglet)\" href=\"https:\/\/k2rhym.com\/gallery\" target=\"_blank\" rel=\"noreferrer noopener\">Site officiel de K2 Rhym. <\/a><\/em><\/strong><\/p>\n\n\n\n<figure class=\"wp-block-embed is-type-wp-embed is-provider-kapitalis wp-block-embed-kapitalis\"><div class=\"wp-block-embed__wrapper\">\n<blockquote class=\"wp-embedded-content\" data-secret=\"8JvXq6fQxp\"><a href=\"https:\/\/kapitalis.com\/tunisie\/2018\/12\/23\/k2rhym-et-nesrine-ben-ali-le-rappeur-endurci-et-la-fille-du-president-dechu\/\">K2Rhym et Nesrine Ben Ali : Le rappeur endurci et la fille du pr\u00e9sident d\u00e9chu<\/a><\/blockquote><iframe loading=\"lazy\" class=\"wp-embedded-content\" sandbox=\"allow-scripts\" security=\"restricted\" style=\"position: absolute; clip: rect(1px, 1px, 1px, 1px);\" title=\"\u00ab\u00a0K2Rhym et Nesrine Ben Ali : Le rappeur endurci et la fille du pr\u00e9sident d\u00e9chu\u00a0\u00bb &#8212; Kapitalis\" src=\"https:\/\/kapitalis.com\/tunisie\/2018\/12\/23\/k2rhym-et-nesrine-ben-ali-le-rappeur-endurci-et-la-fille-du-president-dechu\/embed\/#?secret=2On2KgKJYd#?secret=8JvXq6fQxp\" data-secret=\"8JvXq6fQxp\" width=\"600\" height=\"338\" frameborder=\"0\" marginwidth=\"0\" marginheight=\"0\" scrolling=\"no\"><\/iframe>\n<\/div><\/figure>\n\n\n\n<figure class=\"wp-block-embed is-type-wp-embed is-provider-kapitalis wp-block-embed-kapitalis\"><div class=\"wp-block-embed__wrapper\">\n<blockquote class=\"wp-embedded-content\" data-secret=\"yD5oEe3OUj\"><a href=\"https:\/\/kapitalis.com\/tunisie\/2020\/03\/17\/coronavirus-ou-sont-passes-les-adeptes-de-la-charite-electorale\/\">Coronavirus : O\u00f9 sont pass\u00e9s les adeptes de la charit\u00e9 \u00e9lectorale ?<\/a><\/blockquote><iframe loading=\"lazy\" class=\"wp-embedded-content\" sandbox=\"allow-scripts\" security=\"restricted\" style=\"position: absolute; clip: rect(1px, 1px, 1px, 1px);\" title=\"\u00ab\u00a0Coronavirus : O\u00f9 sont pass\u00e9s les adeptes de la charit\u00e9 \u00e9lectorale ?\u00a0\u00bb &#8212; Kapitalis\" src=\"https:\/\/kapitalis.com\/tunisie\/2020\/03\/17\/coronavirus-ou-sont-passes-les-adeptes-de-la-charite-electorale\/embed\/#?secret=pdzb2rg9oI#?secret=yD5oEe3OUj\" data-secret=\"yD5oEe3OUj\" width=\"600\" height=\"338\" frameborder=\"0\" marginwidth=\"0\" marginheight=\"0\" scrolling=\"no\"><\/iframe>\n<\/div><\/figure>\n","protected":false},"excerpt":{"rendered":"<p>Karim Gharbi, alias K2 (ex-K2 Rhym), un rappeur dont personne ne conna\u00eet le moindre succ\u00e8s au box-office et dont personne ne conna\u00eet non plus l\u2019origine de la fortune, est sur les pas du magnat de la t\u00e9l\u00e9vision et de la publicit\u00e9, Nabil Karoui, poursuivi en justice pour \u00e9vasion fiscale et blanchiment d\u2019argent. Vid\u00e9o. Par Imed&#8230;<\/p>\n","protected":false},"author":8,"featured_media":345100,"comment_status":"open","ping_status":"open","sticky":false,"template":"","format":"standard","meta":{"footnotes":""},"categories":[992,997,2433],"tags":[65591,89217,49543,89216,76683,89219,651,26778,89218,7334],"class_list":["post-345099","post","type-post","status-publish","format-standard","has-post-thumbnail","hentry","category-a-la-une","category-politique","category-tunisie","tag-3ich-tounsi","tag-action-caritative","tag-ennahdha","tag-k2-rhym","tag-karim-gharbi","tag-leila-trabselsi","tag-nabil-karoui","tag-nesrine-ben-ali","tag-olfa-terres","tag-zine-el-abidine-ben-ali"],"yoast_head":"<!-- This site is optimized with the Yoast SEO plugin v26.6 - https:\/\/yoast.com\/wordpress\/plugins\/seo\/ -->\n<title>Charit\u00e9 et politique : K2 Rhym, le nouveau Nabil Karoui - Kapitalis<\/title>\n<meta name=\"robots\" content=\"index, follow, max-snippet:-1, max-image-preview:large, max-video-preview:-1\" \/>\n<link rel=\"canonical\" href=\"https:\/\/kapitalis.com\/tunisie\/2021\/04\/11\/charite-et-politique-k2-rhym-le-nouveau-nabil-karoui\/\" \/>\n<meta property=\"og:locale\" content=\"fr_FR\" \/>\n<meta property=\"og:type\" content=\"article\" \/>\n<meta property=\"og:title\" content=\"Charit\u00e9 et politique : K2 Rhym, le nouveau Nabil Karoui - Kapitalis\" \/>\n<meta property=\"og:description\" content=\"Karim Gharbi, alias K2 (ex-K2 Rhym), un rappeur dont personne ne conna\u00eet le moindre succ\u00e8s au box-office et dont personne ne conna\u00eet non plus l\u2019origine de la fortune, est sur les pas du magnat de la t\u00e9l\u00e9vision et de la publicit\u00e9, Nabil Karoui, poursuivi en justice pour \u00e9vasion fiscale et blanchiment d\u2019argent. Vid\u00e9o. Par Imed...\" \/>\n<meta property=\"og:url\" content=\"https:\/\/kapitalis.com\/tunisie\/2021\/04\/11\/charite-et-politique-k2-rhym-le-nouveau-nabil-karoui\/\" \/>\n<meta property=\"og:site_name\" content=\"Kapitalis\" \/>\n<meta property=\"article:publisher\" content=\"https:\/\/www.facebook.com\/KapitalisInfo\/\" \/>\n<meta property=\"article:published_time\" content=\"2021-04-11T09:23:26+00:00\" \/>\n<meta property=\"article:modified_time\" content=\"2021-04-11T21:03:35+00:00\" \/>\n<meta property=\"og:image\" content=\"https:\/\/kapitalis.com\/tunisie\/wp-content\/uploads\/2022\/05\/kapitalis-logo-fb.png\" \/>\n\t<meta property=\"og:image:width\" content=\"1200\" \/>\n\t<meta property=\"og:image:height\" content=\"630\" \/>\n\t<meta property=\"og:image:type\" content=\"image\/png\" \/>\n<meta name=\"author\" content=\"webmaster kapitalis\" \/>\n<meta name=\"twitter:card\" content=\"summary_large_image\" \/>\n<meta name=\"twitter:creator\" content=\"@KapitalisInfo\" \/>\n<meta name=\"twitter:site\" content=\"@KapitalisInfo\" \/>\n<meta name=\"twitter:label1\" content=\"\u00c9crit par\" \/>\n\t<meta name=\"twitter:data1\" content=\"webmaster kapitalis\" \/>\n\t<meta name=\"twitter:label2\" content=\"Dur\u00e9e de lecture estim\u00e9e\" \/>\n\t<meta name=\"twitter:data2\" content=\"5 minutes\" \/>\n<script type=\"application\/ld+json\" class=\"yoast-schema-graph\">{\"@context\":\"https:\/\/schema.org\",\"@graph\":[{\"@type\":\"Article\",\"@id\":\"https:\/\/kapitalis.com\/tunisie\/2021\/04\/11\/charite-et-politique-k2-rhym-le-nouveau-nabil-karoui\/#article\",\"isPartOf\":{\"@id\":\"https:\/\/kapitalis.com\/tunisie\/2021\/04\/11\/charite-et-politique-k2-rhym-le-nouveau-nabil-karoui\/\"},\"author\":{\"name\":\"webmaster kapitalis\",\"@id\":\"https:\/\/kapitalis.com\/tunisie\/#\/schema\/person\/d71f33a9ca44f7bad4698210b480c8e9\"},\"headline\":\"Charit\u00e9 et politique : K2 Rhym, le nouveau Nabil Karoui\",\"datePublished\":\"2021-04-11T09:23:26+00:00\",\"dateModified\":\"2021-04-11T21:03:35+00:00\",\"mainEntityOfPage\":{\"@id\":\"https:\/\/kapitalis.com\/tunisie\/2021\/04\/11\/charite-et-politique-k2-rhym-le-nouveau-nabil-karoui\/\"},\"wordCount\":1088,\"commentCount\":1,\"publisher\":{\"@id\":\"https:\/\/kapitalis.com\/tunisie\/#organization\"},\"image\":{\"@id\":\"https:\/\/kapitalis.com\/tunisie\/2021\/04\/11\/charite-et-politique-k2-rhym-le-nouveau-nabil-karoui\/#primaryimage\"},\"thumbnailUrl\":\"\",\"keywords\":[\"3ich Tounsi\",\"action caritative\",\"Ennahdha\",\"K2 Rhym\",\"Karim Gharbi\",\"Leila Trabselsi\",\"Nabil Karoui\",\"Nesrine Ben Ali\",\"Olfa Terres\",\"Zine El Abidine Ben Ali\"],\"articleSection\":[\"A LA UNE\",\"POLITIQUE\",\"Tunisie\"],\"inLanguage\":\"fr-FR\",\"potentialAction\":[{\"@type\":\"CommentAction\",\"name\":\"Comment\",\"target\":[\"https:\/\/kapitalis.com\/tunisie\/2021\/04\/11\/charite-et-politique-k2-rhym-le-nouveau-nabil-karoui\/#respond\"]}]},{\"@type\":\"WebPage\",\"@id\":\"https:\/\/kapitalis.com\/tunisie\/2021\/04\/11\/charite-et-politique-k2-rhym-le-nouveau-nabil-karoui\/\",\"url\":\"https:\/\/kapitalis.com\/tunisie\/2021\/04\/11\/charite-et-politique-k2-rhym-le-nouveau-nabil-karoui\/\",\"name\":\"Charit\u00e9 et politique : K2 Rhym, le nouveau Nabil Karoui - Kapitalis\",\"isPartOf\":{\"@id\":\"https:\/\/kapitalis.com\/tunisie\/#website\"},\"primaryImageOfPage\":{\"@id\":\"https:\/\/kapitalis.com\/tunisie\/2021\/04\/11\/charite-et-politique-k2-rhym-le-nouveau-nabil-karoui\/#primaryimage\"},\"image\":{\"@id\":\"https:\/\/kapitalis.com\/tunisie\/2021\/04\/11\/charite-et-politique-k2-rhym-le-nouveau-nabil-karoui\/#primaryimage\"},\"thumbnailUrl\":\"\",\"datePublished\":\"2021-04-11T09:23:26+00:00\",\"dateModified\":\"2021-04-11T21:03:35+00:00\",\"breadcrumb\":{\"@id\":\"https:\/\/kapitalis.com\/tunisie\/2021\/04\/11\/charite-et-politique-k2-rhym-le-nouveau-nabil-karoui\/#breadcrumb\"},\"inLanguage\":\"fr-FR\",\"potentialAction\":[{\"@type\":\"ReadAction\",\"target\":[\"https:\/\/kapitalis.com\/tunisie\/2021\/04\/11\/charite-et-politique-k2-rhym-le-nouveau-nabil-karoui\/\"]}]},{\"@type\":\"ImageObject\",\"inLanguage\":\"fr-FR\",\"@id\":\"https:\/\/kapitalis.com\/tunisie\/2021\/04\/11\/charite-et-politique-k2-rhym-le-nouveau-nabil-karoui\/#primaryimage\",\"url\":\"\",\"contentUrl\":\"\"},{\"@type\":\"BreadcrumbList\",\"@id\":\"https:\/\/kapitalis.com\/tunisie\/2021\/04\/11\/charite-et-politique-k2-rhym-le-nouveau-nabil-karoui\/#breadcrumb\",\"itemListElement\":[{\"@type\":\"ListItem\",\"position\":1,\"name\":\"Accueil\",\"item\":\"https:\/\/kapitalis.com\/tunisie\/\"},{\"@type\":\"ListItem\",\"position\":2,\"name\":\"Charit\u00e9 et politique : K2 Rhym, le nouveau Nabil Karoui\"}]},{\"@type\":\"WebSite\",\"@id\":\"https:\/\/kapitalis.com\/tunisie\/#website\",\"url\":\"https:\/\/kapitalis.com\/tunisie\/\",\"name\":\"Kapitalis\",\"description\":\"L&#039;actualit\u00e9 en Tunisie et dans le monde\",\"publisher\":{\"@id\":\"https:\/\/kapitalis.com\/tunisie\/#organization\"},\"potentialAction\":[{\"@type\":\"SearchAction\",\"target\":{\"@type\":\"EntryPoint\",\"urlTemplate\":\"https:\/\/kapitalis.com\/tunisie\/?s={search_term_string}\"},\"query-input\":{\"@type\":\"PropertyValueSpecification\",\"valueRequired\":true,\"valueName\":\"search_term_string\"}}],\"inLanguage\":\"fr-FR\"},{\"@type\":\"Organization\",\"@id\":\"https:\/\/kapitalis.com\/tunisie\/#organization\",\"name\":\"Kapitalis\",\"url\":\"https:\/\/kapitalis.com\/tunisie\/\",\"logo\":{\"@type\":\"ImageObject\",\"inLanguage\":\"fr-FR\",\"@id\":\"https:\/\/kapitalis.com\/tunisie\/#\/schema\/logo\/image\/\",\"url\":\"https:\/\/kapitalis.com\/tunisie\/wp-content\/uploads\/2022\/05\/Kapitalis-big-size.png\",\"contentUrl\":\"https:\/\/kapitalis.com\/tunisie\/wp-content\/uploads\/2022\/05\/Kapitalis-big-size.png\",\"width\":5000,\"height\":1500,\"caption\":\"Kapitalis\"},\"image\":{\"@id\":\"https:\/\/kapitalis.com\/tunisie\/#\/schema\/logo\/image\/\"},\"sameAs\":[\"https:\/\/www.facebook.com\/KapitalisInfo\/\",\"https:\/\/x.com\/KapitalisInfo\",\"https:\/\/www.youtube.com\/channel\/UC-yDYrHyfFBWWZaOw3FPg9Q\"]},{\"@type\":\"Person\",\"@id\":\"https:\/\/kapitalis.com\/tunisie\/#\/schema\/person\/d71f33a9ca44f7bad4698210b480c8e9\",\"name\":\"webmaster kapitalis\",\"url\":\"https:\/\/kapitalis.com\/tunisie\/author\/webmaster-kapitalis\/\"}]}<\/script>\n<!-- \/ Yoast SEO plugin. -->","yoast_head_json":{"title":"Charit\u00e9 et politique : K2 Rhym, le nouveau Nabil Karoui - Kapitalis","robots":{"index":"index","follow":"follow","max-snippet":"max-snippet:-1","max-image-preview":"max-image-preview:large","max-video-preview":"max-video-preview:-1"},"canonical":"https:\/\/kapitalis.com\/tunisie\/2021\/04\/11\/charite-et-politique-k2-rhym-le-nouveau-nabil-karoui\/","og_locale":"fr_FR","og_type":"article","og_title":"Charit\u00e9 et politique : K2 Rhym, le nouveau Nabil Karoui - Kapitalis","og_description":"Karim Gharbi, alias K2 (ex-K2 Rhym), un rappeur dont personne ne conna\u00eet le moindre succ\u00e8s au box-office et dont personne ne conna\u00eet non plus l\u2019origine de la fortune, est sur les pas du magnat de la t\u00e9l\u00e9vision et de la publicit\u00e9, Nabil Karoui, poursuivi en justice pour \u00e9vasion fiscale et blanchiment d\u2019argent. Vid\u00e9o. Par Imed...","og_url":"https:\/\/kapitalis.com\/tunisie\/2021\/04\/11\/charite-et-politique-k2-rhym-le-nouveau-nabil-karoui\/","og_site_name":"Kapitalis","article_publisher":"https:\/\/www.facebook.com\/KapitalisInfo\/","article_published_time":"2021-04-11T09:23:26+00:00","article_modified_time":"2021-04-11T21:03:35+00:00","og_image":[{"width":1200,"height":630,"url":"https:\/\/kapitalis.com\/tunisie\/wp-content\/uploads\/2022\/05\/kapitalis-logo-fb.png","type":"image\/png"}],"author":"webmaster kapitalis","twitter_card":"summary_large_image","twitter_creator":"@KapitalisInfo","twitter_site":"@KapitalisInfo","twitter_misc":{"\u00c9crit par":"webmaster kapitalis","Dur\u00e9e de lecture estim\u00e9e":"5 minutes"},"schema":{"@context":"https:\/\/schema.org","@graph":[{"@type":"Article","@id":"https:\/\/kapitalis.com\/tunisie\/2021\/04\/11\/charite-et-politique-k2-rhym-le-nouveau-nabil-karoui\/#article","isPartOf":{"@id":"https:\/\/kapitalis.com\/tunisie\/2021\/04\/11\/charite-et-politique-k2-rhym-le-nouveau-nabil-karoui\/"},"author":{"name":"webmaster kapitalis","@id":"https:\/\/kapitalis.com\/tunisie\/#\/schema\/person\/d71f33a9ca44f7bad4698210b480c8e9"},"headline":"Charit\u00e9 et politique : K2 Rhym, le nouveau Nabil Karoui","datePublished":"2021-04-11T09:23:26+00:00","dateModified":"2021-04-11T21:03:35+00:00","mainEntityOfPage":{"@id":"https:\/\/kapitalis.com\/tunisie\/2021\/04\/11\/charite-et-politique-k2-rhym-le-nouveau-nabil-karoui\/"},"wordCount":1088,"commentCount":1,"publisher":{"@id":"https:\/\/kapitalis.com\/tunisie\/#organization"},"image":{"@id":"https:\/\/kapitalis.com\/tunisie\/2021\/04\/11\/charite-et-politique-k2-rhym-le-nouveau-nabil-karoui\/#primaryimage"},"thumbnailUrl":"","keywords":["3ich Tounsi","action caritative","Ennahdha","K2 Rhym","Karim Gharbi","Leila Trabselsi","Nabil Karoui","Nesrine Ben Ali","Olfa Terres","Zine El Abidine Ben Ali"],"articleSection":["A LA UNE","POLITIQUE","Tunisie"],"inLanguage":"fr-FR","potentialAction":[{"@type":"CommentAction","name":"Comment","target":["https:\/\/kapitalis.com\/tunisie\/2021\/04\/11\/charite-et-politique-k2-rhym-le-nouveau-nabil-karoui\/#respond"]}]},{"@type":"WebPage","@id":"https:\/\/kapitalis.com\/tunisie\/2021\/04\/11\/charite-et-politique-k2-rhym-le-nouveau-nabil-karoui\/","url":"https:\/\/kapitalis.com\/tunisie\/2021\/04\/11\/charite-et-politique-k2-rhym-le-nouveau-nabil-karoui\/","name":"Charit\u00e9 et politique : K2 Rhym, le nouveau Nabil Karoui - Kapitalis","isPartOf":{"@id":"https:\/\/kapitalis.com\/tunisie\/#website"},"primaryImageOfPage":{"@id":"https:\/\/kapitalis.com\/tunisie\/2021\/04\/11\/charite-et-politique-k2-rhym-le-nouveau-nabil-karoui\/#primaryimage"},"image":{"@id":"https:\/\/kapitalis.com\/tunisie\/2021\/04\/11\/charite-et-politique-k2-rhym-le-nouveau-nabil-karoui\/#primaryimage"},"thumbnailUrl":"","datePublished":"2021-04-11T09:23:26+00:00","dateModified":"2021-04-11T21:03:35+00:00","breadcrumb":{"@id":"https:\/\/kapitalis.com\/tunisie\/2021\/04\/11\/charite-et-politique-k2-rhym-le-nouveau-nabil-karoui\/#breadcrumb"},"inLanguage":"fr-FR","potentialAction":[{"@type":"ReadAction","target":["https:\/\/kapitalis.com\/tunisie\/2021\/04\/11\/charite-et-politique-k2-rhym-le-nouveau-nabil-karoui\/"]}]},{"@type":"ImageObject","inLanguage":"fr-FR","@id":"https:\/\/kapitalis.com\/tunisie\/2021\/04\/11\/charite-et-politique-k2-rhym-le-nouveau-nabil-karoui\/#primaryimage","url":"","contentUrl":""},{"@type":"BreadcrumbList","@id":"https:\/\/kapitalis.com\/tunisie\/2021\/04\/11\/charite-et-politique-k2-rhym-le-nouveau-nabil-karoui\/#breadcrumb","itemListElement":[{"@type":"ListItem","position":1,"name":"Accueil","item":"https:\/\/kapitalis.com\/tunisie\/"},{"@type":"ListItem","position":2,"name":"Charit\u00e9 et politique : K2 Rhym, le nouveau Nabil Karoui"}]},{"@type":"WebSite","@id":"https:\/\/kapitalis.com\/tunisie\/#website","url":"https:\/\/kapitalis.com\/tunisie\/","name":"Kapitalis","description":"L&#039;actualit\u00e9 en Tunisie et dans le monde","publisher":{"@id":"https:\/\/kapitalis.com\/tunisie\/#organization"},"potentialAction":[{"@type":"SearchAction","target":{"@type":"EntryPoint","urlTemplate":"https:\/\/kapitalis.com\/tunisie\/?s={search_term_string}"},"query-input":{"@type":"PropertyValueSpecification","valueRequired":true,"valueName":"search_term_string"}}],"inLanguage":"fr-FR"},{"@type":"Organization","@id":"https:\/\/kapitalis.com\/tunisie\/#organization","name":"Kapitalis","url":"https:\/\/kapitalis.com\/tunisie\/","logo":{"@type":"ImageObject","inLanguage":"fr-FR","@id":"https:\/\/kapitalis.com\/tunisie\/#\/schema\/logo\/image\/","url":"https:\/\/kapitalis.com\/tunisie\/wp-content\/uploads\/2022\/05\/Kapitalis-big-size.png","contentUrl":"https:\/\/kapitalis.com\/tunisie\/wp-content\/uploads\/2022\/05\/Kapitalis-big-size.png","width":5000,"height":1500,"caption":"Kapitalis"},"image":{"@id":"https:\/\/kapitalis.com\/tunisie\/#\/schema\/logo\/image\/"},"sameAs":["https:\/\/www.facebook.com\/KapitalisInfo\/","https:\/\/x.com\/KapitalisInfo","https:\/\/www.youtube.com\/channel\/UC-yDYrHyfFBWWZaOw3FPg9Q"]},{"@type":"Person","@id":"https:\/\/kapitalis.com\/tunisie\/#\/schema\/person\/d71f33a9ca44f7bad4698210b480c8e9","name":"webmaster kapitalis","url":"https:\/\/kapitalis.com\/tunisie\/author\/webmaster-kapitalis\/"}]}},"_links":{"self":[{"href":"https:\/\/kapitalis.com\/tunisie\/wp-json\/wp\/v2\/posts\/345099","targetHints":{"allow":["GET"]}}],"collection":[{"href":"https:\/\/kapitalis.com\/tunisie\/wp-json\/wp\/v2\/posts"}],"about":[{"href":"https:\/\/kapitalis.com\/tunisie\/wp-json\/wp\/v2\/types\/post"}],"author":[{"embeddable":true,"href":"https:\/\/kapitalis.com\/tunisie\/wp-json\/wp\/v2\/users\/8"}],"replies":[{"embeddable":true,"href":"https:\/\/kapitalis.com\/tunisie\/wp-json\/wp\/v2\/comments?post=345099"}],"version-history":[{"count":0,"href":"https:\/\/kapitalis.com\/tunisie\/wp-json\/wp\/v2\/posts\/345099\/revisions"}],"wp:featuredmedia":[{"embeddable":true,"href":"https:\/\/kapitalis.com\/tunisie\/wp-json\/wp\/v2\/media\/345100"}],"wp:attachment":[{"href":"https:\/\/kapitalis.com\/tunisie\/wp-json\/wp\/v2\/media?parent=345099"}],"wp:term":[{"taxonomy":"category","embeddable":true,"href":"https:\/\/kapitalis.com\/tunisie\/wp-json\/wp\/v2\/categories?post=345099"},{"taxonomy":"post_tag","embeddable":true,"href":"https:\/\/kapitalis.com\/tunisie\/wp-json\/wp\/v2\/tags?post=345099"}],"curies":[{"name":"wp","href":"https:\/\/api.w.org\/{rel}","templated":true}]}}